{"id":93282,"date":"2023-08-11T19:48:35","date_gmt":"2023-08-11T22:48:35","guid":{"rendered":"https:\/\/regiaonews.net.br\/2022\/?p=93282"},"modified":"2023-08-11T19:48:35","modified_gmt":"2023-08-11T22:48:35","slug":"reurbanizacao-do-parque-dos-lagos-avanca-com-a-construcao-das-estruturas-dos-decks-e-inicio-das-obras-do-novo-banheiro","status":"publish","type":"post","link":"https:\/\/regiaonews.net.br\/2022\/2023\/08\/11\/reurbanizacao-do-parque-dos-lagos-avanca-com-a-construcao-das-estruturas-dos-decks-e-inicio-das-obras-do-novo-banheiro\/","title":{"rendered":"Reurbaniza\u00e7\u00e3o do Parque dos Lagos avan\u00e7a com a constru\u00e7\u00e3o das estruturas dos decks e in\u00edcio das obras do novo banheiro"},"content":{"rendered":"<p>&nbsp;<\/p>\n<p>Projeto tem como proposta transformar o local em atra\u00e7\u00e3o tur\u00edstica<\/p>\n<p>&nbsp;<\/p>\n<p>A Prefeitura da Est\u00e2ncia Tur\u00edstica de Barretos, por meio da Secretaria Municipal de Obras e Servi\u00e7os Urbanos, informa o avan\u00e7o das obras de reurbaniza\u00e7\u00e3o da Regi\u00e3o dos Lagos. O projeto, que conta com a instala\u00e7\u00e3o de 15 decks, sendo um deles adaptado para pedalinhos, nas duas primeiras represas, tamb\u00e9m \u00e9 composto por novo banheiro e guarita, e transformar\u00e1 o espa\u00e7o no \u201cParque dos Lagos\u201d, com a proposta de turismo o ano inteiro.<\/p>\n<p>O secret\u00e1rio de Obras, Pl\u00e1cido Martins Junior, informou que quatro dos oito decks do primeiro lago j\u00e1 est\u00e3o com as estruturas de concreto 100% finalizadas. \u201cOs quatro decks do primeiro lago, com acesso pela Avenida Centen\u00e1rio da Aboli\u00e7\u00e3o, j\u00e1 aguardam as ferragens para posterior coloca\u00e7\u00e3o do piso de madeira. J\u00e1 os outros quatro, ao lado da Avenida 25 de Agosto, est\u00e3o com a funda\u00e7\u00e3o feita para receber os pilares\u201d, explicou.<\/p>\n<p>No segundo lago, o sistema de lazer ser\u00e1 composto por outros sete decks, sendo um deles pr\u00f3prio para pedalinhos, e um novo banheiro com acessibilidade. \u201cNa segunda represa, j\u00e1 fizemos o contrapiso e iniciamos as paredes do novo banheiro. Os servi\u00e7os de funda\u00e7\u00e3o dos outros decks e do pedalinho tamb\u00e9m j\u00e1 est\u00e3o conclu\u00eddos\u201d, completou. De acordo com o projeto, entre as duas represas, tamb\u00e9m ser\u00e1 erguida uma guarita de seguran\u00e7a.<\/p>\n<p>O investimento na reurbaniza\u00e7\u00e3o do \u201cParque dos Lagos\u201d \u00e9 de quase R$ 4 milh\u00f5es, sendo R$3.757.086,26 em repasse por meio de conv\u00eanio com a Secretaria de Turismo e Viagens do Estado de S\u00e3o Paulo, atrav\u00e9s do Departamento de Apoio ao Desenvolvimento dos Munic\u00edpios Tur\u00edsticos \u2013 Dadetur, mais contrapartida municipal de R$194.961,34.<\/p>\n","protected":false},"excerpt":{"rendered":"<p>&nbsp; Projeto tem como proposta transformar o local em atra\u00e7\u00e3o<\/p>\n","protected":false},"author":2,"featured_media":93284,"comment_status":"open","ping_status":"open","sticky":false,"template":"","format":"standard","meta":{"footnotes":""},"categories":[14,25],"tags":[],"class_list":["post-93282","post","type-post","status-publish","format-standard","has-post-thumbnail","hentry","category-barretos","category-cidades"],"yoast_head":"<!-- This site is optimized with the Yoast SEO plugin v27.4 - https:\/\/yoast.com\/product\/yoast-seo-wordpress\/ -->\n<title>Reurbaniza\u00e7\u00e3o do Parque dos Lagos avan\u00e7a com a constru\u00e7\u00e3o das estruturas dos decks e in\u00edcio das obras do novo banheiro - Regi\u00e3o News<\/title>\n<meta name=\"robots\" content=\"index, follow, max-snippet:-1, max-image-preview:large, max-video-preview:-1\" \/>\n<link rel=\"canonical\" href=\"https:\/\/regiaonews.net.br\/2022\/2023\/08\/11\/reurbanizacao-do-parque-dos-lagos-avanca-com-a-construcao-das-estruturas-dos-decks-e-inicio-das-obras-do-novo-banheiro\/\" \/>\n<meta property=\"og:locale\" content=\"pt_BR\" \/>\n<meta property=\"og:type\" content=\"article\" \/>\n<meta property=\"og:title\" content=\"Reurbaniza\u00e7\u00e3o do Parque dos Lagos avan\u00e7a com a constru\u00e7\u00e3o das estruturas dos decks e in\u00edcio das obras do novo banheiro - Regi\u00e3o News\" \/>\n<meta property=\"og:description\" content=\"&nbsp; Projeto tem como proposta transformar o local em atra\u00e7\u00e3o\" \/>\n<meta property=\"og:url\" content=\"https:\/\/regiaonews.net.br\/2022\/2023\/08\/11\/reurbanizacao-do-parque-dos-lagos-avanca-com-a-construcao-das-estruturas-dos-decks-e-inicio-das-obras-do-novo-banheiro\/\" \/>\n<meta property=\"og:site_name\" content=\"Regi\u00e3o News\" \/>\n<meta property=\"article:published_time\" content=\"2023-08-11T22:48:35+00:00\" \/>\n<meta property=\"og:image\" content=\"https:\/\/regiaonews.net.br\/2022\/wp-content\/uploads\/2023\/08\/WhatsApp-Image-2023-08-11-at-18.57.31.jpeg\" \/>\n\t<meta property=\"og:image:width\" content=\"1600\" \/>\n\t<meta property=\"og:image:height\" content=\"901\" \/>\n\t<meta property=\"og:image:type\" content=\"image\/jpeg\" \/>\n<meta name=\"author\" content=\"Roberto\" \/>\n<meta name=\"twitter:card\" content=\"summary_large_image\" \/>\n<meta name=\"twitter:label1\" content=\"Escrito por\" \/>\n\t<meta name=\"twitter:data1\" content=\"Roberto\" \/>\n\t<meta name=\"twitter:label2\" content=\"Est. tempo de leitura\" \/>\n\t<meta name=\"twitter:data2\" content=\"2 minutos\" \/>\n<script type=\"application\/ld+json\" class=\"yoast-schema-graph\">{\"@context\":\"https:\\\/\\\/schema.org\",\"@graph\":[{\"@type\":\"Article\",\"@id\":\"https:\\\/\\\/regiaonews.net.br\\\/2022\\\/2023\\\/08\\\/11\\\/reurbanizacao-do-parque-dos-lagos-avanca-com-a-construcao-das-estruturas-dos-decks-e-inicio-das-obras-do-novo-banheiro\\\/#article\",\"isPartOf\":{\"@id\":\"https:\\\/\\\/regiaonews.net.br\\\/2022\\\/2023\\\/08\\\/11\\\/reurbanizacao-do-parque-dos-lagos-avanca-com-a-construcao-das-estruturas-dos-decks-e-inicio-das-obras-do-novo-banheiro\\\/\"},\"author\":{\"name\":\"Roberto\",\"@id\":\"https:\\\/\\\/regiaonews.net.br\\\/2022\\\/#\\\/schema\\\/person\\\/2d205a608a5aa97ac279d7a5e6d89ad8\"},\"headline\":\"Reurbaniza\u00e7\u00e3o do Parque dos Lagos avan\u00e7a com a constru\u00e7\u00e3o das estruturas dos decks e in\u00edcio das obras do novo banheiro\",\"datePublished\":\"2023-08-11T22:48:35+00:00\",\"mainEntityOfPage\":{\"@id\":\"https:\\\/\\\/regiaonews.net.br\\\/2022\\\/2023\\\/08\\\/11\\\/reurbanizacao-do-parque-dos-lagos-avanca-com-a-construcao-das-estruturas-dos-decks-e-inicio-das-obras-do-novo-banheiro\\\/\"},\"wordCount\":326,\"commentCount\":0,\"publisher\":{\"@id\":\"https:\\\/\\\/regiaonews.net.br\\\/2022\\\/#organization\"},\"image\":{\"@id\":\"https:\\\/\\\/regiaonews.net.br\\\/2022\\\/2023\\\/08\\\/11\\\/reurbanizacao-do-parque-dos-lagos-avanca-com-a-construcao-das-estruturas-dos-decks-e-inicio-das-obras-do-novo-banheiro\\\/#primaryimage\"},\"thumbnailUrl\":\"https:\\\/\\\/regiaonews.net.br\\\/2022\\\/wp-content\\\/uploads\\\/2023\\\/08\\\/WhatsApp-Image-2023-08-11-at-18.57.31.jpeg\",\"articleSection\":[\"Barretos\",\"Cidades\"],\"inLanguage\":\"pt-BR\",\"potentialAction\":[{\"@type\":\"CommentAction\",\"name\":\"Comment\",\"target\":[\"https:\\\/\\\/regiaonews.net.br\\\/2022\\\/2023\\\/08\\\/11\\\/reurbanizacao-do-parque-dos-lagos-avanca-com-a-construcao-das-estruturas-dos-decks-e-inicio-das-obras-do-novo-banheiro\\\/#respond\"]}]},{\"@type\":\"WebPage\",\"@id\":\"https:\\\/\\\/regiaonews.net.br\\\/2022\\\/2023\\\/08\\\/11\\\/reurbanizacao-do-parque-dos-lagos-avanca-com-a-construcao-das-estruturas-dos-decks-e-inicio-das-obras-do-novo-banheiro\\\/\",\"url\":\"https:\\\/\\\/regiaonews.net.br\\\/2022\\\/2023\\\/08\\\/11\\\/reurbanizacao-do-parque-dos-lagos-avanca-com-a-construcao-das-estruturas-dos-decks-e-inicio-das-obras-do-novo-banheiro\\\/\",\"name\":\"Reurbaniza\u00e7\u00e3o do Parque dos Lagos avan\u00e7a com a constru\u00e7\u00e3o das estruturas dos decks e in\u00edcio das obras do novo banheiro - Regi\u00e3o News\",\"isPartOf\":{\"@id\":\"https:\\\/\\\/regiaonews.net.br\\\/2022\\\/#website\"},\"primaryImageOfPage\":{\"@id\":\"https:\\\/\\\/regiaonews.net.br\\\/2022\\\/2023\\\/08\\\/11\\\/reurbanizacao-do-parque-dos-lagos-avanca-com-a-construcao-das-estruturas-dos-decks-e-inicio-das-obras-do-novo-banheiro\\\/#primaryimage\"},\"image\":{\"@id\":\"https:\\\/\\\/regiaonews.net.br\\\/2022\\\/2023\\\/08\\\/11\\\/reurbanizacao-do-parque-dos-lagos-avanca-com-a-construcao-das-estruturas-dos-decks-e-inicio-das-obras-do-novo-banheiro\\\/#primaryimage\"},\"thumbnailUrl\":\"https:\\\/\\\/regiaonews.net.br\\\/2022\\\/wp-content\\\/uploads\\\/2023\\\/08\\\/WhatsApp-Image-2023-08-11-at-18.57.31.jpeg\",\"datePublished\":\"2023-08-11T22:48:35+00:00\",\"breadcrumb\":{\"@id\":\"https:\\\/\\\/regiaonews.net.br\\\/2022\\\/2023\\\/08\\\/11\\\/reurbanizacao-do-parque-dos-lagos-avanca-com-a-construcao-das-estruturas-dos-decks-e-inicio-das-obras-do-novo-banheiro\\\/#breadcrumb\"},\"inLanguage\":\"pt-BR\",\"potentialAction\":[{\"@type\":\"ReadAction\",\"target\":[\"https:\\\/\\\/regiaonews.net.br\\\/2022\\\/2023\\\/08\\\/11\\\/reurbanizacao-do-parque-dos-lagos-avanca-com-a-construcao-das-estruturas-dos-decks-e-inicio-das-obras-do-novo-banheiro\\\/\"]}]},{\"@type\":\"ImageObject\",\"inLanguage\":\"pt-BR\",\"@id\":\"https:\\\/\\\/regiaonews.net.br\\\/2022\\\/2023\\\/08\\\/11\\\/reurbanizacao-do-parque-dos-lagos-avanca-com-a-construcao-das-estruturas-dos-decks-e-inicio-das-obras-do-novo-banheiro\\\/#primaryimage\",\"url\":\"https:\\\/\\\/regiaonews.net.br\\\/2022\\\/wp-content\\\/uploads\\\/2023\\\/08\\\/WhatsApp-Image-2023-08-11-at-18.57.31.jpeg\",\"contentUrl\":\"https:\\\/\\\/regiaonews.net.br\\\/2022\\\/wp-content\\\/uploads\\\/2023\\\/08\\\/WhatsApp-Image-2023-08-11-at-18.57.31.jpeg\",\"width\":1600,\"height\":901},{\"@type\":\"BreadcrumbList\",\"@id\":\"https:\\\/\\\/regiaonews.net.br\\\/2022\\\/2023\\\/08\\\/11\\\/reurbanizacao-do-parque-dos-lagos-avanca-com-a-construcao-das-estruturas-dos-decks-e-inicio-das-obras-do-novo-banheiro\\\/#breadcrumb\",\"itemListElement\":[{\"@type\":\"ListItem\",\"position\":1,\"name\":\"In\u00edcio\",\"item\":\"https:\\\/\\\/regiaonews.net.br\\\/2022\\\/\"},{\"@type\":\"ListItem\",\"position\":2,\"name\":\"Reurbaniza\u00e7\u00e3o do Parque dos Lagos avan\u00e7a com a constru\u00e7\u00e3o das estruturas dos decks e in\u00edcio das obras do novo banheiro\"}]},{\"@type\":\"WebSite\",\"@id\":\"https:\\\/\\\/regiaonews.net.br\\\/2022\\\/#website\",\"url\":\"https:\\\/\\\/regiaonews.net.br\\\/2022\\\/\",\"name\":\"Regi\u00e3o News\",\"description\":\"Site de Not\u00edcias de Barretos e regi\u00e3o\",\"publisher\":{\"@id\":\"https:\\\/\\\/regiaonews.net.br\\\/2022\\\/#organization\"},\"potentialAction\":[{\"@type\":\"SearchAction\",\"target\":{\"@type\":\"EntryPoint\",\"urlTemplate\":\"https:\\\/\\\/regiaonews.net.br\\\/2022\\\/?s={search_term_string}\"},\"query-input\":{\"@type\":\"PropertyValueSpecification\",\"valueRequired\":true,\"valueName\":\"search_term_string\"}}],\"inLanguage\":\"pt-BR\"},{\"@type\":\"Organization\",\"@id\":\"https:\\\/\\\/regiaonews.net.br\\\/2022\\\/#organization\",\"name\":\"Regi\u00e3o News\",\"url\":\"https:\\\/\\\/regiaonews.net.br\\\/2022\\\/\",\"logo\":{\"@type\":\"ImageObject\",\"inLanguage\":\"pt-BR\",\"@id\":\"https:\\\/\\\/regiaonews.net.br\\\/2022\\\/#\\\/schema\\\/logo\\\/image\\\/\",\"url\":\"https:\\\/\\\/regiaonews.net.br\\\/2022\\\/wp-content\\\/uploads\\\/2026\\\/03\\\/regiao-13-anos-scaled.jpg\",\"contentUrl\":\"https:\\\/\\\/regiaonews.net.br\\\/2022\\\/wp-content\\\/uploads\\\/2026\\\/03\\\/regiao-13-anos-scaled.jpg\",\"width\":2560,\"height\":635,\"caption\":\"Regi\u00e3o News\"},\"image\":{\"@id\":\"https:\\\/\\\/regiaonews.net.br\\\/2022\\\/#\\\/schema\\\/logo\\\/image\\\/\"}},{\"@type\":\"Person\",\"@id\":\"https:\\\/\\\/regiaonews.net.br\\\/2022\\\/#\\\/schema\\\/person\\\/2d205a608a5aa97ac279d7a5e6d89ad8\",\"name\":\"Roberto\",\"image\":{\"@type\":\"ImageObject\",\"inLanguage\":\"pt-BR\",\"@id\":\"https:\\\/\\\/secure.gravatar.com\\\/avatar\\\/42749d8b712ff9d59ca93dc150494e5b55a44134482993f5baeb97e61b7ecc89?s=96&d=mm&r=g\",\"url\":\"https:\\\/\\\/secure.gravatar.com\\\/avatar\\\/42749d8b712ff9d59ca93dc150494e5b55a44134482993f5baeb97e61b7ecc89?s=96&d=mm&r=g\",\"contentUrl\":\"https:\\\/\\\/secure.gravatar.com\\\/avatar\\\/42749d8b712ff9d59ca93dc150494e5b55a44134482993f5baeb97e61b7ecc89?s=96&d=mm&r=g\",\"caption\":\"Roberto\"},\"url\":\"https:\\\/\\\/regiaonews.net.br\\\/2022\\\/author\\\/roberto\\\/\"}]}<\/script>\n<!-- \/ Yoast SEO plugin. -->","yoast_head_json":{"title":"Reurbaniza\u00e7\u00e3o do Parque dos Lagos avan\u00e7a com a constru\u00e7\u00e3o das estruturas dos decks e in\u00edcio das obras do novo banheiro - Regi\u00e3o News","robots":{"index":"index","follow":"follow","max-snippet":"max-snippet:-1","max-image-preview":"max-image-preview:large","max-video-preview":"max-video-preview:-1"},"canonical":"https:\/\/regiaonews.net.br\/2022\/2023\/08\/11\/reurbanizacao-do-parque-dos-lagos-avanca-com-a-construcao-das-estruturas-dos-decks-e-inicio-das-obras-do-novo-banheiro\/","og_locale":"pt_BR","og_type":"article","og_title":"Reurbaniza\u00e7\u00e3o do Parque dos Lagos avan\u00e7a com a constru\u00e7\u00e3o das estruturas dos decks e in\u00edcio das obras do novo banheiro - Regi\u00e3o News","og_description":"&nbsp; Projeto tem como proposta transformar o local em atra\u00e7\u00e3o","og_url":"https:\/\/regiaonews.net.br\/2022\/2023\/08\/11\/reurbanizacao-do-parque-dos-lagos-avanca-com-a-construcao-das-estruturas-dos-decks-e-inicio-das-obras-do-novo-banheiro\/","og_site_name":"Regi\u00e3o News","article_published_time":"2023-08-11T22:48:35+00:00","og_image":[{"width":1600,"height":901,"url":"https:\/\/regiaonews.net.br\/2022\/wp-content\/uploads\/2023\/08\/WhatsApp-Image-2023-08-11-at-18.57.31.jpeg","type":"image\/jpeg"}],"author":"Roberto","twitter_card":"summary_large_image","twitter_misc":{"Escrito por":"Roberto","Est. tempo de leitura":"2 minutos"},"schema":{"@context":"https:\/\/schema.org","@graph":[{"@type":"Article","@id":"https:\/\/regiaonews.net.br\/2022\/2023\/08\/11\/reurbanizacao-do-parque-dos-lagos-avanca-com-a-construcao-das-estruturas-dos-decks-e-inicio-das-obras-do-novo-banheiro\/#article","isPartOf":{"@id":"https:\/\/regiaonews.net.br\/2022\/2023\/08\/11\/reurbanizacao-do-parque-dos-lagos-avanca-com-a-construcao-das-estruturas-dos-decks-e-inicio-das-obras-do-novo-banheiro\/"},"author":{"name":"Roberto","@id":"https:\/\/regiaonews.net.br\/2022\/#\/schema\/person\/2d205a608a5aa97ac279d7a5e6d89ad8"},"headline":"Reurbaniza\u00e7\u00e3o do Parque dos Lagos avan\u00e7a com a constru\u00e7\u00e3o das estruturas dos decks e in\u00edcio das obras do novo banheiro","datePublished":"2023-08-11T22:48:35+00:00","mainEntityOfPage":{"@id":"https:\/\/regiaonews.net.br\/2022\/2023\/08\/11\/reurbanizacao-do-parque-dos-lagos-avanca-com-a-construcao-das-estruturas-dos-decks-e-inicio-das-obras-do-novo-banheiro\/"},"wordCount":326,"commentCount":0,"publisher":{"@id":"https:\/\/regiaonews.net.br\/2022\/#organization"},"image":{"@id":"https:\/\/regiaonews.net.br\/2022\/2023\/08\/11\/reurbanizacao-do-parque-dos-lagos-avanca-com-a-construcao-das-estruturas-dos-decks-e-inicio-das-obras-do-novo-banheiro\/#primaryimage"},"thumbnailUrl":"https:\/\/regiaonews.net.br\/2022\/wp-content\/uploads\/2023\/08\/WhatsApp-Image-2023-08-11-at-18.57.31.jpeg","articleSection":["Barretos","Cidades"],"inLanguage":"pt-BR","potentialAction":[{"@type":"CommentAction","name":"Comment","target":["https:\/\/regiaonews.net.br\/2022\/2023\/08\/11\/reurbanizacao-do-parque-dos-lagos-avanca-com-a-construcao-das-estruturas-dos-decks-e-inicio-das-obras-do-novo-banheiro\/#respond"]}]},{"@type":"WebPage","@id":"https:\/\/regiaonews.net.br\/2022\/2023\/08\/11\/reurbanizacao-do-parque-dos-lagos-avanca-com-a-construcao-das-estruturas-dos-decks-e-inicio-das-obras-do-novo-banheiro\/","url":"https:\/\/regiaonews.net.br\/2022\/2023\/08\/11\/reurbanizacao-do-parque-dos-lagos-avanca-com-a-construcao-das-estruturas-dos-decks-e-inicio-das-obras-do-novo-banheiro\/","name":"Reurbaniza\u00e7\u00e3o do Parque dos Lagos avan\u00e7a com a constru\u00e7\u00e3o das estruturas dos decks e in\u00edcio das obras do novo banheiro - Regi\u00e3o News","isPartOf":{"@id":"https:\/\/regiaonews.net.br\/2022\/#website"},"primaryImageOfPage":{"@id":"https:\/\/regiaonews.net.br\/2022\/2023\/08\/11\/reurbanizacao-do-parque-dos-lagos-avanca-com-a-construcao-das-estruturas-dos-decks-e-inicio-das-obras-do-novo-banheiro\/#primaryimage"},"image":{"@id":"https:\/\/regiaonews.net.br\/2022\/2023\/08\/11\/reurbanizacao-do-parque-dos-lagos-avanca-com-a-construcao-das-estruturas-dos-decks-e-inicio-das-obras-do-novo-banheiro\/#primaryimage"},"thumbnailUrl":"https:\/\/regiaonews.net.br\/2022\/wp-content\/uploads\/2023\/08\/WhatsApp-Image-2023-08-11-at-18.57.31.jpeg","datePublished":"2023-08-11T22:48:35+00:00","breadcrumb":{"@id":"https:\/\/regiaonews.net.br\/2022\/2023\/08\/11\/reurbanizacao-do-parque-dos-lagos-avanca-com-a-construcao-das-estruturas-dos-decks-e-inicio-das-obras-do-novo-banheiro\/#breadcrumb"},"inLanguage":"pt-BR","potentialAction":[{"@type":"ReadAction","target":["https:\/\/regiaonews.net.br\/2022\/2023\/08\/11\/reurbanizacao-do-parque-dos-lagos-avanca-com-a-construcao-das-estruturas-dos-decks-e-inicio-das-obras-do-novo-banheiro\/"]}]},{"@type":"ImageObject","inLanguage":"pt-BR","@id":"https:\/\/regiaonews.net.br\/2022\/2023\/08\/11\/reurbanizacao-do-parque-dos-lagos-avanca-com-a-construcao-das-estruturas-dos-decks-e-inicio-das-obras-do-novo-banheiro\/#primaryimage","url":"https:\/\/regiaonews.net.br\/2022\/wp-content\/uploads\/2023\/08\/WhatsApp-Image-2023-08-11-at-18.57.31.jpeg","contentUrl":"https:\/\/regiaonews.net.br\/2022\/wp-content\/uploads\/2023\/08\/WhatsApp-Image-2023-08-11-at-18.57.31.jpeg","width":1600,"height":901},{"@type":"BreadcrumbList","@id":"https:\/\/regiaonews.net.br\/2022\/2023\/08\/11\/reurbanizacao-do-parque-dos-lagos-avanca-com-a-construcao-das-estruturas-dos-decks-e-inicio-das-obras-do-novo-banheiro\/#breadcrumb","itemListElement":[{"@type":"ListItem","position":1,"name":"In\u00edcio","item":"https:\/\/regiaonews.net.br\/2022\/"},{"@type":"ListItem","position":2,"name":"Reurbaniza\u00e7\u00e3o do Parque dos Lagos avan\u00e7a com a constru\u00e7\u00e3o das estruturas dos decks e in\u00edcio das obras do novo banheiro"}]},{"@type":"WebSite","@id":"https:\/\/regiaonews.net.br\/2022\/#website","url":"https:\/\/regiaonews.net.br\/2022\/","name":"Regi\u00e3o News","description":"Site de Not\u00edcias de Barretos e regi\u00e3o","publisher":{"@id":"https:\/\/regiaonews.net.br\/2022\/#organization"},"potentialAction":[{"@type":"SearchAction","target":{"@type":"EntryPoint","urlTemplate":"https:\/\/regiaonews.net.br\/2022\/?s={search_term_string}"},"query-input":{"@type":"PropertyValueSpecification","valueRequired":true,"valueName":"search_term_string"}}],"inLanguage":"pt-BR"},{"@type":"Organization","@id":"https:\/\/regiaonews.net.br\/2022\/#organization","name":"Regi\u00e3o News","url":"https:\/\/regiaonews.net.br\/2022\/","logo":{"@type":"ImageObject","inLanguage":"pt-BR","@id":"https:\/\/regiaonews.net.br\/2022\/#\/schema\/logo\/image\/","url":"https:\/\/regiaonews.net.br\/2022\/wp-content\/uploads\/2026\/03\/regiao-13-anos-scaled.jpg","contentUrl":"https:\/\/regiaonews.net.br\/2022\/wp-content\/uploads\/2026\/03\/regiao-13-anos-scaled.jpg","width":2560,"height":635,"caption":"Regi\u00e3o News"},"image":{"@id":"https:\/\/regiaonews.net.br\/2022\/#\/schema\/logo\/image\/"}},{"@type":"Person","@id":"https:\/\/regiaonews.net.br\/2022\/#\/schema\/person\/2d205a608a5aa97ac279d7a5e6d89ad8","name":"Roberto","image":{"@type":"ImageObject","inLanguage":"pt-BR","@id":"https:\/\/secure.gravatar.com\/avatar\/42749d8b712ff9d59ca93dc150494e5b55a44134482993f5baeb97e61b7ecc89?s=96&d=mm&r=g","url":"https:\/\/secure.gravatar.com\/avatar\/42749d8b712ff9d59ca93dc150494e5b55a44134482993f5baeb97e61b7ecc89?s=96&d=mm&r=g","contentUrl":"https:\/\/secure.gravatar.com\/avatar\/42749d8b712ff9d59ca93dc150494e5b55a44134482993f5baeb97e61b7ecc89?s=96&d=mm&r=g","caption":"Roberto"},"url":"https:\/\/regiaonews.net.br\/2022\/author\/roberto\/"}]}},"publishpress_future_action":{"enabled":false,"date":"2026-05-03 11:14:43","action":"change-status","newStatus":"draft","terms":[],"taxonomy":"category","extraData":[]},"publishpress_future_workflow_manual_trigger":{"enabledWorkflows":[]},"_links":{"self":[{"href":"https:\/\/regiaonews.net.br\/2022\/wp-json\/wp\/v2\/posts\/93282","targetHints":{"allow":["GET"]}}],"collection":[{"href":"https:\/\/regiaonews.net.br\/2022\/wp-json\/wp\/v2\/posts"}],"about":[{"href":"https:\/\/regiaonews.net.br\/2022\/wp-json\/wp\/v2\/types\/post"}],"author":[{"embeddable":true,"href":"https:\/\/regiaonews.net.br\/2022\/wp-json\/wp\/v2\/users\/2"}],"replies":[{"embeddable":true,"href":"https:\/\/regiaonews.net.br\/2022\/wp-json\/wp\/v2\/comments?post=93282"}],"version-history":[{"count":1,"href":"https:\/\/regiaonews.net.br\/2022\/wp-json\/wp\/v2\/posts\/93282\/revisions"}],"predecessor-version":[{"id":93286,"href":"https:\/\/regiaonews.net.br\/2022\/wp-json\/wp\/v2\/posts\/93282\/revisions\/93286"}],"wp:featuredmedia":[{"embeddable":true,"href":"https:\/\/regiaonews.net.br\/2022\/wp-json\/wp\/v2\/media\/93284"}],"wp:attachment":[{"href":"https:\/\/regiaonews.net.br\/2022\/wp-json\/wp\/v2\/media?parent=93282"}],"wp:term":[{"taxonomy":"category","embeddable":true,"href":"https:\/\/regiaonews.net.br\/2022\/wp-json\/wp\/v2\/categories?post=93282"},{"taxonomy":"post_tag","embeddable":true,"href":"https:\/\/regiaonews.net.br\/2022\/wp-json\/wp\/v2\/tags?post=93282"}],"curies":[{"name":"wp","href":"https:\/\/api.w.org\/{rel}","templated":true}]}}