{"id":93272,"date":"2023-08-11T18:38:47","date_gmt":"2023-08-11T21:38:47","guid":{"rendered":"https:\/\/regiaonews.net.br\/2022\/?p=93272"},"modified":"2023-08-11T18:38:47","modified_gmt":"2023-08-11T21:38:47","slug":"pm-forma-98-policiais-no-curso-de-aperfeicoamento-de-oficiais","status":"publish","type":"post","link":"https:\/\/regiaonews.net.br\/2022\/2023\/08\/11\/pm-forma-98-policiais-no-curso-de-aperfeicoamento-de-oficiais\/","title":{"rendered":"PM forma 98 policiais no Curso de Aperfei\u00e7oamento de Oficiais"},"content":{"rendered":"<div>\n<h1 class=\"chapeu2 ng-binding\"><\/h1>\n<h2 class=\"titulopreto ng-binding\">Com grade curricular ampla, a forma\u00e7\u00e3o capacita os capit\u00e3es da PM para se tornarem majores<\/h2>\n<p><center><\/p>\n<h2 class=\"titulopreto ng-binding\"><\/h2>\n<p><\/center><\/div>\n<div id=\"notCorpo\" class=\"ng-binding\">\n<div>A Pol\u00edcia Militar formou na manh\u00e3 desta sexta-feira (11) 98 policiais no Curso de Aperfei\u00e7oamento de Oficiais (CAO). A cerim\u00f4nia, que aconteceu no Pal\u00e1cio dos Bandeirantes, na zona sul da capital, contou com a presen\u00e7a do secret\u00e1rio da Seguran\u00e7a P\u00fablica, Guilherme Derrite. A forma\u00e7\u00e3o \u00e9 um pr\u00e9-requisito para que os capit\u00e3es se tornem majores.<\/div>\n<div><\/div>\n<div>\u201cN\u00f3s trabalhamos com intelig\u00eancia e quando eu vejo um pai chorando ao ver sua filha recebendo a medalha, isso me d\u00e1 a certeza que estamos no caminho certo. Ent\u00e3o, senhores, continuem fazendo a diferen\u00e7a, n\u00e3o por voc\u00eas, mas pela popula\u00e7\u00e3o. A pol\u00edcia \u00e9 a \u00faltima barreira entre o crime e a popula\u00e7\u00e3o que precisa tanto da gente\u201d, discursou o secret\u00e1rio Derrite aos formandos.<\/div>\n<div><\/div>\n<div>Com dura\u00e7\u00e3o de um ano, o CAO funciona como um programa de mestrado para os oficiais e \u00e9 comandado pelo Centro de Altos Estudos de Seguran\u00e7a (CAES), respons\u00e1vel por elaborar e ministrar cursos superiores aos policiais. A forma\u00e7\u00e3o possui uma grade curricular ampla, que aborda mat\u00e9rias de conhecimentos jur\u00eddicos, administrativos, humanos e policiais, aperfei\u00e7oando o aluno para elaborar um planejamento e desenvolver pesquisas cient\u00edficas de alto n\u00edvel profissional em v\u00e1rios \u00e2mbitos das atividades policiais.<\/div>\n<div><\/div>\n<div>A turma foi formada por 77 homens e 21 mulheres, entre eles tr\u00eas capit\u00e3es da Pol\u00edcia Militar do Estado do Rio de Janeiro (PMERJ) e dois capit\u00e3es do Corpo de Bombeiros da Bahia (CBMA).<\/div>\n<div><\/div>\n<div>O paraninfo foi o coronel C\u00e1ssio Ara\u00fajo de Freitas, comandante-geral da Pol\u00edcia Militar, que disse estar honrado pela escolha. \u201cJamais se aconselhem com seus medos. Aqui voc\u00eas assumem novas responsabilidades\u201d, ressaltou. \u201cEsse curso permite a conquista de suas primeiras estrelas douradas, que ela n\u00e3o seja s\u00edmbolo de benef\u00edcios, mas de responsabilidades. O l\u00edder moderno \u00e9 o que est\u00e1 sempre \u00e0 frente, precisa ser visto pelas pessoas que lidera, caso contr\u00e1rio, \u00e9 apenas um chefe de estante\u201d, completou.<\/div>\n<div><\/div>\n<div>Os alunos ainda escolheram como o patrono da turma o general Antoine Fran\u00e7\u00f5is N\u00e9rel, do Ex\u00e9rcito Franc\u00eas, que idealizou o CAO, em 1923, ainda durante a realiza\u00e7\u00e3o da Miss\u00e3o Militar Francesa em S\u00e3o Paulo. A forma\u00e7\u00e3o foi oficializada por meio da Lei n\u00ba 1.95116, de 26 de dezembro do mesmo ano.<\/div>\n<div><\/div>\n<div>Entre os primeiros colocados, est\u00e3o a capit\u00e3o C\u00edntia Pereira Torres Oliveira, com m\u00e9dia 9,950; o capit\u00e3o Fernando de Souza Lopes, com nota 9,947, e a capit\u00e3o Daniela Santos de Oliveira, que alcan\u00e7ou pontua\u00e7\u00e3o de 9,900.<\/div>\n<div><\/div>\n<div>\u201cA sensa\u00e7\u00e3o \u00e9 de extrema alegria e gratid\u00e3o. A PM \u00e9 uma das bases da minha vida, eu sou o que sou hoje gra\u00e7as \u00e0 institui\u00e7\u00e3o. Meu pai \u00e9 militar, assim como meu av\u00f4 era. N\u00e3o h\u00e1 como estar mais grata e feliz pela coloca\u00e7\u00e3o, por estar galgando mais um passo na minha carreira\u201d, ressaltou a capit\u00e3o Cintia, primeira colocada.<\/div>\n<\/div>\n","protected":false},"excerpt":{"rendered":"<p>Com grade curricular ampla, a forma\u00e7\u00e3o capacita os capit\u00e3es da<\/p>\n","protected":false},"author":2,"featured_media":93273,"comment_status":"open","ping_status":"open","sticky":false,"template":"","format":"standard","meta":{"footnotes":""},"categories":[7,23],"tags":[],"class_list":["post-93272","post","type-post","status-publish","format-standard","has-post-thumbnail","hentry","category-estado-de-sao-paulo","category-policia"],"yoast_head":"<!-- This site is optimized with the Yoast SEO plugin v27.4 - https:\/\/yoast.com\/product\/yoast-seo-wordpress\/ -->\n<title>PM forma 98 policiais no Curso de Aperfei\u00e7oamento de Oficiais - Regi\u00e3o News<\/title>\n<meta name=\"robots\" content=\"index, follow, max-snippet:-1, max-image-preview:large, max-video-preview:-1\" \/>\n<link rel=\"canonical\" href=\"https:\/\/regiaonews.net.br\/2022\/2023\/08\/11\/pm-forma-98-policiais-no-curso-de-aperfeicoamento-de-oficiais\/\" \/>\n<meta property=\"og:locale\" content=\"pt_BR\" \/>\n<meta property=\"og:type\" content=\"article\" \/>\n<meta property=\"og:title\" content=\"PM forma 98 policiais no Curso de Aperfei\u00e7oamento de Oficiais - Regi\u00e3o News\" \/>\n<meta property=\"og:description\" content=\"Com grade curricular ampla, a forma\u00e7\u00e3o capacita os capit\u00e3es da\" \/>\n<meta property=\"og:url\" content=\"https:\/\/regiaonews.net.br\/2022\/2023\/08\/11\/pm-forma-98-policiais-no-curso-de-aperfeicoamento-de-oficiais\/\" \/>\n<meta property=\"og:site_name\" content=\"Regi\u00e3o News\" \/>\n<meta property=\"article:published_time\" content=\"2023-08-11T21:38:47+00:00\" \/>\n<meta property=\"og:image\" content=\"https:\/\/regiaonews.net.br\/2022\/wp-content\/uploads\/2023\/08\/00051085.jpeg\" \/>\n\t<meta property=\"og:image:width\" content=\"800\" \/>\n\t<meta property=\"og:image:height\" content=\"533\" \/>\n\t<meta property=\"og:image:type\" content=\"image\/jpeg\" \/>\n<meta name=\"author\" content=\"Roberto\" \/>\n<meta name=\"twitter:card\" content=\"summary_large_image\" \/>\n<meta name=\"twitter:label1\" content=\"Escrito por\" \/>\n\t<meta name=\"twitter:data1\" content=\"Roberto\" \/>\n\t<meta name=\"twitter:label2\" content=\"Est. tempo de leitura\" \/>\n\t<meta name=\"twitter:data2\" content=\"3 minutos\" \/>\n<script type=\"application\/ld+json\" class=\"yoast-schema-graph\">{\"@context\":\"https:\\\/\\\/schema.org\",\"@graph\":[{\"@type\":\"Article\",\"@id\":\"https:\\\/\\\/regiaonews.net.br\\\/2022\\\/2023\\\/08\\\/11\\\/pm-forma-98-policiais-no-curso-de-aperfeicoamento-de-oficiais\\\/#article\",\"isPartOf\":{\"@id\":\"https:\\\/\\\/regiaonews.net.br\\\/2022\\\/2023\\\/08\\\/11\\\/pm-forma-98-policiais-no-curso-de-aperfeicoamento-de-oficiais\\\/\"},\"author\":{\"name\":\"Roberto\",\"@id\":\"https:\\\/\\\/regiaonews.net.br\\\/2022\\\/#\\\/schema\\\/person\\\/2d205a608a5aa97ac279d7a5e6d89ad8\"},\"headline\":\"PM forma 98 policiais no Curso de Aperfei\u00e7oamento de Oficiais\",\"datePublished\":\"2023-08-11T21:38:47+00:00\",\"mainEntityOfPage\":{\"@id\":\"https:\\\/\\\/regiaonews.net.br\\\/2022\\\/2023\\\/08\\\/11\\\/pm-forma-98-policiais-no-curso-de-aperfeicoamento-de-oficiais\\\/\"},\"wordCount\":522,\"commentCount\":0,\"publisher\":{\"@id\":\"https:\\\/\\\/regiaonews.net.br\\\/2022\\\/#organization\"},\"image\":{\"@id\":\"https:\\\/\\\/regiaonews.net.br\\\/2022\\\/2023\\\/08\\\/11\\\/pm-forma-98-policiais-no-curso-de-aperfeicoamento-de-oficiais\\\/#primaryimage\"},\"thumbnailUrl\":\"https:\\\/\\\/regiaonews.net.br\\\/2022\\\/wp-content\\\/uploads\\\/2023\\\/08\\\/00051085.jpeg\",\"articleSection\":[\"Estado de S\u00e3o Paulo\",\"Policia\"],\"inLanguage\":\"pt-BR\",\"potentialAction\":[{\"@type\":\"CommentAction\",\"name\":\"Comment\",\"target\":[\"https:\\\/\\\/regiaonews.net.br\\\/2022\\\/2023\\\/08\\\/11\\\/pm-forma-98-policiais-no-curso-de-aperfeicoamento-de-oficiais\\\/#respond\"]}]},{\"@type\":\"WebPage\",\"@id\":\"https:\\\/\\\/regiaonews.net.br\\\/2022\\\/2023\\\/08\\\/11\\\/pm-forma-98-policiais-no-curso-de-aperfeicoamento-de-oficiais\\\/\",\"url\":\"https:\\\/\\\/regiaonews.net.br\\\/2022\\\/2023\\\/08\\\/11\\\/pm-forma-98-policiais-no-curso-de-aperfeicoamento-de-oficiais\\\/\",\"name\":\"PM forma 98 policiais no Curso de Aperfei\u00e7oamento de Oficiais - Regi\u00e3o News\",\"isPartOf\":{\"@id\":\"https:\\\/\\\/regiaonews.net.br\\\/2022\\\/#website\"},\"primaryImageOfPage\":{\"@id\":\"https:\\\/\\\/regiaonews.net.br\\\/2022\\\/2023\\\/08\\\/11\\\/pm-forma-98-policiais-no-curso-de-aperfeicoamento-de-oficiais\\\/#primaryimage\"},\"image\":{\"@id\":\"https:\\\/\\\/regiaonews.net.br\\\/2022\\\/2023\\\/08\\\/11\\\/pm-forma-98-policiais-no-curso-de-aperfeicoamento-de-oficiais\\\/#primaryimage\"},\"thumbnailUrl\":\"https:\\\/\\\/regiaonews.net.br\\\/2022\\\/wp-content\\\/uploads\\\/2023\\\/08\\\/00051085.jpeg\",\"datePublished\":\"2023-08-11T21:38:47+00:00\",\"breadcrumb\":{\"@id\":\"https:\\\/\\\/regiaonews.net.br\\\/2022\\\/2023\\\/08\\\/11\\\/pm-forma-98-policiais-no-curso-de-aperfeicoamento-de-oficiais\\\/#breadcrumb\"},\"inLanguage\":\"pt-BR\",\"potentialAction\":[{\"@type\":\"ReadAction\",\"target\":[\"https:\\\/\\\/regiaonews.net.br\\\/2022\\\/2023\\\/08\\\/11\\\/pm-forma-98-policiais-no-curso-de-aperfeicoamento-de-oficiais\\\/\"]}]},{\"@type\":\"ImageObject\",\"inLanguage\":\"pt-BR\",\"@id\":\"https:\\\/\\\/regiaonews.net.br\\\/2022\\\/2023\\\/08\\\/11\\\/pm-forma-98-policiais-no-curso-de-aperfeicoamento-de-oficiais\\\/#primaryimage\",\"url\":\"https:\\\/\\\/regiaonews.net.br\\\/2022\\\/wp-content\\\/uploads\\\/2023\\\/08\\\/00051085.jpeg\",\"contentUrl\":\"https:\\\/\\\/regiaonews.net.br\\\/2022\\\/wp-content\\\/uploads\\\/2023\\\/08\\\/00051085.jpeg\",\"width\":800,\"height\":533},{\"@type\":\"BreadcrumbList\",\"@id\":\"https:\\\/\\\/regiaonews.net.br\\\/2022\\\/2023\\\/08\\\/11\\\/pm-forma-98-policiais-no-curso-de-aperfeicoamento-de-oficiais\\\/#breadcrumb\",\"itemListElement\":[{\"@type\":\"ListItem\",\"position\":1,\"name\":\"In\u00edcio\",\"item\":\"https:\\\/\\\/regiaonews.net.br\\\/2022\\\/\"},{\"@type\":\"ListItem\",\"position\":2,\"name\":\"PM forma 98 policiais no Curso de Aperfei\u00e7oamento de Oficiais\"}]},{\"@type\":\"WebSite\",\"@id\":\"https:\\\/\\\/regiaonews.net.br\\\/2022\\\/#website\",\"url\":\"https:\\\/\\\/regiaonews.net.br\\\/2022\\\/\",\"name\":\"Regi\u00e3o News\",\"description\":\"Site de Not\u00edcias de Barretos e regi\u00e3o\",\"publisher\":{\"@id\":\"https:\\\/\\\/regiaonews.net.br\\\/2022\\\/#organization\"},\"potentialAction\":[{\"@type\":\"SearchAction\",\"target\":{\"@type\":\"EntryPoint\",\"urlTemplate\":\"https:\\\/\\\/regiaonews.net.br\\\/2022\\\/?s={search_term_string}\"},\"query-input\":{\"@type\":\"PropertyValueSpecification\",\"valueRequired\":true,\"valueName\":\"search_term_string\"}}],\"inLanguage\":\"pt-BR\"},{\"@type\":\"Organization\",\"@id\":\"https:\\\/\\\/regiaonews.net.br\\\/2022\\\/#organization\",\"name\":\"Regi\u00e3o News\",\"url\":\"https:\\\/\\\/regiaonews.net.br\\\/2022\\\/\",\"logo\":{\"@type\":\"ImageObject\",\"inLanguage\":\"pt-BR\",\"@id\":\"https:\\\/\\\/regiaonews.net.br\\\/2022\\\/#\\\/schema\\\/logo\\\/image\\\/\",\"url\":\"https:\\\/\\\/regiaonews.net.br\\\/2022\\\/wp-content\\\/uploads\\\/2026\\\/03\\\/regiao-13-anos-scaled.jpg\",\"contentUrl\":\"https:\\\/\\\/regiaonews.net.br\\\/2022\\\/wp-content\\\/uploads\\\/2026\\\/03\\\/regiao-13-anos-scaled.jpg\",\"width\":2560,\"height\":635,\"caption\":\"Regi\u00e3o News\"},\"image\":{\"@id\":\"https:\\\/\\\/regiaonews.net.br\\\/2022\\\/#\\\/schema\\\/logo\\\/image\\\/\"}},{\"@type\":\"Person\",\"@id\":\"https:\\\/\\\/regiaonews.net.br\\\/2022\\\/#\\\/schema\\\/person\\\/2d205a608a5aa97ac279d7a5e6d89ad8\",\"name\":\"Roberto\",\"image\":{\"@type\":\"ImageObject\",\"inLanguage\":\"pt-BR\",\"@id\":\"https:\\\/\\\/secure.gravatar.com\\\/avatar\\\/42749d8b712ff9d59ca93dc150494e5b55a44134482993f5baeb97e61b7ecc89?s=96&d=mm&r=g\",\"url\":\"https:\\\/\\\/secure.gravatar.com\\\/avatar\\\/42749d8b712ff9d59ca93dc150494e5b55a44134482993f5baeb97e61b7ecc89?s=96&d=mm&r=g\",\"contentUrl\":\"https:\\\/\\\/secure.gravatar.com\\\/avatar\\\/42749d8b712ff9d59ca93dc150494e5b55a44134482993f5baeb97e61b7ecc89?s=96&d=mm&r=g\",\"caption\":\"Roberto\"},\"url\":\"https:\\\/\\\/regiaonews.net.br\\\/2022\\\/author\\\/roberto\\\/\"}]}<\/script>\n<!-- \/ Yoast SEO plugin. -->","yoast_head_json":{"title":"PM forma 98 policiais no Curso de Aperfei\u00e7oamento de Oficiais - Regi\u00e3o News","robots":{"index":"index","follow":"follow","max-snippet":"max-snippet:-1","max-image-preview":"max-image-preview:large","max-video-preview":"max-video-preview:-1"},"canonical":"https:\/\/regiaonews.net.br\/2022\/2023\/08\/11\/pm-forma-98-policiais-no-curso-de-aperfeicoamento-de-oficiais\/","og_locale":"pt_BR","og_type":"article","og_title":"PM forma 98 policiais no Curso de Aperfei\u00e7oamento de Oficiais - Regi\u00e3o News","og_description":"Com grade curricular ampla, a forma\u00e7\u00e3o capacita os capit\u00e3es da","og_url":"https:\/\/regiaonews.net.br\/2022\/2023\/08\/11\/pm-forma-98-policiais-no-curso-de-aperfeicoamento-de-oficiais\/","og_site_name":"Regi\u00e3o News","article_published_time":"2023-08-11T21:38:47+00:00","og_image":[{"width":800,"height":533,"url":"https:\/\/regiaonews.net.br\/2022\/wp-content\/uploads\/2023\/08\/00051085.jpeg","type":"image\/jpeg"}],"author":"Roberto","twitter_card":"summary_large_image","twitter_misc":{"Escrito por":"Roberto","Est. tempo de leitura":"3 minutos"},"schema":{"@context":"https:\/\/schema.org","@graph":[{"@type":"Article","@id":"https:\/\/regiaonews.net.br\/2022\/2023\/08\/11\/pm-forma-98-policiais-no-curso-de-aperfeicoamento-de-oficiais\/#article","isPartOf":{"@id":"https:\/\/regiaonews.net.br\/2022\/2023\/08\/11\/pm-forma-98-policiais-no-curso-de-aperfeicoamento-de-oficiais\/"},"author":{"name":"Roberto","@id":"https:\/\/regiaonews.net.br\/2022\/#\/schema\/person\/2d205a608a5aa97ac279d7a5e6d89ad8"},"headline":"PM forma 98 policiais no Curso de Aperfei\u00e7oamento de Oficiais","datePublished":"2023-08-11T21:38:47+00:00","mainEntityOfPage":{"@id":"https:\/\/regiaonews.net.br\/2022\/2023\/08\/11\/pm-forma-98-policiais-no-curso-de-aperfeicoamento-de-oficiais\/"},"wordCount":522,"commentCount":0,"publisher":{"@id":"https:\/\/regiaonews.net.br\/2022\/#organization"},"image":{"@id":"https:\/\/regiaonews.net.br\/2022\/2023\/08\/11\/pm-forma-98-policiais-no-curso-de-aperfeicoamento-de-oficiais\/#primaryimage"},"thumbnailUrl":"https:\/\/regiaonews.net.br\/2022\/wp-content\/uploads\/2023\/08\/00051085.jpeg","articleSection":["Estado de S\u00e3o Paulo","Policia"],"inLanguage":"pt-BR","potentialAction":[{"@type":"CommentAction","name":"Comment","target":["https:\/\/regiaonews.net.br\/2022\/2023\/08\/11\/pm-forma-98-policiais-no-curso-de-aperfeicoamento-de-oficiais\/#respond"]}]},{"@type":"WebPage","@id":"https:\/\/regiaonews.net.br\/2022\/2023\/08\/11\/pm-forma-98-policiais-no-curso-de-aperfeicoamento-de-oficiais\/","url":"https:\/\/regiaonews.net.br\/2022\/2023\/08\/11\/pm-forma-98-policiais-no-curso-de-aperfeicoamento-de-oficiais\/","name":"PM forma 98 policiais no Curso de Aperfei\u00e7oamento de Oficiais - Regi\u00e3o News","isPartOf":{"@id":"https:\/\/regiaonews.net.br\/2022\/#website"},"primaryImageOfPage":{"@id":"https:\/\/regiaonews.net.br\/2022\/2023\/08\/11\/pm-forma-98-policiais-no-curso-de-aperfeicoamento-de-oficiais\/#primaryimage"},"image":{"@id":"https:\/\/regiaonews.net.br\/2022\/2023\/08\/11\/pm-forma-98-policiais-no-curso-de-aperfeicoamento-de-oficiais\/#primaryimage"},"thumbnailUrl":"https:\/\/regiaonews.net.br\/2022\/wp-content\/uploads\/2023\/08\/00051085.jpeg","datePublished":"2023-08-11T21:38:47+00:00","breadcrumb":{"@id":"https:\/\/regiaonews.net.br\/2022\/2023\/08\/11\/pm-forma-98-policiais-no-curso-de-aperfeicoamento-de-oficiais\/#breadcrumb"},"inLanguage":"pt-BR","potentialAction":[{"@type":"ReadAction","target":["https:\/\/regiaonews.net.br\/2022\/2023\/08\/11\/pm-forma-98-policiais-no-curso-de-aperfeicoamento-de-oficiais\/"]}]},{"@type":"ImageObject","inLanguage":"pt-BR","@id":"https:\/\/regiaonews.net.br\/2022\/2023\/08\/11\/pm-forma-98-policiais-no-curso-de-aperfeicoamento-de-oficiais\/#primaryimage","url":"https:\/\/regiaonews.net.br\/2022\/wp-content\/uploads\/2023\/08\/00051085.jpeg","contentUrl":"https:\/\/regiaonews.net.br\/2022\/wp-content\/uploads\/2023\/08\/00051085.jpeg","width":800,"height":533},{"@type":"BreadcrumbList","@id":"https:\/\/regiaonews.net.br\/2022\/2023\/08\/11\/pm-forma-98-policiais-no-curso-de-aperfeicoamento-de-oficiais\/#breadcrumb","itemListElement":[{"@type":"ListItem","position":1,"name":"In\u00edcio","item":"https:\/\/regiaonews.net.br\/2022\/"},{"@type":"ListItem","position":2,"name":"PM forma 98 policiais no Curso de Aperfei\u00e7oamento de Oficiais"}]},{"@type":"WebSite","@id":"https:\/\/regiaonews.net.br\/2022\/#website","url":"https:\/\/regiaonews.net.br\/2022\/","name":"Regi\u00e3o News","description":"Site de Not\u00edcias de Barretos e regi\u00e3o","publisher":{"@id":"https:\/\/regiaonews.net.br\/2022\/#organization"},"potentialAction":[{"@type":"SearchAction","target":{"@type":"EntryPoint","urlTemplate":"https:\/\/regiaonews.net.br\/2022\/?s={search_term_string}"},"query-input":{"@type":"PropertyValueSpecification","valueRequired":true,"valueName":"search_term_string"}}],"inLanguage":"pt-BR"},{"@type":"Organization","@id":"https:\/\/regiaonews.net.br\/2022\/#organization","name":"Regi\u00e3o News","url":"https:\/\/regiaonews.net.br\/2022\/","logo":{"@type":"ImageObject","inLanguage":"pt-BR","@id":"https:\/\/regiaonews.net.br\/2022\/#\/schema\/logo\/image\/","url":"https:\/\/regiaonews.net.br\/2022\/wp-content\/uploads\/2026\/03\/regiao-13-anos-scaled.jpg","contentUrl":"https:\/\/regiaonews.net.br\/2022\/wp-content\/uploads\/2026\/03\/regiao-13-anos-scaled.jpg","width":2560,"height":635,"caption":"Regi\u00e3o News"},"image":{"@id":"https:\/\/regiaonews.net.br\/2022\/#\/schema\/logo\/image\/"}},{"@type":"Person","@id":"https:\/\/regiaonews.net.br\/2022\/#\/schema\/person\/2d205a608a5aa97ac279d7a5e6d89ad8","name":"Roberto","image":{"@type":"ImageObject","inLanguage":"pt-BR","@id":"https:\/\/secure.gravatar.com\/avatar\/42749d8b712ff9d59ca93dc150494e5b55a44134482993f5baeb97e61b7ecc89?s=96&d=mm&r=g","url":"https:\/\/secure.gravatar.com\/avatar\/42749d8b712ff9d59ca93dc150494e5b55a44134482993f5baeb97e61b7ecc89?s=96&d=mm&r=g","contentUrl":"https:\/\/secure.gravatar.com\/avatar\/42749d8b712ff9d59ca93dc150494e5b55a44134482993f5baeb97e61b7ecc89?s=96&d=mm&r=g","caption":"Roberto"},"url":"https:\/\/regiaonews.net.br\/2022\/author\/roberto\/"}]}},"publishpress_future_action":{"enabled":false,"date":"2026-05-03 08:13:35","action":"change-status","newStatus":"draft","terms":[],"taxonomy":"category","extraData":[]},"publishpress_future_workflow_manual_trigger":{"enabledWorkflows":[]},"_links":{"self":[{"href":"https:\/\/regiaonews.net.br\/2022\/wp-json\/wp\/v2\/posts\/93272","targetHints":{"allow":["GET"]}}],"collection":[{"href":"https:\/\/regiaonews.net.br\/2022\/wp-json\/wp\/v2\/posts"}],"about":[{"href":"https:\/\/regiaonews.net.br\/2022\/wp-json\/wp\/v2\/types\/post"}],"author":[{"embeddable":true,"href":"https:\/\/regiaonews.net.br\/2022\/wp-json\/wp\/v2\/users\/2"}],"replies":[{"embeddable":true,"href":"https:\/\/regiaonews.net.br\/2022\/wp-json\/wp\/v2\/comments?post=93272"}],"version-history":[{"count":1,"href":"https:\/\/regiaonews.net.br\/2022\/wp-json\/wp\/v2\/posts\/93272\/revisions"}],"predecessor-version":[{"id":93274,"href":"https:\/\/regiaonews.net.br\/2022\/wp-json\/wp\/v2\/posts\/93272\/revisions\/93274"}],"wp:featuredmedia":[{"embeddable":true,"href":"https:\/\/regiaonews.net.br\/2022\/wp-json\/wp\/v2\/media\/93273"}],"wp:attachment":[{"href":"https:\/\/regiaonews.net.br\/2022\/wp-json\/wp\/v2\/media?parent=93272"}],"wp:term":[{"taxonomy":"category","embeddable":true,"href":"https:\/\/regiaonews.net.br\/2022\/wp-json\/wp\/v2\/categories?post=93272"},{"taxonomy":"post_tag","embeddable":true,"href":"https:\/\/regiaonews.net.br\/2022\/wp-json\/wp\/v2\/tags?post=93272"}],"curies":[{"name":"wp","href":"https:\/\/api.w.org\/{rel}","templated":true}]}}