{"id":93261,"date":"2023-08-11T13:26:01","date_gmt":"2023-08-11T16:26:01","guid":{"rendered":"https:\/\/regiaonews.net.br\/2022\/?p=93261"},"modified":"2023-08-11T13:26:01","modified_gmt":"2023-08-11T16:26:01","slug":"cpi-quer-obter-informacoes-de-08-oito-numeros-de-telefones-que-propagaram-mensagens-em-grupos-de-whatsapp","status":"publish","type":"post","link":"https:\/\/regiaonews.net.br\/2022\/2023\/08\/11\/cpi-quer-obter-informacoes-de-08-oito-numeros-de-telefones-que-propagaram-mensagens-em-grupos-de-whatsapp\/","title":{"rendered":"CPI quer obter informa\u00e7\u00f5es de 08 (oito) n\u00fameros de telefones que propagaram mensagens em grupos de WhatsApp"},"content":{"rendered":"<h3 class=\"benchnine\" style=\"text-align: center;\">Informa\u00e7\u00f5es foram solicitadas \u00e0s operadoras de telefonia m\u00f3vel.<\/h3>\n<p>A\u00a0<strong>CPI\u00a0 &#8211; Comiss\u00e3o Parlamentar de Inqu\u00e9rito\u00a0<\/strong>que\u00a0<strong>investiga mensagens de texto e de \u00e1udio compartilhadas entre pessoas e grupos no Whats App e nas redes sociais<\/strong>\u00a0esteve reunida na tarde de ter\u00e7a-feira (08\/ago), na C\u00e2mara, para analisar documentos e definir a sequ\u00eancia dos trabalhos de investiga\u00e7\u00e3o.<\/p>\n<p>Os vereadores\u00a0<strong>Prof. Adilson (PL) [Presidente], Dr. Rodrigo Malaman (PSDB) [Relator] e Carl\u00e3o do Basquete(PSD) [Membro]\u00a0<\/strong>haviam solicitado \u00e0s operadoras de telefonia m\u00f3vel e \u00e0 Anatel (Ag\u00eancia Nacional de Telecomunica\u00e7\u00f5es) informa\u00e7\u00f5es sobre os titulares dos n\u00fameros de celulares que propagaram os \u00e1udios e as mensagens\u00a0contra a honra dos parlamentares.<\/p>\n<p>Em of\u00edcio, a operadora Claro indicou aos vereadores o setor da empresa respons\u00e1vel para obter os dados. A empresa Tim pediu aos vereadores dados complementares sobre as linhas telef\u00f4nicas. J\u00e1 a Anatel explicou que &#8220;os dados cadastrais e operacionais relacionados a aspectos contratuais de servi\u00e7os de telecomunica\u00e7\u00f5es(telefonia fixa, telefonia e internet m\u00f3vel, banda larga fixa e TV por assinatura), como nome, endere\u00e7o, c\u00f3digo de acesso (n\u00famero de telefone), informa\u00e7\u00f5es sobre utiliza\u00e7\u00e3o, etc., s\u00e3o geridos e administrados exclusivamente pelas prestadoras.&#8221;<\/p>\n<p><strong>Diante das orienta\u00e7\u00f5es, a Comiss\u00e3o decidiu reenviar os of\u00edcios com 08 (oito) n\u00fameros de telefones que propagaram mensagens em grupos de WhatsApp, a fim de que informem durante o per\u00edodo de janeiro de 2022 a julho de 2023, quais s\u00e3o os nomes completos e endere\u00e7os dos titulares das linhas.\u00a0 Foi estabelecido um prazo de 10(dez) dias\u00a0 \u00fateis\u00a0 para que as operadores enviem os dados cadastrais \u00e0 CPI.<\/strong><\/p>\n<p>Durante a reuni\u00e3o, a Comiss\u00e3o tamb\u00e9m\u00a0 decidiu<strong>\u00a0incluir no processo da investiga\u00e7\u00e3o v\u00e1rios\u00a0 \u201cprints\u201d (fotos recortadas digitalmente) das mensagens\u00a0encaminhadas nos grupos do whatsApp.\u00a0<\/strong><\/p>\n<p>Por fim, os vereadores\u00a0\u00a0<strong>votaram por enviar outro Of\u00edcio \u00e0 Prefeitura Municipal solicitando o envio de c\u00f3pias integrais dos processos nos quais constam a solicita\u00e7\u00e3o de mun\u00edcipes ou empresas de aumento do per\u00edmetro urbano, efetivadas no Projeto de Lei Complementar n\u00ba 26\/2023, que faz altera\u00e7\u00f5es no Plano Diretor da cidade. Foi estabelecido ao Executivo o prazo de 10) dez dias \u00fateis para a resposta.<\/strong><\/p>\n<p>A pr\u00f3xima reuni\u00e3o da CPI s\u00f3 ser\u00e1 agendada ap\u00f3s o recebimento desses documentos.<\/p>\n<p><strong>DEPOIMENTOS DE TESTEMUNHAS<\/strong><\/p>\n<p>Al\u00e9m da an\u00e1lise de documentos, a CPI tem realizado Oitivas (depoimentos de testemunhas) para apurar\u00a0 as not\u00edcias falsas. No dia 14\/jun, os vereadores ouviram o representante da empresa LASA, Meimberg e Souza Empreendimentos e Incorpora\u00e7\u00f5es Imobili\u00e1rias SPE LTDA, Jos\u00e9 Carlos Gazeta da Costa J\u00fanior.\u00a0 Em 16\/jun foi a vez do empres\u00e1rio Carlos Meimberg Neto . E em 21\/jun foram ouvidos o empres\u00e1rio Rog\u00e9rio Cunha; a diretora respons\u00e1vel pela aprova\u00e7\u00e3o de projetos da empresa Emais Urbanismo Barretos 191 Empreendimentos Imobili\u00e1rios SPE LTDA, Tatiani Abelama;\u00a0 e o representante da empresa Morus Glebas Imobili\u00e1ria e Participa\u00e7\u00f5es LTDA, Mamedi Mussi Neto.<\/p>\n<p>A empresa SRR Incorporadora SPE foi dispensada das oitivas.<\/p>\n<p><strong>SOBRE A CPI DAS MENSAGENS DE WHATS APP<\/strong><\/p>\n<p>A\u00a0\u00a0<strong>CPI\u00a0 &#8211; Comiss\u00e3o Parlamentar de Inqu\u00e9rito\u00a0\u00a0<\/strong>para\u00a0<strong>investigar mensagens de texto e de \u00e1udio\u00a0compartilhadas entre pessoas e grupos\u00a0no\u00a0<em>Whats App\u00a0<\/em>e nas redes sociais<\/strong>\u00a0(<strong>de que\u00a0um suposto empres\u00e1rio\u00a0estaria pedindo recursos a outros empres\u00e1rios em nome de vereadores buscando a aprova\u00e7\u00e3o de Projeto de Lei na C\u00e2mara)\u00a0\u00a0\u00a0\u00a0<\/strong>foi instaurada no dia<strong>\u00a002 de maio de 2023.<\/strong><\/p>\n<p>O\u00a0<a title=\"\" href=\"http:\/\/consulta.camarabarretos.sp.gov.br\/Documentos\/Documento\/390070\" target=\"_blank\" rel=\"noopener\" data-original-title=\"\"><strong>Requerimento n\u00ba 854\/2023<\/strong><\/a>,\u00a0que d\u00e1 origem \u00e0 abertura da\u00a0investiga\u00e7\u00e3o,\u00a0 foi assinado por\u00a0<strong>6(seis) vereadores:<\/strong>\u00a0<strong>Prof. Adilson (PL), Juninho Bandeira (PL), Fabr\u00edcio Lemos (UNI\u00c3O), Gabriel Uchida (UNI\u00c3O), Paulo Correa (PL) e Dr. Rodrigo\u00a0Malaman\u00a0(PSDB).\u00a0<\/strong>O\u00a0<strong><a title=\"\" href=\"https:\/\/camarabarretos.sp.gov.br\/arquivos\/regimento_interno_da_camara.pdf\" target=\"_blank\" rel=\"noopener\" data-original-title=\"\">Art. 62 do Regimento Interno da C\u00e2mara<\/a>\u00a0<\/strong>determina que<strong>\u00a0para instaurar uma CPI na C\u00e2mara<\/strong>\u00a0\u00e9 necess\u00e1ria a\u00a0<strong>assinatura de\u00a01\/3 do total de vereadores<\/strong>, ou seja, no\u00a0<strong>m\u00ednimo 6(seis) assinaturas.\u00a0<\/strong><\/p>\n<p>De acordo com o documento,<strong>\u00a0 &#8220;graves fatos disseminados via\u00a0<em>Whatsapp\u00a0<\/em>por um n\u00famero n\u00e3o identific\u00e1vel, assim tamb\u00e9m em diversos grupos do mesmo aplicativo de comunica\u00e7\u00e3o, inclusive por mensagens d\u00e9 \u00e1udios e textos, de que um suposto empres\u00e1rio conhecido como Rog\u00e9rio Cunha, estaria pedindo recursos a outros empres\u00e1rios em nome de vereadores buscando a aprova\u00e7\u00e3o do\u00a0<a title=\"\" href=\"http:\/\/consulta.camarabarretos.sp.gov.br\/Documentos\/Documento\/388301\" target=\"_blank\" rel=\"noopener\" data-original-title=\"\">Projeto de Lei Complementar 20\/2023<\/a>&#8220;<\/strong><\/p>\n<p>O texto do Requerimento cita ainda que\u00a0<strong>&#8220;estes fatos, \u00a0se ver\u00eddicos ou inver\u00eddicos, podem configurar\u00a0crimes contra a honra dos vereadores mencionados nas falsas veicula\u00e7\u00f5es&#8221;<\/strong>, tentando\u00a0<strong>&#8220;denegrir a imagem do Legislativo barretense com as chamadas\u00a0<em>fake news<\/em>\u00a0(not\u00edcias falsas)&#8221;<\/strong><\/p>\n<p>No dia 04 de maio de 2023, o\u00a0Presidente da C\u00e2mara, Luis Paulo Vieira &#8211; Lupa (PRTB) assinou a\u00a0<a title=\"\" href=\"http:\/\/consulta.camarabarretos.sp.gov.br\/arquivo?Id=367715\" target=\"_blank\" rel=\"noopener\" data-original-title=\"\"><strong>Portaria n\u00ba 5930\/2023<\/strong><\/a>\u00a0 indicando os\u00a0<strong>3(tr\u00eas) vereadores<\/strong>\u00a0que v\u00e3o atuar na CPI, respeitando a &#8220;proporcionalidade partid\u00e1ria&#8221;.\u00a0S\u00e3o eles:\u00a0<strong>Prof. Adilson (PL), Carl\u00e3o do Basquete (PSD) e Dr. Rodrigo Malaman (PSDB).<\/strong><\/p>\n<p>Ap\u00f3s a primeira reuni\u00e3o, ficou definido que\u00a0<strong>Prof. Adilson (PL) seria o Presidente, Dr. Rodrigo Malaman (PSDB) o Relator\u00a0e Carl\u00e3o do Basquete(PSD) o Membro.\u00a0<\/strong><\/p>\n<p>De acordo com o\u00a0\u00a0<a title=\"\" href=\"https:\/\/camarabarretos.sp.gov.br\/arquivos\/regimento_interno_da_camara.pdf\" target=\"_blank\" rel=\"noopener\" data-original-title=\"\"><strong>Art. 63 do Regimento Interno<\/strong>\u00a0<\/a>da Casa, a\u00a0CPI pode\u00a0<strong>convocar\u00a0testemunhas para prestar depoimentos (oitivas)\u00a0e solicitar documentos de \u00f3rg\u00e3os da Administra\u00e7\u00e3o direta e indireta, caso necess\u00e1rio.\u00a0\u00a0<\/strong><\/p>\n<p>A Comiss\u00e3o Parlamentar de Inqu\u00e9rito dever\u00e1\u00a0<strong>concluir os trabalhos em 120 dias<\/strong>, podendo esse prazo ser\u00a0<strong>prorrogado por mais 60 dias<\/strong>. O relat\u00f3rio final, caso seja necess\u00e1rio,\u00a0 poder\u00e1 ser encaminhado ao Minist\u00e9rio P\u00fablico para que seja estabelecida a responsabilidade civil e\/ou criminal de\u00a0poss\u00edveis infratores.<\/p>\n<p>Os fatos que motivaram a abertura da\u00a0CPI das mensagens de Whats App contra a honra de vereadores tamb\u00e9m est\u00e3o sendo investigados em paralelo pelo Minist\u00e9rio P\u00fablico.<\/p>\n<p>Fonte &#8211; C\u00e2mara de Barretos.<\/p>\n","protected":false},"excerpt":{"rendered":"<p>Informa\u00e7\u00f5es foram solicitadas \u00e0s operadoras de telefonia m\u00f3vel. A\u00a0CPI\u00a0 &#8211;<\/p>\n","protected":false},"author":2,"featured_media":93262,"comment_status":"open","ping_status":"open","sticky":false,"template":"","format":"standard","meta":{"footnotes":""},"categories":[14,22],"tags":[],"class_list":["post-93261","post","type-post","status-publish","format-standard","has-post-thumbnail","hentry","category-barretos","category-politica"],"yoast_head":"<!-- This site is optimized with the Yoast SEO plugin v27.4 - https:\/\/yoast.com\/product\/yoast-seo-wordpress\/ -->\n<title>CPI quer obter informa\u00e7\u00f5es de 08 (oito) n\u00fameros de telefones que propagaram mensagens em grupos de WhatsApp - Regi\u00e3o News<\/title>\n<meta name=\"robots\" content=\"index, follow, max-snippet:-1, max-image-preview:large, max-video-preview:-1\" \/>\n<link rel=\"canonical\" href=\"https:\/\/regiaonews.net.br\/2022\/2023\/08\/11\/cpi-quer-obter-informacoes-de-08-oito-numeros-de-telefones-que-propagaram-mensagens-em-grupos-de-whatsapp\/\" \/>\n<meta property=\"og:locale\" content=\"pt_BR\" \/>\n<meta property=\"og:type\" content=\"article\" \/>\n<meta property=\"og:title\" content=\"CPI quer obter informa\u00e7\u00f5es de 08 (oito) n\u00fameros de telefones que propagaram mensagens em grupos de WhatsApp - Regi\u00e3o News\" \/>\n<meta property=\"og:description\" content=\"Informa\u00e7\u00f5es foram solicitadas \u00e0s operadoras de telefonia m\u00f3vel. A\u00a0CPI\u00a0 &#8211;\" \/>\n<meta property=\"og:url\" content=\"https:\/\/regiaonews.net.br\/2022\/2023\/08\/11\/cpi-quer-obter-informacoes-de-08-oito-numeros-de-telefones-que-propagaram-mensagens-em-grupos-de-whatsapp\/\" \/>\n<meta property=\"og:site_name\" content=\"Regi\u00e3o News\" \/>\n<meta property=\"article:published_time\" content=\"2023-08-11T16:26:01+00:00\" \/>\n<meta property=\"og:image\" content=\"https:\/\/regiaonews.net.br\/2022\/wp-content\/uploads\/2023\/08\/alta_169167109964d4da3b3da46.jpg\" \/>\n\t<meta property=\"og:image:width\" content=\"1280\" \/>\n\t<meta property=\"og:image:height\" content=\"720\" \/>\n\t<meta property=\"og:image:type\" content=\"image\/jpeg\" \/>\n<meta name=\"author\" content=\"Roberto\" \/>\n<meta name=\"twitter:card\" content=\"summary_large_image\" \/>\n<meta name=\"twitter:label1\" content=\"Escrito por\" \/>\n\t<meta name=\"twitter:data1\" content=\"Roberto\" \/>\n\t<meta name=\"twitter:label2\" content=\"Est. tempo de leitura\" \/>\n\t<meta name=\"twitter:data2\" content=\"5 minutos\" \/>\n<script type=\"application\/ld+json\" class=\"yoast-schema-graph\">{\"@context\":\"https:\\\/\\\/schema.org\",\"@graph\":[{\"@type\":\"Article\",\"@id\":\"https:\\\/\\\/regiaonews.net.br\\\/2022\\\/2023\\\/08\\\/11\\\/cpi-quer-obter-informacoes-de-08-oito-numeros-de-telefones-que-propagaram-mensagens-em-grupos-de-whatsapp\\\/#article\",\"isPartOf\":{\"@id\":\"https:\\\/\\\/regiaonews.net.br\\\/2022\\\/2023\\\/08\\\/11\\\/cpi-quer-obter-informacoes-de-08-oito-numeros-de-telefones-que-propagaram-mensagens-em-grupos-de-whatsapp\\\/\"},\"author\":{\"name\":\"Roberto\",\"@id\":\"https:\\\/\\\/regiaonews.net.br\\\/2022\\\/#\\\/schema\\\/person\\\/2d205a608a5aa97ac279d7a5e6d89ad8\"},\"headline\":\"CPI quer obter informa\u00e7\u00f5es de 08 (oito) n\u00fameros de telefones que propagaram mensagens em grupos de WhatsApp\",\"datePublished\":\"2023-08-11T16:26:01+00:00\",\"mainEntityOfPage\":{\"@id\":\"https:\\\/\\\/regiaonews.net.br\\\/2022\\\/2023\\\/08\\\/11\\\/cpi-quer-obter-informacoes-de-08-oito-numeros-de-telefones-que-propagaram-mensagens-em-grupos-de-whatsapp\\\/\"},\"wordCount\":989,\"commentCount\":0,\"publisher\":{\"@id\":\"https:\\\/\\\/regiaonews.net.br\\\/2022\\\/#organization\"},\"image\":{\"@id\":\"https:\\\/\\\/regiaonews.net.br\\\/2022\\\/2023\\\/08\\\/11\\\/cpi-quer-obter-informacoes-de-08-oito-numeros-de-telefones-que-propagaram-mensagens-em-grupos-de-whatsapp\\\/#primaryimage\"},\"thumbnailUrl\":\"https:\\\/\\\/regiaonews.net.br\\\/2022\\\/wp-content\\\/uploads\\\/2023\\\/08\\\/alta_169167109964d4da3b3da46.jpg\",\"articleSection\":[\"Barretos\",\"Pol\u00edtica\"],\"inLanguage\":\"pt-BR\",\"potentialAction\":[{\"@type\":\"CommentAction\",\"name\":\"Comment\",\"target\":[\"https:\\\/\\\/regiaonews.net.br\\\/2022\\\/2023\\\/08\\\/11\\\/cpi-quer-obter-informacoes-de-08-oito-numeros-de-telefones-que-propagaram-mensagens-em-grupos-de-whatsapp\\\/#respond\"]}]},{\"@type\":\"WebPage\",\"@id\":\"https:\\\/\\\/regiaonews.net.br\\\/2022\\\/2023\\\/08\\\/11\\\/cpi-quer-obter-informacoes-de-08-oito-numeros-de-telefones-que-propagaram-mensagens-em-grupos-de-whatsapp\\\/\",\"url\":\"https:\\\/\\\/regiaonews.net.br\\\/2022\\\/2023\\\/08\\\/11\\\/cpi-quer-obter-informacoes-de-08-oito-numeros-de-telefones-que-propagaram-mensagens-em-grupos-de-whatsapp\\\/\",\"name\":\"CPI quer obter informa\u00e7\u00f5es de 08 (oito) n\u00fameros de telefones que propagaram mensagens em grupos de WhatsApp - Regi\u00e3o News\",\"isPartOf\":{\"@id\":\"https:\\\/\\\/regiaonews.net.br\\\/2022\\\/#website\"},\"primaryImageOfPage\":{\"@id\":\"https:\\\/\\\/regiaonews.net.br\\\/2022\\\/2023\\\/08\\\/11\\\/cpi-quer-obter-informacoes-de-08-oito-numeros-de-telefones-que-propagaram-mensagens-em-grupos-de-whatsapp\\\/#primaryimage\"},\"image\":{\"@id\":\"https:\\\/\\\/regiaonews.net.br\\\/2022\\\/2023\\\/08\\\/11\\\/cpi-quer-obter-informacoes-de-08-oito-numeros-de-telefones-que-propagaram-mensagens-em-grupos-de-whatsapp\\\/#primaryimage\"},\"thumbnailUrl\":\"https:\\\/\\\/regiaonews.net.br\\\/2022\\\/wp-content\\\/uploads\\\/2023\\\/08\\\/alta_169167109964d4da3b3da46.jpg\",\"datePublished\":\"2023-08-11T16:26:01+00:00\",\"breadcrumb\":{\"@id\":\"https:\\\/\\\/regiaonews.net.br\\\/2022\\\/2023\\\/08\\\/11\\\/cpi-quer-obter-informacoes-de-08-oito-numeros-de-telefones-que-propagaram-mensagens-em-grupos-de-whatsapp\\\/#breadcrumb\"},\"inLanguage\":\"pt-BR\",\"potentialAction\":[{\"@type\":\"ReadAction\",\"target\":[\"https:\\\/\\\/regiaonews.net.br\\\/2022\\\/2023\\\/08\\\/11\\\/cpi-quer-obter-informacoes-de-08-oito-numeros-de-telefones-que-propagaram-mensagens-em-grupos-de-whatsapp\\\/\"]}]},{\"@type\":\"ImageObject\",\"inLanguage\":\"pt-BR\",\"@id\":\"https:\\\/\\\/regiaonews.net.br\\\/2022\\\/2023\\\/08\\\/11\\\/cpi-quer-obter-informacoes-de-08-oito-numeros-de-telefones-que-propagaram-mensagens-em-grupos-de-whatsapp\\\/#primaryimage\",\"url\":\"https:\\\/\\\/regiaonews.net.br\\\/2022\\\/wp-content\\\/uploads\\\/2023\\\/08\\\/alta_169167109964d4da3b3da46.jpg\",\"contentUrl\":\"https:\\\/\\\/regiaonews.net.br\\\/2022\\\/wp-content\\\/uploads\\\/2023\\\/08\\\/alta_169167109964d4da3b3da46.jpg\",\"width\":1280,\"height\":720},{\"@type\":\"BreadcrumbList\",\"@id\":\"https:\\\/\\\/regiaonews.net.br\\\/2022\\\/2023\\\/08\\\/11\\\/cpi-quer-obter-informacoes-de-08-oito-numeros-de-telefones-que-propagaram-mensagens-em-grupos-de-whatsapp\\\/#breadcrumb\",\"itemListElement\":[{\"@type\":\"ListItem\",\"position\":1,\"name\":\"In\u00edcio\",\"item\":\"https:\\\/\\\/regiaonews.net.br\\\/2022\\\/\"},{\"@type\":\"ListItem\",\"position\":2,\"name\":\"CPI quer obter informa\u00e7\u00f5es de 08 (oito) n\u00fameros de telefones que propagaram mensagens em grupos de WhatsApp\"}]},{\"@type\":\"WebSite\",\"@id\":\"https:\\\/\\\/regiaonews.net.br\\\/2022\\\/#website\",\"url\":\"https:\\\/\\\/regiaonews.net.br\\\/2022\\\/\",\"name\":\"Regi\u00e3o News\",\"description\":\"Site de Not\u00edcias de Barretos e regi\u00e3o\",\"publisher\":{\"@id\":\"https:\\\/\\\/regiaonews.net.br\\\/2022\\\/#organization\"},\"potentialAction\":[{\"@type\":\"SearchAction\",\"target\":{\"@type\":\"EntryPoint\",\"urlTemplate\":\"https:\\\/\\\/regiaonews.net.br\\\/2022\\\/?s={search_term_string}\"},\"query-input\":{\"@type\":\"PropertyValueSpecification\",\"valueRequired\":true,\"valueName\":\"search_term_string\"}}],\"inLanguage\":\"pt-BR\"},{\"@type\":\"Organization\",\"@id\":\"https:\\\/\\\/regiaonews.net.br\\\/2022\\\/#organization\",\"name\":\"Regi\u00e3o News\",\"url\":\"https:\\\/\\\/regiaonews.net.br\\\/2022\\\/\",\"logo\":{\"@type\":\"ImageObject\",\"inLanguage\":\"pt-BR\",\"@id\":\"https:\\\/\\\/regiaonews.net.br\\\/2022\\\/#\\\/schema\\\/logo\\\/image\\\/\",\"url\":\"https:\\\/\\\/regiaonews.net.br\\\/2022\\\/wp-content\\\/uploads\\\/2026\\\/03\\\/regiao-13-anos-scaled.jpg\",\"contentUrl\":\"https:\\\/\\\/regiaonews.net.br\\\/2022\\\/wp-content\\\/uploads\\\/2026\\\/03\\\/regiao-13-anos-scaled.jpg\",\"width\":2560,\"height\":635,\"caption\":\"Regi\u00e3o News\"},\"image\":{\"@id\":\"https:\\\/\\\/regiaonews.net.br\\\/2022\\\/#\\\/schema\\\/logo\\\/image\\\/\"}},{\"@type\":\"Person\",\"@id\":\"https:\\\/\\\/regiaonews.net.br\\\/2022\\\/#\\\/schema\\\/person\\\/2d205a608a5aa97ac279d7a5e6d89ad8\",\"name\":\"Roberto\",\"image\":{\"@type\":\"ImageObject\",\"inLanguage\":\"pt-BR\",\"@id\":\"https:\\\/\\\/secure.gravatar.com\\\/avatar\\\/42749d8b712ff9d59ca93dc150494e5b55a44134482993f5baeb97e61b7ecc89?s=96&d=mm&r=g\",\"url\":\"https:\\\/\\\/secure.gravatar.com\\\/avatar\\\/42749d8b712ff9d59ca93dc150494e5b55a44134482993f5baeb97e61b7ecc89?s=96&d=mm&r=g\",\"contentUrl\":\"https:\\\/\\\/secure.gravatar.com\\\/avatar\\\/42749d8b712ff9d59ca93dc150494e5b55a44134482993f5baeb97e61b7ecc89?s=96&d=mm&r=g\",\"caption\":\"Roberto\"},\"url\":\"https:\\\/\\\/regiaonews.net.br\\\/2022\\\/author\\\/roberto\\\/\"}]}<\/script>\n<!-- \/ Yoast SEO plugin. -->","yoast_head_json":{"title":"CPI quer obter informa\u00e7\u00f5es de 08 (oito) n\u00fameros de telefones que propagaram mensagens em grupos de WhatsApp - Regi\u00e3o News","robots":{"index":"index","follow":"follow","max-snippet":"max-snippet:-1","max-image-preview":"max-image-preview:large","max-video-preview":"max-video-preview:-1"},"canonical":"https:\/\/regiaonews.net.br\/2022\/2023\/08\/11\/cpi-quer-obter-informacoes-de-08-oito-numeros-de-telefones-que-propagaram-mensagens-em-grupos-de-whatsapp\/","og_locale":"pt_BR","og_type":"article","og_title":"CPI quer obter informa\u00e7\u00f5es de 08 (oito) n\u00fameros de telefones que propagaram mensagens em grupos de WhatsApp - Regi\u00e3o News","og_description":"Informa\u00e7\u00f5es foram solicitadas \u00e0s operadoras de telefonia m\u00f3vel. A\u00a0CPI\u00a0 &#8211;","og_url":"https:\/\/regiaonews.net.br\/2022\/2023\/08\/11\/cpi-quer-obter-informacoes-de-08-oito-numeros-de-telefones-que-propagaram-mensagens-em-grupos-de-whatsapp\/","og_site_name":"Regi\u00e3o News","article_published_time":"2023-08-11T16:26:01+00:00","og_image":[{"width":1280,"height":720,"url":"https:\/\/regiaonews.net.br\/2022\/wp-content\/uploads\/2023\/08\/alta_169167109964d4da3b3da46.jpg","type":"image\/jpeg"}],"author":"Roberto","twitter_card":"summary_large_image","twitter_misc":{"Escrito por":"Roberto","Est. tempo de leitura":"5 minutos"},"schema":{"@context":"https:\/\/schema.org","@graph":[{"@type":"Article","@id":"https:\/\/regiaonews.net.br\/2022\/2023\/08\/11\/cpi-quer-obter-informacoes-de-08-oito-numeros-de-telefones-que-propagaram-mensagens-em-grupos-de-whatsapp\/#article","isPartOf":{"@id":"https:\/\/regiaonews.net.br\/2022\/2023\/08\/11\/cpi-quer-obter-informacoes-de-08-oito-numeros-de-telefones-que-propagaram-mensagens-em-grupos-de-whatsapp\/"},"author":{"name":"Roberto","@id":"https:\/\/regiaonews.net.br\/2022\/#\/schema\/person\/2d205a608a5aa97ac279d7a5e6d89ad8"},"headline":"CPI quer obter informa\u00e7\u00f5es de 08 (oito) n\u00fameros de telefones que propagaram mensagens em grupos de WhatsApp","datePublished":"2023-08-11T16:26:01+00:00","mainEntityOfPage":{"@id":"https:\/\/regiaonews.net.br\/2022\/2023\/08\/11\/cpi-quer-obter-informacoes-de-08-oito-numeros-de-telefones-que-propagaram-mensagens-em-grupos-de-whatsapp\/"},"wordCount":989,"commentCount":0,"publisher":{"@id":"https:\/\/regiaonews.net.br\/2022\/#organization"},"image":{"@id":"https:\/\/regiaonews.net.br\/2022\/2023\/08\/11\/cpi-quer-obter-informacoes-de-08-oito-numeros-de-telefones-que-propagaram-mensagens-em-grupos-de-whatsapp\/#primaryimage"},"thumbnailUrl":"https:\/\/regiaonews.net.br\/2022\/wp-content\/uploads\/2023\/08\/alta_169167109964d4da3b3da46.jpg","articleSection":["Barretos","Pol\u00edtica"],"inLanguage":"pt-BR","potentialAction":[{"@type":"CommentAction","name":"Comment","target":["https:\/\/regiaonews.net.br\/2022\/2023\/08\/11\/cpi-quer-obter-informacoes-de-08-oito-numeros-de-telefones-que-propagaram-mensagens-em-grupos-de-whatsapp\/#respond"]}]},{"@type":"WebPage","@id":"https:\/\/regiaonews.net.br\/2022\/2023\/08\/11\/cpi-quer-obter-informacoes-de-08-oito-numeros-de-telefones-que-propagaram-mensagens-em-grupos-de-whatsapp\/","url":"https:\/\/regiaonews.net.br\/2022\/2023\/08\/11\/cpi-quer-obter-informacoes-de-08-oito-numeros-de-telefones-que-propagaram-mensagens-em-grupos-de-whatsapp\/","name":"CPI quer obter informa\u00e7\u00f5es de 08 (oito) n\u00fameros de telefones que propagaram mensagens em grupos de WhatsApp - Regi\u00e3o News","isPartOf":{"@id":"https:\/\/regiaonews.net.br\/2022\/#website"},"primaryImageOfPage":{"@id":"https:\/\/regiaonews.net.br\/2022\/2023\/08\/11\/cpi-quer-obter-informacoes-de-08-oito-numeros-de-telefones-que-propagaram-mensagens-em-grupos-de-whatsapp\/#primaryimage"},"image":{"@id":"https:\/\/regiaonews.net.br\/2022\/2023\/08\/11\/cpi-quer-obter-informacoes-de-08-oito-numeros-de-telefones-que-propagaram-mensagens-em-grupos-de-whatsapp\/#primaryimage"},"thumbnailUrl":"https:\/\/regiaonews.net.br\/2022\/wp-content\/uploads\/2023\/08\/alta_169167109964d4da3b3da46.jpg","datePublished":"2023-08-11T16:26:01+00:00","breadcrumb":{"@id":"https:\/\/regiaonews.net.br\/2022\/2023\/08\/11\/cpi-quer-obter-informacoes-de-08-oito-numeros-de-telefones-que-propagaram-mensagens-em-grupos-de-whatsapp\/#breadcrumb"},"inLanguage":"pt-BR","potentialAction":[{"@type":"ReadAction","target":["https:\/\/regiaonews.net.br\/2022\/2023\/08\/11\/cpi-quer-obter-informacoes-de-08-oito-numeros-de-telefones-que-propagaram-mensagens-em-grupos-de-whatsapp\/"]}]},{"@type":"ImageObject","inLanguage":"pt-BR","@id":"https:\/\/regiaonews.net.br\/2022\/2023\/08\/11\/cpi-quer-obter-informacoes-de-08-oito-numeros-de-telefones-que-propagaram-mensagens-em-grupos-de-whatsapp\/#primaryimage","url":"https:\/\/regiaonews.net.br\/2022\/wp-content\/uploads\/2023\/08\/alta_169167109964d4da3b3da46.jpg","contentUrl":"https:\/\/regiaonews.net.br\/2022\/wp-content\/uploads\/2023\/08\/alta_169167109964d4da3b3da46.jpg","width":1280,"height":720},{"@type":"BreadcrumbList","@id":"https:\/\/regiaonews.net.br\/2022\/2023\/08\/11\/cpi-quer-obter-informacoes-de-08-oito-numeros-de-telefones-que-propagaram-mensagens-em-grupos-de-whatsapp\/#breadcrumb","itemListElement":[{"@type":"ListItem","position":1,"name":"In\u00edcio","item":"https:\/\/regiaonews.net.br\/2022\/"},{"@type":"ListItem","position":2,"name":"CPI quer obter informa\u00e7\u00f5es de 08 (oito) n\u00fameros de telefones que propagaram mensagens em grupos de WhatsApp"}]},{"@type":"WebSite","@id":"https:\/\/regiaonews.net.br\/2022\/#website","url":"https:\/\/regiaonews.net.br\/2022\/","name":"Regi\u00e3o News","description":"Site de Not\u00edcias de Barretos e regi\u00e3o","publisher":{"@id":"https:\/\/regiaonews.net.br\/2022\/#organization"},"potentialAction":[{"@type":"SearchAction","target":{"@type":"EntryPoint","urlTemplate":"https:\/\/regiaonews.net.br\/2022\/?s={search_term_string}"},"query-input":{"@type":"PropertyValueSpecification","valueRequired":true,"valueName":"search_term_string"}}],"inLanguage":"pt-BR"},{"@type":"Organization","@id":"https:\/\/regiaonews.net.br\/2022\/#organization","name":"Regi\u00e3o News","url":"https:\/\/regiaonews.net.br\/2022\/","logo":{"@type":"ImageObject","inLanguage":"pt-BR","@id":"https:\/\/regiaonews.net.br\/2022\/#\/schema\/logo\/image\/","url":"https:\/\/regiaonews.net.br\/2022\/wp-content\/uploads\/2026\/03\/regiao-13-anos-scaled.jpg","contentUrl":"https:\/\/regiaonews.net.br\/2022\/wp-content\/uploads\/2026\/03\/regiao-13-anos-scaled.jpg","width":2560,"height":635,"caption":"Regi\u00e3o News"},"image":{"@id":"https:\/\/regiaonews.net.br\/2022\/#\/schema\/logo\/image\/"}},{"@type":"Person","@id":"https:\/\/regiaonews.net.br\/2022\/#\/schema\/person\/2d205a608a5aa97ac279d7a5e6d89ad8","name":"Roberto","image":{"@type":"ImageObject","inLanguage":"pt-BR","@id":"https:\/\/secure.gravatar.com\/avatar\/42749d8b712ff9d59ca93dc150494e5b55a44134482993f5baeb97e61b7ecc89?s=96&d=mm&r=g","url":"https:\/\/secure.gravatar.com\/avatar\/42749d8b712ff9d59ca93dc150494e5b55a44134482993f5baeb97e61b7ecc89?s=96&d=mm&r=g","contentUrl":"https:\/\/secure.gravatar.com\/avatar\/42749d8b712ff9d59ca93dc150494e5b55a44134482993f5baeb97e61b7ecc89?s=96&d=mm&r=g","caption":"Roberto"},"url":"https:\/\/regiaonews.net.br\/2022\/author\/roberto\/"}]}},"publishpress_future_action":{"enabled":false,"date":"2026-05-03 03:42:39","action":"change-status","newStatus":"draft","terms":[],"taxonomy":"category","extraData":[]},"publishpress_future_workflow_manual_trigger":{"enabledWorkflows":[]},"_links":{"self":[{"href":"https:\/\/regiaonews.net.br\/2022\/wp-json\/wp\/v2\/posts\/93261","targetHints":{"allow":["GET"]}}],"collection":[{"href":"https:\/\/regiaonews.net.br\/2022\/wp-json\/wp\/v2\/posts"}],"about":[{"href":"https:\/\/regiaonews.net.br\/2022\/wp-json\/wp\/v2\/types\/post"}],"author":[{"embeddable":true,"href":"https:\/\/regiaonews.net.br\/2022\/wp-json\/wp\/v2\/users\/2"}],"replies":[{"embeddable":true,"href":"https:\/\/regiaonews.net.br\/2022\/wp-json\/wp\/v2\/comments?post=93261"}],"version-history":[{"count":1,"href":"https:\/\/regiaonews.net.br\/2022\/wp-json\/wp\/v2\/posts\/93261\/revisions"}],"predecessor-version":[{"id":93263,"href":"https:\/\/regiaonews.net.br\/2022\/wp-json\/wp\/v2\/posts\/93261\/revisions\/93263"}],"wp:featuredmedia":[{"embeddable":true,"href":"https:\/\/regiaonews.net.br\/2022\/wp-json\/wp\/v2\/media\/93262"}],"wp:attachment":[{"href":"https:\/\/regiaonews.net.br\/2022\/wp-json\/wp\/v2\/media?parent=93261"}],"wp:term":[{"taxonomy":"category","embeddable":true,"href":"https:\/\/regiaonews.net.br\/2022\/wp-json\/wp\/v2\/categories?post=93261"},{"taxonomy":"post_tag","embeddable":true,"href":"https:\/\/regiaonews.net.br\/2022\/wp-json\/wp\/v2\/tags?post=93261"}],"curies":[{"name":"wp","href":"https:\/\/api.w.org\/{rel}","templated":true}]}}