{"id":93258,"date":"2023-08-11T13:24:24","date_gmt":"2023-08-11T16:24:24","guid":{"rendered":"https:\/\/regiaonews.net.br\/2022\/?p=93258"},"modified":"2023-08-11T13:24:24","modified_gmt":"2023-08-11T16:24:24","slug":"fabricio-taveira-recebe-o-titulo-de-cidadao-emerito-de-barretos","status":"publish","type":"post","link":"https:\/\/regiaonews.net.br\/2022\/2023\/08\/11\/fabricio-taveira-recebe-o-titulo-de-cidadao-emerito-de-barretos\/","title":{"rendered":"Fabr\u00edcio Taveira recebe o T\u00edtulo de Cidad\u00e3o Em\u00e9rito de Barretos"},"content":{"rendered":"<h3 class=\"benchnine\" style=\"text-align: center;\">Atleta barretense \u00e9 o atual n\u00ba 4 no ranking mundial de crossfit adaptado, a melhor marca que um atleta brasileiro j\u00e1 alcan\u00e7ou na hist\u00f3ria do esporte. Homenagem foi proposta pelo vereador Nestor Leonel.<\/h3>\n<p>O personal trainer e atleta,\u00a0<strong>Fabricio Henrique Taveira,\u00a0<\/strong>recebeu o\u00a0<strong>T\u00edtulo de Cidad\u00e3o Em\u00e9rito\u00a0da Est\u00e2ncia Tur\u00edstica de Barretos durante Sess\u00e3o Solene realizada na noite de quinta-feira (10\/ago), na C\u00e2mara.\u00a0<\/strong><\/p>\n<p>A homenagem foi proposta pelo vereador\u00a0<strong>Nestor Leonel\u00a0(UNI\u00c3O)<\/strong>, por meio do\u00a0<a title=\"\" href=\"http:\/\/consulta.camarabarretos.sp.gov.br\/Documentos\/Documento\/388658\" target=\"_blank\" rel=\"noopener\" data-original-title=\"\"><strong>Projeto de Decreto Legislativo n\u00ba 13\/2023<\/strong><\/a><a title=\"\" href=\"http:\/\/consulta.camarabarretos.sp.gov.br\/Documentos\/Documento\/378912\" target=\"_blank\" rel=\"noopener\" data-original-title=\"\"><strong>,<\/strong>\u00a0<\/a>aprovado por todos os vereadores.<\/p>\n<p>Os t\u00edtulos de\u00a0<strong>Cidad\u00e3o\u00a0Em\u00e9rito<\/strong>\u00a0s\u00e3o\u00a0concedidos ao barretense nato, ou aos que aqui ficarem radicados por longos anos, a ponto de se considerarem barretenses, e que,<strong>\u00a0por suas atividades intelectuais ou esportivas ou sociais, venham a projetar-se no cen\u00e1rio nacional ou internacional, constituindo-se, assim, num leg\u00edtimo orgulho da cidade onde nasceram ou se radicaram.<\/strong><\/p>\n<p><strong>A solenidade foi conduzida pelo vereador Nestor Leonel (UNI\u00c3O) e contou com a presen\u00e7a do vereador Juninho Bandeira (PL).\u00a0<\/strong>Tamb\u00e9m fizeram parte da Mesa de Autoridades:\u00a0<strong>o Diretor da Faculdade Barretos e ex-Presidente da C\u00e2mara, Andr\u00e9 Luiz Rezek; o\u00a0Chefe de Gabinete da Secretaria de Esportes, Antonio Jo\u00e3o (representando a Prefeita Paula Lemos e o Secret\u00e1rio de Esportes, Tony Carvalho); o treinador do homenageado, Maur\u00edcio Carlos da Cruz Filho; o pecuarista Ricardo Scannavino; e o amigo Edson Mendes.\u00a0<\/strong><\/p>\n<p>Tamb\u00e9m acompanharam de perto a solenidade: o empres\u00e1rio da academia Go Fit, Renato Serrano; e o assessor parlamentar, Lucas Tadeu de Souza. Familiares e amigos do homenageado tamb\u00e9m compareceram \u00e0 C\u00e2mara.\u00a0No in\u00edcio da Sess\u00e3o foi apresentando um v\u00eddeo-biografia mostrando a trajet\u00f3ria pessoal e profissional de Fabricio Taveira.\u00a0 Familiares e amigos que n\u00e3o puderam estar presentes gravaram depoimentos em v\u00eddeo, que foram exibidos a todos no tel\u00e3o.<\/p>\n<p><span style=\"font-family: arial, helvetica, sans-serif;\">Ap\u00f3s receber o t\u00edtulo,\u00a0<strong>Fabr\u00edcio Taveira ocupou a tribuna e\u00a0<a title=\"\" href=\"https:\/\/youtu.be\/ba91Nuj4XA8?t=3630\" target=\"_blank\" rel=\"noopener\" data-original-title=\"\">surpreendeu a todos ao fazer o discuso de agradecimento em p\u00e9, sem uso da cadeira de rodas, sendo aplaudio pelo p\u00fablico presente.<\/a><\/strong><\/span><\/p>\n<p><strong>O HOMENAGEADO<\/strong><\/p>\n<p>Barretense nato,\u00a0<strong>Fabr\u00edcio Taveira<\/strong>\u00a0tem 35 anos, \u00e9 filho de \u00a0Valdonice Brito Taveira e Marcia Helena da Cruz Taveira.<\/p>\n<p>Formado em Educa\u00e7\u00e3o F\u00edsica e p\u00f3s-graduado em Fisiologia do Esporte, quase se profissionalizou no futebol, mas tornou-se\u00a0<strong><em>Personal trainer<\/em>\u00a0e seguiu o caminho das lutas, sendo campe\u00e3o estadual de Jiu-Jitsu e vencedor de duas lutas de MMA.\u00a0<\/strong><\/p>\n<p>No dia 8 de setembro de 2019,\u00a0 Fabricio\u00a0assistia \u00e0 uma apresenta\u00e7\u00e3o musical na cidade de Gua\u00edra\/SP,\u00a0\u00a0quando a estrutura que mantinha a cobertura do espa\u00e7o\u00a0ruiu e\u00a0um pilar com aproximadamente 450 kg (quilos)\u00a0 caiu sobre sua cabe\u00e7a, causando uma les\u00e3o medular grav\u00edssima.\u00a0Ap\u00f3s meses de interna\u00e7\u00e3o e incertezas, Fabr\u00edcio recebeu\u00a0o progn\u00f3stico de que, com muito esfor\u00e7o, talvez, conseguisse desenvolver for\u00e7as para sustentar o corpo sentado em uma cadeira de rodas e que nunca\u00a0 mais poderia andar.<\/p>\n<p>A partir da\u00ed,\u00a0<strong>Fabr\u00edcio Taveira vem contrariando\u00a0todos os\u00a0progn\u00f3sticos.\u00a0 Mesmo cadeirante, Fabr\u00edcio d\u00e1 aulas presenciais e online como personal, faz palestras,\u00a0posa como modelo, tem autonomia, dirige o pr\u00f3prio carro e pratica v\u00e1rios esportes.<\/strong><\/p>\n<p>No\u00a0<em>crossfit<\/em>, em dois anos da pr\u00e1tica esportiva,\u00a0<strong>j\u00e1 conquistou os t\u00edtulos de bicampe\u00e3o brasileiro de crossfit adaptado e \u00e9 o atual campe\u00e3o sul-americano (t\u00edtulo conquistado na Argentina) e vice-campe\u00e3o europeu (t\u00edtulo conquistado na Espanha). Fabr\u00edcio tamb\u00e9m\u00a0 \u00e9 o atual n\u00ba 4 no ranking mundial de\u00a0<em>crossfit\u00a0<\/em>adaptado, a melhor marca que um atleta brasileiro j\u00e1 alcan\u00e7ou na hist\u00f3ria do esporte.<\/strong><\/p>\n<p>Na carreira de modelo, a convite da Ag\u00eancia Andr\u00e9 Pereira Models, de S\u00e3o Jos\u00e9 do Rio Preto, Fabr\u00edcio fez seu book profissional e colocou-se \u00e0 disposi\u00e7\u00e3o do mercado para an\u00fancios publicit\u00e1rios, j\u00e1 tendo estrelado alguns trabalhos.<\/p>\n<p>Como palestrante,\u00a0<strong>tem viajado\u00a0 o Brasil compartilhando sua hist\u00f3ria,\u00a0\u00a0seu esfor\u00e7o di\u00e1rio e sua meta de voltar a andar\u00a0e ser inspira\u00e7\u00e3o para quem quer superar as limita\u00e7\u00f5es do pr\u00f3prio corpo, independente da situa\u00e7\u00e3o em que se encontra.\u00a0<\/strong><\/p>\n<p>Fonte &#8211; C\u00e2mara de Barretos.<\/p>\n","protected":false},"excerpt":{"rendered":"<p>Atleta barretense \u00e9 o atual n\u00ba 4 no ranking mundial<\/p>\n","protected":false},"author":2,"featured_media":93259,"comment_status":"open","ping_status":"open","sticky":false,"template":"","format":"standard","meta":{"footnotes":""},"categories":[14,22],"tags":[],"class_list":["post-93258","post","type-post","status-publish","format-standard","has-post-thumbnail","hentry","category-barretos","category-politica"],"yoast_head":"<!-- This site is optimized with the Yoast SEO plugin v27.4 - https:\/\/yoast.com\/product\/yoast-seo-wordpress\/ -->\n<title>Fabr\u00edcio Taveira recebe o T\u00edtulo de Cidad\u00e3o Em\u00e9rito de Barretos - Regi\u00e3o News<\/title>\n<meta name=\"robots\" content=\"index, follow, max-snippet:-1, max-image-preview:large, max-video-preview:-1\" \/>\n<link rel=\"canonical\" href=\"https:\/\/regiaonews.net.br\/2022\/2023\/08\/11\/fabricio-taveira-recebe-o-titulo-de-cidadao-emerito-de-barretos\/\" \/>\n<meta property=\"og:locale\" content=\"pt_BR\" \/>\n<meta property=\"og:type\" content=\"article\" \/>\n<meta property=\"og:title\" content=\"Fabr\u00edcio Taveira recebe o T\u00edtulo de Cidad\u00e3o Em\u00e9rito de Barretos - Regi\u00e3o News\" \/>\n<meta property=\"og:description\" content=\"Atleta barretense \u00e9 o atual n\u00ba 4 no ranking mundial\" \/>\n<meta property=\"og:url\" content=\"https:\/\/regiaonews.net.br\/2022\/2023\/08\/11\/fabricio-taveira-recebe-o-titulo-de-cidadao-emerito-de-barretos\/\" \/>\n<meta property=\"og:site_name\" content=\"Regi\u00e3o News\" \/>\n<meta property=\"article:published_time\" content=\"2023-08-11T16:24:24+00:00\" \/>\n<meta property=\"og:image\" content=\"https:\/\/regiaonews.net.br\/2022\/wp-content\/uploads\/2023\/08\/alta_169171667964d58c4783cf0.jpg\" \/>\n\t<meta property=\"og:image:width\" content=\"1280\" \/>\n\t<meta property=\"og:image:height\" content=\"720\" \/>\n\t<meta property=\"og:image:type\" content=\"image\/jpeg\" \/>\n<meta name=\"author\" content=\"Roberto\" \/>\n<meta name=\"twitter:card\" content=\"summary_large_image\" \/>\n<meta name=\"twitter:label1\" content=\"Escrito por\" \/>\n\t<meta name=\"twitter:data1\" content=\"Roberto\" \/>\n\t<meta name=\"twitter:label2\" content=\"Est. tempo de leitura\" \/>\n\t<meta name=\"twitter:data2\" content=\"4 minutos\" \/>\n<script type=\"application\/ld+json\" class=\"yoast-schema-graph\">{\"@context\":\"https:\\\/\\\/schema.org\",\"@graph\":[{\"@type\":\"Article\",\"@id\":\"https:\\\/\\\/regiaonews.net.br\\\/2022\\\/2023\\\/08\\\/11\\\/fabricio-taveira-recebe-o-titulo-de-cidadao-emerito-de-barretos\\\/#article\",\"isPartOf\":{\"@id\":\"https:\\\/\\\/regiaonews.net.br\\\/2022\\\/2023\\\/08\\\/11\\\/fabricio-taveira-recebe-o-titulo-de-cidadao-emerito-de-barretos\\\/\"},\"author\":{\"name\":\"Roberto\",\"@id\":\"https:\\\/\\\/regiaonews.net.br\\\/2022\\\/#\\\/schema\\\/person\\\/2d205a608a5aa97ac279d7a5e6d89ad8\"},\"headline\":\"Fabr\u00edcio Taveira recebe o T\u00edtulo de Cidad\u00e3o Em\u00e9rito de Barretos\",\"datePublished\":\"2023-08-11T16:24:24+00:00\",\"mainEntityOfPage\":{\"@id\":\"https:\\\/\\\/regiaonews.net.br\\\/2022\\\/2023\\\/08\\\/11\\\/fabricio-taveira-recebe-o-titulo-de-cidadao-emerito-de-barretos\\\/\"},\"wordCount\":716,\"commentCount\":0,\"publisher\":{\"@id\":\"https:\\\/\\\/regiaonews.net.br\\\/2022\\\/#organization\"},\"image\":{\"@id\":\"https:\\\/\\\/regiaonews.net.br\\\/2022\\\/2023\\\/08\\\/11\\\/fabricio-taveira-recebe-o-titulo-de-cidadao-emerito-de-barretos\\\/#primaryimage\"},\"thumbnailUrl\":\"https:\\\/\\\/regiaonews.net.br\\\/2022\\\/wp-content\\\/uploads\\\/2023\\\/08\\\/alta_169171667964d58c4783cf0.jpg\",\"articleSection\":[\"Barretos\",\"Pol\u00edtica\"],\"inLanguage\":\"pt-BR\",\"potentialAction\":[{\"@type\":\"CommentAction\",\"name\":\"Comment\",\"target\":[\"https:\\\/\\\/regiaonews.net.br\\\/2022\\\/2023\\\/08\\\/11\\\/fabricio-taveira-recebe-o-titulo-de-cidadao-emerito-de-barretos\\\/#respond\"]}]},{\"@type\":\"WebPage\",\"@id\":\"https:\\\/\\\/regiaonews.net.br\\\/2022\\\/2023\\\/08\\\/11\\\/fabricio-taveira-recebe-o-titulo-de-cidadao-emerito-de-barretos\\\/\",\"url\":\"https:\\\/\\\/regiaonews.net.br\\\/2022\\\/2023\\\/08\\\/11\\\/fabricio-taveira-recebe-o-titulo-de-cidadao-emerito-de-barretos\\\/\",\"name\":\"Fabr\u00edcio Taveira recebe o T\u00edtulo de Cidad\u00e3o Em\u00e9rito de Barretos - Regi\u00e3o News\",\"isPartOf\":{\"@id\":\"https:\\\/\\\/regiaonews.net.br\\\/2022\\\/#website\"},\"primaryImageOfPage\":{\"@id\":\"https:\\\/\\\/regiaonews.net.br\\\/2022\\\/2023\\\/08\\\/11\\\/fabricio-taveira-recebe-o-titulo-de-cidadao-emerito-de-barretos\\\/#primaryimage\"},\"image\":{\"@id\":\"https:\\\/\\\/regiaonews.net.br\\\/2022\\\/2023\\\/08\\\/11\\\/fabricio-taveira-recebe-o-titulo-de-cidadao-emerito-de-barretos\\\/#primaryimage\"},\"thumbnailUrl\":\"https:\\\/\\\/regiaonews.net.br\\\/2022\\\/wp-content\\\/uploads\\\/2023\\\/08\\\/alta_169171667964d58c4783cf0.jpg\",\"datePublished\":\"2023-08-11T16:24:24+00:00\",\"breadcrumb\":{\"@id\":\"https:\\\/\\\/regiaonews.net.br\\\/2022\\\/2023\\\/08\\\/11\\\/fabricio-taveira-recebe-o-titulo-de-cidadao-emerito-de-barretos\\\/#breadcrumb\"},\"inLanguage\":\"pt-BR\",\"potentialAction\":[{\"@type\":\"ReadAction\",\"target\":[\"https:\\\/\\\/regiaonews.net.br\\\/2022\\\/2023\\\/08\\\/11\\\/fabricio-taveira-recebe-o-titulo-de-cidadao-emerito-de-barretos\\\/\"]}]},{\"@type\":\"ImageObject\",\"inLanguage\":\"pt-BR\",\"@id\":\"https:\\\/\\\/regiaonews.net.br\\\/2022\\\/2023\\\/08\\\/11\\\/fabricio-taveira-recebe-o-titulo-de-cidadao-emerito-de-barretos\\\/#primaryimage\",\"url\":\"https:\\\/\\\/regiaonews.net.br\\\/2022\\\/wp-content\\\/uploads\\\/2023\\\/08\\\/alta_169171667964d58c4783cf0.jpg\",\"contentUrl\":\"https:\\\/\\\/regiaonews.net.br\\\/2022\\\/wp-content\\\/uploads\\\/2023\\\/08\\\/alta_169171667964d58c4783cf0.jpg\",\"width\":1280,\"height\":720},{\"@type\":\"BreadcrumbList\",\"@id\":\"https:\\\/\\\/regiaonews.net.br\\\/2022\\\/2023\\\/08\\\/11\\\/fabricio-taveira-recebe-o-titulo-de-cidadao-emerito-de-barretos\\\/#breadcrumb\",\"itemListElement\":[{\"@type\":\"ListItem\",\"position\":1,\"name\":\"In\u00edcio\",\"item\":\"https:\\\/\\\/regiaonews.net.br\\\/2022\\\/\"},{\"@type\":\"ListItem\",\"position\":2,\"name\":\"Fabr\u00edcio Taveira recebe o T\u00edtulo de Cidad\u00e3o Em\u00e9rito de Barretos\"}]},{\"@type\":\"WebSite\",\"@id\":\"https:\\\/\\\/regiaonews.net.br\\\/2022\\\/#website\",\"url\":\"https:\\\/\\\/regiaonews.net.br\\\/2022\\\/\",\"name\":\"Regi\u00e3o News\",\"description\":\"Site de Not\u00edcias de Barretos e regi\u00e3o\",\"publisher\":{\"@id\":\"https:\\\/\\\/regiaonews.net.br\\\/2022\\\/#organization\"},\"potentialAction\":[{\"@type\":\"SearchAction\",\"target\":{\"@type\":\"EntryPoint\",\"urlTemplate\":\"https:\\\/\\\/regiaonews.net.br\\\/2022\\\/?s={search_term_string}\"},\"query-input\":{\"@type\":\"PropertyValueSpecification\",\"valueRequired\":true,\"valueName\":\"search_term_string\"}}],\"inLanguage\":\"pt-BR\"},{\"@type\":\"Organization\",\"@id\":\"https:\\\/\\\/regiaonews.net.br\\\/2022\\\/#organization\",\"name\":\"Regi\u00e3o News\",\"url\":\"https:\\\/\\\/regiaonews.net.br\\\/2022\\\/\",\"logo\":{\"@type\":\"ImageObject\",\"inLanguage\":\"pt-BR\",\"@id\":\"https:\\\/\\\/regiaonews.net.br\\\/2022\\\/#\\\/schema\\\/logo\\\/image\\\/\",\"url\":\"https:\\\/\\\/regiaonews.net.br\\\/2022\\\/wp-content\\\/uploads\\\/2026\\\/03\\\/regiao-13-anos-scaled.jpg\",\"contentUrl\":\"https:\\\/\\\/regiaonews.net.br\\\/2022\\\/wp-content\\\/uploads\\\/2026\\\/03\\\/regiao-13-anos-scaled.jpg\",\"width\":2560,\"height\":635,\"caption\":\"Regi\u00e3o News\"},\"image\":{\"@id\":\"https:\\\/\\\/regiaonews.net.br\\\/2022\\\/#\\\/schema\\\/logo\\\/image\\\/\"}},{\"@type\":\"Person\",\"@id\":\"https:\\\/\\\/regiaonews.net.br\\\/2022\\\/#\\\/schema\\\/person\\\/2d205a608a5aa97ac279d7a5e6d89ad8\",\"name\":\"Roberto\",\"image\":{\"@type\":\"ImageObject\",\"inLanguage\":\"pt-BR\",\"@id\":\"https:\\\/\\\/secure.gravatar.com\\\/avatar\\\/42749d8b712ff9d59ca93dc150494e5b55a44134482993f5baeb97e61b7ecc89?s=96&d=mm&r=g\",\"url\":\"https:\\\/\\\/secure.gravatar.com\\\/avatar\\\/42749d8b712ff9d59ca93dc150494e5b55a44134482993f5baeb97e61b7ecc89?s=96&d=mm&r=g\",\"contentUrl\":\"https:\\\/\\\/secure.gravatar.com\\\/avatar\\\/42749d8b712ff9d59ca93dc150494e5b55a44134482993f5baeb97e61b7ecc89?s=96&d=mm&r=g\",\"caption\":\"Roberto\"},\"url\":\"https:\\\/\\\/regiaonews.net.br\\\/2022\\\/author\\\/roberto\\\/\"}]}<\/script>\n<!-- \/ Yoast SEO plugin. -->","yoast_head_json":{"title":"Fabr\u00edcio Taveira recebe o T\u00edtulo de Cidad\u00e3o Em\u00e9rito de Barretos - Regi\u00e3o News","robots":{"index":"index","follow":"follow","max-snippet":"max-snippet:-1","max-image-preview":"max-image-preview:large","max-video-preview":"max-video-preview:-1"},"canonical":"https:\/\/regiaonews.net.br\/2022\/2023\/08\/11\/fabricio-taveira-recebe-o-titulo-de-cidadao-emerito-de-barretos\/","og_locale":"pt_BR","og_type":"article","og_title":"Fabr\u00edcio Taveira recebe o T\u00edtulo de Cidad\u00e3o Em\u00e9rito de Barretos - Regi\u00e3o News","og_description":"Atleta barretense \u00e9 o atual n\u00ba 4 no ranking mundial","og_url":"https:\/\/regiaonews.net.br\/2022\/2023\/08\/11\/fabricio-taveira-recebe-o-titulo-de-cidadao-emerito-de-barretos\/","og_site_name":"Regi\u00e3o News","article_published_time":"2023-08-11T16:24:24+00:00","og_image":[{"width":1280,"height":720,"url":"https:\/\/regiaonews.net.br\/2022\/wp-content\/uploads\/2023\/08\/alta_169171667964d58c4783cf0.jpg","type":"image\/jpeg"}],"author":"Roberto","twitter_card":"summary_large_image","twitter_misc":{"Escrito por":"Roberto","Est. tempo de leitura":"4 minutos"},"schema":{"@context":"https:\/\/schema.org","@graph":[{"@type":"Article","@id":"https:\/\/regiaonews.net.br\/2022\/2023\/08\/11\/fabricio-taveira-recebe-o-titulo-de-cidadao-emerito-de-barretos\/#article","isPartOf":{"@id":"https:\/\/regiaonews.net.br\/2022\/2023\/08\/11\/fabricio-taveira-recebe-o-titulo-de-cidadao-emerito-de-barretos\/"},"author":{"name":"Roberto","@id":"https:\/\/regiaonews.net.br\/2022\/#\/schema\/person\/2d205a608a5aa97ac279d7a5e6d89ad8"},"headline":"Fabr\u00edcio Taveira recebe o T\u00edtulo de Cidad\u00e3o Em\u00e9rito de Barretos","datePublished":"2023-08-11T16:24:24+00:00","mainEntityOfPage":{"@id":"https:\/\/regiaonews.net.br\/2022\/2023\/08\/11\/fabricio-taveira-recebe-o-titulo-de-cidadao-emerito-de-barretos\/"},"wordCount":716,"commentCount":0,"publisher":{"@id":"https:\/\/regiaonews.net.br\/2022\/#organization"},"image":{"@id":"https:\/\/regiaonews.net.br\/2022\/2023\/08\/11\/fabricio-taveira-recebe-o-titulo-de-cidadao-emerito-de-barretos\/#primaryimage"},"thumbnailUrl":"https:\/\/regiaonews.net.br\/2022\/wp-content\/uploads\/2023\/08\/alta_169171667964d58c4783cf0.jpg","articleSection":["Barretos","Pol\u00edtica"],"inLanguage":"pt-BR","potentialAction":[{"@type":"CommentAction","name":"Comment","target":["https:\/\/regiaonews.net.br\/2022\/2023\/08\/11\/fabricio-taveira-recebe-o-titulo-de-cidadao-emerito-de-barretos\/#respond"]}]},{"@type":"WebPage","@id":"https:\/\/regiaonews.net.br\/2022\/2023\/08\/11\/fabricio-taveira-recebe-o-titulo-de-cidadao-emerito-de-barretos\/","url":"https:\/\/regiaonews.net.br\/2022\/2023\/08\/11\/fabricio-taveira-recebe-o-titulo-de-cidadao-emerito-de-barretos\/","name":"Fabr\u00edcio Taveira recebe o T\u00edtulo de Cidad\u00e3o Em\u00e9rito de Barretos - Regi\u00e3o News","isPartOf":{"@id":"https:\/\/regiaonews.net.br\/2022\/#website"},"primaryImageOfPage":{"@id":"https:\/\/regiaonews.net.br\/2022\/2023\/08\/11\/fabricio-taveira-recebe-o-titulo-de-cidadao-emerito-de-barretos\/#primaryimage"},"image":{"@id":"https:\/\/regiaonews.net.br\/2022\/2023\/08\/11\/fabricio-taveira-recebe-o-titulo-de-cidadao-emerito-de-barretos\/#primaryimage"},"thumbnailUrl":"https:\/\/regiaonews.net.br\/2022\/wp-content\/uploads\/2023\/08\/alta_169171667964d58c4783cf0.jpg","datePublished":"2023-08-11T16:24:24+00:00","breadcrumb":{"@id":"https:\/\/regiaonews.net.br\/2022\/2023\/08\/11\/fabricio-taveira-recebe-o-titulo-de-cidadao-emerito-de-barretos\/#breadcrumb"},"inLanguage":"pt-BR","potentialAction":[{"@type":"ReadAction","target":["https:\/\/regiaonews.net.br\/2022\/2023\/08\/11\/fabricio-taveira-recebe-o-titulo-de-cidadao-emerito-de-barretos\/"]}]},{"@type":"ImageObject","inLanguage":"pt-BR","@id":"https:\/\/regiaonews.net.br\/2022\/2023\/08\/11\/fabricio-taveira-recebe-o-titulo-de-cidadao-emerito-de-barretos\/#primaryimage","url":"https:\/\/regiaonews.net.br\/2022\/wp-content\/uploads\/2023\/08\/alta_169171667964d58c4783cf0.jpg","contentUrl":"https:\/\/regiaonews.net.br\/2022\/wp-content\/uploads\/2023\/08\/alta_169171667964d58c4783cf0.jpg","width":1280,"height":720},{"@type":"BreadcrumbList","@id":"https:\/\/regiaonews.net.br\/2022\/2023\/08\/11\/fabricio-taveira-recebe-o-titulo-de-cidadao-emerito-de-barretos\/#breadcrumb","itemListElement":[{"@type":"ListItem","position":1,"name":"In\u00edcio","item":"https:\/\/regiaonews.net.br\/2022\/"},{"@type":"ListItem","position":2,"name":"Fabr\u00edcio Taveira recebe o T\u00edtulo de Cidad\u00e3o Em\u00e9rito de Barretos"}]},{"@type":"WebSite","@id":"https:\/\/regiaonews.net.br\/2022\/#website","url":"https:\/\/regiaonews.net.br\/2022\/","name":"Regi\u00e3o News","description":"Site de Not\u00edcias de Barretos e regi\u00e3o","publisher":{"@id":"https:\/\/regiaonews.net.br\/2022\/#organization"},"potentialAction":[{"@type":"SearchAction","target":{"@type":"EntryPoint","urlTemplate":"https:\/\/regiaonews.net.br\/2022\/?s={search_term_string}"},"query-input":{"@type":"PropertyValueSpecification","valueRequired":true,"valueName":"search_term_string"}}],"inLanguage":"pt-BR"},{"@type":"Organization","@id":"https:\/\/regiaonews.net.br\/2022\/#organization","name":"Regi\u00e3o News","url":"https:\/\/regiaonews.net.br\/2022\/","logo":{"@type":"ImageObject","inLanguage":"pt-BR","@id":"https:\/\/regiaonews.net.br\/2022\/#\/schema\/logo\/image\/","url":"https:\/\/regiaonews.net.br\/2022\/wp-content\/uploads\/2026\/03\/regiao-13-anos-scaled.jpg","contentUrl":"https:\/\/regiaonews.net.br\/2022\/wp-content\/uploads\/2026\/03\/regiao-13-anos-scaled.jpg","width":2560,"height":635,"caption":"Regi\u00e3o News"},"image":{"@id":"https:\/\/regiaonews.net.br\/2022\/#\/schema\/logo\/image\/"}},{"@type":"Person","@id":"https:\/\/regiaonews.net.br\/2022\/#\/schema\/person\/2d205a608a5aa97ac279d7a5e6d89ad8","name":"Roberto","image":{"@type":"ImageObject","inLanguage":"pt-BR","@id":"https:\/\/secure.gravatar.com\/avatar\/42749d8b712ff9d59ca93dc150494e5b55a44134482993f5baeb97e61b7ecc89?s=96&d=mm&r=g","url":"https:\/\/secure.gravatar.com\/avatar\/42749d8b712ff9d59ca93dc150494e5b55a44134482993f5baeb97e61b7ecc89?s=96&d=mm&r=g","contentUrl":"https:\/\/secure.gravatar.com\/avatar\/42749d8b712ff9d59ca93dc150494e5b55a44134482993f5baeb97e61b7ecc89?s=96&d=mm&r=g","caption":"Roberto"},"url":"https:\/\/regiaonews.net.br\/2022\/author\/roberto\/"}]}},"publishpress_future_action":{"enabled":false,"date":"2026-05-03 02:10:04","action":"change-status","newStatus":"draft","terms":[],"taxonomy":"category","extraData":[]},"publishpress_future_workflow_manual_trigger":{"enabledWorkflows":[]},"_links":{"self":[{"href":"https:\/\/regiaonews.net.br\/2022\/wp-json\/wp\/v2\/posts\/93258","targetHints":{"allow":["GET"]}}],"collection":[{"href":"https:\/\/regiaonews.net.br\/2022\/wp-json\/wp\/v2\/posts"}],"about":[{"href":"https:\/\/regiaonews.net.br\/2022\/wp-json\/wp\/v2\/types\/post"}],"author":[{"embeddable":true,"href":"https:\/\/regiaonews.net.br\/2022\/wp-json\/wp\/v2\/users\/2"}],"replies":[{"embeddable":true,"href":"https:\/\/regiaonews.net.br\/2022\/wp-json\/wp\/v2\/comments?post=93258"}],"version-history":[{"count":1,"href":"https:\/\/regiaonews.net.br\/2022\/wp-json\/wp\/v2\/posts\/93258\/revisions"}],"predecessor-version":[{"id":93260,"href":"https:\/\/regiaonews.net.br\/2022\/wp-json\/wp\/v2\/posts\/93258\/revisions\/93260"}],"wp:featuredmedia":[{"embeddable":true,"href":"https:\/\/regiaonews.net.br\/2022\/wp-json\/wp\/v2\/media\/93259"}],"wp:attachment":[{"href":"https:\/\/regiaonews.net.br\/2022\/wp-json\/wp\/v2\/media?parent=93258"}],"wp:term":[{"taxonomy":"category","embeddable":true,"href":"https:\/\/regiaonews.net.br\/2022\/wp-json\/wp\/v2\/categories?post=93258"},{"taxonomy":"post_tag","embeddable":true,"href":"https:\/\/regiaonews.net.br\/2022\/wp-json\/wp\/v2\/tags?post=93258"}],"curies":[{"name":"wp","href":"https:\/\/api.w.org\/{rel}","templated":true}]}}