{"id":93187,"date":"2023-08-10T11:27:24","date_gmt":"2023-08-10T14:27:24","guid":{"rendered":"https:\/\/regiaonews.net.br\/2022\/?p=93187"},"modified":"2023-08-10T11:27:24","modified_gmt":"2023-08-10T14:27:24","slug":"barretense-campeao-sul-americano-de-judo-agradece-apoio-de-os-independentes","status":"publish","type":"post","link":"https:\/\/regiaonews.net.br\/2022\/2023\/08\/10\/barretense-campeao-sul-americano-de-judo-agradece-apoio-de-os-independentes\/","title":{"rendered":"Barretense campe\u00e3o sul-americano de jud\u00f4 agradece apoio de Os Independentes"},"content":{"rendered":"<p>Tiago Leal representou o Brasil no campeonato ocorrido no Equador e segue em setembro para o M\u00e9xico no Pan-americano<\/p>\n<p>O barretense Tiago Agustinho Leal Leite conquistou no final de junho, o t\u00edtulo de campe\u00e3o Sul-americano de Jud\u00f4 Veterano, em Guayaquil, no Equador. O judoca foi patrocinado por Os Independentes.<\/p>\n<p>Na \u00faltima semana, o judoca teve encontro com o presidente da associa\u00e7\u00e3o Hussein Gemha J\u00fanior que o parabenizou pela conquista. \u201c\u00c9 muito gratificante fazer parte da hist\u00f3ria do Tiago, ele leva o nome da nossa cidade para o mundo do esportes. \u00c9 uma trajet\u00f3ria que n\u00f3s, a Associa\u00e7\u00e3o Os Independentes, valorizamos muito, j\u00e1 que o nosso objetivo com a Festa do Pe\u00e3o, tamb\u00e9m \u00e9 levar Barretos para o mundo\u201d, conta Hussein Gemha Junior.<\/p>\n<p>O atleta, agora bicampe\u00e3o, treina no Instituto Professor Chiba de Jud\u00f4 de Barretos, \u00e9 faixa preta 4\u00baDan e representou o Brasil no Equador, nos dias 28 e 29 de junho. Com esta conquista, o brasileiro \u00e9 o primeiro colocado do ranking nacional e est\u00e1 classificado para o Campeonato Pan-americano de Jud\u00f4, que acontecer\u00e1 de 22 a 24 de setembro em Guadalajara, no M\u00e9xico.<\/p>\n<p>\u201cA forma que Os Independentes conduz as suas atividades surtiu um efeito positivo muito grande em mim, o car\u00e1ter e dedica\u00e7\u00e3o ao trabalho de toda diretoria na realiza\u00e7\u00e3o de tantos grandes eventos serviu de exemplo para que eu me dedicasse ao m\u00e1ximo na minha prepara\u00e7\u00e3o. \u00c9 uma alegria me sentir um pouco parte deste \u2018time\u2019, e essa responsabilidade fez eu me empenhar totalmente durante a competi\u00e7\u00e3o. A contribui\u00e7\u00e3o para essa conquista foi fundamental.\u201d agradeceu Tiago.<\/p>\n<p>\u00c9 poss\u00edvel acompanhar a trajet\u00f3ria do campe\u00e3o por meio das redes sociais do centro de treinamento https:\/\/www.instagram.com\/institutoprofessorchibadejudo\/<\/p>\n<p>Tiago Leal foi campe\u00e3o sul-americano de jud\u00f4 &#8211; Cr\u00e9dito:\u00a0Divulga\u00e7\u00e3o<\/p>\n","protected":false},"excerpt":{"rendered":"<p>Tiago Leal representou o Brasil no campeonato ocorrido no Equador<\/p>\n","protected":false},"author":2,"featured_media":93188,"comment_status":"open","ping_status":"open","sticky":false,"template":"","format":"standard","meta":{"footnotes":""},"categories":[14,21],"tags":[],"class_list":["post-93187","post","type-post","status-publish","format-standard","has-post-thumbnail","hentry","category-barretos","category-esporte"],"yoast_head":"<!-- This site is optimized with the Yoast SEO plugin v27.5 - https:\/\/yoast.com\/product\/yoast-seo-wordpress\/ -->\n<title>Barretense campe\u00e3o sul-americano de jud\u00f4 agradece apoio de Os Independentes - Regi\u00e3o News<\/title>\n<meta name=\"robots\" content=\"index, follow, max-snippet:-1, max-image-preview:large, max-video-preview:-1\" \/>\n<link rel=\"canonical\" href=\"https:\/\/regiaonews.net.br\/2022\/2023\/08\/10\/barretense-campeao-sul-americano-de-judo-agradece-apoio-de-os-independentes\/\" \/>\n<meta property=\"og:locale\" content=\"pt_BR\" \/>\n<meta property=\"og:type\" content=\"article\" \/>\n<meta property=\"og:title\" content=\"Barretense campe\u00e3o sul-americano de jud\u00f4 agradece apoio de Os Independentes - Regi\u00e3o News\" \/>\n<meta property=\"og:description\" content=\"Tiago Leal representou o Brasil no campeonato ocorrido no Equador\" \/>\n<meta property=\"og:url\" content=\"https:\/\/regiaonews.net.br\/2022\/2023\/08\/10\/barretense-campeao-sul-americano-de-judo-agradece-apoio-de-os-independentes\/\" \/>\n<meta property=\"og:site_name\" content=\"Regi\u00e3o News\" \/>\n<meta property=\"article:published_time\" content=\"2023-08-10T14:27:24+00:00\" \/>\n<meta property=\"og:image\" content=\"https:\/\/regiaonews.net.br\/2022\/wp-content\/uploads\/2023\/08\/Imagem-do-WhatsApp-de-2023-08-10-as-11.21.34.jpg\" \/>\n\t<meta property=\"og:image:width\" content=\"768\" \/>\n\t<meta property=\"og:image:height\" content=\"1024\" \/>\n\t<meta property=\"og:image:type\" content=\"image\/jpeg\" \/>\n<meta name=\"author\" content=\"Roberto\" \/>\n<meta name=\"twitter:card\" content=\"summary_large_image\" \/>\n<meta name=\"twitter:label1\" content=\"Escrito por\" \/>\n\t<meta name=\"twitter:data1\" content=\"Roberto\" \/>\n\t<meta name=\"twitter:label2\" content=\"Est. tempo de leitura\" \/>\n\t<meta name=\"twitter:data2\" content=\"2 minutos\" \/>\n<script type=\"application\/ld+json\" class=\"yoast-schema-graph\">{\"@context\":\"https:\\\/\\\/schema.org\",\"@graph\":[{\"@type\":\"Article\",\"@id\":\"https:\\\/\\\/regiaonews.net.br\\\/2022\\\/2023\\\/08\\\/10\\\/barretense-campeao-sul-americano-de-judo-agradece-apoio-de-os-independentes\\\/#article\",\"isPartOf\":{\"@id\":\"https:\\\/\\\/regiaonews.net.br\\\/2022\\\/2023\\\/08\\\/10\\\/barretense-campeao-sul-americano-de-judo-agradece-apoio-de-os-independentes\\\/\"},\"author\":{\"name\":\"Roberto\",\"@id\":\"https:\\\/\\\/regiaonews.net.br\\\/2022\\\/#\\\/schema\\\/person\\\/2d205a608a5aa97ac279d7a5e6d89ad8\"},\"headline\":\"Barretense campe\u00e3o sul-americano de jud\u00f4 agradece apoio de Os Independentes\",\"datePublished\":\"2023-08-10T14:27:24+00:00\",\"mainEntityOfPage\":{\"@id\":\"https:\\\/\\\/regiaonews.net.br\\\/2022\\\/2023\\\/08\\\/10\\\/barretense-campeao-sul-americano-de-judo-agradece-apoio-de-os-independentes\\\/\"},\"wordCount\":317,\"commentCount\":0,\"publisher\":{\"@id\":\"https:\\\/\\\/regiaonews.net.br\\\/2022\\\/#organization\"},\"image\":{\"@id\":\"https:\\\/\\\/regiaonews.net.br\\\/2022\\\/2023\\\/08\\\/10\\\/barretense-campeao-sul-americano-de-judo-agradece-apoio-de-os-independentes\\\/#primaryimage\"},\"thumbnailUrl\":\"https:\\\/\\\/regiaonews.net.br\\\/2022\\\/wp-content\\\/uploads\\\/2023\\\/08\\\/Imagem-do-WhatsApp-de-2023-08-10-as-11.21.34.jpg\",\"articleSection\":[\"Barretos\",\"Esporte\"],\"inLanguage\":\"pt-BR\",\"potentialAction\":[{\"@type\":\"CommentAction\",\"name\":\"Comment\",\"target\":[\"https:\\\/\\\/regiaonews.net.br\\\/2022\\\/2023\\\/08\\\/10\\\/barretense-campeao-sul-americano-de-judo-agradece-apoio-de-os-independentes\\\/#respond\"]}]},{\"@type\":\"WebPage\",\"@id\":\"https:\\\/\\\/regiaonews.net.br\\\/2022\\\/2023\\\/08\\\/10\\\/barretense-campeao-sul-americano-de-judo-agradece-apoio-de-os-independentes\\\/\",\"url\":\"https:\\\/\\\/regiaonews.net.br\\\/2022\\\/2023\\\/08\\\/10\\\/barretense-campeao-sul-americano-de-judo-agradece-apoio-de-os-independentes\\\/\",\"name\":\"Barretense campe\u00e3o sul-americano de jud\u00f4 agradece apoio de Os Independentes - Regi\u00e3o News\",\"isPartOf\":{\"@id\":\"https:\\\/\\\/regiaonews.net.br\\\/2022\\\/#website\"},\"primaryImageOfPage\":{\"@id\":\"https:\\\/\\\/regiaonews.net.br\\\/2022\\\/2023\\\/08\\\/10\\\/barretense-campeao-sul-americano-de-judo-agradece-apoio-de-os-independentes\\\/#primaryimage\"},\"image\":{\"@id\":\"https:\\\/\\\/regiaonews.net.br\\\/2022\\\/2023\\\/08\\\/10\\\/barretense-campeao-sul-americano-de-judo-agradece-apoio-de-os-independentes\\\/#primaryimage\"},\"thumbnailUrl\":\"https:\\\/\\\/regiaonews.net.br\\\/2022\\\/wp-content\\\/uploads\\\/2023\\\/08\\\/Imagem-do-WhatsApp-de-2023-08-10-as-11.21.34.jpg\",\"datePublished\":\"2023-08-10T14:27:24+00:00\",\"breadcrumb\":{\"@id\":\"https:\\\/\\\/regiaonews.net.br\\\/2022\\\/2023\\\/08\\\/10\\\/barretense-campeao-sul-americano-de-judo-agradece-apoio-de-os-independentes\\\/#breadcrumb\"},\"inLanguage\":\"pt-BR\",\"potentialAction\":[{\"@type\":\"ReadAction\",\"target\":[\"https:\\\/\\\/regiaonews.net.br\\\/2022\\\/2023\\\/08\\\/10\\\/barretense-campeao-sul-americano-de-judo-agradece-apoio-de-os-independentes\\\/\"]}]},{\"@type\":\"ImageObject\",\"inLanguage\":\"pt-BR\",\"@id\":\"https:\\\/\\\/regiaonews.net.br\\\/2022\\\/2023\\\/08\\\/10\\\/barretense-campeao-sul-americano-de-judo-agradece-apoio-de-os-independentes\\\/#primaryimage\",\"url\":\"https:\\\/\\\/regiaonews.net.br\\\/2022\\\/wp-content\\\/uploads\\\/2023\\\/08\\\/Imagem-do-WhatsApp-de-2023-08-10-as-11.21.34.jpg\",\"contentUrl\":\"https:\\\/\\\/regiaonews.net.br\\\/2022\\\/wp-content\\\/uploads\\\/2023\\\/08\\\/Imagem-do-WhatsApp-de-2023-08-10-as-11.21.34.jpg\",\"width\":768,\"height\":1024},{\"@type\":\"BreadcrumbList\",\"@id\":\"https:\\\/\\\/regiaonews.net.br\\\/2022\\\/2023\\\/08\\\/10\\\/barretense-campeao-sul-americano-de-judo-agradece-apoio-de-os-independentes\\\/#breadcrumb\",\"itemListElement\":[{\"@type\":\"ListItem\",\"position\":1,\"name\":\"In\u00edcio\",\"item\":\"https:\\\/\\\/regiaonews.net.br\\\/2022\\\/\"},{\"@type\":\"ListItem\",\"position\":2,\"name\":\"Barretense campe\u00e3o sul-americano de jud\u00f4 agradece apoio de Os Independentes\"}]},{\"@type\":\"WebSite\",\"@id\":\"https:\\\/\\\/regiaonews.net.br\\\/2022\\\/#website\",\"url\":\"https:\\\/\\\/regiaonews.net.br\\\/2022\\\/\",\"name\":\"Regi\u00e3o News\",\"description\":\"Site de Not\u00edcias de Barretos e regi\u00e3o\",\"publisher\":{\"@id\":\"https:\\\/\\\/regiaonews.net.br\\\/2022\\\/#organization\"},\"potentialAction\":[{\"@type\":\"SearchAction\",\"target\":{\"@type\":\"EntryPoint\",\"urlTemplate\":\"https:\\\/\\\/regiaonews.net.br\\\/2022\\\/?s={search_term_string}\"},\"query-input\":{\"@type\":\"PropertyValueSpecification\",\"valueRequired\":true,\"valueName\":\"search_term_string\"}}],\"inLanguage\":\"pt-BR\"},{\"@type\":\"Organization\",\"@id\":\"https:\\\/\\\/regiaonews.net.br\\\/2022\\\/#organization\",\"name\":\"Regi\u00e3o News\",\"url\":\"https:\\\/\\\/regiaonews.net.br\\\/2022\\\/\",\"logo\":{\"@type\":\"ImageObject\",\"inLanguage\":\"pt-BR\",\"@id\":\"https:\\\/\\\/regiaonews.net.br\\\/2022\\\/#\\\/schema\\\/logo\\\/image\\\/\",\"url\":\"https:\\\/\\\/regiaonews.net.br\\\/2022\\\/wp-content\\\/uploads\\\/2026\\\/03\\\/regiao-13-anos-scaled.jpg\",\"contentUrl\":\"https:\\\/\\\/regiaonews.net.br\\\/2022\\\/wp-content\\\/uploads\\\/2026\\\/03\\\/regiao-13-anos-scaled.jpg\",\"width\":2560,\"height\":635,\"caption\":\"Regi\u00e3o News\"},\"image\":{\"@id\":\"https:\\\/\\\/regiaonews.net.br\\\/2022\\\/#\\\/schema\\\/logo\\\/image\\\/\"}},{\"@type\":\"Person\",\"@id\":\"https:\\\/\\\/regiaonews.net.br\\\/2022\\\/#\\\/schema\\\/person\\\/2d205a608a5aa97ac279d7a5e6d89ad8\",\"name\":\"Roberto\",\"image\":{\"@type\":\"ImageObject\",\"inLanguage\":\"pt-BR\",\"@id\":\"https:\\\/\\\/secure.gravatar.com\\\/avatar\\\/42749d8b712ff9d59ca93dc150494e5b55a44134482993f5baeb97e61b7ecc89?s=96&d=mm&r=g\",\"url\":\"https:\\\/\\\/secure.gravatar.com\\\/avatar\\\/42749d8b712ff9d59ca93dc150494e5b55a44134482993f5baeb97e61b7ecc89?s=96&d=mm&r=g\",\"contentUrl\":\"https:\\\/\\\/secure.gravatar.com\\\/avatar\\\/42749d8b712ff9d59ca93dc150494e5b55a44134482993f5baeb97e61b7ecc89?s=96&d=mm&r=g\",\"caption\":\"Roberto\"},\"url\":\"https:\\\/\\\/regiaonews.net.br\\\/2022\\\/author\\\/roberto\\\/\"}]}<\/script>\n<!-- \/ Yoast SEO plugin. -->","yoast_head_json":{"title":"Barretense campe\u00e3o sul-americano de jud\u00f4 agradece apoio de Os Independentes - Regi\u00e3o News","robots":{"index":"index","follow":"follow","max-snippet":"max-snippet:-1","max-image-preview":"max-image-preview:large","max-video-preview":"max-video-preview:-1"},"canonical":"https:\/\/regiaonews.net.br\/2022\/2023\/08\/10\/barretense-campeao-sul-americano-de-judo-agradece-apoio-de-os-independentes\/","og_locale":"pt_BR","og_type":"article","og_title":"Barretense campe\u00e3o sul-americano de jud\u00f4 agradece apoio de Os Independentes - Regi\u00e3o News","og_description":"Tiago Leal representou o Brasil no campeonato ocorrido no Equador","og_url":"https:\/\/regiaonews.net.br\/2022\/2023\/08\/10\/barretense-campeao-sul-americano-de-judo-agradece-apoio-de-os-independentes\/","og_site_name":"Regi\u00e3o News","article_published_time":"2023-08-10T14:27:24+00:00","og_image":[{"width":768,"height":1024,"url":"https:\/\/regiaonews.net.br\/2022\/wp-content\/uploads\/2023\/08\/Imagem-do-WhatsApp-de-2023-08-10-as-11.21.34.jpg","type":"image\/jpeg"}],"author":"Roberto","twitter_card":"summary_large_image","twitter_misc":{"Escrito por":"Roberto","Est. tempo de leitura":"2 minutos"},"schema":{"@context":"https:\/\/schema.org","@graph":[{"@type":"Article","@id":"https:\/\/regiaonews.net.br\/2022\/2023\/08\/10\/barretense-campeao-sul-americano-de-judo-agradece-apoio-de-os-independentes\/#article","isPartOf":{"@id":"https:\/\/regiaonews.net.br\/2022\/2023\/08\/10\/barretense-campeao-sul-americano-de-judo-agradece-apoio-de-os-independentes\/"},"author":{"name":"Roberto","@id":"https:\/\/regiaonews.net.br\/2022\/#\/schema\/person\/2d205a608a5aa97ac279d7a5e6d89ad8"},"headline":"Barretense campe\u00e3o sul-americano de jud\u00f4 agradece apoio de Os Independentes","datePublished":"2023-08-10T14:27:24+00:00","mainEntityOfPage":{"@id":"https:\/\/regiaonews.net.br\/2022\/2023\/08\/10\/barretense-campeao-sul-americano-de-judo-agradece-apoio-de-os-independentes\/"},"wordCount":317,"commentCount":0,"publisher":{"@id":"https:\/\/regiaonews.net.br\/2022\/#organization"},"image":{"@id":"https:\/\/regiaonews.net.br\/2022\/2023\/08\/10\/barretense-campeao-sul-americano-de-judo-agradece-apoio-de-os-independentes\/#primaryimage"},"thumbnailUrl":"https:\/\/regiaonews.net.br\/2022\/wp-content\/uploads\/2023\/08\/Imagem-do-WhatsApp-de-2023-08-10-as-11.21.34.jpg","articleSection":["Barretos","Esporte"],"inLanguage":"pt-BR","potentialAction":[{"@type":"CommentAction","name":"Comment","target":["https:\/\/regiaonews.net.br\/2022\/2023\/08\/10\/barretense-campeao-sul-americano-de-judo-agradece-apoio-de-os-independentes\/#respond"]}]},{"@type":"WebPage","@id":"https:\/\/regiaonews.net.br\/2022\/2023\/08\/10\/barretense-campeao-sul-americano-de-judo-agradece-apoio-de-os-independentes\/","url":"https:\/\/regiaonews.net.br\/2022\/2023\/08\/10\/barretense-campeao-sul-americano-de-judo-agradece-apoio-de-os-independentes\/","name":"Barretense campe\u00e3o sul-americano de jud\u00f4 agradece apoio de Os Independentes - Regi\u00e3o News","isPartOf":{"@id":"https:\/\/regiaonews.net.br\/2022\/#website"},"primaryImageOfPage":{"@id":"https:\/\/regiaonews.net.br\/2022\/2023\/08\/10\/barretense-campeao-sul-americano-de-judo-agradece-apoio-de-os-independentes\/#primaryimage"},"image":{"@id":"https:\/\/regiaonews.net.br\/2022\/2023\/08\/10\/barretense-campeao-sul-americano-de-judo-agradece-apoio-de-os-independentes\/#primaryimage"},"thumbnailUrl":"https:\/\/regiaonews.net.br\/2022\/wp-content\/uploads\/2023\/08\/Imagem-do-WhatsApp-de-2023-08-10-as-11.21.34.jpg","datePublished":"2023-08-10T14:27:24+00:00","breadcrumb":{"@id":"https:\/\/regiaonews.net.br\/2022\/2023\/08\/10\/barretense-campeao-sul-americano-de-judo-agradece-apoio-de-os-independentes\/#breadcrumb"},"inLanguage":"pt-BR","potentialAction":[{"@type":"ReadAction","target":["https:\/\/regiaonews.net.br\/2022\/2023\/08\/10\/barretense-campeao-sul-americano-de-judo-agradece-apoio-de-os-independentes\/"]}]},{"@type":"ImageObject","inLanguage":"pt-BR","@id":"https:\/\/regiaonews.net.br\/2022\/2023\/08\/10\/barretense-campeao-sul-americano-de-judo-agradece-apoio-de-os-independentes\/#primaryimage","url":"https:\/\/regiaonews.net.br\/2022\/wp-content\/uploads\/2023\/08\/Imagem-do-WhatsApp-de-2023-08-10-as-11.21.34.jpg","contentUrl":"https:\/\/regiaonews.net.br\/2022\/wp-content\/uploads\/2023\/08\/Imagem-do-WhatsApp-de-2023-08-10-as-11.21.34.jpg","width":768,"height":1024},{"@type":"BreadcrumbList","@id":"https:\/\/regiaonews.net.br\/2022\/2023\/08\/10\/barretense-campeao-sul-americano-de-judo-agradece-apoio-de-os-independentes\/#breadcrumb","itemListElement":[{"@type":"ListItem","position":1,"name":"In\u00edcio","item":"https:\/\/regiaonews.net.br\/2022\/"},{"@type":"ListItem","position":2,"name":"Barretense campe\u00e3o sul-americano de jud\u00f4 agradece apoio de Os Independentes"}]},{"@type":"WebSite","@id":"https:\/\/regiaonews.net.br\/2022\/#website","url":"https:\/\/regiaonews.net.br\/2022\/","name":"Regi\u00e3o News","description":"Site de Not\u00edcias de Barretos e regi\u00e3o","publisher":{"@id":"https:\/\/regiaonews.net.br\/2022\/#organization"},"potentialAction":[{"@type":"SearchAction","target":{"@type":"EntryPoint","urlTemplate":"https:\/\/regiaonews.net.br\/2022\/?s={search_term_string}"},"query-input":{"@type":"PropertyValueSpecification","valueRequired":true,"valueName":"search_term_string"}}],"inLanguage":"pt-BR"},{"@type":"Organization","@id":"https:\/\/regiaonews.net.br\/2022\/#organization","name":"Regi\u00e3o News","url":"https:\/\/regiaonews.net.br\/2022\/","logo":{"@type":"ImageObject","inLanguage":"pt-BR","@id":"https:\/\/regiaonews.net.br\/2022\/#\/schema\/logo\/image\/","url":"https:\/\/regiaonews.net.br\/2022\/wp-content\/uploads\/2026\/03\/regiao-13-anos-scaled.jpg","contentUrl":"https:\/\/regiaonews.net.br\/2022\/wp-content\/uploads\/2026\/03\/regiao-13-anos-scaled.jpg","width":2560,"height":635,"caption":"Regi\u00e3o News"},"image":{"@id":"https:\/\/regiaonews.net.br\/2022\/#\/schema\/logo\/image\/"}},{"@type":"Person","@id":"https:\/\/regiaonews.net.br\/2022\/#\/schema\/person\/2d205a608a5aa97ac279d7a5e6d89ad8","name":"Roberto","image":{"@type":"ImageObject","inLanguage":"pt-BR","@id":"https:\/\/secure.gravatar.com\/avatar\/42749d8b712ff9d59ca93dc150494e5b55a44134482993f5baeb97e61b7ecc89?s=96&d=mm&r=g","url":"https:\/\/secure.gravatar.com\/avatar\/42749d8b712ff9d59ca93dc150494e5b55a44134482993f5baeb97e61b7ecc89?s=96&d=mm&r=g","contentUrl":"https:\/\/secure.gravatar.com\/avatar\/42749d8b712ff9d59ca93dc150494e5b55a44134482993f5baeb97e61b7ecc89?s=96&d=mm&r=g","caption":"Roberto"},"url":"https:\/\/regiaonews.net.br\/2022\/author\/roberto\/"}]}},"publishpress_future_action":{"enabled":false,"date":"2026-05-10 12:15:49","action":"change-status","newStatus":"draft","terms":[],"taxonomy":"category","extraData":[]},"publishpress_future_workflow_manual_trigger":{"enabledWorkflows":[]},"_links":{"self":[{"href":"https:\/\/regiaonews.net.br\/2022\/wp-json\/wp\/v2\/posts\/93187","targetHints":{"allow":["GET"]}}],"collection":[{"href":"https:\/\/regiaonews.net.br\/2022\/wp-json\/wp\/v2\/posts"}],"about":[{"href":"https:\/\/regiaonews.net.br\/2022\/wp-json\/wp\/v2\/types\/post"}],"author":[{"embeddable":true,"href":"https:\/\/regiaonews.net.br\/2022\/wp-json\/wp\/v2\/users\/2"}],"replies":[{"embeddable":true,"href":"https:\/\/regiaonews.net.br\/2022\/wp-json\/wp\/v2\/comments?post=93187"}],"version-history":[{"count":1,"href":"https:\/\/regiaonews.net.br\/2022\/wp-json\/wp\/v2\/posts\/93187\/revisions"}],"predecessor-version":[{"id":93189,"href":"https:\/\/regiaonews.net.br\/2022\/wp-json\/wp\/v2\/posts\/93187\/revisions\/93189"}],"wp:featuredmedia":[{"embeddable":true,"href":"https:\/\/regiaonews.net.br\/2022\/wp-json\/wp\/v2\/media\/93188"}],"wp:attachment":[{"href":"https:\/\/regiaonews.net.br\/2022\/wp-json\/wp\/v2\/media?parent=93187"}],"wp:term":[{"taxonomy":"category","embeddable":true,"href":"https:\/\/regiaonews.net.br\/2022\/wp-json\/wp\/v2\/categories?post=93187"},{"taxonomy":"post_tag","embeddable":true,"href":"https:\/\/regiaonews.net.br\/2022\/wp-json\/wp\/v2\/tags?post=93187"}],"curies":[{"name":"wp","href":"https:\/\/api.w.org\/{rel}","templated":true}]}}