{"id":93175,"date":"2023-08-10T11:17:18","date_gmt":"2023-08-10T14:17:18","guid":{"rendered":"https:\/\/regiaonews.net.br\/2022\/?p=93175"},"modified":"2023-08-10T11:21:20","modified_gmt":"2023-08-10T14:21:20","slug":"caso-de-tortura-de-criancas-e-investigado-pela-delegacia-de-colina","status":"publish","type":"post","link":"https:\/\/regiaonews.net.br\/2022\/2023\/08\/10\/caso-de-tortura-de-criancas-e-investigado-pela-delegacia-de-colina\/","title":{"rendered":"Caso de tortura de crian\u00e7as  \u00e9 investigado pela Delegacia de Colina"},"content":{"rendered":"<p>A\u00a0Pol\u00edcia Civil de Colina abriu investiga\u00e7\u00f5es para apurar um caso de tortura, envolvendo um casal e tendo como v\u00edtimas dois irm\u00e3os, com idade entre 7 e 6 anos em Colina. Os suspeitos s\u00e3o uma \u00a0mulher de 29 e o homem de 31 anos.<\/p>\n<p>A\u00a0investiga\u00e7\u00e3o coordenada pelo delegado Gustavo Rodrigo Lopes Coelho teve in\u00edcio no dia 26 do m\u00eas passado, ap\u00f3s uma den\u00fancia feita pelo Conselho Tutelar, que tomou conhecimento das poss\u00edveis\u00a0agress\u00f5es que estariam sendo praticadas pelo casal contra as crian\u00e7as. O delegado Gustavo determinou o registro do boletim de ocorr\u00eancia a princ\u00edpio de maus-tratos e tortura, colhendo a declara\u00e7\u00e3o de todos os envolvidos e fotos das agress\u00f5es, tendo inclusive laudo do \u00a0Instituto M\u00e9dico Legal confirmando as les\u00f5es foram causadas por agress\u00f5es.<\/p>\n<p>Durante\u00a0a investiga\u00e7\u00e3o apurou-se que os suspeitos estavam participando de um processo de ado\u00e7\u00e3o das crian\u00e7as, que encontrava-se em fase final, inclusive eles tinham a guarda provis\u00f3ria e apenas aguardavam o tramite legal para ficar com elas em definitivo.<\/p>\n<p>&nbsp;<\/p>\n","protected":false},"excerpt":{"rendered":"<p>A\u00a0Pol\u00edcia Civil de Colina abriu investiga\u00e7\u00f5es para apurar um caso<\/p>\n","protected":false},"author":2,"featured_media":93176,"comment_status":"open","ping_status":"open","sticky":false,"template":"","format":"standard","meta":{"footnotes":""},"categories":[5,23],"tags":[],"class_list":["post-93175","post","type-post","status-publish","format-standard","has-post-thumbnail","hentry","category-colina","category-policia"],"yoast_head":"<!-- This site is optimized with the Yoast SEO plugin v27.5 - https:\/\/yoast.com\/product\/yoast-seo-wordpress\/ -->\n<title>Caso de tortura de crian\u00e7as de Colina \u00e9 investigado pela<\/title>\n<meta name=\"robots\" content=\"index, follow, max-snippet:-1, max-image-preview:large, max-video-preview:-1\" \/>\n<link rel=\"canonical\" href=\"https:\/\/regiaonews.net.br\/2022\/2023\/08\/10\/caso-de-tortura-de-criancas-e-investigado-pela-delegacia-de-colina\/\" \/>\n<meta property=\"og:locale\" content=\"pt_BR\" \/>\n<meta property=\"og:type\" content=\"article\" \/>\n<meta property=\"og:title\" content=\"Caso de tortura de crian\u00e7as de Colina \u00e9 investigado pela\" \/>\n<meta property=\"og:description\" content=\"A\u00a0Pol\u00edcia Civil de Colina abriu investiga\u00e7\u00f5es para apurar um caso\" \/>\n<meta property=\"og:url\" content=\"https:\/\/regiaonews.net.br\/2022\/2023\/08\/10\/caso-de-tortura-de-criancas-e-investigado-pela-delegacia-de-colina\/\" \/>\n<meta property=\"og:site_name\" content=\"Regi\u00e3o News\" \/>\n<meta property=\"article:published_time\" content=\"2023-08-10T14:17:18+00:00\" \/>\n<meta property=\"article:modified_time\" content=\"2023-08-10T14:21:20+00:00\" \/>\n<meta property=\"og:image\" content=\"https:\/\/regiaonews.net.br\/2022\/wp-content\/uploads\/2023\/08\/Delegacia-de-Colina.jpg\" \/>\n\t<meta property=\"og:image:width\" content=\"748\" \/>\n\t<meta property=\"og:image:height\" content=\"419\" \/>\n\t<meta property=\"og:image:type\" content=\"image\/jpeg\" \/>\n<meta name=\"author\" content=\"Roberto\" \/>\n<meta name=\"twitter:card\" content=\"summary_large_image\" \/>\n<meta name=\"twitter:label1\" content=\"Escrito por\" \/>\n\t<meta name=\"twitter:data1\" content=\"Roberto\" \/>\n\t<meta name=\"twitter:label2\" content=\"Est. tempo de leitura\" \/>\n\t<meta name=\"twitter:data2\" content=\"1 minuto\" \/>\n<script type=\"application\/ld+json\" class=\"yoast-schema-graph\">{\"@context\":\"https:\\\/\\\/schema.org\",\"@graph\":[{\"@type\":\"Article\",\"@id\":\"https:\\\/\\\/regiaonews.net.br\\\/2022\\\/2023\\\/08\\\/10\\\/caso-de-tortura-de-criancas-e-investigado-pela-delegacia-de-colina\\\/#article\",\"isPartOf\":{\"@id\":\"https:\\\/\\\/regiaonews.net.br\\\/2022\\\/2023\\\/08\\\/10\\\/caso-de-tortura-de-criancas-e-investigado-pela-delegacia-de-colina\\\/\"},\"author\":{\"name\":\"Roberto\",\"@id\":\"https:\\\/\\\/regiaonews.net.br\\\/2022\\\/#\\\/schema\\\/person\\\/2d205a608a5aa97ac279d7a5e6d89ad8\"},\"headline\":\"Caso de tortura de crian\u00e7as \u00e9 investigado pela Delegacia de Colina\",\"datePublished\":\"2023-08-10T14:17:18+00:00\",\"dateModified\":\"2023-08-10T14:21:20+00:00\",\"mainEntityOfPage\":{\"@id\":\"https:\\\/\\\/regiaonews.net.br\\\/2022\\\/2023\\\/08\\\/10\\\/caso-de-tortura-de-criancas-e-investigado-pela-delegacia-de-colina\\\/\"},\"wordCount\":194,\"commentCount\":0,\"publisher\":{\"@id\":\"https:\\\/\\\/regiaonews.net.br\\\/2022\\\/#organization\"},\"image\":{\"@id\":\"https:\\\/\\\/regiaonews.net.br\\\/2022\\\/2023\\\/08\\\/10\\\/caso-de-tortura-de-criancas-e-investigado-pela-delegacia-de-colina\\\/#primaryimage\"},\"thumbnailUrl\":\"https:\\\/\\\/regiaonews.net.br\\\/2022\\\/wp-content\\\/uploads\\\/2023\\\/08\\\/Delegacia-de-Colina.jpg\",\"articleSection\":[\"Colina\",\"Policia\"],\"inLanguage\":\"pt-BR\",\"potentialAction\":[{\"@type\":\"CommentAction\",\"name\":\"Comment\",\"target\":[\"https:\\\/\\\/regiaonews.net.br\\\/2022\\\/2023\\\/08\\\/10\\\/caso-de-tortura-de-criancas-e-investigado-pela-delegacia-de-colina\\\/#respond\"]}]},{\"@type\":\"WebPage\",\"@id\":\"https:\\\/\\\/regiaonews.net.br\\\/2022\\\/2023\\\/08\\\/10\\\/caso-de-tortura-de-criancas-e-investigado-pela-delegacia-de-colina\\\/\",\"url\":\"https:\\\/\\\/regiaonews.net.br\\\/2022\\\/2023\\\/08\\\/10\\\/caso-de-tortura-de-criancas-e-investigado-pela-delegacia-de-colina\\\/\",\"name\":\"Caso de tortura de crian\u00e7as de Colina \u00e9 investigado pela\",\"isPartOf\":{\"@id\":\"https:\\\/\\\/regiaonews.net.br\\\/2022\\\/#website\"},\"primaryImageOfPage\":{\"@id\":\"https:\\\/\\\/regiaonews.net.br\\\/2022\\\/2023\\\/08\\\/10\\\/caso-de-tortura-de-criancas-e-investigado-pela-delegacia-de-colina\\\/#primaryimage\"},\"image\":{\"@id\":\"https:\\\/\\\/regiaonews.net.br\\\/2022\\\/2023\\\/08\\\/10\\\/caso-de-tortura-de-criancas-e-investigado-pela-delegacia-de-colina\\\/#primaryimage\"},\"thumbnailUrl\":\"https:\\\/\\\/regiaonews.net.br\\\/2022\\\/wp-content\\\/uploads\\\/2023\\\/08\\\/Delegacia-de-Colina.jpg\",\"datePublished\":\"2023-08-10T14:17:18+00:00\",\"dateModified\":\"2023-08-10T14:21:20+00:00\",\"breadcrumb\":{\"@id\":\"https:\\\/\\\/regiaonews.net.br\\\/2022\\\/2023\\\/08\\\/10\\\/caso-de-tortura-de-criancas-e-investigado-pela-delegacia-de-colina\\\/#breadcrumb\"},\"inLanguage\":\"pt-BR\",\"potentialAction\":[{\"@type\":\"ReadAction\",\"target\":[\"https:\\\/\\\/regiaonews.net.br\\\/2022\\\/2023\\\/08\\\/10\\\/caso-de-tortura-de-criancas-e-investigado-pela-delegacia-de-colina\\\/\"]}]},{\"@type\":\"ImageObject\",\"inLanguage\":\"pt-BR\",\"@id\":\"https:\\\/\\\/regiaonews.net.br\\\/2022\\\/2023\\\/08\\\/10\\\/caso-de-tortura-de-criancas-e-investigado-pela-delegacia-de-colina\\\/#primaryimage\",\"url\":\"https:\\\/\\\/regiaonews.net.br\\\/2022\\\/wp-content\\\/uploads\\\/2023\\\/08\\\/Delegacia-de-Colina.jpg\",\"contentUrl\":\"https:\\\/\\\/regiaonews.net.br\\\/2022\\\/wp-content\\\/uploads\\\/2023\\\/08\\\/Delegacia-de-Colina.jpg\",\"width\":748,\"height\":419},{\"@type\":\"BreadcrumbList\",\"@id\":\"https:\\\/\\\/regiaonews.net.br\\\/2022\\\/2023\\\/08\\\/10\\\/caso-de-tortura-de-criancas-e-investigado-pela-delegacia-de-colina\\\/#breadcrumb\",\"itemListElement\":[{\"@type\":\"ListItem\",\"position\":1,\"name\":\"In\u00edcio\",\"item\":\"https:\\\/\\\/regiaonews.net.br\\\/2022\\\/\"},{\"@type\":\"ListItem\",\"position\":2,\"name\":\"Caso de tortura de crian\u00e7as \u00e9 investigado pela Delegacia de Colina\"}]},{\"@type\":\"WebSite\",\"@id\":\"https:\\\/\\\/regiaonews.net.br\\\/2022\\\/#website\",\"url\":\"https:\\\/\\\/regiaonews.net.br\\\/2022\\\/\",\"name\":\"Regi\u00e3o News\",\"description\":\"Site de Not\u00edcias de Barretos e regi\u00e3o\",\"publisher\":{\"@id\":\"https:\\\/\\\/regiaonews.net.br\\\/2022\\\/#organization\"},\"potentialAction\":[{\"@type\":\"SearchAction\",\"target\":{\"@type\":\"EntryPoint\",\"urlTemplate\":\"https:\\\/\\\/regiaonews.net.br\\\/2022\\\/?s={search_term_string}\"},\"query-input\":{\"@type\":\"PropertyValueSpecification\",\"valueRequired\":true,\"valueName\":\"search_term_string\"}}],\"inLanguage\":\"pt-BR\"},{\"@type\":\"Organization\",\"@id\":\"https:\\\/\\\/regiaonews.net.br\\\/2022\\\/#organization\",\"name\":\"Regi\u00e3o News\",\"url\":\"https:\\\/\\\/regiaonews.net.br\\\/2022\\\/\",\"logo\":{\"@type\":\"ImageObject\",\"inLanguage\":\"pt-BR\",\"@id\":\"https:\\\/\\\/regiaonews.net.br\\\/2022\\\/#\\\/schema\\\/logo\\\/image\\\/\",\"url\":\"https:\\\/\\\/regiaonews.net.br\\\/2022\\\/wp-content\\\/uploads\\\/2026\\\/03\\\/regiao-13-anos-scaled.jpg\",\"contentUrl\":\"https:\\\/\\\/regiaonews.net.br\\\/2022\\\/wp-content\\\/uploads\\\/2026\\\/03\\\/regiao-13-anos-scaled.jpg\",\"width\":2560,\"height\":635,\"caption\":\"Regi\u00e3o News\"},\"image\":{\"@id\":\"https:\\\/\\\/regiaonews.net.br\\\/2022\\\/#\\\/schema\\\/logo\\\/image\\\/\"}},{\"@type\":\"Person\",\"@id\":\"https:\\\/\\\/regiaonews.net.br\\\/2022\\\/#\\\/schema\\\/person\\\/2d205a608a5aa97ac279d7a5e6d89ad8\",\"name\":\"Roberto\",\"image\":{\"@type\":\"ImageObject\",\"inLanguage\":\"pt-BR\",\"@id\":\"https:\\\/\\\/secure.gravatar.com\\\/avatar\\\/42749d8b712ff9d59ca93dc150494e5b55a44134482993f5baeb97e61b7ecc89?s=96&d=mm&r=g\",\"url\":\"https:\\\/\\\/secure.gravatar.com\\\/avatar\\\/42749d8b712ff9d59ca93dc150494e5b55a44134482993f5baeb97e61b7ecc89?s=96&d=mm&r=g\",\"contentUrl\":\"https:\\\/\\\/secure.gravatar.com\\\/avatar\\\/42749d8b712ff9d59ca93dc150494e5b55a44134482993f5baeb97e61b7ecc89?s=96&d=mm&r=g\",\"caption\":\"Roberto\"},\"url\":\"https:\\\/\\\/regiaonews.net.br\\\/2022\\\/author\\\/roberto\\\/\"}]}<\/script>\n<!-- \/ Yoast SEO plugin. -->","yoast_head_json":{"title":"Caso de tortura de crian\u00e7as de Colina \u00e9 investigado pela","robots":{"index":"index","follow":"follow","max-snippet":"max-snippet:-1","max-image-preview":"max-image-preview:large","max-video-preview":"max-video-preview:-1"},"canonical":"https:\/\/regiaonews.net.br\/2022\/2023\/08\/10\/caso-de-tortura-de-criancas-e-investigado-pela-delegacia-de-colina\/","og_locale":"pt_BR","og_type":"article","og_title":"Caso de tortura de crian\u00e7as de Colina \u00e9 investigado pela","og_description":"A\u00a0Pol\u00edcia Civil de Colina abriu investiga\u00e7\u00f5es para apurar um caso","og_url":"https:\/\/regiaonews.net.br\/2022\/2023\/08\/10\/caso-de-tortura-de-criancas-e-investigado-pela-delegacia-de-colina\/","og_site_name":"Regi\u00e3o News","article_published_time":"2023-08-10T14:17:18+00:00","article_modified_time":"2023-08-10T14:21:20+00:00","og_image":[{"width":748,"height":419,"url":"https:\/\/regiaonews.net.br\/2022\/wp-content\/uploads\/2023\/08\/Delegacia-de-Colina.jpg","type":"image\/jpeg"}],"author":"Roberto","twitter_card":"summary_large_image","twitter_misc":{"Escrito por":"Roberto","Est. tempo de leitura":"1 minuto"},"schema":{"@context":"https:\/\/schema.org","@graph":[{"@type":"Article","@id":"https:\/\/regiaonews.net.br\/2022\/2023\/08\/10\/caso-de-tortura-de-criancas-e-investigado-pela-delegacia-de-colina\/#article","isPartOf":{"@id":"https:\/\/regiaonews.net.br\/2022\/2023\/08\/10\/caso-de-tortura-de-criancas-e-investigado-pela-delegacia-de-colina\/"},"author":{"name":"Roberto","@id":"https:\/\/regiaonews.net.br\/2022\/#\/schema\/person\/2d205a608a5aa97ac279d7a5e6d89ad8"},"headline":"Caso de tortura de crian\u00e7as \u00e9 investigado pela Delegacia de Colina","datePublished":"2023-08-10T14:17:18+00:00","dateModified":"2023-08-10T14:21:20+00:00","mainEntityOfPage":{"@id":"https:\/\/regiaonews.net.br\/2022\/2023\/08\/10\/caso-de-tortura-de-criancas-e-investigado-pela-delegacia-de-colina\/"},"wordCount":194,"commentCount":0,"publisher":{"@id":"https:\/\/regiaonews.net.br\/2022\/#organization"},"image":{"@id":"https:\/\/regiaonews.net.br\/2022\/2023\/08\/10\/caso-de-tortura-de-criancas-e-investigado-pela-delegacia-de-colina\/#primaryimage"},"thumbnailUrl":"https:\/\/regiaonews.net.br\/2022\/wp-content\/uploads\/2023\/08\/Delegacia-de-Colina.jpg","articleSection":["Colina","Policia"],"inLanguage":"pt-BR","potentialAction":[{"@type":"CommentAction","name":"Comment","target":["https:\/\/regiaonews.net.br\/2022\/2023\/08\/10\/caso-de-tortura-de-criancas-e-investigado-pela-delegacia-de-colina\/#respond"]}]},{"@type":"WebPage","@id":"https:\/\/regiaonews.net.br\/2022\/2023\/08\/10\/caso-de-tortura-de-criancas-e-investigado-pela-delegacia-de-colina\/","url":"https:\/\/regiaonews.net.br\/2022\/2023\/08\/10\/caso-de-tortura-de-criancas-e-investigado-pela-delegacia-de-colina\/","name":"Caso de tortura de crian\u00e7as de Colina \u00e9 investigado pela","isPartOf":{"@id":"https:\/\/regiaonews.net.br\/2022\/#website"},"primaryImageOfPage":{"@id":"https:\/\/regiaonews.net.br\/2022\/2023\/08\/10\/caso-de-tortura-de-criancas-e-investigado-pela-delegacia-de-colina\/#primaryimage"},"image":{"@id":"https:\/\/regiaonews.net.br\/2022\/2023\/08\/10\/caso-de-tortura-de-criancas-e-investigado-pela-delegacia-de-colina\/#primaryimage"},"thumbnailUrl":"https:\/\/regiaonews.net.br\/2022\/wp-content\/uploads\/2023\/08\/Delegacia-de-Colina.jpg","datePublished":"2023-08-10T14:17:18+00:00","dateModified":"2023-08-10T14:21:20+00:00","breadcrumb":{"@id":"https:\/\/regiaonews.net.br\/2022\/2023\/08\/10\/caso-de-tortura-de-criancas-e-investigado-pela-delegacia-de-colina\/#breadcrumb"},"inLanguage":"pt-BR","potentialAction":[{"@type":"ReadAction","target":["https:\/\/regiaonews.net.br\/2022\/2023\/08\/10\/caso-de-tortura-de-criancas-e-investigado-pela-delegacia-de-colina\/"]}]},{"@type":"ImageObject","inLanguage":"pt-BR","@id":"https:\/\/regiaonews.net.br\/2022\/2023\/08\/10\/caso-de-tortura-de-criancas-e-investigado-pela-delegacia-de-colina\/#primaryimage","url":"https:\/\/regiaonews.net.br\/2022\/wp-content\/uploads\/2023\/08\/Delegacia-de-Colina.jpg","contentUrl":"https:\/\/regiaonews.net.br\/2022\/wp-content\/uploads\/2023\/08\/Delegacia-de-Colina.jpg","width":748,"height":419},{"@type":"BreadcrumbList","@id":"https:\/\/regiaonews.net.br\/2022\/2023\/08\/10\/caso-de-tortura-de-criancas-e-investigado-pela-delegacia-de-colina\/#breadcrumb","itemListElement":[{"@type":"ListItem","position":1,"name":"In\u00edcio","item":"https:\/\/regiaonews.net.br\/2022\/"},{"@type":"ListItem","position":2,"name":"Caso de tortura de crian\u00e7as \u00e9 investigado pela Delegacia de Colina"}]},{"@type":"WebSite","@id":"https:\/\/regiaonews.net.br\/2022\/#website","url":"https:\/\/regiaonews.net.br\/2022\/","name":"Regi\u00e3o News","description":"Site de Not\u00edcias de Barretos e regi\u00e3o","publisher":{"@id":"https:\/\/regiaonews.net.br\/2022\/#organization"},"potentialAction":[{"@type":"SearchAction","target":{"@type":"EntryPoint","urlTemplate":"https:\/\/regiaonews.net.br\/2022\/?s={search_term_string}"},"query-input":{"@type":"PropertyValueSpecification","valueRequired":true,"valueName":"search_term_string"}}],"inLanguage":"pt-BR"},{"@type":"Organization","@id":"https:\/\/regiaonews.net.br\/2022\/#organization","name":"Regi\u00e3o News","url":"https:\/\/regiaonews.net.br\/2022\/","logo":{"@type":"ImageObject","inLanguage":"pt-BR","@id":"https:\/\/regiaonews.net.br\/2022\/#\/schema\/logo\/image\/","url":"https:\/\/regiaonews.net.br\/2022\/wp-content\/uploads\/2026\/03\/regiao-13-anos-scaled.jpg","contentUrl":"https:\/\/regiaonews.net.br\/2022\/wp-content\/uploads\/2026\/03\/regiao-13-anos-scaled.jpg","width":2560,"height":635,"caption":"Regi\u00e3o News"},"image":{"@id":"https:\/\/regiaonews.net.br\/2022\/#\/schema\/logo\/image\/"}},{"@type":"Person","@id":"https:\/\/regiaonews.net.br\/2022\/#\/schema\/person\/2d205a608a5aa97ac279d7a5e6d89ad8","name":"Roberto","image":{"@type":"ImageObject","inLanguage":"pt-BR","@id":"https:\/\/secure.gravatar.com\/avatar\/42749d8b712ff9d59ca93dc150494e5b55a44134482993f5baeb97e61b7ecc89?s=96&d=mm&r=g","url":"https:\/\/secure.gravatar.com\/avatar\/42749d8b712ff9d59ca93dc150494e5b55a44134482993f5baeb97e61b7ecc89?s=96&d=mm&r=g","contentUrl":"https:\/\/secure.gravatar.com\/avatar\/42749d8b712ff9d59ca93dc150494e5b55a44134482993f5baeb97e61b7ecc89?s=96&d=mm&r=g","caption":"Roberto"},"url":"https:\/\/regiaonews.net.br\/2022\/author\/roberto\/"}]}},"publishpress_future_action":{"enabled":false,"date":"2026-05-10 07:52:05","action":"change-status","newStatus":"draft","terms":[],"taxonomy":"category","extraData":[]},"publishpress_future_workflow_manual_trigger":{"enabledWorkflows":[]},"_links":{"self":[{"href":"https:\/\/regiaonews.net.br\/2022\/wp-json\/wp\/v2\/posts\/93175","targetHints":{"allow":["GET"]}}],"collection":[{"href":"https:\/\/regiaonews.net.br\/2022\/wp-json\/wp\/v2\/posts"}],"about":[{"href":"https:\/\/regiaonews.net.br\/2022\/wp-json\/wp\/v2\/types\/post"}],"author":[{"embeddable":true,"href":"https:\/\/regiaonews.net.br\/2022\/wp-json\/wp\/v2\/users\/2"}],"replies":[{"embeddable":true,"href":"https:\/\/regiaonews.net.br\/2022\/wp-json\/wp\/v2\/comments?post=93175"}],"version-history":[{"count":3,"href":"https:\/\/regiaonews.net.br\/2022\/wp-json\/wp\/v2\/posts\/93175\/revisions"}],"predecessor-version":[{"id":93180,"href":"https:\/\/regiaonews.net.br\/2022\/wp-json\/wp\/v2\/posts\/93175\/revisions\/93180"}],"wp:featuredmedia":[{"embeddable":true,"href":"https:\/\/regiaonews.net.br\/2022\/wp-json\/wp\/v2\/media\/93176"}],"wp:attachment":[{"href":"https:\/\/regiaonews.net.br\/2022\/wp-json\/wp\/v2\/media?parent=93175"}],"wp:term":[{"taxonomy":"category","embeddable":true,"href":"https:\/\/regiaonews.net.br\/2022\/wp-json\/wp\/v2\/categories?post=93175"},{"taxonomy":"post_tag","embeddable":true,"href":"https:\/\/regiaonews.net.br\/2022\/wp-json\/wp\/v2\/tags?post=93175"}],"curies":[{"name":"wp","href":"https:\/\/api.w.org\/{rel}","templated":true}]}}