{"id":93145,"date":"2023-08-09T19:33:47","date_gmt":"2023-08-09T22:33:47","guid":{"rendered":"https:\/\/regiaonews.net.br\/2022\/?p=93145"},"modified":"2023-08-09T19:33:47","modified_gmt":"2023-08-09T22:33:47","slug":"prefeitura-inicia-recapeamento-da-avenida-joao-baroni-no-jardim-soares","status":"publish","type":"post","link":"https:\/\/regiaonews.net.br\/2022\/2023\/08\/09\/prefeitura-inicia-recapeamento-da-avenida-joao-baroni-no-jardim-soares\/","title":{"rendered":"Prefeitura inicia recapeamento da Avenida Jo\u00e3o Baroni, no Jardim Soares"},"content":{"rendered":"<p>Trecho, entre as Avenidas Jos\u00e9 Bampa e Prof. Roberto Frade Monte, faz parte do pacote de obras de infraestrutura que est\u00e1 levando melhorias \u00e0 regi\u00e3o do Hospital de Amor<\/p>\n<p>A Prefeitura da Est\u00e2ncia Tur\u00edstica de Barretos, por meio da Secretaria Municipal de Obras e Servi\u00e7os Urbanos, iniciou nesta quarta-feira, 9 de agosto, a pavimenta\u00e7\u00e3o asf\u00e1ltica da Avenida Jo\u00e3o Baroni, no Jardim Soares.<br \/>\nO trecho, entre as avenidas Jos\u00e9 Bampa e Prof. Roberto Frade Monte, faz parte do pacote de obras de infraestrutura que leva melhorias para vias p\u00fablicas que d\u00e3o acesso \u00e0 Pra\u00e7a Casa da Ora\u00e7\u00e3o, na regi\u00e3o do Hospital de Amor. \u201cEstamos trabalhando muito para a renova\u00e7\u00e3o da malha asf\u00e1ltica da cidade. Tivemos o prazer de anunciar a pavimenta\u00e7\u00e3o do Barretos II no in\u00edcio da semana, mas aqui na regi\u00e3o do Hospital de Amor, que recebe barretenses e pacientes de todo Brasil, o trabalho est\u00e1 a todo vapor. Os dois lados da Avenida Jo\u00e3o Baroni devem ser conclu\u00eddos em poucos dias\u201d, contou o secret\u00e1rio municipal de Obras e Servi\u00e7os Urbanos, Pl\u00e1cido Martins Junior.<br \/>\nO recape tamb\u00e9m est\u00e1 previsto para a Avenida Jos\u00e9 Bampa, entre a Rua Braulino Maria Barbosa e a Avenida Jo\u00e3o Baroni, e para a Rua Chile, entre a Avenida Jo\u00e3o Batista da Rocha e a Avenida Almirante Gago Coutinho.<br \/>\nServi\u00e7o em andamento<br \/>\nPrimeiro local a receber as melhorias, a Avenida Jo\u00e3o Batista da Rocha teve os servi\u00e7os de drenagem conclu\u00eddos. Na via, est\u00e1 em andamento a constru\u00e7\u00e3o de cal\u00e7adas com rampas de acessibilidade e canteiro central com pista de caminhada. Esta etapa da obra \u00e9 realizada no trecho que vai do acesso \u00e0 Rodovia Brigadeiro Faria Lima (SP 326) at\u00e9 a Rua Braulino Maria Barbosa.<br \/>\nO valor total da obra \u00e9 de R$ 3.474.079,65, sendo R$ 3.349.137,00 provenientes de repasse do Governo Federal, atrav\u00e9s do Minist\u00e9rio do Turismo \u2013 MTUR, mais contrapartida da prefeitura no valor de R$ 124.942,65.<\/p>\n","protected":false},"excerpt":{"rendered":"<p>Trecho, entre as Avenidas Jos\u00e9 Bampa e Prof. Roberto Frade<\/p>\n","protected":false},"author":2,"featured_media":93146,"comment_status":"open","ping_status":"open","sticky":false,"template":"","format":"standard","meta":{"footnotes":""},"categories":[14,25],"tags":[],"class_list":["post-93145","post","type-post","status-publish","format-standard","has-post-thumbnail","hentry","category-barretos","category-cidades"],"yoast_head":"<!-- This site is optimized with the Yoast SEO plugin v27.5 - https:\/\/yoast.com\/product\/yoast-seo-wordpress\/ -->\n<title>Prefeitura inicia recapeamento da Avenida Jo\u00e3o Baroni, no Jardim Soares - Regi\u00e3o News<\/title>\n<meta name=\"robots\" content=\"index, follow, max-snippet:-1, max-image-preview:large, max-video-preview:-1\" \/>\n<link rel=\"canonical\" href=\"https:\/\/regiaonews.net.br\/2022\/2023\/08\/09\/prefeitura-inicia-recapeamento-da-avenida-joao-baroni-no-jardim-soares\/\" \/>\n<meta property=\"og:locale\" content=\"pt_BR\" \/>\n<meta property=\"og:type\" content=\"article\" \/>\n<meta property=\"og:title\" content=\"Prefeitura inicia recapeamento da Avenida Jo\u00e3o Baroni, no Jardim Soares - Regi\u00e3o News\" \/>\n<meta property=\"og:description\" content=\"Trecho, entre as Avenidas Jos\u00e9 Bampa e Prof. Roberto Frade\" \/>\n<meta property=\"og:url\" content=\"https:\/\/regiaonews.net.br\/2022\/2023\/08\/09\/prefeitura-inicia-recapeamento-da-avenida-joao-baroni-no-jardim-soares\/\" \/>\n<meta property=\"og:site_name\" content=\"Regi\u00e3o News\" \/>\n<meta property=\"article:published_time\" content=\"2023-08-09T22:33:47+00:00\" \/>\n<meta property=\"og:image\" content=\"https:\/\/regiaonews.net.br\/2022\/wp-content\/uploads\/2023\/08\/WhatsApp-Image-2023-08-09-at-18.08.17.jpeg\" \/>\n\t<meta property=\"og:image:width\" content=\"1592\" \/>\n\t<meta property=\"og:image:height\" content=\"1060\" \/>\n\t<meta property=\"og:image:type\" content=\"image\/jpeg\" \/>\n<meta name=\"author\" content=\"Roberto\" \/>\n<meta name=\"twitter:card\" content=\"summary_large_image\" \/>\n<meta name=\"twitter:label1\" content=\"Escrito por\" \/>\n\t<meta name=\"twitter:data1\" content=\"Roberto\" \/>\n\t<meta name=\"twitter:label2\" content=\"Est. tempo de leitura\" \/>\n\t<meta name=\"twitter:data2\" content=\"2 minutos\" \/>\n<script type=\"application\/ld+json\" class=\"yoast-schema-graph\">{\"@context\":\"https:\\\/\\\/schema.org\",\"@graph\":[{\"@type\":\"Article\",\"@id\":\"https:\\\/\\\/regiaonews.net.br\\\/2022\\\/2023\\\/08\\\/09\\\/prefeitura-inicia-recapeamento-da-avenida-joao-baroni-no-jardim-soares\\\/#article\",\"isPartOf\":{\"@id\":\"https:\\\/\\\/regiaonews.net.br\\\/2022\\\/2023\\\/08\\\/09\\\/prefeitura-inicia-recapeamento-da-avenida-joao-baroni-no-jardim-soares\\\/\"},\"author\":{\"name\":\"Roberto\",\"@id\":\"https:\\\/\\\/regiaonews.net.br\\\/2022\\\/#\\\/schema\\\/person\\\/2d205a608a5aa97ac279d7a5e6d89ad8\"},\"headline\":\"Prefeitura inicia recapeamento da Avenida Jo\u00e3o Baroni, no Jardim Soares\",\"datePublished\":\"2023-08-09T22:33:47+00:00\",\"mainEntityOfPage\":{\"@id\":\"https:\\\/\\\/regiaonews.net.br\\\/2022\\\/2023\\\/08\\\/09\\\/prefeitura-inicia-recapeamento-da-avenida-joao-baroni-no-jardim-soares\\\/\"},\"wordCount\":346,\"commentCount\":0,\"publisher\":{\"@id\":\"https:\\\/\\\/regiaonews.net.br\\\/2022\\\/#organization\"},\"image\":{\"@id\":\"https:\\\/\\\/regiaonews.net.br\\\/2022\\\/2023\\\/08\\\/09\\\/prefeitura-inicia-recapeamento-da-avenida-joao-baroni-no-jardim-soares\\\/#primaryimage\"},\"thumbnailUrl\":\"https:\\\/\\\/regiaonews.net.br\\\/2022\\\/wp-content\\\/uploads\\\/2023\\\/08\\\/WhatsApp-Image-2023-08-09-at-18.08.17.jpeg\",\"articleSection\":[\"Barretos\",\"Cidades\"],\"inLanguage\":\"pt-BR\",\"potentialAction\":[{\"@type\":\"CommentAction\",\"name\":\"Comment\",\"target\":[\"https:\\\/\\\/regiaonews.net.br\\\/2022\\\/2023\\\/08\\\/09\\\/prefeitura-inicia-recapeamento-da-avenida-joao-baroni-no-jardim-soares\\\/#respond\"]}]},{\"@type\":\"WebPage\",\"@id\":\"https:\\\/\\\/regiaonews.net.br\\\/2022\\\/2023\\\/08\\\/09\\\/prefeitura-inicia-recapeamento-da-avenida-joao-baroni-no-jardim-soares\\\/\",\"url\":\"https:\\\/\\\/regiaonews.net.br\\\/2022\\\/2023\\\/08\\\/09\\\/prefeitura-inicia-recapeamento-da-avenida-joao-baroni-no-jardim-soares\\\/\",\"name\":\"Prefeitura inicia recapeamento da Avenida Jo\u00e3o Baroni, no Jardim Soares - Regi\u00e3o News\",\"isPartOf\":{\"@id\":\"https:\\\/\\\/regiaonews.net.br\\\/2022\\\/#website\"},\"primaryImageOfPage\":{\"@id\":\"https:\\\/\\\/regiaonews.net.br\\\/2022\\\/2023\\\/08\\\/09\\\/prefeitura-inicia-recapeamento-da-avenida-joao-baroni-no-jardim-soares\\\/#primaryimage\"},\"image\":{\"@id\":\"https:\\\/\\\/regiaonews.net.br\\\/2022\\\/2023\\\/08\\\/09\\\/prefeitura-inicia-recapeamento-da-avenida-joao-baroni-no-jardim-soares\\\/#primaryimage\"},\"thumbnailUrl\":\"https:\\\/\\\/regiaonews.net.br\\\/2022\\\/wp-content\\\/uploads\\\/2023\\\/08\\\/WhatsApp-Image-2023-08-09-at-18.08.17.jpeg\",\"datePublished\":\"2023-08-09T22:33:47+00:00\",\"breadcrumb\":{\"@id\":\"https:\\\/\\\/regiaonews.net.br\\\/2022\\\/2023\\\/08\\\/09\\\/prefeitura-inicia-recapeamento-da-avenida-joao-baroni-no-jardim-soares\\\/#breadcrumb\"},\"inLanguage\":\"pt-BR\",\"potentialAction\":[{\"@type\":\"ReadAction\",\"target\":[\"https:\\\/\\\/regiaonews.net.br\\\/2022\\\/2023\\\/08\\\/09\\\/prefeitura-inicia-recapeamento-da-avenida-joao-baroni-no-jardim-soares\\\/\"]}]},{\"@type\":\"ImageObject\",\"inLanguage\":\"pt-BR\",\"@id\":\"https:\\\/\\\/regiaonews.net.br\\\/2022\\\/2023\\\/08\\\/09\\\/prefeitura-inicia-recapeamento-da-avenida-joao-baroni-no-jardim-soares\\\/#primaryimage\",\"url\":\"https:\\\/\\\/regiaonews.net.br\\\/2022\\\/wp-content\\\/uploads\\\/2023\\\/08\\\/WhatsApp-Image-2023-08-09-at-18.08.17.jpeg\",\"contentUrl\":\"https:\\\/\\\/regiaonews.net.br\\\/2022\\\/wp-content\\\/uploads\\\/2023\\\/08\\\/WhatsApp-Image-2023-08-09-at-18.08.17.jpeg\",\"width\":1592,\"height\":1060},{\"@type\":\"BreadcrumbList\",\"@id\":\"https:\\\/\\\/regiaonews.net.br\\\/2022\\\/2023\\\/08\\\/09\\\/prefeitura-inicia-recapeamento-da-avenida-joao-baroni-no-jardim-soares\\\/#breadcrumb\",\"itemListElement\":[{\"@type\":\"ListItem\",\"position\":1,\"name\":\"In\u00edcio\",\"item\":\"https:\\\/\\\/regiaonews.net.br\\\/2022\\\/\"},{\"@type\":\"ListItem\",\"position\":2,\"name\":\"Prefeitura inicia recapeamento da Avenida Jo\u00e3o Baroni, no Jardim Soares\"}]},{\"@type\":\"WebSite\",\"@id\":\"https:\\\/\\\/regiaonews.net.br\\\/2022\\\/#website\",\"url\":\"https:\\\/\\\/regiaonews.net.br\\\/2022\\\/\",\"name\":\"Regi\u00e3o News\",\"description\":\"Site de Not\u00edcias de Barretos e regi\u00e3o\",\"publisher\":{\"@id\":\"https:\\\/\\\/regiaonews.net.br\\\/2022\\\/#organization\"},\"potentialAction\":[{\"@type\":\"SearchAction\",\"target\":{\"@type\":\"EntryPoint\",\"urlTemplate\":\"https:\\\/\\\/regiaonews.net.br\\\/2022\\\/?s={search_term_string}\"},\"query-input\":{\"@type\":\"PropertyValueSpecification\",\"valueRequired\":true,\"valueName\":\"search_term_string\"}}],\"inLanguage\":\"pt-BR\"},{\"@type\":\"Organization\",\"@id\":\"https:\\\/\\\/regiaonews.net.br\\\/2022\\\/#organization\",\"name\":\"Regi\u00e3o News\",\"url\":\"https:\\\/\\\/regiaonews.net.br\\\/2022\\\/\",\"logo\":{\"@type\":\"ImageObject\",\"inLanguage\":\"pt-BR\",\"@id\":\"https:\\\/\\\/regiaonews.net.br\\\/2022\\\/#\\\/schema\\\/logo\\\/image\\\/\",\"url\":\"https:\\\/\\\/regiaonews.net.br\\\/2022\\\/wp-content\\\/uploads\\\/2026\\\/03\\\/regiao-13-anos-scaled.jpg\",\"contentUrl\":\"https:\\\/\\\/regiaonews.net.br\\\/2022\\\/wp-content\\\/uploads\\\/2026\\\/03\\\/regiao-13-anos-scaled.jpg\",\"width\":2560,\"height\":635,\"caption\":\"Regi\u00e3o News\"},\"image\":{\"@id\":\"https:\\\/\\\/regiaonews.net.br\\\/2022\\\/#\\\/schema\\\/logo\\\/image\\\/\"}},{\"@type\":\"Person\",\"@id\":\"https:\\\/\\\/regiaonews.net.br\\\/2022\\\/#\\\/schema\\\/person\\\/2d205a608a5aa97ac279d7a5e6d89ad8\",\"name\":\"Roberto\",\"image\":{\"@type\":\"ImageObject\",\"inLanguage\":\"pt-BR\",\"@id\":\"https:\\\/\\\/secure.gravatar.com\\\/avatar\\\/42749d8b712ff9d59ca93dc150494e5b55a44134482993f5baeb97e61b7ecc89?s=96&d=mm&r=g\",\"url\":\"https:\\\/\\\/secure.gravatar.com\\\/avatar\\\/42749d8b712ff9d59ca93dc150494e5b55a44134482993f5baeb97e61b7ecc89?s=96&d=mm&r=g\",\"contentUrl\":\"https:\\\/\\\/secure.gravatar.com\\\/avatar\\\/42749d8b712ff9d59ca93dc150494e5b55a44134482993f5baeb97e61b7ecc89?s=96&d=mm&r=g\",\"caption\":\"Roberto\"},\"url\":\"https:\\\/\\\/regiaonews.net.br\\\/2022\\\/author\\\/roberto\\\/\"}]}<\/script>\n<!-- \/ Yoast SEO plugin. -->","yoast_head_json":{"title":"Prefeitura inicia recapeamento da Avenida Jo\u00e3o Baroni, no Jardim Soares - Regi\u00e3o News","robots":{"index":"index","follow":"follow","max-snippet":"max-snippet:-1","max-image-preview":"max-image-preview:large","max-video-preview":"max-video-preview:-1"},"canonical":"https:\/\/regiaonews.net.br\/2022\/2023\/08\/09\/prefeitura-inicia-recapeamento-da-avenida-joao-baroni-no-jardim-soares\/","og_locale":"pt_BR","og_type":"article","og_title":"Prefeitura inicia recapeamento da Avenida Jo\u00e3o Baroni, no Jardim Soares - Regi\u00e3o News","og_description":"Trecho, entre as Avenidas Jos\u00e9 Bampa e Prof. Roberto Frade","og_url":"https:\/\/regiaonews.net.br\/2022\/2023\/08\/09\/prefeitura-inicia-recapeamento-da-avenida-joao-baroni-no-jardim-soares\/","og_site_name":"Regi\u00e3o News","article_published_time":"2023-08-09T22:33:47+00:00","og_image":[{"width":1592,"height":1060,"url":"https:\/\/regiaonews.net.br\/2022\/wp-content\/uploads\/2023\/08\/WhatsApp-Image-2023-08-09-at-18.08.17.jpeg","type":"image\/jpeg"}],"author":"Roberto","twitter_card":"summary_large_image","twitter_misc":{"Escrito por":"Roberto","Est. tempo de leitura":"2 minutos"},"schema":{"@context":"https:\/\/schema.org","@graph":[{"@type":"Article","@id":"https:\/\/regiaonews.net.br\/2022\/2023\/08\/09\/prefeitura-inicia-recapeamento-da-avenida-joao-baroni-no-jardim-soares\/#article","isPartOf":{"@id":"https:\/\/regiaonews.net.br\/2022\/2023\/08\/09\/prefeitura-inicia-recapeamento-da-avenida-joao-baroni-no-jardim-soares\/"},"author":{"name":"Roberto","@id":"https:\/\/regiaonews.net.br\/2022\/#\/schema\/person\/2d205a608a5aa97ac279d7a5e6d89ad8"},"headline":"Prefeitura inicia recapeamento da Avenida Jo\u00e3o Baroni, no Jardim Soares","datePublished":"2023-08-09T22:33:47+00:00","mainEntityOfPage":{"@id":"https:\/\/regiaonews.net.br\/2022\/2023\/08\/09\/prefeitura-inicia-recapeamento-da-avenida-joao-baroni-no-jardim-soares\/"},"wordCount":346,"commentCount":0,"publisher":{"@id":"https:\/\/regiaonews.net.br\/2022\/#organization"},"image":{"@id":"https:\/\/regiaonews.net.br\/2022\/2023\/08\/09\/prefeitura-inicia-recapeamento-da-avenida-joao-baroni-no-jardim-soares\/#primaryimage"},"thumbnailUrl":"https:\/\/regiaonews.net.br\/2022\/wp-content\/uploads\/2023\/08\/WhatsApp-Image-2023-08-09-at-18.08.17.jpeg","articleSection":["Barretos","Cidades"],"inLanguage":"pt-BR","potentialAction":[{"@type":"CommentAction","name":"Comment","target":["https:\/\/regiaonews.net.br\/2022\/2023\/08\/09\/prefeitura-inicia-recapeamento-da-avenida-joao-baroni-no-jardim-soares\/#respond"]}]},{"@type":"WebPage","@id":"https:\/\/regiaonews.net.br\/2022\/2023\/08\/09\/prefeitura-inicia-recapeamento-da-avenida-joao-baroni-no-jardim-soares\/","url":"https:\/\/regiaonews.net.br\/2022\/2023\/08\/09\/prefeitura-inicia-recapeamento-da-avenida-joao-baroni-no-jardim-soares\/","name":"Prefeitura inicia recapeamento da Avenida Jo\u00e3o Baroni, no Jardim Soares - Regi\u00e3o News","isPartOf":{"@id":"https:\/\/regiaonews.net.br\/2022\/#website"},"primaryImageOfPage":{"@id":"https:\/\/regiaonews.net.br\/2022\/2023\/08\/09\/prefeitura-inicia-recapeamento-da-avenida-joao-baroni-no-jardim-soares\/#primaryimage"},"image":{"@id":"https:\/\/regiaonews.net.br\/2022\/2023\/08\/09\/prefeitura-inicia-recapeamento-da-avenida-joao-baroni-no-jardim-soares\/#primaryimage"},"thumbnailUrl":"https:\/\/regiaonews.net.br\/2022\/wp-content\/uploads\/2023\/08\/WhatsApp-Image-2023-08-09-at-18.08.17.jpeg","datePublished":"2023-08-09T22:33:47+00:00","breadcrumb":{"@id":"https:\/\/regiaonews.net.br\/2022\/2023\/08\/09\/prefeitura-inicia-recapeamento-da-avenida-joao-baroni-no-jardim-soares\/#breadcrumb"},"inLanguage":"pt-BR","potentialAction":[{"@type":"ReadAction","target":["https:\/\/regiaonews.net.br\/2022\/2023\/08\/09\/prefeitura-inicia-recapeamento-da-avenida-joao-baroni-no-jardim-soares\/"]}]},{"@type":"ImageObject","inLanguage":"pt-BR","@id":"https:\/\/regiaonews.net.br\/2022\/2023\/08\/09\/prefeitura-inicia-recapeamento-da-avenida-joao-baroni-no-jardim-soares\/#primaryimage","url":"https:\/\/regiaonews.net.br\/2022\/wp-content\/uploads\/2023\/08\/WhatsApp-Image-2023-08-09-at-18.08.17.jpeg","contentUrl":"https:\/\/regiaonews.net.br\/2022\/wp-content\/uploads\/2023\/08\/WhatsApp-Image-2023-08-09-at-18.08.17.jpeg","width":1592,"height":1060},{"@type":"BreadcrumbList","@id":"https:\/\/regiaonews.net.br\/2022\/2023\/08\/09\/prefeitura-inicia-recapeamento-da-avenida-joao-baroni-no-jardim-soares\/#breadcrumb","itemListElement":[{"@type":"ListItem","position":1,"name":"In\u00edcio","item":"https:\/\/regiaonews.net.br\/2022\/"},{"@type":"ListItem","position":2,"name":"Prefeitura inicia recapeamento da Avenida Jo\u00e3o Baroni, no Jardim Soares"}]},{"@type":"WebSite","@id":"https:\/\/regiaonews.net.br\/2022\/#website","url":"https:\/\/regiaonews.net.br\/2022\/","name":"Regi\u00e3o News","description":"Site de Not\u00edcias de Barretos e regi\u00e3o","publisher":{"@id":"https:\/\/regiaonews.net.br\/2022\/#organization"},"potentialAction":[{"@type":"SearchAction","target":{"@type":"EntryPoint","urlTemplate":"https:\/\/regiaonews.net.br\/2022\/?s={search_term_string}"},"query-input":{"@type":"PropertyValueSpecification","valueRequired":true,"valueName":"search_term_string"}}],"inLanguage":"pt-BR"},{"@type":"Organization","@id":"https:\/\/regiaonews.net.br\/2022\/#organization","name":"Regi\u00e3o News","url":"https:\/\/regiaonews.net.br\/2022\/","logo":{"@type":"ImageObject","inLanguage":"pt-BR","@id":"https:\/\/regiaonews.net.br\/2022\/#\/schema\/logo\/image\/","url":"https:\/\/regiaonews.net.br\/2022\/wp-content\/uploads\/2026\/03\/regiao-13-anos-scaled.jpg","contentUrl":"https:\/\/regiaonews.net.br\/2022\/wp-content\/uploads\/2026\/03\/regiao-13-anos-scaled.jpg","width":2560,"height":635,"caption":"Regi\u00e3o News"},"image":{"@id":"https:\/\/regiaonews.net.br\/2022\/#\/schema\/logo\/image\/"}},{"@type":"Person","@id":"https:\/\/regiaonews.net.br\/2022\/#\/schema\/person\/2d205a608a5aa97ac279d7a5e6d89ad8","name":"Roberto","image":{"@type":"ImageObject","inLanguage":"pt-BR","@id":"https:\/\/secure.gravatar.com\/avatar\/42749d8b712ff9d59ca93dc150494e5b55a44134482993f5baeb97e61b7ecc89?s=96&d=mm&r=g","url":"https:\/\/secure.gravatar.com\/avatar\/42749d8b712ff9d59ca93dc150494e5b55a44134482993f5baeb97e61b7ecc89?s=96&d=mm&r=g","contentUrl":"https:\/\/secure.gravatar.com\/avatar\/42749d8b712ff9d59ca93dc150494e5b55a44134482993f5baeb97e61b7ecc89?s=96&d=mm&r=g","caption":"Roberto"},"url":"https:\/\/regiaonews.net.br\/2022\/author\/roberto\/"}]}},"publishpress_future_action":{"enabled":false,"date":"2026-05-10 10:55:39","action":"change-status","newStatus":"draft","terms":[],"taxonomy":"category","extraData":[]},"publishpress_future_workflow_manual_trigger":{"enabledWorkflows":[]},"_links":{"self":[{"href":"https:\/\/regiaonews.net.br\/2022\/wp-json\/wp\/v2\/posts\/93145","targetHints":{"allow":["GET"]}}],"collection":[{"href":"https:\/\/regiaonews.net.br\/2022\/wp-json\/wp\/v2\/posts"}],"about":[{"href":"https:\/\/regiaonews.net.br\/2022\/wp-json\/wp\/v2\/types\/post"}],"author":[{"embeddable":true,"href":"https:\/\/regiaonews.net.br\/2022\/wp-json\/wp\/v2\/users\/2"}],"replies":[{"embeddable":true,"href":"https:\/\/regiaonews.net.br\/2022\/wp-json\/wp\/v2\/comments?post=93145"}],"version-history":[{"count":1,"href":"https:\/\/regiaonews.net.br\/2022\/wp-json\/wp\/v2\/posts\/93145\/revisions"}],"predecessor-version":[{"id":93147,"href":"https:\/\/regiaonews.net.br\/2022\/wp-json\/wp\/v2\/posts\/93145\/revisions\/93147"}],"wp:featuredmedia":[{"embeddable":true,"href":"https:\/\/regiaonews.net.br\/2022\/wp-json\/wp\/v2\/media\/93146"}],"wp:attachment":[{"href":"https:\/\/regiaonews.net.br\/2022\/wp-json\/wp\/v2\/media?parent=93145"}],"wp:term":[{"taxonomy":"category","embeddable":true,"href":"https:\/\/regiaonews.net.br\/2022\/wp-json\/wp\/v2\/categories?post=93145"},{"taxonomy":"post_tag","embeddable":true,"href":"https:\/\/regiaonews.net.br\/2022\/wp-json\/wp\/v2\/tags?post=93145"}],"curies":[{"name":"wp","href":"https:\/\/api.w.org\/{rel}","templated":true}]}}