{"id":93142,"date":"2023-08-09T19:31:27","date_gmt":"2023-08-09T22:31:27","guid":{"rendered":"https:\/\/regiaonews.net.br\/2022\/?p=93142"},"modified":"2023-08-09T19:31:27","modified_gmt":"2023-08-09T22:31:27","slug":"escolas-e-cemeis-da-rede-municipal-de-ensino-dao-inicio-a-temporada-de-queima-do-alho","status":"publish","type":"post","link":"https:\/\/regiaonews.net.br\/2022\/2023\/08\/09\/escolas-e-cemeis-da-rede-municipal-de-ensino-dao-inicio-a-temporada-de-queima-do-alho\/","title":{"rendered":"Escolas e Cemeis da Rede Municipal de Ensino d\u00e3o in\u00edcio \u00e0 temporada de \u201cQueima do Alho\u201d"},"content":{"rendered":"<p>Tradicional evento gastron\u00f4mico \u00e9 trabalhado nas unidades escolares como refor\u00e7o cultural, valoriza\u00e7\u00e3o da hist\u00f3ria e celebra\u00e7\u00e3o do anivers\u00e1rio de Barretos<\/p>\n<p>A partir desta quarta-feira, 9 de agosto, os Centros Municipais de Educa\u00e7\u00e3o Infantil (Cemeis) e as Escolas Municipais da Est\u00e2ncia Tur\u00edstica de Barretos d\u00e3o in\u00edcio \u00e0 temporada de \u201cQueima do Alho\u201d, tradi\u00e7\u00e3o culin\u00e1ria t\u00edpica das comitivas de pe\u00f5es de boiadeiro, para os alunos da Rede Municipal de Ensino.<br \/>\nComo forma de preserva\u00e7\u00e3o do patrim\u00f4nio cultural barretense, o tema \u00e9 apresentado aos estudantes e trabalhado nas Unidades Escolares ao longo de todo o m\u00eas de agosto, quando se comemora o anivers\u00e1rio da cidade e \u00e9 realizada a Festa do Pe\u00e3o de Boiadeiro. \u201cNeste per\u00edodo, os alunos s\u00e3o recebidos com refei\u00e7\u00e3o diferenciada, decora\u00e7\u00e3o alusiva, al\u00e9m de diversas atividades e apresenta\u00e7\u00f5es culturais que j\u00e1 fazem parte do curr\u00edculo e do card\u00e1pio escolar da nossa rede\u201d, comentou a secret\u00e1ria municipal de Educa\u00e7\u00e3o, J\u00e9ssica Maria dos Santos.<br \/>\nO pontap\u00e9 inicial das \u201cQueima do Alho\u201d ocorreu na E.M. Dr. Jo\u00e3o Ferreira Lopes, no bairro Rios, e no Cemei Amador Alves de Queiroz, no Derby Clube. O vereador e diretor da E.M., Prof. Adilson Ventura de Mello falou da import\u00e2ncia hist\u00f3rica do evento. \u201cA nossa escola foi a primeira a realizar a queima do alho com objetivo de estar resgatando a cultura do pe\u00e3o estradeiro e mostrar para as crian\u00e7as como eles viviam. A gente sabe que at\u00e9 1960 o gado vinha para Barretos tocado pelos pe\u00f5es\u201d, contou.<br \/>\nNo evento, os alunos ainda tiveram contato com objetos tradicionais do mundo sertanejo, animais na minifazendinha e ouviram os toques do berrante, que anunciavam aos pe\u00f5es a hora de parada para a refei\u00e7\u00e3o e momento de seguirem viagem. A queima do alho, servida nos per\u00edodos da manh\u00e3, tarde e noite, contou com a participa\u00e7\u00e3o das comitivas S\u00e3o Jorge e Solidariedade. A escola atende cerca de 750 alunos do Ensino Fundamental I e Educa\u00e7\u00e3o de Jovens e Adultos (EJA).<br \/>\nDiretora do \u201cCemei Amador\u201d, Thais Helena da Silva destacou o engajamento dos alunos e familiares. \u201c\u00c9 uma comunidade muito participativa\u201d, contou. Atualmente o Cemei atende cerca de 170 crian\u00e7as, do ber\u00e7\u00e1rio \u00e0 pr\u00e9-escola.<br \/>\nAs atividades comemorativas ocorrem nas Unidades Escolares at\u00e9 o dia 29 de agosto<\/p>\n","protected":false},"excerpt":{"rendered":"<p>Tradicional evento gastron\u00f4mico \u00e9 trabalhado nas unidades escolares como refor\u00e7o<\/p>\n","protected":false},"author":2,"featured_media":93143,"comment_status":"open","ping_status":"open","sticky":false,"template":"","format":"standard","meta":{"footnotes":""},"categories":[14,25],"tags":[],"class_list":["post-93142","post","type-post","status-publish","format-standard","has-post-thumbnail","hentry","category-barretos","category-cidades"],"yoast_head":"<!-- This site is optimized with the Yoast SEO plugin v27.5 - https:\/\/yoast.com\/product\/yoast-seo-wordpress\/ -->\n<title>Escolas e Cemeis da Rede Municipal de Ensino d\u00e3o in\u00edcio \u00e0 temporada de \u201cQueima do Alho\u201d - Regi\u00e3o News<\/title>\n<meta name=\"robots\" content=\"index, follow, max-snippet:-1, max-image-preview:large, max-video-preview:-1\" \/>\n<link rel=\"canonical\" href=\"https:\/\/regiaonews.net.br\/2022\/2023\/08\/09\/escolas-e-cemeis-da-rede-municipal-de-ensino-dao-inicio-a-temporada-de-queima-do-alho\/\" \/>\n<meta property=\"og:locale\" content=\"pt_BR\" \/>\n<meta property=\"og:type\" content=\"article\" \/>\n<meta property=\"og:title\" content=\"Escolas e Cemeis da Rede Municipal de Ensino d\u00e3o in\u00edcio \u00e0 temporada de \u201cQueima do Alho\u201d - Regi\u00e3o News\" \/>\n<meta property=\"og:description\" content=\"Tradicional evento gastron\u00f4mico \u00e9 trabalhado nas unidades escolares como refor\u00e7o\" \/>\n<meta property=\"og:url\" content=\"https:\/\/regiaonews.net.br\/2022\/2023\/08\/09\/escolas-e-cemeis-da-rede-municipal-de-ensino-dao-inicio-a-temporada-de-queima-do-alho\/\" \/>\n<meta property=\"og:site_name\" content=\"Regi\u00e3o News\" \/>\n<meta property=\"article:published_time\" content=\"2023-08-09T22:31:27+00:00\" \/>\n<meta property=\"og:image\" content=\"https:\/\/regiaonews.net.br\/2022\/wp-content\/uploads\/2023\/08\/WhatsApp-Image-2023-08-09-at-18.08.21.jpeg\" \/>\n\t<meta property=\"og:image:width\" content=\"1600\" \/>\n\t<meta property=\"og:image:height\" content=\"1066\" \/>\n\t<meta property=\"og:image:type\" content=\"image\/jpeg\" \/>\n<meta name=\"author\" content=\"Roberto\" \/>\n<meta name=\"twitter:card\" content=\"summary_large_image\" \/>\n<meta name=\"twitter:label1\" content=\"Escrito por\" \/>\n\t<meta name=\"twitter:data1\" content=\"Roberto\" \/>\n\t<meta name=\"twitter:label2\" content=\"Est. tempo de leitura\" \/>\n\t<meta name=\"twitter:data2\" content=\"3 minutos\" \/>\n<script type=\"application\/ld+json\" class=\"yoast-schema-graph\">{\"@context\":\"https:\\\/\\\/schema.org\",\"@graph\":[{\"@type\":\"Article\",\"@id\":\"https:\\\/\\\/regiaonews.net.br\\\/2022\\\/2023\\\/08\\\/09\\\/escolas-e-cemeis-da-rede-municipal-de-ensino-dao-inicio-a-temporada-de-queima-do-alho\\\/#article\",\"isPartOf\":{\"@id\":\"https:\\\/\\\/regiaonews.net.br\\\/2022\\\/2023\\\/08\\\/09\\\/escolas-e-cemeis-da-rede-municipal-de-ensino-dao-inicio-a-temporada-de-queima-do-alho\\\/\"},\"author\":{\"name\":\"Roberto\",\"@id\":\"https:\\\/\\\/regiaonews.net.br\\\/2022\\\/#\\\/schema\\\/person\\\/2d205a608a5aa97ac279d7a5e6d89ad8\"},\"headline\":\"Escolas e Cemeis da Rede Municipal de Ensino d\u00e3o in\u00edcio \u00e0 temporada de \u201cQueima do Alho\u201d\",\"datePublished\":\"2023-08-09T22:31:27+00:00\",\"mainEntityOfPage\":{\"@id\":\"https:\\\/\\\/regiaonews.net.br\\\/2022\\\/2023\\\/08\\\/09\\\/escolas-e-cemeis-da-rede-municipal-de-ensino-dao-inicio-a-temporada-de-queima-do-alho\\\/\"},\"wordCount\":419,\"commentCount\":0,\"publisher\":{\"@id\":\"https:\\\/\\\/regiaonews.net.br\\\/2022\\\/#organization\"},\"image\":{\"@id\":\"https:\\\/\\\/regiaonews.net.br\\\/2022\\\/2023\\\/08\\\/09\\\/escolas-e-cemeis-da-rede-municipal-de-ensino-dao-inicio-a-temporada-de-queima-do-alho\\\/#primaryimage\"},\"thumbnailUrl\":\"https:\\\/\\\/regiaonews.net.br\\\/2022\\\/wp-content\\\/uploads\\\/2023\\\/08\\\/WhatsApp-Image-2023-08-09-at-18.08.21.jpeg\",\"articleSection\":[\"Barretos\",\"Cidades\"],\"inLanguage\":\"pt-BR\",\"potentialAction\":[{\"@type\":\"CommentAction\",\"name\":\"Comment\",\"target\":[\"https:\\\/\\\/regiaonews.net.br\\\/2022\\\/2023\\\/08\\\/09\\\/escolas-e-cemeis-da-rede-municipal-de-ensino-dao-inicio-a-temporada-de-queima-do-alho\\\/#respond\"]}]},{\"@type\":\"WebPage\",\"@id\":\"https:\\\/\\\/regiaonews.net.br\\\/2022\\\/2023\\\/08\\\/09\\\/escolas-e-cemeis-da-rede-municipal-de-ensino-dao-inicio-a-temporada-de-queima-do-alho\\\/\",\"url\":\"https:\\\/\\\/regiaonews.net.br\\\/2022\\\/2023\\\/08\\\/09\\\/escolas-e-cemeis-da-rede-municipal-de-ensino-dao-inicio-a-temporada-de-queima-do-alho\\\/\",\"name\":\"Escolas e Cemeis da Rede Municipal de Ensino d\u00e3o in\u00edcio \u00e0 temporada de \u201cQueima do Alho\u201d - Regi\u00e3o News\",\"isPartOf\":{\"@id\":\"https:\\\/\\\/regiaonews.net.br\\\/2022\\\/#website\"},\"primaryImageOfPage\":{\"@id\":\"https:\\\/\\\/regiaonews.net.br\\\/2022\\\/2023\\\/08\\\/09\\\/escolas-e-cemeis-da-rede-municipal-de-ensino-dao-inicio-a-temporada-de-queima-do-alho\\\/#primaryimage\"},\"image\":{\"@id\":\"https:\\\/\\\/regiaonews.net.br\\\/2022\\\/2023\\\/08\\\/09\\\/escolas-e-cemeis-da-rede-municipal-de-ensino-dao-inicio-a-temporada-de-queima-do-alho\\\/#primaryimage\"},\"thumbnailUrl\":\"https:\\\/\\\/regiaonews.net.br\\\/2022\\\/wp-content\\\/uploads\\\/2023\\\/08\\\/WhatsApp-Image-2023-08-09-at-18.08.21.jpeg\",\"datePublished\":\"2023-08-09T22:31:27+00:00\",\"breadcrumb\":{\"@id\":\"https:\\\/\\\/regiaonews.net.br\\\/2022\\\/2023\\\/08\\\/09\\\/escolas-e-cemeis-da-rede-municipal-de-ensino-dao-inicio-a-temporada-de-queima-do-alho\\\/#breadcrumb\"},\"inLanguage\":\"pt-BR\",\"potentialAction\":[{\"@type\":\"ReadAction\",\"target\":[\"https:\\\/\\\/regiaonews.net.br\\\/2022\\\/2023\\\/08\\\/09\\\/escolas-e-cemeis-da-rede-municipal-de-ensino-dao-inicio-a-temporada-de-queima-do-alho\\\/\"]}]},{\"@type\":\"ImageObject\",\"inLanguage\":\"pt-BR\",\"@id\":\"https:\\\/\\\/regiaonews.net.br\\\/2022\\\/2023\\\/08\\\/09\\\/escolas-e-cemeis-da-rede-municipal-de-ensino-dao-inicio-a-temporada-de-queima-do-alho\\\/#primaryimage\",\"url\":\"https:\\\/\\\/regiaonews.net.br\\\/2022\\\/wp-content\\\/uploads\\\/2023\\\/08\\\/WhatsApp-Image-2023-08-09-at-18.08.21.jpeg\",\"contentUrl\":\"https:\\\/\\\/regiaonews.net.br\\\/2022\\\/wp-content\\\/uploads\\\/2023\\\/08\\\/WhatsApp-Image-2023-08-09-at-18.08.21.jpeg\",\"width\":1600,\"height\":1066},{\"@type\":\"BreadcrumbList\",\"@id\":\"https:\\\/\\\/regiaonews.net.br\\\/2022\\\/2023\\\/08\\\/09\\\/escolas-e-cemeis-da-rede-municipal-de-ensino-dao-inicio-a-temporada-de-queima-do-alho\\\/#breadcrumb\",\"itemListElement\":[{\"@type\":\"ListItem\",\"position\":1,\"name\":\"In\u00edcio\",\"item\":\"https:\\\/\\\/regiaonews.net.br\\\/2022\\\/\"},{\"@type\":\"ListItem\",\"position\":2,\"name\":\"Escolas e Cemeis da Rede Municipal de Ensino d\u00e3o in\u00edcio \u00e0 temporada de \u201cQueima do Alho\u201d\"}]},{\"@type\":\"WebSite\",\"@id\":\"https:\\\/\\\/regiaonews.net.br\\\/2022\\\/#website\",\"url\":\"https:\\\/\\\/regiaonews.net.br\\\/2022\\\/\",\"name\":\"Regi\u00e3o News\",\"description\":\"Site de Not\u00edcias de Barretos e regi\u00e3o\",\"publisher\":{\"@id\":\"https:\\\/\\\/regiaonews.net.br\\\/2022\\\/#organization\"},\"potentialAction\":[{\"@type\":\"SearchAction\",\"target\":{\"@type\":\"EntryPoint\",\"urlTemplate\":\"https:\\\/\\\/regiaonews.net.br\\\/2022\\\/?s={search_term_string}\"},\"query-input\":{\"@type\":\"PropertyValueSpecification\",\"valueRequired\":true,\"valueName\":\"search_term_string\"}}],\"inLanguage\":\"pt-BR\"},{\"@type\":\"Organization\",\"@id\":\"https:\\\/\\\/regiaonews.net.br\\\/2022\\\/#organization\",\"name\":\"Regi\u00e3o News\",\"url\":\"https:\\\/\\\/regiaonews.net.br\\\/2022\\\/\",\"logo\":{\"@type\":\"ImageObject\",\"inLanguage\":\"pt-BR\",\"@id\":\"https:\\\/\\\/regiaonews.net.br\\\/2022\\\/#\\\/schema\\\/logo\\\/image\\\/\",\"url\":\"https:\\\/\\\/regiaonews.net.br\\\/2022\\\/wp-content\\\/uploads\\\/2026\\\/03\\\/regiao-13-anos-scaled.jpg\",\"contentUrl\":\"https:\\\/\\\/regiaonews.net.br\\\/2022\\\/wp-content\\\/uploads\\\/2026\\\/03\\\/regiao-13-anos-scaled.jpg\",\"width\":2560,\"height\":635,\"caption\":\"Regi\u00e3o News\"},\"image\":{\"@id\":\"https:\\\/\\\/regiaonews.net.br\\\/2022\\\/#\\\/schema\\\/logo\\\/image\\\/\"}},{\"@type\":\"Person\",\"@id\":\"https:\\\/\\\/regiaonews.net.br\\\/2022\\\/#\\\/schema\\\/person\\\/2d205a608a5aa97ac279d7a5e6d89ad8\",\"name\":\"Roberto\",\"image\":{\"@type\":\"ImageObject\",\"inLanguage\":\"pt-BR\",\"@id\":\"https:\\\/\\\/secure.gravatar.com\\\/avatar\\\/42749d8b712ff9d59ca93dc150494e5b55a44134482993f5baeb97e61b7ecc89?s=96&d=mm&r=g\",\"url\":\"https:\\\/\\\/secure.gravatar.com\\\/avatar\\\/42749d8b712ff9d59ca93dc150494e5b55a44134482993f5baeb97e61b7ecc89?s=96&d=mm&r=g\",\"contentUrl\":\"https:\\\/\\\/secure.gravatar.com\\\/avatar\\\/42749d8b712ff9d59ca93dc150494e5b55a44134482993f5baeb97e61b7ecc89?s=96&d=mm&r=g\",\"caption\":\"Roberto\"},\"url\":\"https:\\\/\\\/regiaonews.net.br\\\/2022\\\/author\\\/roberto\\\/\"}]}<\/script>\n<!-- \/ Yoast SEO plugin. -->","yoast_head_json":{"title":"Escolas e Cemeis da Rede Municipal de Ensino d\u00e3o in\u00edcio \u00e0 temporada de \u201cQueima do Alho\u201d - Regi\u00e3o News","robots":{"index":"index","follow":"follow","max-snippet":"max-snippet:-1","max-image-preview":"max-image-preview:large","max-video-preview":"max-video-preview:-1"},"canonical":"https:\/\/regiaonews.net.br\/2022\/2023\/08\/09\/escolas-e-cemeis-da-rede-municipal-de-ensino-dao-inicio-a-temporada-de-queima-do-alho\/","og_locale":"pt_BR","og_type":"article","og_title":"Escolas e Cemeis da Rede Municipal de Ensino d\u00e3o in\u00edcio \u00e0 temporada de \u201cQueima do Alho\u201d - Regi\u00e3o News","og_description":"Tradicional evento gastron\u00f4mico \u00e9 trabalhado nas unidades escolares como refor\u00e7o","og_url":"https:\/\/regiaonews.net.br\/2022\/2023\/08\/09\/escolas-e-cemeis-da-rede-municipal-de-ensino-dao-inicio-a-temporada-de-queima-do-alho\/","og_site_name":"Regi\u00e3o News","article_published_time":"2023-08-09T22:31:27+00:00","og_image":[{"width":1600,"height":1066,"url":"https:\/\/regiaonews.net.br\/2022\/wp-content\/uploads\/2023\/08\/WhatsApp-Image-2023-08-09-at-18.08.21.jpeg","type":"image\/jpeg"}],"author":"Roberto","twitter_card":"summary_large_image","twitter_misc":{"Escrito por":"Roberto","Est. tempo de leitura":"3 minutos"},"schema":{"@context":"https:\/\/schema.org","@graph":[{"@type":"Article","@id":"https:\/\/regiaonews.net.br\/2022\/2023\/08\/09\/escolas-e-cemeis-da-rede-municipal-de-ensino-dao-inicio-a-temporada-de-queima-do-alho\/#article","isPartOf":{"@id":"https:\/\/regiaonews.net.br\/2022\/2023\/08\/09\/escolas-e-cemeis-da-rede-municipal-de-ensino-dao-inicio-a-temporada-de-queima-do-alho\/"},"author":{"name":"Roberto","@id":"https:\/\/regiaonews.net.br\/2022\/#\/schema\/person\/2d205a608a5aa97ac279d7a5e6d89ad8"},"headline":"Escolas e Cemeis da Rede Municipal de Ensino d\u00e3o in\u00edcio \u00e0 temporada de \u201cQueima do Alho\u201d","datePublished":"2023-08-09T22:31:27+00:00","mainEntityOfPage":{"@id":"https:\/\/regiaonews.net.br\/2022\/2023\/08\/09\/escolas-e-cemeis-da-rede-municipal-de-ensino-dao-inicio-a-temporada-de-queima-do-alho\/"},"wordCount":419,"commentCount":0,"publisher":{"@id":"https:\/\/regiaonews.net.br\/2022\/#organization"},"image":{"@id":"https:\/\/regiaonews.net.br\/2022\/2023\/08\/09\/escolas-e-cemeis-da-rede-municipal-de-ensino-dao-inicio-a-temporada-de-queima-do-alho\/#primaryimage"},"thumbnailUrl":"https:\/\/regiaonews.net.br\/2022\/wp-content\/uploads\/2023\/08\/WhatsApp-Image-2023-08-09-at-18.08.21.jpeg","articleSection":["Barretos","Cidades"],"inLanguage":"pt-BR","potentialAction":[{"@type":"CommentAction","name":"Comment","target":["https:\/\/regiaonews.net.br\/2022\/2023\/08\/09\/escolas-e-cemeis-da-rede-municipal-de-ensino-dao-inicio-a-temporada-de-queima-do-alho\/#respond"]}]},{"@type":"WebPage","@id":"https:\/\/regiaonews.net.br\/2022\/2023\/08\/09\/escolas-e-cemeis-da-rede-municipal-de-ensino-dao-inicio-a-temporada-de-queima-do-alho\/","url":"https:\/\/regiaonews.net.br\/2022\/2023\/08\/09\/escolas-e-cemeis-da-rede-municipal-de-ensino-dao-inicio-a-temporada-de-queima-do-alho\/","name":"Escolas e Cemeis da Rede Municipal de Ensino d\u00e3o in\u00edcio \u00e0 temporada de \u201cQueima do Alho\u201d - Regi\u00e3o News","isPartOf":{"@id":"https:\/\/regiaonews.net.br\/2022\/#website"},"primaryImageOfPage":{"@id":"https:\/\/regiaonews.net.br\/2022\/2023\/08\/09\/escolas-e-cemeis-da-rede-municipal-de-ensino-dao-inicio-a-temporada-de-queima-do-alho\/#primaryimage"},"image":{"@id":"https:\/\/regiaonews.net.br\/2022\/2023\/08\/09\/escolas-e-cemeis-da-rede-municipal-de-ensino-dao-inicio-a-temporada-de-queima-do-alho\/#primaryimage"},"thumbnailUrl":"https:\/\/regiaonews.net.br\/2022\/wp-content\/uploads\/2023\/08\/WhatsApp-Image-2023-08-09-at-18.08.21.jpeg","datePublished":"2023-08-09T22:31:27+00:00","breadcrumb":{"@id":"https:\/\/regiaonews.net.br\/2022\/2023\/08\/09\/escolas-e-cemeis-da-rede-municipal-de-ensino-dao-inicio-a-temporada-de-queima-do-alho\/#breadcrumb"},"inLanguage":"pt-BR","potentialAction":[{"@type":"ReadAction","target":["https:\/\/regiaonews.net.br\/2022\/2023\/08\/09\/escolas-e-cemeis-da-rede-municipal-de-ensino-dao-inicio-a-temporada-de-queima-do-alho\/"]}]},{"@type":"ImageObject","inLanguage":"pt-BR","@id":"https:\/\/regiaonews.net.br\/2022\/2023\/08\/09\/escolas-e-cemeis-da-rede-municipal-de-ensino-dao-inicio-a-temporada-de-queima-do-alho\/#primaryimage","url":"https:\/\/regiaonews.net.br\/2022\/wp-content\/uploads\/2023\/08\/WhatsApp-Image-2023-08-09-at-18.08.21.jpeg","contentUrl":"https:\/\/regiaonews.net.br\/2022\/wp-content\/uploads\/2023\/08\/WhatsApp-Image-2023-08-09-at-18.08.21.jpeg","width":1600,"height":1066},{"@type":"BreadcrumbList","@id":"https:\/\/regiaonews.net.br\/2022\/2023\/08\/09\/escolas-e-cemeis-da-rede-municipal-de-ensino-dao-inicio-a-temporada-de-queima-do-alho\/#breadcrumb","itemListElement":[{"@type":"ListItem","position":1,"name":"In\u00edcio","item":"https:\/\/regiaonews.net.br\/2022\/"},{"@type":"ListItem","position":2,"name":"Escolas e Cemeis da Rede Municipal de Ensino d\u00e3o in\u00edcio \u00e0 temporada de \u201cQueima do Alho\u201d"}]},{"@type":"WebSite","@id":"https:\/\/regiaonews.net.br\/2022\/#website","url":"https:\/\/regiaonews.net.br\/2022\/","name":"Regi\u00e3o News","description":"Site de Not\u00edcias de Barretos e regi\u00e3o","publisher":{"@id":"https:\/\/regiaonews.net.br\/2022\/#organization"},"potentialAction":[{"@type":"SearchAction","target":{"@type":"EntryPoint","urlTemplate":"https:\/\/regiaonews.net.br\/2022\/?s={search_term_string}"},"query-input":{"@type":"PropertyValueSpecification","valueRequired":true,"valueName":"search_term_string"}}],"inLanguage":"pt-BR"},{"@type":"Organization","@id":"https:\/\/regiaonews.net.br\/2022\/#organization","name":"Regi\u00e3o News","url":"https:\/\/regiaonews.net.br\/2022\/","logo":{"@type":"ImageObject","inLanguage":"pt-BR","@id":"https:\/\/regiaonews.net.br\/2022\/#\/schema\/logo\/image\/","url":"https:\/\/regiaonews.net.br\/2022\/wp-content\/uploads\/2026\/03\/regiao-13-anos-scaled.jpg","contentUrl":"https:\/\/regiaonews.net.br\/2022\/wp-content\/uploads\/2026\/03\/regiao-13-anos-scaled.jpg","width":2560,"height":635,"caption":"Regi\u00e3o News"},"image":{"@id":"https:\/\/regiaonews.net.br\/2022\/#\/schema\/logo\/image\/"}},{"@type":"Person","@id":"https:\/\/regiaonews.net.br\/2022\/#\/schema\/person\/2d205a608a5aa97ac279d7a5e6d89ad8","name":"Roberto","image":{"@type":"ImageObject","inLanguage":"pt-BR","@id":"https:\/\/secure.gravatar.com\/avatar\/42749d8b712ff9d59ca93dc150494e5b55a44134482993f5baeb97e61b7ecc89?s=96&d=mm&r=g","url":"https:\/\/secure.gravatar.com\/avatar\/42749d8b712ff9d59ca93dc150494e5b55a44134482993f5baeb97e61b7ecc89?s=96&d=mm&r=g","contentUrl":"https:\/\/secure.gravatar.com\/avatar\/42749d8b712ff9d59ca93dc150494e5b55a44134482993f5baeb97e61b7ecc89?s=96&d=mm&r=g","caption":"Roberto"},"url":"https:\/\/regiaonews.net.br\/2022\/author\/roberto\/"}]}},"publishpress_future_action":{"enabled":false,"date":"2026-05-10 09:19:15","action":"change-status","newStatus":"draft","terms":[],"taxonomy":"category","extraData":[]},"publishpress_future_workflow_manual_trigger":{"enabledWorkflows":[]},"_links":{"self":[{"href":"https:\/\/regiaonews.net.br\/2022\/wp-json\/wp\/v2\/posts\/93142","targetHints":{"allow":["GET"]}}],"collection":[{"href":"https:\/\/regiaonews.net.br\/2022\/wp-json\/wp\/v2\/posts"}],"about":[{"href":"https:\/\/regiaonews.net.br\/2022\/wp-json\/wp\/v2\/types\/post"}],"author":[{"embeddable":true,"href":"https:\/\/regiaonews.net.br\/2022\/wp-json\/wp\/v2\/users\/2"}],"replies":[{"embeddable":true,"href":"https:\/\/regiaonews.net.br\/2022\/wp-json\/wp\/v2\/comments?post=93142"}],"version-history":[{"count":1,"href":"https:\/\/regiaonews.net.br\/2022\/wp-json\/wp\/v2\/posts\/93142\/revisions"}],"predecessor-version":[{"id":93144,"href":"https:\/\/regiaonews.net.br\/2022\/wp-json\/wp\/v2\/posts\/93142\/revisions\/93144"}],"wp:featuredmedia":[{"embeddable":true,"href":"https:\/\/regiaonews.net.br\/2022\/wp-json\/wp\/v2\/media\/93143"}],"wp:attachment":[{"href":"https:\/\/regiaonews.net.br\/2022\/wp-json\/wp\/v2\/media?parent=93142"}],"wp:term":[{"taxonomy":"category","embeddable":true,"href":"https:\/\/regiaonews.net.br\/2022\/wp-json\/wp\/v2\/categories?post=93142"},{"taxonomy":"post_tag","embeddable":true,"href":"https:\/\/regiaonews.net.br\/2022\/wp-json\/wp\/v2\/tags?post=93142"}],"curies":[{"name":"wp","href":"https:\/\/api.w.org\/{rel}","templated":true}]}}