{"id":93138,"date":"2023-08-09T19:21:18","date_gmt":"2023-08-09T22:21:18","guid":{"rendered":"https:\/\/regiaonews.net.br\/2022\/?p=93138"},"modified":"2023-08-09T19:21:18","modified_gmt":"2023-08-09T22:21:18","slug":"policia-civil-prende-8-pessoas-e-apreende-100-quilos-de-cocaina-durante-operacao-na-cracolandia","status":"publish","type":"post","link":"https:\/\/regiaonews.net.br\/2022\/2023\/08\/09\/policia-civil-prende-8-pessoas-e-apreende-100-quilos-de-cocaina-durante-operacao-na-cracolandia\/","title":{"rendered":"Pol\u00edcia Civil prende 8 pessoas e apreende 100 quilos de coca\u00edna durante opera\u00e7\u00e3o na Cracol\u00e2ndia"},"content":{"rendered":"<div>\n<h1 class=\"chapeu2 ng-binding\"><\/h1>\n<h2 class=\"titulopreto ng-binding\">Um dos presos \u00e9 apontado como \u201cDisciplina do Fluxo\u201d, respons\u00e1vel por liderar a venda de drogas na regi\u00e3o<\/h2>\n<p><center><\/p>\n<h2 class=\"titulopreto ng-binding\"><\/h2>\n<p><\/center><\/div>\n<div id=\"notCorpo\" class=\"ng-binding\">\n<div>A Pol\u00edcia Civil prendeu oito pessoas por tr\u00e1fico de drogas e apreendeu 100 quilos de coca\u00edna, al\u00e9m de por\u00e7\u00f5es de maconha e crack, durante uma opera\u00e7\u00e3o realizada na Cracol\u00e2ndia nesta ter\u00e7a-feira (8). A a\u00e7\u00e3o mirava dois alvos, sendo um o respons\u00e1vel por espalhar a droga nas Cenas Abertas de Uso, e o outro, por fornecer os entorpecentes em grandes quantidades.<\/div>\n<div><\/div>\n<div>\u201cEssa a\u00e7\u00e3o foi realizada num primoroso trabalho de investiga\u00e7\u00e3o policial da 1\u00ba Delegacia Seccional. Essa for\u00e7a-tarefa que envolve um grande trabalho de investiga\u00e7\u00e3o \u00e9 realizada em v\u00e1rias fases e ontem foi mais uma\u201d, ressaltou o secret\u00e1rio da Secretaria da Seguran\u00e7a P\u00fablica, Guilherme Derrite.<\/div>\n<div><\/div>\n<div>Pela 3\u00ba Distrito Policial e pela Cerco, sete pessoas foram presas por tr\u00e1fico de drogas e associa\u00e7\u00e3o. Um dos presos \u00e9 apontado como o \u201cDisciplina do Fluxo\u201d, ou seja, o que liderava a venda de drogas na regi\u00e3o, impondo regras aos outros traficantes. \u201cO homem usava peruca para se disfar\u00e7ar na multid\u00e3o, mas foi identificado pela pol\u00edcia civil e preso\u201d, explicou Derrite.<\/div>\n<div><\/div>\n<div>Seu comparsa, conhecido como \u201cCapit\u00e3o do Mato\u201d e designado para executar seus comandos, tamb\u00e9m foi preso. Ele j\u00e1 havia sido abordado pela Guarda Civil Municipal com um simulacro de arma no come\u00e7o do ano. Outro homem detido durante a opera\u00e7\u00e3o do dia 22 de julho tamb\u00e9m est\u00e1 entre os presos.<\/div>\n<div><\/div>\n<div>Com o grupo, foram apreendidos um simulacro de arma de fogo, uma granada indoor pimenta, al\u00e9m de por\u00e7\u00f5es de crack e maconha.<\/div>\n<div><\/div>\n<div>J\u00e1 a equipe do 2\u00ba distrito policial prendeu em flagrante um homem com cerca de 100 quilos de coca\u00edna. O suspeito tem passagem por recepta\u00e7\u00e3o e roubo e saiu do sistema prisional em 2020.<\/div>\n<div><\/div>\n<div>\u201cO centro de S\u00e3o Paulo \u00e9 uma das prioridades do nosso governo e n\u00f3s da Pol\u00edcia Civil trabalhamos incansavelmente para cessar as atividades criminosas na regi\u00e3o. Isso requer paci\u00eancia e um trabalho de Intelig\u00eancia muito apurado, que vem sendo feito. Essas pris\u00f5es s\u00e3o importantes e se interligam\u201d, refor\u00e7ou o dr. Artur Dian, delegado-geral da Pol\u00edcia Civil.<\/div>\n<div><\/div>\n<div><b>Outras a\u00e7\u00f5es<\/b><\/div>\n<div><\/div>\n<div>As a\u00e7\u00f5es de combate ao tr\u00e1fico de droga e o policiamento ostensivo tem se intensificado na regi\u00e3o da Cracol\u00e2ndia. No dia 27 de julho, policiais do 3\u00ba DP prenderam em flagrante o homem apontado como um dos principais fornecedores de crack na regi\u00e3o. Com ele, foi apreendido 1,5kg de crack, al\u00e9m de R$ 12 mil em dinheiro. Ele ia para o Guaruj\u00e1 toda semana comprar mat\u00e9ria-prima para preparar a droga.<\/div>\n<div><\/div>\n<div>J\u00e1 no dia 30 de julho, uma opera\u00e7\u00e3o da Pol\u00edcia Civil com a GCM prendeu 15 suspeitos por tr\u00e1fico de drogas e recepta\u00e7\u00e3o. Um dos envolvidos j\u00e1 havia sido preso no mesmo local dois dias antes, mas foi liberado na audi\u00eancia de cust\u00f3dia. Ao todo, foram apreendidas 75 por\u00e7\u00f5es de coca\u00edna, 39 de maconha, 16 de K9, dois peda\u00e7os de crack e tr\u00eas tijolos de maconha, al\u00e9m de outros objetos usados na venda dos entorpecentes.<\/div>\n<div><\/div>\n<div>Na mesma semana, foram detidos um homem e uma mulher acusados de serem l\u00edderes do tr\u00e1fico de drogas no central da Capital. Eles estavam entre os 24 presos em tr\u00eas opera\u00e7\u00f5es para desmantelar o com\u00e9rcio de entorpecentes na regi\u00e3o central. Ap\u00f3s investiga\u00e7\u00f5es, os policiais identificaram 16 alvos, que foram\u00a0 presos em flagrante por tr\u00e1fico. Outras duas pessoas eram foragidas da Justi\u00e7a e tamb\u00e9m foram presas. Dos 18 presos, 16 j\u00e1 tinham antecedentes criminais. Todos passaram por audi\u00eancia de cust\u00f3dia, sendo que seis foram colocados em liberdade.<\/div>\n<\/div>\n","protected":false},"excerpt":{"rendered":"<p>Um dos presos \u00e9 apontado como \u201cDisciplina do Fluxo\u201d, respons\u00e1vel<\/p>\n","protected":false},"author":2,"featured_media":93139,"comment_status":"open","ping_status":"open","sticky":false,"template":"","format":"standard","meta":{"footnotes":""},"categories":[23],"tags":[],"class_list":["post-93138","post","type-post","status-publish","format-standard","has-post-thumbnail","hentry","category-policia"],"yoast_head":"<!-- This site is optimized with the Yoast SEO plugin v27.5 - https:\/\/yoast.com\/product\/yoast-seo-wordpress\/ -->\n<title>Pol\u00edcia Civil prende 8 pessoas e apreende 100 quilos de coca\u00edna durante opera\u00e7\u00e3o na Cracol\u00e2ndia - Regi\u00e3o News<\/title>\n<meta name=\"robots\" content=\"index, follow, max-snippet:-1, max-image-preview:large, max-video-preview:-1\" \/>\n<link rel=\"canonical\" href=\"https:\/\/regiaonews.net.br\/2022\/2023\/08\/09\/policia-civil-prende-8-pessoas-e-apreende-100-quilos-de-cocaina-durante-operacao-na-cracolandia\/\" \/>\n<meta property=\"og:locale\" content=\"pt_BR\" \/>\n<meta property=\"og:type\" content=\"article\" \/>\n<meta property=\"og:title\" content=\"Pol\u00edcia Civil prende 8 pessoas e apreende 100 quilos de coca\u00edna durante opera\u00e7\u00e3o na Cracol\u00e2ndia - Regi\u00e3o News\" \/>\n<meta property=\"og:description\" content=\"Um dos presos \u00e9 apontado como \u201cDisciplina do Fluxo\u201d, respons\u00e1vel\" \/>\n<meta property=\"og:url\" content=\"https:\/\/regiaonews.net.br\/2022\/2023\/08\/09\/policia-civil-prende-8-pessoas-e-apreende-100-quilos-de-cocaina-durante-operacao-na-cracolandia\/\" \/>\n<meta property=\"og:site_name\" content=\"Regi\u00e3o News\" \/>\n<meta property=\"article:published_time\" content=\"2023-08-09T22:21:18+00:00\" \/>\n<meta property=\"og:image\" content=\"https:\/\/regiaonews.net.br\/2022\/wp-content\/uploads\/2023\/08\/00051077.jpg\" \/>\n\t<meta property=\"og:image:width\" content=\"800\" \/>\n\t<meta property=\"og:image:height\" content=\"1066\" \/>\n\t<meta property=\"og:image:type\" content=\"image\/jpeg\" \/>\n<meta name=\"author\" content=\"Roberto\" \/>\n<meta name=\"twitter:card\" content=\"summary_large_image\" \/>\n<meta name=\"twitter:label1\" content=\"Escrito por\" \/>\n\t<meta name=\"twitter:data1\" content=\"Roberto\" \/>\n\t<meta name=\"twitter:label2\" content=\"Est. tempo de leitura\" \/>\n\t<meta name=\"twitter:data2\" content=\"4 minutos\" \/>\n<script type=\"application\/ld+json\" class=\"yoast-schema-graph\">{\"@context\":\"https:\\\/\\\/schema.org\",\"@graph\":[{\"@type\":\"Article\",\"@id\":\"https:\\\/\\\/regiaonews.net.br\\\/2022\\\/2023\\\/08\\\/09\\\/policia-civil-prende-8-pessoas-e-apreende-100-quilos-de-cocaina-durante-operacao-na-cracolandia\\\/#article\",\"isPartOf\":{\"@id\":\"https:\\\/\\\/regiaonews.net.br\\\/2022\\\/2023\\\/08\\\/09\\\/policia-civil-prende-8-pessoas-e-apreende-100-quilos-de-cocaina-durante-operacao-na-cracolandia\\\/\"},\"author\":{\"name\":\"Roberto\",\"@id\":\"https:\\\/\\\/regiaonews.net.br\\\/2022\\\/#\\\/schema\\\/person\\\/2d205a608a5aa97ac279d7a5e6d89ad8\"},\"headline\":\"Pol\u00edcia Civil prende 8 pessoas e apreende 100 quilos de coca\u00edna durante opera\u00e7\u00e3o na Cracol\u00e2ndia\",\"datePublished\":\"2023-08-09T22:21:18+00:00\",\"mainEntityOfPage\":{\"@id\":\"https:\\\/\\\/regiaonews.net.br\\\/2022\\\/2023\\\/08\\\/09\\\/policia-civil-prende-8-pessoas-e-apreende-100-quilos-de-cocaina-durante-operacao-na-cracolandia\\\/\"},\"wordCount\":648,\"commentCount\":0,\"publisher\":{\"@id\":\"https:\\\/\\\/regiaonews.net.br\\\/2022\\\/#organization\"},\"image\":{\"@id\":\"https:\\\/\\\/regiaonews.net.br\\\/2022\\\/2023\\\/08\\\/09\\\/policia-civil-prende-8-pessoas-e-apreende-100-quilos-de-cocaina-durante-operacao-na-cracolandia\\\/#primaryimage\"},\"thumbnailUrl\":\"https:\\\/\\\/regiaonews.net.br\\\/2022\\\/wp-content\\\/uploads\\\/2023\\\/08\\\/00051077.jpg\",\"articleSection\":[\"Policia\"],\"inLanguage\":\"pt-BR\",\"potentialAction\":[{\"@type\":\"CommentAction\",\"name\":\"Comment\",\"target\":[\"https:\\\/\\\/regiaonews.net.br\\\/2022\\\/2023\\\/08\\\/09\\\/policia-civil-prende-8-pessoas-e-apreende-100-quilos-de-cocaina-durante-operacao-na-cracolandia\\\/#respond\"]}]},{\"@type\":\"WebPage\",\"@id\":\"https:\\\/\\\/regiaonews.net.br\\\/2022\\\/2023\\\/08\\\/09\\\/policia-civil-prende-8-pessoas-e-apreende-100-quilos-de-cocaina-durante-operacao-na-cracolandia\\\/\",\"url\":\"https:\\\/\\\/regiaonews.net.br\\\/2022\\\/2023\\\/08\\\/09\\\/policia-civil-prende-8-pessoas-e-apreende-100-quilos-de-cocaina-durante-operacao-na-cracolandia\\\/\",\"name\":\"Pol\u00edcia Civil prende 8 pessoas e apreende 100 quilos de coca\u00edna durante opera\u00e7\u00e3o na Cracol\u00e2ndia - Regi\u00e3o News\",\"isPartOf\":{\"@id\":\"https:\\\/\\\/regiaonews.net.br\\\/2022\\\/#website\"},\"primaryImageOfPage\":{\"@id\":\"https:\\\/\\\/regiaonews.net.br\\\/2022\\\/2023\\\/08\\\/09\\\/policia-civil-prende-8-pessoas-e-apreende-100-quilos-de-cocaina-durante-operacao-na-cracolandia\\\/#primaryimage\"},\"image\":{\"@id\":\"https:\\\/\\\/regiaonews.net.br\\\/2022\\\/2023\\\/08\\\/09\\\/policia-civil-prende-8-pessoas-e-apreende-100-quilos-de-cocaina-durante-operacao-na-cracolandia\\\/#primaryimage\"},\"thumbnailUrl\":\"https:\\\/\\\/regiaonews.net.br\\\/2022\\\/wp-content\\\/uploads\\\/2023\\\/08\\\/00051077.jpg\",\"datePublished\":\"2023-08-09T22:21:18+00:00\",\"breadcrumb\":{\"@id\":\"https:\\\/\\\/regiaonews.net.br\\\/2022\\\/2023\\\/08\\\/09\\\/policia-civil-prende-8-pessoas-e-apreende-100-quilos-de-cocaina-durante-operacao-na-cracolandia\\\/#breadcrumb\"},\"inLanguage\":\"pt-BR\",\"potentialAction\":[{\"@type\":\"ReadAction\",\"target\":[\"https:\\\/\\\/regiaonews.net.br\\\/2022\\\/2023\\\/08\\\/09\\\/policia-civil-prende-8-pessoas-e-apreende-100-quilos-de-cocaina-durante-operacao-na-cracolandia\\\/\"]}]},{\"@type\":\"ImageObject\",\"inLanguage\":\"pt-BR\",\"@id\":\"https:\\\/\\\/regiaonews.net.br\\\/2022\\\/2023\\\/08\\\/09\\\/policia-civil-prende-8-pessoas-e-apreende-100-quilos-de-cocaina-durante-operacao-na-cracolandia\\\/#primaryimage\",\"url\":\"https:\\\/\\\/regiaonews.net.br\\\/2022\\\/wp-content\\\/uploads\\\/2023\\\/08\\\/00051077.jpg\",\"contentUrl\":\"https:\\\/\\\/regiaonews.net.br\\\/2022\\\/wp-content\\\/uploads\\\/2023\\\/08\\\/00051077.jpg\",\"width\":800,\"height\":1066},{\"@type\":\"BreadcrumbList\",\"@id\":\"https:\\\/\\\/regiaonews.net.br\\\/2022\\\/2023\\\/08\\\/09\\\/policia-civil-prende-8-pessoas-e-apreende-100-quilos-de-cocaina-durante-operacao-na-cracolandia\\\/#breadcrumb\",\"itemListElement\":[{\"@type\":\"ListItem\",\"position\":1,\"name\":\"In\u00edcio\",\"item\":\"https:\\\/\\\/regiaonews.net.br\\\/2022\\\/\"},{\"@type\":\"ListItem\",\"position\":2,\"name\":\"Pol\u00edcia Civil prende 8 pessoas e apreende 100 quilos de coca\u00edna durante opera\u00e7\u00e3o na Cracol\u00e2ndia\"}]},{\"@type\":\"WebSite\",\"@id\":\"https:\\\/\\\/regiaonews.net.br\\\/2022\\\/#website\",\"url\":\"https:\\\/\\\/regiaonews.net.br\\\/2022\\\/\",\"name\":\"Regi\u00e3o News\",\"description\":\"Site de Not\u00edcias de Barretos e regi\u00e3o\",\"publisher\":{\"@id\":\"https:\\\/\\\/regiaonews.net.br\\\/2022\\\/#organization\"},\"potentialAction\":[{\"@type\":\"SearchAction\",\"target\":{\"@type\":\"EntryPoint\",\"urlTemplate\":\"https:\\\/\\\/regiaonews.net.br\\\/2022\\\/?s={search_term_string}\"},\"query-input\":{\"@type\":\"PropertyValueSpecification\",\"valueRequired\":true,\"valueName\":\"search_term_string\"}}],\"inLanguage\":\"pt-BR\"},{\"@type\":\"Organization\",\"@id\":\"https:\\\/\\\/regiaonews.net.br\\\/2022\\\/#organization\",\"name\":\"Regi\u00e3o News\",\"url\":\"https:\\\/\\\/regiaonews.net.br\\\/2022\\\/\",\"logo\":{\"@type\":\"ImageObject\",\"inLanguage\":\"pt-BR\",\"@id\":\"https:\\\/\\\/regiaonews.net.br\\\/2022\\\/#\\\/schema\\\/logo\\\/image\\\/\",\"url\":\"https:\\\/\\\/regiaonews.net.br\\\/2022\\\/wp-content\\\/uploads\\\/2026\\\/03\\\/regiao-13-anos-scaled.jpg\",\"contentUrl\":\"https:\\\/\\\/regiaonews.net.br\\\/2022\\\/wp-content\\\/uploads\\\/2026\\\/03\\\/regiao-13-anos-scaled.jpg\",\"width\":2560,\"height\":635,\"caption\":\"Regi\u00e3o News\"},\"image\":{\"@id\":\"https:\\\/\\\/regiaonews.net.br\\\/2022\\\/#\\\/schema\\\/logo\\\/image\\\/\"}},{\"@type\":\"Person\",\"@id\":\"https:\\\/\\\/regiaonews.net.br\\\/2022\\\/#\\\/schema\\\/person\\\/2d205a608a5aa97ac279d7a5e6d89ad8\",\"name\":\"Roberto\",\"image\":{\"@type\":\"ImageObject\",\"inLanguage\":\"pt-BR\",\"@id\":\"https:\\\/\\\/secure.gravatar.com\\\/avatar\\\/42749d8b712ff9d59ca93dc150494e5b55a44134482993f5baeb97e61b7ecc89?s=96&d=mm&r=g\",\"url\":\"https:\\\/\\\/secure.gravatar.com\\\/avatar\\\/42749d8b712ff9d59ca93dc150494e5b55a44134482993f5baeb97e61b7ecc89?s=96&d=mm&r=g\",\"contentUrl\":\"https:\\\/\\\/secure.gravatar.com\\\/avatar\\\/42749d8b712ff9d59ca93dc150494e5b55a44134482993f5baeb97e61b7ecc89?s=96&d=mm&r=g\",\"caption\":\"Roberto\"},\"url\":\"https:\\\/\\\/regiaonews.net.br\\\/2022\\\/author\\\/roberto\\\/\"}]}<\/script>\n<!-- \/ Yoast SEO plugin. -->","yoast_head_json":{"title":"Pol\u00edcia Civil prende 8 pessoas e apreende 100 quilos de coca\u00edna durante opera\u00e7\u00e3o na Cracol\u00e2ndia - Regi\u00e3o News","robots":{"index":"index","follow":"follow","max-snippet":"max-snippet:-1","max-image-preview":"max-image-preview:large","max-video-preview":"max-video-preview:-1"},"canonical":"https:\/\/regiaonews.net.br\/2022\/2023\/08\/09\/policia-civil-prende-8-pessoas-e-apreende-100-quilos-de-cocaina-durante-operacao-na-cracolandia\/","og_locale":"pt_BR","og_type":"article","og_title":"Pol\u00edcia Civil prende 8 pessoas e apreende 100 quilos de coca\u00edna durante opera\u00e7\u00e3o na Cracol\u00e2ndia - Regi\u00e3o News","og_description":"Um dos presos \u00e9 apontado como \u201cDisciplina do Fluxo\u201d, respons\u00e1vel","og_url":"https:\/\/regiaonews.net.br\/2022\/2023\/08\/09\/policia-civil-prende-8-pessoas-e-apreende-100-quilos-de-cocaina-durante-operacao-na-cracolandia\/","og_site_name":"Regi\u00e3o News","article_published_time":"2023-08-09T22:21:18+00:00","og_image":[{"width":800,"height":1066,"url":"https:\/\/regiaonews.net.br\/2022\/wp-content\/uploads\/2023\/08\/00051077.jpg","type":"image\/jpeg"}],"author":"Roberto","twitter_card":"summary_large_image","twitter_misc":{"Escrito por":"Roberto","Est. tempo de leitura":"4 minutos"},"schema":{"@context":"https:\/\/schema.org","@graph":[{"@type":"Article","@id":"https:\/\/regiaonews.net.br\/2022\/2023\/08\/09\/policia-civil-prende-8-pessoas-e-apreende-100-quilos-de-cocaina-durante-operacao-na-cracolandia\/#article","isPartOf":{"@id":"https:\/\/regiaonews.net.br\/2022\/2023\/08\/09\/policia-civil-prende-8-pessoas-e-apreende-100-quilos-de-cocaina-durante-operacao-na-cracolandia\/"},"author":{"name":"Roberto","@id":"https:\/\/regiaonews.net.br\/2022\/#\/schema\/person\/2d205a608a5aa97ac279d7a5e6d89ad8"},"headline":"Pol\u00edcia Civil prende 8 pessoas e apreende 100 quilos de coca\u00edna durante opera\u00e7\u00e3o na Cracol\u00e2ndia","datePublished":"2023-08-09T22:21:18+00:00","mainEntityOfPage":{"@id":"https:\/\/regiaonews.net.br\/2022\/2023\/08\/09\/policia-civil-prende-8-pessoas-e-apreende-100-quilos-de-cocaina-durante-operacao-na-cracolandia\/"},"wordCount":648,"commentCount":0,"publisher":{"@id":"https:\/\/regiaonews.net.br\/2022\/#organization"},"image":{"@id":"https:\/\/regiaonews.net.br\/2022\/2023\/08\/09\/policia-civil-prende-8-pessoas-e-apreende-100-quilos-de-cocaina-durante-operacao-na-cracolandia\/#primaryimage"},"thumbnailUrl":"https:\/\/regiaonews.net.br\/2022\/wp-content\/uploads\/2023\/08\/00051077.jpg","articleSection":["Policia"],"inLanguage":"pt-BR","potentialAction":[{"@type":"CommentAction","name":"Comment","target":["https:\/\/regiaonews.net.br\/2022\/2023\/08\/09\/policia-civil-prende-8-pessoas-e-apreende-100-quilos-de-cocaina-durante-operacao-na-cracolandia\/#respond"]}]},{"@type":"WebPage","@id":"https:\/\/regiaonews.net.br\/2022\/2023\/08\/09\/policia-civil-prende-8-pessoas-e-apreende-100-quilos-de-cocaina-durante-operacao-na-cracolandia\/","url":"https:\/\/regiaonews.net.br\/2022\/2023\/08\/09\/policia-civil-prende-8-pessoas-e-apreende-100-quilos-de-cocaina-durante-operacao-na-cracolandia\/","name":"Pol\u00edcia Civil prende 8 pessoas e apreende 100 quilos de coca\u00edna durante opera\u00e7\u00e3o na Cracol\u00e2ndia - Regi\u00e3o News","isPartOf":{"@id":"https:\/\/regiaonews.net.br\/2022\/#website"},"primaryImageOfPage":{"@id":"https:\/\/regiaonews.net.br\/2022\/2023\/08\/09\/policia-civil-prende-8-pessoas-e-apreende-100-quilos-de-cocaina-durante-operacao-na-cracolandia\/#primaryimage"},"image":{"@id":"https:\/\/regiaonews.net.br\/2022\/2023\/08\/09\/policia-civil-prende-8-pessoas-e-apreende-100-quilos-de-cocaina-durante-operacao-na-cracolandia\/#primaryimage"},"thumbnailUrl":"https:\/\/regiaonews.net.br\/2022\/wp-content\/uploads\/2023\/08\/00051077.jpg","datePublished":"2023-08-09T22:21:18+00:00","breadcrumb":{"@id":"https:\/\/regiaonews.net.br\/2022\/2023\/08\/09\/policia-civil-prende-8-pessoas-e-apreende-100-quilos-de-cocaina-durante-operacao-na-cracolandia\/#breadcrumb"},"inLanguage":"pt-BR","potentialAction":[{"@type":"ReadAction","target":["https:\/\/regiaonews.net.br\/2022\/2023\/08\/09\/policia-civil-prende-8-pessoas-e-apreende-100-quilos-de-cocaina-durante-operacao-na-cracolandia\/"]}]},{"@type":"ImageObject","inLanguage":"pt-BR","@id":"https:\/\/regiaonews.net.br\/2022\/2023\/08\/09\/policia-civil-prende-8-pessoas-e-apreende-100-quilos-de-cocaina-durante-operacao-na-cracolandia\/#primaryimage","url":"https:\/\/regiaonews.net.br\/2022\/wp-content\/uploads\/2023\/08\/00051077.jpg","contentUrl":"https:\/\/regiaonews.net.br\/2022\/wp-content\/uploads\/2023\/08\/00051077.jpg","width":800,"height":1066},{"@type":"BreadcrumbList","@id":"https:\/\/regiaonews.net.br\/2022\/2023\/08\/09\/policia-civil-prende-8-pessoas-e-apreende-100-quilos-de-cocaina-durante-operacao-na-cracolandia\/#breadcrumb","itemListElement":[{"@type":"ListItem","position":1,"name":"In\u00edcio","item":"https:\/\/regiaonews.net.br\/2022\/"},{"@type":"ListItem","position":2,"name":"Pol\u00edcia Civil prende 8 pessoas e apreende 100 quilos de coca\u00edna durante opera\u00e7\u00e3o na Cracol\u00e2ndia"}]},{"@type":"WebSite","@id":"https:\/\/regiaonews.net.br\/2022\/#website","url":"https:\/\/regiaonews.net.br\/2022\/","name":"Regi\u00e3o News","description":"Site de Not\u00edcias de Barretos e regi\u00e3o","publisher":{"@id":"https:\/\/regiaonews.net.br\/2022\/#organization"},"potentialAction":[{"@type":"SearchAction","target":{"@type":"EntryPoint","urlTemplate":"https:\/\/regiaonews.net.br\/2022\/?s={search_term_string}"},"query-input":{"@type":"PropertyValueSpecification","valueRequired":true,"valueName":"search_term_string"}}],"inLanguage":"pt-BR"},{"@type":"Organization","@id":"https:\/\/regiaonews.net.br\/2022\/#organization","name":"Regi\u00e3o News","url":"https:\/\/regiaonews.net.br\/2022\/","logo":{"@type":"ImageObject","inLanguage":"pt-BR","@id":"https:\/\/regiaonews.net.br\/2022\/#\/schema\/logo\/image\/","url":"https:\/\/regiaonews.net.br\/2022\/wp-content\/uploads\/2026\/03\/regiao-13-anos-scaled.jpg","contentUrl":"https:\/\/regiaonews.net.br\/2022\/wp-content\/uploads\/2026\/03\/regiao-13-anos-scaled.jpg","width":2560,"height":635,"caption":"Regi\u00e3o News"},"image":{"@id":"https:\/\/regiaonews.net.br\/2022\/#\/schema\/logo\/image\/"}},{"@type":"Person","@id":"https:\/\/regiaonews.net.br\/2022\/#\/schema\/person\/2d205a608a5aa97ac279d7a5e6d89ad8","name":"Roberto","image":{"@type":"ImageObject","inLanguage":"pt-BR","@id":"https:\/\/secure.gravatar.com\/avatar\/42749d8b712ff9d59ca93dc150494e5b55a44134482993f5baeb97e61b7ecc89?s=96&d=mm&r=g","url":"https:\/\/secure.gravatar.com\/avatar\/42749d8b712ff9d59ca93dc150494e5b55a44134482993f5baeb97e61b7ecc89?s=96&d=mm&r=g","contentUrl":"https:\/\/secure.gravatar.com\/avatar\/42749d8b712ff9d59ca93dc150494e5b55a44134482993f5baeb97e61b7ecc89?s=96&d=mm&r=g","caption":"Roberto"},"url":"https:\/\/regiaonews.net.br\/2022\/author\/roberto\/"}]}},"publishpress_future_action":{"enabled":false,"date":"2026-05-10 08:03:31","action":"change-status","newStatus":"draft","terms":[],"taxonomy":"category","extraData":[]},"publishpress_future_workflow_manual_trigger":{"enabledWorkflows":[]},"_links":{"self":[{"href":"https:\/\/regiaonews.net.br\/2022\/wp-json\/wp\/v2\/posts\/93138","targetHints":{"allow":["GET"]}}],"collection":[{"href":"https:\/\/regiaonews.net.br\/2022\/wp-json\/wp\/v2\/posts"}],"about":[{"href":"https:\/\/regiaonews.net.br\/2022\/wp-json\/wp\/v2\/types\/post"}],"author":[{"embeddable":true,"href":"https:\/\/regiaonews.net.br\/2022\/wp-json\/wp\/v2\/users\/2"}],"replies":[{"embeddable":true,"href":"https:\/\/regiaonews.net.br\/2022\/wp-json\/wp\/v2\/comments?post=93138"}],"version-history":[{"count":1,"href":"https:\/\/regiaonews.net.br\/2022\/wp-json\/wp\/v2\/posts\/93138\/revisions"}],"predecessor-version":[{"id":93140,"href":"https:\/\/regiaonews.net.br\/2022\/wp-json\/wp\/v2\/posts\/93138\/revisions\/93140"}],"wp:featuredmedia":[{"embeddable":true,"href":"https:\/\/regiaonews.net.br\/2022\/wp-json\/wp\/v2\/media\/93139"}],"wp:attachment":[{"href":"https:\/\/regiaonews.net.br\/2022\/wp-json\/wp\/v2\/media?parent=93138"}],"wp:term":[{"taxonomy":"category","embeddable":true,"href":"https:\/\/regiaonews.net.br\/2022\/wp-json\/wp\/v2\/categories?post=93138"},{"taxonomy":"post_tag","embeddable":true,"href":"https:\/\/regiaonews.net.br\/2022\/wp-json\/wp\/v2\/tags?post=93138"}],"curies":[{"name":"wp","href":"https:\/\/api.w.org\/{rel}","templated":true}]}}