{"id":93133,"date":"2023-08-09T16:59:05","date_gmt":"2023-08-09T19:59:05","guid":{"rendered":"https:\/\/regiaonews.net.br\/2022\/?p=93133"},"modified":"2023-08-09T16:59:05","modified_gmt":"2023-08-09T19:59:05","slug":"regulamentacao-da-pratica-esportiva-parkour-e-aprovada-pela-alesp-e-se-torna-lei-estadual","status":"publish","type":"post","link":"https:\/\/regiaonews.net.br\/2022\/2023\/08\/09\/regulamentacao-da-pratica-esportiva-parkour-e-aprovada-pela-alesp-e-se-torna-lei-estadual\/","title":{"rendered":"Regulamenta\u00e7\u00e3o da pr\u00e1tica esportiva \u201cParkour\u201d \u00e9 aprovada pela ALESP e se torna lei estadual"},"content":{"rendered":"<p>De autoria do deputado Sebasti\u00e3o Santos, o projeto regulamenta a pr\u00e1tica esportiva parkour no \u00e2mbito do Estado de S\u00e3o Paulo<\/p>\n<p>A Assembleia Legislativa do Estado de S\u00e3o Paulo aprovou em sess\u00e3o extraordin\u00e1ria, realizada no dia 8 de agosto, o projeto de lei 673\/2021 \u2013 de autoria do deputado estadual Sebasti\u00e3o Santos (Republicanos) \u2013 a regulamenta\u00e7\u00e3o da pr\u00e1tica esportiva conhecida como \u2018Parkour\u2019.<\/p>\n<p>De acordo com trechos do projeto, o esporte parkour tem como objetivo atividades que utilizam habilidades e capacidade corporais para superar obst\u00e1culos e desafios em ambientes naturais ou urbanos, podendo ser desenvolvida individualmente ou em grupo. Ap\u00f3s a san\u00e7\u00e3o pelo governo estadual, os praticantes de esportes parkour passam a receber a nomenclatura de \u201catletas\u201d.<\/p>\n<p>\u201cO Parkour, tamb\u00e9m conhecido como arte do deslocamento, \u00e9 uma pr\u00e1tica f\u00edsica que envolve a supera\u00e7\u00e3o de obst\u00e1culos atrav\u00e9s de saltos, corridas, escaladas e outras t\u00e9cnicas de movimento. Origin\u00e1rio da Fran\u00e7a, o Parkour surgiu na d\u00e9cada de 1980 e se tornou popular em todo o mundo nas \u00faltimas d\u00e9cadas. A pr\u00e1tica j\u00e1 tem reconhecimento como modalidade esportiva em diversos pa\u00edses como o Reino Unido\u201d, explicou Sebasti\u00e3o Santos sobre a origem do esporte.<\/p>\n<p>Sebasti\u00e3o Santos, ainda agradeceu os demais parlamentares pelo empenho da aprova\u00e7\u00e3o da lei e exemplificou a import\u00e2ncia da promo\u00e7\u00e3o de mais um esporte de alto rendimento no estado de S\u00e3o Paulo. \u201cAgrade\u00e7o aos nobres pares que puderam olhar com carinho para esta modalidade esportiva, concedendo a eles a oportunidade de praticarem seus exerc\u00edcios em locais adequados e seguros; que passem a promover a\u00e7\u00f5es de incentivo e integra\u00e7\u00e3o social, os reconhecendo como esportistas\u201d, ressaltou o deputado.<\/p>\n<p>CONHE\u00c7A O QUE \u00c9 PR\u00c1TICA ESPORTIVA PARKOUR<br \/>\nO Parkour \u00e9 uma atividade f\u00edsica que exige muita habilidade e coordena\u00e7\u00e3o, al\u00e9m de uma boa forma f\u00edsica e mental. Os praticantes do Parkour devem ser capazes de lidar com o medo, o cansa\u00e7o e o estresse, al\u00e9m de desenvolver a capacidade de avaliar e calcular riscos.<\/p>\n<p>Uma das principais caracter\u00edsticas do Parkour \u00e9 a sua filosofia, que valoriza a supera\u00e7\u00e3o pessoal e a busca por desafios cada vez maiores. Os praticantes do Parkour s\u00e3o incentivados a buscar a excel\u00eancia em seus movimentos e a desafiar seus pr\u00f3prios limites, sempre com respeito aos outros e ao ambiente ao seu redor.<\/p>\n<p>Embora seja uma atividade f\u00edsica de alto impacto, o Parkour tamb\u00e9m \u00e9 uma forma de arte e de express\u00e3o. Muitos praticantes do Parkour utilizam suas habilidades para criar performances impressionantes, que combinam movimento, m\u00fasica e outras formas de arte.<\/p>\n<p>Al\u00e9m de ser uma atividade f\u00edsica emocionante e desafiadora, o Parkour tamb\u00e9m traz v\u00e1rios benef\u00edcios para a sa\u00fade. A pr\u00e1tica do Parkour ajuda a desenvolver a for\u00e7a, a flexibilidade, a agilidade e a resist\u00eancia f\u00edsica, al\u00e9m de melhorar a coordena\u00e7\u00e3o motora e a consci\u00eancia corporal.<\/p>\n<p><a href=\"https:\/\/regiaonews.net.br\/2022\/wp-content\/uploads\/2023\/08\/WhatsApp-Image-2023-08-09-at-16.25.09-1.jpeg\"><img loading=\"lazy\" decoding=\"async\" class=\"alignnone size-medium wp-image-93136\" src=\"https:\/\/regiaonews.net.br\/2022\/wp-content\/uploads\/2023\/08\/WhatsApp-Image-2023-08-09-at-16.25.09-1-300x225.jpeg\" alt=\"\" width=\"300\" height=\"225\" srcset=\"https:\/\/regiaonews.net.br\/2022\/wp-content\/uploads\/2023\/08\/WhatsApp-Image-2023-08-09-at-16.25.09-1-300x225.jpeg 300w, https:\/\/regiaonews.net.br\/2022\/wp-content\/uploads\/2023\/08\/WhatsApp-Image-2023-08-09-at-16.25.09-1-1024x768.jpeg 1024w, https:\/\/regiaonews.net.br\/2022\/wp-content\/uploads\/2023\/08\/WhatsApp-Image-2023-08-09-at-16.25.09-1-768x576.jpeg 768w, https:\/\/regiaonews.net.br\/2022\/wp-content\/uploads\/2023\/08\/WhatsApp-Image-2023-08-09-at-16.25.09-1-250x188.jpeg 250w, https:\/\/regiaonews.net.br\/2022\/wp-content\/uploads\/2023\/08\/WhatsApp-Image-2023-08-09-at-16.25.09-1-200x150.jpeg 200w, https:\/\/regiaonews.net.br\/2022\/wp-content\/uploads\/2023\/08\/WhatsApp-Image-2023-08-09-at-16.25.09-1.jpeg 1500w\" sizes=\"auto, (max-width: 300px) 100vw, 300px\" \/><\/a><\/p>\n","protected":false},"excerpt":{"rendered":"<p>De autoria do deputado Sebasti\u00e3o Santos, o projeto regulamenta a<\/p>\n","protected":false},"author":2,"featured_media":93135,"comment_status":"open","ping_status":"open","sticky":false,"template":"","format":"standard","meta":{"footnotes":""},"categories":[21,7],"tags":[],"class_list":["post-93133","post","type-post","status-publish","format-standard","has-post-thumbnail","hentry","category-esporte","category-estado-de-sao-paulo"],"yoast_head":"<!-- This site is optimized with the Yoast SEO plugin v27.5 - https:\/\/yoast.com\/product\/yoast-seo-wordpress\/ -->\n<title>Regulamenta\u00e7\u00e3o da pr\u00e1tica esportiva \u201cParkour\u201d \u00e9 aprovada<\/title>\n<meta name=\"description\" content=\"De autoria do deputado Sebasti\u00e3o Santos, o projeto regulamenta a pr\u00e1tica esportiva parkour no \u00e2mbito do Estado de S\u00e3o PauloA Assembleia\" \/>\n<meta name=\"robots\" content=\"index, follow, max-snippet:-1, max-image-preview:large, max-video-preview:-1\" \/>\n<link rel=\"canonical\" href=\"https:\/\/regiaonews.net.br\/2022\/2023\/08\/09\/regulamentacao-da-pratica-esportiva-parkour-e-aprovada-pela-alesp-e-se-torna-lei-estadual\/\" \/>\n<meta property=\"og:locale\" content=\"pt_BR\" \/>\n<meta property=\"og:type\" content=\"article\" \/>\n<meta property=\"og:title\" content=\"Regulamenta\u00e7\u00e3o da pr\u00e1tica esportiva \u201cParkour\u201d \u00e9 aprovada\" \/>\n<meta property=\"og:description\" content=\"De autoria do deputado Sebasti\u00e3o Santos, o projeto regulamenta a pr\u00e1tica esportiva parkour no \u00e2mbito do Estado de S\u00e3o PauloA Assembleia\" \/>\n<meta property=\"og:url\" content=\"https:\/\/regiaonews.net.br\/2022\/2023\/08\/09\/regulamentacao-da-pratica-esportiva-parkour-e-aprovada-pela-alesp-e-se-torna-lei-estadual\/\" \/>\n<meta property=\"og:site_name\" content=\"Regi\u00e3o News\" \/>\n<meta property=\"article:published_time\" content=\"2023-08-09T19:59:05+00:00\" \/>\n<meta property=\"og:image\" content=\"https:\/\/regiaonews.net.br\/2022\/wp-content\/uploads\/2023\/08\/WhatsApp-Image-2023-08-09-at-16.25.14.jpeg\" \/>\n\t<meta property=\"og:image:width\" content=\"1600\" \/>\n\t<meta property=\"og:image:height\" content=\"1066\" \/>\n\t<meta property=\"og:image:type\" content=\"image\/jpeg\" \/>\n<meta name=\"author\" content=\"Roberto\" \/>\n<meta name=\"twitter:card\" content=\"summary_large_image\" \/>\n<meta name=\"twitter:label1\" content=\"Escrito por\" \/>\n\t<meta name=\"twitter:data1\" content=\"Roberto\" \/>\n\t<meta name=\"twitter:label2\" content=\"Est. tempo de leitura\" \/>\n\t<meta name=\"twitter:data2\" content=\"3 minutos\" \/>\n<script type=\"application\/ld+json\" class=\"yoast-schema-graph\">{\"@context\":\"https:\\\/\\\/schema.org\",\"@graph\":[{\"@type\":\"Article\",\"@id\":\"https:\\\/\\\/regiaonews.net.br\\\/2022\\\/2023\\\/08\\\/09\\\/regulamentacao-da-pratica-esportiva-parkour-e-aprovada-pela-alesp-e-se-torna-lei-estadual\\\/#article\",\"isPartOf\":{\"@id\":\"https:\\\/\\\/regiaonews.net.br\\\/2022\\\/2023\\\/08\\\/09\\\/regulamentacao-da-pratica-esportiva-parkour-e-aprovada-pela-alesp-e-se-torna-lei-estadual\\\/\"},\"author\":{\"name\":\"Roberto\",\"@id\":\"https:\\\/\\\/regiaonews.net.br\\\/2022\\\/#\\\/schema\\\/person\\\/2d205a608a5aa97ac279d7a5e6d89ad8\"},\"headline\":\"Regulamenta\u00e7\u00e3o da pr\u00e1tica esportiva \u201cParkour\u201d \u00e9 aprovada pela ALESP e se torna lei estadual\",\"datePublished\":\"2023-08-09T19:59:05+00:00\",\"mainEntityOfPage\":{\"@id\":\"https:\\\/\\\/regiaonews.net.br\\\/2022\\\/2023\\\/08\\\/09\\\/regulamentacao-da-pratica-esportiva-parkour-e-aprovada-pela-alesp-e-se-torna-lei-estadual\\\/\"},\"wordCount\":523,\"commentCount\":0,\"publisher\":{\"@id\":\"https:\\\/\\\/regiaonews.net.br\\\/2022\\\/#organization\"},\"image\":{\"@id\":\"https:\\\/\\\/regiaonews.net.br\\\/2022\\\/2023\\\/08\\\/09\\\/regulamentacao-da-pratica-esportiva-parkour-e-aprovada-pela-alesp-e-se-torna-lei-estadual\\\/#primaryimage\"},\"thumbnailUrl\":\"https:\\\/\\\/regiaonews.net.br\\\/2022\\\/wp-content\\\/uploads\\\/2023\\\/08\\\/WhatsApp-Image-2023-08-09-at-16.25.14.jpeg\",\"articleSection\":[\"Esporte\",\"Estado de S\u00e3o Paulo\"],\"inLanguage\":\"pt-BR\",\"potentialAction\":[{\"@type\":\"CommentAction\",\"name\":\"Comment\",\"target\":[\"https:\\\/\\\/regiaonews.net.br\\\/2022\\\/2023\\\/08\\\/09\\\/regulamentacao-da-pratica-esportiva-parkour-e-aprovada-pela-alesp-e-se-torna-lei-estadual\\\/#respond\"]}]},{\"@type\":\"WebPage\",\"@id\":\"https:\\\/\\\/regiaonews.net.br\\\/2022\\\/2023\\\/08\\\/09\\\/regulamentacao-da-pratica-esportiva-parkour-e-aprovada-pela-alesp-e-se-torna-lei-estadual\\\/\",\"url\":\"https:\\\/\\\/regiaonews.net.br\\\/2022\\\/2023\\\/08\\\/09\\\/regulamentacao-da-pratica-esportiva-parkour-e-aprovada-pela-alesp-e-se-torna-lei-estadual\\\/\",\"name\":\"Regulamenta\u00e7\u00e3o da pr\u00e1tica esportiva \u201cParkour\u201d \u00e9 aprovada\",\"isPartOf\":{\"@id\":\"https:\\\/\\\/regiaonews.net.br\\\/2022\\\/#website\"},\"primaryImageOfPage\":{\"@id\":\"https:\\\/\\\/regiaonews.net.br\\\/2022\\\/2023\\\/08\\\/09\\\/regulamentacao-da-pratica-esportiva-parkour-e-aprovada-pela-alesp-e-se-torna-lei-estadual\\\/#primaryimage\"},\"image\":{\"@id\":\"https:\\\/\\\/regiaonews.net.br\\\/2022\\\/2023\\\/08\\\/09\\\/regulamentacao-da-pratica-esportiva-parkour-e-aprovada-pela-alesp-e-se-torna-lei-estadual\\\/#primaryimage\"},\"thumbnailUrl\":\"https:\\\/\\\/regiaonews.net.br\\\/2022\\\/wp-content\\\/uploads\\\/2023\\\/08\\\/WhatsApp-Image-2023-08-09-at-16.25.14.jpeg\",\"datePublished\":\"2023-08-09T19:59:05+00:00\",\"description\":\"De autoria do deputado Sebasti\u00e3o Santos, o projeto regulamenta a pr\u00e1tica esportiva parkour no \u00e2mbito do Estado de S\u00e3o PauloA Assembleia\",\"breadcrumb\":{\"@id\":\"https:\\\/\\\/regiaonews.net.br\\\/2022\\\/2023\\\/08\\\/09\\\/regulamentacao-da-pratica-esportiva-parkour-e-aprovada-pela-alesp-e-se-torna-lei-estadual\\\/#breadcrumb\"},\"inLanguage\":\"pt-BR\",\"potentialAction\":[{\"@type\":\"ReadAction\",\"target\":[\"https:\\\/\\\/regiaonews.net.br\\\/2022\\\/2023\\\/08\\\/09\\\/regulamentacao-da-pratica-esportiva-parkour-e-aprovada-pela-alesp-e-se-torna-lei-estadual\\\/\"]}]},{\"@type\":\"ImageObject\",\"inLanguage\":\"pt-BR\",\"@id\":\"https:\\\/\\\/regiaonews.net.br\\\/2022\\\/2023\\\/08\\\/09\\\/regulamentacao-da-pratica-esportiva-parkour-e-aprovada-pela-alesp-e-se-torna-lei-estadual\\\/#primaryimage\",\"url\":\"https:\\\/\\\/regiaonews.net.br\\\/2022\\\/wp-content\\\/uploads\\\/2023\\\/08\\\/WhatsApp-Image-2023-08-09-at-16.25.14.jpeg\",\"contentUrl\":\"https:\\\/\\\/regiaonews.net.br\\\/2022\\\/wp-content\\\/uploads\\\/2023\\\/08\\\/WhatsApp-Image-2023-08-09-at-16.25.14.jpeg\",\"width\":1600,\"height\":1066},{\"@type\":\"BreadcrumbList\",\"@id\":\"https:\\\/\\\/regiaonews.net.br\\\/2022\\\/2023\\\/08\\\/09\\\/regulamentacao-da-pratica-esportiva-parkour-e-aprovada-pela-alesp-e-se-torna-lei-estadual\\\/#breadcrumb\",\"itemListElement\":[{\"@type\":\"ListItem\",\"position\":1,\"name\":\"In\u00edcio\",\"item\":\"https:\\\/\\\/regiaonews.net.br\\\/2022\\\/\"},{\"@type\":\"ListItem\",\"position\":2,\"name\":\"Regulamenta\u00e7\u00e3o da pr\u00e1tica esportiva \u201cParkour\u201d \u00e9 aprovada pela ALESP e se torna lei estadual\"}]},{\"@type\":\"WebSite\",\"@id\":\"https:\\\/\\\/regiaonews.net.br\\\/2022\\\/#website\",\"url\":\"https:\\\/\\\/regiaonews.net.br\\\/2022\\\/\",\"name\":\"Regi\u00e3o News\",\"description\":\"Site de Not\u00edcias de Barretos e regi\u00e3o\",\"publisher\":{\"@id\":\"https:\\\/\\\/regiaonews.net.br\\\/2022\\\/#organization\"},\"potentialAction\":[{\"@type\":\"SearchAction\",\"target\":{\"@type\":\"EntryPoint\",\"urlTemplate\":\"https:\\\/\\\/regiaonews.net.br\\\/2022\\\/?s={search_term_string}\"},\"query-input\":{\"@type\":\"PropertyValueSpecification\",\"valueRequired\":true,\"valueName\":\"search_term_string\"}}],\"inLanguage\":\"pt-BR\"},{\"@type\":\"Organization\",\"@id\":\"https:\\\/\\\/regiaonews.net.br\\\/2022\\\/#organization\",\"name\":\"Regi\u00e3o News\",\"url\":\"https:\\\/\\\/regiaonews.net.br\\\/2022\\\/\",\"logo\":{\"@type\":\"ImageObject\",\"inLanguage\":\"pt-BR\",\"@id\":\"https:\\\/\\\/regiaonews.net.br\\\/2022\\\/#\\\/schema\\\/logo\\\/image\\\/\",\"url\":\"https:\\\/\\\/regiaonews.net.br\\\/2022\\\/wp-content\\\/uploads\\\/2026\\\/03\\\/regiao-13-anos-scaled.jpg\",\"contentUrl\":\"https:\\\/\\\/regiaonews.net.br\\\/2022\\\/wp-content\\\/uploads\\\/2026\\\/03\\\/regiao-13-anos-scaled.jpg\",\"width\":2560,\"height\":635,\"caption\":\"Regi\u00e3o News\"},\"image\":{\"@id\":\"https:\\\/\\\/regiaonews.net.br\\\/2022\\\/#\\\/schema\\\/logo\\\/image\\\/\"}},{\"@type\":\"Person\",\"@id\":\"https:\\\/\\\/regiaonews.net.br\\\/2022\\\/#\\\/schema\\\/person\\\/2d205a608a5aa97ac279d7a5e6d89ad8\",\"name\":\"Roberto\",\"image\":{\"@type\":\"ImageObject\",\"inLanguage\":\"pt-BR\",\"@id\":\"https:\\\/\\\/secure.gravatar.com\\\/avatar\\\/42749d8b712ff9d59ca93dc150494e5b55a44134482993f5baeb97e61b7ecc89?s=96&d=mm&r=g\",\"url\":\"https:\\\/\\\/secure.gravatar.com\\\/avatar\\\/42749d8b712ff9d59ca93dc150494e5b55a44134482993f5baeb97e61b7ecc89?s=96&d=mm&r=g\",\"contentUrl\":\"https:\\\/\\\/secure.gravatar.com\\\/avatar\\\/42749d8b712ff9d59ca93dc150494e5b55a44134482993f5baeb97e61b7ecc89?s=96&d=mm&r=g\",\"caption\":\"Roberto\"},\"url\":\"https:\\\/\\\/regiaonews.net.br\\\/2022\\\/author\\\/roberto\\\/\"}]}<\/script>\n<!-- \/ Yoast SEO plugin. -->","yoast_head_json":{"title":"Regulamenta\u00e7\u00e3o da pr\u00e1tica esportiva \u201cParkour\u201d \u00e9 aprovada","description":"De autoria do deputado Sebasti\u00e3o Santos, o projeto regulamenta a pr\u00e1tica esportiva parkour no \u00e2mbito do Estado de S\u00e3o PauloA Assembleia","robots":{"index":"index","follow":"follow","max-snippet":"max-snippet:-1","max-image-preview":"max-image-preview:large","max-video-preview":"max-video-preview:-1"},"canonical":"https:\/\/regiaonews.net.br\/2022\/2023\/08\/09\/regulamentacao-da-pratica-esportiva-parkour-e-aprovada-pela-alesp-e-se-torna-lei-estadual\/","og_locale":"pt_BR","og_type":"article","og_title":"Regulamenta\u00e7\u00e3o da pr\u00e1tica esportiva \u201cParkour\u201d \u00e9 aprovada","og_description":"De autoria do deputado Sebasti\u00e3o Santos, o projeto regulamenta a pr\u00e1tica esportiva parkour no \u00e2mbito do Estado de S\u00e3o PauloA Assembleia","og_url":"https:\/\/regiaonews.net.br\/2022\/2023\/08\/09\/regulamentacao-da-pratica-esportiva-parkour-e-aprovada-pela-alesp-e-se-torna-lei-estadual\/","og_site_name":"Regi\u00e3o News","article_published_time":"2023-08-09T19:59:05+00:00","og_image":[{"width":1600,"height":1066,"url":"https:\/\/regiaonews.net.br\/2022\/wp-content\/uploads\/2023\/08\/WhatsApp-Image-2023-08-09-at-16.25.14.jpeg","type":"image\/jpeg"}],"author":"Roberto","twitter_card":"summary_large_image","twitter_misc":{"Escrito por":"Roberto","Est. tempo de leitura":"3 minutos"},"schema":{"@context":"https:\/\/schema.org","@graph":[{"@type":"Article","@id":"https:\/\/regiaonews.net.br\/2022\/2023\/08\/09\/regulamentacao-da-pratica-esportiva-parkour-e-aprovada-pela-alesp-e-se-torna-lei-estadual\/#article","isPartOf":{"@id":"https:\/\/regiaonews.net.br\/2022\/2023\/08\/09\/regulamentacao-da-pratica-esportiva-parkour-e-aprovada-pela-alesp-e-se-torna-lei-estadual\/"},"author":{"name":"Roberto","@id":"https:\/\/regiaonews.net.br\/2022\/#\/schema\/person\/2d205a608a5aa97ac279d7a5e6d89ad8"},"headline":"Regulamenta\u00e7\u00e3o da pr\u00e1tica esportiva \u201cParkour\u201d \u00e9 aprovada pela ALESP e se torna lei estadual","datePublished":"2023-08-09T19:59:05+00:00","mainEntityOfPage":{"@id":"https:\/\/regiaonews.net.br\/2022\/2023\/08\/09\/regulamentacao-da-pratica-esportiva-parkour-e-aprovada-pela-alesp-e-se-torna-lei-estadual\/"},"wordCount":523,"commentCount":0,"publisher":{"@id":"https:\/\/regiaonews.net.br\/2022\/#organization"},"image":{"@id":"https:\/\/regiaonews.net.br\/2022\/2023\/08\/09\/regulamentacao-da-pratica-esportiva-parkour-e-aprovada-pela-alesp-e-se-torna-lei-estadual\/#primaryimage"},"thumbnailUrl":"https:\/\/regiaonews.net.br\/2022\/wp-content\/uploads\/2023\/08\/WhatsApp-Image-2023-08-09-at-16.25.14.jpeg","articleSection":["Esporte","Estado de S\u00e3o Paulo"],"inLanguage":"pt-BR","potentialAction":[{"@type":"CommentAction","name":"Comment","target":["https:\/\/regiaonews.net.br\/2022\/2023\/08\/09\/regulamentacao-da-pratica-esportiva-parkour-e-aprovada-pela-alesp-e-se-torna-lei-estadual\/#respond"]}]},{"@type":"WebPage","@id":"https:\/\/regiaonews.net.br\/2022\/2023\/08\/09\/regulamentacao-da-pratica-esportiva-parkour-e-aprovada-pela-alesp-e-se-torna-lei-estadual\/","url":"https:\/\/regiaonews.net.br\/2022\/2023\/08\/09\/regulamentacao-da-pratica-esportiva-parkour-e-aprovada-pela-alesp-e-se-torna-lei-estadual\/","name":"Regulamenta\u00e7\u00e3o da pr\u00e1tica esportiva \u201cParkour\u201d \u00e9 aprovada","isPartOf":{"@id":"https:\/\/regiaonews.net.br\/2022\/#website"},"primaryImageOfPage":{"@id":"https:\/\/regiaonews.net.br\/2022\/2023\/08\/09\/regulamentacao-da-pratica-esportiva-parkour-e-aprovada-pela-alesp-e-se-torna-lei-estadual\/#primaryimage"},"image":{"@id":"https:\/\/regiaonews.net.br\/2022\/2023\/08\/09\/regulamentacao-da-pratica-esportiva-parkour-e-aprovada-pela-alesp-e-se-torna-lei-estadual\/#primaryimage"},"thumbnailUrl":"https:\/\/regiaonews.net.br\/2022\/wp-content\/uploads\/2023\/08\/WhatsApp-Image-2023-08-09-at-16.25.14.jpeg","datePublished":"2023-08-09T19:59:05+00:00","description":"De autoria do deputado Sebasti\u00e3o Santos, o projeto regulamenta a pr\u00e1tica esportiva parkour no \u00e2mbito do Estado de S\u00e3o PauloA Assembleia","breadcrumb":{"@id":"https:\/\/regiaonews.net.br\/2022\/2023\/08\/09\/regulamentacao-da-pratica-esportiva-parkour-e-aprovada-pela-alesp-e-se-torna-lei-estadual\/#breadcrumb"},"inLanguage":"pt-BR","potentialAction":[{"@type":"ReadAction","target":["https:\/\/regiaonews.net.br\/2022\/2023\/08\/09\/regulamentacao-da-pratica-esportiva-parkour-e-aprovada-pela-alesp-e-se-torna-lei-estadual\/"]}]},{"@type":"ImageObject","inLanguage":"pt-BR","@id":"https:\/\/regiaonews.net.br\/2022\/2023\/08\/09\/regulamentacao-da-pratica-esportiva-parkour-e-aprovada-pela-alesp-e-se-torna-lei-estadual\/#primaryimage","url":"https:\/\/regiaonews.net.br\/2022\/wp-content\/uploads\/2023\/08\/WhatsApp-Image-2023-08-09-at-16.25.14.jpeg","contentUrl":"https:\/\/regiaonews.net.br\/2022\/wp-content\/uploads\/2023\/08\/WhatsApp-Image-2023-08-09-at-16.25.14.jpeg","width":1600,"height":1066},{"@type":"BreadcrumbList","@id":"https:\/\/regiaonews.net.br\/2022\/2023\/08\/09\/regulamentacao-da-pratica-esportiva-parkour-e-aprovada-pela-alesp-e-se-torna-lei-estadual\/#breadcrumb","itemListElement":[{"@type":"ListItem","position":1,"name":"In\u00edcio","item":"https:\/\/regiaonews.net.br\/2022\/"},{"@type":"ListItem","position":2,"name":"Regulamenta\u00e7\u00e3o da pr\u00e1tica esportiva \u201cParkour\u201d \u00e9 aprovada pela ALESP e se torna lei estadual"}]},{"@type":"WebSite","@id":"https:\/\/regiaonews.net.br\/2022\/#website","url":"https:\/\/regiaonews.net.br\/2022\/","name":"Regi\u00e3o News","description":"Site de Not\u00edcias de Barretos e regi\u00e3o","publisher":{"@id":"https:\/\/regiaonews.net.br\/2022\/#organization"},"potentialAction":[{"@type":"SearchAction","target":{"@type":"EntryPoint","urlTemplate":"https:\/\/regiaonews.net.br\/2022\/?s={search_term_string}"},"query-input":{"@type":"PropertyValueSpecification","valueRequired":true,"valueName":"search_term_string"}}],"inLanguage":"pt-BR"},{"@type":"Organization","@id":"https:\/\/regiaonews.net.br\/2022\/#organization","name":"Regi\u00e3o News","url":"https:\/\/regiaonews.net.br\/2022\/","logo":{"@type":"ImageObject","inLanguage":"pt-BR","@id":"https:\/\/regiaonews.net.br\/2022\/#\/schema\/logo\/image\/","url":"https:\/\/regiaonews.net.br\/2022\/wp-content\/uploads\/2026\/03\/regiao-13-anos-scaled.jpg","contentUrl":"https:\/\/regiaonews.net.br\/2022\/wp-content\/uploads\/2026\/03\/regiao-13-anos-scaled.jpg","width":2560,"height":635,"caption":"Regi\u00e3o News"},"image":{"@id":"https:\/\/regiaonews.net.br\/2022\/#\/schema\/logo\/image\/"}},{"@type":"Person","@id":"https:\/\/regiaonews.net.br\/2022\/#\/schema\/person\/2d205a608a5aa97ac279d7a5e6d89ad8","name":"Roberto","image":{"@type":"ImageObject","inLanguage":"pt-BR","@id":"https:\/\/secure.gravatar.com\/avatar\/42749d8b712ff9d59ca93dc150494e5b55a44134482993f5baeb97e61b7ecc89?s=96&d=mm&r=g","url":"https:\/\/secure.gravatar.com\/avatar\/42749d8b712ff9d59ca93dc150494e5b55a44134482993f5baeb97e61b7ecc89?s=96&d=mm&r=g","contentUrl":"https:\/\/secure.gravatar.com\/avatar\/42749d8b712ff9d59ca93dc150494e5b55a44134482993f5baeb97e61b7ecc89?s=96&d=mm&r=g","caption":"Roberto"},"url":"https:\/\/regiaonews.net.br\/2022\/author\/roberto\/"}]}},"publishpress_future_action":{"enabled":false,"date":"2026-05-10 10:49:52","action":"change-status","newStatus":"draft","terms":[],"taxonomy":"category","extraData":[]},"publishpress_future_workflow_manual_trigger":{"enabledWorkflows":[]},"_links":{"self":[{"href":"https:\/\/regiaonews.net.br\/2022\/wp-json\/wp\/v2\/posts\/93133","targetHints":{"allow":["GET"]}}],"collection":[{"href":"https:\/\/regiaonews.net.br\/2022\/wp-json\/wp\/v2\/posts"}],"about":[{"href":"https:\/\/regiaonews.net.br\/2022\/wp-json\/wp\/v2\/types\/post"}],"author":[{"embeddable":true,"href":"https:\/\/regiaonews.net.br\/2022\/wp-json\/wp\/v2\/users\/2"}],"replies":[{"embeddable":true,"href":"https:\/\/regiaonews.net.br\/2022\/wp-json\/wp\/v2\/comments?post=93133"}],"version-history":[{"count":1,"href":"https:\/\/regiaonews.net.br\/2022\/wp-json\/wp\/v2\/posts\/93133\/revisions"}],"predecessor-version":[{"id":93137,"href":"https:\/\/regiaonews.net.br\/2022\/wp-json\/wp\/v2\/posts\/93133\/revisions\/93137"}],"wp:featuredmedia":[{"embeddable":true,"href":"https:\/\/regiaonews.net.br\/2022\/wp-json\/wp\/v2\/media\/93135"}],"wp:attachment":[{"href":"https:\/\/regiaonews.net.br\/2022\/wp-json\/wp\/v2\/media?parent=93133"}],"wp:term":[{"taxonomy":"category","embeddable":true,"href":"https:\/\/regiaonews.net.br\/2022\/wp-json\/wp\/v2\/categories?post=93133"},{"taxonomy":"post_tag","embeddable":true,"href":"https:\/\/regiaonews.net.br\/2022\/wp-json\/wp\/v2\/tags?post=93133"}],"curies":[{"name":"wp","href":"https:\/\/api.w.org\/{rel}","templated":true}]}}