{"id":93029,"date":"2023-08-07T19:06:07","date_gmt":"2023-08-07T22:06:07","guid":{"rendered":"https:\/\/regiaonews.net.br\/2022\/?p=93029"},"modified":"2023-08-07T19:06:07","modified_gmt":"2023-08-07T22:06:07","slug":"artista-mineira-aceita-convite-e-vai-assinar-cartaz-da-68a-festa-do-peao-de-barretos","status":"publish","type":"post","link":"https:\/\/regiaonews.net.br\/2022\/2023\/08\/07\/artista-mineira-aceita-convite-e-vai-assinar-cartaz-da-68a-festa-do-peao-de-barretos\/","title":{"rendered":"Artista mineira aceita convite e vai assinar cartaz da 68\u00aa Festa do Pe\u00e3o de Barretos"},"content":{"rendered":"<p>Raquel Fernandes \u00e9 conhecida pelas pinturas equestres e, para retratar o maior evento de rodeio da Am\u00e9rica Latina, est\u00e1 desenvolvendo um trabalho tendendo ao abstrato com o uso de cores intensas<\/p>\n<p>Apaixonada por cavalos e autora de grandes obras retratando o mundo equestre, a artista pl\u00e1stica Raquel Fernandes vai assinar o famoso cartaz art\u00edstico da 68\u00aa Festa do Pe\u00e3o de Barretos. A mineira, que tamb\u00e9m \u00e9 veterin\u00e1ria, foi convidada pela organiza\u00e7\u00e3o do evento para desenvolver e assinar uma obra trazendo seu olhar para o evento.<\/p>\n<p>O convite partiu do presidente de Os Independentes, Hussein Gemha J\u00fanior, que conheceu o trabalho da artista por meio das redes sociais e de reportagens na imprensa. \u201cFicamos encantados com o olhar dela sobre o mundo equestre e assim veio a ideia de convid\u00e1-la para desenvolver o cartaz art\u00edstico da 68\u00aa edi\u00e7\u00e3o\u201d, conta.<\/p>\n<p>Raquel, que \u00e9 apaixonada por cavalos desde a inf\u00e2ncia, recebeu o convite com surpresa. \u201cSer convidada para assinar o cartaz da Festa do Pe\u00e3o de Barretos \u00e9 uma honra! No ano em que completo 10 anos de profiss\u00e3o como artista aqui no Brasil, onde a arte n\u00e3o \u00e9 valorizada ou vista como uma real profiss\u00e3o, assinar o cartaz de uma das maiores festas de rodeio do mundo \u00e9 muito legal!\u201d, disse. A produ\u00e7\u00e3o de um cartaz oficial assinado por um grande representante das artes no Brasil ocorre desde 1956, in\u00edcio do evento. Entre os nomes que j\u00e1 projetaram o cartaz da Festa est\u00e3o Ziraldo, Tomie Ohtake, Manabu Mabe, Hans Donner, Romero Britto, Oscar Niemeyer, entre muitos outros.<\/p>\n<p>Inspira\u00e7\u00e3o para o cartaz da 68\u00aa Festa do Pe\u00e3o de Barretos<br \/>\nDando um \u201cspoiler\u201d da obra que est\u00e1 finalizando, Raquel Fernandes conta que a pintura que est\u00e1 desenvolvendo segue o estilo de uma das obras que comp\u00f5e seu \u00faltimo projeto, \u201cEntre Crinas &amp; Cores\u201d, uma releitura que fez do artista pl\u00e1stico russo Wassily Kandinsky. Ou seja, \u00e9 um trabalho tendendo ao abstrato, com o uso de cores intensas.<\/p>\n<p>\u201cComo minha especialidade s\u00e3o os cavalos, a figura representa o rodeio em cavalos. Por ser uma festa de tamanha magnitude, quis usar cores fortes e vivas, para dar bastante energia \u00e0 pintura. A obra foi feita em tinta acr\u00edlica sobre tela, diferente do que normalmente trabalho, a tinta a \u00f3leo, porque precisava de uma secagem r\u00e1pida\u201d, completou.<\/p>\n<p>A obra final deve ser apresentada na pr\u00f3xima semana. Acompanhe a artista nas redes sociais @artesraquelfernandes.<\/p>\n<p>Festa do Pe\u00e3o de Barretos 2023<br \/>\nOs ingressos para a 68\u00aa Festa do Pe\u00e3o de Barretos est\u00e3o \u00e0 venda atrav\u00e9s do site oficial do evento e, tamb\u00e9m, pelo https:\/\/barretos.totalacesso.com\/.<\/p>\n<p>Confira a programa\u00e7\u00e3o completa no site oficial de Os Independentes: (https:\/\/www.independentes.com.br\/festadopeao\/inicio).<\/p>\n","protected":false},"excerpt":{"rendered":"<p>Raquel Fernandes \u00e9 conhecida pelas pinturas equestres e, para retratar<\/p>\n","protected":false},"author":2,"featured_media":93030,"comment_status":"open","ping_status":"open","sticky":false,"template":"","format":"standard","meta":{"footnotes":""},"categories":[14,45],"tags":[],"class_list":["post-93029","post","type-post","status-publish","format-standard","has-post-thumbnail","hentry","category-barretos","category-festa-do-peao"],"yoast_head":"<!-- This site is optimized with the Yoast SEO plugin v27.5 - https:\/\/yoast.com\/product\/yoast-seo-wordpress\/ -->\n<title>Artista mineira aceita convite e vai assinar cartaz da 68\u00aa Festa do Pe\u00e3o de Barretos - Regi\u00e3o News<\/title>\n<meta name=\"robots\" content=\"index, follow, max-snippet:-1, max-image-preview:large, max-video-preview:-1\" \/>\n<link rel=\"canonical\" href=\"https:\/\/regiaonews.net.br\/2022\/2023\/08\/07\/artista-mineira-aceita-convite-e-vai-assinar-cartaz-da-68a-festa-do-peao-de-barretos\/\" \/>\n<meta property=\"og:locale\" content=\"pt_BR\" \/>\n<meta property=\"og:type\" content=\"article\" \/>\n<meta property=\"og:title\" content=\"Artista mineira aceita convite e vai assinar cartaz da 68\u00aa Festa do Pe\u00e3o de Barretos - Regi\u00e3o News\" \/>\n<meta property=\"og:description\" content=\"Raquel Fernandes \u00e9 conhecida pelas pinturas equestres e, para retratar\" \/>\n<meta property=\"og:url\" content=\"https:\/\/regiaonews.net.br\/2022\/2023\/08\/07\/artista-mineira-aceita-convite-e-vai-assinar-cartaz-da-68a-festa-do-peao-de-barretos\/\" \/>\n<meta property=\"og:site_name\" content=\"Regi\u00e3o News\" \/>\n<meta property=\"article:published_time\" content=\"2023-08-07T22:06:07+00:00\" \/>\n<meta property=\"og:image\" content=\"https:\/\/regiaonews.net.br\/2022\/wp-content\/uploads\/2023\/08\/WhatsApp-Image-2023-08-07-at-16.54.04.jpeg\" \/>\n\t<meta property=\"og:image:width\" content=\"603\" \/>\n\t<meta property=\"og:image:height\" content=\"905\" \/>\n\t<meta property=\"og:image:type\" content=\"image\/jpeg\" \/>\n<meta name=\"author\" content=\"Roberto\" \/>\n<meta name=\"twitter:card\" content=\"summary_large_image\" \/>\n<meta name=\"twitter:label1\" content=\"Escrito por\" \/>\n\t<meta name=\"twitter:data1\" content=\"Roberto\" \/>\n\t<meta name=\"twitter:label2\" content=\"Est. tempo de leitura\" \/>\n\t<meta name=\"twitter:data2\" content=\"3 minutos\" \/>\n<script type=\"application\/ld+json\" class=\"yoast-schema-graph\">{\"@context\":\"https:\\\/\\\/schema.org\",\"@graph\":[{\"@type\":\"Article\",\"@id\":\"https:\\\/\\\/regiaonews.net.br\\\/2022\\\/2023\\\/08\\\/07\\\/artista-mineira-aceita-convite-e-vai-assinar-cartaz-da-68a-festa-do-peao-de-barretos\\\/#article\",\"isPartOf\":{\"@id\":\"https:\\\/\\\/regiaonews.net.br\\\/2022\\\/2023\\\/08\\\/07\\\/artista-mineira-aceita-convite-e-vai-assinar-cartaz-da-68a-festa-do-peao-de-barretos\\\/\"},\"author\":{\"name\":\"Roberto\",\"@id\":\"https:\\\/\\\/regiaonews.net.br\\\/2022\\\/#\\\/schema\\\/person\\\/2d205a608a5aa97ac279d7a5e6d89ad8\"},\"headline\":\"Artista mineira aceita convite e vai assinar cartaz da 68\u00aa Festa do Pe\u00e3o de Barretos\",\"datePublished\":\"2023-08-07T22:06:07+00:00\",\"mainEntityOfPage\":{\"@id\":\"https:\\\/\\\/regiaonews.net.br\\\/2022\\\/2023\\\/08\\\/07\\\/artista-mineira-aceita-convite-e-vai-assinar-cartaz-da-68a-festa-do-peao-de-barretos\\\/\"},\"wordCount\":477,\"commentCount\":0,\"publisher\":{\"@id\":\"https:\\\/\\\/regiaonews.net.br\\\/2022\\\/#organization\"},\"image\":{\"@id\":\"https:\\\/\\\/regiaonews.net.br\\\/2022\\\/2023\\\/08\\\/07\\\/artista-mineira-aceita-convite-e-vai-assinar-cartaz-da-68a-festa-do-peao-de-barretos\\\/#primaryimage\"},\"thumbnailUrl\":\"https:\\\/\\\/regiaonews.net.br\\\/2022\\\/wp-content\\\/uploads\\\/2023\\\/08\\\/WhatsApp-Image-2023-08-07-at-16.54.04.jpeg\",\"articleSection\":[\"Barretos\",\"Festa do Pe\u00e3o\"],\"inLanguage\":\"pt-BR\",\"potentialAction\":[{\"@type\":\"CommentAction\",\"name\":\"Comment\",\"target\":[\"https:\\\/\\\/regiaonews.net.br\\\/2022\\\/2023\\\/08\\\/07\\\/artista-mineira-aceita-convite-e-vai-assinar-cartaz-da-68a-festa-do-peao-de-barretos\\\/#respond\"]}]},{\"@type\":\"WebPage\",\"@id\":\"https:\\\/\\\/regiaonews.net.br\\\/2022\\\/2023\\\/08\\\/07\\\/artista-mineira-aceita-convite-e-vai-assinar-cartaz-da-68a-festa-do-peao-de-barretos\\\/\",\"url\":\"https:\\\/\\\/regiaonews.net.br\\\/2022\\\/2023\\\/08\\\/07\\\/artista-mineira-aceita-convite-e-vai-assinar-cartaz-da-68a-festa-do-peao-de-barretos\\\/\",\"name\":\"Artista mineira aceita convite e vai assinar cartaz da 68\u00aa Festa do Pe\u00e3o de Barretos - Regi\u00e3o News\",\"isPartOf\":{\"@id\":\"https:\\\/\\\/regiaonews.net.br\\\/2022\\\/#website\"},\"primaryImageOfPage\":{\"@id\":\"https:\\\/\\\/regiaonews.net.br\\\/2022\\\/2023\\\/08\\\/07\\\/artista-mineira-aceita-convite-e-vai-assinar-cartaz-da-68a-festa-do-peao-de-barretos\\\/#primaryimage\"},\"image\":{\"@id\":\"https:\\\/\\\/regiaonews.net.br\\\/2022\\\/2023\\\/08\\\/07\\\/artista-mineira-aceita-convite-e-vai-assinar-cartaz-da-68a-festa-do-peao-de-barretos\\\/#primaryimage\"},\"thumbnailUrl\":\"https:\\\/\\\/regiaonews.net.br\\\/2022\\\/wp-content\\\/uploads\\\/2023\\\/08\\\/WhatsApp-Image-2023-08-07-at-16.54.04.jpeg\",\"datePublished\":\"2023-08-07T22:06:07+00:00\",\"breadcrumb\":{\"@id\":\"https:\\\/\\\/regiaonews.net.br\\\/2022\\\/2023\\\/08\\\/07\\\/artista-mineira-aceita-convite-e-vai-assinar-cartaz-da-68a-festa-do-peao-de-barretos\\\/#breadcrumb\"},\"inLanguage\":\"pt-BR\",\"potentialAction\":[{\"@type\":\"ReadAction\",\"target\":[\"https:\\\/\\\/regiaonews.net.br\\\/2022\\\/2023\\\/08\\\/07\\\/artista-mineira-aceita-convite-e-vai-assinar-cartaz-da-68a-festa-do-peao-de-barretos\\\/\"]}]},{\"@type\":\"ImageObject\",\"inLanguage\":\"pt-BR\",\"@id\":\"https:\\\/\\\/regiaonews.net.br\\\/2022\\\/2023\\\/08\\\/07\\\/artista-mineira-aceita-convite-e-vai-assinar-cartaz-da-68a-festa-do-peao-de-barretos\\\/#primaryimage\",\"url\":\"https:\\\/\\\/regiaonews.net.br\\\/2022\\\/wp-content\\\/uploads\\\/2023\\\/08\\\/WhatsApp-Image-2023-08-07-at-16.54.04.jpeg\",\"contentUrl\":\"https:\\\/\\\/regiaonews.net.br\\\/2022\\\/wp-content\\\/uploads\\\/2023\\\/08\\\/WhatsApp-Image-2023-08-07-at-16.54.04.jpeg\",\"width\":603,\"height\":905},{\"@type\":\"BreadcrumbList\",\"@id\":\"https:\\\/\\\/regiaonews.net.br\\\/2022\\\/2023\\\/08\\\/07\\\/artista-mineira-aceita-convite-e-vai-assinar-cartaz-da-68a-festa-do-peao-de-barretos\\\/#breadcrumb\",\"itemListElement\":[{\"@type\":\"ListItem\",\"position\":1,\"name\":\"In\u00edcio\",\"item\":\"https:\\\/\\\/regiaonews.net.br\\\/2022\\\/\"},{\"@type\":\"ListItem\",\"position\":2,\"name\":\"Artista mineira aceita convite e vai assinar cartaz da 68\u00aa Festa do Pe\u00e3o de Barretos\"}]},{\"@type\":\"WebSite\",\"@id\":\"https:\\\/\\\/regiaonews.net.br\\\/2022\\\/#website\",\"url\":\"https:\\\/\\\/regiaonews.net.br\\\/2022\\\/\",\"name\":\"Regi\u00e3o News\",\"description\":\"Site de Not\u00edcias de Barretos e regi\u00e3o\",\"publisher\":{\"@id\":\"https:\\\/\\\/regiaonews.net.br\\\/2022\\\/#organization\"},\"potentialAction\":[{\"@type\":\"SearchAction\",\"target\":{\"@type\":\"EntryPoint\",\"urlTemplate\":\"https:\\\/\\\/regiaonews.net.br\\\/2022\\\/?s={search_term_string}\"},\"query-input\":{\"@type\":\"PropertyValueSpecification\",\"valueRequired\":true,\"valueName\":\"search_term_string\"}}],\"inLanguage\":\"pt-BR\"},{\"@type\":\"Organization\",\"@id\":\"https:\\\/\\\/regiaonews.net.br\\\/2022\\\/#organization\",\"name\":\"Regi\u00e3o News\",\"url\":\"https:\\\/\\\/regiaonews.net.br\\\/2022\\\/\",\"logo\":{\"@type\":\"ImageObject\",\"inLanguage\":\"pt-BR\",\"@id\":\"https:\\\/\\\/regiaonews.net.br\\\/2022\\\/#\\\/schema\\\/logo\\\/image\\\/\",\"url\":\"https:\\\/\\\/regiaonews.net.br\\\/2022\\\/wp-content\\\/uploads\\\/2026\\\/03\\\/regiao-13-anos-scaled.jpg\",\"contentUrl\":\"https:\\\/\\\/regiaonews.net.br\\\/2022\\\/wp-content\\\/uploads\\\/2026\\\/03\\\/regiao-13-anos-scaled.jpg\",\"width\":2560,\"height\":635,\"caption\":\"Regi\u00e3o News\"},\"image\":{\"@id\":\"https:\\\/\\\/regiaonews.net.br\\\/2022\\\/#\\\/schema\\\/logo\\\/image\\\/\"}},{\"@type\":\"Person\",\"@id\":\"https:\\\/\\\/regiaonews.net.br\\\/2022\\\/#\\\/schema\\\/person\\\/2d205a608a5aa97ac279d7a5e6d89ad8\",\"name\":\"Roberto\",\"image\":{\"@type\":\"ImageObject\",\"inLanguage\":\"pt-BR\",\"@id\":\"https:\\\/\\\/secure.gravatar.com\\\/avatar\\\/42749d8b712ff9d59ca93dc150494e5b55a44134482993f5baeb97e61b7ecc89?s=96&d=mm&r=g\",\"url\":\"https:\\\/\\\/secure.gravatar.com\\\/avatar\\\/42749d8b712ff9d59ca93dc150494e5b55a44134482993f5baeb97e61b7ecc89?s=96&d=mm&r=g\",\"contentUrl\":\"https:\\\/\\\/secure.gravatar.com\\\/avatar\\\/42749d8b712ff9d59ca93dc150494e5b55a44134482993f5baeb97e61b7ecc89?s=96&d=mm&r=g\",\"caption\":\"Roberto\"},\"url\":\"https:\\\/\\\/regiaonews.net.br\\\/2022\\\/author\\\/roberto\\\/\"}]}<\/script>\n<!-- \/ Yoast SEO plugin. -->","yoast_head_json":{"title":"Artista mineira aceita convite e vai assinar cartaz da 68\u00aa Festa do Pe\u00e3o de Barretos - Regi\u00e3o News","robots":{"index":"index","follow":"follow","max-snippet":"max-snippet:-1","max-image-preview":"max-image-preview:large","max-video-preview":"max-video-preview:-1"},"canonical":"https:\/\/regiaonews.net.br\/2022\/2023\/08\/07\/artista-mineira-aceita-convite-e-vai-assinar-cartaz-da-68a-festa-do-peao-de-barretos\/","og_locale":"pt_BR","og_type":"article","og_title":"Artista mineira aceita convite e vai assinar cartaz da 68\u00aa Festa do Pe\u00e3o de Barretos - Regi\u00e3o News","og_description":"Raquel Fernandes \u00e9 conhecida pelas pinturas equestres e, para retratar","og_url":"https:\/\/regiaonews.net.br\/2022\/2023\/08\/07\/artista-mineira-aceita-convite-e-vai-assinar-cartaz-da-68a-festa-do-peao-de-barretos\/","og_site_name":"Regi\u00e3o News","article_published_time":"2023-08-07T22:06:07+00:00","og_image":[{"width":603,"height":905,"url":"https:\/\/regiaonews.net.br\/2022\/wp-content\/uploads\/2023\/08\/WhatsApp-Image-2023-08-07-at-16.54.04.jpeg","type":"image\/jpeg"}],"author":"Roberto","twitter_card":"summary_large_image","twitter_misc":{"Escrito por":"Roberto","Est. tempo de leitura":"3 minutos"},"schema":{"@context":"https:\/\/schema.org","@graph":[{"@type":"Article","@id":"https:\/\/regiaonews.net.br\/2022\/2023\/08\/07\/artista-mineira-aceita-convite-e-vai-assinar-cartaz-da-68a-festa-do-peao-de-barretos\/#article","isPartOf":{"@id":"https:\/\/regiaonews.net.br\/2022\/2023\/08\/07\/artista-mineira-aceita-convite-e-vai-assinar-cartaz-da-68a-festa-do-peao-de-barretos\/"},"author":{"name":"Roberto","@id":"https:\/\/regiaonews.net.br\/2022\/#\/schema\/person\/2d205a608a5aa97ac279d7a5e6d89ad8"},"headline":"Artista mineira aceita convite e vai assinar cartaz da 68\u00aa Festa do Pe\u00e3o de Barretos","datePublished":"2023-08-07T22:06:07+00:00","mainEntityOfPage":{"@id":"https:\/\/regiaonews.net.br\/2022\/2023\/08\/07\/artista-mineira-aceita-convite-e-vai-assinar-cartaz-da-68a-festa-do-peao-de-barretos\/"},"wordCount":477,"commentCount":0,"publisher":{"@id":"https:\/\/regiaonews.net.br\/2022\/#organization"},"image":{"@id":"https:\/\/regiaonews.net.br\/2022\/2023\/08\/07\/artista-mineira-aceita-convite-e-vai-assinar-cartaz-da-68a-festa-do-peao-de-barretos\/#primaryimage"},"thumbnailUrl":"https:\/\/regiaonews.net.br\/2022\/wp-content\/uploads\/2023\/08\/WhatsApp-Image-2023-08-07-at-16.54.04.jpeg","articleSection":["Barretos","Festa do Pe\u00e3o"],"inLanguage":"pt-BR","potentialAction":[{"@type":"CommentAction","name":"Comment","target":["https:\/\/regiaonews.net.br\/2022\/2023\/08\/07\/artista-mineira-aceita-convite-e-vai-assinar-cartaz-da-68a-festa-do-peao-de-barretos\/#respond"]}]},{"@type":"WebPage","@id":"https:\/\/regiaonews.net.br\/2022\/2023\/08\/07\/artista-mineira-aceita-convite-e-vai-assinar-cartaz-da-68a-festa-do-peao-de-barretos\/","url":"https:\/\/regiaonews.net.br\/2022\/2023\/08\/07\/artista-mineira-aceita-convite-e-vai-assinar-cartaz-da-68a-festa-do-peao-de-barretos\/","name":"Artista mineira aceita convite e vai assinar cartaz da 68\u00aa Festa do Pe\u00e3o de Barretos - Regi\u00e3o News","isPartOf":{"@id":"https:\/\/regiaonews.net.br\/2022\/#website"},"primaryImageOfPage":{"@id":"https:\/\/regiaonews.net.br\/2022\/2023\/08\/07\/artista-mineira-aceita-convite-e-vai-assinar-cartaz-da-68a-festa-do-peao-de-barretos\/#primaryimage"},"image":{"@id":"https:\/\/regiaonews.net.br\/2022\/2023\/08\/07\/artista-mineira-aceita-convite-e-vai-assinar-cartaz-da-68a-festa-do-peao-de-barretos\/#primaryimage"},"thumbnailUrl":"https:\/\/regiaonews.net.br\/2022\/wp-content\/uploads\/2023\/08\/WhatsApp-Image-2023-08-07-at-16.54.04.jpeg","datePublished":"2023-08-07T22:06:07+00:00","breadcrumb":{"@id":"https:\/\/regiaonews.net.br\/2022\/2023\/08\/07\/artista-mineira-aceita-convite-e-vai-assinar-cartaz-da-68a-festa-do-peao-de-barretos\/#breadcrumb"},"inLanguage":"pt-BR","potentialAction":[{"@type":"ReadAction","target":["https:\/\/regiaonews.net.br\/2022\/2023\/08\/07\/artista-mineira-aceita-convite-e-vai-assinar-cartaz-da-68a-festa-do-peao-de-barretos\/"]}]},{"@type":"ImageObject","inLanguage":"pt-BR","@id":"https:\/\/regiaonews.net.br\/2022\/2023\/08\/07\/artista-mineira-aceita-convite-e-vai-assinar-cartaz-da-68a-festa-do-peao-de-barretos\/#primaryimage","url":"https:\/\/regiaonews.net.br\/2022\/wp-content\/uploads\/2023\/08\/WhatsApp-Image-2023-08-07-at-16.54.04.jpeg","contentUrl":"https:\/\/regiaonews.net.br\/2022\/wp-content\/uploads\/2023\/08\/WhatsApp-Image-2023-08-07-at-16.54.04.jpeg","width":603,"height":905},{"@type":"BreadcrumbList","@id":"https:\/\/regiaonews.net.br\/2022\/2023\/08\/07\/artista-mineira-aceita-convite-e-vai-assinar-cartaz-da-68a-festa-do-peao-de-barretos\/#breadcrumb","itemListElement":[{"@type":"ListItem","position":1,"name":"In\u00edcio","item":"https:\/\/regiaonews.net.br\/2022\/"},{"@type":"ListItem","position":2,"name":"Artista mineira aceita convite e vai assinar cartaz da 68\u00aa Festa do Pe\u00e3o de Barretos"}]},{"@type":"WebSite","@id":"https:\/\/regiaonews.net.br\/2022\/#website","url":"https:\/\/regiaonews.net.br\/2022\/","name":"Regi\u00e3o News","description":"Site de Not\u00edcias de Barretos e regi\u00e3o","publisher":{"@id":"https:\/\/regiaonews.net.br\/2022\/#organization"},"potentialAction":[{"@type":"SearchAction","target":{"@type":"EntryPoint","urlTemplate":"https:\/\/regiaonews.net.br\/2022\/?s={search_term_string}"},"query-input":{"@type":"PropertyValueSpecification","valueRequired":true,"valueName":"search_term_string"}}],"inLanguage":"pt-BR"},{"@type":"Organization","@id":"https:\/\/regiaonews.net.br\/2022\/#organization","name":"Regi\u00e3o News","url":"https:\/\/regiaonews.net.br\/2022\/","logo":{"@type":"ImageObject","inLanguage":"pt-BR","@id":"https:\/\/regiaonews.net.br\/2022\/#\/schema\/logo\/image\/","url":"https:\/\/regiaonews.net.br\/2022\/wp-content\/uploads\/2026\/03\/regiao-13-anos-scaled.jpg","contentUrl":"https:\/\/regiaonews.net.br\/2022\/wp-content\/uploads\/2026\/03\/regiao-13-anos-scaled.jpg","width":2560,"height":635,"caption":"Regi\u00e3o News"},"image":{"@id":"https:\/\/regiaonews.net.br\/2022\/#\/schema\/logo\/image\/"}},{"@type":"Person","@id":"https:\/\/regiaonews.net.br\/2022\/#\/schema\/person\/2d205a608a5aa97ac279d7a5e6d89ad8","name":"Roberto","image":{"@type":"ImageObject","inLanguage":"pt-BR","@id":"https:\/\/secure.gravatar.com\/avatar\/42749d8b712ff9d59ca93dc150494e5b55a44134482993f5baeb97e61b7ecc89?s=96&d=mm&r=g","url":"https:\/\/secure.gravatar.com\/avatar\/42749d8b712ff9d59ca93dc150494e5b55a44134482993f5baeb97e61b7ecc89?s=96&d=mm&r=g","contentUrl":"https:\/\/secure.gravatar.com\/avatar\/42749d8b712ff9d59ca93dc150494e5b55a44134482993f5baeb97e61b7ecc89?s=96&d=mm&r=g","caption":"Roberto"},"url":"https:\/\/regiaonews.net.br\/2022\/author\/roberto\/"}]}},"publishpress_future_action":{"enabled":false,"date":"2026-05-10 08:05:30","action":"change-status","newStatus":"draft","terms":[],"taxonomy":"category","extraData":[]},"publishpress_future_workflow_manual_trigger":{"enabledWorkflows":[]},"_links":{"self":[{"href":"https:\/\/regiaonews.net.br\/2022\/wp-json\/wp\/v2\/posts\/93029","targetHints":{"allow":["GET"]}}],"collection":[{"href":"https:\/\/regiaonews.net.br\/2022\/wp-json\/wp\/v2\/posts"}],"about":[{"href":"https:\/\/regiaonews.net.br\/2022\/wp-json\/wp\/v2\/types\/post"}],"author":[{"embeddable":true,"href":"https:\/\/regiaonews.net.br\/2022\/wp-json\/wp\/v2\/users\/2"}],"replies":[{"embeddable":true,"href":"https:\/\/regiaonews.net.br\/2022\/wp-json\/wp\/v2\/comments?post=93029"}],"version-history":[{"count":1,"href":"https:\/\/regiaonews.net.br\/2022\/wp-json\/wp\/v2\/posts\/93029\/revisions"}],"predecessor-version":[{"id":93031,"href":"https:\/\/regiaonews.net.br\/2022\/wp-json\/wp\/v2\/posts\/93029\/revisions\/93031"}],"wp:featuredmedia":[{"embeddable":true,"href":"https:\/\/regiaonews.net.br\/2022\/wp-json\/wp\/v2\/media\/93030"}],"wp:attachment":[{"href":"https:\/\/regiaonews.net.br\/2022\/wp-json\/wp\/v2\/media?parent=93029"}],"wp:term":[{"taxonomy":"category","embeddable":true,"href":"https:\/\/regiaonews.net.br\/2022\/wp-json\/wp\/v2\/categories?post=93029"},{"taxonomy":"post_tag","embeddable":true,"href":"https:\/\/regiaonews.net.br\/2022\/wp-json\/wp\/v2\/tags?post=93029"}],"curies":[{"name":"wp","href":"https:\/\/api.w.org\/{rel}","templated":true}]}}