{"id":93023,"date":"2023-08-07T18:44:26","date_gmt":"2023-08-07T21:44:26","guid":{"rendered":"https:\/\/regiaonews.net.br\/2022\/?p=93023"},"modified":"2023-08-07T18:44:26","modified_gmt":"2023-08-07T21:44:26","slug":"jantar-empresario-e-empresaria-do-ano-tem-homenagens-e-anuncios-importantes-para-o-comercio-e-industria","status":"publish","type":"post","link":"https:\/\/regiaonews.net.br\/2022\/2023\/08\/07\/jantar-empresario-e-empresaria-do-ano-tem-homenagens-e-anuncios-importantes-para-o-comercio-e-industria\/","title":{"rendered":"Jantar Empres\u00e1rio e Empres\u00e1ria do Ano tem homenagens e an\u00fancios importantes para o com\u00e9rcio e ind\u00fastria"},"content":{"rendered":"<p>&nbsp;<\/p>\n<p>Noite de premia\u00e7\u00e3o realizada no \u00faltimo s\u00e1bado no Espa\u00e7o Berrant\u00e3o premiou Sada Ali e Roberto Pacheco como Empres\u00e1ria e Empres\u00e1rio do ano e Vir\u00f4 Festa como Empresa Revela\u00e7\u00e3o. O evento, considerado o Oscar do Com\u00e9rcio e Ind\u00fastria da cidade foi palco de homenagens e de novos an\u00fancios no setor realizados pela Prefeita Paula Lemos.<\/p>\n<p>A noite mais esperada do com\u00e9rcio e da ind\u00fastria de Barretos aconteceu no \u00faltimo s\u00e1bado, 5 de agosto, com a da 21\u00aa Edi\u00e7\u00e3o do Jantar Empres\u00e1rio e Empres\u00e1ria do Ano e Destaques do Com\u00e9rcio 2022, realizada no Espa\u00e7o Berrant\u00e3o. Logo na entrada, convidados e homenageados foram recepcionados em um cen\u00e1rio de sonhos, com espa\u00e7os para fotografias, plataforma 360, buffet Danilo Borges. A programa\u00e7\u00e3o inovou com apresenta\u00e7\u00e3o de dois shows com a Banda Brown Sugar Blues, um no in\u00edcio e outro no final da premia\u00e7\u00e3o, e um trio de apresentadores, composto pelos jornalistas Andr\u00e9 Teixeira, Fab\u00edola Correia e Glaucia Chiarelli.<br \/>\nAp\u00f3s o primeiro show, a noite de gala do com\u00e9rcio de Barretos neste ano come\u00e7ou com a execu\u00e7\u00e3o do hino nacional. Durante a abertura, a prefeita de Barretos, Paula Oliveira, que participou das premia\u00e7\u00f5es iniciais e recebeu o t\u00edtulo de autoridade mais lembrada em 2022, fez an\u00fancios importantes para o com\u00e9rcio e ind\u00fastria, como a abertura do cal\u00e7ad\u00e3o da Rua 20, recape nas ruas e avenidas na regi\u00e3o e acessos ao distrito industrial.<br \/>\nAntes da entrega das certifica\u00e7\u00f5es, uma mudan\u00e7a no protocolo e homenagem ao trabalho de Roberto Arutim, presidente do Sindicato do Com\u00e9rcio Varejista \u2013 Sincomercio e atual secret\u00e1rio municipal de ind\u00fastria e Com\u00e9rcio da Est\u00e2ncia Tur\u00edstica de Barretos, pela sua dedica\u00e7\u00e3o em prol do desenvolvimento da ACIB, com a participa\u00e7\u00e3o de integrantes da diretoria da Associa\u00e7\u00e3o e familiares de Arutim<br \/>\nNa sequ\u00eancia foi realizada a entrega dos trof\u00e9us Empres\u00e1rio e Empres\u00e1ria do ano 2022 que homenageou Roberto Pacheco e Sada Ali<br \/>\nAp\u00f3s as premia\u00e7\u00f5es principais da noite, Arutim e ACIB homenagearam Rafael Matos do Carmo, gerente do Sebrae- Escrit\u00f3rio Regional de Barretos e Ma\u00edra Latorre Lopez, gerente do Senac Barretos, pelas relevantes contribui\u00e7\u00f5es ao com\u00e9rcio e ind\u00fastria de Barretos ao longo dos \u00faltimos anos,<br \/>\nCerca de 215 segmentos do Com\u00e9rcio e Ind\u00fastria foram diplomados na sequ\u00eancia com trof\u00e9u e diploma de Empresas Destaques do Setor. A pesquisa 2022 elegeu este ano novos segmentos, e a Empresa Revela\u00e7\u00e3o do Ano, que em sua estreia homenageou a empresa Vir\u00f4 Festa da propriet\u00e1ria Laiz Ferreira Maia.<br \/>\nOs nomes escolhidos este ano foram eleitos por meio de pesquisa on-line, direcionada a toda a comunidade, e impressa, preenchida por diretores e associados da ACIB, durante per\u00edodo deste ano de 2023.<br \/>\nPara a presidente da ACIB, Jackelyne Rossini, a noite \u00e9 um marco que vem se consolidando e destacou a for\u00e7a da Associa\u00e7\u00e3o Comercial e Industrial de Barretos \u201cAssim \u00e9 a ACIB, uma grande obra constru\u00edda a muitas m\u00e3os, constru\u00edda com o esfor\u00e7o pessoal e empresarial de cada um de n\u00f3s, de nossas fam\u00edlias, de nossos colaboradores, fornecedores e de nossos clientes, que s\u00e3o os principais impactados com a nossa miss\u00e3o, diariamente. Olhando para tr\u00e1s tenho orgulho em conhecer e fazer parte da hist\u00f3ria da ACIB e do com\u00e9rcio de Barretos. Sinto-me honrada e privilegiada em ser a primeira mulher a ocupar a presid\u00eancia da ACIB em quase 90 anos. Tenho especial carinho por esta homenagem e em nome da ACIB parabenizo Sada Ali e Roberto Pacheco e a tantas empresas que recebem aqui o reconhecimento por tanto esfor\u00e7o e dedica\u00e7\u00e3o\u201d, falou.<\/p>\n<p>Empres\u00e1rio e Empres\u00e1ria do Ano<\/p>\n<p>Os homenageados foram acompanhados por T\u00e2nia Pacheco, esposa de Roberto Pacheco e Fernanda, Eduardo, Henrique e Daniel, filhos de Sada.<br \/>\nSada Ali, eleita Empres\u00e1rio do Ano 2022 ficou emocionada, agradeceu aos filhos e aos votos recebidos como forma de reconhecimento do seu trabalho e que, segundo ela, servem de motiva\u00e7\u00e3o para sua jornada\u201c Obrigada a todos e todas pelo reconhecimento e pelo apoio cont\u00ednuo. Este pr\u00eamio n\u00e3o marca o fim da nossa jornada, mas sim o in\u00edcio de uma nova etapa. Estou ainda mais motivada e determinada a continuar a construir um neg\u00f3cio de sucesso e contribuir para o crescimento da nossa comunidade\u201d, falou.<\/p>\n<p>Roberto Pacheco disse que a premia\u00e7\u00e3o desperta nele dois sentimentos motivadores: a responsabilidade e a gratid\u00e3o. \u201cReceber o diploma de Empres\u00e1rio do Ano promove dois sentimentos em meu cora\u00e7\u00e3o. O primeiro sentimento \u00e9 de responsabilidade e o segundo de gratid\u00e3o. Responsabilidade por representar o grupo de empres\u00e1rios de Barretos, uma cidade pujante, uma cidade que tem tantos grandes e importantes empres\u00e1rio, e representar todos esses empres\u00e1rios \u00e9 uma grande responsabilidade na minha vida. E gratid\u00e3o a Deus, pela oportunidade de estarmos vivos aqui neste momento, presentes, com intelig\u00eancia, montando estrat\u00e9gias para nossas empresas para obtermos esses t\u00edtulos; gratid\u00e3o por estarmos em Barretos, nossa cidade que nos recebe, onde tudo acontece. Foi pra Barretos que eu vim , em uma fam\u00edlia simples, pobre, onde cresci e formei a minha fam\u00edlia; gratid\u00e3o \u00e0 cidade , \u00e0s pessoas que consomem nossos produtos de Barretos e \u00e0 ACIB que desenvolve um trabalho s\u00e9rio e promove os empres\u00e1rios. Todos n\u00f3s queremos estar no topo e esse diploma faz com que todos se esforcem para estar no topo\u201d, falou.<\/p>\n<p>Destaques do Com\u00e9rcio e Empresa Revela\u00e7\u00e3o<br \/>\nDiversos setores da cidade em geral e North Shopping Barretos receberam premia\u00e7\u00f5es. Categorias in\u00e9dita, implementada na pesquisa deste ano, trouxeram novos segmentos como o de melhor tatuador(a) e homenageou no ano de 2022 a empresa Vir\u00f4 Festa, h\u00e1 11 anos no mercado de loca\u00e7\u00e3o de brinquedos para crian\u00e7as e adultos.<br \/>\nPara La\u00eds, propriet\u00e1ria, a homenagem de empresa Revela\u00e7\u00e3o proporcionou um sentimento de gratid\u00e3o e motiva\u00e7\u00e3o \u201c Agrade\u00e7o primeiro a Deus, Fam\u00edlia, minha equipe, e nossos clientes, que sem eles n\u00e3o obter\u00edamos sucesso em nada. \u00c9 muito gratificante a minha empresa ter sido revela\u00e7\u00e3o, pois trabalhamos com muito carinho, amor e responsabilidade para atendermos nossos clientes, e isso nos ajuda ainda mais em saber que estamos no caminho certo e poder dar nosso melhor a cada dia, termos empatia uns pelos outros, e tornar esse mundo um pouco melhor\u201d, falou.<\/p>\n<p>Homenagem a Roberto Arutim<br \/>\nReconhecimento e gratid\u00e3o motivaram a homenagem a Roberto Arutim realizada no in\u00edcio da cerim\u00f4nia.<br \/>\nA homenagem come\u00e7ou com v\u00eddeo com a participa\u00e7\u00e3o de integrantes da diretoria da ACIB, da presidente Jackelyne Rossini e de familiares e seguiu com a entrega de placa e trof\u00e9u especiais ao atual presidente do Sincomercio e secret\u00e1rio de Ind\u00fastria e Com\u00e9rcio de Barretos.<br \/>\nO empres\u00e1rio Carlos Miziara, que participou do v\u00eddeo lembrou as atribui\u00e7\u00f5es e de Arutim e suas importantes colabora\u00e7\u00f5es com a ACIB \u201cO Roberto tem feito um trabalho excepcional da cidade. Ele \u00e9 presidente do sindicato do com\u00e9rcio, \u00e9 diretor da Federa\u00e7\u00e3o, j\u00e1 foi presidente da ACIB v\u00e1rias vezes, presidente da OAB e \u00e9 uma pessoa extremamente dispon\u00edvel, inteligente e que realiza um trabalho excepcional na secretaria de ind\u00fastria e com\u00e9rcio de Barretos. Em um certo momento a ACIB passou por problemas financeiros e hoje, gra\u00e7as a ele temos uma ACIB s\u00f3lida financeiramente e dentro do contexto da cidade e que as pessoas exigem da ACIB\u201d, falou.<br \/>\nA Homenagem foi conclu\u00edda com a participa\u00e7\u00e3o da esposa Magaly Rodrigues Cunha Arutim e Rafaela cunha Arutim Santos, esposa e filha de Arutim.<br \/>\nPara Roberto a homenagem foi uma surpresa e eu agrade\u00e7o a homenagem \u201c Depois dessa eu tenho que viver mais 10 anos pra continuar me dedicando e trabalhando\u201d.<\/p>\n<p>An\u00fancios Prefeita Paula Lemos<\/p>\n<p>A prefeita de Barretos, Paula Oliveira, antes das premia\u00e7\u00f5es, fez an\u00fancios importantes para o com\u00e9rcio e ind\u00fastria, como a abertura do cal\u00e7ad\u00e3o da Rua 20, recape nas ruas e avenidas na regi\u00e3o e acessos ao distrito industrial.<br \/>\nPaula disse que como poder p\u00fablico, tem o compromisso de auxiliar o setor no que lhes cabe, como auxiliar na infraestrutura \u201c N\u00f3s temos uma lei, chamada Pr\u00f3 Barretos, que \u00e9 uma lei exatamente para incentivar voc\u00eas que movimentam a cidade a investir cada vez mais e que nos permite dar incentivos na quest\u00e3o fiscal. Quero dizer que hoje foi anunciado nos jornais e vamos entregar a pra\u00e7a central ainda este ano. Somos Est\u00e2ncia Tur\u00edstica e precisamos de um centro reestruturado e remodelada\u201d, falou. Paula tamb\u00e9m falou que apoia a possibilidade de o com\u00e9rcio funcionar at\u00e9 \u00e0s 22 h \u201cEu vi na noite de hoje um dos vereadores, o Carl\u00e3o, e espero que nosso com\u00e9rcio funcione at\u00e9 \u00e0s 22h. Dia 28 de agosto nossa Rua 20 ser\u00e1 aberta na \u00e1rea central, o que \u00e9 uma reivindica\u00e7\u00e3o antiga do com\u00e9rcio\u201d\u201d, falou<\/p>\n<p>O plano diretor, que tem no m\u00ednimo 40 anos precisa ser remodelado. Ele ser\u00e1 votado este m\u00eas e novas empresas poder\u00e3o ser abertas em locais que antes n\u00e3o seriam permitidos. Antes, por exemplo, uma gr\u00e1fica n\u00e3o poderia ser aberta no bairro primavera, e hoje sabemos que existem equipamentos que nem fazem barulho. Esse \u00e9 somente um exemplo, mas queremos promover o desenvolvimento da ind\u00fastria e do com\u00e9rcio de Barretos<\/p>\n<p>Cr\u00e9ditos das fotos: Est\u00fadio Danilo Borges<\/p>\n","protected":false},"excerpt":{"rendered":"<p>&nbsp; Noite de premia\u00e7\u00e3o realizada no \u00faltimo s\u00e1bado no Espa\u00e7o<\/p>\n","protected":false},"author":2,"featured_media":93024,"comment_status":"open","ping_status":"open","sticky":false,"template":"","format":"standard","meta":{"footnotes":""},"categories":[14,25],"tags":[],"class_list":["post-93023","post","type-post","status-publish","format-standard","has-post-thumbnail","hentry","category-barretos","category-cidades"],"yoast_head":"<!-- This site is optimized with the Yoast SEO plugin v27.5 - https:\/\/yoast.com\/product\/yoast-seo-wordpress\/ -->\n<title>Jantar Empres\u00e1rio e Empres\u00e1ria do Ano tem homenagens e an\u00fancios importantes para o com\u00e9rcio e ind\u00fastria - Regi\u00e3o News<\/title>\n<meta name=\"robots\" content=\"index, follow, max-snippet:-1, max-image-preview:large, max-video-preview:-1\" \/>\n<link rel=\"canonical\" href=\"https:\/\/regiaonews.net.br\/2022\/2023\/08\/07\/jantar-empresario-e-empresaria-do-ano-tem-homenagens-e-anuncios-importantes-para-o-comercio-e-industria\/\" \/>\n<meta property=\"og:locale\" content=\"pt_BR\" \/>\n<meta property=\"og:type\" content=\"article\" \/>\n<meta property=\"og:title\" content=\"Jantar Empres\u00e1rio e Empres\u00e1ria do Ano tem homenagens e an\u00fancios importantes para o com\u00e9rcio e ind\u00fastria - Regi\u00e3o News\" \/>\n<meta property=\"og:description\" content=\"&nbsp; Noite de premia\u00e7\u00e3o realizada no \u00faltimo s\u00e1bado no Espa\u00e7o\" \/>\n<meta property=\"og:url\" content=\"https:\/\/regiaonews.net.br\/2022\/2023\/08\/07\/jantar-empresario-e-empresaria-do-ano-tem-homenagens-e-anuncios-importantes-para-o-comercio-e-industria\/\" \/>\n<meta property=\"og:site_name\" content=\"Regi\u00e3o News\" \/>\n<meta property=\"article:published_time\" content=\"2023-08-07T21:44:26+00:00\" \/>\n<meta property=\"og:image\" content=\"https:\/\/regiaonews.net.br\/2022\/wp-content\/uploads\/2023\/08\/WhatsApp-Image-2023-08-07-at-15.53.55.jpeg\" \/>\n\t<meta property=\"og:image:width\" content=\"1600\" \/>\n\t<meta property=\"og:image:height\" content=\"1066\" \/>\n\t<meta property=\"og:image:type\" content=\"image\/jpeg\" \/>\n<meta name=\"author\" content=\"Roberto\" \/>\n<meta name=\"twitter:card\" content=\"summary_large_image\" \/>\n<meta name=\"twitter:label1\" content=\"Escrito por\" \/>\n\t<meta name=\"twitter:data1\" content=\"Roberto\" \/>\n\t<meta name=\"twitter:label2\" content=\"Est. tempo de leitura\" \/>\n\t<meta name=\"twitter:data2\" content=\"9 minutos\" \/>\n<script type=\"application\/ld+json\" class=\"yoast-schema-graph\">{\"@context\":\"https:\\\/\\\/schema.org\",\"@graph\":[{\"@type\":\"Article\",\"@id\":\"https:\\\/\\\/regiaonews.net.br\\\/2022\\\/2023\\\/08\\\/07\\\/jantar-empresario-e-empresaria-do-ano-tem-homenagens-e-anuncios-importantes-para-o-comercio-e-industria\\\/#article\",\"isPartOf\":{\"@id\":\"https:\\\/\\\/regiaonews.net.br\\\/2022\\\/2023\\\/08\\\/07\\\/jantar-empresario-e-empresaria-do-ano-tem-homenagens-e-anuncios-importantes-para-o-comercio-e-industria\\\/\"},\"author\":{\"name\":\"Roberto\",\"@id\":\"https:\\\/\\\/regiaonews.net.br\\\/2022\\\/#\\\/schema\\\/person\\\/2d205a608a5aa97ac279d7a5e6d89ad8\"},\"headline\":\"Jantar Empres\u00e1rio e Empres\u00e1ria do Ano tem homenagens e an\u00fancios importantes para o com\u00e9rcio e ind\u00fastria\",\"datePublished\":\"2023-08-07T21:44:26+00:00\",\"mainEntityOfPage\":{\"@id\":\"https:\\\/\\\/regiaonews.net.br\\\/2022\\\/2023\\\/08\\\/07\\\/jantar-empresario-e-empresaria-do-ano-tem-homenagens-e-anuncios-importantes-para-o-comercio-e-industria\\\/\"},\"wordCount\":1641,\"commentCount\":0,\"publisher\":{\"@id\":\"https:\\\/\\\/regiaonews.net.br\\\/2022\\\/#organization\"},\"image\":{\"@id\":\"https:\\\/\\\/regiaonews.net.br\\\/2022\\\/2023\\\/08\\\/07\\\/jantar-empresario-e-empresaria-do-ano-tem-homenagens-e-anuncios-importantes-para-o-comercio-e-industria\\\/#primaryimage\"},\"thumbnailUrl\":\"https:\\\/\\\/regiaonews.net.br\\\/2022\\\/wp-content\\\/uploads\\\/2023\\\/08\\\/WhatsApp-Image-2023-08-07-at-15.53.55.jpeg\",\"articleSection\":[\"Barretos\",\"Cidades\"],\"inLanguage\":\"pt-BR\",\"potentialAction\":[{\"@type\":\"CommentAction\",\"name\":\"Comment\",\"target\":[\"https:\\\/\\\/regiaonews.net.br\\\/2022\\\/2023\\\/08\\\/07\\\/jantar-empresario-e-empresaria-do-ano-tem-homenagens-e-anuncios-importantes-para-o-comercio-e-industria\\\/#respond\"]}]},{\"@type\":\"WebPage\",\"@id\":\"https:\\\/\\\/regiaonews.net.br\\\/2022\\\/2023\\\/08\\\/07\\\/jantar-empresario-e-empresaria-do-ano-tem-homenagens-e-anuncios-importantes-para-o-comercio-e-industria\\\/\",\"url\":\"https:\\\/\\\/regiaonews.net.br\\\/2022\\\/2023\\\/08\\\/07\\\/jantar-empresario-e-empresaria-do-ano-tem-homenagens-e-anuncios-importantes-para-o-comercio-e-industria\\\/\",\"name\":\"Jantar Empres\u00e1rio e Empres\u00e1ria do Ano tem homenagens e an\u00fancios importantes para o com\u00e9rcio e ind\u00fastria - Regi\u00e3o News\",\"isPartOf\":{\"@id\":\"https:\\\/\\\/regiaonews.net.br\\\/2022\\\/#website\"},\"primaryImageOfPage\":{\"@id\":\"https:\\\/\\\/regiaonews.net.br\\\/2022\\\/2023\\\/08\\\/07\\\/jantar-empresario-e-empresaria-do-ano-tem-homenagens-e-anuncios-importantes-para-o-comercio-e-industria\\\/#primaryimage\"},\"image\":{\"@id\":\"https:\\\/\\\/regiaonews.net.br\\\/2022\\\/2023\\\/08\\\/07\\\/jantar-empresario-e-empresaria-do-ano-tem-homenagens-e-anuncios-importantes-para-o-comercio-e-industria\\\/#primaryimage\"},\"thumbnailUrl\":\"https:\\\/\\\/regiaonews.net.br\\\/2022\\\/wp-content\\\/uploads\\\/2023\\\/08\\\/WhatsApp-Image-2023-08-07-at-15.53.55.jpeg\",\"datePublished\":\"2023-08-07T21:44:26+00:00\",\"breadcrumb\":{\"@id\":\"https:\\\/\\\/regiaonews.net.br\\\/2022\\\/2023\\\/08\\\/07\\\/jantar-empresario-e-empresaria-do-ano-tem-homenagens-e-anuncios-importantes-para-o-comercio-e-industria\\\/#breadcrumb\"},\"inLanguage\":\"pt-BR\",\"potentialAction\":[{\"@type\":\"ReadAction\",\"target\":[\"https:\\\/\\\/regiaonews.net.br\\\/2022\\\/2023\\\/08\\\/07\\\/jantar-empresario-e-empresaria-do-ano-tem-homenagens-e-anuncios-importantes-para-o-comercio-e-industria\\\/\"]}]},{\"@type\":\"ImageObject\",\"inLanguage\":\"pt-BR\",\"@id\":\"https:\\\/\\\/regiaonews.net.br\\\/2022\\\/2023\\\/08\\\/07\\\/jantar-empresario-e-empresaria-do-ano-tem-homenagens-e-anuncios-importantes-para-o-comercio-e-industria\\\/#primaryimage\",\"url\":\"https:\\\/\\\/regiaonews.net.br\\\/2022\\\/wp-content\\\/uploads\\\/2023\\\/08\\\/WhatsApp-Image-2023-08-07-at-15.53.55.jpeg\",\"contentUrl\":\"https:\\\/\\\/regiaonews.net.br\\\/2022\\\/wp-content\\\/uploads\\\/2023\\\/08\\\/WhatsApp-Image-2023-08-07-at-15.53.55.jpeg\",\"width\":1600,\"height\":1066},{\"@type\":\"BreadcrumbList\",\"@id\":\"https:\\\/\\\/regiaonews.net.br\\\/2022\\\/2023\\\/08\\\/07\\\/jantar-empresario-e-empresaria-do-ano-tem-homenagens-e-anuncios-importantes-para-o-comercio-e-industria\\\/#breadcrumb\",\"itemListElement\":[{\"@type\":\"ListItem\",\"position\":1,\"name\":\"In\u00edcio\",\"item\":\"https:\\\/\\\/regiaonews.net.br\\\/2022\\\/\"},{\"@type\":\"ListItem\",\"position\":2,\"name\":\"Jantar Empres\u00e1rio e Empres\u00e1ria do Ano tem homenagens e an\u00fancios importantes para o com\u00e9rcio e ind\u00fastria\"}]},{\"@type\":\"WebSite\",\"@id\":\"https:\\\/\\\/regiaonews.net.br\\\/2022\\\/#website\",\"url\":\"https:\\\/\\\/regiaonews.net.br\\\/2022\\\/\",\"name\":\"Regi\u00e3o News\",\"description\":\"Site de Not\u00edcias de Barretos e regi\u00e3o\",\"publisher\":{\"@id\":\"https:\\\/\\\/regiaonews.net.br\\\/2022\\\/#organization\"},\"potentialAction\":[{\"@type\":\"SearchAction\",\"target\":{\"@type\":\"EntryPoint\",\"urlTemplate\":\"https:\\\/\\\/regiaonews.net.br\\\/2022\\\/?s={search_term_string}\"},\"query-input\":{\"@type\":\"PropertyValueSpecification\",\"valueRequired\":true,\"valueName\":\"search_term_string\"}}],\"inLanguage\":\"pt-BR\"},{\"@type\":\"Organization\",\"@id\":\"https:\\\/\\\/regiaonews.net.br\\\/2022\\\/#organization\",\"name\":\"Regi\u00e3o News\",\"url\":\"https:\\\/\\\/regiaonews.net.br\\\/2022\\\/\",\"logo\":{\"@type\":\"ImageObject\",\"inLanguage\":\"pt-BR\",\"@id\":\"https:\\\/\\\/regiaonews.net.br\\\/2022\\\/#\\\/schema\\\/logo\\\/image\\\/\",\"url\":\"https:\\\/\\\/regiaonews.net.br\\\/2022\\\/wp-content\\\/uploads\\\/2026\\\/03\\\/regiao-13-anos-scaled.jpg\",\"contentUrl\":\"https:\\\/\\\/regiaonews.net.br\\\/2022\\\/wp-content\\\/uploads\\\/2026\\\/03\\\/regiao-13-anos-scaled.jpg\",\"width\":2560,\"height\":635,\"caption\":\"Regi\u00e3o News\"},\"image\":{\"@id\":\"https:\\\/\\\/regiaonews.net.br\\\/2022\\\/#\\\/schema\\\/logo\\\/image\\\/\"}},{\"@type\":\"Person\",\"@id\":\"https:\\\/\\\/regiaonews.net.br\\\/2022\\\/#\\\/schema\\\/person\\\/2d205a608a5aa97ac279d7a5e6d89ad8\",\"name\":\"Roberto\",\"image\":{\"@type\":\"ImageObject\",\"inLanguage\":\"pt-BR\",\"@id\":\"https:\\\/\\\/secure.gravatar.com\\\/avatar\\\/42749d8b712ff9d59ca93dc150494e5b55a44134482993f5baeb97e61b7ecc89?s=96&d=mm&r=g\",\"url\":\"https:\\\/\\\/secure.gravatar.com\\\/avatar\\\/42749d8b712ff9d59ca93dc150494e5b55a44134482993f5baeb97e61b7ecc89?s=96&d=mm&r=g\",\"contentUrl\":\"https:\\\/\\\/secure.gravatar.com\\\/avatar\\\/42749d8b712ff9d59ca93dc150494e5b55a44134482993f5baeb97e61b7ecc89?s=96&d=mm&r=g\",\"caption\":\"Roberto\"},\"url\":\"https:\\\/\\\/regiaonews.net.br\\\/2022\\\/author\\\/roberto\\\/\"}]}<\/script>\n<!-- \/ Yoast SEO plugin. -->","yoast_head_json":{"title":"Jantar Empres\u00e1rio e Empres\u00e1ria do Ano tem homenagens e an\u00fancios importantes para o com\u00e9rcio e ind\u00fastria - Regi\u00e3o News","robots":{"index":"index","follow":"follow","max-snippet":"max-snippet:-1","max-image-preview":"max-image-preview:large","max-video-preview":"max-video-preview:-1"},"canonical":"https:\/\/regiaonews.net.br\/2022\/2023\/08\/07\/jantar-empresario-e-empresaria-do-ano-tem-homenagens-e-anuncios-importantes-para-o-comercio-e-industria\/","og_locale":"pt_BR","og_type":"article","og_title":"Jantar Empres\u00e1rio e Empres\u00e1ria do Ano tem homenagens e an\u00fancios importantes para o com\u00e9rcio e ind\u00fastria - Regi\u00e3o News","og_description":"&nbsp; Noite de premia\u00e7\u00e3o realizada no \u00faltimo s\u00e1bado no Espa\u00e7o","og_url":"https:\/\/regiaonews.net.br\/2022\/2023\/08\/07\/jantar-empresario-e-empresaria-do-ano-tem-homenagens-e-anuncios-importantes-para-o-comercio-e-industria\/","og_site_name":"Regi\u00e3o News","article_published_time":"2023-08-07T21:44:26+00:00","og_image":[{"width":1600,"height":1066,"url":"https:\/\/regiaonews.net.br\/2022\/wp-content\/uploads\/2023\/08\/WhatsApp-Image-2023-08-07-at-15.53.55.jpeg","type":"image\/jpeg"}],"author":"Roberto","twitter_card":"summary_large_image","twitter_misc":{"Escrito por":"Roberto","Est. tempo de leitura":"9 minutos"},"schema":{"@context":"https:\/\/schema.org","@graph":[{"@type":"Article","@id":"https:\/\/regiaonews.net.br\/2022\/2023\/08\/07\/jantar-empresario-e-empresaria-do-ano-tem-homenagens-e-anuncios-importantes-para-o-comercio-e-industria\/#article","isPartOf":{"@id":"https:\/\/regiaonews.net.br\/2022\/2023\/08\/07\/jantar-empresario-e-empresaria-do-ano-tem-homenagens-e-anuncios-importantes-para-o-comercio-e-industria\/"},"author":{"name":"Roberto","@id":"https:\/\/regiaonews.net.br\/2022\/#\/schema\/person\/2d205a608a5aa97ac279d7a5e6d89ad8"},"headline":"Jantar Empres\u00e1rio e Empres\u00e1ria do Ano tem homenagens e an\u00fancios importantes para o com\u00e9rcio e ind\u00fastria","datePublished":"2023-08-07T21:44:26+00:00","mainEntityOfPage":{"@id":"https:\/\/regiaonews.net.br\/2022\/2023\/08\/07\/jantar-empresario-e-empresaria-do-ano-tem-homenagens-e-anuncios-importantes-para-o-comercio-e-industria\/"},"wordCount":1641,"commentCount":0,"publisher":{"@id":"https:\/\/regiaonews.net.br\/2022\/#organization"},"image":{"@id":"https:\/\/regiaonews.net.br\/2022\/2023\/08\/07\/jantar-empresario-e-empresaria-do-ano-tem-homenagens-e-anuncios-importantes-para-o-comercio-e-industria\/#primaryimage"},"thumbnailUrl":"https:\/\/regiaonews.net.br\/2022\/wp-content\/uploads\/2023\/08\/WhatsApp-Image-2023-08-07-at-15.53.55.jpeg","articleSection":["Barretos","Cidades"],"inLanguage":"pt-BR","potentialAction":[{"@type":"CommentAction","name":"Comment","target":["https:\/\/regiaonews.net.br\/2022\/2023\/08\/07\/jantar-empresario-e-empresaria-do-ano-tem-homenagens-e-anuncios-importantes-para-o-comercio-e-industria\/#respond"]}]},{"@type":"WebPage","@id":"https:\/\/regiaonews.net.br\/2022\/2023\/08\/07\/jantar-empresario-e-empresaria-do-ano-tem-homenagens-e-anuncios-importantes-para-o-comercio-e-industria\/","url":"https:\/\/regiaonews.net.br\/2022\/2023\/08\/07\/jantar-empresario-e-empresaria-do-ano-tem-homenagens-e-anuncios-importantes-para-o-comercio-e-industria\/","name":"Jantar Empres\u00e1rio e Empres\u00e1ria do Ano tem homenagens e an\u00fancios importantes para o com\u00e9rcio e ind\u00fastria - Regi\u00e3o News","isPartOf":{"@id":"https:\/\/regiaonews.net.br\/2022\/#website"},"primaryImageOfPage":{"@id":"https:\/\/regiaonews.net.br\/2022\/2023\/08\/07\/jantar-empresario-e-empresaria-do-ano-tem-homenagens-e-anuncios-importantes-para-o-comercio-e-industria\/#primaryimage"},"image":{"@id":"https:\/\/regiaonews.net.br\/2022\/2023\/08\/07\/jantar-empresario-e-empresaria-do-ano-tem-homenagens-e-anuncios-importantes-para-o-comercio-e-industria\/#primaryimage"},"thumbnailUrl":"https:\/\/regiaonews.net.br\/2022\/wp-content\/uploads\/2023\/08\/WhatsApp-Image-2023-08-07-at-15.53.55.jpeg","datePublished":"2023-08-07T21:44:26+00:00","breadcrumb":{"@id":"https:\/\/regiaonews.net.br\/2022\/2023\/08\/07\/jantar-empresario-e-empresaria-do-ano-tem-homenagens-e-anuncios-importantes-para-o-comercio-e-industria\/#breadcrumb"},"inLanguage":"pt-BR","potentialAction":[{"@type":"ReadAction","target":["https:\/\/regiaonews.net.br\/2022\/2023\/08\/07\/jantar-empresario-e-empresaria-do-ano-tem-homenagens-e-anuncios-importantes-para-o-comercio-e-industria\/"]}]},{"@type":"ImageObject","inLanguage":"pt-BR","@id":"https:\/\/regiaonews.net.br\/2022\/2023\/08\/07\/jantar-empresario-e-empresaria-do-ano-tem-homenagens-e-anuncios-importantes-para-o-comercio-e-industria\/#primaryimage","url":"https:\/\/regiaonews.net.br\/2022\/wp-content\/uploads\/2023\/08\/WhatsApp-Image-2023-08-07-at-15.53.55.jpeg","contentUrl":"https:\/\/regiaonews.net.br\/2022\/wp-content\/uploads\/2023\/08\/WhatsApp-Image-2023-08-07-at-15.53.55.jpeg","width":1600,"height":1066},{"@type":"BreadcrumbList","@id":"https:\/\/regiaonews.net.br\/2022\/2023\/08\/07\/jantar-empresario-e-empresaria-do-ano-tem-homenagens-e-anuncios-importantes-para-o-comercio-e-industria\/#breadcrumb","itemListElement":[{"@type":"ListItem","position":1,"name":"In\u00edcio","item":"https:\/\/regiaonews.net.br\/2022\/"},{"@type":"ListItem","position":2,"name":"Jantar Empres\u00e1rio e Empres\u00e1ria do Ano tem homenagens e an\u00fancios importantes para o com\u00e9rcio e ind\u00fastria"}]},{"@type":"WebSite","@id":"https:\/\/regiaonews.net.br\/2022\/#website","url":"https:\/\/regiaonews.net.br\/2022\/","name":"Regi\u00e3o News","description":"Site de Not\u00edcias de Barretos e regi\u00e3o","publisher":{"@id":"https:\/\/regiaonews.net.br\/2022\/#organization"},"potentialAction":[{"@type":"SearchAction","target":{"@type":"EntryPoint","urlTemplate":"https:\/\/regiaonews.net.br\/2022\/?s={search_term_string}"},"query-input":{"@type":"PropertyValueSpecification","valueRequired":true,"valueName":"search_term_string"}}],"inLanguage":"pt-BR"},{"@type":"Organization","@id":"https:\/\/regiaonews.net.br\/2022\/#organization","name":"Regi\u00e3o News","url":"https:\/\/regiaonews.net.br\/2022\/","logo":{"@type":"ImageObject","inLanguage":"pt-BR","@id":"https:\/\/regiaonews.net.br\/2022\/#\/schema\/logo\/image\/","url":"https:\/\/regiaonews.net.br\/2022\/wp-content\/uploads\/2026\/03\/regiao-13-anos-scaled.jpg","contentUrl":"https:\/\/regiaonews.net.br\/2022\/wp-content\/uploads\/2026\/03\/regiao-13-anos-scaled.jpg","width":2560,"height":635,"caption":"Regi\u00e3o News"},"image":{"@id":"https:\/\/regiaonews.net.br\/2022\/#\/schema\/logo\/image\/"}},{"@type":"Person","@id":"https:\/\/regiaonews.net.br\/2022\/#\/schema\/person\/2d205a608a5aa97ac279d7a5e6d89ad8","name":"Roberto","image":{"@type":"ImageObject","inLanguage":"pt-BR","@id":"https:\/\/secure.gravatar.com\/avatar\/42749d8b712ff9d59ca93dc150494e5b55a44134482993f5baeb97e61b7ecc89?s=96&d=mm&r=g","url":"https:\/\/secure.gravatar.com\/avatar\/42749d8b712ff9d59ca93dc150494e5b55a44134482993f5baeb97e61b7ecc89?s=96&d=mm&r=g","contentUrl":"https:\/\/secure.gravatar.com\/avatar\/42749d8b712ff9d59ca93dc150494e5b55a44134482993f5baeb97e61b7ecc89?s=96&d=mm&r=g","caption":"Roberto"},"url":"https:\/\/regiaonews.net.br\/2022\/author\/roberto\/"}]}},"publishpress_future_action":{"enabled":false,"date":"2026-05-10 10:56:52","action":"change-status","newStatus":"draft","terms":[],"taxonomy":"category","extraData":[]},"publishpress_future_workflow_manual_trigger":{"enabledWorkflows":[]},"_links":{"self":[{"href":"https:\/\/regiaonews.net.br\/2022\/wp-json\/wp\/v2\/posts\/93023","targetHints":{"allow":["GET"]}}],"collection":[{"href":"https:\/\/regiaonews.net.br\/2022\/wp-json\/wp\/v2\/posts"}],"about":[{"href":"https:\/\/regiaonews.net.br\/2022\/wp-json\/wp\/v2\/types\/post"}],"author":[{"embeddable":true,"href":"https:\/\/regiaonews.net.br\/2022\/wp-json\/wp\/v2\/users\/2"}],"replies":[{"embeddable":true,"href":"https:\/\/regiaonews.net.br\/2022\/wp-json\/wp\/v2\/comments?post=93023"}],"version-history":[{"count":1,"href":"https:\/\/regiaonews.net.br\/2022\/wp-json\/wp\/v2\/posts\/93023\/revisions"}],"predecessor-version":[{"id":93025,"href":"https:\/\/regiaonews.net.br\/2022\/wp-json\/wp\/v2\/posts\/93023\/revisions\/93025"}],"wp:featuredmedia":[{"embeddable":true,"href":"https:\/\/regiaonews.net.br\/2022\/wp-json\/wp\/v2\/media\/93024"}],"wp:attachment":[{"href":"https:\/\/regiaonews.net.br\/2022\/wp-json\/wp\/v2\/media?parent=93023"}],"wp:term":[{"taxonomy":"category","embeddable":true,"href":"https:\/\/regiaonews.net.br\/2022\/wp-json\/wp\/v2\/categories?post=93023"},{"taxonomy":"post_tag","embeddable":true,"href":"https:\/\/regiaonews.net.br\/2022\/wp-json\/wp\/v2\/tags?post=93023"}],"curies":[{"name":"wp","href":"https:\/\/api.w.org\/{rel}","templated":true}]}}