{"id":93020,"date":"2023-08-07T18:41:57","date_gmt":"2023-08-07T21:41:57","guid":{"rendered":"https:\/\/regiaonews.net.br\/2022\/?p=93020"},"modified":"2023-08-07T18:41:57","modified_gmt":"2023-08-07T21:41:57","slug":"alunos-da-rede-municipal-de-ensino-recebem-mais-uma-camiseta-do-uniforme-escolar","status":"publish","type":"post","link":"https:\/\/regiaonews.net.br\/2022\/2023\/08\/07\/alunos-da-rede-municipal-de-ensino-recebem-mais-uma-camiseta-do-uniforme-escolar\/","title":{"rendered":"Alunos da Rede Municipal de Ensino recebem mais uma camiseta do uniforme escolar"},"content":{"rendered":"<p>Refor\u00e7o no kit-uniforme tem como objetivo refor\u00e7ar a inclus\u00e3o e igualdade entre os estudantes com a padroniza\u00e7\u00e3o da roupa a ser usada<\/p>\n<p>A prefeita da Est\u00e2ncia Tur\u00edstica de Barretos, Paula Lemos, acompanhou na manh\u00e3 desta segunda-feira, 7 de agosto, no Centro Municipal de Educa\u00e7\u00e3o Infantil (Cemei) \u201cSebastiana Nic\u00e9zio de Carvalho\u201d o in\u00edcio da entrega das camisetas de refor\u00e7o do kit-uniforme para os 13.484 alunos da Rede Municipal de Ensino. A iniciativa in\u00e9dita refor\u00e7a a inclus\u00e3o e igualdade entre os estudantes com a padroniza\u00e7\u00e3o da roupa a ser usada.<br \/>\nA chefe do executivo comemorou a entrega e relembrou que a camiseta extra \u00e9 um pedido dos pais dos alunos. \u201cEstamos aqui atendendo um pedido dos pais de alunos, que \u00e9 a entrega das camisetas no segundo semestre. Como m\u00e3e, n\u00e3o podia deixar de atender, pois a gente sabe que as crian\u00e7as est\u00e3o em desenvolvimento e essa nova camiseta ajuda muito. Essa \u00e9 a primeira vez na hist\u00f3ria de Barretos que isso ocorre. Al\u00e9m disso, estamos fazendo investimentos constantes na educa\u00e7\u00e3o, com reforma de escolas e Cemeis, entrega de uma escola nova, no Vida Nova, e a implanta\u00e7\u00e3o do material did\u00e1tico para crian\u00e7as a partir dos 2 anos, olhando para a primeira inf\u00e2ncia. S\u00e3o muitas coisas boas pensando no futuro de Barretos e as crian\u00e7as s\u00e3o o nosso futuro\u201d, comemorou.<br \/>\nO uniforme escolar \u00e9 um signo de refer\u00eancia social que promove seguran\u00e7a, pois os alunos s\u00e3o identificados facilmente nos diferentes lugares da cidade. No in\u00edcio do corrente ano letivo, os alunos da Rede Municipal de Ensino receberam um kit-uniforme compostos por seis pe\u00e7as: uma camiseta manga curta, uma camiseta manga longa \u2013 outra novidade -, uma camiseta regata, uma jaqueta, uma cal\u00e7a, uma bermuda para os meninos e um short saia para as meninas, al\u00e9m de uma mochila.<br \/>\nM\u00e3e de duas crian\u00e7as que frequentam a Rede Municipal de Ensino, Janaina Roberta aprovou a iniciativa. \u201cVai usando e vai gastando. Tamb\u00e9m tem a quest\u00e3o do crescimento e da praticidade. Tendo mais uma camiseta facilita bastante, pois mando as crian\u00e7as todos os dias de uniforme\u201d, comentou.<br \/>\nAs novas camisetas, que j\u00e1 foram distribu\u00eddas \u00e0s unidades escolares, devem ser entregues durante para todos os alunos at\u00e9 a primeira quinzena do m\u00eas de agosto.<br \/>\nA secret\u00e1ria municipal de Educa\u00e7\u00e3o destaca a import\u00e2ncia das crian\u00e7as irem uniformizadas todos os dias para a escola. &#8220;O uniforme, al\u00e9m de ser uma forma das fam\u00edlias economizarem com as vestimentas das crian\u00e7as, \u00e9 importante para a identifica\u00e7\u00e3o dos alunos dentro das unidades e para a cria\u00e7\u00e3o de um senso de igualdade entre eles&#8221;, disse.<\/p>\n","protected":false},"excerpt":{"rendered":"<p>Refor\u00e7o no kit-uniforme tem como objetivo refor\u00e7ar a inclus\u00e3o e<\/p>\n","protected":false},"author":2,"featured_media":93021,"comment_status":"open","ping_status":"open","sticky":false,"template":"","format":"standard","meta":{"footnotes":""},"categories":[14,25],"tags":[],"class_list":["post-93020","post","type-post","status-publish","format-standard","has-post-thumbnail","hentry","category-barretos","category-cidades"],"yoast_head":"<!-- This site is optimized with the Yoast SEO plugin v27.5 - https:\/\/yoast.com\/product\/yoast-seo-wordpress\/ -->\n<title>Alunos da Rede Municipal de Ensino recebem mais uma camiseta do uniforme escolar - Regi\u00e3o News<\/title>\n<meta name=\"robots\" content=\"index, follow, max-snippet:-1, max-image-preview:large, max-video-preview:-1\" \/>\n<link rel=\"canonical\" href=\"https:\/\/regiaonews.net.br\/2022\/2023\/08\/07\/alunos-da-rede-municipal-de-ensino-recebem-mais-uma-camiseta-do-uniforme-escolar\/\" \/>\n<meta property=\"og:locale\" content=\"pt_BR\" \/>\n<meta property=\"og:type\" content=\"article\" \/>\n<meta property=\"og:title\" content=\"Alunos da Rede Municipal de Ensino recebem mais uma camiseta do uniforme escolar - Regi\u00e3o News\" \/>\n<meta property=\"og:description\" content=\"Refor\u00e7o no kit-uniforme tem como objetivo refor\u00e7ar a inclus\u00e3o e\" \/>\n<meta property=\"og:url\" content=\"https:\/\/regiaonews.net.br\/2022\/2023\/08\/07\/alunos-da-rede-municipal-de-ensino-recebem-mais-uma-camiseta-do-uniforme-escolar\/\" \/>\n<meta property=\"og:site_name\" content=\"Regi\u00e3o News\" \/>\n<meta property=\"article:published_time\" content=\"2023-08-07T21:41:57+00:00\" \/>\n<meta property=\"og:image\" content=\"https:\/\/regiaonews.net.br\/2022\/wp-content\/uploads\/2023\/08\/WhatsApp-Image-2023-08-07-at-17.56.39.jpeg\" \/>\n\t<meta property=\"og:image:width\" content=\"1600\" \/>\n\t<meta property=\"og:image:height\" content=\"1066\" \/>\n\t<meta property=\"og:image:type\" content=\"image\/jpeg\" \/>\n<meta name=\"author\" content=\"Roberto\" \/>\n<meta name=\"twitter:card\" content=\"summary_large_image\" \/>\n<meta name=\"twitter:label1\" content=\"Escrito por\" \/>\n\t<meta name=\"twitter:data1\" content=\"Roberto\" \/>\n\t<meta name=\"twitter:label2\" content=\"Est. tempo de leitura\" \/>\n\t<meta name=\"twitter:data2\" content=\"3 minutos\" \/>\n<script type=\"application\/ld+json\" class=\"yoast-schema-graph\">{\"@context\":\"https:\\\/\\\/schema.org\",\"@graph\":[{\"@type\":\"Article\",\"@id\":\"https:\\\/\\\/regiaonews.net.br\\\/2022\\\/2023\\\/08\\\/07\\\/alunos-da-rede-municipal-de-ensino-recebem-mais-uma-camiseta-do-uniforme-escolar\\\/#article\",\"isPartOf\":{\"@id\":\"https:\\\/\\\/regiaonews.net.br\\\/2022\\\/2023\\\/08\\\/07\\\/alunos-da-rede-municipal-de-ensino-recebem-mais-uma-camiseta-do-uniforme-escolar\\\/\"},\"author\":{\"name\":\"Roberto\",\"@id\":\"https:\\\/\\\/regiaonews.net.br\\\/2022\\\/#\\\/schema\\\/person\\\/2d205a608a5aa97ac279d7a5e6d89ad8\"},\"headline\":\"Alunos da Rede Municipal de Ensino recebem mais uma camiseta do uniforme escolar\",\"datePublished\":\"2023-08-07T21:41:57+00:00\",\"mainEntityOfPage\":{\"@id\":\"https:\\\/\\\/regiaonews.net.br\\\/2022\\\/2023\\\/08\\\/07\\\/alunos-da-rede-municipal-de-ensino-recebem-mais-uma-camiseta-do-uniforme-escolar\\\/\"},\"wordCount\":478,\"commentCount\":0,\"publisher\":{\"@id\":\"https:\\\/\\\/regiaonews.net.br\\\/2022\\\/#organization\"},\"image\":{\"@id\":\"https:\\\/\\\/regiaonews.net.br\\\/2022\\\/2023\\\/08\\\/07\\\/alunos-da-rede-municipal-de-ensino-recebem-mais-uma-camiseta-do-uniforme-escolar\\\/#primaryimage\"},\"thumbnailUrl\":\"https:\\\/\\\/regiaonews.net.br\\\/2022\\\/wp-content\\\/uploads\\\/2023\\\/08\\\/WhatsApp-Image-2023-08-07-at-17.56.39.jpeg\",\"articleSection\":[\"Barretos\",\"Cidades\"],\"inLanguage\":\"pt-BR\",\"potentialAction\":[{\"@type\":\"CommentAction\",\"name\":\"Comment\",\"target\":[\"https:\\\/\\\/regiaonews.net.br\\\/2022\\\/2023\\\/08\\\/07\\\/alunos-da-rede-municipal-de-ensino-recebem-mais-uma-camiseta-do-uniforme-escolar\\\/#respond\"]}]},{\"@type\":\"WebPage\",\"@id\":\"https:\\\/\\\/regiaonews.net.br\\\/2022\\\/2023\\\/08\\\/07\\\/alunos-da-rede-municipal-de-ensino-recebem-mais-uma-camiseta-do-uniforme-escolar\\\/\",\"url\":\"https:\\\/\\\/regiaonews.net.br\\\/2022\\\/2023\\\/08\\\/07\\\/alunos-da-rede-municipal-de-ensino-recebem-mais-uma-camiseta-do-uniforme-escolar\\\/\",\"name\":\"Alunos da Rede Municipal de Ensino recebem mais uma camiseta do uniforme escolar - Regi\u00e3o News\",\"isPartOf\":{\"@id\":\"https:\\\/\\\/regiaonews.net.br\\\/2022\\\/#website\"},\"primaryImageOfPage\":{\"@id\":\"https:\\\/\\\/regiaonews.net.br\\\/2022\\\/2023\\\/08\\\/07\\\/alunos-da-rede-municipal-de-ensino-recebem-mais-uma-camiseta-do-uniforme-escolar\\\/#primaryimage\"},\"image\":{\"@id\":\"https:\\\/\\\/regiaonews.net.br\\\/2022\\\/2023\\\/08\\\/07\\\/alunos-da-rede-municipal-de-ensino-recebem-mais-uma-camiseta-do-uniforme-escolar\\\/#primaryimage\"},\"thumbnailUrl\":\"https:\\\/\\\/regiaonews.net.br\\\/2022\\\/wp-content\\\/uploads\\\/2023\\\/08\\\/WhatsApp-Image-2023-08-07-at-17.56.39.jpeg\",\"datePublished\":\"2023-08-07T21:41:57+00:00\",\"breadcrumb\":{\"@id\":\"https:\\\/\\\/regiaonews.net.br\\\/2022\\\/2023\\\/08\\\/07\\\/alunos-da-rede-municipal-de-ensino-recebem-mais-uma-camiseta-do-uniforme-escolar\\\/#breadcrumb\"},\"inLanguage\":\"pt-BR\",\"potentialAction\":[{\"@type\":\"ReadAction\",\"target\":[\"https:\\\/\\\/regiaonews.net.br\\\/2022\\\/2023\\\/08\\\/07\\\/alunos-da-rede-municipal-de-ensino-recebem-mais-uma-camiseta-do-uniforme-escolar\\\/\"]}]},{\"@type\":\"ImageObject\",\"inLanguage\":\"pt-BR\",\"@id\":\"https:\\\/\\\/regiaonews.net.br\\\/2022\\\/2023\\\/08\\\/07\\\/alunos-da-rede-municipal-de-ensino-recebem-mais-uma-camiseta-do-uniforme-escolar\\\/#primaryimage\",\"url\":\"https:\\\/\\\/regiaonews.net.br\\\/2022\\\/wp-content\\\/uploads\\\/2023\\\/08\\\/WhatsApp-Image-2023-08-07-at-17.56.39.jpeg\",\"contentUrl\":\"https:\\\/\\\/regiaonews.net.br\\\/2022\\\/wp-content\\\/uploads\\\/2023\\\/08\\\/WhatsApp-Image-2023-08-07-at-17.56.39.jpeg\",\"width\":1600,\"height\":1066},{\"@type\":\"BreadcrumbList\",\"@id\":\"https:\\\/\\\/regiaonews.net.br\\\/2022\\\/2023\\\/08\\\/07\\\/alunos-da-rede-municipal-de-ensino-recebem-mais-uma-camiseta-do-uniforme-escolar\\\/#breadcrumb\",\"itemListElement\":[{\"@type\":\"ListItem\",\"position\":1,\"name\":\"In\u00edcio\",\"item\":\"https:\\\/\\\/regiaonews.net.br\\\/2022\\\/\"},{\"@type\":\"ListItem\",\"position\":2,\"name\":\"Alunos da Rede Municipal de Ensino recebem mais uma camiseta do uniforme escolar\"}]},{\"@type\":\"WebSite\",\"@id\":\"https:\\\/\\\/regiaonews.net.br\\\/2022\\\/#website\",\"url\":\"https:\\\/\\\/regiaonews.net.br\\\/2022\\\/\",\"name\":\"Regi\u00e3o News\",\"description\":\"Site de Not\u00edcias de Barretos e regi\u00e3o\",\"publisher\":{\"@id\":\"https:\\\/\\\/regiaonews.net.br\\\/2022\\\/#organization\"},\"potentialAction\":[{\"@type\":\"SearchAction\",\"target\":{\"@type\":\"EntryPoint\",\"urlTemplate\":\"https:\\\/\\\/regiaonews.net.br\\\/2022\\\/?s={search_term_string}\"},\"query-input\":{\"@type\":\"PropertyValueSpecification\",\"valueRequired\":true,\"valueName\":\"search_term_string\"}}],\"inLanguage\":\"pt-BR\"},{\"@type\":\"Organization\",\"@id\":\"https:\\\/\\\/regiaonews.net.br\\\/2022\\\/#organization\",\"name\":\"Regi\u00e3o News\",\"url\":\"https:\\\/\\\/regiaonews.net.br\\\/2022\\\/\",\"logo\":{\"@type\":\"ImageObject\",\"inLanguage\":\"pt-BR\",\"@id\":\"https:\\\/\\\/regiaonews.net.br\\\/2022\\\/#\\\/schema\\\/logo\\\/image\\\/\",\"url\":\"https:\\\/\\\/regiaonews.net.br\\\/2022\\\/wp-content\\\/uploads\\\/2026\\\/03\\\/regiao-13-anos-scaled.jpg\",\"contentUrl\":\"https:\\\/\\\/regiaonews.net.br\\\/2022\\\/wp-content\\\/uploads\\\/2026\\\/03\\\/regiao-13-anos-scaled.jpg\",\"width\":2560,\"height\":635,\"caption\":\"Regi\u00e3o News\"},\"image\":{\"@id\":\"https:\\\/\\\/regiaonews.net.br\\\/2022\\\/#\\\/schema\\\/logo\\\/image\\\/\"}},{\"@type\":\"Person\",\"@id\":\"https:\\\/\\\/regiaonews.net.br\\\/2022\\\/#\\\/schema\\\/person\\\/2d205a608a5aa97ac279d7a5e6d89ad8\",\"name\":\"Roberto\",\"image\":{\"@type\":\"ImageObject\",\"inLanguage\":\"pt-BR\",\"@id\":\"https:\\\/\\\/secure.gravatar.com\\\/avatar\\\/42749d8b712ff9d59ca93dc150494e5b55a44134482993f5baeb97e61b7ecc89?s=96&d=mm&r=g\",\"url\":\"https:\\\/\\\/secure.gravatar.com\\\/avatar\\\/42749d8b712ff9d59ca93dc150494e5b55a44134482993f5baeb97e61b7ecc89?s=96&d=mm&r=g\",\"contentUrl\":\"https:\\\/\\\/secure.gravatar.com\\\/avatar\\\/42749d8b712ff9d59ca93dc150494e5b55a44134482993f5baeb97e61b7ecc89?s=96&d=mm&r=g\",\"caption\":\"Roberto\"},\"url\":\"https:\\\/\\\/regiaonews.net.br\\\/2022\\\/author\\\/roberto\\\/\"}]}<\/script>\n<!-- \/ Yoast SEO plugin. -->","yoast_head_json":{"title":"Alunos da Rede Municipal de Ensino recebem mais uma camiseta do uniforme escolar - Regi\u00e3o News","robots":{"index":"index","follow":"follow","max-snippet":"max-snippet:-1","max-image-preview":"max-image-preview:large","max-video-preview":"max-video-preview:-1"},"canonical":"https:\/\/regiaonews.net.br\/2022\/2023\/08\/07\/alunos-da-rede-municipal-de-ensino-recebem-mais-uma-camiseta-do-uniforme-escolar\/","og_locale":"pt_BR","og_type":"article","og_title":"Alunos da Rede Municipal de Ensino recebem mais uma camiseta do uniforme escolar - Regi\u00e3o News","og_description":"Refor\u00e7o no kit-uniforme tem como objetivo refor\u00e7ar a inclus\u00e3o e","og_url":"https:\/\/regiaonews.net.br\/2022\/2023\/08\/07\/alunos-da-rede-municipal-de-ensino-recebem-mais-uma-camiseta-do-uniforme-escolar\/","og_site_name":"Regi\u00e3o News","article_published_time":"2023-08-07T21:41:57+00:00","og_image":[{"width":1600,"height":1066,"url":"https:\/\/regiaonews.net.br\/2022\/wp-content\/uploads\/2023\/08\/WhatsApp-Image-2023-08-07-at-17.56.39.jpeg","type":"image\/jpeg"}],"author":"Roberto","twitter_card":"summary_large_image","twitter_misc":{"Escrito por":"Roberto","Est. tempo de leitura":"3 minutos"},"schema":{"@context":"https:\/\/schema.org","@graph":[{"@type":"Article","@id":"https:\/\/regiaonews.net.br\/2022\/2023\/08\/07\/alunos-da-rede-municipal-de-ensino-recebem-mais-uma-camiseta-do-uniforme-escolar\/#article","isPartOf":{"@id":"https:\/\/regiaonews.net.br\/2022\/2023\/08\/07\/alunos-da-rede-municipal-de-ensino-recebem-mais-uma-camiseta-do-uniforme-escolar\/"},"author":{"name":"Roberto","@id":"https:\/\/regiaonews.net.br\/2022\/#\/schema\/person\/2d205a608a5aa97ac279d7a5e6d89ad8"},"headline":"Alunos da Rede Municipal de Ensino recebem mais uma camiseta do uniforme escolar","datePublished":"2023-08-07T21:41:57+00:00","mainEntityOfPage":{"@id":"https:\/\/regiaonews.net.br\/2022\/2023\/08\/07\/alunos-da-rede-municipal-de-ensino-recebem-mais-uma-camiseta-do-uniforme-escolar\/"},"wordCount":478,"commentCount":0,"publisher":{"@id":"https:\/\/regiaonews.net.br\/2022\/#organization"},"image":{"@id":"https:\/\/regiaonews.net.br\/2022\/2023\/08\/07\/alunos-da-rede-municipal-de-ensino-recebem-mais-uma-camiseta-do-uniforme-escolar\/#primaryimage"},"thumbnailUrl":"https:\/\/regiaonews.net.br\/2022\/wp-content\/uploads\/2023\/08\/WhatsApp-Image-2023-08-07-at-17.56.39.jpeg","articleSection":["Barretos","Cidades"],"inLanguage":"pt-BR","potentialAction":[{"@type":"CommentAction","name":"Comment","target":["https:\/\/regiaonews.net.br\/2022\/2023\/08\/07\/alunos-da-rede-municipal-de-ensino-recebem-mais-uma-camiseta-do-uniforme-escolar\/#respond"]}]},{"@type":"WebPage","@id":"https:\/\/regiaonews.net.br\/2022\/2023\/08\/07\/alunos-da-rede-municipal-de-ensino-recebem-mais-uma-camiseta-do-uniforme-escolar\/","url":"https:\/\/regiaonews.net.br\/2022\/2023\/08\/07\/alunos-da-rede-municipal-de-ensino-recebem-mais-uma-camiseta-do-uniforme-escolar\/","name":"Alunos da Rede Municipal de Ensino recebem mais uma camiseta do uniforme escolar - Regi\u00e3o News","isPartOf":{"@id":"https:\/\/regiaonews.net.br\/2022\/#website"},"primaryImageOfPage":{"@id":"https:\/\/regiaonews.net.br\/2022\/2023\/08\/07\/alunos-da-rede-municipal-de-ensino-recebem-mais-uma-camiseta-do-uniforme-escolar\/#primaryimage"},"image":{"@id":"https:\/\/regiaonews.net.br\/2022\/2023\/08\/07\/alunos-da-rede-municipal-de-ensino-recebem-mais-uma-camiseta-do-uniforme-escolar\/#primaryimage"},"thumbnailUrl":"https:\/\/regiaonews.net.br\/2022\/wp-content\/uploads\/2023\/08\/WhatsApp-Image-2023-08-07-at-17.56.39.jpeg","datePublished":"2023-08-07T21:41:57+00:00","breadcrumb":{"@id":"https:\/\/regiaonews.net.br\/2022\/2023\/08\/07\/alunos-da-rede-municipal-de-ensino-recebem-mais-uma-camiseta-do-uniforme-escolar\/#breadcrumb"},"inLanguage":"pt-BR","potentialAction":[{"@type":"ReadAction","target":["https:\/\/regiaonews.net.br\/2022\/2023\/08\/07\/alunos-da-rede-municipal-de-ensino-recebem-mais-uma-camiseta-do-uniforme-escolar\/"]}]},{"@type":"ImageObject","inLanguage":"pt-BR","@id":"https:\/\/regiaonews.net.br\/2022\/2023\/08\/07\/alunos-da-rede-municipal-de-ensino-recebem-mais-uma-camiseta-do-uniforme-escolar\/#primaryimage","url":"https:\/\/regiaonews.net.br\/2022\/wp-content\/uploads\/2023\/08\/WhatsApp-Image-2023-08-07-at-17.56.39.jpeg","contentUrl":"https:\/\/regiaonews.net.br\/2022\/wp-content\/uploads\/2023\/08\/WhatsApp-Image-2023-08-07-at-17.56.39.jpeg","width":1600,"height":1066},{"@type":"BreadcrumbList","@id":"https:\/\/regiaonews.net.br\/2022\/2023\/08\/07\/alunos-da-rede-municipal-de-ensino-recebem-mais-uma-camiseta-do-uniforme-escolar\/#breadcrumb","itemListElement":[{"@type":"ListItem","position":1,"name":"In\u00edcio","item":"https:\/\/regiaonews.net.br\/2022\/"},{"@type":"ListItem","position":2,"name":"Alunos da Rede Municipal de Ensino recebem mais uma camiseta do uniforme escolar"}]},{"@type":"WebSite","@id":"https:\/\/regiaonews.net.br\/2022\/#website","url":"https:\/\/regiaonews.net.br\/2022\/","name":"Regi\u00e3o News","description":"Site de Not\u00edcias de Barretos e regi\u00e3o","publisher":{"@id":"https:\/\/regiaonews.net.br\/2022\/#organization"},"potentialAction":[{"@type":"SearchAction","target":{"@type":"EntryPoint","urlTemplate":"https:\/\/regiaonews.net.br\/2022\/?s={search_term_string}"},"query-input":{"@type":"PropertyValueSpecification","valueRequired":true,"valueName":"search_term_string"}}],"inLanguage":"pt-BR"},{"@type":"Organization","@id":"https:\/\/regiaonews.net.br\/2022\/#organization","name":"Regi\u00e3o News","url":"https:\/\/regiaonews.net.br\/2022\/","logo":{"@type":"ImageObject","inLanguage":"pt-BR","@id":"https:\/\/regiaonews.net.br\/2022\/#\/schema\/logo\/image\/","url":"https:\/\/regiaonews.net.br\/2022\/wp-content\/uploads\/2026\/03\/regiao-13-anos-scaled.jpg","contentUrl":"https:\/\/regiaonews.net.br\/2022\/wp-content\/uploads\/2026\/03\/regiao-13-anos-scaled.jpg","width":2560,"height":635,"caption":"Regi\u00e3o News"},"image":{"@id":"https:\/\/regiaonews.net.br\/2022\/#\/schema\/logo\/image\/"}},{"@type":"Person","@id":"https:\/\/regiaonews.net.br\/2022\/#\/schema\/person\/2d205a608a5aa97ac279d7a5e6d89ad8","name":"Roberto","image":{"@type":"ImageObject","inLanguage":"pt-BR","@id":"https:\/\/secure.gravatar.com\/avatar\/42749d8b712ff9d59ca93dc150494e5b55a44134482993f5baeb97e61b7ecc89?s=96&d=mm&r=g","url":"https:\/\/secure.gravatar.com\/avatar\/42749d8b712ff9d59ca93dc150494e5b55a44134482993f5baeb97e61b7ecc89?s=96&d=mm&r=g","contentUrl":"https:\/\/secure.gravatar.com\/avatar\/42749d8b712ff9d59ca93dc150494e5b55a44134482993f5baeb97e61b7ecc89?s=96&d=mm&r=g","caption":"Roberto"},"url":"https:\/\/regiaonews.net.br\/2022\/author\/roberto\/"}]}},"publishpress_future_action":{"enabled":false,"date":"2026-05-10 12:05:20","action":"change-status","newStatus":"draft","terms":[],"taxonomy":"category","extraData":[]},"publishpress_future_workflow_manual_trigger":{"enabledWorkflows":[]},"_links":{"self":[{"href":"https:\/\/regiaonews.net.br\/2022\/wp-json\/wp\/v2\/posts\/93020","targetHints":{"allow":["GET"]}}],"collection":[{"href":"https:\/\/regiaonews.net.br\/2022\/wp-json\/wp\/v2\/posts"}],"about":[{"href":"https:\/\/regiaonews.net.br\/2022\/wp-json\/wp\/v2\/types\/post"}],"author":[{"embeddable":true,"href":"https:\/\/regiaonews.net.br\/2022\/wp-json\/wp\/v2\/users\/2"}],"replies":[{"embeddable":true,"href":"https:\/\/regiaonews.net.br\/2022\/wp-json\/wp\/v2\/comments?post=93020"}],"version-history":[{"count":1,"href":"https:\/\/regiaonews.net.br\/2022\/wp-json\/wp\/v2\/posts\/93020\/revisions"}],"predecessor-version":[{"id":93022,"href":"https:\/\/regiaonews.net.br\/2022\/wp-json\/wp\/v2\/posts\/93020\/revisions\/93022"}],"wp:featuredmedia":[{"embeddable":true,"href":"https:\/\/regiaonews.net.br\/2022\/wp-json\/wp\/v2\/media\/93021"}],"wp:attachment":[{"href":"https:\/\/regiaonews.net.br\/2022\/wp-json\/wp\/v2\/media?parent=93020"}],"wp:term":[{"taxonomy":"category","embeddable":true,"href":"https:\/\/regiaonews.net.br\/2022\/wp-json\/wp\/v2\/categories?post=93020"},{"taxonomy":"post_tag","embeddable":true,"href":"https:\/\/regiaonews.net.br\/2022\/wp-json\/wp\/v2\/tags?post=93020"}],"curies":[{"name":"wp","href":"https:\/\/api.w.org\/{rel}","templated":true}]}}