{"id":93014,"date":"2023-08-07T18:06:01","date_gmt":"2023-08-07T21:06:01","guid":{"rendered":"https:\/\/regiaonews.net.br\/2022\/?p=93014"},"modified":"2023-08-07T18:06:01","modified_gmt":"2023-08-07T21:06:01","slug":"investimento-em-infraestrutura-e-corpo-docente-estabelece-curso-de-fisioterapia-do-unifeb-entre-os-melhores-da-regiao","status":"publish","type":"post","link":"https:\/\/regiaonews.net.br\/2022\/2023\/08\/07\/investimento-em-infraestrutura-e-corpo-docente-estabelece-curso-de-fisioterapia-do-unifeb-entre-os-melhores-da-regiao\/","title":{"rendered":"Investimento em infraestrutura e corpo docente estabelece curso de Fisioterapia do UNIFEB entre os melhores da regi\u00e3o\u00a0"},"content":{"rendered":"<h3 style=\"text-align: center;\"><b>A gradua\u00e7\u00e3o tem o menor pre\u00e7o do mercado na regi\u00e3o e ainda conta com desconto de 30% na mensalidade para quem for classificado no Vestibular\/2024.<\/b><\/h3>\n<p>A gradua\u00e7\u00e3o em Fisioterapia do UNIFEB (Centro Universit\u00e1rio da Funda\u00e7\u00e3o Educacional de Barretos) foi lan\u00e7ada h\u00e1 um ano e j\u00e1 \u00e9 sucesso em n\u00famero de matr\u00edculas. Com infraestrutura inovadora e corpo docente formado por praticamente 100% de mestres e doutores, a gradua\u00e7\u00e3o oferece uma carreira promissora com possibilidades de atua\u00e7\u00e3o em diversas \u00e1reas.<\/p>\n<p>De acordo com a coordenadora de Fisioterapia do UNIFEB, Prof\u00aa. Dr\u00aa. Renata Camacho Miziara, o curso tem o objetivo de preparar o profissional para tratar e prevenir os dist\u00farbios relacionados ao movimento e fun\u00e7\u00f5es do corpo humano, por meio de exerc\u00edcios e massoterapia. \u201cAl\u00e9m disso, o fisioterapeuta diagnostica e trata problemas causados por altera\u00e7\u00f5es gen\u00e9ticas, doen\u00e7as adquiridas, acidentes ou v\u00edcios de postura. Ajuda tamb\u00e9m na recupera\u00e7\u00e3o de acidentados e portadores de dist\u00farbios neurol\u00f3gicos, card\u00edacos ou respirat\u00f3rios, sejam em idosos, gestantes, crian\u00e7as e pessoas com defici\u00eancia f\u00edsica ou mental. O profissional desta \u00e1rea precisa gostar de cuidar de pessoas e ter sensibilidade, aten\u00e7\u00e3o e paci\u00eancia, j\u00e1 que o trabalho fisioterap\u00eautico pode ser longo e complexo\u201d, explicou.<\/p>\n<p>Segundo Renata, o UNIFEB prop\u00f5e formar profissionais aptos ao trabalho aut\u00f4nomo e ao empreendedorismo em sa\u00fade, de forma cooperativa e \u00e9tica, nos campos da Fisioterapia. \u201cOferecemos aos nossos alunos uma forma\u00e7\u00e3o de excel\u00eancia que s\u00f3 \u00e9 poss\u00edvel juntamente ao nosso corpo docente, que \u00e9 formado por praticamente 100% de mestres e doutores. Al\u00e9m de contar com instala\u00e7\u00f5es f\u00edsicas modernas nas salas de aula, laborat\u00f3rios, biblioteca e mais. Tudo \u00e9 bem equipado e preparado para o ensino alinhado com as demandas atuais do mercado de trabalho\u201d, enfatiza.<\/p>\n<p>A coordenadora ressalta que o mercado de trabalho para cursos na \u00e1rea da sa\u00fade \u00e9 sempre aquecido e o fisioterapeuta pode se desenvolver em diversas \u00e1reas . \u201cOs profissionais com essa forma\u00e7\u00e3o podem trabalhar em hospitais, cl\u00ednicas e consult\u00f3rios; centros de reabilita\u00e7\u00e3o; clubes esportivos e academias; cl\u00ednicas que oferecem atendimento fisioterap\u00eautico domiciliar; ind\u00fastrias de equipamentos e acess\u00f3rios para fisioterapia; cl\u00ednicas de est\u00e9tica; empresas que demandam cuidados ergon\u00f4micos com os funcion\u00e1rios; pesquisa acad\u00eamica e cl\u00ednica; centros aqu\u00e1ticos; orfanatos; creches; casas de longa perman\u00eancia; spas, consultorias; equipes de corridas automobil\u00edsticas; equipes de corridas de rua; e demais empresas de sa\u00fade\u201d, disse Renata.<\/p>\n<p>O curso tem o menor pre\u00e7o do mercado na regi\u00e3o de Barretos com mensalidades no valor de R$ 1.137,00 que podem ter 30% de desconto para quem prestar o Vestibular\/2024 e for classificado. Nesse caso, o valor da mensalidade seria reduzido para R$ 795,90.<\/p>\n<p><b>VESTIBULAR\/2024<\/b><b>\u00a0<\/b><\/p>\n<p>Est\u00e3o abertas as inscri\u00e7\u00f5es para o Vestibular\/2024 do UNIFEB com vagas para os cursos de Administra\u00e7\u00e3o, Agronomia, Arquitetura e Urbanismo, Biomedicina, Ci\u00eancias Cont\u00e1beis, Direito, Educa\u00e7\u00e3o F\u00edsica, Engenharia Civil, Engenharia El\u00e9trica, Engenharia Mec\u00e2nica, Engenharia de Produ\u00e7\u00e3o, Engenharia Qu\u00edmica, Farm\u00e1cia, Fisioterapia, Medicina Veterin\u00e1ria, Odontologia, Pedagogia e Sistemas de Informa\u00e7\u00e3o. Todas as vagas s\u00e3o para o per\u00edodo noturno.<\/p>\n<p>Os interessados podem se inscrever pelo site\u00a0<a id=\"m_1443379329712901611OWAff1712c0-0cb9-a597-9839-ca30a6b67ccf\" href=\"http:\/\/www.vestibular.unifeb.edu.br\/\" target=\"_blank\" rel=\"noopener\" data-saferedirecturl=\"https:\/\/www.google.com\/url?q=http:\/\/www.vestibular.unifeb.edu.br\/&amp;source=gmail&amp;ust=1691528652462000&amp;usg=AOvVaw2IjRDZhSGy_7unyAvnAwvD\">www.vestibular.unifeb.edu.br<\/a>, lembrando que a taxa para participa\u00e7\u00e3o da prova \u00e9 isenta. Outra op\u00e7\u00e3o para ingresso \u00e9 via ENEM (Exame Nacional do Ensino M\u00e9dio), onde o candidato pode utilizar sua pontua\u00e7\u00e3o obtida na avalia\u00e7\u00e3o.<\/p>\n<p>A prova presencial acontece no dia 24 de setembro, \u00e0s 14h, no campus do Centro Universit\u00e1rio.<\/p>\n","protected":false},"excerpt":{"rendered":"<p>A gradua\u00e7\u00e3o tem o menor pre\u00e7o do mercado na regi\u00e3o<\/p>\n","protected":false},"author":2,"featured_media":93015,"comment_status":"open","ping_status":"open","sticky":false,"template":"","format":"standard","meta":{"footnotes":""},"categories":[14,3],"tags":[],"class_list":["post-93014","post","type-post","status-publish","format-standard","has-post-thumbnail","hentry","category-barretos","category-geral"],"yoast_head":"<!-- This site is optimized with the Yoast SEO plugin v27.5 - https:\/\/yoast.com\/product\/yoast-seo-wordpress\/ -->\n<title>Investimento em infraestrutura e corpo docente estabelece curso de Fisioterapia do UNIFEB entre os melhores da regi\u00e3o\u00a0 - Regi\u00e3o News<\/title>\n<meta name=\"robots\" content=\"index, follow, max-snippet:-1, max-image-preview:large, max-video-preview:-1\" \/>\n<link rel=\"canonical\" href=\"https:\/\/regiaonews.net.br\/2022\/2023\/08\/07\/investimento-em-infraestrutura-e-corpo-docente-estabelece-curso-de-fisioterapia-do-unifeb-entre-os-melhores-da-regiao\/\" \/>\n<meta property=\"og:locale\" content=\"pt_BR\" \/>\n<meta property=\"og:type\" content=\"article\" \/>\n<meta property=\"og:title\" content=\"Investimento em infraestrutura e corpo docente estabelece curso de Fisioterapia do UNIFEB entre os melhores da regi\u00e3o\u00a0 - Regi\u00e3o News\" \/>\n<meta property=\"og:description\" content=\"A gradua\u00e7\u00e3o tem o menor pre\u00e7o do mercado na regi\u00e3o\" \/>\n<meta property=\"og:url\" content=\"https:\/\/regiaonews.net.br\/2022\/2023\/08\/07\/investimento-em-infraestrutura-e-corpo-docente-estabelece-curso-de-fisioterapia-do-unifeb-entre-os-melhores-da-regiao\/\" \/>\n<meta property=\"og:site_name\" content=\"Regi\u00e3o News\" \/>\n<meta property=\"article:published_time\" content=\"2023-08-07T21:06:01+00:00\" \/>\n<meta property=\"og:image\" content=\"https:\/\/regiaonews.net.br\/2022\/wp-content\/uploads\/2023\/08\/Fisioterapia_UNIFEB-scaled.jpg\" \/>\n\t<meta property=\"og:image:width\" content=\"2560\" \/>\n\t<meta property=\"og:image:height\" content=\"1755\" \/>\n\t<meta property=\"og:image:type\" content=\"image\/jpeg\" \/>\n<meta name=\"author\" content=\"Roberto\" \/>\n<meta name=\"twitter:card\" content=\"summary_large_image\" \/>\n<meta name=\"twitter:label1\" content=\"Escrito por\" \/>\n\t<meta name=\"twitter:data1\" content=\"Roberto\" \/>\n\t<meta name=\"twitter:label2\" content=\"Est. tempo de leitura\" \/>\n\t<meta name=\"twitter:data2\" content=\"3 minutos\" \/>\n<script type=\"application\/ld+json\" class=\"yoast-schema-graph\">{\"@context\":\"https:\\\/\\\/schema.org\",\"@graph\":[{\"@type\":\"Article\",\"@id\":\"https:\\\/\\\/regiaonews.net.br\\\/2022\\\/2023\\\/08\\\/07\\\/investimento-em-infraestrutura-e-corpo-docente-estabelece-curso-de-fisioterapia-do-unifeb-entre-os-melhores-da-regiao\\\/#article\",\"isPartOf\":{\"@id\":\"https:\\\/\\\/regiaonews.net.br\\\/2022\\\/2023\\\/08\\\/07\\\/investimento-em-infraestrutura-e-corpo-docente-estabelece-curso-de-fisioterapia-do-unifeb-entre-os-melhores-da-regiao\\\/\"},\"author\":{\"name\":\"Roberto\",\"@id\":\"https:\\\/\\\/regiaonews.net.br\\\/2022\\\/#\\\/schema\\\/person\\\/2d205a608a5aa97ac279d7a5e6d89ad8\"},\"headline\":\"Investimento em infraestrutura e corpo docente estabelece curso de Fisioterapia do UNIFEB entre os melhores da regi\u00e3o\u00a0\",\"datePublished\":\"2023-08-07T21:06:01+00:00\",\"mainEntityOfPage\":{\"@id\":\"https:\\\/\\\/regiaonews.net.br\\\/2022\\\/2023\\\/08\\\/07\\\/investimento-em-infraestrutura-e-corpo-docente-estabelece-curso-de-fisioterapia-do-unifeb-entre-os-melhores-da-regiao\\\/\"},\"wordCount\":626,\"commentCount\":0,\"publisher\":{\"@id\":\"https:\\\/\\\/regiaonews.net.br\\\/2022\\\/#organization\"},\"image\":{\"@id\":\"https:\\\/\\\/regiaonews.net.br\\\/2022\\\/2023\\\/08\\\/07\\\/investimento-em-infraestrutura-e-corpo-docente-estabelece-curso-de-fisioterapia-do-unifeb-entre-os-melhores-da-regiao\\\/#primaryimage\"},\"thumbnailUrl\":\"https:\\\/\\\/regiaonews.net.br\\\/2022\\\/wp-content\\\/uploads\\\/2023\\\/08\\\/Fisioterapia_UNIFEB-scaled.jpg\",\"articleSection\":[\"Barretos\",\"Geral\"],\"inLanguage\":\"pt-BR\",\"potentialAction\":[{\"@type\":\"CommentAction\",\"name\":\"Comment\",\"target\":[\"https:\\\/\\\/regiaonews.net.br\\\/2022\\\/2023\\\/08\\\/07\\\/investimento-em-infraestrutura-e-corpo-docente-estabelece-curso-de-fisioterapia-do-unifeb-entre-os-melhores-da-regiao\\\/#respond\"]}]},{\"@type\":\"WebPage\",\"@id\":\"https:\\\/\\\/regiaonews.net.br\\\/2022\\\/2023\\\/08\\\/07\\\/investimento-em-infraestrutura-e-corpo-docente-estabelece-curso-de-fisioterapia-do-unifeb-entre-os-melhores-da-regiao\\\/\",\"url\":\"https:\\\/\\\/regiaonews.net.br\\\/2022\\\/2023\\\/08\\\/07\\\/investimento-em-infraestrutura-e-corpo-docente-estabelece-curso-de-fisioterapia-do-unifeb-entre-os-melhores-da-regiao\\\/\",\"name\":\"Investimento em infraestrutura e corpo docente estabelece curso de Fisioterapia do UNIFEB entre os melhores da regi\u00e3o\u00a0 - Regi\u00e3o News\",\"isPartOf\":{\"@id\":\"https:\\\/\\\/regiaonews.net.br\\\/2022\\\/#website\"},\"primaryImageOfPage\":{\"@id\":\"https:\\\/\\\/regiaonews.net.br\\\/2022\\\/2023\\\/08\\\/07\\\/investimento-em-infraestrutura-e-corpo-docente-estabelece-curso-de-fisioterapia-do-unifeb-entre-os-melhores-da-regiao\\\/#primaryimage\"},\"image\":{\"@id\":\"https:\\\/\\\/regiaonews.net.br\\\/2022\\\/2023\\\/08\\\/07\\\/investimento-em-infraestrutura-e-corpo-docente-estabelece-curso-de-fisioterapia-do-unifeb-entre-os-melhores-da-regiao\\\/#primaryimage\"},\"thumbnailUrl\":\"https:\\\/\\\/regiaonews.net.br\\\/2022\\\/wp-content\\\/uploads\\\/2023\\\/08\\\/Fisioterapia_UNIFEB-scaled.jpg\",\"datePublished\":\"2023-08-07T21:06:01+00:00\",\"breadcrumb\":{\"@id\":\"https:\\\/\\\/regiaonews.net.br\\\/2022\\\/2023\\\/08\\\/07\\\/investimento-em-infraestrutura-e-corpo-docente-estabelece-curso-de-fisioterapia-do-unifeb-entre-os-melhores-da-regiao\\\/#breadcrumb\"},\"inLanguage\":\"pt-BR\",\"potentialAction\":[{\"@type\":\"ReadAction\",\"target\":[\"https:\\\/\\\/regiaonews.net.br\\\/2022\\\/2023\\\/08\\\/07\\\/investimento-em-infraestrutura-e-corpo-docente-estabelece-curso-de-fisioterapia-do-unifeb-entre-os-melhores-da-regiao\\\/\"]}]},{\"@type\":\"ImageObject\",\"inLanguage\":\"pt-BR\",\"@id\":\"https:\\\/\\\/regiaonews.net.br\\\/2022\\\/2023\\\/08\\\/07\\\/investimento-em-infraestrutura-e-corpo-docente-estabelece-curso-de-fisioterapia-do-unifeb-entre-os-melhores-da-regiao\\\/#primaryimage\",\"url\":\"https:\\\/\\\/regiaonews.net.br\\\/2022\\\/wp-content\\\/uploads\\\/2023\\\/08\\\/Fisioterapia_UNIFEB-scaled.jpg\",\"contentUrl\":\"https:\\\/\\\/regiaonews.net.br\\\/2022\\\/wp-content\\\/uploads\\\/2023\\\/08\\\/Fisioterapia_UNIFEB-scaled.jpg\",\"width\":2560,\"height\":1755},{\"@type\":\"BreadcrumbList\",\"@id\":\"https:\\\/\\\/regiaonews.net.br\\\/2022\\\/2023\\\/08\\\/07\\\/investimento-em-infraestrutura-e-corpo-docente-estabelece-curso-de-fisioterapia-do-unifeb-entre-os-melhores-da-regiao\\\/#breadcrumb\",\"itemListElement\":[{\"@type\":\"ListItem\",\"position\":1,\"name\":\"In\u00edcio\",\"item\":\"https:\\\/\\\/regiaonews.net.br\\\/2022\\\/\"},{\"@type\":\"ListItem\",\"position\":2,\"name\":\"Investimento em infraestrutura e corpo docente estabelece curso de Fisioterapia do UNIFEB entre os melhores da regi\u00e3o\u00a0\"}]},{\"@type\":\"WebSite\",\"@id\":\"https:\\\/\\\/regiaonews.net.br\\\/2022\\\/#website\",\"url\":\"https:\\\/\\\/regiaonews.net.br\\\/2022\\\/\",\"name\":\"Regi\u00e3o News\",\"description\":\"Site de Not\u00edcias de Barretos e regi\u00e3o\",\"publisher\":{\"@id\":\"https:\\\/\\\/regiaonews.net.br\\\/2022\\\/#organization\"},\"potentialAction\":[{\"@type\":\"SearchAction\",\"target\":{\"@type\":\"EntryPoint\",\"urlTemplate\":\"https:\\\/\\\/regiaonews.net.br\\\/2022\\\/?s={search_term_string}\"},\"query-input\":{\"@type\":\"PropertyValueSpecification\",\"valueRequired\":true,\"valueName\":\"search_term_string\"}}],\"inLanguage\":\"pt-BR\"},{\"@type\":\"Organization\",\"@id\":\"https:\\\/\\\/regiaonews.net.br\\\/2022\\\/#organization\",\"name\":\"Regi\u00e3o News\",\"url\":\"https:\\\/\\\/regiaonews.net.br\\\/2022\\\/\",\"logo\":{\"@type\":\"ImageObject\",\"inLanguage\":\"pt-BR\",\"@id\":\"https:\\\/\\\/regiaonews.net.br\\\/2022\\\/#\\\/schema\\\/logo\\\/image\\\/\",\"url\":\"https:\\\/\\\/regiaonews.net.br\\\/2022\\\/wp-content\\\/uploads\\\/2026\\\/03\\\/regiao-13-anos-scaled.jpg\",\"contentUrl\":\"https:\\\/\\\/regiaonews.net.br\\\/2022\\\/wp-content\\\/uploads\\\/2026\\\/03\\\/regiao-13-anos-scaled.jpg\",\"width\":2560,\"height\":635,\"caption\":\"Regi\u00e3o News\"},\"image\":{\"@id\":\"https:\\\/\\\/regiaonews.net.br\\\/2022\\\/#\\\/schema\\\/logo\\\/image\\\/\"}},{\"@type\":\"Person\",\"@id\":\"https:\\\/\\\/regiaonews.net.br\\\/2022\\\/#\\\/schema\\\/person\\\/2d205a608a5aa97ac279d7a5e6d89ad8\",\"name\":\"Roberto\",\"image\":{\"@type\":\"ImageObject\",\"inLanguage\":\"pt-BR\",\"@id\":\"https:\\\/\\\/secure.gravatar.com\\\/avatar\\\/42749d8b712ff9d59ca93dc150494e5b55a44134482993f5baeb97e61b7ecc89?s=96&d=mm&r=g\",\"url\":\"https:\\\/\\\/secure.gravatar.com\\\/avatar\\\/42749d8b712ff9d59ca93dc150494e5b55a44134482993f5baeb97e61b7ecc89?s=96&d=mm&r=g\",\"contentUrl\":\"https:\\\/\\\/secure.gravatar.com\\\/avatar\\\/42749d8b712ff9d59ca93dc150494e5b55a44134482993f5baeb97e61b7ecc89?s=96&d=mm&r=g\",\"caption\":\"Roberto\"},\"url\":\"https:\\\/\\\/regiaonews.net.br\\\/2022\\\/author\\\/roberto\\\/\"}]}<\/script>\n<!-- \/ Yoast SEO plugin. -->","yoast_head_json":{"title":"Investimento em infraestrutura e corpo docente estabelece curso de Fisioterapia do UNIFEB entre os melhores da regi\u00e3o\u00a0 - Regi\u00e3o News","robots":{"index":"index","follow":"follow","max-snippet":"max-snippet:-1","max-image-preview":"max-image-preview:large","max-video-preview":"max-video-preview:-1"},"canonical":"https:\/\/regiaonews.net.br\/2022\/2023\/08\/07\/investimento-em-infraestrutura-e-corpo-docente-estabelece-curso-de-fisioterapia-do-unifeb-entre-os-melhores-da-regiao\/","og_locale":"pt_BR","og_type":"article","og_title":"Investimento em infraestrutura e corpo docente estabelece curso de Fisioterapia do UNIFEB entre os melhores da regi\u00e3o\u00a0 - Regi\u00e3o News","og_description":"A gradua\u00e7\u00e3o tem o menor pre\u00e7o do mercado na regi\u00e3o","og_url":"https:\/\/regiaonews.net.br\/2022\/2023\/08\/07\/investimento-em-infraestrutura-e-corpo-docente-estabelece-curso-de-fisioterapia-do-unifeb-entre-os-melhores-da-regiao\/","og_site_name":"Regi\u00e3o News","article_published_time":"2023-08-07T21:06:01+00:00","og_image":[{"width":2560,"height":1755,"url":"https:\/\/regiaonews.net.br\/2022\/wp-content\/uploads\/2023\/08\/Fisioterapia_UNIFEB-scaled.jpg","type":"image\/jpeg"}],"author":"Roberto","twitter_card":"summary_large_image","twitter_misc":{"Escrito por":"Roberto","Est. tempo de leitura":"3 minutos"},"schema":{"@context":"https:\/\/schema.org","@graph":[{"@type":"Article","@id":"https:\/\/regiaonews.net.br\/2022\/2023\/08\/07\/investimento-em-infraestrutura-e-corpo-docente-estabelece-curso-de-fisioterapia-do-unifeb-entre-os-melhores-da-regiao\/#article","isPartOf":{"@id":"https:\/\/regiaonews.net.br\/2022\/2023\/08\/07\/investimento-em-infraestrutura-e-corpo-docente-estabelece-curso-de-fisioterapia-do-unifeb-entre-os-melhores-da-regiao\/"},"author":{"name":"Roberto","@id":"https:\/\/regiaonews.net.br\/2022\/#\/schema\/person\/2d205a608a5aa97ac279d7a5e6d89ad8"},"headline":"Investimento em infraestrutura e corpo docente estabelece curso de Fisioterapia do UNIFEB entre os melhores da regi\u00e3o\u00a0","datePublished":"2023-08-07T21:06:01+00:00","mainEntityOfPage":{"@id":"https:\/\/regiaonews.net.br\/2022\/2023\/08\/07\/investimento-em-infraestrutura-e-corpo-docente-estabelece-curso-de-fisioterapia-do-unifeb-entre-os-melhores-da-regiao\/"},"wordCount":626,"commentCount":0,"publisher":{"@id":"https:\/\/regiaonews.net.br\/2022\/#organization"},"image":{"@id":"https:\/\/regiaonews.net.br\/2022\/2023\/08\/07\/investimento-em-infraestrutura-e-corpo-docente-estabelece-curso-de-fisioterapia-do-unifeb-entre-os-melhores-da-regiao\/#primaryimage"},"thumbnailUrl":"https:\/\/regiaonews.net.br\/2022\/wp-content\/uploads\/2023\/08\/Fisioterapia_UNIFEB-scaled.jpg","articleSection":["Barretos","Geral"],"inLanguage":"pt-BR","potentialAction":[{"@type":"CommentAction","name":"Comment","target":["https:\/\/regiaonews.net.br\/2022\/2023\/08\/07\/investimento-em-infraestrutura-e-corpo-docente-estabelece-curso-de-fisioterapia-do-unifeb-entre-os-melhores-da-regiao\/#respond"]}]},{"@type":"WebPage","@id":"https:\/\/regiaonews.net.br\/2022\/2023\/08\/07\/investimento-em-infraestrutura-e-corpo-docente-estabelece-curso-de-fisioterapia-do-unifeb-entre-os-melhores-da-regiao\/","url":"https:\/\/regiaonews.net.br\/2022\/2023\/08\/07\/investimento-em-infraestrutura-e-corpo-docente-estabelece-curso-de-fisioterapia-do-unifeb-entre-os-melhores-da-regiao\/","name":"Investimento em infraestrutura e corpo docente estabelece curso de Fisioterapia do UNIFEB entre os melhores da regi\u00e3o\u00a0 - Regi\u00e3o News","isPartOf":{"@id":"https:\/\/regiaonews.net.br\/2022\/#website"},"primaryImageOfPage":{"@id":"https:\/\/regiaonews.net.br\/2022\/2023\/08\/07\/investimento-em-infraestrutura-e-corpo-docente-estabelece-curso-de-fisioterapia-do-unifeb-entre-os-melhores-da-regiao\/#primaryimage"},"image":{"@id":"https:\/\/regiaonews.net.br\/2022\/2023\/08\/07\/investimento-em-infraestrutura-e-corpo-docente-estabelece-curso-de-fisioterapia-do-unifeb-entre-os-melhores-da-regiao\/#primaryimage"},"thumbnailUrl":"https:\/\/regiaonews.net.br\/2022\/wp-content\/uploads\/2023\/08\/Fisioterapia_UNIFEB-scaled.jpg","datePublished":"2023-08-07T21:06:01+00:00","breadcrumb":{"@id":"https:\/\/regiaonews.net.br\/2022\/2023\/08\/07\/investimento-em-infraestrutura-e-corpo-docente-estabelece-curso-de-fisioterapia-do-unifeb-entre-os-melhores-da-regiao\/#breadcrumb"},"inLanguage":"pt-BR","potentialAction":[{"@type":"ReadAction","target":["https:\/\/regiaonews.net.br\/2022\/2023\/08\/07\/investimento-em-infraestrutura-e-corpo-docente-estabelece-curso-de-fisioterapia-do-unifeb-entre-os-melhores-da-regiao\/"]}]},{"@type":"ImageObject","inLanguage":"pt-BR","@id":"https:\/\/regiaonews.net.br\/2022\/2023\/08\/07\/investimento-em-infraestrutura-e-corpo-docente-estabelece-curso-de-fisioterapia-do-unifeb-entre-os-melhores-da-regiao\/#primaryimage","url":"https:\/\/regiaonews.net.br\/2022\/wp-content\/uploads\/2023\/08\/Fisioterapia_UNIFEB-scaled.jpg","contentUrl":"https:\/\/regiaonews.net.br\/2022\/wp-content\/uploads\/2023\/08\/Fisioterapia_UNIFEB-scaled.jpg","width":2560,"height":1755},{"@type":"BreadcrumbList","@id":"https:\/\/regiaonews.net.br\/2022\/2023\/08\/07\/investimento-em-infraestrutura-e-corpo-docente-estabelece-curso-de-fisioterapia-do-unifeb-entre-os-melhores-da-regiao\/#breadcrumb","itemListElement":[{"@type":"ListItem","position":1,"name":"In\u00edcio","item":"https:\/\/regiaonews.net.br\/2022\/"},{"@type":"ListItem","position":2,"name":"Investimento em infraestrutura e corpo docente estabelece curso de Fisioterapia do UNIFEB entre os melhores da regi\u00e3o\u00a0"}]},{"@type":"WebSite","@id":"https:\/\/regiaonews.net.br\/2022\/#website","url":"https:\/\/regiaonews.net.br\/2022\/","name":"Regi\u00e3o News","description":"Site de Not\u00edcias de Barretos e regi\u00e3o","publisher":{"@id":"https:\/\/regiaonews.net.br\/2022\/#organization"},"potentialAction":[{"@type":"SearchAction","target":{"@type":"EntryPoint","urlTemplate":"https:\/\/regiaonews.net.br\/2022\/?s={search_term_string}"},"query-input":{"@type":"PropertyValueSpecification","valueRequired":true,"valueName":"search_term_string"}}],"inLanguage":"pt-BR"},{"@type":"Organization","@id":"https:\/\/regiaonews.net.br\/2022\/#organization","name":"Regi\u00e3o News","url":"https:\/\/regiaonews.net.br\/2022\/","logo":{"@type":"ImageObject","inLanguage":"pt-BR","@id":"https:\/\/regiaonews.net.br\/2022\/#\/schema\/logo\/image\/","url":"https:\/\/regiaonews.net.br\/2022\/wp-content\/uploads\/2026\/03\/regiao-13-anos-scaled.jpg","contentUrl":"https:\/\/regiaonews.net.br\/2022\/wp-content\/uploads\/2026\/03\/regiao-13-anos-scaled.jpg","width":2560,"height":635,"caption":"Regi\u00e3o News"},"image":{"@id":"https:\/\/regiaonews.net.br\/2022\/#\/schema\/logo\/image\/"}},{"@type":"Person","@id":"https:\/\/regiaonews.net.br\/2022\/#\/schema\/person\/2d205a608a5aa97ac279d7a5e6d89ad8","name":"Roberto","image":{"@type":"ImageObject","inLanguage":"pt-BR","@id":"https:\/\/secure.gravatar.com\/avatar\/42749d8b712ff9d59ca93dc150494e5b55a44134482993f5baeb97e61b7ecc89?s=96&d=mm&r=g","url":"https:\/\/secure.gravatar.com\/avatar\/42749d8b712ff9d59ca93dc150494e5b55a44134482993f5baeb97e61b7ecc89?s=96&d=mm&r=g","contentUrl":"https:\/\/secure.gravatar.com\/avatar\/42749d8b712ff9d59ca93dc150494e5b55a44134482993f5baeb97e61b7ecc89?s=96&d=mm&r=g","caption":"Roberto"},"url":"https:\/\/regiaonews.net.br\/2022\/author\/roberto\/"}]}},"publishpress_future_action":{"enabled":false,"date":"2026-05-10 14:26:29","action":"change-status","newStatus":"draft","terms":[],"taxonomy":"category","extraData":[]},"publishpress_future_workflow_manual_trigger":{"enabledWorkflows":[]},"_links":{"self":[{"href":"https:\/\/regiaonews.net.br\/2022\/wp-json\/wp\/v2\/posts\/93014","targetHints":{"allow":["GET"]}}],"collection":[{"href":"https:\/\/regiaonews.net.br\/2022\/wp-json\/wp\/v2\/posts"}],"about":[{"href":"https:\/\/regiaonews.net.br\/2022\/wp-json\/wp\/v2\/types\/post"}],"author":[{"embeddable":true,"href":"https:\/\/regiaonews.net.br\/2022\/wp-json\/wp\/v2\/users\/2"}],"replies":[{"embeddable":true,"href":"https:\/\/regiaonews.net.br\/2022\/wp-json\/wp\/v2\/comments?post=93014"}],"version-history":[{"count":1,"href":"https:\/\/regiaonews.net.br\/2022\/wp-json\/wp\/v2\/posts\/93014\/revisions"}],"predecessor-version":[{"id":93016,"href":"https:\/\/regiaonews.net.br\/2022\/wp-json\/wp\/v2\/posts\/93014\/revisions\/93016"}],"wp:featuredmedia":[{"embeddable":true,"href":"https:\/\/regiaonews.net.br\/2022\/wp-json\/wp\/v2\/media\/93015"}],"wp:attachment":[{"href":"https:\/\/regiaonews.net.br\/2022\/wp-json\/wp\/v2\/media?parent=93014"}],"wp:term":[{"taxonomy":"category","embeddable":true,"href":"https:\/\/regiaonews.net.br\/2022\/wp-json\/wp\/v2\/categories?post=93014"},{"taxonomy":"post_tag","embeddable":true,"href":"https:\/\/regiaonews.net.br\/2022\/wp-json\/wp\/v2\/tags?post=93014"}],"curies":[{"name":"wp","href":"https:\/\/api.w.org\/{rel}","templated":true}]}}