{"id":92993,"date":"2023-08-07T10:39:46","date_gmt":"2023-08-07T13:39:46","guid":{"rendered":"https:\/\/regiaonews.net.br\/2022\/?p=92993"},"modified":"2023-08-07T10:39:46","modified_gmt":"2023-08-07T13:39:46","slug":"vice-presidente-da-republica-ministro-da-agricultura-e-pecuaria-e-governador-de-sao-paulo-participam-do-congresso-brasileiro-do-agronegocio","status":"publish","type":"post","link":"https:\/\/regiaonews.net.br\/2022\/2023\/08\/07\/vice-presidente-da-republica-ministro-da-agricultura-e-pecuaria-e-governador-de-sao-paulo-participam-do-congresso-brasileiro-do-agronegocio\/","title":{"rendered":"Vice-presidente da Rep\u00fablica, ministro da Agricultura e Pecu\u00e1ria e governador de S\u00e3o Paulo participam do Congresso Brasileiro do Agroneg\u00f3cio"},"content":{"rendered":"<h3 style=\"text-align: center;\">Evento acontece na pr\u00f3xima segunda-feira (7\/8), com presen\u00e7a de outras lideran\u00e7as pol\u00edticas, como a ex-Ministra Tereza Cristina e o deputado federal Pedro Lupion.<\/h3>\n<div>\n<p>Nesta segunda-feira, 7 de agosto, a partir das 9h, o agroneg\u00f3cio brasileiro estar\u00e1 reunido para avaliar como a inova\u00e7\u00e3o e a governan\u00e7a s\u00e3o fundamentais para a competitividade do setor e para consolidar o protagonismo do pa\u00eds na produ\u00e7\u00e3o sustent\u00e1vel de alimentos, fibras e bioenergia. O\u00a0<strong>22\u00ba Congresso Brasileiro do Agroneg\u00f3cio<\/strong>, uma realiza\u00e7\u00e3o da\u00a0<strong>Associa\u00e7\u00e3o Brasileira do Agroneg\u00f3cio &#8211; ABAG,\u00a0<\/strong>em parceria com a\u00a0<strong>B3 &#8211; a bolsa do Brasil<\/strong>, contar\u00e1 com as presen\u00e7as do vice-presidente da Rep\u00fablica,\u00a0<strong>Geraldo Alckmin\u00a0<u>(a partir das 8h \u2013 Sala de Imprensa)<\/u><\/strong>, do governador de S\u00e3o Paulo,\u00a0<strong>Tarc\u00edsio Gomes de Freitas<\/strong>, e do ministro da Agricultura e Pecu\u00e1ria,\u00a0<strong>Carlos F\u00e1varo<\/strong>.<\/p>\n<p>O evento, em formato h\u00edbrido, ter\u00e1 as an\u00e1lises de renomados especialistas em diversas \u00e1reas, por meio de quatro pain\u00e9is, que abordam o tema central\u00a0<em>Brasil Agro: Inova\u00e7\u00e3o e Governan\u00e7a<\/em>, e deve receber 700 participantes no Sheraton WTC Hotel, em S\u00e3o Paulo (SP), e reunir, na transmiss\u00e3o online, mais de 6 mil profissionais do Brasil e do exterior. Para acompanhar o Congresso, em tempo real, por meio da Internet, \u00e9 s\u00f3 se inscrever gratuitamente no\u00a0<a href=\"https:\/\/congressoabag.com.br\/\" target=\"_blank\" rel=\"noopener\" data-saferedirecturl=\"https:\/\/www.google.com\/url?q=https:\/\/congressoabag.com.br\/&amp;source=gmail&amp;ust=1691501755317000&amp;usg=AOvVaw1fVAmwhnNjDYASI2RprpVt\">site oficial<\/a>.<\/p>\n<p>A solenidade de abertura do evento, que ser\u00e1 conduzida por\u00a0<strong>Luiz Carlos Corr\u00eaa Carvalho\u00a0<\/strong>(presidente da ABAG) e por\u00a0<strong>Gilson Finkelsztain\u00a0<\/strong>(CEO da B3), ter\u00e1 a participa\u00e7\u00e3o da senadora\u00a0<strong>Tereza Cristina<\/strong>, do deputado federal\u00a0<strong>Pedro Lupion\u00a0<\/strong>(presidente da Frente Parlamentar da Agropecu\u00e1ria \u2013 FPA), de\u00a0<strong>Jorge Viana<\/strong>\u00a0(presidente da ApexBrasil, e de\u00a0<strong>Jo\u00e3o Martins<\/strong>\u00a0(presidente da Confedera\u00e7\u00e3o da Agricultura e Pecu\u00e1ria do Brasil \u2013 CNA)<\/p>\n<p>Ap\u00f3s a cerim\u00f4nia, a\u00a0<strong>Nelson Ferreira<\/strong>, s\u00f3cio s\u00eanior e l\u00edder global de Agricultura da Mckinsey &amp; Company, revelar\u00e1 informa\u00e7\u00f5es sobre os resultados da pesquisa: Inova\u00e7\u00e3o no Agroneg\u00f3cio.<\/p>\n<p><strong>Silvia Massruh\u00e1<\/strong>, presidente da Embrapa, ser\u00e1 a moderadora do primeiro painel \u2013\u00a0<em>Cadeias Produtivas e Inova\u00e7\u00e3o \u2013<\/em>, que avaliar\u00e1 a import\u00e2ncia, para a competitividade do setor, das novas tecnologias e de processos disruptivos em diferentes cadeias produtivas. Os debatedores ser\u00e3o\u00a0<strong>Davide Ceper\u00a0<\/strong>(CEO da Varda),\u00a0<strong>Luiz Louren\u00e7o\u00a0<\/strong>(presidente do Conselho de Administra\u00e7\u00e3o da Cocamar),\u00a0<strong>Malu Nachreiner\u00a0<\/strong>(CEO da Bayer Brasil) e\u00a0<strong>Ricardo Scheffer de Figueiredo\u00a0<\/strong>(CEO do Grupo Sonda Brasil).<\/p>\n<p>Na sequ\u00eancia,\u00a0<strong>Alexandre Bernardes<\/strong>\u00a0(vice-presidente da Associa\u00e7\u00e3o Nacional de Fabricantes de Ve\u00edculos Automotores \u2013 ANFAVEA),\u00a0<strong>Juca Andrade<\/strong>\u00a0(vice-presidente de Produtos e Clientes da B3) e\u00a0<strong>Pablo Ricoldy\u00a0<\/strong>(diretor da BrasilSeg) participar\u00e3o do painel\u00a0<em>Inova\u00e7\u00e3o e Mercados<\/em>, moderado por\u00a0<strong>Ingo Pl\u00f6ger<\/strong>\u00a0(vice-presidente da ABAG), que abordar\u00e1 a inova\u00e7\u00e3o em mercados estrat\u00e9gicos para o agro nacional: m\u00e1quinas, equipamentos e implementos agr\u00edcolas; biocombust\u00edveis; seguro rural; investimentos; cr\u00e9dito e financiamentos.<\/p>\n<p>A programa\u00e7\u00e3o da tarde do\u00a0<strong>22\u00ba Congresso Brasileiro do Agroneg\u00f3cio<\/strong>\u00a0ter\u00e1 in\u00edcio com homenagens. O Pr\u00eamio Ney Bittencourt de Ara\u00fajo \u2013 Personalidade do Agroneg\u00f3cio 2023 ser\u00e1 entregue ao jornalista\u00a0<strong>Jos\u00e9 Luiz Tejon Megido<\/strong>, e o Pr\u00eamio Norman Borlaug \u2013 Sustentabilidade 2023, ao pesquisador da Embrapa\u00a0<strong>Miguel Ivan Lacerda Moreira<\/strong>. As homenagens ser\u00e3o apresentadas por\u00a0<strong>Roberto Rodrigues\u00a0<\/strong>(ex-ministro da Agricultura e presidente da Academia Brasileira de Ci\u00eancias Agron\u00f4micas \u2013 ABCA), e por\u00a0<strong>Evandro Gussi<\/strong>\u00a0(presidente da Uni\u00e3o da Ind\u00fastria de Cana-de-A\u00e7\u00facar \u2013 UNICA).<\/p>\n<p>O painel\u00a0<em>Governan\u00e7a e Perspectivas\u00a0<\/em>contar\u00e1 com participa\u00e7\u00f5es de\u00a0<strong>Grazielle Parenti (<\/strong><em>head<\/em>\u00a0de Business &amp; Sustainability no Brasil e LATAM da Syngenta),\u00a0<strong>Paulo Sousa (<\/strong>presidente da Cargill) e\u00a0<strong>Ricardo Nishimura (<\/strong>presidente do Conselho de Administra\u00e7\u00e3o da Jacto), que analisar\u00e3o a evolu\u00e7\u00e3o da governan\u00e7a e seus efeitos para o desenvolvimento do agro e do pa\u00eds. A modera\u00e7\u00e3o ser\u00e1 do jornalista\u00a0<strong>William Waack.<\/strong><\/p>\n<p>Moderado tamb\u00e9m por Waack, o painel\u00a0<em>Geopol\u00edtica e Governan\u00e7a<\/em>\u00a0reunir\u00e1\u00a0<strong>Francisco Turra (<\/strong>ex-ministro da Agricultura e presidente do Conselho Consultivo da Associa\u00e7\u00e3o Brasileira de Prote\u00edna Animal \u2013 ABPA),\u00a0<strong>Paulo Hartung (<\/strong>presidente-executivo da Ind\u00fastria Brasileira de \u00c1rvores \u2013 IBA) e o embaixador\u00a0<strong>Roberto Azevedo (<\/strong>ex-diretor-geral da Organiza\u00e7\u00e3o Mundial do Com\u00e9rcio \u2013 OMC), para apresentar um panorama da geopol\u00edtica e seus efeitos para o agro brasileiro, e analisar como as recentes legisla\u00e7\u00f5es aprovadas, especialmente o\u00a0<em>Green Deal<\/em>\u00a0(Pacto Verde Europeu), podem impactar o setor.<\/p>\n<\/div>\n","protected":false},"excerpt":{"rendered":"<p>Evento acontece na pr\u00f3xima segunda-feira (7\/8), com presen\u00e7a de outras<\/p>\n","protected":false},"author":2,"featured_media":92994,"comment_status":"open","ping_status":"open","sticky":false,"template":"","format":"standard","meta":{"footnotes":""},"categories":[14,3],"tags":[],"class_list":["post-92993","post","type-post","status-publish","format-standard","has-post-thumbnail","hentry","category-barretos","category-geral"],"yoast_head":"<!-- This site is optimized with the Yoast SEO plugin v27.4 - https:\/\/yoast.com\/product\/yoast-seo-wordpress\/ -->\n<title>Vice-presidente da Rep\u00fablica, ministro da Agricultura e Pecu\u00e1ria e governador de S\u00e3o Paulo participam do Congresso Brasileiro do Agroneg\u00f3cio - Regi\u00e3o News<\/title>\n<meta name=\"robots\" content=\"index, follow, max-snippet:-1, max-image-preview:large, max-video-preview:-1\" \/>\n<link rel=\"canonical\" href=\"https:\/\/regiaonews.net.br\/2022\/2023\/08\/07\/vice-presidente-da-republica-ministro-da-agricultura-e-pecuaria-e-governador-de-sao-paulo-participam-do-congresso-brasileiro-do-agronegocio\/\" \/>\n<meta property=\"og:locale\" content=\"pt_BR\" \/>\n<meta property=\"og:type\" content=\"article\" \/>\n<meta property=\"og:title\" content=\"Vice-presidente da Rep\u00fablica, ministro da Agricultura e Pecu\u00e1ria e governador de S\u00e3o Paulo participam do Congresso Brasileiro do Agroneg\u00f3cio - Regi\u00e3o News\" \/>\n<meta property=\"og:description\" content=\"Evento acontece na pr\u00f3xima segunda-feira (7\/8), com presen\u00e7a de outras\" \/>\n<meta property=\"og:url\" content=\"https:\/\/regiaonews.net.br\/2022\/2023\/08\/07\/vice-presidente-da-republica-ministro-da-agricultura-e-pecuaria-e-governador-de-sao-paulo-participam-do-congresso-brasileiro-do-agronegocio\/\" \/>\n<meta property=\"og:site_name\" content=\"Regi\u00e3o News\" \/>\n<meta property=\"article:published_time\" content=\"2023-08-07T13:39:46+00:00\" \/>\n<meta property=\"og:image\" content=\"https:\/\/regiaonews.net.br\/2022\/wp-content\/uploads\/2023\/08\/unnamed.png\" \/>\n\t<meta property=\"og:image:width\" content=\"750\" \/>\n\t<meta property=\"og:image:height\" content=\"112\" \/>\n\t<meta property=\"og:image:type\" content=\"image\/png\" \/>\n<meta name=\"author\" content=\"Roberto\" \/>\n<meta name=\"twitter:card\" content=\"summary_large_image\" \/>\n<meta name=\"twitter:label1\" content=\"Escrito por\" \/>\n\t<meta name=\"twitter:data1\" content=\"Roberto\" \/>\n\t<meta name=\"twitter:label2\" content=\"Est. tempo de leitura\" \/>\n\t<meta name=\"twitter:data2\" content=\"4 minutos\" \/>\n<script type=\"application\/ld+json\" class=\"yoast-schema-graph\">{\"@context\":\"https:\\\/\\\/schema.org\",\"@graph\":[{\"@type\":\"Article\",\"@id\":\"https:\\\/\\\/regiaonews.net.br\\\/2022\\\/2023\\\/08\\\/07\\\/vice-presidente-da-republica-ministro-da-agricultura-e-pecuaria-e-governador-de-sao-paulo-participam-do-congresso-brasileiro-do-agronegocio\\\/#article\",\"isPartOf\":{\"@id\":\"https:\\\/\\\/regiaonews.net.br\\\/2022\\\/2023\\\/08\\\/07\\\/vice-presidente-da-republica-ministro-da-agricultura-e-pecuaria-e-governador-de-sao-paulo-participam-do-congresso-brasileiro-do-agronegocio\\\/\"},\"author\":{\"name\":\"Roberto\",\"@id\":\"https:\\\/\\\/regiaonews.net.br\\\/2022\\\/#\\\/schema\\\/person\\\/2d205a608a5aa97ac279d7a5e6d89ad8\"},\"headline\":\"Vice-presidente da Rep\u00fablica, ministro da Agricultura e Pecu\u00e1ria e governador de S\u00e3o Paulo participam do Congresso Brasileiro do Agroneg\u00f3cio\",\"datePublished\":\"2023-08-07T13:39:46+00:00\",\"mainEntityOfPage\":{\"@id\":\"https:\\\/\\\/regiaonews.net.br\\\/2022\\\/2023\\\/08\\\/07\\\/vice-presidente-da-republica-ministro-da-agricultura-e-pecuaria-e-governador-de-sao-paulo-participam-do-congresso-brasileiro-do-agronegocio\\\/\"},\"wordCount\":748,\"commentCount\":0,\"publisher\":{\"@id\":\"https:\\\/\\\/regiaonews.net.br\\\/2022\\\/#organization\"},\"image\":{\"@id\":\"https:\\\/\\\/regiaonews.net.br\\\/2022\\\/2023\\\/08\\\/07\\\/vice-presidente-da-republica-ministro-da-agricultura-e-pecuaria-e-governador-de-sao-paulo-participam-do-congresso-brasileiro-do-agronegocio\\\/#primaryimage\"},\"thumbnailUrl\":\"https:\\\/\\\/regiaonews.net.br\\\/2022\\\/wp-content\\\/uploads\\\/2023\\\/08\\\/unnamed.png\",\"articleSection\":[\"Barretos\",\"Geral\"],\"inLanguage\":\"pt-BR\",\"potentialAction\":[{\"@type\":\"CommentAction\",\"name\":\"Comment\",\"target\":[\"https:\\\/\\\/regiaonews.net.br\\\/2022\\\/2023\\\/08\\\/07\\\/vice-presidente-da-republica-ministro-da-agricultura-e-pecuaria-e-governador-de-sao-paulo-participam-do-congresso-brasileiro-do-agronegocio\\\/#respond\"]}]},{\"@type\":\"WebPage\",\"@id\":\"https:\\\/\\\/regiaonews.net.br\\\/2022\\\/2023\\\/08\\\/07\\\/vice-presidente-da-republica-ministro-da-agricultura-e-pecuaria-e-governador-de-sao-paulo-participam-do-congresso-brasileiro-do-agronegocio\\\/\",\"url\":\"https:\\\/\\\/regiaonews.net.br\\\/2022\\\/2023\\\/08\\\/07\\\/vice-presidente-da-republica-ministro-da-agricultura-e-pecuaria-e-governador-de-sao-paulo-participam-do-congresso-brasileiro-do-agronegocio\\\/\",\"name\":\"Vice-presidente da Rep\u00fablica, ministro da Agricultura e Pecu\u00e1ria e governador de S\u00e3o Paulo participam do Congresso Brasileiro do Agroneg\u00f3cio - Regi\u00e3o News\",\"isPartOf\":{\"@id\":\"https:\\\/\\\/regiaonews.net.br\\\/2022\\\/#website\"},\"primaryImageOfPage\":{\"@id\":\"https:\\\/\\\/regiaonews.net.br\\\/2022\\\/2023\\\/08\\\/07\\\/vice-presidente-da-republica-ministro-da-agricultura-e-pecuaria-e-governador-de-sao-paulo-participam-do-congresso-brasileiro-do-agronegocio\\\/#primaryimage\"},\"image\":{\"@id\":\"https:\\\/\\\/regiaonews.net.br\\\/2022\\\/2023\\\/08\\\/07\\\/vice-presidente-da-republica-ministro-da-agricultura-e-pecuaria-e-governador-de-sao-paulo-participam-do-congresso-brasileiro-do-agronegocio\\\/#primaryimage\"},\"thumbnailUrl\":\"https:\\\/\\\/regiaonews.net.br\\\/2022\\\/wp-content\\\/uploads\\\/2023\\\/08\\\/unnamed.png\",\"datePublished\":\"2023-08-07T13:39:46+00:00\",\"breadcrumb\":{\"@id\":\"https:\\\/\\\/regiaonews.net.br\\\/2022\\\/2023\\\/08\\\/07\\\/vice-presidente-da-republica-ministro-da-agricultura-e-pecuaria-e-governador-de-sao-paulo-participam-do-congresso-brasileiro-do-agronegocio\\\/#breadcrumb\"},\"inLanguage\":\"pt-BR\",\"potentialAction\":[{\"@type\":\"ReadAction\",\"target\":[\"https:\\\/\\\/regiaonews.net.br\\\/2022\\\/2023\\\/08\\\/07\\\/vice-presidente-da-republica-ministro-da-agricultura-e-pecuaria-e-governador-de-sao-paulo-participam-do-congresso-brasileiro-do-agronegocio\\\/\"]}]},{\"@type\":\"ImageObject\",\"inLanguage\":\"pt-BR\",\"@id\":\"https:\\\/\\\/regiaonews.net.br\\\/2022\\\/2023\\\/08\\\/07\\\/vice-presidente-da-republica-ministro-da-agricultura-e-pecuaria-e-governador-de-sao-paulo-participam-do-congresso-brasileiro-do-agronegocio\\\/#primaryimage\",\"url\":\"https:\\\/\\\/regiaonews.net.br\\\/2022\\\/wp-content\\\/uploads\\\/2023\\\/08\\\/unnamed.png\",\"contentUrl\":\"https:\\\/\\\/regiaonews.net.br\\\/2022\\\/wp-content\\\/uploads\\\/2023\\\/08\\\/unnamed.png\",\"width\":750,\"height\":112},{\"@type\":\"BreadcrumbList\",\"@id\":\"https:\\\/\\\/regiaonews.net.br\\\/2022\\\/2023\\\/08\\\/07\\\/vice-presidente-da-republica-ministro-da-agricultura-e-pecuaria-e-governador-de-sao-paulo-participam-do-congresso-brasileiro-do-agronegocio\\\/#breadcrumb\",\"itemListElement\":[{\"@type\":\"ListItem\",\"position\":1,\"name\":\"In\u00edcio\",\"item\":\"https:\\\/\\\/regiaonews.net.br\\\/2022\\\/\"},{\"@type\":\"ListItem\",\"position\":2,\"name\":\"Vice-presidente da Rep\u00fablica, ministro da Agricultura e Pecu\u00e1ria e governador de S\u00e3o Paulo participam do Congresso Brasileiro do Agroneg\u00f3cio\"}]},{\"@type\":\"WebSite\",\"@id\":\"https:\\\/\\\/regiaonews.net.br\\\/2022\\\/#website\",\"url\":\"https:\\\/\\\/regiaonews.net.br\\\/2022\\\/\",\"name\":\"Regi\u00e3o News\",\"description\":\"Site de Not\u00edcias de Barretos e regi\u00e3o\",\"publisher\":{\"@id\":\"https:\\\/\\\/regiaonews.net.br\\\/2022\\\/#organization\"},\"potentialAction\":[{\"@type\":\"SearchAction\",\"target\":{\"@type\":\"EntryPoint\",\"urlTemplate\":\"https:\\\/\\\/regiaonews.net.br\\\/2022\\\/?s={search_term_string}\"},\"query-input\":{\"@type\":\"PropertyValueSpecification\",\"valueRequired\":true,\"valueName\":\"search_term_string\"}}],\"inLanguage\":\"pt-BR\"},{\"@type\":\"Organization\",\"@id\":\"https:\\\/\\\/regiaonews.net.br\\\/2022\\\/#organization\",\"name\":\"Regi\u00e3o News\",\"url\":\"https:\\\/\\\/regiaonews.net.br\\\/2022\\\/\",\"logo\":{\"@type\":\"ImageObject\",\"inLanguage\":\"pt-BR\",\"@id\":\"https:\\\/\\\/regiaonews.net.br\\\/2022\\\/#\\\/schema\\\/logo\\\/image\\\/\",\"url\":\"https:\\\/\\\/regiaonews.net.br\\\/2022\\\/wp-content\\\/uploads\\\/2026\\\/03\\\/regiao-13-anos-scaled.jpg\",\"contentUrl\":\"https:\\\/\\\/regiaonews.net.br\\\/2022\\\/wp-content\\\/uploads\\\/2026\\\/03\\\/regiao-13-anos-scaled.jpg\",\"width\":2560,\"height\":635,\"caption\":\"Regi\u00e3o News\"},\"image\":{\"@id\":\"https:\\\/\\\/regiaonews.net.br\\\/2022\\\/#\\\/schema\\\/logo\\\/image\\\/\"}},{\"@type\":\"Person\",\"@id\":\"https:\\\/\\\/regiaonews.net.br\\\/2022\\\/#\\\/schema\\\/person\\\/2d205a608a5aa97ac279d7a5e6d89ad8\",\"name\":\"Roberto\",\"image\":{\"@type\":\"ImageObject\",\"inLanguage\":\"pt-BR\",\"@id\":\"https:\\\/\\\/secure.gravatar.com\\\/avatar\\\/42749d8b712ff9d59ca93dc150494e5b55a44134482993f5baeb97e61b7ecc89?s=96&d=mm&r=g\",\"url\":\"https:\\\/\\\/secure.gravatar.com\\\/avatar\\\/42749d8b712ff9d59ca93dc150494e5b55a44134482993f5baeb97e61b7ecc89?s=96&d=mm&r=g\",\"contentUrl\":\"https:\\\/\\\/secure.gravatar.com\\\/avatar\\\/42749d8b712ff9d59ca93dc150494e5b55a44134482993f5baeb97e61b7ecc89?s=96&d=mm&r=g\",\"caption\":\"Roberto\"},\"url\":\"https:\\\/\\\/regiaonews.net.br\\\/2022\\\/author\\\/roberto\\\/\"}]}<\/script>\n<!-- \/ Yoast SEO plugin. -->","yoast_head_json":{"title":"Vice-presidente da Rep\u00fablica, ministro da Agricultura e Pecu\u00e1ria e governador de S\u00e3o Paulo participam do Congresso Brasileiro do Agroneg\u00f3cio - Regi\u00e3o News","robots":{"index":"index","follow":"follow","max-snippet":"max-snippet:-1","max-image-preview":"max-image-preview:large","max-video-preview":"max-video-preview:-1"},"canonical":"https:\/\/regiaonews.net.br\/2022\/2023\/08\/07\/vice-presidente-da-republica-ministro-da-agricultura-e-pecuaria-e-governador-de-sao-paulo-participam-do-congresso-brasileiro-do-agronegocio\/","og_locale":"pt_BR","og_type":"article","og_title":"Vice-presidente da Rep\u00fablica, ministro da Agricultura e Pecu\u00e1ria e governador de S\u00e3o Paulo participam do Congresso Brasileiro do Agroneg\u00f3cio - Regi\u00e3o News","og_description":"Evento acontece na pr\u00f3xima segunda-feira (7\/8), com presen\u00e7a de outras","og_url":"https:\/\/regiaonews.net.br\/2022\/2023\/08\/07\/vice-presidente-da-republica-ministro-da-agricultura-e-pecuaria-e-governador-de-sao-paulo-participam-do-congresso-brasileiro-do-agronegocio\/","og_site_name":"Regi\u00e3o News","article_published_time":"2023-08-07T13:39:46+00:00","og_image":[{"width":750,"height":112,"url":"https:\/\/regiaonews.net.br\/2022\/wp-content\/uploads\/2023\/08\/unnamed.png","type":"image\/png"}],"author":"Roberto","twitter_card":"summary_large_image","twitter_misc":{"Escrito por":"Roberto","Est. tempo de leitura":"4 minutos"},"schema":{"@context":"https:\/\/schema.org","@graph":[{"@type":"Article","@id":"https:\/\/regiaonews.net.br\/2022\/2023\/08\/07\/vice-presidente-da-republica-ministro-da-agricultura-e-pecuaria-e-governador-de-sao-paulo-participam-do-congresso-brasileiro-do-agronegocio\/#article","isPartOf":{"@id":"https:\/\/regiaonews.net.br\/2022\/2023\/08\/07\/vice-presidente-da-republica-ministro-da-agricultura-e-pecuaria-e-governador-de-sao-paulo-participam-do-congresso-brasileiro-do-agronegocio\/"},"author":{"name":"Roberto","@id":"https:\/\/regiaonews.net.br\/2022\/#\/schema\/person\/2d205a608a5aa97ac279d7a5e6d89ad8"},"headline":"Vice-presidente da Rep\u00fablica, ministro da Agricultura e Pecu\u00e1ria e governador de S\u00e3o Paulo participam do Congresso Brasileiro do Agroneg\u00f3cio","datePublished":"2023-08-07T13:39:46+00:00","mainEntityOfPage":{"@id":"https:\/\/regiaonews.net.br\/2022\/2023\/08\/07\/vice-presidente-da-republica-ministro-da-agricultura-e-pecuaria-e-governador-de-sao-paulo-participam-do-congresso-brasileiro-do-agronegocio\/"},"wordCount":748,"commentCount":0,"publisher":{"@id":"https:\/\/regiaonews.net.br\/2022\/#organization"},"image":{"@id":"https:\/\/regiaonews.net.br\/2022\/2023\/08\/07\/vice-presidente-da-republica-ministro-da-agricultura-e-pecuaria-e-governador-de-sao-paulo-participam-do-congresso-brasileiro-do-agronegocio\/#primaryimage"},"thumbnailUrl":"https:\/\/regiaonews.net.br\/2022\/wp-content\/uploads\/2023\/08\/unnamed.png","articleSection":["Barretos","Geral"],"inLanguage":"pt-BR","potentialAction":[{"@type":"CommentAction","name":"Comment","target":["https:\/\/regiaonews.net.br\/2022\/2023\/08\/07\/vice-presidente-da-republica-ministro-da-agricultura-e-pecuaria-e-governador-de-sao-paulo-participam-do-congresso-brasileiro-do-agronegocio\/#respond"]}]},{"@type":"WebPage","@id":"https:\/\/regiaonews.net.br\/2022\/2023\/08\/07\/vice-presidente-da-republica-ministro-da-agricultura-e-pecuaria-e-governador-de-sao-paulo-participam-do-congresso-brasileiro-do-agronegocio\/","url":"https:\/\/regiaonews.net.br\/2022\/2023\/08\/07\/vice-presidente-da-republica-ministro-da-agricultura-e-pecuaria-e-governador-de-sao-paulo-participam-do-congresso-brasileiro-do-agronegocio\/","name":"Vice-presidente da Rep\u00fablica, ministro da Agricultura e Pecu\u00e1ria e governador de S\u00e3o Paulo participam do Congresso Brasileiro do Agroneg\u00f3cio - Regi\u00e3o News","isPartOf":{"@id":"https:\/\/regiaonews.net.br\/2022\/#website"},"primaryImageOfPage":{"@id":"https:\/\/regiaonews.net.br\/2022\/2023\/08\/07\/vice-presidente-da-republica-ministro-da-agricultura-e-pecuaria-e-governador-de-sao-paulo-participam-do-congresso-brasileiro-do-agronegocio\/#primaryimage"},"image":{"@id":"https:\/\/regiaonews.net.br\/2022\/2023\/08\/07\/vice-presidente-da-republica-ministro-da-agricultura-e-pecuaria-e-governador-de-sao-paulo-participam-do-congresso-brasileiro-do-agronegocio\/#primaryimage"},"thumbnailUrl":"https:\/\/regiaonews.net.br\/2022\/wp-content\/uploads\/2023\/08\/unnamed.png","datePublished":"2023-08-07T13:39:46+00:00","breadcrumb":{"@id":"https:\/\/regiaonews.net.br\/2022\/2023\/08\/07\/vice-presidente-da-republica-ministro-da-agricultura-e-pecuaria-e-governador-de-sao-paulo-participam-do-congresso-brasileiro-do-agronegocio\/#breadcrumb"},"inLanguage":"pt-BR","potentialAction":[{"@type":"ReadAction","target":["https:\/\/regiaonews.net.br\/2022\/2023\/08\/07\/vice-presidente-da-republica-ministro-da-agricultura-e-pecuaria-e-governador-de-sao-paulo-participam-do-congresso-brasileiro-do-agronegocio\/"]}]},{"@type":"ImageObject","inLanguage":"pt-BR","@id":"https:\/\/regiaonews.net.br\/2022\/2023\/08\/07\/vice-presidente-da-republica-ministro-da-agricultura-e-pecuaria-e-governador-de-sao-paulo-participam-do-congresso-brasileiro-do-agronegocio\/#primaryimage","url":"https:\/\/regiaonews.net.br\/2022\/wp-content\/uploads\/2023\/08\/unnamed.png","contentUrl":"https:\/\/regiaonews.net.br\/2022\/wp-content\/uploads\/2023\/08\/unnamed.png","width":750,"height":112},{"@type":"BreadcrumbList","@id":"https:\/\/regiaonews.net.br\/2022\/2023\/08\/07\/vice-presidente-da-republica-ministro-da-agricultura-e-pecuaria-e-governador-de-sao-paulo-participam-do-congresso-brasileiro-do-agronegocio\/#breadcrumb","itemListElement":[{"@type":"ListItem","position":1,"name":"In\u00edcio","item":"https:\/\/regiaonews.net.br\/2022\/"},{"@type":"ListItem","position":2,"name":"Vice-presidente da Rep\u00fablica, ministro da Agricultura e Pecu\u00e1ria e governador de S\u00e3o Paulo participam do Congresso Brasileiro do Agroneg\u00f3cio"}]},{"@type":"WebSite","@id":"https:\/\/regiaonews.net.br\/2022\/#website","url":"https:\/\/regiaonews.net.br\/2022\/","name":"Regi\u00e3o News","description":"Site de Not\u00edcias de Barretos e regi\u00e3o","publisher":{"@id":"https:\/\/regiaonews.net.br\/2022\/#organization"},"potentialAction":[{"@type":"SearchAction","target":{"@type":"EntryPoint","urlTemplate":"https:\/\/regiaonews.net.br\/2022\/?s={search_term_string}"},"query-input":{"@type":"PropertyValueSpecification","valueRequired":true,"valueName":"search_term_string"}}],"inLanguage":"pt-BR"},{"@type":"Organization","@id":"https:\/\/regiaonews.net.br\/2022\/#organization","name":"Regi\u00e3o News","url":"https:\/\/regiaonews.net.br\/2022\/","logo":{"@type":"ImageObject","inLanguage":"pt-BR","@id":"https:\/\/regiaonews.net.br\/2022\/#\/schema\/logo\/image\/","url":"https:\/\/regiaonews.net.br\/2022\/wp-content\/uploads\/2026\/03\/regiao-13-anos-scaled.jpg","contentUrl":"https:\/\/regiaonews.net.br\/2022\/wp-content\/uploads\/2026\/03\/regiao-13-anos-scaled.jpg","width":2560,"height":635,"caption":"Regi\u00e3o News"},"image":{"@id":"https:\/\/regiaonews.net.br\/2022\/#\/schema\/logo\/image\/"}},{"@type":"Person","@id":"https:\/\/regiaonews.net.br\/2022\/#\/schema\/person\/2d205a608a5aa97ac279d7a5e6d89ad8","name":"Roberto","image":{"@type":"ImageObject","inLanguage":"pt-BR","@id":"https:\/\/secure.gravatar.com\/avatar\/42749d8b712ff9d59ca93dc150494e5b55a44134482993f5baeb97e61b7ecc89?s=96&d=mm&r=g","url":"https:\/\/secure.gravatar.com\/avatar\/42749d8b712ff9d59ca93dc150494e5b55a44134482993f5baeb97e61b7ecc89?s=96&d=mm&r=g","contentUrl":"https:\/\/secure.gravatar.com\/avatar\/42749d8b712ff9d59ca93dc150494e5b55a44134482993f5baeb97e61b7ecc89?s=96&d=mm&r=g","caption":"Roberto"},"url":"https:\/\/regiaonews.net.br\/2022\/author\/roberto\/"}]}},"publishpress_future_action":{"enabled":false,"date":"2026-05-04 04:11:14","action":"change-status","newStatus":"draft","terms":[],"taxonomy":"category","extraData":[]},"publishpress_future_workflow_manual_trigger":{"enabledWorkflows":[]},"_links":{"self":[{"href":"https:\/\/regiaonews.net.br\/2022\/wp-json\/wp\/v2\/posts\/92993","targetHints":{"allow":["GET"]}}],"collection":[{"href":"https:\/\/regiaonews.net.br\/2022\/wp-json\/wp\/v2\/posts"}],"about":[{"href":"https:\/\/regiaonews.net.br\/2022\/wp-json\/wp\/v2\/types\/post"}],"author":[{"embeddable":true,"href":"https:\/\/regiaonews.net.br\/2022\/wp-json\/wp\/v2\/users\/2"}],"replies":[{"embeddable":true,"href":"https:\/\/regiaonews.net.br\/2022\/wp-json\/wp\/v2\/comments?post=92993"}],"version-history":[{"count":1,"href":"https:\/\/regiaonews.net.br\/2022\/wp-json\/wp\/v2\/posts\/92993\/revisions"}],"predecessor-version":[{"id":92995,"href":"https:\/\/regiaonews.net.br\/2022\/wp-json\/wp\/v2\/posts\/92993\/revisions\/92995"}],"wp:featuredmedia":[{"embeddable":true,"href":"https:\/\/regiaonews.net.br\/2022\/wp-json\/wp\/v2\/media\/92994"}],"wp:attachment":[{"href":"https:\/\/regiaonews.net.br\/2022\/wp-json\/wp\/v2\/media?parent=92993"}],"wp:term":[{"taxonomy":"category","embeddable":true,"href":"https:\/\/regiaonews.net.br\/2022\/wp-json\/wp\/v2\/categories?post=92993"},{"taxonomy":"post_tag","embeddable":true,"href":"https:\/\/regiaonews.net.br\/2022\/wp-json\/wp\/v2\/tags?post=92993"}],"curies":[{"name":"wp","href":"https:\/\/api.w.org\/{rel}","templated":true}]}}