{"id":92990,"date":"2023-08-07T10:38:55","date_gmt":"2023-08-07T13:38:55","guid":{"rendered":"https:\/\/regiaonews.net.br\/2022\/?p=92990"},"modified":"2023-08-07T10:38:55","modified_gmt":"2023-08-07T13:38:55","slug":"olimpia-recebe-prefeitos-da-regiao-de-barretos-em-encontro-com-o-secretario-chefe-da-casa-civil-do-governo-de-sp","status":"publish","type":"post","link":"https:\/\/regiaonews.net.br\/2022\/2023\/08\/07\/olimpia-recebe-prefeitos-da-regiao-de-barretos-em-encontro-com-o-secretario-chefe-da-casa-civil-do-governo-de-sp\/","title":{"rendered":"Ol\u00edmpia recebe prefeitos da regi\u00e3o de Barretos em encontro com o Secret\u00e1rio-Chefe da Casa Civil do Governo de SP"},"content":{"rendered":"<p><span style=\"font-family: arial, sans-serif;\">Neste s\u00e1bado, dia 05, o prefeito da Est\u00e2ncia Tur\u00edstica de Ol\u00edmpia, Fernando Cunha, recebeu seis prefeitos da regi\u00e3o de Barretos, membros do Codevar &#8211; Cons\u00f3rcio de Desenvolvimento do Vale do Rio Grande, em uma reuni\u00e3o no gabinete executivo da Prefeitura. O encontro teve como pauta especial a presen\u00e7a do Secret\u00e1rio-Chefe da Casa Civil, Arthur Lima.<\/span><\/p>\n<p><span style=\"font-family: arial, sans-serif;\">Os prefeitos presentes no encontro foram Marcelo Otaviano, presidente do Codevar e prefeito de Monte Azul Paulista; Paula Lemos, de Barretos; Lucas Seren, de Bebedouro; Cal Ribeiro, de Viradouro; e Dieb Taha, de Colina. Juntos, eles aproveitaram a oportunidade para apresentar ao representante do governo do Estado suas demandas individuais, bem como discutir pol\u00edticas p\u00fablicas e avan\u00e7os para a regi\u00e3o como um todo.<\/span><\/p>\n<p><span style=\"font-family: arial, sans-serif;\">Dentre as principais reivindica\u00e7\u00f5es do grupo ao secret\u00e1rio do Governador Tarc\u00edsio, destacou-se a urg\u00eancia de melhorias nas rodovias e vicinais que cruzam seus munic\u00edpios. Eles solicitaram, em particular, a duplica\u00e7\u00e3o de trechos estrat\u00e9gicos, como de Guapia\u00e7u at\u00e9 Ol\u00edmpia, Ol\u00edmpia at\u00e9 Barretos, Barretos at\u00e9 Col\u00f4mbia, Ol\u00edmpia at\u00e9 Bebedouro, entre outras importantes vias. Outras demandas tamb\u00e9m estiveram em pauta, como a reativa\u00e7\u00e3o do Plant\u00e3o Policial em Ol\u00edmpia que, desde 2019, deixou de atender ocorr\u00eancias fora do hor\u00e1rio comercial, por decis\u00e3o do Estado, e tem sido constantemente reivindicado pelo prefeito para a retomada, tendo em vista a grande demanda local e a necessidade do servi\u00e7o.<\/span><\/p>\n<p><span style=\"font-family: arial, sans-serif;\">Durante o encontro, o prefeito Fernando Cunha ainda aproveitou para apresentar o munic\u00edpio, que \u00e9 um dos destinos mais importantes do Estado e o 1\u00ba Distrito Tur\u00edstico de S\u00e3o Paulo, ao secret\u00e1rio, em uma visita aos principais atrativos e pontos de destaque da cidade. O chefe da Casa Civil foi tamb\u00e9m declarado Visitante Ilustre do munic\u00edpio e recebeu do prefeito um exemplar do Cat\u00e1logo Comemorativo \u201cOl\u00edmpia 120 anos\u201d, produzido para celebrar o anivers\u00e1rio da cidade, em 2023.<\/span><\/p>\n<p><span style=\"font-family: arial, sans-serif;\">A reuni\u00e3o tamb\u00e9m contou com a participa\u00e7\u00e3o do secret\u00e1rio de Rela\u00e7\u00f5es Institucionais de Ol\u00edmpia, Sargento Tarc\u00edsio, respons\u00e1vel pela intermedia\u00e7\u00e3o da vinda do secret\u00e1rio Arthur Lima. Al\u00e9m disso, o secret\u00e1rio de Obras, Engenharia e Infraestrutura de Ol\u00edmpia, Gilberto Tonelli, marcou presen\u00e7a no bate-papo, contribuindo com importantes informa\u00e7\u00f5es para as discuss\u00f5es em prol do desenvolvimento regional.<\/span><\/p>\n<div dir=\"ltr\" data-smartmail=\"gmail_signature\">\n<div dir=\"ltr\">\n<p><span style=\"font-family: arial, helvetica, sans-serif;\"><b>Prefeitura da Est\u00e2ncia Tur\u00edstica de Ol\u00edmpia<\/b><\/span><\/p>\n<\/div>\n<\/div>\n","protected":false},"excerpt":{"rendered":"<p>Neste s\u00e1bado, dia 05, o prefeito da Est\u00e2ncia Tur\u00edstica de<\/p>\n","protected":false},"author":2,"featured_media":92991,"comment_status":"open","ping_status":"open","sticky":false,"template":"","format":"standard","meta":{"footnotes":""},"categories":[3,178],"tags":[],"class_list":["post-92990","post","type-post","status-publish","format-standard","has-post-thumbnail","hentry","category-geral","category-olimpia-2"],"yoast_head":"<!-- This site is optimized with the Yoast SEO plugin v27.4 - https:\/\/yoast.com\/product\/yoast-seo-wordpress\/ -->\n<title>Ol\u00edmpia recebe prefeitos da regi\u00e3o de Barretos em encontro com o Secret\u00e1rio-Chefe da Casa Civil do Governo de SP - Regi\u00e3o News<\/title>\n<meta name=\"robots\" content=\"index, follow, max-snippet:-1, max-image-preview:large, max-video-preview:-1\" \/>\n<link rel=\"canonical\" href=\"https:\/\/regiaonews.net.br\/2022\/2023\/08\/07\/olimpia-recebe-prefeitos-da-regiao-de-barretos-em-encontro-com-o-secretario-chefe-da-casa-civil-do-governo-de-sp\/\" \/>\n<meta property=\"og:locale\" content=\"pt_BR\" \/>\n<meta property=\"og:type\" content=\"article\" \/>\n<meta property=\"og:title\" content=\"Ol\u00edmpia recebe prefeitos da regi\u00e3o de Barretos em encontro com o Secret\u00e1rio-Chefe da Casa Civil do Governo de SP - Regi\u00e3o News\" \/>\n<meta property=\"og:description\" content=\"Neste s\u00e1bado, dia 05, o prefeito da Est\u00e2ncia Tur\u00edstica de\" \/>\n<meta property=\"og:url\" content=\"https:\/\/regiaonews.net.br\/2022\/2023\/08\/07\/olimpia-recebe-prefeitos-da-regiao-de-barretos-em-encontro-com-o-secretario-chefe-da-casa-civil-do-governo-de-sp\/\" \/>\n<meta property=\"og:site_name\" content=\"Regi\u00e3o News\" \/>\n<meta property=\"article:published_time\" content=\"2023-08-07T13:38:55+00:00\" \/>\n<meta property=\"og:image\" content=\"https:\/\/regiaonews.net.br\/2022\/wp-content\/uploads\/2023\/08\/Visita-Secretario-Arhur-Lima-Olimpia-1.jpeg\" \/>\n\t<meta property=\"og:image:width\" content=\"1599\" \/>\n\t<meta property=\"og:image:height\" content=\"1036\" \/>\n\t<meta property=\"og:image:type\" content=\"image\/jpeg\" \/>\n<meta name=\"author\" content=\"Roberto\" \/>\n<meta name=\"twitter:card\" content=\"summary_large_image\" \/>\n<meta name=\"twitter:label1\" content=\"Escrito por\" \/>\n\t<meta name=\"twitter:data1\" content=\"Roberto\" \/>\n\t<meta name=\"twitter:label2\" content=\"Est. tempo de leitura\" \/>\n\t<meta name=\"twitter:data2\" content=\"2 minutos\" \/>\n<script type=\"application\/ld+json\" class=\"yoast-schema-graph\">{\"@context\":\"https:\\\/\\\/schema.org\",\"@graph\":[{\"@type\":\"Article\",\"@id\":\"https:\\\/\\\/regiaonews.net.br\\\/2022\\\/2023\\\/08\\\/07\\\/olimpia-recebe-prefeitos-da-regiao-de-barretos-em-encontro-com-o-secretario-chefe-da-casa-civil-do-governo-de-sp\\\/#article\",\"isPartOf\":{\"@id\":\"https:\\\/\\\/regiaonews.net.br\\\/2022\\\/2023\\\/08\\\/07\\\/olimpia-recebe-prefeitos-da-regiao-de-barretos-em-encontro-com-o-secretario-chefe-da-casa-civil-do-governo-de-sp\\\/\"},\"author\":{\"name\":\"Roberto\",\"@id\":\"https:\\\/\\\/regiaonews.net.br\\\/2022\\\/#\\\/schema\\\/person\\\/2d205a608a5aa97ac279d7a5e6d89ad8\"},\"headline\":\"Ol\u00edmpia recebe prefeitos da regi\u00e3o de Barretos em encontro com o Secret\u00e1rio-Chefe da Casa Civil do Governo de SP\",\"datePublished\":\"2023-08-07T13:38:55+00:00\",\"mainEntityOfPage\":{\"@id\":\"https:\\\/\\\/regiaonews.net.br\\\/2022\\\/2023\\\/08\\\/07\\\/olimpia-recebe-prefeitos-da-regiao-de-barretos-em-encontro-com-o-secretario-chefe-da-casa-civil-do-governo-de-sp\\\/\"},\"wordCount\":434,\"commentCount\":0,\"publisher\":{\"@id\":\"https:\\\/\\\/regiaonews.net.br\\\/2022\\\/#organization\"},\"image\":{\"@id\":\"https:\\\/\\\/regiaonews.net.br\\\/2022\\\/2023\\\/08\\\/07\\\/olimpia-recebe-prefeitos-da-regiao-de-barretos-em-encontro-com-o-secretario-chefe-da-casa-civil-do-governo-de-sp\\\/#primaryimage\"},\"thumbnailUrl\":\"https:\\\/\\\/regiaonews.net.br\\\/2022\\\/wp-content\\\/uploads\\\/2023\\\/08\\\/Visita-Secretario-Arhur-Lima-Olimpia-1.jpeg\",\"articleSection\":[\"Geral\",\"Ol\u00edmpia\"],\"inLanguage\":\"pt-BR\",\"potentialAction\":[{\"@type\":\"CommentAction\",\"name\":\"Comment\",\"target\":[\"https:\\\/\\\/regiaonews.net.br\\\/2022\\\/2023\\\/08\\\/07\\\/olimpia-recebe-prefeitos-da-regiao-de-barretos-em-encontro-com-o-secretario-chefe-da-casa-civil-do-governo-de-sp\\\/#respond\"]}]},{\"@type\":\"WebPage\",\"@id\":\"https:\\\/\\\/regiaonews.net.br\\\/2022\\\/2023\\\/08\\\/07\\\/olimpia-recebe-prefeitos-da-regiao-de-barretos-em-encontro-com-o-secretario-chefe-da-casa-civil-do-governo-de-sp\\\/\",\"url\":\"https:\\\/\\\/regiaonews.net.br\\\/2022\\\/2023\\\/08\\\/07\\\/olimpia-recebe-prefeitos-da-regiao-de-barretos-em-encontro-com-o-secretario-chefe-da-casa-civil-do-governo-de-sp\\\/\",\"name\":\"Ol\u00edmpia recebe prefeitos da regi\u00e3o de Barretos em encontro com o Secret\u00e1rio-Chefe da Casa Civil do Governo de SP - Regi\u00e3o News\",\"isPartOf\":{\"@id\":\"https:\\\/\\\/regiaonews.net.br\\\/2022\\\/#website\"},\"primaryImageOfPage\":{\"@id\":\"https:\\\/\\\/regiaonews.net.br\\\/2022\\\/2023\\\/08\\\/07\\\/olimpia-recebe-prefeitos-da-regiao-de-barretos-em-encontro-com-o-secretario-chefe-da-casa-civil-do-governo-de-sp\\\/#primaryimage\"},\"image\":{\"@id\":\"https:\\\/\\\/regiaonews.net.br\\\/2022\\\/2023\\\/08\\\/07\\\/olimpia-recebe-prefeitos-da-regiao-de-barretos-em-encontro-com-o-secretario-chefe-da-casa-civil-do-governo-de-sp\\\/#primaryimage\"},\"thumbnailUrl\":\"https:\\\/\\\/regiaonews.net.br\\\/2022\\\/wp-content\\\/uploads\\\/2023\\\/08\\\/Visita-Secretario-Arhur-Lima-Olimpia-1.jpeg\",\"datePublished\":\"2023-08-07T13:38:55+00:00\",\"breadcrumb\":{\"@id\":\"https:\\\/\\\/regiaonews.net.br\\\/2022\\\/2023\\\/08\\\/07\\\/olimpia-recebe-prefeitos-da-regiao-de-barretos-em-encontro-com-o-secretario-chefe-da-casa-civil-do-governo-de-sp\\\/#breadcrumb\"},\"inLanguage\":\"pt-BR\",\"potentialAction\":[{\"@type\":\"ReadAction\",\"target\":[\"https:\\\/\\\/regiaonews.net.br\\\/2022\\\/2023\\\/08\\\/07\\\/olimpia-recebe-prefeitos-da-regiao-de-barretos-em-encontro-com-o-secretario-chefe-da-casa-civil-do-governo-de-sp\\\/\"]}]},{\"@type\":\"ImageObject\",\"inLanguage\":\"pt-BR\",\"@id\":\"https:\\\/\\\/regiaonews.net.br\\\/2022\\\/2023\\\/08\\\/07\\\/olimpia-recebe-prefeitos-da-regiao-de-barretos-em-encontro-com-o-secretario-chefe-da-casa-civil-do-governo-de-sp\\\/#primaryimage\",\"url\":\"https:\\\/\\\/regiaonews.net.br\\\/2022\\\/wp-content\\\/uploads\\\/2023\\\/08\\\/Visita-Secretario-Arhur-Lima-Olimpia-1.jpeg\",\"contentUrl\":\"https:\\\/\\\/regiaonews.net.br\\\/2022\\\/wp-content\\\/uploads\\\/2023\\\/08\\\/Visita-Secretario-Arhur-Lima-Olimpia-1.jpeg\",\"width\":1599,\"height\":1036},{\"@type\":\"BreadcrumbList\",\"@id\":\"https:\\\/\\\/regiaonews.net.br\\\/2022\\\/2023\\\/08\\\/07\\\/olimpia-recebe-prefeitos-da-regiao-de-barretos-em-encontro-com-o-secretario-chefe-da-casa-civil-do-governo-de-sp\\\/#breadcrumb\",\"itemListElement\":[{\"@type\":\"ListItem\",\"position\":1,\"name\":\"In\u00edcio\",\"item\":\"https:\\\/\\\/regiaonews.net.br\\\/2022\\\/\"},{\"@type\":\"ListItem\",\"position\":2,\"name\":\"Ol\u00edmpia recebe prefeitos da regi\u00e3o de Barretos em encontro com o Secret\u00e1rio-Chefe da Casa Civil do Governo de SP\"}]},{\"@type\":\"WebSite\",\"@id\":\"https:\\\/\\\/regiaonews.net.br\\\/2022\\\/#website\",\"url\":\"https:\\\/\\\/regiaonews.net.br\\\/2022\\\/\",\"name\":\"Regi\u00e3o News\",\"description\":\"Site de Not\u00edcias de Barretos e regi\u00e3o\",\"publisher\":{\"@id\":\"https:\\\/\\\/regiaonews.net.br\\\/2022\\\/#organization\"},\"potentialAction\":[{\"@type\":\"SearchAction\",\"target\":{\"@type\":\"EntryPoint\",\"urlTemplate\":\"https:\\\/\\\/regiaonews.net.br\\\/2022\\\/?s={search_term_string}\"},\"query-input\":{\"@type\":\"PropertyValueSpecification\",\"valueRequired\":true,\"valueName\":\"search_term_string\"}}],\"inLanguage\":\"pt-BR\"},{\"@type\":\"Organization\",\"@id\":\"https:\\\/\\\/regiaonews.net.br\\\/2022\\\/#organization\",\"name\":\"Regi\u00e3o News\",\"url\":\"https:\\\/\\\/regiaonews.net.br\\\/2022\\\/\",\"logo\":{\"@type\":\"ImageObject\",\"inLanguage\":\"pt-BR\",\"@id\":\"https:\\\/\\\/regiaonews.net.br\\\/2022\\\/#\\\/schema\\\/logo\\\/image\\\/\",\"url\":\"https:\\\/\\\/regiaonews.net.br\\\/2022\\\/wp-content\\\/uploads\\\/2026\\\/03\\\/regiao-13-anos-scaled.jpg\",\"contentUrl\":\"https:\\\/\\\/regiaonews.net.br\\\/2022\\\/wp-content\\\/uploads\\\/2026\\\/03\\\/regiao-13-anos-scaled.jpg\",\"width\":2560,\"height\":635,\"caption\":\"Regi\u00e3o News\"},\"image\":{\"@id\":\"https:\\\/\\\/regiaonews.net.br\\\/2022\\\/#\\\/schema\\\/logo\\\/image\\\/\"}},{\"@type\":\"Person\",\"@id\":\"https:\\\/\\\/regiaonews.net.br\\\/2022\\\/#\\\/schema\\\/person\\\/2d205a608a5aa97ac279d7a5e6d89ad8\",\"name\":\"Roberto\",\"image\":{\"@type\":\"ImageObject\",\"inLanguage\":\"pt-BR\",\"@id\":\"https:\\\/\\\/secure.gravatar.com\\\/avatar\\\/42749d8b712ff9d59ca93dc150494e5b55a44134482993f5baeb97e61b7ecc89?s=96&d=mm&r=g\",\"url\":\"https:\\\/\\\/secure.gravatar.com\\\/avatar\\\/42749d8b712ff9d59ca93dc150494e5b55a44134482993f5baeb97e61b7ecc89?s=96&d=mm&r=g\",\"contentUrl\":\"https:\\\/\\\/secure.gravatar.com\\\/avatar\\\/42749d8b712ff9d59ca93dc150494e5b55a44134482993f5baeb97e61b7ecc89?s=96&d=mm&r=g\",\"caption\":\"Roberto\"},\"url\":\"https:\\\/\\\/regiaonews.net.br\\\/2022\\\/author\\\/roberto\\\/\"}]}<\/script>\n<!-- \/ Yoast SEO plugin. -->","yoast_head_json":{"title":"Ol\u00edmpia recebe prefeitos da regi\u00e3o de Barretos em encontro com o Secret\u00e1rio-Chefe da Casa Civil do Governo de SP - Regi\u00e3o News","robots":{"index":"index","follow":"follow","max-snippet":"max-snippet:-1","max-image-preview":"max-image-preview:large","max-video-preview":"max-video-preview:-1"},"canonical":"https:\/\/regiaonews.net.br\/2022\/2023\/08\/07\/olimpia-recebe-prefeitos-da-regiao-de-barretos-em-encontro-com-o-secretario-chefe-da-casa-civil-do-governo-de-sp\/","og_locale":"pt_BR","og_type":"article","og_title":"Ol\u00edmpia recebe prefeitos da regi\u00e3o de Barretos em encontro com o Secret\u00e1rio-Chefe da Casa Civil do Governo de SP - Regi\u00e3o News","og_description":"Neste s\u00e1bado, dia 05, o prefeito da Est\u00e2ncia Tur\u00edstica de","og_url":"https:\/\/regiaonews.net.br\/2022\/2023\/08\/07\/olimpia-recebe-prefeitos-da-regiao-de-barretos-em-encontro-com-o-secretario-chefe-da-casa-civil-do-governo-de-sp\/","og_site_name":"Regi\u00e3o News","article_published_time":"2023-08-07T13:38:55+00:00","og_image":[{"width":1599,"height":1036,"url":"https:\/\/regiaonews.net.br\/2022\/wp-content\/uploads\/2023\/08\/Visita-Secretario-Arhur-Lima-Olimpia-1.jpeg","type":"image\/jpeg"}],"author":"Roberto","twitter_card":"summary_large_image","twitter_misc":{"Escrito por":"Roberto","Est. tempo de leitura":"2 minutos"},"schema":{"@context":"https:\/\/schema.org","@graph":[{"@type":"Article","@id":"https:\/\/regiaonews.net.br\/2022\/2023\/08\/07\/olimpia-recebe-prefeitos-da-regiao-de-barretos-em-encontro-com-o-secretario-chefe-da-casa-civil-do-governo-de-sp\/#article","isPartOf":{"@id":"https:\/\/regiaonews.net.br\/2022\/2023\/08\/07\/olimpia-recebe-prefeitos-da-regiao-de-barretos-em-encontro-com-o-secretario-chefe-da-casa-civil-do-governo-de-sp\/"},"author":{"name":"Roberto","@id":"https:\/\/regiaonews.net.br\/2022\/#\/schema\/person\/2d205a608a5aa97ac279d7a5e6d89ad8"},"headline":"Ol\u00edmpia recebe prefeitos da regi\u00e3o de Barretos em encontro com o Secret\u00e1rio-Chefe da Casa Civil do Governo de SP","datePublished":"2023-08-07T13:38:55+00:00","mainEntityOfPage":{"@id":"https:\/\/regiaonews.net.br\/2022\/2023\/08\/07\/olimpia-recebe-prefeitos-da-regiao-de-barretos-em-encontro-com-o-secretario-chefe-da-casa-civil-do-governo-de-sp\/"},"wordCount":434,"commentCount":0,"publisher":{"@id":"https:\/\/regiaonews.net.br\/2022\/#organization"},"image":{"@id":"https:\/\/regiaonews.net.br\/2022\/2023\/08\/07\/olimpia-recebe-prefeitos-da-regiao-de-barretos-em-encontro-com-o-secretario-chefe-da-casa-civil-do-governo-de-sp\/#primaryimage"},"thumbnailUrl":"https:\/\/regiaonews.net.br\/2022\/wp-content\/uploads\/2023\/08\/Visita-Secretario-Arhur-Lima-Olimpia-1.jpeg","articleSection":["Geral","Ol\u00edmpia"],"inLanguage":"pt-BR","potentialAction":[{"@type":"CommentAction","name":"Comment","target":["https:\/\/regiaonews.net.br\/2022\/2023\/08\/07\/olimpia-recebe-prefeitos-da-regiao-de-barretos-em-encontro-com-o-secretario-chefe-da-casa-civil-do-governo-de-sp\/#respond"]}]},{"@type":"WebPage","@id":"https:\/\/regiaonews.net.br\/2022\/2023\/08\/07\/olimpia-recebe-prefeitos-da-regiao-de-barretos-em-encontro-com-o-secretario-chefe-da-casa-civil-do-governo-de-sp\/","url":"https:\/\/regiaonews.net.br\/2022\/2023\/08\/07\/olimpia-recebe-prefeitos-da-regiao-de-barretos-em-encontro-com-o-secretario-chefe-da-casa-civil-do-governo-de-sp\/","name":"Ol\u00edmpia recebe prefeitos da regi\u00e3o de Barretos em encontro com o Secret\u00e1rio-Chefe da Casa Civil do Governo de SP - Regi\u00e3o News","isPartOf":{"@id":"https:\/\/regiaonews.net.br\/2022\/#website"},"primaryImageOfPage":{"@id":"https:\/\/regiaonews.net.br\/2022\/2023\/08\/07\/olimpia-recebe-prefeitos-da-regiao-de-barretos-em-encontro-com-o-secretario-chefe-da-casa-civil-do-governo-de-sp\/#primaryimage"},"image":{"@id":"https:\/\/regiaonews.net.br\/2022\/2023\/08\/07\/olimpia-recebe-prefeitos-da-regiao-de-barretos-em-encontro-com-o-secretario-chefe-da-casa-civil-do-governo-de-sp\/#primaryimage"},"thumbnailUrl":"https:\/\/regiaonews.net.br\/2022\/wp-content\/uploads\/2023\/08\/Visita-Secretario-Arhur-Lima-Olimpia-1.jpeg","datePublished":"2023-08-07T13:38:55+00:00","breadcrumb":{"@id":"https:\/\/regiaonews.net.br\/2022\/2023\/08\/07\/olimpia-recebe-prefeitos-da-regiao-de-barretos-em-encontro-com-o-secretario-chefe-da-casa-civil-do-governo-de-sp\/#breadcrumb"},"inLanguage":"pt-BR","potentialAction":[{"@type":"ReadAction","target":["https:\/\/regiaonews.net.br\/2022\/2023\/08\/07\/olimpia-recebe-prefeitos-da-regiao-de-barretos-em-encontro-com-o-secretario-chefe-da-casa-civil-do-governo-de-sp\/"]}]},{"@type":"ImageObject","inLanguage":"pt-BR","@id":"https:\/\/regiaonews.net.br\/2022\/2023\/08\/07\/olimpia-recebe-prefeitos-da-regiao-de-barretos-em-encontro-com-o-secretario-chefe-da-casa-civil-do-governo-de-sp\/#primaryimage","url":"https:\/\/regiaonews.net.br\/2022\/wp-content\/uploads\/2023\/08\/Visita-Secretario-Arhur-Lima-Olimpia-1.jpeg","contentUrl":"https:\/\/regiaonews.net.br\/2022\/wp-content\/uploads\/2023\/08\/Visita-Secretario-Arhur-Lima-Olimpia-1.jpeg","width":1599,"height":1036},{"@type":"BreadcrumbList","@id":"https:\/\/regiaonews.net.br\/2022\/2023\/08\/07\/olimpia-recebe-prefeitos-da-regiao-de-barretos-em-encontro-com-o-secretario-chefe-da-casa-civil-do-governo-de-sp\/#breadcrumb","itemListElement":[{"@type":"ListItem","position":1,"name":"In\u00edcio","item":"https:\/\/regiaonews.net.br\/2022\/"},{"@type":"ListItem","position":2,"name":"Ol\u00edmpia recebe prefeitos da regi\u00e3o de Barretos em encontro com o Secret\u00e1rio-Chefe da Casa Civil do Governo de SP"}]},{"@type":"WebSite","@id":"https:\/\/regiaonews.net.br\/2022\/#website","url":"https:\/\/regiaonews.net.br\/2022\/","name":"Regi\u00e3o News","description":"Site de Not\u00edcias de Barretos e regi\u00e3o","publisher":{"@id":"https:\/\/regiaonews.net.br\/2022\/#organization"},"potentialAction":[{"@type":"SearchAction","target":{"@type":"EntryPoint","urlTemplate":"https:\/\/regiaonews.net.br\/2022\/?s={search_term_string}"},"query-input":{"@type":"PropertyValueSpecification","valueRequired":true,"valueName":"search_term_string"}}],"inLanguage":"pt-BR"},{"@type":"Organization","@id":"https:\/\/regiaonews.net.br\/2022\/#organization","name":"Regi\u00e3o News","url":"https:\/\/regiaonews.net.br\/2022\/","logo":{"@type":"ImageObject","inLanguage":"pt-BR","@id":"https:\/\/regiaonews.net.br\/2022\/#\/schema\/logo\/image\/","url":"https:\/\/regiaonews.net.br\/2022\/wp-content\/uploads\/2026\/03\/regiao-13-anos-scaled.jpg","contentUrl":"https:\/\/regiaonews.net.br\/2022\/wp-content\/uploads\/2026\/03\/regiao-13-anos-scaled.jpg","width":2560,"height":635,"caption":"Regi\u00e3o News"},"image":{"@id":"https:\/\/regiaonews.net.br\/2022\/#\/schema\/logo\/image\/"}},{"@type":"Person","@id":"https:\/\/regiaonews.net.br\/2022\/#\/schema\/person\/2d205a608a5aa97ac279d7a5e6d89ad8","name":"Roberto","image":{"@type":"ImageObject","inLanguage":"pt-BR","@id":"https:\/\/secure.gravatar.com\/avatar\/42749d8b712ff9d59ca93dc150494e5b55a44134482993f5baeb97e61b7ecc89?s=96&d=mm&r=g","url":"https:\/\/secure.gravatar.com\/avatar\/42749d8b712ff9d59ca93dc150494e5b55a44134482993f5baeb97e61b7ecc89?s=96&d=mm&r=g","contentUrl":"https:\/\/secure.gravatar.com\/avatar\/42749d8b712ff9d59ca93dc150494e5b55a44134482993f5baeb97e61b7ecc89?s=96&d=mm&r=g","caption":"Roberto"},"url":"https:\/\/regiaonews.net.br\/2022\/author\/roberto\/"}]}},"publishpress_future_action":{"enabled":false,"date":"2026-05-04 04:11:14","action":"change-status","newStatus":"draft","terms":[],"taxonomy":"category","extraData":[]},"publishpress_future_workflow_manual_trigger":{"enabledWorkflows":[]},"_links":{"self":[{"href":"https:\/\/regiaonews.net.br\/2022\/wp-json\/wp\/v2\/posts\/92990","targetHints":{"allow":["GET"]}}],"collection":[{"href":"https:\/\/regiaonews.net.br\/2022\/wp-json\/wp\/v2\/posts"}],"about":[{"href":"https:\/\/regiaonews.net.br\/2022\/wp-json\/wp\/v2\/types\/post"}],"author":[{"embeddable":true,"href":"https:\/\/regiaonews.net.br\/2022\/wp-json\/wp\/v2\/users\/2"}],"replies":[{"embeddable":true,"href":"https:\/\/regiaonews.net.br\/2022\/wp-json\/wp\/v2\/comments?post=92990"}],"version-history":[{"count":1,"href":"https:\/\/regiaonews.net.br\/2022\/wp-json\/wp\/v2\/posts\/92990\/revisions"}],"predecessor-version":[{"id":92992,"href":"https:\/\/regiaonews.net.br\/2022\/wp-json\/wp\/v2\/posts\/92990\/revisions\/92992"}],"wp:featuredmedia":[{"embeddable":true,"href":"https:\/\/regiaonews.net.br\/2022\/wp-json\/wp\/v2\/media\/92991"}],"wp:attachment":[{"href":"https:\/\/regiaonews.net.br\/2022\/wp-json\/wp\/v2\/media?parent=92990"}],"wp:term":[{"taxonomy":"category","embeddable":true,"href":"https:\/\/regiaonews.net.br\/2022\/wp-json\/wp\/v2\/categories?post=92990"},{"taxonomy":"post_tag","embeddable":true,"href":"https:\/\/regiaonews.net.br\/2022\/wp-json\/wp\/v2\/tags?post=92990"}],"curies":[{"name":"wp","href":"https:\/\/api.w.org\/{rel}","templated":true}]}}