{"id":92987,"date":"2023-08-07T10:38:05","date_gmt":"2023-08-07T13:38:05","guid":{"rendered":"https:\/\/regiaonews.net.br\/2022\/?p=92987"},"modified":"2023-08-07T10:38:05","modified_gmt":"2023-08-07T13:38:05","slug":"prefeitura-de-barretos-implanta-canal-online-para-atendimento-tecnico-na-divisao-de-obras-particulares","status":"publish","type":"post","link":"https:\/\/regiaonews.net.br\/2022\/2023\/08\/07\/prefeitura-de-barretos-implanta-canal-online-para-atendimento-tecnico-na-divisao-de-obras-particulares\/","title":{"rendered":"Prefeitura de Barretos implanta canal online para atendimento t\u00e9cnico na Divis\u00e3o de Obras Particulares"},"content":{"rendered":"<h3 style=\"text-align: center;\">Ferramenta, espec\u00edfica para d\u00favidas t\u00e9cnicas sobre processos de aprova\u00e7\u00e3o e regulariza\u00e7\u00e3o de projetos e legisla\u00e7\u00e3o municipal referente \u00e0 constru\u00e7\u00e3o de im\u00f3veis, estar\u00e1 dispon\u00edvel a partir de segunda-feira, dia 7.<\/h3>\n<div><\/div>\n<div>A Prefeitura da Est\u00e2ncia Tur\u00edstica de Barretos, por meio da Secretaria Municipal de Planejamento e Desenvolvimento, passa a oferecer a partir da pr\u00f3xima segunda-feira, 7, um canal online para atendimento exclusivo a profissionais da constru\u00e7\u00e3o civil.<\/div>\n<div>De acordo com o Secret\u00e1rio de Planejamento, Carlos Henrique Gon\u00e7alves Lucio, por meio do site\u00a0<a href=\"https:\/\/calendly.com\/sapengenhariapmb\/\" target=\"_blank\" rel=\"noopener\" data-saferedirecturl=\"https:\/\/www.google.com\/url?q=https:\/\/calendly.com\/sapengenhariapmb\/&amp;source=gmail&amp;ust=1691501755263000&amp;usg=AOvVaw0DRQGHFwWiqXvK0J9-RfCU\">https:\/\/calendly.com\/<wbr \/>sapengenhariapmb\/<\/a>\u00a0ser\u00e1 poss\u00edvel realizar o agendamento para atendimento online com os analistas t\u00e9cnicos da Divis\u00e3o de Obras Particulares da secretaria. \u201cEsta ferramenta \u00e9 espec\u00edfica para d\u00favidas t\u00e9cnicas sobre processos de aprova\u00e7\u00e3o e regulariza\u00e7\u00e3o de projetos e legisla\u00e7\u00e3o municipal referente \u00e0 constru\u00e7\u00e3o de im\u00f3veis\u201d, explicou. Ele destaca ainda que o atendimento online visa \u00e0 democratiza\u00e7\u00e3o do acesso aos servi\u00e7os p\u00fablicos ofertados, garantindo aos profissionais da constru\u00e7\u00e3o civil maior comodidade e agilidade.<\/div>\n<div>Ao acessar a plataforma, o interessado deve escolher uma data e um hor\u00e1rio dispon\u00edvel, preencher um formul\u00e1rio com nome, e-mail, n\u00famero de telefone celular \/ Whatsapp, informar o n\u00famero do processo para o qual deseja atendimento e descrever resumidamente as d\u00favidas ou questionamentos que motivaram a solicita\u00e7\u00e3o. \u201cAp\u00f3s este procedimento, a equipe entrar\u00e1 em contato para enviar a confirma\u00e7\u00e3o do agendamento e o link para o atendimento online, que ser\u00e1 realizado pela plataforma Zoom\u201d, completou o secret\u00e1rio.<\/div>\n<div>Para d\u00favidas referentes a quest\u00f5es gerais de tramita\u00e7\u00e3o, uso do sistema online de aprova\u00e7\u00e3o ou consulta de situa\u00e7\u00e3o de im\u00f3veis, o contato deve ser feito presencialmente, ou via telefone (17) 3612-2113, 3612-2115 ou whatsapp (17) 98199-3558.<\/div>\n<div><\/div>\n<div><b>Reda\u00e7\u00e3o: Assessoria de imprensa<\/b><\/div>\n","protected":false},"excerpt":{"rendered":"<p>Ferramenta, espec\u00edfica para d\u00favidas t\u00e9cnicas sobre processos de aprova\u00e7\u00e3o e<\/p>\n","protected":false},"author":2,"featured_media":92988,"comment_status":"open","ping_status":"open","sticky":false,"template":"","format":"standard","meta":{"footnotes":""},"categories":[14,3],"tags":[],"class_list":["post-92987","post","type-post","status-publish","format-standard","has-post-thumbnail","hentry","category-barretos","category-geral"],"yoast_head":"<!-- This site is optimized with the Yoast SEO plugin v27.4 - https:\/\/yoast.com\/product\/yoast-seo-wordpress\/ -->\n<title>Prefeitura de Barretos implanta canal online para atendimento t\u00e9cnico na Divis\u00e3o de Obras Particulares - Regi\u00e3o News<\/title>\n<meta name=\"robots\" content=\"index, follow, max-snippet:-1, max-image-preview:large, max-video-preview:-1\" \/>\n<link rel=\"canonical\" href=\"https:\/\/regiaonews.net.br\/2022\/2023\/08\/07\/prefeitura-de-barretos-implanta-canal-online-para-atendimento-tecnico-na-divisao-de-obras-particulares\/\" \/>\n<meta property=\"og:locale\" content=\"pt_BR\" \/>\n<meta property=\"og:type\" content=\"article\" \/>\n<meta property=\"og:title\" content=\"Prefeitura de Barretos implanta canal online para atendimento t\u00e9cnico na Divis\u00e3o de Obras Particulares - Regi\u00e3o News\" \/>\n<meta property=\"og:description\" content=\"Ferramenta, espec\u00edfica para d\u00favidas t\u00e9cnicas sobre processos de aprova\u00e7\u00e3o e\" \/>\n<meta property=\"og:url\" content=\"https:\/\/regiaonews.net.br\/2022\/2023\/08\/07\/prefeitura-de-barretos-implanta-canal-online-para-atendimento-tecnico-na-divisao-de-obras-particulares\/\" \/>\n<meta property=\"og:site_name\" content=\"Regi\u00e3o News\" \/>\n<meta property=\"article:published_time\" content=\"2023-08-07T13:38:05+00:00\" \/>\n<meta property=\"og:image\" content=\"https:\/\/regiaonews.net.br\/2022\/wp-content\/uploads\/2023\/08\/3644a684f98ea8fe223c713b77189a77.jpg\" \/>\n\t<meta property=\"og:image:width\" content=\"1753\" \/>\n\t<meta property=\"og:image:height\" content=\"2312\" \/>\n\t<meta property=\"og:image:type\" content=\"image\/jpeg\" \/>\n<meta name=\"author\" content=\"Roberto\" \/>\n<meta name=\"twitter:card\" content=\"summary_large_image\" \/>\n<meta name=\"twitter:label1\" content=\"Escrito por\" \/>\n\t<meta name=\"twitter:data1\" content=\"Roberto\" \/>\n\t<meta name=\"twitter:label2\" content=\"Est. tempo de leitura\" \/>\n\t<meta name=\"twitter:data2\" content=\"2 minutos\" \/>\n<script type=\"application\/ld+json\" class=\"yoast-schema-graph\">{\"@context\":\"https:\\\/\\\/schema.org\",\"@graph\":[{\"@type\":\"Article\",\"@id\":\"https:\\\/\\\/regiaonews.net.br\\\/2022\\\/2023\\\/08\\\/07\\\/prefeitura-de-barretos-implanta-canal-online-para-atendimento-tecnico-na-divisao-de-obras-particulares\\\/#article\",\"isPartOf\":{\"@id\":\"https:\\\/\\\/regiaonews.net.br\\\/2022\\\/2023\\\/08\\\/07\\\/prefeitura-de-barretos-implanta-canal-online-para-atendimento-tecnico-na-divisao-de-obras-particulares\\\/\"},\"author\":{\"name\":\"Roberto\",\"@id\":\"https:\\\/\\\/regiaonews.net.br\\\/2022\\\/#\\\/schema\\\/person\\\/2d205a608a5aa97ac279d7a5e6d89ad8\"},\"headline\":\"Prefeitura de Barretos implanta canal online para atendimento t\u00e9cnico na Divis\u00e3o de Obras Particulares\",\"datePublished\":\"2023-08-07T13:38:05+00:00\",\"mainEntityOfPage\":{\"@id\":\"https:\\\/\\\/regiaonews.net.br\\\/2022\\\/2023\\\/08\\\/07\\\/prefeitura-de-barretos-implanta-canal-online-para-atendimento-tecnico-na-divisao-de-obras-particulares\\\/\"},\"wordCount\":324,\"commentCount\":0,\"publisher\":{\"@id\":\"https:\\\/\\\/regiaonews.net.br\\\/2022\\\/#organization\"},\"image\":{\"@id\":\"https:\\\/\\\/regiaonews.net.br\\\/2022\\\/2023\\\/08\\\/07\\\/prefeitura-de-barretos-implanta-canal-online-para-atendimento-tecnico-na-divisao-de-obras-particulares\\\/#primaryimage\"},\"thumbnailUrl\":\"https:\\\/\\\/regiaonews.net.br\\\/2022\\\/wp-content\\\/uploads\\\/2023\\\/08\\\/3644a684f98ea8fe223c713b77189a77.jpg\",\"articleSection\":[\"Barretos\",\"Geral\"],\"inLanguage\":\"pt-BR\",\"potentialAction\":[{\"@type\":\"CommentAction\",\"name\":\"Comment\",\"target\":[\"https:\\\/\\\/regiaonews.net.br\\\/2022\\\/2023\\\/08\\\/07\\\/prefeitura-de-barretos-implanta-canal-online-para-atendimento-tecnico-na-divisao-de-obras-particulares\\\/#respond\"]}]},{\"@type\":\"WebPage\",\"@id\":\"https:\\\/\\\/regiaonews.net.br\\\/2022\\\/2023\\\/08\\\/07\\\/prefeitura-de-barretos-implanta-canal-online-para-atendimento-tecnico-na-divisao-de-obras-particulares\\\/\",\"url\":\"https:\\\/\\\/regiaonews.net.br\\\/2022\\\/2023\\\/08\\\/07\\\/prefeitura-de-barretos-implanta-canal-online-para-atendimento-tecnico-na-divisao-de-obras-particulares\\\/\",\"name\":\"Prefeitura de Barretos implanta canal online para atendimento t\u00e9cnico na Divis\u00e3o de Obras Particulares - Regi\u00e3o News\",\"isPartOf\":{\"@id\":\"https:\\\/\\\/regiaonews.net.br\\\/2022\\\/#website\"},\"primaryImageOfPage\":{\"@id\":\"https:\\\/\\\/regiaonews.net.br\\\/2022\\\/2023\\\/08\\\/07\\\/prefeitura-de-barretos-implanta-canal-online-para-atendimento-tecnico-na-divisao-de-obras-particulares\\\/#primaryimage\"},\"image\":{\"@id\":\"https:\\\/\\\/regiaonews.net.br\\\/2022\\\/2023\\\/08\\\/07\\\/prefeitura-de-barretos-implanta-canal-online-para-atendimento-tecnico-na-divisao-de-obras-particulares\\\/#primaryimage\"},\"thumbnailUrl\":\"https:\\\/\\\/regiaonews.net.br\\\/2022\\\/wp-content\\\/uploads\\\/2023\\\/08\\\/3644a684f98ea8fe223c713b77189a77.jpg\",\"datePublished\":\"2023-08-07T13:38:05+00:00\",\"breadcrumb\":{\"@id\":\"https:\\\/\\\/regiaonews.net.br\\\/2022\\\/2023\\\/08\\\/07\\\/prefeitura-de-barretos-implanta-canal-online-para-atendimento-tecnico-na-divisao-de-obras-particulares\\\/#breadcrumb\"},\"inLanguage\":\"pt-BR\",\"potentialAction\":[{\"@type\":\"ReadAction\",\"target\":[\"https:\\\/\\\/regiaonews.net.br\\\/2022\\\/2023\\\/08\\\/07\\\/prefeitura-de-barretos-implanta-canal-online-para-atendimento-tecnico-na-divisao-de-obras-particulares\\\/\"]}]},{\"@type\":\"ImageObject\",\"inLanguage\":\"pt-BR\",\"@id\":\"https:\\\/\\\/regiaonews.net.br\\\/2022\\\/2023\\\/08\\\/07\\\/prefeitura-de-barretos-implanta-canal-online-para-atendimento-tecnico-na-divisao-de-obras-particulares\\\/#primaryimage\",\"url\":\"https:\\\/\\\/regiaonews.net.br\\\/2022\\\/wp-content\\\/uploads\\\/2023\\\/08\\\/3644a684f98ea8fe223c713b77189a77.jpg\",\"contentUrl\":\"https:\\\/\\\/regiaonews.net.br\\\/2022\\\/wp-content\\\/uploads\\\/2023\\\/08\\\/3644a684f98ea8fe223c713b77189a77.jpg\",\"width\":1753,\"height\":2312},{\"@type\":\"BreadcrumbList\",\"@id\":\"https:\\\/\\\/regiaonews.net.br\\\/2022\\\/2023\\\/08\\\/07\\\/prefeitura-de-barretos-implanta-canal-online-para-atendimento-tecnico-na-divisao-de-obras-particulares\\\/#breadcrumb\",\"itemListElement\":[{\"@type\":\"ListItem\",\"position\":1,\"name\":\"In\u00edcio\",\"item\":\"https:\\\/\\\/regiaonews.net.br\\\/2022\\\/\"},{\"@type\":\"ListItem\",\"position\":2,\"name\":\"Prefeitura de Barretos implanta canal online para atendimento t\u00e9cnico na Divis\u00e3o de Obras Particulares\"}]},{\"@type\":\"WebSite\",\"@id\":\"https:\\\/\\\/regiaonews.net.br\\\/2022\\\/#website\",\"url\":\"https:\\\/\\\/regiaonews.net.br\\\/2022\\\/\",\"name\":\"Regi\u00e3o News\",\"description\":\"Site de Not\u00edcias de Barretos e regi\u00e3o\",\"publisher\":{\"@id\":\"https:\\\/\\\/regiaonews.net.br\\\/2022\\\/#organization\"},\"potentialAction\":[{\"@type\":\"SearchAction\",\"target\":{\"@type\":\"EntryPoint\",\"urlTemplate\":\"https:\\\/\\\/regiaonews.net.br\\\/2022\\\/?s={search_term_string}\"},\"query-input\":{\"@type\":\"PropertyValueSpecification\",\"valueRequired\":true,\"valueName\":\"search_term_string\"}}],\"inLanguage\":\"pt-BR\"},{\"@type\":\"Organization\",\"@id\":\"https:\\\/\\\/regiaonews.net.br\\\/2022\\\/#organization\",\"name\":\"Regi\u00e3o News\",\"url\":\"https:\\\/\\\/regiaonews.net.br\\\/2022\\\/\",\"logo\":{\"@type\":\"ImageObject\",\"inLanguage\":\"pt-BR\",\"@id\":\"https:\\\/\\\/regiaonews.net.br\\\/2022\\\/#\\\/schema\\\/logo\\\/image\\\/\",\"url\":\"https:\\\/\\\/regiaonews.net.br\\\/2022\\\/wp-content\\\/uploads\\\/2026\\\/03\\\/regiao-13-anos-scaled.jpg\",\"contentUrl\":\"https:\\\/\\\/regiaonews.net.br\\\/2022\\\/wp-content\\\/uploads\\\/2026\\\/03\\\/regiao-13-anos-scaled.jpg\",\"width\":2560,\"height\":635,\"caption\":\"Regi\u00e3o News\"},\"image\":{\"@id\":\"https:\\\/\\\/regiaonews.net.br\\\/2022\\\/#\\\/schema\\\/logo\\\/image\\\/\"}},{\"@type\":\"Person\",\"@id\":\"https:\\\/\\\/regiaonews.net.br\\\/2022\\\/#\\\/schema\\\/person\\\/2d205a608a5aa97ac279d7a5e6d89ad8\",\"name\":\"Roberto\",\"image\":{\"@type\":\"ImageObject\",\"inLanguage\":\"pt-BR\",\"@id\":\"https:\\\/\\\/secure.gravatar.com\\\/avatar\\\/42749d8b712ff9d59ca93dc150494e5b55a44134482993f5baeb97e61b7ecc89?s=96&d=mm&r=g\",\"url\":\"https:\\\/\\\/secure.gravatar.com\\\/avatar\\\/42749d8b712ff9d59ca93dc150494e5b55a44134482993f5baeb97e61b7ecc89?s=96&d=mm&r=g\",\"contentUrl\":\"https:\\\/\\\/secure.gravatar.com\\\/avatar\\\/42749d8b712ff9d59ca93dc150494e5b55a44134482993f5baeb97e61b7ecc89?s=96&d=mm&r=g\",\"caption\":\"Roberto\"},\"url\":\"https:\\\/\\\/regiaonews.net.br\\\/2022\\\/author\\\/roberto\\\/\"}]}<\/script>\n<!-- \/ Yoast SEO plugin. -->","yoast_head_json":{"title":"Prefeitura de Barretos implanta canal online para atendimento t\u00e9cnico na Divis\u00e3o de Obras Particulares - Regi\u00e3o News","robots":{"index":"index","follow":"follow","max-snippet":"max-snippet:-1","max-image-preview":"max-image-preview:large","max-video-preview":"max-video-preview:-1"},"canonical":"https:\/\/regiaonews.net.br\/2022\/2023\/08\/07\/prefeitura-de-barretos-implanta-canal-online-para-atendimento-tecnico-na-divisao-de-obras-particulares\/","og_locale":"pt_BR","og_type":"article","og_title":"Prefeitura de Barretos implanta canal online para atendimento t\u00e9cnico na Divis\u00e3o de Obras Particulares - Regi\u00e3o News","og_description":"Ferramenta, espec\u00edfica para d\u00favidas t\u00e9cnicas sobre processos de aprova\u00e7\u00e3o e","og_url":"https:\/\/regiaonews.net.br\/2022\/2023\/08\/07\/prefeitura-de-barretos-implanta-canal-online-para-atendimento-tecnico-na-divisao-de-obras-particulares\/","og_site_name":"Regi\u00e3o News","article_published_time":"2023-08-07T13:38:05+00:00","og_image":[{"width":1753,"height":2312,"url":"https:\/\/regiaonews.net.br\/2022\/wp-content\/uploads\/2023\/08\/3644a684f98ea8fe223c713b77189a77.jpg","type":"image\/jpeg"}],"author":"Roberto","twitter_card":"summary_large_image","twitter_misc":{"Escrito por":"Roberto","Est. tempo de leitura":"2 minutos"},"schema":{"@context":"https:\/\/schema.org","@graph":[{"@type":"Article","@id":"https:\/\/regiaonews.net.br\/2022\/2023\/08\/07\/prefeitura-de-barretos-implanta-canal-online-para-atendimento-tecnico-na-divisao-de-obras-particulares\/#article","isPartOf":{"@id":"https:\/\/regiaonews.net.br\/2022\/2023\/08\/07\/prefeitura-de-barretos-implanta-canal-online-para-atendimento-tecnico-na-divisao-de-obras-particulares\/"},"author":{"name":"Roberto","@id":"https:\/\/regiaonews.net.br\/2022\/#\/schema\/person\/2d205a608a5aa97ac279d7a5e6d89ad8"},"headline":"Prefeitura de Barretos implanta canal online para atendimento t\u00e9cnico na Divis\u00e3o de Obras Particulares","datePublished":"2023-08-07T13:38:05+00:00","mainEntityOfPage":{"@id":"https:\/\/regiaonews.net.br\/2022\/2023\/08\/07\/prefeitura-de-barretos-implanta-canal-online-para-atendimento-tecnico-na-divisao-de-obras-particulares\/"},"wordCount":324,"commentCount":0,"publisher":{"@id":"https:\/\/regiaonews.net.br\/2022\/#organization"},"image":{"@id":"https:\/\/regiaonews.net.br\/2022\/2023\/08\/07\/prefeitura-de-barretos-implanta-canal-online-para-atendimento-tecnico-na-divisao-de-obras-particulares\/#primaryimage"},"thumbnailUrl":"https:\/\/regiaonews.net.br\/2022\/wp-content\/uploads\/2023\/08\/3644a684f98ea8fe223c713b77189a77.jpg","articleSection":["Barretos","Geral"],"inLanguage":"pt-BR","potentialAction":[{"@type":"CommentAction","name":"Comment","target":["https:\/\/regiaonews.net.br\/2022\/2023\/08\/07\/prefeitura-de-barretos-implanta-canal-online-para-atendimento-tecnico-na-divisao-de-obras-particulares\/#respond"]}]},{"@type":"WebPage","@id":"https:\/\/regiaonews.net.br\/2022\/2023\/08\/07\/prefeitura-de-barretos-implanta-canal-online-para-atendimento-tecnico-na-divisao-de-obras-particulares\/","url":"https:\/\/regiaonews.net.br\/2022\/2023\/08\/07\/prefeitura-de-barretos-implanta-canal-online-para-atendimento-tecnico-na-divisao-de-obras-particulares\/","name":"Prefeitura de Barretos implanta canal online para atendimento t\u00e9cnico na Divis\u00e3o de Obras Particulares - Regi\u00e3o News","isPartOf":{"@id":"https:\/\/regiaonews.net.br\/2022\/#website"},"primaryImageOfPage":{"@id":"https:\/\/regiaonews.net.br\/2022\/2023\/08\/07\/prefeitura-de-barretos-implanta-canal-online-para-atendimento-tecnico-na-divisao-de-obras-particulares\/#primaryimage"},"image":{"@id":"https:\/\/regiaonews.net.br\/2022\/2023\/08\/07\/prefeitura-de-barretos-implanta-canal-online-para-atendimento-tecnico-na-divisao-de-obras-particulares\/#primaryimage"},"thumbnailUrl":"https:\/\/regiaonews.net.br\/2022\/wp-content\/uploads\/2023\/08\/3644a684f98ea8fe223c713b77189a77.jpg","datePublished":"2023-08-07T13:38:05+00:00","breadcrumb":{"@id":"https:\/\/regiaonews.net.br\/2022\/2023\/08\/07\/prefeitura-de-barretos-implanta-canal-online-para-atendimento-tecnico-na-divisao-de-obras-particulares\/#breadcrumb"},"inLanguage":"pt-BR","potentialAction":[{"@type":"ReadAction","target":["https:\/\/regiaonews.net.br\/2022\/2023\/08\/07\/prefeitura-de-barretos-implanta-canal-online-para-atendimento-tecnico-na-divisao-de-obras-particulares\/"]}]},{"@type":"ImageObject","inLanguage":"pt-BR","@id":"https:\/\/regiaonews.net.br\/2022\/2023\/08\/07\/prefeitura-de-barretos-implanta-canal-online-para-atendimento-tecnico-na-divisao-de-obras-particulares\/#primaryimage","url":"https:\/\/regiaonews.net.br\/2022\/wp-content\/uploads\/2023\/08\/3644a684f98ea8fe223c713b77189a77.jpg","contentUrl":"https:\/\/regiaonews.net.br\/2022\/wp-content\/uploads\/2023\/08\/3644a684f98ea8fe223c713b77189a77.jpg","width":1753,"height":2312},{"@type":"BreadcrumbList","@id":"https:\/\/regiaonews.net.br\/2022\/2023\/08\/07\/prefeitura-de-barretos-implanta-canal-online-para-atendimento-tecnico-na-divisao-de-obras-particulares\/#breadcrumb","itemListElement":[{"@type":"ListItem","position":1,"name":"In\u00edcio","item":"https:\/\/regiaonews.net.br\/2022\/"},{"@type":"ListItem","position":2,"name":"Prefeitura de Barretos implanta canal online para atendimento t\u00e9cnico na Divis\u00e3o de Obras Particulares"}]},{"@type":"WebSite","@id":"https:\/\/regiaonews.net.br\/2022\/#website","url":"https:\/\/regiaonews.net.br\/2022\/","name":"Regi\u00e3o News","description":"Site de Not\u00edcias de Barretos e regi\u00e3o","publisher":{"@id":"https:\/\/regiaonews.net.br\/2022\/#organization"},"potentialAction":[{"@type":"SearchAction","target":{"@type":"EntryPoint","urlTemplate":"https:\/\/regiaonews.net.br\/2022\/?s={search_term_string}"},"query-input":{"@type":"PropertyValueSpecification","valueRequired":true,"valueName":"search_term_string"}}],"inLanguage":"pt-BR"},{"@type":"Organization","@id":"https:\/\/regiaonews.net.br\/2022\/#organization","name":"Regi\u00e3o News","url":"https:\/\/regiaonews.net.br\/2022\/","logo":{"@type":"ImageObject","inLanguage":"pt-BR","@id":"https:\/\/regiaonews.net.br\/2022\/#\/schema\/logo\/image\/","url":"https:\/\/regiaonews.net.br\/2022\/wp-content\/uploads\/2026\/03\/regiao-13-anos-scaled.jpg","contentUrl":"https:\/\/regiaonews.net.br\/2022\/wp-content\/uploads\/2026\/03\/regiao-13-anos-scaled.jpg","width":2560,"height":635,"caption":"Regi\u00e3o News"},"image":{"@id":"https:\/\/regiaonews.net.br\/2022\/#\/schema\/logo\/image\/"}},{"@type":"Person","@id":"https:\/\/regiaonews.net.br\/2022\/#\/schema\/person\/2d205a608a5aa97ac279d7a5e6d89ad8","name":"Roberto","image":{"@type":"ImageObject","inLanguage":"pt-BR","@id":"https:\/\/secure.gravatar.com\/avatar\/42749d8b712ff9d59ca93dc150494e5b55a44134482993f5baeb97e61b7ecc89?s=96&d=mm&r=g","url":"https:\/\/secure.gravatar.com\/avatar\/42749d8b712ff9d59ca93dc150494e5b55a44134482993f5baeb97e61b7ecc89?s=96&d=mm&r=g","contentUrl":"https:\/\/secure.gravatar.com\/avatar\/42749d8b712ff9d59ca93dc150494e5b55a44134482993f5baeb97e61b7ecc89?s=96&d=mm&r=g","caption":"Roberto"},"url":"https:\/\/regiaonews.net.br\/2022\/author\/roberto\/"}]}},"publishpress_future_action":{"enabled":false,"date":"2026-05-04 01:07:40","action":"change-status","newStatus":"draft","terms":[],"taxonomy":"category","extraData":[]},"publishpress_future_workflow_manual_trigger":{"enabledWorkflows":[]},"_links":{"self":[{"href":"https:\/\/regiaonews.net.br\/2022\/wp-json\/wp\/v2\/posts\/92987","targetHints":{"allow":["GET"]}}],"collection":[{"href":"https:\/\/regiaonews.net.br\/2022\/wp-json\/wp\/v2\/posts"}],"about":[{"href":"https:\/\/regiaonews.net.br\/2022\/wp-json\/wp\/v2\/types\/post"}],"author":[{"embeddable":true,"href":"https:\/\/regiaonews.net.br\/2022\/wp-json\/wp\/v2\/users\/2"}],"replies":[{"embeddable":true,"href":"https:\/\/regiaonews.net.br\/2022\/wp-json\/wp\/v2\/comments?post=92987"}],"version-history":[{"count":1,"href":"https:\/\/regiaonews.net.br\/2022\/wp-json\/wp\/v2\/posts\/92987\/revisions"}],"predecessor-version":[{"id":92989,"href":"https:\/\/regiaonews.net.br\/2022\/wp-json\/wp\/v2\/posts\/92987\/revisions\/92989"}],"wp:featuredmedia":[{"embeddable":true,"href":"https:\/\/regiaonews.net.br\/2022\/wp-json\/wp\/v2\/media\/92988"}],"wp:attachment":[{"href":"https:\/\/regiaonews.net.br\/2022\/wp-json\/wp\/v2\/media?parent=92987"}],"wp:term":[{"taxonomy":"category","embeddable":true,"href":"https:\/\/regiaonews.net.br\/2022\/wp-json\/wp\/v2\/categories?post=92987"},{"taxonomy":"post_tag","embeddable":true,"href":"https:\/\/regiaonews.net.br\/2022\/wp-json\/wp\/v2\/tags?post=92987"}],"curies":[{"name":"wp","href":"https:\/\/api.w.org\/{rel}","templated":true}]}}