{"id":92969,"date":"2023-08-06T15:53:54","date_gmt":"2023-08-06T18:53:54","guid":{"rendered":"https:\/\/regiaonews.net.br\/2022\/?p=92969"},"modified":"2023-08-06T15:53:54","modified_gmt":"2023-08-06T18:53:54","slug":"suecia-vence-eua-nos-penaltis-na-copa-do-mundo","status":"publish","type":"post","link":"https:\/\/regiaonews.net.br\/2022\/2023\/08\/06\/suecia-vence-eua-nos-penaltis-na-copa-do-mundo\/","title":{"rendered":"Su\u00e9cia vence EUA nos p\u00eanaltis na Copa do Mundo"},"content":{"rendered":"<header class=\"header-static navbar-sticky navbar-light\">\n<nav class=\"navbar\">\n<div class=\"container nav-item dropdown megamenu\">\n<div class=\"offset-1 navbar-brand flex-grow-1\"><\/div>\n<\/div>\n<\/nav>\n<\/header>\n<div class=\"container\"><\/div>\n<div class=\"region region-content\">\n<article class=\"container\">\n<div class=\"row\">\n<div class=\"col-lg-12 mb-3\">\n<div class=\"post-image\"><a href=\"https:\/\/agenciabrasil.ebc.com.br\/esportes\/noticia\/2023-08\/suecia-vence-eua-nas-penalidades-maximas-para-chegar-quartas#\"><img decoding=\"async\" id=\"media-340569\" class=\"rounded-lg shadow-sm w-100\" title=\"Reuters\/Asanka Brendon Ratnayake\/Direitos Reservados\" src=\"https:\/\/imagens.ebc.com.br\/9J8yfccqHjRlubnVROlWb_6gmaQ=\/1170x700\/smart\/https:\/\/agenciabrasil.ebc.com.br\/sites\/default\/files\/thumbnails\/image\/2023-08-06t115238z_1413229297_up1ej860wznaz_rtrmadp_3_soccer-worldcup-swe-usa-report.jpg?itok=pQ8b4VzU\" alt=\"su\u00e9cia, eua, copa do mundo\" \/>\u00a9 Reuters\/Asanka Brendon Ratnayake\/Direitos Reservados<\/a><\/div>\n<\/div>\n<div class=\"col-lg-12 mb-3\">\n<div class=\"row\">\n<div class=\"col-10 offset-1 animated fadeInDown dealy-1100 alt-font text-center\"><\/div>\n<\/div>\n<div class=\"row\">\n<div id=\"tts-container\" class=\"col-xl-7 offset-xl-1 col-lg-8 offset-lg-0 col-md-10 offset-md-1 mb-3\"><\/div>\n<\/div>\n<\/div>\n<div class=\"col-xl-7 offset-xl-1 col-lg-8 offset-lg-0 col-md-10 offset-md-1 mb-3\">\n<div class=\"post-item alt-font\">\n<div class=\"post-item-wrap\">\n<p>Em um jogo emocionante que teve o resultado confirmado com aux\u00edlio da tecnologia, a Su\u00e9cia eliminou os Estados Unidos nas oitavas de final da Copa do Mundo de futebol feminino na manh\u00e3 deste domingo (6) no est\u00e1dio Melbourne Rectangular, na Austr\u00e1lia. Com isso, as norte-americanas viram chegar ao fim o sonho de alcan\u00e7ar o pentacampeonato no Mundial disputado na Oceania.<img decoding=\"async\" src=\"https:\/\/agenciabrasil.ebc.com.br\/ebc.png?id=1547634&amp;o=node\" \/><img decoding=\"async\" src=\"https:\/\/agenciabrasil.ebc.com.br\/ebc.gif?id=1547634&amp;o=node\" \/><\/p>\n<div class=\"twitter-tweet twitter-tweet-rendered\"><\/div>\n<p>O triunfo das suecas foi garantido em um triunfo de 5 a 4 nas penalidades m\u00e1ximas ap\u00f3s um empate sem gols nos 90 minutos regulamentares e nos 30 minutos da prorroga\u00e7\u00e3o. Agora, a Su\u00e9cia enfrentar\u00e1 o Jap\u00e3o nas quartas de final da competi\u00e7\u00e3o.<\/p>\n<p>Em uma partida na qual a goleira Musovic, que realizou grandes defesas, foi a grande personagem nos 120 minutos de bola rolando, a vaga para as quartas teve que ser decidida nos p\u00eanaltis. Nas penalidades m\u00e1ximas as estrelas norte-americanas Megan Rapinoe e Sophia Smith falharam e a Su\u00e9cia teve que contar com a tecnologia da linha do gol para confirmar o gol de Hurtig (a goleira Naeher chegou a espalmar a bola pra fora do gol, mas ela havia ultrapassado toda da linha) para comemorar a classifica\u00e7\u00e3o final.<\/p>\n<\/div>\n<\/div>\n<\/div>\n<\/div>\n<\/article>\n<\/div>\n<div class=\"enabled\">\n<div class=\"active\"><\/div>\n<\/div>\n","protected":false},"excerpt":{"rendered":"<p>\u00a9 Reuters\/Asanka Brendon Ratnayake\/Direitos Reservados Em um jogo emocionante que<\/p>\n","protected":false},"author":2,"featured_media":92970,"comment_status":"open","ping_status":"open","sticky":false,"template":"","format":"standard","meta":{"footnotes":""},"categories":[1],"tags":[],"class_list":["post-92969","post","type-post","status-publish","format-standard","has-post-thumbnail","hentry","category-indefinido"],"yoast_head":"<!-- This site is optimized with the Yoast SEO plugin v27.4 - https:\/\/yoast.com\/product\/yoast-seo-wordpress\/ -->\n<title>Su\u00e9cia vence EUA nos p\u00eanaltis na Copa do Mundo<\/title>\n<meta name=\"description\" content=\"Em um jogo emocionante que teve o resultado confirmado com aux\u00edlio da tecnologia, a Su\u00e9cia eliminou os Estados Unidos nas oitavas de final\" \/>\n<meta name=\"robots\" content=\"index, follow, max-snippet:-1, max-image-preview:large, max-video-preview:-1\" \/>\n<link rel=\"canonical\" href=\"https:\/\/regiaonews.net.br\/2022\/2023\/08\/06\/suecia-vence-eua-nos-penaltis-na-copa-do-mundo\/\" \/>\n<meta property=\"og:locale\" content=\"pt_BR\" \/>\n<meta property=\"og:type\" content=\"article\" \/>\n<meta property=\"og:title\" content=\"Su\u00e9cia vence EUA nos p\u00eanaltis na Copa do Mundo\" \/>\n<meta property=\"og:description\" content=\"Em um jogo emocionante que teve o resultado confirmado com aux\u00edlio da tecnologia, a Su\u00e9cia eliminou os Estados Unidos nas oitavas de final\" \/>\n<meta property=\"og:url\" content=\"https:\/\/regiaonews.net.br\/2022\/2023\/08\/06\/suecia-vence-eua-nos-penaltis-na-copa-do-mundo\/\" \/>\n<meta property=\"og:site_name\" content=\"Regi\u00e3o News\" \/>\n<meta property=\"article:published_time\" content=\"2023-08-06T18:53:54+00:00\" \/>\n<meta property=\"og:image\" content=\"https:\/\/regiaonews.net.br\/2022\/wp-content\/uploads\/2023\/08\/2023-08-06t115238z_1413229297_up1ej860wznaz_rtrmadp_3_soccer-worldcup-swe-usa-report.jpg\" \/>\n\t<meta property=\"og:image:width\" content=\"1170\" \/>\n\t<meta property=\"og:image:height\" content=\"700\" \/>\n\t<meta property=\"og:image:type\" content=\"image\/jpeg\" \/>\n<meta name=\"author\" content=\"Roberto\" \/>\n<meta name=\"twitter:card\" content=\"summary_large_image\" \/>\n<meta name=\"twitter:label1\" content=\"Escrito por\" \/>\n\t<meta name=\"twitter:data1\" content=\"Roberto\" \/>\n\t<meta name=\"twitter:label2\" content=\"Est. tempo de leitura\" \/>\n\t<meta name=\"twitter:data2\" content=\"2 minutos\" \/>\n<script type=\"application\/ld+json\" class=\"yoast-schema-graph\">{\"@context\":\"https:\\\/\\\/schema.org\",\"@graph\":[{\"@type\":\"Article\",\"@id\":\"https:\\\/\\\/regiaonews.net.br\\\/2022\\\/2023\\\/08\\\/06\\\/suecia-vence-eua-nos-penaltis-na-copa-do-mundo\\\/#article\",\"isPartOf\":{\"@id\":\"https:\\\/\\\/regiaonews.net.br\\\/2022\\\/2023\\\/08\\\/06\\\/suecia-vence-eua-nos-penaltis-na-copa-do-mundo\\\/\"},\"author\":{\"name\":\"Roberto\",\"@id\":\"https:\\\/\\\/regiaonews.net.br\\\/2022\\\/#\\\/schema\\\/person\\\/2d205a608a5aa97ac279d7a5e6d89ad8\"},\"headline\":\"Su\u00e9cia vence EUA nos p\u00eanaltis na Copa do Mundo\",\"datePublished\":\"2023-08-06T18:53:54+00:00\",\"mainEntityOfPage\":{\"@id\":\"https:\\\/\\\/regiaonews.net.br\\\/2022\\\/2023\\\/08\\\/06\\\/suecia-vence-eua-nos-penaltis-na-copa-do-mundo\\\/\"},\"wordCount\":217,\"commentCount\":0,\"publisher\":{\"@id\":\"https:\\\/\\\/regiaonews.net.br\\\/2022\\\/#organization\"},\"image\":{\"@id\":\"https:\\\/\\\/regiaonews.net.br\\\/2022\\\/2023\\\/08\\\/06\\\/suecia-vence-eua-nos-penaltis-na-copa-do-mundo\\\/#primaryimage\"},\"thumbnailUrl\":\"https:\\\/\\\/regiaonews.net.br\\\/2022\\\/wp-content\\\/uploads\\\/2023\\\/08\\\/2023-08-06t115238z_1413229297_up1ej860wznaz_rtrmadp_3_soccer-worldcup-swe-usa-report.jpg\",\"articleSection\":[\"Indefinido\"],\"inLanguage\":\"pt-BR\",\"potentialAction\":[{\"@type\":\"CommentAction\",\"name\":\"Comment\",\"target\":[\"https:\\\/\\\/regiaonews.net.br\\\/2022\\\/2023\\\/08\\\/06\\\/suecia-vence-eua-nos-penaltis-na-copa-do-mundo\\\/#respond\"]}]},{\"@type\":\"WebPage\",\"@id\":\"https:\\\/\\\/regiaonews.net.br\\\/2022\\\/2023\\\/08\\\/06\\\/suecia-vence-eua-nos-penaltis-na-copa-do-mundo\\\/\",\"url\":\"https:\\\/\\\/regiaonews.net.br\\\/2022\\\/2023\\\/08\\\/06\\\/suecia-vence-eua-nos-penaltis-na-copa-do-mundo\\\/\",\"name\":\"Su\u00e9cia vence EUA nos p\u00eanaltis na Copa do Mundo\",\"isPartOf\":{\"@id\":\"https:\\\/\\\/regiaonews.net.br\\\/2022\\\/#website\"},\"primaryImageOfPage\":{\"@id\":\"https:\\\/\\\/regiaonews.net.br\\\/2022\\\/2023\\\/08\\\/06\\\/suecia-vence-eua-nos-penaltis-na-copa-do-mundo\\\/#primaryimage\"},\"image\":{\"@id\":\"https:\\\/\\\/regiaonews.net.br\\\/2022\\\/2023\\\/08\\\/06\\\/suecia-vence-eua-nos-penaltis-na-copa-do-mundo\\\/#primaryimage\"},\"thumbnailUrl\":\"https:\\\/\\\/regiaonews.net.br\\\/2022\\\/wp-content\\\/uploads\\\/2023\\\/08\\\/2023-08-06t115238z_1413229297_up1ej860wznaz_rtrmadp_3_soccer-worldcup-swe-usa-report.jpg\",\"datePublished\":\"2023-08-06T18:53:54+00:00\",\"description\":\"Em um jogo emocionante que teve o resultado confirmado com aux\u00edlio da tecnologia, a Su\u00e9cia eliminou os Estados Unidos nas oitavas de final\",\"breadcrumb\":{\"@id\":\"https:\\\/\\\/regiaonews.net.br\\\/2022\\\/2023\\\/08\\\/06\\\/suecia-vence-eua-nos-penaltis-na-copa-do-mundo\\\/#breadcrumb\"},\"inLanguage\":\"pt-BR\",\"potentialAction\":[{\"@type\":\"ReadAction\",\"target\":[\"https:\\\/\\\/regiaonews.net.br\\\/2022\\\/2023\\\/08\\\/06\\\/suecia-vence-eua-nos-penaltis-na-copa-do-mundo\\\/\"]}]},{\"@type\":\"ImageObject\",\"inLanguage\":\"pt-BR\",\"@id\":\"https:\\\/\\\/regiaonews.net.br\\\/2022\\\/2023\\\/08\\\/06\\\/suecia-vence-eua-nos-penaltis-na-copa-do-mundo\\\/#primaryimage\",\"url\":\"https:\\\/\\\/regiaonews.net.br\\\/2022\\\/wp-content\\\/uploads\\\/2023\\\/08\\\/2023-08-06t115238z_1413229297_up1ej860wznaz_rtrmadp_3_soccer-worldcup-swe-usa-report.jpg\",\"contentUrl\":\"https:\\\/\\\/regiaonews.net.br\\\/2022\\\/wp-content\\\/uploads\\\/2023\\\/08\\\/2023-08-06t115238z_1413229297_up1ej860wznaz_rtrmadp_3_soccer-worldcup-swe-usa-report.jpg\",\"width\":1170,\"height\":700},{\"@type\":\"BreadcrumbList\",\"@id\":\"https:\\\/\\\/regiaonews.net.br\\\/2022\\\/2023\\\/08\\\/06\\\/suecia-vence-eua-nos-penaltis-na-copa-do-mundo\\\/#breadcrumb\",\"itemListElement\":[{\"@type\":\"ListItem\",\"position\":1,\"name\":\"In\u00edcio\",\"item\":\"https:\\\/\\\/regiaonews.net.br\\\/2022\\\/\"},{\"@type\":\"ListItem\",\"position\":2,\"name\":\"Su\u00e9cia vence EUA nos p\u00eanaltis na Copa do Mundo\"}]},{\"@type\":\"WebSite\",\"@id\":\"https:\\\/\\\/regiaonews.net.br\\\/2022\\\/#website\",\"url\":\"https:\\\/\\\/regiaonews.net.br\\\/2022\\\/\",\"name\":\"Regi\u00e3o News\",\"description\":\"Site de Not\u00edcias de Barretos e regi\u00e3o\",\"publisher\":{\"@id\":\"https:\\\/\\\/regiaonews.net.br\\\/2022\\\/#organization\"},\"potentialAction\":[{\"@type\":\"SearchAction\",\"target\":{\"@type\":\"EntryPoint\",\"urlTemplate\":\"https:\\\/\\\/regiaonews.net.br\\\/2022\\\/?s={search_term_string}\"},\"query-input\":{\"@type\":\"PropertyValueSpecification\",\"valueRequired\":true,\"valueName\":\"search_term_string\"}}],\"inLanguage\":\"pt-BR\"},{\"@type\":\"Organization\",\"@id\":\"https:\\\/\\\/regiaonews.net.br\\\/2022\\\/#organization\",\"name\":\"Regi\u00e3o News\",\"url\":\"https:\\\/\\\/regiaonews.net.br\\\/2022\\\/\",\"logo\":{\"@type\":\"ImageObject\",\"inLanguage\":\"pt-BR\",\"@id\":\"https:\\\/\\\/regiaonews.net.br\\\/2022\\\/#\\\/schema\\\/logo\\\/image\\\/\",\"url\":\"https:\\\/\\\/regiaonews.net.br\\\/2022\\\/wp-content\\\/uploads\\\/2026\\\/03\\\/regiao-13-anos-scaled.jpg\",\"contentUrl\":\"https:\\\/\\\/regiaonews.net.br\\\/2022\\\/wp-content\\\/uploads\\\/2026\\\/03\\\/regiao-13-anos-scaled.jpg\",\"width\":2560,\"height\":635,\"caption\":\"Regi\u00e3o News\"},\"image\":{\"@id\":\"https:\\\/\\\/regiaonews.net.br\\\/2022\\\/#\\\/schema\\\/logo\\\/image\\\/\"}},{\"@type\":\"Person\",\"@id\":\"https:\\\/\\\/regiaonews.net.br\\\/2022\\\/#\\\/schema\\\/person\\\/2d205a608a5aa97ac279d7a5e6d89ad8\",\"name\":\"Roberto\",\"image\":{\"@type\":\"ImageObject\",\"inLanguage\":\"pt-BR\",\"@id\":\"https:\\\/\\\/secure.gravatar.com\\\/avatar\\\/42749d8b712ff9d59ca93dc150494e5b55a44134482993f5baeb97e61b7ecc89?s=96&d=mm&r=g\",\"url\":\"https:\\\/\\\/secure.gravatar.com\\\/avatar\\\/42749d8b712ff9d59ca93dc150494e5b55a44134482993f5baeb97e61b7ecc89?s=96&d=mm&r=g\",\"contentUrl\":\"https:\\\/\\\/secure.gravatar.com\\\/avatar\\\/42749d8b712ff9d59ca93dc150494e5b55a44134482993f5baeb97e61b7ecc89?s=96&d=mm&r=g\",\"caption\":\"Roberto\"},\"url\":\"https:\\\/\\\/regiaonews.net.br\\\/2022\\\/author\\\/roberto\\\/\"}]}<\/script>\n<!-- \/ Yoast SEO plugin. -->","yoast_head_json":{"title":"Su\u00e9cia vence EUA nos p\u00eanaltis na Copa do Mundo","description":"Em um jogo emocionante que teve o resultado confirmado com aux\u00edlio da tecnologia, a Su\u00e9cia eliminou os Estados Unidos nas oitavas de final","robots":{"index":"index","follow":"follow","max-snippet":"max-snippet:-1","max-image-preview":"max-image-preview:large","max-video-preview":"max-video-preview:-1"},"canonical":"https:\/\/regiaonews.net.br\/2022\/2023\/08\/06\/suecia-vence-eua-nos-penaltis-na-copa-do-mundo\/","og_locale":"pt_BR","og_type":"article","og_title":"Su\u00e9cia vence EUA nos p\u00eanaltis na Copa do Mundo","og_description":"Em um jogo emocionante que teve o resultado confirmado com aux\u00edlio da tecnologia, a Su\u00e9cia eliminou os Estados Unidos nas oitavas de final","og_url":"https:\/\/regiaonews.net.br\/2022\/2023\/08\/06\/suecia-vence-eua-nos-penaltis-na-copa-do-mundo\/","og_site_name":"Regi\u00e3o News","article_published_time":"2023-08-06T18:53:54+00:00","og_image":[{"width":1170,"height":700,"url":"https:\/\/regiaonews.net.br\/2022\/wp-content\/uploads\/2023\/08\/2023-08-06t115238z_1413229297_up1ej860wznaz_rtrmadp_3_soccer-worldcup-swe-usa-report.jpg","type":"image\/jpeg"}],"author":"Roberto","twitter_card":"summary_large_image","twitter_misc":{"Escrito por":"Roberto","Est. tempo de leitura":"2 minutos"},"schema":{"@context":"https:\/\/schema.org","@graph":[{"@type":"Article","@id":"https:\/\/regiaonews.net.br\/2022\/2023\/08\/06\/suecia-vence-eua-nos-penaltis-na-copa-do-mundo\/#article","isPartOf":{"@id":"https:\/\/regiaonews.net.br\/2022\/2023\/08\/06\/suecia-vence-eua-nos-penaltis-na-copa-do-mundo\/"},"author":{"name":"Roberto","@id":"https:\/\/regiaonews.net.br\/2022\/#\/schema\/person\/2d205a608a5aa97ac279d7a5e6d89ad8"},"headline":"Su\u00e9cia vence EUA nos p\u00eanaltis na Copa do Mundo","datePublished":"2023-08-06T18:53:54+00:00","mainEntityOfPage":{"@id":"https:\/\/regiaonews.net.br\/2022\/2023\/08\/06\/suecia-vence-eua-nos-penaltis-na-copa-do-mundo\/"},"wordCount":217,"commentCount":0,"publisher":{"@id":"https:\/\/regiaonews.net.br\/2022\/#organization"},"image":{"@id":"https:\/\/regiaonews.net.br\/2022\/2023\/08\/06\/suecia-vence-eua-nos-penaltis-na-copa-do-mundo\/#primaryimage"},"thumbnailUrl":"https:\/\/regiaonews.net.br\/2022\/wp-content\/uploads\/2023\/08\/2023-08-06t115238z_1413229297_up1ej860wznaz_rtrmadp_3_soccer-worldcup-swe-usa-report.jpg","articleSection":["Indefinido"],"inLanguage":"pt-BR","potentialAction":[{"@type":"CommentAction","name":"Comment","target":["https:\/\/regiaonews.net.br\/2022\/2023\/08\/06\/suecia-vence-eua-nos-penaltis-na-copa-do-mundo\/#respond"]}]},{"@type":"WebPage","@id":"https:\/\/regiaonews.net.br\/2022\/2023\/08\/06\/suecia-vence-eua-nos-penaltis-na-copa-do-mundo\/","url":"https:\/\/regiaonews.net.br\/2022\/2023\/08\/06\/suecia-vence-eua-nos-penaltis-na-copa-do-mundo\/","name":"Su\u00e9cia vence EUA nos p\u00eanaltis na Copa do Mundo","isPartOf":{"@id":"https:\/\/regiaonews.net.br\/2022\/#website"},"primaryImageOfPage":{"@id":"https:\/\/regiaonews.net.br\/2022\/2023\/08\/06\/suecia-vence-eua-nos-penaltis-na-copa-do-mundo\/#primaryimage"},"image":{"@id":"https:\/\/regiaonews.net.br\/2022\/2023\/08\/06\/suecia-vence-eua-nos-penaltis-na-copa-do-mundo\/#primaryimage"},"thumbnailUrl":"https:\/\/regiaonews.net.br\/2022\/wp-content\/uploads\/2023\/08\/2023-08-06t115238z_1413229297_up1ej860wznaz_rtrmadp_3_soccer-worldcup-swe-usa-report.jpg","datePublished":"2023-08-06T18:53:54+00:00","description":"Em um jogo emocionante que teve o resultado confirmado com aux\u00edlio da tecnologia, a Su\u00e9cia eliminou os Estados Unidos nas oitavas de final","breadcrumb":{"@id":"https:\/\/regiaonews.net.br\/2022\/2023\/08\/06\/suecia-vence-eua-nos-penaltis-na-copa-do-mundo\/#breadcrumb"},"inLanguage":"pt-BR","potentialAction":[{"@type":"ReadAction","target":["https:\/\/regiaonews.net.br\/2022\/2023\/08\/06\/suecia-vence-eua-nos-penaltis-na-copa-do-mundo\/"]}]},{"@type":"ImageObject","inLanguage":"pt-BR","@id":"https:\/\/regiaonews.net.br\/2022\/2023\/08\/06\/suecia-vence-eua-nos-penaltis-na-copa-do-mundo\/#primaryimage","url":"https:\/\/regiaonews.net.br\/2022\/wp-content\/uploads\/2023\/08\/2023-08-06t115238z_1413229297_up1ej860wznaz_rtrmadp_3_soccer-worldcup-swe-usa-report.jpg","contentUrl":"https:\/\/regiaonews.net.br\/2022\/wp-content\/uploads\/2023\/08\/2023-08-06t115238z_1413229297_up1ej860wznaz_rtrmadp_3_soccer-worldcup-swe-usa-report.jpg","width":1170,"height":700},{"@type":"BreadcrumbList","@id":"https:\/\/regiaonews.net.br\/2022\/2023\/08\/06\/suecia-vence-eua-nos-penaltis-na-copa-do-mundo\/#breadcrumb","itemListElement":[{"@type":"ListItem","position":1,"name":"In\u00edcio","item":"https:\/\/regiaonews.net.br\/2022\/"},{"@type":"ListItem","position":2,"name":"Su\u00e9cia vence EUA nos p\u00eanaltis na Copa do Mundo"}]},{"@type":"WebSite","@id":"https:\/\/regiaonews.net.br\/2022\/#website","url":"https:\/\/regiaonews.net.br\/2022\/","name":"Regi\u00e3o News","description":"Site de Not\u00edcias de Barretos e regi\u00e3o","publisher":{"@id":"https:\/\/regiaonews.net.br\/2022\/#organization"},"potentialAction":[{"@type":"SearchAction","target":{"@type":"EntryPoint","urlTemplate":"https:\/\/regiaonews.net.br\/2022\/?s={search_term_string}"},"query-input":{"@type":"PropertyValueSpecification","valueRequired":true,"valueName":"search_term_string"}}],"inLanguage":"pt-BR"},{"@type":"Organization","@id":"https:\/\/regiaonews.net.br\/2022\/#organization","name":"Regi\u00e3o News","url":"https:\/\/regiaonews.net.br\/2022\/","logo":{"@type":"ImageObject","inLanguage":"pt-BR","@id":"https:\/\/regiaonews.net.br\/2022\/#\/schema\/logo\/image\/","url":"https:\/\/regiaonews.net.br\/2022\/wp-content\/uploads\/2026\/03\/regiao-13-anos-scaled.jpg","contentUrl":"https:\/\/regiaonews.net.br\/2022\/wp-content\/uploads\/2026\/03\/regiao-13-anos-scaled.jpg","width":2560,"height":635,"caption":"Regi\u00e3o News"},"image":{"@id":"https:\/\/regiaonews.net.br\/2022\/#\/schema\/logo\/image\/"}},{"@type":"Person","@id":"https:\/\/regiaonews.net.br\/2022\/#\/schema\/person\/2d205a608a5aa97ac279d7a5e6d89ad8","name":"Roberto","image":{"@type":"ImageObject","inLanguage":"pt-BR","@id":"https:\/\/secure.gravatar.com\/avatar\/42749d8b712ff9d59ca93dc150494e5b55a44134482993f5baeb97e61b7ecc89?s=96&d=mm&r=g","url":"https:\/\/secure.gravatar.com\/avatar\/42749d8b712ff9d59ca93dc150494e5b55a44134482993f5baeb97e61b7ecc89?s=96&d=mm&r=g","contentUrl":"https:\/\/secure.gravatar.com\/avatar\/42749d8b712ff9d59ca93dc150494e5b55a44134482993f5baeb97e61b7ecc89?s=96&d=mm&r=g","caption":"Roberto"},"url":"https:\/\/regiaonews.net.br\/2022\/author\/roberto\/"}]}},"publishpress_future_action":{"enabled":false,"date":"2026-05-03 14:20:05","action":"change-status","newStatus":"draft","terms":[],"taxonomy":"category","extraData":[]},"publishpress_future_workflow_manual_trigger":{"enabledWorkflows":[]},"_links":{"self":[{"href":"https:\/\/regiaonews.net.br\/2022\/wp-json\/wp\/v2\/posts\/92969","targetHints":{"allow":["GET"]}}],"collection":[{"href":"https:\/\/regiaonews.net.br\/2022\/wp-json\/wp\/v2\/posts"}],"about":[{"href":"https:\/\/regiaonews.net.br\/2022\/wp-json\/wp\/v2\/types\/post"}],"author":[{"embeddable":true,"href":"https:\/\/regiaonews.net.br\/2022\/wp-json\/wp\/v2\/users\/2"}],"replies":[{"embeddable":true,"href":"https:\/\/regiaonews.net.br\/2022\/wp-json\/wp\/v2\/comments?post=92969"}],"version-history":[{"count":1,"href":"https:\/\/regiaonews.net.br\/2022\/wp-json\/wp\/v2\/posts\/92969\/revisions"}],"predecessor-version":[{"id":92971,"href":"https:\/\/regiaonews.net.br\/2022\/wp-json\/wp\/v2\/posts\/92969\/revisions\/92971"}],"wp:featuredmedia":[{"embeddable":true,"href":"https:\/\/regiaonews.net.br\/2022\/wp-json\/wp\/v2\/media\/92970"}],"wp:attachment":[{"href":"https:\/\/regiaonews.net.br\/2022\/wp-json\/wp\/v2\/media?parent=92969"}],"wp:term":[{"taxonomy":"category","embeddable":true,"href":"https:\/\/regiaonews.net.br\/2022\/wp-json\/wp\/v2\/categories?post=92969"},{"taxonomy":"post_tag","embeddable":true,"href":"https:\/\/regiaonews.net.br\/2022\/wp-json\/wp\/v2\/tags?post=92969"}],"curies":[{"name":"wp","href":"https:\/\/api.w.org\/{rel}","templated":true}]}}