{"id":92941,"date":"2023-08-05T15:40:45","date_gmt":"2023-08-05T18:40:45","guid":{"rendered":"https:\/\/regiaonews.net.br\/2022\/?p=92941"},"modified":"2023-08-05T15:41:11","modified_gmt":"2023-08-05T18:41:11","slug":"colegio-feb-implanta-contraturno-com-atividades-extras-de-artes-e-esportes","status":"publish","type":"post","link":"https:\/\/regiaonews.net.br\/2022\/2023\/08\/05\/colegio-feb-implanta-contraturno-com-atividades-extras-de-artes-e-esportes\/","title":{"rendered":"Col\u00e9gio FEB implanta contraturno com atividades extras de artes e esportes\u00a0"},"content":{"rendered":"<p style=\"font-weight: 400;\">O Col\u00e9gio FEB iniciou o segundo semestre com uma grande novidade: a implanta\u00e7\u00e3o do contraturno. Agora os alunos podem participar de atividades art\u00edsticas e esportivas no per\u00edodo da tarde oferecidas pela institui\u00e7\u00e3o.<\/p>\n<p style=\"font-weight: 400;\">A diretora do Col\u00e9gio FEB, Prof. L\u00edvia Macedo, explica que as aulas acontecem no per\u00edodo da manh\u00e3, por isso o contraturno foi estabelecido no per\u00edodo da tarde, com as atividades extras. \u201cN\u00e3o \u00e9 obrigat\u00f3rio participar dessas atividades, mas \u00e9 muito importante fazer parte, j\u00e1 que vamos trabalhar habilidades que dificilmente s\u00e3o desenvolvidas no ensino regular. Vamos oferecer aulas em dois segmentos muito necess\u00e1rios para a constru\u00e7\u00e3o do aluno como indiv\u00edduo, pessoa: Arte e Esporte\u201d, destacou.<\/p>\n<p style=\"font-weight: 400;\">Para participar, o aluno dever\u00e1 verificar o n\u00famero de vagas disponibilizadas em cada segmento e se inscrever na atividade que gostaria de desenvolver. \u201cAssim que abrirmos as inscri\u00e7\u00f5es, os pais ou respons\u00e1veis poder\u00e3o vir \u00e0 secretaria, no hor\u00e1rio de funcionamento, das 7h \u00e0s 17h, e assinar um termo de ades\u00e3o e responsabilidade, que ficar\u00e1 anexado ao prontu\u00e1rio do discente. Enviaremos um comunicado \u00e0s fam\u00edlias avisando sobre o per\u00edodo de inscri\u00e7\u00e3o, dia e hor\u00e1rio das aulas, para que possam fazer a ades\u00e3o\u201d, orientou a diretora.<\/p>\n<p style=\"font-weight: 400;\">De acordo com a Profa. L\u00edvia, o contraturno abre a possibilidade do aluno ficar na institui\u00e7\u00e3o por mais tempo colaborando, assim, com as fam\u00edlias. \u201cA escola \u00e9 um lugar que oferece aprendizagem, acolhimento e seguran\u00e7a, ou seja, os respons\u00e1veis podem trabalhar tranquilamente porque sabem que seus filhos est\u00e3o sendo guardados, orientados e acompanhados\u201d, destacou.<\/p>\n<p style=\"font-weight: 400;\">Ainda segundo a diretora, \u00e9 necess\u00e1rio oferecer, al\u00e9m dos conte\u00fados exigidos no ensino regular, algo que desperte habilidades dos discentes. \u201cExistem talentos escondidos que afloram nessas atividades e, por isso, decidimos ofertar um esporte e uma arte, porque temos a consci\u00eancia do qu\u00e3o necess\u00e1rio \u00e9 o despertar dessas habilidades em cada um. \u00c9 a escola, mais uma vez, formando al\u00e9m dos muros, formando para a vida\u201d, finalizou L\u00edvia.<\/p>\n<p style=\"font-weight: 400;\">\n","protected":false},"excerpt":{"rendered":"<p>O Col\u00e9gio FEB iniciou o segundo semestre com uma grande<\/p>\n","protected":false},"author":2,"featured_media":92942,"comment_status":"open","ping_status":"open","sticky":false,"template":"","format":"standard","meta":{"footnotes":""},"categories":[14,25],"tags":[],"class_list":["post-92941","post","type-post","status-publish","format-standard","has-post-thumbnail","hentry","category-barretos","category-cidades"],"yoast_head":"<!-- This site is optimized with the Yoast SEO plugin v27.4 - https:\/\/yoast.com\/product\/yoast-seo-wordpress\/ -->\n<title>Col\u00e9gio FEB implanta contraturno com atividades extras de artes e esportes\u00a0 - Regi\u00e3o News<\/title>\n<meta name=\"robots\" content=\"index, follow, max-snippet:-1, max-image-preview:large, max-video-preview:-1\" \/>\n<link rel=\"canonical\" href=\"https:\/\/regiaonews.net.br\/2022\/2023\/08\/05\/colegio-feb-implanta-contraturno-com-atividades-extras-de-artes-e-esportes\/\" \/>\n<meta property=\"og:locale\" content=\"pt_BR\" \/>\n<meta property=\"og:type\" content=\"article\" \/>\n<meta property=\"og:title\" content=\"Col\u00e9gio FEB implanta contraturno com atividades extras de artes e esportes\u00a0 - Regi\u00e3o News\" \/>\n<meta property=\"og:description\" content=\"O Col\u00e9gio FEB iniciou o segundo semestre com uma grande\" \/>\n<meta property=\"og:url\" content=\"https:\/\/regiaonews.net.br\/2022\/2023\/08\/05\/colegio-feb-implanta-contraturno-com-atividades-extras-de-artes-e-esportes\/\" \/>\n<meta property=\"og:site_name\" content=\"Regi\u00e3o News\" \/>\n<meta property=\"article:published_time\" content=\"2023-08-05T18:40:45+00:00\" \/>\n<meta property=\"article:modified_time\" content=\"2023-08-05T18:41:11+00:00\" \/>\n<meta property=\"og:image\" content=\"https:\/\/regiaonews.net.br\/2022\/wp-content\/uploads\/2023\/08\/Colegio-FEB_02-scaled.jpg\" \/>\n\t<meta property=\"og:image:width\" content=\"2560\" \/>\n\t<meta property=\"og:image:height\" content=\"1920\" \/>\n\t<meta property=\"og:image:type\" content=\"image\/jpeg\" \/>\n<meta name=\"author\" content=\"Roberto\" \/>\n<meta name=\"twitter:card\" content=\"summary_large_image\" \/>\n<meta name=\"twitter:label1\" content=\"Escrito por\" \/>\n\t<meta name=\"twitter:data1\" content=\"Roberto\" \/>\n\t<meta name=\"twitter:label2\" content=\"Est. tempo de leitura\" \/>\n\t<meta name=\"twitter:data2\" content=\"2 minutos\" \/>\n<script type=\"application\/ld+json\" class=\"yoast-schema-graph\">{\"@context\":\"https:\\\/\\\/schema.org\",\"@graph\":[{\"@type\":\"Article\",\"@id\":\"https:\\\/\\\/regiaonews.net.br\\\/2022\\\/2023\\\/08\\\/05\\\/colegio-feb-implanta-contraturno-com-atividades-extras-de-artes-e-esportes\\\/#article\",\"isPartOf\":{\"@id\":\"https:\\\/\\\/regiaonews.net.br\\\/2022\\\/2023\\\/08\\\/05\\\/colegio-feb-implanta-contraturno-com-atividades-extras-de-artes-e-esportes\\\/\"},\"author\":{\"name\":\"Roberto\",\"@id\":\"https:\\\/\\\/regiaonews.net.br\\\/2022\\\/#\\\/schema\\\/person\\\/2d205a608a5aa97ac279d7a5e6d89ad8\"},\"headline\":\"Col\u00e9gio FEB implanta contraturno com atividades extras de artes e esportes\u00a0\",\"datePublished\":\"2023-08-05T18:40:45+00:00\",\"dateModified\":\"2023-08-05T18:41:11+00:00\",\"mainEntityOfPage\":{\"@id\":\"https:\\\/\\\/regiaonews.net.br\\\/2022\\\/2023\\\/08\\\/05\\\/colegio-feb-implanta-contraturno-com-atividades-extras-de-artes-e-esportes\\\/\"},\"wordCount\":359,\"commentCount\":0,\"publisher\":{\"@id\":\"https:\\\/\\\/regiaonews.net.br\\\/2022\\\/#organization\"},\"image\":{\"@id\":\"https:\\\/\\\/regiaonews.net.br\\\/2022\\\/2023\\\/08\\\/05\\\/colegio-feb-implanta-contraturno-com-atividades-extras-de-artes-e-esportes\\\/#primaryimage\"},\"thumbnailUrl\":\"https:\\\/\\\/regiaonews.net.br\\\/2022\\\/wp-content\\\/uploads\\\/2023\\\/08\\\/Colegio-FEB_02-scaled.jpg\",\"articleSection\":[\"Barretos\",\"Cidades\"],\"inLanguage\":\"pt-BR\",\"potentialAction\":[{\"@type\":\"CommentAction\",\"name\":\"Comment\",\"target\":[\"https:\\\/\\\/regiaonews.net.br\\\/2022\\\/2023\\\/08\\\/05\\\/colegio-feb-implanta-contraturno-com-atividades-extras-de-artes-e-esportes\\\/#respond\"]}]},{\"@type\":\"WebPage\",\"@id\":\"https:\\\/\\\/regiaonews.net.br\\\/2022\\\/2023\\\/08\\\/05\\\/colegio-feb-implanta-contraturno-com-atividades-extras-de-artes-e-esportes\\\/\",\"url\":\"https:\\\/\\\/regiaonews.net.br\\\/2022\\\/2023\\\/08\\\/05\\\/colegio-feb-implanta-contraturno-com-atividades-extras-de-artes-e-esportes\\\/\",\"name\":\"Col\u00e9gio FEB implanta contraturno com atividades extras de artes e esportes\u00a0 - Regi\u00e3o News\",\"isPartOf\":{\"@id\":\"https:\\\/\\\/regiaonews.net.br\\\/2022\\\/#website\"},\"primaryImageOfPage\":{\"@id\":\"https:\\\/\\\/regiaonews.net.br\\\/2022\\\/2023\\\/08\\\/05\\\/colegio-feb-implanta-contraturno-com-atividades-extras-de-artes-e-esportes\\\/#primaryimage\"},\"image\":{\"@id\":\"https:\\\/\\\/regiaonews.net.br\\\/2022\\\/2023\\\/08\\\/05\\\/colegio-feb-implanta-contraturno-com-atividades-extras-de-artes-e-esportes\\\/#primaryimage\"},\"thumbnailUrl\":\"https:\\\/\\\/regiaonews.net.br\\\/2022\\\/wp-content\\\/uploads\\\/2023\\\/08\\\/Colegio-FEB_02-scaled.jpg\",\"datePublished\":\"2023-08-05T18:40:45+00:00\",\"dateModified\":\"2023-08-05T18:41:11+00:00\",\"breadcrumb\":{\"@id\":\"https:\\\/\\\/regiaonews.net.br\\\/2022\\\/2023\\\/08\\\/05\\\/colegio-feb-implanta-contraturno-com-atividades-extras-de-artes-e-esportes\\\/#breadcrumb\"},\"inLanguage\":\"pt-BR\",\"potentialAction\":[{\"@type\":\"ReadAction\",\"target\":[\"https:\\\/\\\/regiaonews.net.br\\\/2022\\\/2023\\\/08\\\/05\\\/colegio-feb-implanta-contraturno-com-atividades-extras-de-artes-e-esportes\\\/\"]}]},{\"@type\":\"ImageObject\",\"inLanguage\":\"pt-BR\",\"@id\":\"https:\\\/\\\/regiaonews.net.br\\\/2022\\\/2023\\\/08\\\/05\\\/colegio-feb-implanta-contraturno-com-atividades-extras-de-artes-e-esportes\\\/#primaryimage\",\"url\":\"https:\\\/\\\/regiaonews.net.br\\\/2022\\\/wp-content\\\/uploads\\\/2023\\\/08\\\/Colegio-FEB_02-scaled.jpg\",\"contentUrl\":\"https:\\\/\\\/regiaonews.net.br\\\/2022\\\/wp-content\\\/uploads\\\/2023\\\/08\\\/Colegio-FEB_02-scaled.jpg\",\"width\":2560,\"height\":1920},{\"@type\":\"BreadcrumbList\",\"@id\":\"https:\\\/\\\/regiaonews.net.br\\\/2022\\\/2023\\\/08\\\/05\\\/colegio-feb-implanta-contraturno-com-atividades-extras-de-artes-e-esportes\\\/#breadcrumb\",\"itemListElement\":[{\"@type\":\"ListItem\",\"position\":1,\"name\":\"In\u00edcio\",\"item\":\"https:\\\/\\\/regiaonews.net.br\\\/2022\\\/\"},{\"@type\":\"ListItem\",\"position\":2,\"name\":\"Col\u00e9gio FEB implanta contraturno com atividades extras de artes e esportes\u00a0\"}]},{\"@type\":\"WebSite\",\"@id\":\"https:\\\/\\\/regiaonews.net.br\\\/2022\\\/#website\",\"url\":\"https:\\\/\\\/regiaonews.net.br\\\/2022\\\/\",\"name\":\"Regi\u00e3o News\",\"description\":\"Site de Not\u00edcias de Barretos e regi\u00e3o\",\"publisher\":{\"@id\":\"https:\\\/\\\/regiaonews.net.br\\\/2022\\\/#organization\"},\"potentialAction\":[{\"@type\":\"SearchAction\",\"target\":{\"@type\":\"EntryPoint\",\"urlTemplate\":\"https:\\\/\\\/regiaonews.net.br\\\/2022\\\/?s={search_term_string}\"},\"query-input\":{\"@type\":\"PropertyValueSpecification\",\"valueRequired\":true,\"valueName\":\"search_term_string\"}}],\"inLanguage\":\"pt-BR\"},{\"@type\":\"Organization\",\"@id\":\"https:\\\/\\\/regiaonews.net.br\\\/2022\\\/#organization\",\"name\":\"Regi\u00e3o News\",\"url\":\"https:\\\/\\\/regiaonews.net.br\\\/2022\\\/\",\"logo\":{\"@type\":\"ImageObject\",\"inLanguage\":\"pt-BR\",\"@id\":\"https:\\\/\\\/regiaonews.net.br\\\/2022\\\/#\\\/schema\\\/logo\\\/image\\\/\",\"url\":\"https:\\\/\\\/regiaonews.net.br\\\/2022\\\/wp-content\\\/uploads\\\/2026\\\/03\\\/regiao-13-anos-scaled.jpg\",\"contentUrl\":\"https:\\\/\\\/regiaonews.net.br\\\/2022\\\/wp-content\\\/uploads\\\/2026\\\/03\\\/regiao-13-anos-scaled.jpg\",\"width\":2560,\"height\":635,\"caption\":\"Regi\u00e3o News\"},\"image\":{\"@id\":\"https:\\\/\\\/regiaonews.net.br\\\/2022\\\/#\\\/schema\\\/logo\\\/image\\\/\"}},{\"@type\":\"Person\",\"@id\":\"https:\\\/\\\/regiaonews.net.br\\\/2022\\\/#\\\/schema\\\/person\\\/2d205a608a5aa97ac279d7a5e6d89ad8\",\"name\":\"Roberto\",\"image\":{\"@type\":\"ImageObject\",\"inLanguage\":\"pt-BR\",\"@id\":\"https:\\\/\\\/secure.gravatar.com\\\/avatar\\\/42749d8b712ff9d59ca93dc150494e5b55a44134482993f5baeb97e61b7ecc89?s=96&d=mm&r=g\",\"url\":\"https:\\\/\\\/secure.gravatar.com\\\/avatar\\\/42749d8b712ff9d59ca93dc150494e5b55a44134482993f5baeb97e61b7ecc89?s=96&d=mm&r=g\",\"contentUrl\":\"https:\\\/\\\/secure.gravatar.com\\\/avatar\\\/42749d8b712ff9d59ca93dc150494e5b55a44134482993f5baeb97e61b7ecc89?s=96&d=mm&r=g\",\"caption\":\"Roberto\"},\"url\":\"https:\\\/\\\/regiaonews.net.br\\\/2022\\\/author\\\/roberto\\\/\"}]}<\/script>\n<!-- \/ Yoast SEO plugin. -->","yoast_head_json":{"title":"Col\u00e9gio FEB implanta contraturno com atividades extras de artes e esportes\u00a0 - Regi\u00e3o News","robots":{"index":"index","follow":"follow","max-snippet":"max-snippet:-1","max-image-preview":"max-image-preview:large","max-video-preview":"max-video-preview:-1"},"canonical":"https:\/\/regiaonews.net.br\/2022\/2023\/08\/05\/colegio-feb-implanta-contraturno-com-atividades-extras-de-artes-e-esportes\/","og_locale":"pt_BR","og_type":"article","og_title":"Col\u00e9gio FEB implanta contraturno com atividades extras de artes e esportes\u00a0 - Regi\u00e3o News","og_description":"O Col\u00e9gio FEB iniciou o segundo semestre com uma grande","og_url":"https:\/\/regiaonews.net.br\/2022\/2023\/08\/05\/colegio-feb-implanta-contraturno-com-atividades-extras-de-artes-e-esportes\/","og_site_name":"Regi\u00e3o News","article_published_time":"2023-08-05T18:40:45+00:00","article_modified_time":"2023-08-05T18:41:11+00:00","og_image":[{"width":2560,"height":1920,"url":"https:\/\/regiaonews.net.br\/2022\/wp-content\/uploads\/2023\/08\/Colegio-FEB_02-scaled.jpg","type":"image\/jpeg"}],"author":"Roberto","twitter_card":"summary_large_image","twitter_misc":{"Escrito por":"Roberto","Est. tempo de leitura":"2 minutos"},"schema":{"@context":"https:\/\/schema.org","@graph":[{"@type":"Article","@id":"https:\/\/regiaonews.net.br\/2022\/2023\/08\/05\/colegio-feb-implanta-contraturno-com-atividades-extras-de-artes-e-esportes\/#article","isPartOf":{"@id":"https:\/\/regiaonews.net.br\/2022\/2023\/08\/05\/colegio-feb-implanta-contraturno-com-atividades-extras-de-artes-e-esportes\/"},"author":{"name":"Roberto","@id":"https:\/\/regiaonews.net.br\/2022\/#\/schema\/person\/2d205a608a5aa97ac279d7a5e6d89ad8"},"headline":"Col\u00e9gio FEB implanta contraturno com atividades extras de artes e esportes\u00a0","datePublished":"2023-08-05T18:40:45+00:00","dateModified":"2023-08-05T18:41:11+00:00","mainEntityOfPage":{"@id":"https:\/\/regiaonews.net.br\/2022\/2023\/08\/05\/colegio-feb-implanta-contraturno-com-atividades-extras-de-artes-e-esportes\/"},"wordCount":359,"commentCount":0,"publisher":{"@id":"https:\/\/regiaonews.net.br\/2022\/#organization"},"image":{"@id":"https:\/\/regiaonews.net.br\/2022\/2023\/08\/05\/colegio-feb-implanta-contraturno-com-atividades-extras-de-artes-e-esportes\/#primaryimage"},"thumbnailUrl":"https:\/\/regiaonews.net.br\/2022\/wp-content\/uploads\/2023\/08\/Colegio-FEB_02-scaled.jpg","articleSection":["Barretos","Cidades"],"inLanguage":"pt-BR","potentialAction":[{"@type":"CommentAction","name":"Comment","target":["https:\/\/regiaonews.net.br\/2022\/2023\/08\/05\/colegio-feb-implanta-contraturno-com-atividades-extras-de-artes-e-esportes\/#respond"]}]},{"@type":"WebPage","@id":"https:\/\/regiaonews.net.br\/2022\/2023\/08\/05\/colegio-feb-implanta-contraturno-com-atividades-extras-de-artes-e-esportes\/","url":"https:\/\/regiaonews.net.br\/2022\/2023\/08\/05\/colegio-feb-implanta-contraturno-com-atividades-extras-de-artes-e-esportes\/","name":"Col\u00e9gio FEB implanta contraturno com atividades extras de artes e esportes\u00a0 - Regi\u00e3o News","isPartOf":{"@id":"https:\/\/regiaonews.net.br\/2022\/#website"},"primaryImageOfPage":{"@id":"https:\/\/regiaonews.net.br\/2022\/2023\/08\/05\/colegio-feb-implanta-contraturno-com-atividades-extras-de-artes-e-esportes\/#primaryimage"},"image":{"@id":"https:\/\/regiaonews.net.br\/2022\/2023\/08\/05\/colegio-feb-implanta-contraturno-com-atividades-extras-de-artes-e-esportes\/#primaryimage"},"thumbnailUrl":"https:\/\/regiaonews.net.br\/2022\/wp-content\/uploads\/2023\/08\/Colegio-FEB_02-scaled.jpg","datePublished":"2023-08-05T18:40:45+00:00","dateModified":"2023-08-05T18:41:11+00:00","breadcrumb":{"@id":"https:\/\/regiaonews.net.br\/2022\/2023\/08\/05\/colegio-feb-implanta-contraturno-com-atividades-extras-de-artes-e-esportes\/#breadcrumb"},"inLanguage":"pt-BR","potentialAction":[{"@type":"ReadAction","target":["https:\/\/regiaonews.net.br\/2022\/2023\/08\/05\/colegio-feb-implanta-contraturno-com-atividades-extras-de-artes-e-esportes\/"]}]},{"@type":"ImageObject","inLanguage":"pt-BR","@id":"https:\/\/regiaonews.net.br\/2022\/2023\/08\/05\/colegio-feb-implanta-contraturno-com-atividades-extras-de-artes-e-esportes\/#primaryimage","url":"https:\/\/regiaonews.net.br\/2022\/wp-content\/uploads\/2023\/08\/Colegio-FEB_02-scaled.jpg","contentUrl":"https:\/\/regiaonews.net.br\/2022\/wp-content\/uploads\/2023\/08\/Colegio-FEB_02-scaled.jpg","width":2560,"height":1920},{"@type":"BreadcrumbList","@id":"https:\/\/regiaonews.net.br\/2022\/2023\/08\/05\/colegio-feb-implanta-contraturno-com-atividades-extras-de-artes-e-esportes\/#breadcrumb","itemListElement":[{"@type":"ListItem","position":1,"name":"In\u00edcio","item":"https:\/\/regiaonews.net.br\/2022\/"},{"@type":"ListItem","position":2,"name":"Col\u00e9gio FEB implanta contraturno com atividades extras de artes e esportes\u00a0"}]},{"@type":"WebSite","@id":"https:\/\/regiaonews.net.br\/2022\/#website","url":"https:\/\/regiaonews.net.br\/2022\/","name":"Regi\u00e3o News","description":"Site de Not\u00edcias de Barretos e regi\u00e3o","publisher":{"@id":"https:\/\/regiaonews.net.br\/2022\/#organization"},"potentialAction":[{"@type":"SearchAction","target":{"@type":"EntryPoint","urlTemplate":"https:\/\/regiaonews.net.br\/2022\/?s={search_term_string}"},"query-input":{"@type":"PropertyValueSpecification","valueRequired":true,"valueName":"search_term_string"}}],"inLanguage":"pt-BR"},{"@type":"Organization","@id":"https:\/\/regiaonews.net.br\/2022\/#organization","name":"Regi\u00e3o News","url":"https:\/\/regiaonews.net.br\/2022\/","logo":{"@type":"ImageObject","inLanguage":"pt-BR","@id":"https:\/\/regiaonews.net.br\/2022\/#\/schema\/logo\/image\/","url":"https:\/\/regiaonews.net.br\/2022\/wp-content\/uploads\/2026\/03\/regiao-13-anos-scaled.jpg","contentUrl":"https:\/\/regiaonews.net.br\/2022\/wp-content\/uploads\/2026\/03\/regiao-13-anos-scaled.jpg","width":2560,"height":635,"caption":"Regi\u00e3o News"},"image":{"@id":"https:\/\/regiaonews.net.br\/2022\/#\/schema\/logo\/image\/"}},{"@type":"Person","@id":"https:\/\/regiaonews.net.br\/2022\/#\/schema\/person\/2d205a608a5aa97ac279d7a5e6d89ad8","name":"Roberto","image":{"@type":"ImageObject","inLanguage":"pt-BR","@id":"https:\/\/secure.gravatar.com\/avatar\/42749d8b712ff9d59ca93dc150494e5b55a44134482993f5baeb97e61b7ecc89?s=96&d=mm&r=g","url":"https:\/\/secure.gravatar.com\/avatar\/42749d8b712ff9d59ca93dc150494e5b55a44134482993f5baeb97e61b7ecc89?s=96&d=mm&r=g","contentUrl":"https:\/\/secure.gravatar.com\/avatar\/42749d8b712ff9d59ca93dc150494e5b55a44134482993f5baeb97e61b7ecc89?s=96&d=mm&r=g","caption":"Roberto"},"url":"https:\/\/regiaonews.net.br\/2022\/author\/roberto\/"}]}},"publishpress_future_action":{"enabled":false,"date":"2026-05-03 04:51:28","action":"change-status","newStatus":"draft","terms":[],"taxonomy":"category","extraData":[]},"publishpress_future_workflow_manual_trigger":{"enabledWorkflows":[]},"_links":{"self":[{"href":"https:\/\/regiaonews.net.br\/2022\/wp-json\/wp\/v2\/posts\/92941","targetHints":{"allow":["GET"]}}],"collection":[{"href":"https:\/\/regiaonews.net.br\/2022\/wp-json\/wp\/v2\/posts"}],"about":[{"href":"https:\/\/regiaonews.net.br\/2022\/wp-json\/wp\/v2\/types\/post"}],"author":[{"embeddable":true,"href":"https:\/\/regiaonews.net.br\/2022\/wp-json\/wp\/v2\/users\/2"}],"replies":[{"embeddable":true,"href":"https:\/\/regiaonews.net.br\/2022\/wp-json\/wp\/v2\/comments?post=92941"}],"version-history":[{"count":2,"href":"https:\/\/regiaonews.net.br\/2022\/wp-json\/wp\/v2\/posts\/92941\/revisions"}],"predecessor-version":[{"id":92944,"href":"https:\/\/regiaonews.net.br\/2022\/wp-json\/wp\/v2\/posts\/92941\/revisions\/92944"}],"wp:featuredmedia":[{"embeddable":true,"href":"https:\/\/regiaonews.net.br\/2022\/wp-json\/wp\/v2\/media\/92942"}],"wp:attachment":[{"href":"https:\/\/regiaonews.net.br\/2022\/wp-json\/wp\/v2\/media?parent=92941"}],"wp:term":[{"taxonomy":"category","embeddable":true,"href":"https:\/\/regiaonews.net.br\/2022\/wp-json\/wp\/v2\/categories?post=92941"},{"taxonomy":"post_tag","embeddable":true,"href":"https:\/\/regiaonews.net.br\/2022\/wp-json\/wp\/v2\/tags?post=92941"}],"curies":[{"name":"wp","href":"https:\/\/api.w.org\/{rel}","templated":true}]}}