{"id":92935,"date":"2023-08-05T14:57:59","date_gmt":"2023-08-05T17:57:59","guid":{"rendered":"https:\/\/regiaonews.net.br\/2022\/?p=92935"},"modified":"2023-08-05T15:09:29","modified_gmt":"2023-08-05T18:09:29","slug":"tourinho-perde-jogos-pelo-sub-15-e-sub-17-do-paulista","status":"publish","type":"post","link":"https:\/\/regiaonews.net.br\/2022\/2023\/08\/05\/tourinho-perde-jogos-pelo-sub-15-e-sub-17-do-paulista\/","title":{"rendered":"Tourinho perde jogos pelo Sub-15 e Sub-17 do Paulista"},"content":{"rendered":"<p>As equipes do Barretos Esporte Clube voltou a campo neste s\u00e1bado (5), no est\u00e1dio Fortaleza e saiu derrotado, nos dois jogos realizados pelas categorias Sub-15 e Sub-17.<\/p>\n<p>Na preliminar, a equipe Sub-15 perdeu para o Ituano por 4 a 1 e no Sub-17, o BEC foi superado pela Mauaense por 2 a 0.<\/p>\n<p>Na \u00faltima rodada da fase, o BEC joga contra o Corinthians em S\u00e3o Paulo pelo Sub-15 e em Monte Azul, contra o Atl\u00e9tico Monte Azul.<\/p>\n<p>Classifica\u00e7\u00e3o<\/p>\n<p>No Sub-15, o Corinthians lidera com.10 pontos ap\u00f3s vencer o Uni\u00e3o S\u00e3o Jo\u00e3o por 5 a 0. O Ituano com a vit\u00f3ria por 4 a 1 sobre o BEC assumiu o 2\u00b0 lugar com 8 pontos e o BEC permaneceu em 3\u00b0 com 5 pontos.<\/p>\n<p>No Sub-17, mesmo perdendo para o Mauense, o BEC se manteve em 1\u00b0 lugar, devido a derrota do Monte Azul para o Pinda por 3 a 1. Veja abaixo a classifica\u00e7\u00e3o:<\/p>\n<p><a href=\"https:\/\/regiaonews.net.br\/2022\/wp-content\/uploads\/2023\/08\/Screenshot_20230805-150246_Chrome.jpg\"><img loading=\"lazy\" decoding=\"async\" class=\"alignnone size-medium wp-image-92939\" src=\"https:\/\/regiaonews.net.br\/2022\/wp-content\/uploads\/2023\/08\/Screenshot_20230805-150246_Chrome-300x151.jpg\" alt=\"\" width=\"300\" height=\"151\" srcset=\"https:\/\/regiaonews.net.br\/2022\/wp-content\/uploads\/2023\/08\/Screenshot_20230805-150246_Chrome-300x151.jpg 300w, https:\/\/regiaonews.net.br\/2022\/wp-content\/uploads\/2023\/08\/Screenshot_20230805-150246_Chrome-1024x516.jpg 1024w, https:\/\/regiaonews.net.br\/2022\/wp-content\/uploads\/2023\/08\/Screenshot_20230805-150246_Chrome-768x387.jpg 768w, https:\/\/regiaonews.net.br\/2022\/wp-content\/uploads\/2023\/08\/Screenshot_20230805-150246_Chrome-250x126.jpg 250w, https:\/\/regiaonews.net.br\/2022\/wp-content\/uploads\/2023\/08\/Screenshot_20230805-150246_Chrome.jpg 1079w\" sizes=\"auto, (max-width: 300px) 100vw, 300px\" \/><\/a><\/p>\n<p>&nbsp;<\/p>\n<p>&nbsp;<\/p>\n","protected":false},"excerpt":{"rendered":"<p>As equipes do Barretos Esporte Clube voltou a campo neste<\/p>\n","protected":false},"author":2,"featured_media":63476,"comment_status":"open","ping_status":"open","sticky":false,"template":"","format":"standard","meta":{"footnotes":""},"categories":[14,183,21],"tags":[],"class_list":["post-92935","post","type-post","status-publish","format-standard","has-post-thumbnail","hentry","category-barretos","category-campeonato-paulista","category-esporte"],"yoast_head":"<!-- This site is optimized with the Yoast SEO plugin v27.4 - https:\/\/yoast.com\/product\/yoast-seo-wordpress\/ -->\n<title>Tourinho perde jogos pelo Sub-15 e Sub-17 do Paulista<\/title>\n<meta name=\"robots\" content=\"index, follow, max-snippet:-1, max-image-preview:large, max-video-preview:-1\" \/>\n<link rel=\"canonical\" href=\"https:\/\/regiaonews.net.br\/2022\/2023\/08\/05\/tourinho-perde-jogos-pelo-sub-15-e-sub-17-do-paulista\/\" \/>\n<meta property=\"og:locale\" content=\"pt_BR\" \/>\n<meta property=\"og:type\" content=\"article\" \/>\n<meta property=\"og:title\" content=\"Tourinho perde jogos pelo Sub-15 e Sub-17 do Paulista\" \/>\n<meta property=\"og:description\" content=\"As equipes do Barretos Esporte Clube voltou a campo neste\" \/>\n<meta property=\"og:url\" content=\"https:\/\/regiaonews.net.br\/2022\/2023\/08\/05\/tourinho-perde-jogos-pelo-sub-15-e-sub-17-do-paulista\/\" \/>\n<meta property=\"og:site_name\" content=\"Regi\u00e3o News\" \/>\n<meta property=\"article:published_time\" content=\"2023-08-05T17:57:59+00:00\" \/>\n<meta property=\"article:modified_time\" content=\"2023-08-05T18:09:29+00:00\" \/>\n<meta property=\"og:image\" content=\"https:\/\/regiaonews.net.br\/2022\/wp-content\/uploads\/2021\/12\/Estadio-Fortaleza-Andre-Monteiro.jpeg\" \/>\n\t<meta property=\"og:image:width\" content=\"1280\" \/>\n\t<meta property=\"og:image:height\" content=\"655\" \/>\n\t<meta property=\"og:image:type\" content=\"image\/jpeg\" \/>\n<meta name=\"author\" content=\"Roberto\" \/>\n<meta name=\"twitter:card\" content=\"summary_large_image\" \/>\n<meta name=\"twitter:label1\" content=\"Escrito por\" \/>\n\t<meta name=\"twitter:data1\" content=\"Roberto\" \/>\n\t<meta name=\"twitter:label2\" content=\"Est. tempo de leitura\" \/>\n\t<meta name=\"twitter:data2\" content=\"2 minutos\" \/>\n<script type=\"application\/ld+json\" class=\"yoast-schema-graph\">{\"@context\":\"https:\\\/\\\/schema.org\",\"@graph\":[{\"@type\":\"Article\",\"@id\":\"https:\\\/\\\/regiaonews.net.br\\\/2022\\\/2023\\\/08\\\/05\\\/tourinho-perde-jogos-pelo-sub-15-e-sub-17-do-paulista\\\/#article\",\"isPartOf\":{\"@id\":\"https:\\\/\\\/regiaonews.net.br\\\/2022\\\/2023\\\/08\\\/05\\\/tourinho-perde-jogos-pelo-sub-15-e-sub-17-do-paulista\\\/\"},\"author\":{\"name\":\"Roberto\",\"@id\":\"https:\\\/\\\/regiaonews.net.br\\\/2022\\\/#\\\/schema\\\/person\\\/2d205a608a5aa97ac279d7a5e6d89ad8\"},\"headline\":\"Tourinho perde jogos pelo Sub-15 e Sub-17 do Paulista\",\"datePublished\":\"2023-08-05T17:57:59+00:00\",\"dateModified\":\"2023-08-05T18:09:29+00:00\",\"mainEntityOfPage\":{\"@id\":\"https:\\\/\\\/regiaonews.net.br\\\/2022\\\/2023\\\/08\\\/05\\\/tourinho-perde-jogos-pelo-sub-15-e-sub-17-do-paulista\\\/\"},\"wordCount\":161,\"commentCount\":0,\"publisher\":{\"@id\":\"https:\\\/\\\/regiaonews.net.br\\\/2022\\\/#organization\"},\"image\":{\"@id\":\"https:\\\/\\\/regiaonews.net.br\\\/2022\\\/2023\\\/08\\\/05\\\/tourinho-perde-jogos-pelo-sub-15-e-sub-17-do-paulista\\\/#primaryimage\"},\"thumbnailUrl\":\"https:\\\/\\\/regiaonews.net.br\\\/2022\\\/wp-content\\\/uploads\\\/2021\\\/12\\\/Estadio-Fortaleza-Andre-Monteiro.jpeg\",\"articleSection\":[\"Barretos\",\"Campeonato Paulista\",\"Esporte\"],\"inLanguage\":\"pt-BR\",\"potentialAction\":[{\"@type\":\"CommentAction\",\"name\":\"Comment\",\"target\":[\"https:\\\/\\\/regiaonews.net.br\\\/2022\\\/2023\\\/08\\\/05\\\/tourinho-perde-jogos-pelo-sub-15-e-sub-17-do-paulista\\\/#respond\"]}]},{\"@type\":\"WebPage\",\"@id\":\"https:\\\/\\\/regiaonews.net.br\\\/2022\\\/2023\\\/08\\\/05\\\/tourinho-perde-jogos-pelo-sub-15-e-sub-17-do-paulista\\\/\",\"url\":\"https:\\\/\\\/regiaonews.net.br\\\/2022\\\/2023\\\/08\\\/05\\\/tourinho-perde-jogos-pelo-sub-15-e-sub-17-do-paulista\\\/\",\"name\":\"Tourinho perde jogos pelo Sub-15 e Sub-17 do Paulista\",\"isPartOf\":{\"@id\":\"https:\\\/\\\/regiaonews.net.br\\\/2022\\\/#website\"},\"primaryImageOfPage\":{\"@id\":\"https:\\\/\\\/regiaonews.net.br\\\/2022\\\/2023\\\/08\\\/05\\\/tourinho-perde-jogos-pelo-sub-15-e-sub-17-do-paulista\\\/#primaryimage\"},\"image\":{\"@id\":\"https:\\\/\\\/regiaonews.net.br\\\/2022\\\/2023\\\/08\\\/05\\\/tourinho-perde-jogos-pelo-sub-15-e-sub-17-do-paulista\\\/#primaryimage\"},\"thumbnailUrl\":\"https:\\\/\\\/regiaonews.net.br\\\/2022\\\/wp-content\\\/uploads\\\/2021\\\/12\\\/Estadio-Fortaleza-Andre-Monteiro.jpeg\",\"datePublished\":\"2023-08-05T17:57:59+00:00\",\"dateModified\":\"2023-08-05T18:09:29+00:00\",\"breadcrumb\":{\"@id\":\"https:\\\/\\\/regiaonews.net.br\\\/2022\\\/2023\\\/08\\\/05\\\/tourinho-perde-jogos-pelo-sub-15-e-sub-17-do-paulista\\\/#breadcrumb\"},\"inLanguage\":\"pt-BR\",\"potentialAction\":[{\"@type\":\"ReadAction\",\"target\":[\"https:\\\/\\\/regiaonews.net.br\\\/2022\\\/2023\\\/08\\\/05\\\/tourinho-perde-jogos-pelo-sub-15-e-sub-17-do-paulista\\\/\"]}]},{\"@type\":\"ImageObject\",\"inLanguage\":\"pt-BR\",\"@id\":\"https:\\\/\\\/regiaonews.net.br\\\/2022\\\/2023\\\/08\\\/05\\\/tourinho-perde-jogos-pelo-sub-15-e-sub-17-do-paulista\\\/#primaryimage\",\"url\":\"https:\\\/\\\/regiaonews.net.br\\\/2022\\\/wp-content\\\/uploads\\\/2021\\\/12\\\/Estadio-Fortaleza-Andre-Monteiro.jpeg\",\"contentUrl\":\"https:\\\/\\\/regiaonews.net.br\\\/2022\\\/wp-content\\\/uploads\\\/2021\\\/12\\\/Estadio-Fortaleza-Andre-Monteiro.jpeg\",\"width\":1280,\"height\":655},{\"@type\":\"BreadcrumbList\",\"@id\":\"https:\\\/\\\/regiaonews.net.br\\\/2022\\\/2023\\\/08\\\/05\\\/tourinho-perde-jogos-pelo-sub-15-e-sub-17-do-paulista\\\/#breadcrumb\",\"itemListElement\":[{\"@type\":\"ListItem\",\"position\":1,\"name\":\"In\u00edcio\",\"item\":\"https:\\\/\\\/regiaonews.net.br\\\/2022\\\/\"},{\"@type\":\"ListItem\",\"position\":2,\"name\":\"Tourinho perde jogos pelo Sub-15 e Sub-17 do Paulista\"}]},{\"@type\":\"WebSite\",\"@id\":\"https:\\\/\\\/regiaonews.net.br\\\/2022\\\/#website\",\"url\":\"https:\\\/\\\/regiaonews.net.br\\\/2022\\\/\",\"name\":\"Regi\u00e3o News\",\"description\":\"Site de Not\u00edcias de Barretos e regi\u00e3o\",\"publisher\":{\"@id\":\"https:\\\/\\\/regiaonews.net.br\\\/2022\\\/#organization\"},\"potentialAction\":[{\"@type\":\"SearchAction\",\"target\":{\"@type\":\"EntryPoint\",\"urlTemplate\":\"https:\\\/\\\/regiaonews.net.br\\\/2022\\\/?s={search_term_string}\"},\"query-input\":{\"@type\":\"PropertyValueSpecification\",\"valueRequired\":true,\"valueName\":\"search_term_string\"}}],\"inLanguage\":\"pt-BR\"},{\"@type\":\"Organization\",\"@id\":\"https:\\\/\\\/regiaonews.net.br\\\/2022\\\/#organization\",\"name\":\"Regi\u00e3o News\",\"url\":\"https:\\\/\\\/regiaonews.net.br\\\/2022\\\/\",\"logo\":{\"@type\":\"ImageObject\",\"inLanguage\":\"pt-BR\",\"@id\":\"https:\\\/\\\/regiaonews.net.br\\\/2022\\\/#\\\/schema\\\/logo\\\/image\\\/\",\"url\":\"https:\\\/\\\/regiaonews.net.br\\\/2022\\\/wp-content\\\/uploads\\\/2026\\\/03\\\/regiao-13-anos-scaled.jpg\",\"contentUrl\":\"https:\\\/\\\/regiaonews.net.br\\\/2022\\\/wp-content\\\/uploads\\\/2026\\\/03\\\/regiao-13-anos-scaled.jpg\",\"width\":2560,\"height\":635,\"caption\":\"Regi\u00e3o News\"},\"image\":{\"@id\":\"https:\\\/\\\/regiaonews.net.br\\\/2022\\\/#\\\/schema\\\/logo\\\/image\\\/\"}},{\"@type\":\"Person\",\"@id\":\"https:\\\/\\\/regiaonews.net.br\\\/2022\\\/#\\\/schema\\\/person\\\/2d205a608a5aa97ac279d7a5e6d89ad8\",\"name\":\"Roberto\",\"image\":{\"@type\":\"ImageObject\",\"inLanguage\":\"pt-BR\",\"@id\":\"https:\\\/\\\/secure.gravatar.com\\\/avatar\\\/42749d8b712ff9d59ca93dc150494e5b55a44134482993f5baeb97e61b7ecc89?s=96&d=mm&r=g\",\"url\":\"https:\\\/\\\/secure.gravatar.com\\\/avatar\\\/42749d8b712ff9d59ca93dc150494e5b55a44134482993f5baeb97e61b7ecc89?s=96&d=mm&r=g\",\"contentUrl\":\"https:\\\/\\\/secure.gravatar.com\\\/avatar\\\/42749d8b712ff9d59ca93dc150494e5b55a44134482993f5baeb97e61b7ecc89?s=96&d=mm&r=g\",\"caption\":\"Roberto\"},\"url\":\"https:\\\/\\\/regiaonews.net.br\\\/2022\\\/author\\\/roberto\\\/\"}]}<\/script>\n<!-- \/ Yoast SEO plugin. -->","yoast_head_json":{"title":"Tourinho perde jogos pelo Sub-15 e Sub-17 do Paulista","robots":{"index":"index","follow":"follow","max-snippet":"max-snippet:-1","max-image-preview":"max-image-preview:large","max-video-preview":"max-video-preview:-1"},"canonical":"https:\/\/regiaonews.net.br\/2022\/2023\/08\/05\/tourinho-perde-jogos-pelo-sub-15-e-sub-17-do-paulista\/","og_locale":"pt_BR","og_type":"article","og_title":"Tourinho perde jogos pelo Sub-15 e Sub-17 do Paulista","og_description":"As equipes do Barretos Esporte Clube voltou a campo neste","og_url":"https:\/\/regiaonews.net.br\/2022\/2023\/08\/05\/tourinho-perde-jogos-pelo-sub-15-e-sub-17-do-paulista\/","og_site_name":"Regi\u00e3o News","article_published_time":"2023-08-05T17:57:59+00:00","article_modified_time":"2023-08-05T18:09:29+00:00","og_image":[{"width":1280,"height":655,"url":"https:\/\/regiaonews.net.br\/2022\/wp-content\/uploads\/2021\/12\/Estadio-Fortaleza-Andre-Monteiro.jpeg","type":"image\/jpeg"}],"author":"Roberto","twitter_card":"summary_large_image","twitter_misc":{"Escrito por":"Roberto","Est. tempo de leitura":"2 minutos"},"schema":{"@context":"https:\/\/schema.org","@graph":[{"@type":"Article","@id":"https:\/\/regiaonews.net.br\/2022\/2023\/08\/05\/tourinho-perde-jogos-pelo-sub-15-e-sub-17-do-paulista\/#article","isPartOf":{"@id":"https:\/\/regiaonews.net.br\/2022\/2023\/08\/05\/tourinho-perde-jogos-pelo-sub-15-e-sub-17-do-paulista\/"},"author":{"name":"Roberto","@id":"https:\/\/regiaonews.net.br\/2022\/#\/schema\/person\/2d205a608a5aa97ac279d7a5e6d89ad8"},"headline":"Tourinho perde jogos pelo Sub-15 e Sub-17 do Paulista","datePublished":"2023-08-05T17:57:59+00:00","dateModified":"2023-08-05T18:09:29+00:00","mainEntityOfPage":{"@id":"https:\/\/regiaonews.net.br\/2022\/2023\/08\/05\/tourinho-perde-jogos-pelo-sub-15-e-sub-17-do-paulista\/"},"wordCount":161,"commentCount":0,"publisher":{"@id":"https:\/\/regiaonews.net.br\/2022\/#organization"},"image":{"@id":"https:\/\/regiaonews.net.br\/2022\/2023\/08\/05\/tourinho-perde-jogos-pelo-sub-15-e-sub-17-do-paulista\/#primaryimage"},"thumbnailUrl":"https:\/\/regiaonews.net.br\/2022\/wp-content\/uploads\/2021\/12\/Estadio-Fortaleza-Andre-Monteiro.jpeg","articleSection":["Barretos","Campeonato Paulista","Esporte"],"inLanguage":"pt-BR","potentialAction":[{"@type":"CommentAction","name":"Comment","target":["https:\/\/regiaonews.net.br\/2022\/2023\/08\/05\/tourinho-perde-jogos-pelo-sub-15-e-sub-17-do-paulista\/#respond"]}]},{"@type":"WebPage","@id":"https:\/\/regiaonews.net.br\/2022\/2023\/08\/05\/tourinho-perde-jogos-pelo-sub-15-e-sub-17-do-paulista\/","url":"https:\/\/regiaonews.net.br\/2022\/2023\/08\/05\/tourinho-perde-jogos-pelo-sub-15-e-sub-17-do-paulista\/","name":"Tourinho perde jogos pelo Sub-15 e Sub-17 do Paulista","isPartOf":{"@id":"https:\/\/regiaonews.net.br\/2022\/#website"},"primaryImageOfPage":{"@id":"https:\/\/regiaonews.net.br\/2022\/2023\/08\/05\/tourinho-perde-jogos-pelo-sub-15-e-sub-17-do-paulista\/#primaryimage"},"image":{"@id":"https:\/\/regiaonews.net.br\/2022\/2023\/08\/05\/tourinho-perde-jogos-pelo-sub-15-e-sub-17-do-paulista\/#primaryimage"},"thumbnailUrl":"https:\/\/regiaonews.net.br\/2022\/wp-content\/uploads\/2021\/12\/Estadio-Fortaleza-Andre-Monteiro.jpeg","datePublished":"2023-08-05T17:57:59+00:00","dateModified":"2023-08-05T18:09:29+00:00","breadcrumb":{"@id":"https:\/\/regiaonews.net.br\/2022\/2023\/08\/05\/tourinho-perde-jogos-pelo-sub-15-e-sub-17-do-paulista\/#breadcrumb"},"inLanguage":"pt-BR","potentialAction":[{"@type":"ReadAction","target":["https:\/\/regiaonews.net.br\/2022\/2023\/08\/05\/tourinho-perde-jogos-pelo-sub-15-e-sub-17-do-paulista\/"]}]},{"@type":"ImageObject","inLanguage":"pt-BR","@id":"https:\/\/regiaonews.net.br\/2022\/2023\/08\/05\/tourinho-perde-jogos-pelo-sub-15-e-sub-17-do-paulista\/#primaryimage","url":"https:\/\/regiaonews.net.br\/2022\/wp-content\/uploads\/2021\/12\/Estadio-Fortaleza-Andre-Monteiro.jpeg","contentUrl":"https:\/\/regiaonews.net.br\/2022\/wp-content\/uploads\/2021\/12\/Estadio-Fortaleza-Andre-Monteiro.jpeg","width":1280,"height":655},{"@type":"BreadcrumbList","@id":"https:\/\/regiaonews.net.br\/2022\/2023\/08\/05\/tourinho-perde-jogos-pelo-sub-15-e-sub-17-do-paulista\/#breadcrumb","itemListElement":[{"@type":"ListItem","position":1,"name":"In\u00edcio","item":"https:\/\/regiaonews.net.br\/2022\/"},{"@type":"ListItem","position":2,"name":"Tourinho perde jogos pelo Sub-15 e Sub-17 do Paulista"}]},{"@type":"WebSite","@id":"https:\/\/regiaonews.net.br\/2022\/#website","url":"https:\/\/regiaonews.net.br\/2022\/","name":"Regi\u00e3o News","description":"Site de Not\u00edcias de Barretos e regi\u00e3o","publisher":{"@id":"https:\/\/regiaonews.net.br\/2022\/#organization"},"potentialAction":[{"@type":"SearchAction","target":{"@type":"EntryPoint","urlTemplate":"https:\/\/regiaonews.net.br\/2022\/?s={search_term_string}"},"query-input":{"@type":"PropertyValueSpecification","valueRequired":true,"valueName":"search_term_string"}}],"inLanguage":"pt-BR"},{"@type":"Organization","@id":"https:\/\/regiaonews.net.br\/2022\/#organization","name":"Regi\u00e3o News","url":"https:\/\/regiaonews.net.br\/2022\/","logo":{"@type":"ImageObject","inLanguage":"pt-BR","@id":"https:\/\/regiaonews.net.br\/2022\/#\/schema\/logo\/image\/","url":"https:\/\/regiaonews.net.br\/2022\/wp-content\/uploads\/2026\/03\/regiao-13-anos-scaled.jpg","contentUrl":"https:\/\/regiaonews.net.br\/2022\/wp-content\/uploads\/2026\/03\/regiao-13-anos-scaled.jpg","width":2560,"height":635,"caption":"Regi\u00e3o News"},"image":{"@id":"https:\/\/regiaonews.net.br\/2022\/#\/schema\/logo\/image\/"}},{"@type":"Person","@id":"https:\/\/regiaonews.net.br\/2022\/#\/schema\/person\/2d205a608a5aa97ac279d7a5e6d89ad8","name":"Roberto","image":{"@type":"ImageObject","inLanguage":"pt-BR","@id":"https:\/\/secure.gravatar.com\/avatar\/42749d8b712ff9d59ca93dc150494e5b55a44134482993f5baeb97e61b7ecc89?s=96&d=mm&r=g","url":"https:\/\/secure.gravatar.com\/avatar\/42749d8b712ff9d59ca93dc150494e5b55a44134482993f5baeb97e61b7ecc89?s=96&d=mm&r=g","contentUrl":"https:\/\/secure.gravatar.com\/avatar\/42749d8b712ff9d59ca93dc150494e5b55a44134482993f5baeb97e61b7ecc89?s=96&d=mm&r=g","caption":"Roberto"},"url":"https:\/\/regiaonews.net.br\/2022\/author\/roberto\/"}]}},"publishpress_future_action":{"enabled":false,"date":"2026-05-03 03:15:26","action":"change-status","newStatus":"draft","terms":[],"taxonomy":"category","extraData":[]},"publishpress_future_workflow_manual_trigger":{"enabledWorkflows":[]},"_links":{"self":[{"href":"https:\/\/regiaonews.net.br\/2022\/wp-json\/wp\/v2\/posts\/92935","targetHints":{"allow":["GET"]}}],"collection":[{"href":"https:\/\/regiaonews.net.br\/2022\/wp-json\/wp\/v2\/posts"}],"about":[{"href":"https:\/\/regiaonews.net.br\/2022\/wp-json\/wp\/v2\/types\/post"}],"author":[{"embeddable":true,"href":"https:\/\/regiaonews.net.br\/2022\/wp-json\/wp\/v2\/users\/2"}],"replies":[{"embeddable":true,"href":"https:\/\/regiaonews.net.br\/2022\/wp-json\/wp\/v2\/comments?post=92935"}],"version-history":[{"count":4,"href":"https:\/\/regiaonews.net.br\/2022\/wp-json\/wp\/v2\/posts\/92935\/revisions"}],"predecessor-version":[{"id":92940,"href":"https:\/\/regiaonews.net.br\/2022\/wp-json\/wp\/v2\/posts\/92935\/revisions\/92940"}],"wp:featuredmedia":[{"embeddable":true,"href":"https:\/\/regiaonews.net.br\/2022\/wp-json\/wp\/v2\/media\/63476"}],"wp:attachment":[{"href":"https:\/\/regiaonews.net.br\/2022\/wp-json\/wp\/v2\/media?parent=92935"}],"wp:term":[{"taxonomy":"category","embeddable":true,"href":"https:\/\/regiaonews.net.br\/2022\/wp-json\/wp\/v2\/categories?post=92935"},{"taxonomy":"post_tag","embeddable":true,"href":"https:\/\/regiaonews.net.br\/2022\/wp-json\/wp\/v2\/tags?post=92935"}],"curies":[{"name":"wp","href":"https:\/\/api.w.org\/{rel}","templated":true}]}}