{"id":92793,"date":"2023-08-03T09:44:42","date_gmt":"2023-08-03T12:44:42","guid":{"rendered":"https:\/\/regiaonews.net.br\/2022\/?p=92793"},"modified":"2023-08-03T09:44:42","modified_gmt":"2023-08-03T12:44:42","slug":"policia-civil-de-sp-prende-suspeito-e-apreende-r-300-mil-na-2a-fase-da-operacao-fractal","status":"publish","type":"post","link":"https:\/\/regiaonews.net.br\/2022\/2023\/08\/03\/policia-civil-de-sp-prende-suspeito-e-apreende-r-300-mil-na-2a-fase-da-operacao-fractal\/","title":{"rendered":"Pol\u00edcia Civil de SP prende suspeito e apreende R$ 300 mil na 2\u00aa fase da Opera\u00e7\u00e3o Fractal"},"content":{"rendered":"<div>\n<h1 class=\"chapeu2 ng-binding\"><\/h1>\n<h2 class=\"titulopreto ng-binding\">A\u00e7\u00e3o investiga crimes relacionados \u00e0 lavagem de dinheiro; mais cinco pessoas s\u00e3o investigadas<\/h2>\n<p><center><\/p>\n<h2 class=\"titulopreto ng-binding\"><\/h2>\n<p><\/center><\/div>\n<div id=\"notCorpo\" class=\"ng-binding\">\n<div>Policiais civis da 1\u00aa Delegacia da Divis\u00e3o de Investiga\u00e7\u00f5es sobre Crimes contra a Administra\u00e7\u00e3o (Dicca), do Departamento de Pol\u00edcia de Prote\u00e7\u00e3o \u00e0 Cidadania (DPPC), prenderam em flagrante um homem de 31 anos e apreenderam mais de R$ 300 mil reais na segunda fase da Opera\u00e7\u00e3o Fractal, que investiga crimes de lavagem de dinheiro. A a\u00e7\u00e3o foi realizada nesta quarta-feira (2) na capital paulista e em Guarulhos, na Grande S\u00e3o Paulo.<\/div>\n<div><\/div>\n<div>O objetivo da opera\u00e7\u00e3o \u00e9 desarticular a atua\u00e7\u00e3o de operadores financeiros envolvidos em um esquema de remessas de dinheiro il\u00edcito enviadas para o exterior. Com base em investiga\u00e7\u00f5es e com informa\u00e7\u00f5es obtidas na primeira fase da opera\u00e7\u00e3o, ocorrida em outubro do ano passado, foram expedidos sete mandados de busca e apreens\u00e3o em seis endere\u00e7os, nos bairros da Mooca, Campo Belo e Br\u00e1s, al\u00e9m da cidade de Guarulhos.<\/div>\n<div><\/div>\n<div>Em um dos locais, no bairro Pican\u00e7o, em Guarulhos, um homem de 31 anos foi preso em flagrante por posse ilegal de arma de fogo. Na sua resid\u00eancia, foram encontrados R$ 16 mil em esp\u00e9cie e 18 cart\u00f5es banc\u00e1rios. Uma mulher de 28 anos que tamb\u00e9m estava no local est\u00e1 sendo investigada.<\/div>\n<div><\/div>\n<div>Al\u00e9m dela, mais quatro pessoas est\u00e3o sendo investigadas pelo crime de lavagem de dinheiro. Em um outro im\u00f3vel, no bairro da Mooca, dois homens de origem estrangeira, de 42 e 54 anos, estavam em posse de 1,4 mil euros e 21 mil d\u00f3lares. Al\u00e9m disso, foram localizados no endere\u00e7o 36 caixas de cartucho, 4 caixas de proj\u00e9teis e 3 carregadores de muni\u00e7\u00e3o.<\/div>\n<div><\/div>\n<div>Um outro homem, de 47 anos, tinha em dois endere\u00e7os, situados no Br\u00e1s e em Guarulhos, mais de R$ 299 mil em esp\u00e9cie, al\u00e9m de 12,2 mil euros e 19,9 mil d\u00f3lares. Ainda foram apreendidos nas casas dos investigados notebooks, celulares, pen-drives, CPUs, m\u00e1quinas de cart\u00e3o e documentos, que auxiliar\u00e3o no prosseguimento na apura\u00e7\u00e3o.<\/div>\n<div><\/div>\n<div>Os casos foram registrados como cumprimento de mandado de busca e apreens\u00e3o e posse ou porte ilegal de arma de fogo de uso restrito na 1\u00aa Delegacia de Pol\u00edcia da Dicca, do DPPC.<\/div>\n<\/div>\n","protected":false},"excerpt":{"rendered":"<p>A\u00e7\u00e3o investiga crimes relacionados \u00e0 lavagem de dinheiro; mais cinco<\/p>\n","protected":false},"author":2,"featured_media":92794,"comment_status":"open","ping_status":"open","sticky":false,"template":"","format":"standard","meta":{"footnotes":""},"categories":[23],"tags":[],"class_list":["post-92793","post","type-post","status-publish","format-standard","has-post-thumbnail","hentry","category-policia"],"yoast_head":"<!-- This site is optimized with the Yoast SEO plugin v27.4 - https:\/\/yoast.com\/product\/yoast-seo-wordpress\/ -->\n<title>Pol\u00edcia Civil de SP prende suspeito e apreende R$ 300 mil na 2\u00aa fase da Opera\u00e7\u00e3o Fractal - Regi\u00e3o News<\/title>\n<meta name=\"robots\" content=\"index, follow, max-snippet:-1, max-image-preview:large, max-video-preview:-1\" \/>\n<link rel=\"canonical\" href=\"https:\/\/regiaonews.net.br\/2022\/2023\/08\/03\/policia-civil-de-sp-prende-suspeito-e-apreende-r-300-mil-na-2a-fase-da-operacao-fractal\/\" \/>\n<meta property=\"og:locale\" content=\"pt_BR\" \/>\n<meta property=\"og:type\" content=\"article\" \/>\n<meta property=\"og:title\" content=\"Pol\u00edcia Civil de SP prende suspeito e apreende R$ 300 mil na 2\u00aa fase da Opera\u00e7\u00e3o Fractal - Regi\u00e3o News\" \/>\n<meta property=\"og:description\" content=\"A\u00e7\u00e3o investiga crimes relacionados \u00e0 lavagem de dinheiro; mais cinco\" \/>\n<meta property=\"og:url\" content=\"https:\/\/regiaonews.net.br\/2022\/2023\/08\/03\/policia-civil-de-sp-prende-suspeito-e-apreende-r-300-mil-na-2a-fase-da-operacao-fractal\/\" \/>\n<meta property=\"og:site_name\" content=\"Regi\u00e3o News\" \/>\n<meta property=\"article:published_time\" content=\"2023-08-03T12:44:42+00:00\" \/>\n<meta property=\"og:image\" content=\"https:\/\/regiaonews.net.br\/2022\/wp-content\/uploads\/2023\/08\/00051040.jpg\" \/>\n\t<meta property=\"og:image:width\" content=\"800\" \/>\n\t<meta property=\"og:image:height\" content=\"450\" \/>\n\t<meta property=\"og:image:type\" content=\"image\/jpeg\" \/>\n<meta name=\"author\" content=\"Roberto\" \/>\n<meta name=\"twitter:card\" content=\"summary_large_image\" \/>\n<meta name=\"twitter:label1\" content=\"Escrito por\" \/>\n\t<meta name=\"twitter:data1\" content=\"Roberto\" \/>\n\t<meta name=\"twitter:label2\" content=\"Est. tempo de leitura\" \/>\n\t<meta name=\"twitter:data2\" content=\"2 minutos\" \/>\n<script type=\"application\/ld+json\" class=\"yoast-schema-graph\">{\"@context\":\"https:\\\/\\\/schema.org\",\"@graph\":[{\"@type\":\"Article\",\"@id\":\"https:\\\/\\\/regiaonews.net.br\\\/2022\\\/2023\\\/08\\\/03\\\/policia-civil-de-sp-prende-suspeito-e-apreende-r-300-mil-na-2a-fase-da-operacao-fractal\\\/#article\",\"isPartOf\":{\"@id\":\"https:\\\/\\\/regiaonews.net.br\\\/2022\\\/2023\\\/08\\\/03\\\/policia-civil-de-sp-prende-suspeito-e-apreende-r-300-mil-na-2a-fase-da-operacao-fractal\\\/\"},\"author\":{\"name\":\"Roberto\",\"@id\":\"https:\\\/\\\/regiaonews.net.br\\\/2022\\\/#\\\/schema\\\/person\\\/2d205a608a5aa97ac279d7a5e6d89ad8\"},\"headline\":\"Pol\u00edcia Civil de SP prende suspeito e apreende R$ 300 mil na 2\u00aa fase da Opera\u00e7\u00e3o Fractal\",\"datePublished\":\"2023-08-03T12:44:42+00:00\",\"mainEntityOfPage\":{\"@id\":\"https:\\\/\\\/regiaonews.net.br\\\/2022\\\/2023\\\/08\\\/03\\\/policia-civil-de-sp-prende-suspeito-e-apreende-r-300-mil-na-2a-fase-da-operacao-fractal\\\/\"},\"wordCount\":390,\"commentCount\":0,\"publisher\":{\"@id\":\"https:\\\/\\\/regiaonews.net.br\\\/2022\\\/#organization\"},\"image\":{\"@id\":\"https:\\\/\\\/regiaonews.net.br\\\/2022\\\/2023\\\/08\\\/03\\\/policia-civil-de-sp-prende-suspeito-e-apreende-r-300-mil-na-2a-fase-da-operacao-fractal\\\/#primaryimage\"},\"thumbnailUrl\":\"https:\\\/\\\/regiaonews.net.br\\\/2022\\\/wp-content\\\/uploads\\\/2023\\\/08\\\/00051040.jpg\",\"articleSection\":[\"Policia\"],\"inLanguage\":\"pt-BR\",\"potentialAction\":[{\"@type\":\"CommentAction\",\"name\":\"Comment\",\"target\":[\"https:\\\/\\\/regiaonews.net.br\\\/2022\\\/2023\\\/08\\\/03\\\/policia-civil-de-sp-prende-suspeito-e-apreende-r-300-mil-na-2a-fase-da-operacao-fractal\\\/#respond\"]}]},{\"@type\":\"WebPage\",\"@id\":\"https:\\\/\\\/regiaonews.net.br\\\/2022\\\/2023\\\/08\\\/03\\\/policia-civil-de-sp-prende-suspeito-e-apreende-r-300-mil-na-2a-fase-da-operacao-fractal\\\/\",\"url\":\"https:\\\/\\\/regiaonews.net.br\\\/2022\\\/2023\\\/08\\\/03\\\/policia-civil-de-sp-prende-suspeito-e-apreende-r-300-mil-na-2a-fase-da-operacao-fractal\\\/\",\"name\":\"Pol\u00edcia Civil de SP prende suspeito e apreende R$ 300 mil na 2\u00aa fase da Opera\u00e7\u00e3o Fractal - Regi\u00e3o News\",\"isPartOf\":{\"@id\":\"https:\\\/\\\/regiaonews.net.br\\\/2022\\\/#website\"},\"primaryImageOfPage\":{\"@id\":\"https:\\\/\\\/regiaonews.net.br\\\/2022\\\/2023\\\/08\\\/03\\\/policia-civil-de-sp-prende-suspeito-e-apreende-r-300-mil-na-2a-fase-da-operacao-fractal\\\/#primaryimage\"},\"image\":{\"@id\":\"https:\\\/\\\/regiaonews.net.br\\\/2022\\\/2023\\\/08\\\/03\\\/policia-civil-de-sp-prende-suspeito-e-apreende-r-300-mil-na-2a-fase-da-operacao-fractal\\\/#primaryimage\"},\"thumbnailUrl\":\"https:\\\/\\\/regiaonews.net.br\\\/2022\\\/wp-content\\\/uploads\\\/2023\\\/08\\\/00051040.jpg\",\"datePublished\":\"2023-08-03T12:44:42+00:00\",\"breadcrumb\":{\"@id\":\"https:\\\/\\\/regiaonews.net.br\\\/2022\\\/2023\\\/08\\\/03\\\/policia-civil-de-sp-prende-suspeito-e-apreende-r-300-mil-na-2a-fase-da-operacao-fractal\\\/#breadcrumb\"},\"inLanguage\":\"pt-BR\",\"potentialAction\":[{\"@type\":\"ReadAction\",\"target\":[\"https:\\\/\\\/regiaonews.net.br\\\/2022\\\/2023\\\/08\\\/03\\\/policia-civil-de-sp-prende-suspeito-e-apreende-r-300-mil-na-2a-fase-da-operacao-fractal\\\/\"]}]},{\"@type\":\"ImageObject\",\"inLanguage\":\"pt-BR\",\"@id\":\"https:\\\/\\\/regiaonews.net.br\\\/2022\\\/2023\\\/08\\\/03\\\/policia-civil-de-sp-prende-suspeito-e-apreende-r-300-mil-na-2a-fase-da-operacao-fractal\\\/#primaryimage\",\"url\":\"https:\\\/\\\/regiaonews.net.br\\\/2022\\\/wp-content\\\/uploads\\\/2023\\\/08\\\/00051040.jpg\",\"contentUrl\":\"https:\\\/\\\/regiaonews.net.br\\\/2022\\\/wp-content\\\/uploads\\\/2023\\\/08\\\/00051040.jpg\",\"width\":800,\"height\":450},{\"@type\":\"BreadcrumbList\",\"@id\":\"https:\\\/\\\/regiaonews.net.br\\\/2022\\\/2023\\\/08\\\/03\\\/policia-civil-de-sp-prende-suspeito-e-apreende-r-300-mil-na-2a-fase-da-operacao-fractal\\\/#breadcrumb\",\"itemListElement\":[{\"@type\":\"ListItem\",\"position\":1,\"name\":\"In\u00edcio\",\"item\":\"https:\\\/\\\/regiaonews.net.br\\\/2022\\\/\"},{\"@type\":\"ListItem\",\"position\":2,\"name\":\"Pol\u00edcia Civil de SP prende suspeito e apreende R$ 300 mil na 2\u00aa fase da Opera\u00e7\u00e3o Fractal\"}]},{\"@type\":\"WebSite\",\"@id\":\"https:\\\/\\\/regiaonews.net.br\\\/2022\\\/#website\",\"url\":\"https:\\\/\\\/regiaonews.net.br\\\/2022\\\/\",\"name\":\"Regi\u00e3o News\",\"description\":\"Site de Not\u00edcias de Barretos e regi\u00e3o\",\"publisher\":{\"@id\":\"https:\\\/\\\/regiaonews.net.br\\\/2022\\\/#organization\"},\"potentialAction\":[{\"@type\":\"SearchAction\",\"target\":{\"@type\":\"EntryPoint\",\"urlTemplate\":\"https:\\\/\\\/regiaonews.net.br\\\/2022\\\/?s={search_term_string}\"},\"query-input\":{\"@type\":\"PropertyValueSpecification\",\"valueRequired\":true,\"valueName\":\"search_term_string\"}}],\"inLanguage\":\"pt-BR\"},{\"@type\":\"Organization\",\"@id\":\"https:\\\/\\\/regiaonews.net.br\\\/2022\\\/#organization\",\"name\":\"Regi\u00e3o News\",\"url\":\"https:\\\/\\\/regiaonews.net.br\\\/2022\\\/\",\"logo\":{\"@type\":\"ImageObject\",\"inLanguage\":\"pt-BR\",\"@id\":\"https:\\\/\\\/regiaonews.net.br\\\/2022\\\/#\\\/schema\\\/logo\\\/image\\\/\",\"url\":\"https:\\\/\\\/regiaonews.net.br\\\/2022\\\/wp-content\\\/uploads\\\/2026\\\/03\\\/regiao-13-anos-scaled.jpg\",\"contentUrl\":\"https:\\\/\\\/regiaonews.net.br\\\/2022\\\/wp-content\\\/uploads\\\/2026\\\/03\\\/regiao-13-anos-scaled.jpg\",\"width\":2560,\"height\":635,\"caption\":\"Regi\u00e3o News\"},\"image\":{\"@id\":\"https:\\\/\\\/regiaonews.net.br\\\/2022\\\/#\\\/schema\\\/logo\\\/image\\\/\"}},{\"@type\":\"Person\",\"@id\":\"https:\\\/\\\/regiaonews.net.br\\\/2022\\\/#\\\/schema\\\/person\\\/2d205a608a5aa97ac279d7a5e6d89ad8\",\"name\":\"Roberto\",\"image\":{\"@type\":\"ImageObject\",\"inLanguage\":\"pt-BR\",\"@id\":\"https:\\\/\\\/secure.gravatar.com\\\/avatar\\\/42749d8b712ff9d59ca93dc150494e5b55a44134482993f5baeb97e61b7ecc89?s=96&d=mm&r=g\",\"url\":\"https:\\\/\\\/secure.gravatar.com\\\/avatar\\\/42749d8b712ff9d59ca93dc150494e5b55a44134482993f5baeb97e61b7ecc89?s=96&d=mm&r=g\",\"contentUrl\":\"https:\\\/\\\/secure.gravatar.com\\\/avatar\\\/42749d8b712ff9d59ca93dc150494e5b55a44134482993f5baeb97e61b7ecc89?s=96&d=mm&r=g\",\"caption\":\"Roberto\"},\"url\":\"https:\\\/\\\/regiaonews.net.br\\\/2022\\\/author\\\/roberto\\\/\"}]}<\/script>\n<!-- \/ Yoast SEO plugin. -->","yoast_head_json":{"title":"Pol\u00edcia Civil de SP prende suspeito e apreende R$ 300 mil na 2\u00aa fase da Opera\u00e7\u00e3o Fractal - Regi\u00e3o News","robots":{"index":"index","follow":"follow","max-snippet":"max-snippet:-1","max-image-preview":"max-image-preview:large","max-video-preview":"max-video-preview:-1"},"canonical":"https:\/\/regiaonews.net.br\/2022\/2023\/08\/03\/policia-civil-de-sp-prende-suspeito-e-apreende-r-300-mil-na-2a-fase-da-operacao-fractal\/","og_locale":"pt_BR","og_type":"article","og_title":"Pol\u00edcia Civil de SP prende suspeito e apreende R$ 300 mil na 2\u00aa fase da Opera\u00e7\u00e3o Fractal - Regi\u00e3o News","og_description":"A\u00e7\u00e3o investiga crimes relacionados \u00e0 lavagem de dinheiro; mais cinco","og_url":"https:\/\/regiaonews.net.br\/2022\/2023\/08\/03\/policia-civil-de-sp-prende-suspeito-e-apreende-r-300-mil-na-2a-fase-da-operacao-fractal\/","og_site_name":"Regi\u00e3o News","article_published_time":"2023-08-03T12:44:42+00:00","og_image":[{"width":800,"height":450,"url":"https:\/\/regiaonews.net.br\/2022\/wp-content\/uploads\/2023\/08\/00051040.jpg","type":"image\/jpeg"}],"author":"Roberto","twitter_card":"summary_large_image","twitter_misc":{"Escrito por":"Roberto","Est. tempo de leitura":"2 minutos"},"schema":{"@context":"https:\/\/schema.org","@graph":[{"@type":"Article","@id":"https:\/\/regiaonews.net.br\/2022\/2023\/08\/03\/policia-civil-de-sp-prende-suspeito-e-apreende-r-300-mil-na-2a-fase-da-operacao-fractal\/#article","isPartOf":{"@id":"https:\/\/regiaonews.net.br\/2022\/2023\/08\/03\/policia-civil-de-sp-prende-suspeito-e-apreende-r-300-mil-na-2a-fase-da-operacao-fractal\/"},"author":{"name":"Roberto","@id":"https:\/\/regiaonews.net.br\/2022\/#\/schema\/person\/2d205a608a5aa97ac279d7a5e6d89ad8"},"headline":"Pol\u00edcia Civil de SP prende suspeito e apreende R$ 300 mil na 2\u00aa fase da Opera\u00e7\u00e3o Fractal","datePublished":"2023-08-03T12:44:42+00:00","mainEntityOfPage":{"@id":"https:\/\/regiaonews.net.br\/2022\/2023\/08\/03\/policia-civil-de-sp-prende-suspeito-e-apreende-r-300-mil-na-2a-fase-da-operacao-fractal\/"},"wordCount":390,"commentCount":0,"publisher":{"@id":"https:\/\/regiaonews.net.br\/2022\/#organization"},"image":{"@id":"https:\/\/regiaonews.net.br\/2022\/2023\/08\/03\/policia-civil-de-sp-prende-suspeito-e-apreende-r-300-mil-na-2a-fase-da-operacao-fractal\/#primaryimage"},"thumbnailUrl":"https:\/\/regiaonews.net.br\/2022\/wp-content\/uploads\/2023\/08\/00051040.jpg","articleSection":["Policia"],"inLanguage":"pt-BR","potentialAction":[{"@type":"CommentAction","name":"Comment","target":["https:\/\/regiaonews.net.br\/2022\/2023\/08\/03\/policia-civil-de-sp-prende-suspeito-e-apreende-r-300-mil-na-2a-fase-da-operacao-fractal\/#respond"]}]},{"@type":"WebPage","@id":"https:\/\/regiaonews.net.br\/2022\/2023\/08\/03\/policia-civil-de-sp-prende-suspeito-e-apreende-r-300-mil-na-2a-fase-da-operacao-fractal\/","url":"https:\/\/regiaonews.net.br\/2022\/2023\/08\/03\/policia-civil-de-sp-prende-suspeito-e-apreende-r-300-mil-na-2a-fase-da-operacao-fractal\/","name":"Pol\u00edcia Civil de SP prende suspeito e apreende R$ 300 mil na 2\u00aa fase da Opera\u00e7\u00e3o Fractal - Regi\u00e3o News","isPartOf":{"@id":"https:\/\/regiaonews.net.br\/2022\/#website"},"primaryImageOfPage":{"@id":"https:\/\/regiaonews.net.br\/2022\/2023\/08\/03\/policia-civil-de-sp-prende-suspeito-e-apreende-r-300-mil-na-2a-fase-da-operacao-fractal\/#primaryimage"},"image":{"@id":"https:\/\/regiaonews.net.br\/2022\/2023\/08\/03\/policia-civil-de-sp-prende-suspeito-e-apreende-r-300-mil-na-2a-fase-da-operacao-fractal\/#primaryimage"},"thumbnailUrl":"https:\/\/regiaonews.net.br\/2022\/wp-content\/uploads\/2023\/08\/00051040.jpg","datePublished":"2023-08-03T12:44:42+00:00","breadcrumb":{"@id":"https:\/\/regiaonews.net.br\/2022\/2023\/08\/03\/policia-civil-de-sp-prende-suspeito-e-apreende-r-300-mil-na-2a-fase-da-operacao-fractal\/#breadcrumb"},"inLanguage":"pt-BR","potentialAction":[{"@type":"ReadAction","target":["https:\/\/regiaonews.net.br\/2022\/2023\/08\/03\/policia-civil-de-sp-prende-suspeito-e-apreende-r-300-mil-na-2a-fase-da-operacao-fractal\/"]}]},{"@type":"ImageObject","inLanguage":"pt-BR","@id":"https:\/\/regiaonews.net.br\/2022\/2023\/08\/03\/policia-civil-de-sp-prende-suspeito-e-apreende-r-300-mil-na-2a-fase-da-operacao-fractal\/#primaryimage","url":"https:\/\/regiaonews.net.br\/2022\/wp-content\/uploads\/2023\/08\/00051040.jpg","contentUrl":"https:\/\/regiaonews.net.br\/2022\/wp-content\/uploads\/2023\/08\/00051040.jpg","width":800,"height":450},{"@type":"BreadcrumbList","@id":"https:\/\/regiaonews.net.br\/2022\/2023\/08\/03\/policia-civil-de-sp-prende-suspeito-e-apreende-r-300-mil-na-2a-fase-da-operacao-fractal\/#breadcrumb","itemListElement":[{"@type":"ListItem","position":1,"name":"In\u00edcio","item":"https:\/\/regiaonews.net.br\/2022\/"},{"@type":"ListItem","position":2,"name":"Pol\u00edcia Civil de SP prende suspeito e apreende R$ 300 mil na 2\u00aa fase da Opera\u00e7\u00e3o Fractal"}]},{"@type":"WebSite","@id":"https:\/\/regiaonews.net.br\/2022\/#website","url":"https:\/\/regiaonews.net.br\/2022\/","name":"Regi\u00e3o News","description":"Site de Not\u00edcias de Barretos e regi\u00e3o","publisher":{"@id":"https:\/\/regiaonews.net.br\/2022\/#organization"},"potentialAction":[{"@type":"SearchAction","target":{"@type":"EntryPoint","urlTemplate":"https:\/\/regiaonews.net.br\/2022\/?s={search_term_string}"},"query-input":{"@type":"PropertyValueSpecification","valueRequired":true,"valueName":"search_term_string"}}],"inLanguage":"pt-BR"},{"@type":"Organization","@id":"https:\/\/regiaonews.net.br\/2022\/#organization","name":"Regi\u00e3o News","url":"https:\/\/regiaonews.net.br\/2022\/","logo":{"@type":"ImageObject","inLanguage":"pt-BR","@id":"https:\/\/regiaonews.net.br\/2022\/#\/schema\/logo\/image\/","url":"https:\/\/regiaonews.net.br\/2022\/wp-content\/uploads\/2026\/03\/regiao-13-anos-scaled.jpg","contentUrl":"https:\/\/regiaonews.net.br\/2022\/wp-content\/uploads\/2026\/03\/regiao-13-anos-scaled.jpg","width":2560,"height":635,"caption":"Regi\u00e3o News"},"image":{"@id":"https:\/\/regiaonews.net.br\/2022\/#\/schema\/logo\/image\/"}},{"@type":"Person","@id":"https:\/\/regiaonews.net.br\/2022\/#\/schema\/person\/2d205a608a5aa97ac279d7a5e6d89ad8","name":"Roberto","image":{"@type":"ImageObject","inLanguage":"pt-BR","@id":"https:\/\/secure.gravatar.com\/avatar\/42749d8b712ff9d59ca93dc150494e5b55a44134482993f5baeb97e61b7ecc89?s=96&d=mm&r=g","url":"https:\/\/secure.gravatar.com\/avatar\/42749d8b712ff9d59ca93dc150494e5b55a44134482993f5baeb97e61b7ecc89?s=96&d=mm&r=g","contentUrl":"https:\/\/secure.gravatar.com\/avatar\/42749d8b712ff9d59ca93dc150494e5b55a44134482993f5baeb97e61b7ecc89?s=96&d=mm&r=g","caption":"Roberto"},"url":"https:\/\/regiaonews.net.br\/2022\/author\/roberto\/"}]}},"publishpress_future_action":{"enabled":false,"date":"2026-05-03 03:44:01","action":"change-status","newStatus":"draft","terms":[],"taxonomy":"category","extraData":[]},"publishpress_future_workflow_manual_trigger":{"enabledWorkflows":[]},"_links":{"self":[{"href":"https:\/\/regiaonews.net.br\/2022\/wp-json\/wp\/v2\/posts\/92793","targetHints":{"allow":["GET"]}}],"collection":[{"href":"https:\/\/regiaonews.net.br\/2022\/wp-json\/wp\/v2\/posts"}],"about":[{"href":"https:\/\/regiaonews.net.br\/2022\/wp-json\/wp\/v2\/types\/post"}],"author":[{"embeddable":true,"href":"https:\/\/regiaonews.net.br\/2022\/wp-json\/wp\/v2\/users\/2"}],"replies":[{"embeddable":true,"href":"https:\/\/regiaonews.net.br\/2022\/wp-json\/wp\/v2\/comments?post=92793"}],"version-history":[{"count":1,"href":"https:\/\/regiaonews.net.br\/2022\/wp-json\/wp\/v2\/posts\/92793\/revisions"}],"predecessor-version":[{"id":92795,"href":"https:\/\/regiaonews.net.br\/2022\/wp-json\/wp\/v2\/posts\/92793\/revisions\/92795"}],"wp:featuredmedia":[{"embeddable":true,"href":"https:\/\/regiaonews.net.br\/2022\/wp-json\/wp\/v2\/media\/92794"}],"wp:attachment":[{"href":"https:\/\/regiaonews.net.br\/2022\/wp-json\/wp\/v2\/media?parent=92793"}],"wp:term":[{"taxonomy":"category","embeddable":true,"href":"https:\/\/regiaonews.net.br\/2022\/wp-json\/wp\/v2\/categories?post=92793"},{"taxonomy":"post_tag","embeddable":true,"href":"https:\/\/regiaonews.net.br\/2022\/wp-json\/wp\/v2\/tags?post=92793"}],"curies":[{"name":"wp","href":"https:\/\/api.w.org\/{rel}","templated":true}]}}