{"id":92784,"date":"2023-08-03T09:08:19","date_gmt":"2023-08-03T12:08:19","guid":{"rendered":"https:\/\/regiaonews.net.br\/2022\/?p=92784"},"modified":"2023-08-03T10:59:24","modified_gmt":"2023-08-03T13:59:24","slug":"suspeito-de-matar-mulher-no-bairro-los-angeles-e-preso-em-frutal","status":"publish","type":"post","link":"https:\/\/regiaonews.net.br\/2022\/2023\/08\/03\/suspeito-de-matar-mulher-no-bairro-los-angeles-e-preso-em-frutal\/","title":{"rendered":"Suspeito de matar mulher no bairro Los Angeles \u00e9 preso em Frutal"},"content":{"rendered":"<p>&nbsp;<\/p>\n<p>Pol\u00edcia Civil de Barretos, com apoio de Pol\u00edcia Militar de Planura, acaba de prender o latrocida na cidade de Frutal\/MG.<\/p>\n<div style=\"width: 640px;\" class=\"wp-video\"><video class=\"wp-video-shortcode\" id=\"video-92784-1\" width=\"640\" height=\"368\" preload=\"metadata\" controls=\"controls\"><source type=\"video\/mp4\" src=\"https:\/\/regiaonews.net.br\/2022\/wp-content\/uploads\/2023\/08\/WhatsApp-Video-2023-08-03-at-08.40.55.mp4?_=1\" \/><a href=\"https:\/\/regiaonews.net.br\/2022\/wp-content\/uploads\/2023\/08\/WhatsApp-Video-2023-08-03-at-08.40.55.mp4\">https:\/\/regiaonews.net.br\/2022\/wp-content\/uploads\/2023\/08\/WhatsApp-Video-2023-08-03-at-08.40.55.mp4<\/a><\/video><\/div>\n<div style=\"width: 640px;\" class=\"wp-video\"><video class=\"wp-video-shortcode\" id=\"video-92784-2\" width=\"640\" height=\"368\" preload=\"metadata\" controls=\"controls\"><source type=\"video\/mp4\" src=\"https:\/\/regiaonews.net.br\/2022\/wp-content\/uploads\/2023\/08\/WhatsApp-Video-2023-08-03-at-09.11.51.mp4?_=2\" \/><a href=\"https:\/\/regiaonews.net.br\/2022\/wp-content\/uploads\/2023\/08\/WhatsApp-Video-2023-08-03-at-09.11.51.mp4\">https:\/\/regiaonews.net.br\/2022\/wp-content\/uploads\/2023\/08\/WhatsApp-Video-2023-08-03-at-09.11.51.mp4<\/a><\/video><\/div>\n<p>O acusado Leonardo Silva, 18 anos, \u00e9 acusado de matar a idosa, Nilza Maria Aparecida Costa Pingoud, 62 anos, que foi encontrada morta enterrada no quintal de sua resid\u00eancia no bairro Los Angeles. O im\u00f3vel estava trancado e que n\u00e3o a viam h\u00e1 quase uma semana. No local, o telefone celular da v\u00edtima n\u00e3o foi encontrado.<\/p>\n<p>A previs\u00e3o \u00e9 que o acusado venha para Barretos ainda hoje, por volta das 11h, na sede da DIG (Delegacia de Investiga\u00e7\u00f5es Gerais), na rua 22.<\/p>\n<p>O delegado da DIG,\u00a0 Dr. Rafael Faria Domingos, falou da pris\u00e3o do suspeito na cidade de Frutal, em um posto de combust\u00edvel.<\/p>\n<div style=\"width: 640px;\" class=\"wp-video\"><video class=\"wp-video-shortcode\" id=\"video-92784-3\" width=\"640\" height=\"368\" preload=\"metadata\" controls=\"controls\"><source type=\"video\/mp4\" src=\"https:\/\/regiaonews.net.br\/2022\/wp-content\/uploads\/2023\/08\/WhatsApp-Video-2023-08-03-at-10.20.25.mp4?_=3\" \/><a href=\"https:\/\/regiaonews.net.br\/2022\/wp-content\/uploads\/2023\/08\/WhatsApp-Video-2023-08-03-at-10.20.25.mp4\">https:\/\/regiaonews.net.br\/2022\/wp-content\/uploads\/2023\/08\/WhatsApp-Video-2023-08-03-at-10.20.25.mp4<\/a><\/video><\/div>\n","protected":false},"excerpt":{"rendered":"<p>&nbsp; Pol\u00edcia Civil de Barretos, com apoio de Pol\u00edcia Militar<\/p>\n","protected":false},"author":2,"featured_media":92785,"comment_status":"open","ping_status":"open","sticky":false,"template":"","format":"standard","meta":{"footnotes":""},"categories":[23],"tags":[],"class_list":["post-92784","post","type-post","status-publish","format-standard","has-post-thumbnail","hentry","category-policia"],"yoast_head":"<!-- This site is optimized with the Yoast SEO plugin v27.4 - https:\/\/yoast.com\/product\/yoast-seo-wordpress\/ -->\n<title>Suspeito de matar mulher no bairro Los Angeles \u00e9 preso em Frutal - Regi\u00e3o News<\/title>\n<meta name=\"robots\" content=\"index, follow, max-snippet:-1, max-image-preview:large, max-video-preview:-1\" \/>\n<link rel=\"canonical\" href=\"https:\/\/regiaonews.net.br\/2022\/2023\/08\/03\/suspeito-de-matar-mulher-no-bairro-los-angeles-e-preso-em-frutal\/\" \/>\n<meta property=\"og:locale\" content=\"pt_BR\" \/>\n<meta property=\"og:type\" content=\"article\" \/>\n<meta property=\"og:title\" content=\"Suspeito de matar mulher no bairro Los Angeles \u00e9 preso em Frutal - Regi\u00e3o News\" \/>\n<meta property=\"og:description\" content=\"&nbsp; Pol\u00edcia Civil de Barretos, com apoio de Pol\u00edcia Militar\" \/>\n<meta property=\"og:url\" content=\"https:\/\/regiaonews.net.br\/2022\/2023\/08\/03\/suspeito-de-matar-mulher-no-bairro-los-angeles-e-preso-em-frutal\/\" \/>\n<meta property=\"og:site_name\" content=\"Regi\u00e3o News\" \/>\n<meta property=\"article:published_time\" content=\"2023-08-03T12:08:19+00:00\" \/>\n<meta property=\"article:modified_time\" content=\"2023-08-03T13:59:24+00:00\" \/>\n<meta property=\"og:image\" content=\"https:\/\/regiaonews.net.br\/2022\/wp-content\/uploads\/2023\/08\/WhatsApp-Image-2023-08-03-at-09.02.01.jpeg\" \/>\n\t<meta property=\"og:image:width\" content=\"484\" \/>\n\t<meta property=\"og:image:height\" content=\"425\" \/>\n\t<meta property=\"og:image:type\" content=\"image\/jpeg\" \/>\n<meta name=\"author\" content=\"Roberto\" \/>\n<meta name=\"twitter:card\" content=\"summary_large_image\" \/>\n<meta name=\"twitter:label1\" content=\"Escrito por\" \/>\n\t<meta name=\"twitter:data1\" content=\"Roberto\" \/>\n\t<meta name=\"twitter:label2\" content=\"Est. tempo de leitura\" \/>\n\t<meta name=\"twitter:data2\" content=\"1 minuto\" \/>\n<script type=\"application\/ld+json\" class=\"yoast-schema-graph\">{\"@context\":\"https:\\\/\\\/schema.org\",\"@graph\":[{\"@type\":\"Article\",\"@id\":\"https:\\\/\\\/regiaonews.net.br\\\/2022\\\/2023\\\/08\\\/03\\\/suspeito-de-matar-mulher-no-bairro-los-angeles-e-preso-em-frutal\\\/#article\",\"isPartOf\":{\"@id\":\"https:\\\/\\\/regiaonews.net.br\\\/2022\\\/2023\\\/08\\\/03\\\/suspeito-de-matar-mulher-no-bairro-los-angeles-e-preso-em-frutal\\\/\"},\"author\":{\"name\":\"Roberto\",\"@id\":\"https:\\\/\\\/regiaonews.net.br\\\/2022\\\/#\\\/schema\\\/person\\\/2d205a608a5aa97ac279d7a5e6d89ad8\"},\"headline\":\"Suspeito de matar mulher no bairro Los Angeles \u00e9 preso em Frutal\",\"datePublished\":\"2023-08-03T12:08:19+00:00\",\"dateModified\":\"2023-08-03T13:59:24+00:00\",\"mainEntityOfPage\":{\"@id\":\"https:\\\/\\\/regiaonews.net.br\\\/2022\\\/2023\\\/08\\\/03\\\/suspeito-de-matar-mulher-no-bairro-los-angeles-e-preso-em-frutal\\\/\"},\"wordCount\":191,\"commentCount\":0,\"publisher\":{\"@id\":\"https:\\\/\\\/regiaonews.net.br\\\/2022\\\/#organization\"},\"image\":{\"@id\":\"https:\\\/\\\/regiaonews.net.br\\\/2022\\\/2023\\\/08\\\/03\\\/suspeito-de-matar-mulher-no-bairro-los-angeles-e-preso-em-frutal\\\/#primaryimage\"},\"thumbnailUrl\":\"https:\\\/\\\/regiaonews.net.br\\\/2022\\\/wp-content\\\/uploads\\\/2023\\\/08\\\/WhatsApp-Image-2023-08-03-at-09.02.01.jpeg\",\"articleSection\":[\"Policia\"],\"inLanguage\":\"pt-BR\",\"potentialAction\":[{\"@type\":\"CommentAction\",\"name\":\"Comment\",\"target\":[\"https:\\\/\\\/regiaonews.net.br\\\/2022\\\/2023\\\/08\\\/03\\\/suspeito-de-matar-mulher-no-bairro-los-angeles-e-preso-em-frutal\\\/#respond\"]}]},{\"@type\":\"WebPage\",\"@id\":\"https:\\\/\\\/regiaonews.net.br\\\/2022\\\/2023\\\/08\\\/03\\\/suspeito-de-matar-mulher-no-bairro-los-angeles-e-preso-em-frutal\\\/\",\"url\":\"https:\\\/\\\/regiaonews.net.br\\\/2022\\\/2023\\\/08\\\/03\\\/suspeito-de-matar-mulher-no-bairro-los-angeles-e-preso-em-frutal\\\/\",\"name\":\"Suspeito de matar mulher no bairro Los Angeles \u00e9 preso em Frutal - Regi\u00e3o News\",\"isPartOf\":{\"@id\":\"https:\\\/\\\/regiaonews.net.br\\\/2022\\\/#website\"},\"primaryImageOfPage\":{\"@id\":\"https:\\\/\\\/regiaonews.net.br\\\/2022\\\/2023\\\/08\\\/03\\\/suspeito-de-matar-mulher-no-bairro-los-angeles-e-preso-em-frutal\\\/#primaryimage\"},\"image\":{\"@id\":\"https:\\\/\\\/regiaonews.net.br\\\/2022\\\/2023\\\/08\\\/03\\\/suspeito-de-matar-mulher-no-bairro-los-angeles-e-preso-em-frutal\\\/#primaryimage\"},\"thumbnailUrl\":\"https:\\\/\\\/regiaonews.net.br\\\/2022\\\/wp-content\\\/uploads\\\/2023\\\/08\\\/WhatsApp-Image-2023-08-03-at-09.02.01.jpeg\",\"datePublished\":\"2023-08-03T12:08:19+00:00\",\"dateModified\":\"2023-08-03T13:59:24+00:00\",\"breadcrumb\":{\"@id\":\"https:\\\/\\\/regiaonews.net.br\\\/2022\\\/2023\\\/08\\\/03\\\/suspeito-de-matar-mulher-no-bairro-los-angeles-e-preso-em-frutal\\\/#breadcrumb\"},\"inLanguage\":\"pt-BR\",\"potentialAction\":[{\"@type\":\"ReadAction\",\"target\":[\"https:\\\/\\\/regiaonews.net.br\\\/2022\\\/2023\\\/08\\\/03\\\/suspeito-de-matar-mulher-no-bairro-los-angeles-e-preso-em-frutal\\\/\"]}]},{\"@type\":\"ImageObject\",\"inLanguage\":\"pt-BR\",\"@id\":\"https:\\\/\\\/regiaonews.net.br\\\/2022\\\/2023\\\/08\\\/03\\\/suspeito-de-matar-mulher-no-bairro-los-angeles-e-preso-em-frutal\\\/#primaryimage\",\"url\":\"https:\\\/\\\/regiaonews.net.br\\\/2022\\\/wp-content\\\/uploads\\\/2023\\\/08\\\/WhatsApp-Image-2023-08-03-at-09.02.01.jpeg\",\"contentUrl\":\"https:\\\/\\\/regiaonews.net.br\\\/2022\\\/wp-content\\\/uploads\\\/2023\\\/08\\\/WhatsApp-Image-2023-08-03-at-09.02.01.jpeg\",\"width\":484,\"height\":425},{\"@type\":\"BreadcrumbList\",\"@id\":\"https:\\\/\\\/regiaonews.net.br\\\/2022\\\/2023\\\/08\\\/03\\\/suspeito-de-matar-mulher-no-bairro-los-angeles-e-preso-em-frutal\\\/#breadcrumb\",\"itemListElement\":[{\"@type\":\"ListItem\",\"position\":1,\"name\":\"In\u00edcio\",\"item\":\"https:\\\/\\\/regiaonews.net.br\\\/2022\\\/\"},{\"@type\":\"ListItem\",\"position\":2,\"name\":\"Suspeito de matar mulher no bairro Los Angeles \u00e9 preso em Frutal\"}]},{\"@type\":\"WebSite\",\"@id\":\"https:\\\/\\\/regiaonews.net.br\\\/2022\\\/#website\",\"url\":\"https:\\\/\\\/regiaonews.net.br\\\/2022\\\/\",\"name\":\"Regi\u00e3o News\",\"description\":\"Site de Not\u00edcias de Barretos e regi\u00e3o\",\"publisher\":{\"@id\":\"https:\\\/\\\/regiaonews.net.br\\\/2022\\\/#organization\"},\"potentialAction\":[{\"@type\":\"SearchAction\",\"target\":{\"@type\":\"EntryPoint\",\"urlTemplate\":\"https:\\\/\\\/regiaonews.net.br\\\/2022\\\/?s={search_term_string}\"},\"query-input\":{\"@type\":\"PropertyValueSpecification\",\"valueRequired\":true,\"valueName\":\"search_term_string\"}}],\"inLanguage\":\"pt-BR\"},{\"@type\":\"Organization\",\"@id\":\"https:\\\/\\\/regiaonews.net.br\\\/2022\\\/#organization\",\"name\":\"Regi\u00e3o News\",\"url\":\"https:\\\/\\\/regiaonews.net.br\\\/2022\\\/\",\"logo\":{\"@type\":\"ImageObject\",\"inLanguage\":\"pt-BR\",\"@id\":\"https:\\\/\\\/regiaonews.net.br\\\/2022\\\/#\\\/schema\\\/logo\\\/image\\\/\",\"url\":\"https:\\\/\\\/regiaonews.net.br\\\/2022\\\/wp-content\\\/uploads\\\/2026\\\/03\\\/regiao-13-anos-scaled.jpg\",\"contentUrl\":\"https:\\\/\\\/regiaonews.net.br\\\/2022\\\/wp-content\\\/uploads\\\/2026\\\/03\\\/regiao-13-anos-scaled.jpg\",\"width\":2560,\"height\":635,\"caption\":\"Regi\u00e3o News\"},\"image\":{\"@id\":\"https:\\\/\\\/regiaonews.net.br\\\/2022\\\/#\\\/schema\\\/logo\\\/image\\\/\"}},{\"@type\":\"Person\",\"@id\":\"https:\\\/\\\/regiaonews.net.br\\\/2022\\\/#\\\/schema\\\/person\\\/2d205a608a5aa97ac279d7a5e6d89ad8\",\"name\":\"Roberto\",\"image\":{\"@type\":\"ImageObject\",\"inLanguage\":\"pt-BR\",\"@id\":\"https:\\\/\\\/secure.gravatar.com\\\/avatar\\\/42749d8b712ff9d59ca93dc150494e5b55a44134482993f5baeb97e61b7ecc89?s=96&d=mm&r=g\",\"url\":\"https:\\\/\\\/secure.gravatar.com\\\/avatar\\\/42749d8b712ff9d59ca93dc150494e5b55a44134482993f5baeb97e61b7ecc89?s=96&d=mm&r=g\",\"contentUrl\":\"https:\\\/\\\/secure.gravatar.com\\\/avatar\\\/42749d8b712ff9d59ca93dc150494e5b55a44134482993f5baeb97e61b7ecc89?s=96&d=mm&r=g\",\"caption\":\"Roberto\"},\"url\":\"https:\\\/\\\/regiaonews.net.br\\\/2022\\\/author\\\/roberto\\\/\"}]}<\/script>\n<!-- \/ Yoast SEO plugin. -->","yoast_head_json":{"title":"Suspeito de matar mulher no bairro Los Angeles \u00e9 preso em Frutal - Regi\u00e3o News","robots":{"index":"index","follow":"follow","max-snippet":"max-snippet:-1","max-image-preview":"max-image-preview:large","max-video-preview":"max-video-preview:-1"},"canonical":"https:\/\/regiaonews.net.br\/2022\/2023\/08\/03\/suspeito-de-matar-mulher-no-bairro-los-angeles-e-preso-em-frutal\/","og_locale":"pt_BR","og_type":"article","og_title":"Suspeito de matar mulher no bairro Los Angeles \u00e9 preso em Frutal - Regi\u00e3o News","og_description":"&nbsp; Pol\u00edcia Civil de Barretos, com apoio de Pol\u00edcia Militar","og_url":"https:\/\/regiaonews.net.br\/2022\/2023\/08\/03\/suspeito-de-matar-mulher-no-bairro-los-angeles-e-preso-em-frutal\/","og_site_name":"Regi\u00e3o News","article_published_time":"2023-08-03T12:08:19+00:00","article_modified_time":"2023-08-03T13:59:24+00:00","og_image":[{"width":484,"height":425,"url":"https:\/\/regiaonews.net.br\/2022\/wp-content\/uploads\/2023\/08\/WhatsApp-Image-2023-08-03-at-09.02.01.jpeg","type":"image\/jpeg"}],"author":"Roberto","twitter_card":"summary_large_image","twitter_misc":{"Escrito por":"Roberto","Est. tempo de leitura":"1 minuto"},"schema":{"@context":"https:\/\/schema.org","@graph":[{"@type":"Article","@id":"https:\/\/regiaonews.net.br\/2022\/2023\/08\/03\/suspeito-de-matar-mulher-no-bairro-los-angeles-e-preso-em-frutal\/#article","isPartOf":{"@id":"https:\/\/regiaonews.net.br\/2022\/2023\/08\/03\/suspeito-de-matar-mulher-no-bairro-los-angeles-e-preso-em-frutal\/"},"author":{"name":"Roberto","@id":"https:\/\/regiaonews.net.br\/2022\/#\/schema\/person\/2d205a608a5aa97ac279d7a5e6d89ad8"},"headline":"Suspeito de matar mulher no bairro Los Angeles \u00e9 preso em Frutal","datePublished":"2023-08-03T12:08:19+00:00","dateModified":"2023-08-03T13:59:24+00:00","mainEntityOfPage":{"@id":"https:\/\/regiaonews.net.br\/2022\/2023\/08\/03\/suspeito-de-matar-mulher-no-bairro-los-angeles-e-preso-em-frutal\/"},"wordCount":191,"commentCount":0,"publisher":{"@id":"https:\/\/regiaonews.net.br\/2022\/#organization"},"image":{"@id":"https:\/\/regiaonews.net.br\/2022\/2023\/08\/03\/suspeito-de-matar-mulher-no-bairro-los-angeles-e-preso-em-frutal\/#primaryimage"},"thumbnailUrl":"https:\/\/regiaonews.net.br\/2022\/wp-content\/uploads\/2023\/08\/WhatsApp-Image-2023-08-03-at-09.02.01.jpeg","articleSection":["Policia"],"inLanguage":"pt-BR","potentialAction":[{"@type":"CommentAction","name":"Comment","target":["https:\/\/regiaonews.net.br\/2022\/2023\/08\/03\/suspeito-de-matar-mulher-no-bairro-los-angeles-e-preso-em-frutal\/#respond"]}]},{"@type":"WebPage","@id":"https:\/\/regiaonews.net.br\/2022\/2023\/08\/03\/suspeito-de-matar-mulher-no-bairro-los-angeles-e-preso-em-frutal\/","url":"https:\/\/regiaonews.net.br\/2022\/2023\/08\/03\/suspeito-de-matar-mulher-no-bairro-los-angeles-e-preso-em-frutal\/","name":"Suspeito de matar mulher no bairro Los Angeles \u00e9 preso em Frutal - Regi\u00e3o News","isPartOf":{"@id":"https:\/\/regiaonews.net.br\/2022\/#website"},"primaryImageOfPage":{"@id":"https:\/\/regiaonews.net.br\/2022\/2023\/08\/03\/suspeito-de-matar-mulher-no-bairro-los-angeles-e-preso-em-frutal\/#primaryimage"},"image":{"@id":"https:\/\/regiaonews.net.br\/2022\/2023\/08\/03\/suspeito-de-matar-mulher-no-bairro-los-angeles-e-preso-em-frutal\/#primaryimage"},"thumbnailUrl":"https:\/\/regiaonews.net.br\/2022\/wp-content\/uploads\/2023\/08\/WhatsApp-Image-2023-08-03-at-09.02.01.jpeg","datePublished":"2023-08-03T12:08:19+00:00","dateModified":"2023-08-03T13:59:24+00:00","breadcrumb":{"@id":"https:\/\/regiaonews.net.br\/2022\/2023\/08\/03\/suspeito-de-matar-mulher-no-bairro-los-angeles-e-preso-em-frutal\/#breadcrumb"},"inLanguage":"pt-BR","potentialAction":[{"@type":"ReadAction","target":["https:\/\/regiaonews.net.br\/2022\/2023\/08\/03\/suspeito-de-matar-mulher-no-bairro-los-angeles-e-preso-em-frutal\/"]}]},{"@type":"ImageObject","inLanguage":"pt-BR","@id":"https:\/\/regiaonews.net.br\/2022\/2023\/08\/03\/suspeito-de-matar-mulher-no-bairro-los-angeles-e-preso-em-frutal\/#primaryimage","url":"https:\/\/regiaonews.net.br\/2022\/wp-content\/uploads\/2023\/08\/WhatsApp-Image-2023-08-03-at-09.02.01.jpeg","contentUrl":"https:\/\/regiaonews.net.br\/2022\/wp-content\/uploads\/2023\/08\/WhatsApp-Image-2023-08-03-at-09.02.01.jpeg","width":484,"height":425},{"@type":"BreadcrumbList","@id":"https:\/\/regiaonews.net.br\/2022\/2023\/08\/03\/suspeito-de-matar-mulher-no-bairro-los-angeles-e-preso-em-frutal\/#breadcrumb","itemListElement":[{"@type":"ListItem","position":1,"name":"In\u00edcio","item":"https:\/\/regiaonews.net.br\/2022\/"},{"@type":"ListItem","position":2,"name":"Suspeito de matar mulher no bairro Los Angeles \u00e9 preso em Frutal"}]},{"@type":"WebSite","@id":"https:\/\/regiaonews.net.br\/2022\/#website","url":"https:\/\/regiaonews.net.br\/2022\/","name":"Regi\u00e3o News","description":"Site de Not\u00edcias de Barretos e regi\u00e3o","publisher":{"@id":"https:\/\/regiaonews.net.br\/2022\/#organization"},"potentialAction":[{"@type":"SearchAction","target":{"@type":"EntryPoint","urlTemplate":"https:\/\/regiaonews.net.br\/2022\/?s={search_term_string}"},"query-input":{"@type":"PropertyValueSpecification","valueRequired":true,"valueName":"search_term_string"}}],"inLanguage":"pt-BR"},{"@type":"Organization","@id":"https:\/\/regiaonews.net.br\/2022\/#organization","name":"Regi\u00e3o News","url":"https:\/\/regiaonews.net.br\/2022\/","logo":{"@type":"ImageObject","inLanguage":"pt-BR","@id":"https:\/\/regiaonews.net.br\/2022\/#\/schema\/logo\/image\/","url":"https:\/\/regiaonews.net.br\/2022\/wp-content\/uploads\/2026\/03\/regiao-13-anos-scaled.jpg","contentUrl":"https:\/\/regiaonews.net.br\/2022\/wp-content\/uploads\/2026\/03\/regiao-13-anos-scaled.jpg","width":2560,"height":635,"caption":"Regi\u00e3o News"},"image":{"@id":"https:\/\/regiaonews.net.br\/2022\/#\/schema\/logo\/image\/"}},{"@type":"Person","@id":"https:\/\/regiaonews.net.br\/2022\/#\/schema\/person\/2d205a608a5aa97ac279d7a5e6d89ad8","name":"Roberto","image":{"@type":"ImageObject","inLanguage":"pt-BR","@id":"https:\/\/secure.gravatar.com\/avatar\/42749d8b712ff9d59ca93dc150494e5b55a44134482993f5baeb97e61b7ecc89?s=96&d=mm&r=g","url":"https:\/\/secure.gravatar.com\/avatar\/42749d8b712ff9d59ca93dc150494e5b55a44134482993f5baeb97e61b7ecc89?s=96&d=mm&r=g","contentUrl":"https:\/\/secure.gravatar.com\/avatar\/42749d8b712ff9d59ca93dc150494e5b55a44134482993f5baeb97e61b7ecc89?s=96&d=mm&r=g","caption":"Roberto"},"url":"https:\/\/regiaonews.net.br\/2022\/author\/roberto\/"}]}},"publishpress_future_action":{"enabled":false,"date":"2026-05-03 03:54:00","action":"change-status","newStatus":"draft","terms":[],"taxonomy":"category","extraData":[]},"publishpress_future_workflow_manual_trigger":{"enabledWorkflows":[]},"_links":{"self":[{"href":"https:\/\/regiaonews.net.br\/2022\/wp-json\/wp\/v2\/posts\/92784","targetHints":{"allow":["GET"]}}],"collection":[{"href":"https:\/\/regiaonews.net.br\/2022\/wp-json\/wp\/v2\/posts"}],"about":[{"href":"https:\/\/regiaonews.net.br\/2022\/wp-json\/wp\/v2\/types\/post"}],"author":[{"embeddable":true,"href":"https:\/\/regiaonews.net.br\/2022\/wp-json\/wp\/v2\/users\/2"}],"replies":[{"embeddable":true,"href":"https:\/\/regiaonews.net.br\/2022\/wp-json\/wp\/v2\/comments?post=92784"}],"version-history":[{"count":5,"href":"https:\/\/regiaonews.net.br\/2022\/wp-json\/wp\/v2\/posts\/92784\/revisions"}],"predecessor-version":[{"id":92799,"href":"https:\/\/regiaonews.net.br\/2022\/wp-json\/wp\/v2\/posts\/92784\/revisions\/92799"}],"wp:featuredmedia":[{"embeddable":true,"href":"https:\/\/regiaonews.net.br\/2022\/wp-json\/wp\/v2\/media\/92785"}],"wp:attachment":[{"href":"https:\/\/regiaonews.net.br\/2022\/wp-json\/wp\/v2\/media?parent=92784"}],"wp:term":[{"taxonomy":"category","embeddable":true,"href":"https:\/\/regiaonews.net.br\/2022\/wp-json\/wp\/v2\/categories?post=92784"},{"taxonomy":"post_tag","embeddable":true,"href":"https:\/\/regiaonews.net.br\/2022\/wp-json\/wp\/v2\/tags?post=92784"}],"curies":[{"name":"wp","href":"https:\/\/api.w.org\/{rel}","templated":true}]}}