{"id":92774,"date":"2023-08-02T20:57:48","date_gmt":"2023-08-02T23:57:48","guid":{"rendered":"https:\/\/regiaonews.net.br\/2022\/?p=92774"},"modified":"2023-08-02T20:57:48","modified_gmt":"2023-08-02T23:57:48","slug":"copom-reduz-juros-basicos-da-economia-para-1325-ao-ano","status":"publish","type":"post","link":"https:\/\/regiaonews.net.br\/2022\/2023\/08\/02\/copom-reduz-juros-basicos-da-economia-para-1325-ao-ano\/","title":{"rendered":"Copom reduz juros b\u00e1sicos da economia para 13,25% ao ano"},"content":{"rendered":"<div class=\"col-lg-12 mb-3\">\n<div class=\"row\">\n<h2 class=\"col-10 offset-1 animated fadeInDown dealy-750 display-6 display-md-4 display-lg-5 font-weight-bold alt-font text-center my-1\"><\/h2>\n<\/div>\n<\/div>\n<div class=\"col-xl-7 offset-xl-1 col-lg-8 offset-lg-0 col-md-10 offset-md-1 mb-3\">\n<div class=\"post-item alt-font\">\n<div class=\"post-item-wrap\">\n<p>A forte queda da infla\u00e7\u00e3o fez o Banco Central (BC) cortar os juros pela primeira vez em tr\u00eas anos. Por 5 votos a 4, o Comit\u00ea de Pol\u00edtica Monet\u00e1ria (Copom) reduziu a taxa Selic, juros b\u00e1sicos da economia, em 0,5 ponto percentual, para 13,25% ao ano. A decis\u00e3o surpreendeu o mercado financeiro, que esperava um\u00a0<a href=\"https:\/\/agenciabrasil.ebc.com.br\/economia\/noticia\/2023-07\/mercado-reduz-previsao-da-inflacao-de-49-para-484-este-ano\" target=\"_blank\" rel=\"noopener\">corte de 0,25 ponto<\/a>.<img decoding=\"async\" src=\"https:\/\/agenciabrasil.ebc.com.br\/ebc.png?id=1547073&amp;o=node\" \/><img decoding=\"async\" src=\"https:\/\/agenciabrasil.ebc.com.br\/ebc.gif?id=1547073&amp;o=node\" \/><\/p>\n<p>Votaram por uma redu\u00e7\u00e3o de 0,5 ponto percentual o presidente do BC, Roberto Campos Neto, e os diretores Ailton de Aquino Santos (Fiscaliza\u00e7\u00e3o), Carolina de Assis Barros (Administra\u00e7\u00e3o), Gabriel Gal\u00edpolo (Pol\u00edtica Monet\u00e1ria) e Ot\u00e1vio Damaso (Regula\u00e7\u00e3o). \u00a0Votaram pelo corte de 0,25 ponto percentual os diretores Diogo Guillen (Pol\u00edtica Econ\u00f4mica), Fernanda Guardado (Assuntos Internacionais), Maur\u00edcio Costa de Moura (Relacionamento, Cidadania e Supervis\u00e3o de Conduta) e Renato Dias Gomes (Organiza\u00e7\u00e3o do Sistema Financeiro).<\/p>\n<p>O voto de desempate, portanto, coube a Campos Neto. Em comunicado, o Copom informou que a queda da infla\u00e7\u00e3o possibilitou a redu\u00e7\u00e3o nos juros. \u201cO comit\u00ea avalia que a melhora do quadro inflacion\u00e1rio, refletindo em parte os impactos defasados da pol\u00edtica monet\u00e1ria, aliada \u00e0 queda das expectativas de infla\u00e7\u00e3o para prazos mais longos, ap\u00f3s decis\u00e3o recente do Conselho Monet\u00e1rio Nacional sobre a meta para a infla\u00e7\u00e3o, permitiram acumular a confian\u00e7a necess\u00e1ria para iniciar um ciclo gradual de flexibiliza\u00e7\u00e3o monet\u00e1ria\u201d, destacou o texto.<\/p>\n<p>O Copom tamb\u00e9m informou que os membros do colegiado preveem, por unanimidade, cortes de 0,5 ponto nas pr\u00f3ximas reuni\u00f5es. Segundo o comunicado, o \u00f3rg\u00e3o avalia que esse ser\u00e1 o ritmo adequado para manter a pol\u00edtica monet\u00e1ria contracionista (juros que desestimulam a economia) necess\u00e1ria para controlar a infla\u00e7\u00e3o.<\/p>\n<p>A \u00faltima vez em que o BC tinha reduzido a Selic foi em agosto de 2020, quando a taxa caiu de 2,25% para 2% ao ano. Depois disso, o Copom elevou a Selic por 12 vezes consecutivas, num ciclo que come\u00e7ou em meio \u00e0 alta dos pre\u00e7os de alimentos, de energia e de combust\u00edveis, e, a partir de agosto do ano passado, manteve a taxa em 13,75% ao ano por sete vezes seguidas.<\/p>\n<p>Antes do in\u00edcio do ciclo de alta, a Selic tinha sido reduzida para 2% ao ano, no n\u00edvel mais baixo da s\u00e9rie hist\u00f3rica iniciada em 1986. Por causa da contra\u00e7\u00e3o econ\u00f4mica gerada pela pandemia de covid-19, o Banco Central tinha derrubado a taxa para estimular a produ\u00e7\u00e3o e o consumo. A taxa ficou no menor patamar da hist\u00f3ria de agosto de 2020 a mar\u00e7o de 2021.<\/p>\n<p>Fonte &#8211; Ag\u00eancia Brasil<\/p>\n<\/div>\n<\/div>\n<\/div>\n","protected":false},"excerpt":{"rendered":"<p>A forte queda da infla\u00e7\u00e3o fez o Banco Central (BC)<\/p>\n","protected":false},"author":2,"featured_media":92775,"comment_status":"open","ping_status":"open","sticky":false,"template":"","format":"standard","meta":{"footnotes":""},"categories":[61,3],"tags":[],"class_list":["post-92774","post","type-post","status-publish","format-standard","has-post-thumbnail","hentry","category-brasilia","category-geral"],"yoast_head":"<!-- This site is optimized with the Yoast SEO plugin v27.4 - https:\/\/yoast.com\/product\/yoast-seo-wordpress\/ -->\n<title>Copom reduz juros b\u00e1sicos da economia para 13,25% ao ano - Regi\u00e3o News<\/title>\n<meta name=\"robots\" content=\"index, follow, max-snippet:-1, max-image-preview:large, max-video-preview:-1\" \/>\n<link rel=\"canonical\" href=\"https:\/\/regiaonews.net.br\/2022\/2023\/08\/02\/copom-reduz-juros-basicos-da-economia-para-1325-ao-ano\/\" \/>\n<meta property=\"og:locale\" content=\"pt_BR\" \/>\n<meta property=\"og:type\" content=\"article\" \/>\n<meta property=\"og:title\" content=\"Copom reduz juros b\u00e1sicos da economia para 13,25% ao ano - Regi\u00e3o News\" \/>\n<meta property=\"og:description\" content=\"A forte queda da infla\u00e7\u00e3o fez o Banco Central (BC)\" \/>\n<meta property=\"og:url\" content=\"https:\/\/regiaonews.net.br\/2022\/2023\/08\/02\/copom-reduz-juros-basicos-da-economia-para-1325-ao-ano\/\" \/>\n<meta property=\"og:site_name\" content=\"Regi\u00e3o News\" \/>\n<meta property=\"article:published_time\" content=\"2023-08-02T23:57:48+00:00\" \/>\n<meta property=\"og:image\" content=\"https:\/\/regiaonews.net.br\/2022\/wp-content\/uploads\/2023\/08\/banco_central_economia_0413202009.jpg\" \/>\n\t<meta property=\"og:image:width\" content=\"1170\" \/>\n\t<meta property=\"og:image:height\" content=\"700\" \/>\n\t<meta property=\"og:image:type\" content=\"image\/jpeg\" \/>\n<meta name=\"author\" content=\"Roberto\" \/>\n<meta name=\"twitter:card\" content=\"summary_large_image\" \/>\n<meta name=\"twitter:label1\" content=\"Escrito por\" \/>\n\t<meta name=\"twitter:data1\" content=\"Roberto\" \/>\n\t<meta name=\"twitter:label2\" content=\"Est. tempo de leitura\" \/>\n\t<meta name=\"twitter:data2\" content=\"3 minutos\" \/>\n<script type=\"application\/ld+json\" class=\"yoast-schema-graph\">{\"@context\":\"https:\\\/\\\/schema.org\",\"@graph\":[{\"@type\":\"Article\",\"@id\":\"https:\\\/\\\/regiaonews.net.br\\\/2022\\\/2023\\\/08\\\/02\\\/copom-reduz-juros-basicos-da-economia-para-1325-ao-ano\\\/#article\",\"isPartOf\":{\"@id\":\"https:\\\/\\\/regiaonews.net.br\\\/2022\\\/2023\\\/08\\\/02\\\/copom-reduz-juros-basicos-da-economia-para-1325-ao-ano\\\/\"},\"author\":{\"name\":\"Roberto\",\"@id\":\"https:\\\/\\\/regiaonews.net.br\\\/2022\\\/#\\\/schema\\\/person\\\/2d205a608a5aa97ac279d7a5e6d89ad8\"},\"headline\":\"Copom reduz juros b\u00e1sicos da economia para 13,25% ao ano\",\"datePublished\":\"2023-08-02T23:57:48+00:00\",\"mainEntityOfPage\":{\"@id\":\"https:\\\/\\\/regiaonews.net.br\\\/2022\\\/2023\\\/08\\\/02\\\/copom-reduz-juros-basicos-da-economia-para-1325-ao-ano\\\/\"},\"wordCount\":447,\"commentCount\":0,\"publisher\":{\"@id\":\"https:\\\/\\\/regiaonews.net.br\\\/2022\\\/#organization\"},\"image\":{\"@id\":\"https:\\\/\\\/regiaonews.net.br\\\/2022\\\/2023\\\/08\\\/02\\\/copom-reduz-juros-basicos-da-economia-para-1325-ao-ano\\\/#primaryimage\"},\"thumbnailUrl\":\"https:\\\/\\\/regiaonews.net.br\\\/2022\\\/wp-content\\\/uploads\\\/2023\\\/08\\\/banco_central_economia_0413202009.jpg\",\"articleSection\":[\"Bras\u00edlia\",\"Geral\"],\"inLanguage\":\"pt-BR\",\"potentialAction\":[{\"@type\":\"CommentAction\",\"name\":\"Comment\",\"target\":[\"https:\\\/\\\/regiaonews.net.br\\\/2022\\\/2023\\\/08\\\/02\\\/copom-reduz-juros-basicos-da-economia-para-1325-ao-ano\\\/#respond\"]}]},{\"@type\":\"WebPage\",\"@id\":\"https:\\\/\\\/regiaonews.net.br\\\/2022\\\/2023\\\/08\\\/02\\\/copom-reduz-juros-basicos-da-economia-para-1325-ao-ano\\\/\",\"url\":\"https:\\\/\\\/regiaonews.net.br\\\/2022\\\/2023\\\/08\\\/02\\\/copom-reduz-juros-basicos-da-economia-para-1325-ao-ano\\\/\",\"name\":\"Copom reduz juros b\u00e1sicos da economia para 13,25% ao ano - Regi\u00e3o News\",\"isPartOf\":{\"@id\":\"https:\\\/\\\/regiaonews.net.br\\\/2022\\\/#website\"},\"primaryImageOfPage\":{\"@id\":\"https:\\\/\\\/regiaonews.net.br\\\/2022\\\/2023\\\/08\\\/02\\\/copom-reduz-juros-basicos-da-economia-para-1325-ao-ano\\\/#primaryimage\"},\"image\":{\"@id\":\"https:\\\/\\\/regiaonews.net.br\\\/2022\\\/2023\\\/08\\\/02\\\/copom-reduz-juros-basicos-da-economia-para-1325-ao-ano\\\/#primaryimage\"},\"thumbnailUrl\":\"https:\\\/\\\/regiaonews.net.br\\\/2022\\\/wp-content\\\/uploads\\\/2023\\\/08\\\/banco_central_economia_0413202009.jpg\",\"datePublished\":\"2023-08-02T23:57:48+00:00\",\"breadcrumb\":{\"@id\":\"https:\\\/\\\/regiaonews.net.br\\\/2022\\\/2023\\\/08\\\/02\\\/copom-reduz-juros-basicos-da-economia-para-1325-ao-ano\\\/#breadcrumb\"},\"inLanguage\":\"pt-BR\",\"potentialAction\":[{\"@type\":\"ReadAction\",\"target\":[\"https:\\\/\\\/regiaonews.net.br\\\/2022\\\/2023\\\/08\\\/02\\\/copom-reduz-juros-basicos-da-economia-para-1325-ao-ano\\\/\"]}]},{\"@type\":\"ImageObject\",\"inLanguage\":\"pt-BR\",\"@id\":\"https:\\\/\\\/regiaonews.net.br\\\/2022\\\/2023\\\/08\\\/02\\\/copom-reduz-juros-basicos-da-economia-para-1325-ao-ano\\\/#primaryimage\",\"url\":\"https:\\\/\\\/regiaonews.net.br\\\/2022\\\/wp-content\\\/uploads\\\/2023\\\/08\\\/banco_central_economia_0413202009.jpg\",\"contentUrl\":\"https:\\\/\\\/regiaonews.net.br\\\/2022\\\/wp-content\\\/uploads\\\/2023\\\/08\\\/banco_central_economia_0413202009.jpg\",\"width\":1170,\"height\":700,\"caption\":\"Edif\u00edcio-sede do Banco Central no Setor Banc\u00e1rio Norte, em lote doado pela Prefeitura de Bras\u00edlia, em outubro de 1967\"},{\"@type\":\"BreadcrumbList\",\"@id\":\"https:\\\/\\\/regiaonews.net.br\\\/2022\\\/2023\\\/08\\\/02\\\/copom-reduz-juros-basicos-da-economia-para-1325-ao-ano\\\/#breadcrumb\",\"itemListElement\":[{\"@type\":\"ListItem\",\"position\":1,\"name\":\"In\u00edcio\",\"item\":\"https:\\\/\\\/regiaonews.net.br\\\/2022\\\/\"},{\"@type\":\"ListItem\",\"position\":2,\"name\":\"Copom reduz juros b\u00e1sicos da economia para 13,25% ao ano\"}]},{\"@type\":\"WebSite\",\"@id\":\"https:\\\/\\\/regiaonews.net.br\\\/2022\\\/#website\",\"url\":\"https:\\\/\\\/regiaonews.net.br\\\/2022\\\/\",\"name\":\"Regi\u00e3o News\",\"description\":\"Site de Not\u00edcias de Barretos e regi\u00e3o\",\"publisher\":{\"@id\":\"https:\\\/\\\/regiaonews.net.br\\\/2022\\\/#organization\"},\"potentialAction\":[{\"@type\":\"SearchAction\",\"target\":{\"@type\":\"EntryPoint\",\"urlTemplate\":\"https:\\\/\\\/regiaonews.net.br\\\/2022\\\/?s={search_term_string}\"},\"query-input\":{\"@type\":\"PropertyValueSpecification\",\"valueRequired\":true,\"valueName\":\"search_term_string\"}}],\"inLanguage\":\"pt-BR\"},{\"@type\":\"Organization\",\"@id\":\"https:\\\/\\\/regiaonews.net.br\\\/2022\\\/#organization\",\"name\":\"Regi\u00e3o News\",\"url\":\"https:\\\/\\\/regiaonews.net.br\\\/2022\\\/\",\"logo\":{\"@type\":\"ImageObject\",\"inLanguage\":\"pt-BR\",\"@id\":\"https:\\\/\\\/regiaonews.net.br\\\/2022\\\/#\\\/schema\\\/logo\\\/image\\\/\",\"url\":\"https:\\\/\\\/regiaonews.net.br\\\/2022\\\/wp-content\\\/uploads\\\/2026\\\/03\\\/regiao-13-anos-scaled.jpg\",\"contentUrl\":\"https:\\\/\\\/regiaonews.net.br\\\/2022\\\/wp-content\\\/uploads\\\/2026\\\/03\\\/regiao-13-anos-scaled.jpg\",\"width\":2560,\"height\":635,\"caption\":\"Regi\u00e3o News\"},\"image\":{\"@id\":\"https:\\\/\\\/regiaonews.net.br\\\/2022\\\/#\\\/schema\\\/logo\\\/image\\\/\"}},{\"@type\":\"Person\",\"@id\":\"https:\\\/\\\/regiaonews.net.br\\\/2022\\\/#\\\/schema\\\/person\\\/2d205a608a5aa97ac279d7a5e6d89ad8\",\"name\":\"Roberto\",\"image\":{\"@type\":\"ImageObject\",\"inLanguage\":\"pt-BR\",\"@id\":\"https:\\\/\\\/secure.gravatar.com\\\/avatar\\\/42749d8b712ff9d59ca93dc150494e5b55a44134482993f5baeb97e61b7ecc89?s=96&d=mm&r=g\",\"url\":\"https:\\\/\\\/secure.gravatar.com\\\/avatar\\\/42749d8b712ff9d59ca93dc150494e5b55a44134482993f5baeb97e61b7ecc89?s=96&d=mm&r=g\",\"contentUrl\":\"https:\\\/\\\/secure.gravatar.com\\\/avatar\\\/42749d8b712ff9d59ca93dc150494e5b55a44134482993f5baeb97e61b7ecc89?s=96&d=mm&r=g\",\"caption\":\"Roberto\"},\"url\":\"https:\\\/\\\/regiaonews.net.br\\\/2022\\\/author\\\/roberto\\\/\"}]}<\/script>\n<!-- \/ Yoast SEO plugin. -->","yoast_head_json":{"title":"Copom reduz juros b\u00e1sicos da economia para 13,25% ao ano - Regi\u00e3o News","robots":{"index":"index","follow":"follow","max-snippet":"max-snippet:-1","max-image-preview":"max-image-preview:large","max-video-preview":"max-video-preview:-1"},"canonical":"https:\/\/regiaonews.net.br\/2022\/2023\/08\/02\/copom-reduz-juros-basicos-da-economia-para-1325-ao-ano\/","og_locale":"pt_BR","og_type":"article","og_title":"Copom reduz juros b\u00e1sicos da economia para 13,25% ao ano - Regi\u00e3o News","og_description":"A forte queda da infla\u00e7\u00e3o fez o Banco Central (BC)","og_url":"https:\/\/regiaonews.net.br\/2022\/2023\/08\/02\/copom-reduz-juros-basicos-da-economia-para-1325-ao-ano\/","og_site_name":"Regi\u00e3o News","article_published_time":"2023-08-02T23:57:48+00:00","og_image":[{"width":1170,"height":700,"url":"https:\/\/regiaonews.net.br\/2022\/wp-content\/uploads\/2023\/08\/banco_central_economia_0413202009.jpg","type":"image\/jpeg"}],"author":"Roberto","twitter_card":"summary_large_image","twitter_misc":{"Escrito por":"Roberto","Est. tempo de leitura":"3 minutos"},"schema":{"@context":"https:\/\/schema.org","@graph":[{"@type":"Article","@id":"https:\/\/regiaonews.net.br\/2022\/2023\/08\/02\/copom-reduz-juros-basicos-da-economia-para-1325-ao-ano\/#article","isPartOf":{"@id":"https:\/\/regiaonews.net.br\/2022\/2023\/08\/02\/copom-reduz-juros-basicos-da-economia-para-1325-ao-ano\/"},"author":{"name":"Roberto","@id":"https:\/\/regiaonews.net.br\/2022\/#\/schema\/person\/2d205a608a5aa97ac279d7a5e6d89ad8"},"headline":"Copom reduz juros b\u00e1sicos da economia para 13,25% ao ano","datePublished":"2023-08-02T23:57:48+00:00","mainEntityOfPage":{"@id":"https:\/\/regiaonews.net.br\/2022\/2023\/08\/02\/copom-reduz-juros-basicos-da-economia-para-1325-ao-ano\/"},"wordCount":447,"commentCount":0,"publisher":{"@id":"https:\/\/regiaonews.net.br\/2022\/#organization"},"image":{"@id":"https:\/\/regiaonews.net.br\/2022\/2023\/08\/02\/copom-reduz-juros-basicos-da-economia-para-1325-ao-ano\/#primaryimage"},"thumbnailUrl":"https:\/\/regiaonews.net.br\/2022\/wp-content\/uploads\/2023\/08\/banco_central_economia_0413202009.jpg","articleSection":["Bras\u00edlia","Geral"],"inLanguage":"pt-BR","potentialAction":[{"@type":"CommentAction","name":"Comment","target":["https:\/\/regiaonews.net.br\/2022\/2023\/08\/02\/copom-reduz-juros-basicos-da-economia-para-1325-ao-ano\/#respond"]}]},{"@type":"WebPage","@id":"https:\/\/regiaonews.net.br\/2022\/2023\/08\/02\/copom-reduz-juros-basicos-da-economia-para-1325-ao-ano\/","url":"https:\/\/regiaonews.net.br\/2022\/2023\/08\/02\/copom-reduz-juros-basicos-da-economia-para-1325-ao-ano\/","name":"Copom reduz juros b\u00e1sicos da economia para 13,25% ao ano - Regi\u00e3o News","isPartOf":{"@id":"https:\/\/regiaonews.net.br\/2022\/#website"},"primaryImageOfPage":{"@id":"https:\/\/regiaonews.net.br\/2022\/2023\/08\/02\/copom-reduz-juros-basicos-da-economia-para-1325-ao-ano\/#primaryimage"},"image":{"@id":"https:\/\/regiaonews.net.br\/2022\/2023\/08\/02\/copom-reduz-juros-basicos-da-economia-para-1325-ao-ano\/#primaryimage"},"thumbnailUrl":"https:\/\/regiaonews.net.br\/2022\/wp-content\/uploads\/2023\/08\/banco_central_economia_0413202009.jpg","datePublished":"2023-08-02T23:57:48+00:00","breadcrumb":{"@id":"https:\/\/regiaonews.net.br\/2022\/2023\/08\/02\/copom-reduz-juros-basicos-da-economia-para-1325-ao-ano\/#breadcrumb"},"inLanguage":"pt-BR","potentialAction":[{"@type":"ReadAction","target":["https:\/\/regiaonews.net.br\/2022\/2023\/08\/02\/copom-reduz-juros-basicos-da-economia-para-1325-ao-ano\/"]}]},{"@type":"ImageObject","inLanguage":"pt-BR","@id":"https:\/\/regiaonews.net.br\/2022\/2023\/08\/02\/copom-reduz-juros-basicos-da-economia-para-1325-ao-ano\/#primaryimage","url":"https:\/\/regiaonews.net.br\/2022\/wp-content\/uploads\/2023\/08\/banco_central_economia_0413202009.jpg","contentUrl":"https:\/\/regiaonews.net.br\/2022\/wp-content\/uploads\/2023\/08\/banco_central_economia_0413202009.jpg","width":1170,"height":700,"caption":"Edif\u00edcio-sede do Banco Central no Setor Banc\u00e1rio Norte, em lote doado pela Prefeitura de Bras\u00edlia, em outubro de 1967"},{"@type":"BreadcrumbList","@id":"https:\/\/regiaonews.net.br\/2022\/2023\/08\/02\/copom-reduz-juros-basicos-da-economia-para-1325-ao-ano\/#breadcrumb","itemListElement":[{"@type":"ListItem","position":1,"name":"In\u00edcio","item":"https:\/\/regiaonews.net.br\/2022\/"},{"@type":"ListItem","position":2,"name":"Copom reduz juros b\u00e1sicos da economia para 13,25% ao ano"}]},{"@type":"WebSite","@id":"https:\/\/regiaonews.net.br\/2022\/#website","url":"https:\/\/regiaonews.net.br\/2022\/","name":"Regi\u00e3o News","description":"Site de Not\u00edcias de Barretos e regi\u00e3o","publisher":{"@id":"https:\/\/regiaonews.net.br\/2022\/#organization"},"potentialAction":[{"@type":"SearchAction","target":{"@type":"EntryPoint","urlTemplate":"https:\/\/regiaonews.net.br\/2022\/?s={search_term_string}"},"query-input":{"@type":"PropertyValueSpecification","valueRequired":true,"valueName":"search_term_string"}}],"inLanguage":"pt-BR"},{"@type":"Organization","@id":"https:\/\/regiaonews.net.br\/2022\/#organization","name":"Regi\u00e3o News","url":"https:\/\/regiaonews.net.br\/2022\/","logo":{"@type":"ImageObject","inLanguage":"pt-BR","@id":"https:\/\/regiaonews.net.br\/2022\/#\/schema\/logo\/image\/","url":"https:\/\/regiaonews.net.br\/2022\/wp-content\/uploads\/2026\/03\/regiao-13-anos-scaled.jpg","contentUrl":"https:\/\/regiaonews.net.br\/2022\/wp-content\/uploads\/2026\/03\/regiao-13-anos-scaled.jpg","width":2560,"height":635,"caption":"Regi\u00e3o News"},"image":{"@id":"https:\/\/regiaonews.net.br\/2022\/#\/schema\/logo\/image\/"}},{"@type":"Person","@id":"https:\/\/regiaonews.net.br\/2022\/#\/schema\/person\/2d205a608a5aa97ac279d7a5e6d89ad8","name":"Roberto","image":{"@type":"ImageObject","inLanguage":"pt-BR","@id":"https:\/\/secure.gravatar.com\/avatar\/42749d8b712ff9d59ca93dc150494e5b55a44134482993f5baeb97e61b7ecc89?s=96&d=mm&r=g","url":"https:\/\/secure.gravatar.com\/avatar\/42749d8b712ff9d59ca93dc150494e5b55a44134482993f5baeb97e61b7ecc89?s=96&d=mm&r=g","contentUrl":"https:\/\/secure.gravatar.com\/avatar\/42749d8b712ff9d59ca93dc150494e5b55a44134482993f5baeb97e61b7ecc89?s=96&d=mm&r=g","caption":"Roberto"},"url":"https:\/\/regiaonews.net.br\/2022\/author\/roberto\/"}]}},"publishpress_future_action":{"enabled":false,"date":"2026-05-03 07:11:58","action":"change-status","newStatus":"draft","terms":[],"taxonomy":"category","extraData":[]},"publishpress_future_workflow_manual_trigger":{"enabledWorkflows":[]},"_links":{"self":[{"href":"https:\/\/regiaonews.net.br\/2022\/wp-json\/wp\/v2\/posts\/92774","targetHints":{"allow":["GET"]}}],"collection":[{"href":"https:\/\/regiaonews.net.br\/2022\/wp-json\/wp\/v2\/posts"}],"about":[{"href":"https:\/\/regiaonews.net.br\/2022\/wp-json\/wp\/v2\/types\/post"}],"author":[{"embeddable":true,"href":"https:\/\/regiaonews.net.br\/2022\/wp-json\/wp\/v2\/users\/2"}],"replies":[{"embeddable":true,"href":"https:\/\/regiaonews.net.br\/2022\/wp-json\/wp\/v2\/comments?post=92774"}],"version-history":[{"count":1,"href":"https:\/\/regiaonews.net.br\/2022\/wp-json\/wp\/v2\/posts\/92774\/revisions"}],"predecessor-version":[{"id":92776,"href":"https:\/\/regiaonews.net.br\/2022\/wp-json\/wp\/v2\/posts\/92774\/revisions\/92776"}],"wp:featuredmedia":[{"embeddable":true,"href":"https:\/\/regiaonews.net.br\/2022\/wp-json\/wp\/v2\/media\/92775"}],"wp:attachment":[{"href":"https:\/\/regiaonews.net.br\/2022\/wp-json\/wp\/v2\/media?parent=92774"}],"wp:term":[{"taxonomy":"category","embeddable":true,"href":"https:\/\/regiaonews.net.br\/2022\/wp-json\/wp\/v2\/categories?post=92774"},{"taxonomy":"post_tag","embeddable":true,"href":"https:\/\/regiaonews.net.br\/2022\/wp-json\/wp\/v2\/tags?post=92774"}],"curies":[{"name":"wp","href":"https:\/\/api.w.org\/{rel}","templated":true}]}}