{"id":92761,"date":"2023-08-02T18:39:30","date_gmt":"2023-08-02T21:39:30","guid":{"rendered":"https:\/\/regiaonews.net.br\/2022\/?p=92761"},"modified":"2023-08-02T18:39:30","modified_gmt":"2023-08-02T21:39:30","slug":"garoto-e-garota-riodas-acqua-park-2023-esta-com-as-inscricoes-abertas","status":"publish","type":"post","link":"https:\/\/regiaonews.net.br\/2022\/2023\/08\/02\/garoto-e-garota-riodas-acqua-park-2023-esta-com-as-inscricoes-abertas\/","title":{"rendered":"&#8220;Garoto e Garota &#8211; Riodas Acqua Park 2023&#8221; est\u00e1 com as inscri\u00e7\u00f5es abertas"},"content":{"rendered":"<div>\n<div><\/div>\n<\/div>\n<div>\n<div><\/div>\n<\/div>\n<table role=\"presentation\" border=\"0\" width=\"100%\" cellspacing=\"0\" cellpadding=\"0\">\n<tbody>\n<tr>\n<td align=\"left\">\n<div>\n<div><\/div>\n<\/div>\n<\/td>\n<\/tr>\n<tr>\n<td align=\"left\">&nbsp;<\/td>\n<\/tr>\n<tr>\n<td align=\"left\">\n<div>\n<p><em>O concurso acontece no dia 24 de setembro, \u00e0s 14h, na sede campo do clube<\/em><\/p>\n<\/div>\n<\/td>\n<\/tr>\n<tr>\n<td align=\"left\">\n<div>\n<p>O concurso que vai definir os \u201cGaroto e Garota &#8211; Riodas Acqua Park\u201d est\u00e1 com as inscri\u00e7\u00f5es abertas at\u00e9 o dia 18 de setembro. As ades\u00f5es devem ser realizadas diretamente na Sede Central do Clube, localizada na rua 16, 850, ou com o coordenador do concurso Reinaldo Costa, pelo (17) 98108 3682. Podem participar do concurso apenas s\u00f3cios que estejam em dia com as mensalidades, nas categorias masculina e feminina, com faixa et\u00e1ria de 5 a 23 anos. O concurso acontece no dia 24 de setembro, \u00e0s 14h, na Pra\u00e7a de Eventos da sede campo do Rio das Pedras.<\/p>\n<p>Para o coordenador de eventos do Riodas, Reinaldo Costa, \u201ceste concurso mant\u00e9m uma das tradi\u00e7\u00f5es entre os associados, um evento importante, pois valoriza a beleza\u00a0dos nossos jovens associados\u201d, finalizou.<\/p>\n<p><strong>Servi\u00e7o:<\/strong><\/p>\n<p>O que: Concurso \u201cGaroto e Garota Ver\u00e3o &#8211; Riodas Acqua Park 2023\u201d<\/p>\n<p>Data do concurso: 24 de setembro<\/p>\n<p>Hor\u00e1rio do concurso: 14h<\/p>\n<p>Local do concurso: Sede campo do clube Rio das Pedras<\/p>\n<p>Inscri\u00e7\u00f5es abertas somente para s\u00f3cios at\u00e9 18 de setembro: Diretamente na Sede Central do Rio das Pedras Country Club &#8211; localizada na rua 16, 850, regi\u00e3o central ou com Reinaldo Costa pelo (17) 98108 3682.<\/p>\n<\/div>\n<\/td>\n<\/tr>\n<\/tbody>\n<\/table>\n","protected":false},"excerpt":{"rendered":"<p>&nbsp; O concurso acontece no dia 24 de setembro, \u00e0s<\/p>\n","protected":false},"author":2,"featured_media":92762,"comment_status":"open","ping_status":"open","sticky":false,"template":"","format":"standard","meta":{"footnotes":""},"categories":[14,25],"tags":[],"class_list":["post-92761","post","type-post","status-publish","format-standard","has-post-thumbnail","hentry","category-barretos","category-cidades"],"yoast_head":"<!-- This site is optimized with the Yoast SEO plugin v27.4 - https:\/\/yoast.com\/product\/yoast-seo-wordpress\/ -->\n<title>&quot;Garoto e Garota - Riodas Acqua Park 2023&quot; est\u00e1 com as inscri\u00e7\u00f5es abertas - Regi\u00e3o News<\/title>\n<meta name=\"robots\" content=\"index, follow, max-snippet:-1, max-image-preview:large, max-video-preview:-1\" \/>\n<link rel=\"canonical\" href=\"https:\/\/regiaonews.net.br\/2022\/2023\/08\/02\/garoto-e-garota-riodas-acqua-park-2023-esta-com-as-inscricoes-abertas\/\" \/>\n<meta property=\"og:locale\" content=\"pt_BR\" \/>\n<meta property=\"og:type\" content=\"article\" \/>\n<meta property=\"og:title\" content=\"&quot;Garoto e Garota - Riodas Acqua Park 2023&quot; est\u00e1 com as inscri\u00e7\u00f5es abertas - Regi\u00e3o News\" \/>\n<meta property=\"og:description\" content=\"&nbsp; O concurso acontece no dia 24 de setembro, \u00e0s\" \/>\n<meta property=\"og:url\" content=\"https:\/\/regiaonews.net.br\/2022\/2023\/08\/02\/garoto-e-garota-riodas-acqua-park-2023-esta-com-as-inscricoes-abertas\/\" \/>\n<meta property=\"og:site_name\" content=\"Regi\u00e3o News\" \/>\n<meta property=\"article:published_time\" content=\"2023-08-02T21:39:30+00:00\" \/>\n<meta property=\"og:image\" content=\"https:\/\/regiaonews.net.br\/2022\/wp-content\/uploads\/2023\/08\/829f3c69-560c-43c1-88e5-771095b7fc64.jpeg\" \/>\n\t<meta property=\"og:image:width\" content=\"1080\" \/>\n\t<meta property=\"og:image:height\" content=\"1080\" \/>\n\t<meta property=\"og:image:type\" content=\"image\/jpeg\" \/>\n<meta name=\"author\" content=\"Roberto\" \/>\n<meta name=\"twitter:card\" content=\"summary_large_image\" \/>\n<meta name=\"twitter:label1\" content=\"Escrito por\" \/>\n\t<meta name=\"twitter:data1\" content=\"Roberto\" \/>\n\t<meta name=\"twitter:label2\" content=\"Est. tempo de leitura\" \/>\n\t<meta name=\"twitter:data2\" content=\"2 minutos\" \/>\n<script type=\"application\/ld+json\" class=\"yoast-schema-graph\">{\"@context\":\"https:\\\/\\\/schema.org\",\"@graph\":[{\"@type\":\"Article\",\"@id\":\"https:\\\/\\\/regiaonews.net.br\\\/2022\\\/2023\\\/08\\\/02\\\/garoto-e-garota-riodas-acqua-park-2023-esta-com-as-inscricoes-abertas\\\/#article\",\"isPartOf\":{\"@id\":\"https:\\\/\\\/regiaonews.net.br\\\/2022\\\/2023\\\/08\\\/02\\\/garoto-e-garota-riodas-acqua-park-2023-esta-com-as-inscricoes-abertas\\\/\"},\"author\":{\"name\":\"Roberto\",\"@id\":\"https:\\\/\\\/regiaonews.net.br\\\/2022\\\/#\\\/schema\\\/person\\\/2d205a608a5aa97ac279d7a5e6d89ad8\"},\"headline\":\"&#8220;Garoto e Garota &#8211; Riodas Acqua Park 2023&#8221; est\u00e1 com as inscri\u00e7\u00f5es abertas\",\"datePublished\":\"2023-08-02T21:39:30+00:00\",\"mainEntityOfPage\":{\"@id\":\"https:\\\/\\\/regiaonews.net.br\\\/2022\\\/2023\\\/08\\\/02\\\/garoto-e-garota-riodas-acqua-park-2023-esta-com-as-inscricoes-abertas\\\/\"},\"wordCount\":221,\"commentCount\":0,\"publisher\":{\"@id\":\"https:\\\/\\\/regiaonews.net.br\\\/2022\\\/#organization\"},\"image\":{\"@id\":\"https:\\\/\\\/regiaonews.net.br\\\/2022\\\/2023\\\/08\\\/02\\\/garoto-e-garota-riodas-acqua-park-2023-esta-com-as-inscricoes-abertas\\\/#primaryimage\"},\"thumbnailUrl\":\"https:\\\/\\\/regiaonews.net.br\\\/2022\\\/wp-content\\\/uploads\\\/2023\\\/08\\\/829f3c69-560c-43c1-88e5-771095b7fc64.jpeg\",\"articleSection\":[\"Barretos\",\"Cidades\"],\"inLanguage\":\"pt-BR\",\"potentialAction\":[{\"@type\":\"CommentAction\",\"name\":\"Comment\",\"target\":[\"https:\\\/\\\/regiaonews.net.br\\\/2022\\\/2023\\\/08\\\/02\\\/garoto-e-garota-riodas-acqua-park-2023-esta-com-as-inscricoes-abertas\\\/#respond\"]}]},{\"@type\":\"WebPage\",\"@id\":\"https:\\\/\\\/regiaonews.net.br\\\/2022\\\/2023\\\/08\\\/02\\\/garoto-e-garota-riodas-acqua-park-2023-esta-com-as-inscricoes-abertas\\\/\",\"url\":\"https:\\\/\\\/regiaonews.net.br\\\/2022\\\/2023\\\/08\\\/02\\\/garoto-e-garota-riodas-acqua-park-2023-esta-com-as-inscricoes-abertas\\\/\",\"name\":\"\\\"Garoto e Garota - Riodas Acqua Park 2023\\\" est\u00e1 com as inscri\u00e7\u00f5es abertas - Regi\u00e3o News\",\"isPartOf\":{\"@id\":\"https:\\\/\\\/regiaonews.net.br\\\/2022\\\/#website\"},\"primaryImageOfPage\":{\"@id\":\"https:\\\/\\\/regiaonews.net.br\\\/2022\\\/2023\\\/08\\\/02\\\/garoto-e-garota-riodas-acqua-park-2023-esta-com-as-inscricoes-abertas\\\/#primaryimage\"},\"image\":{\"@id\":\"https:\\\/\\\/regiaonews.net.br\\\/2022\\\/2023\\\/08\\\/02\\\/garoto-e-garota-riodas-acqua-park-2023-esta-com-as-inscricoes-abertas\\\/#primaryimage\"},\"thumbnailUrl\":\"https:\\\/\\\/regiaonews.net.br\\\/2022\\\/wp-content\\\/uploads\\\/2023\\\/08\\\/829f3c69-560c-43c1-88e5-771095b7fc64.jpeg\",\"datePublished\":\"2023-08-02T21:39:30+00:00\",\"breadcrumb\":{\"@id\":\"https:\\\/\\\/regiaonews.net.br\\\/2022\\\/2023\\\/08\\\/02\\\/garoto-e-garota-riodas-acqua-park-2023-esta-com-as-inscricoes-abertas\\\/#breadcrumb\"},\"inLanguage\":\"pt-BR\",\"potentialAction\":[{\"@type\":\"ReadAction\",\"target\":[\"https:\\\/\\\/regiaonews.net.br\\\/2022\\\/2023\\\/08\\\/02\\\/garoto-e-garota-riodas-acqua-park-2023-esta-com-as-inscricoes-abertas\\\/\"]}]},{\"@type\":\"ImageObject\",\"inLanguage\":\"pt-BR\",\"@id\":\"https:\\\/\\\/regiaonews.net.br\\\/2022\\\/2023\\\/08\\\/02\\\/garoto-e-garota-riodas-acqua-park-2023-esta-com-as-inscricoes-abertas\\\/#primaryimage\",\"url\":\"https:\\\/\\\/regiaonews.net.br\\\/2022\\\/wp-content\\\/uploads\\\/2023\\\/08\\\/829f3c69-560c-43c1-88e5-771095b7fc64.jpeg\",\"contentUrl\":\"https:\\\/\\\/regiaonews.net.br\\\/2022\\\/wp-content\\\/uploads\\\/2023\\\/08\\\/829f3c69-560c-43c1-88e5-771095b7fc64.jpeg\",\"width\":1080,\"height\":1080},{\"@type\":\"BreadcrumbList\",\"@id\":\"https:\\\/\\\/regiaonews.net.br\\\/2022\\\/2023\\\/08\\\/02\\\/garoto-e-garota-riodas-acqua-park-2023-esta-com-as-inscricoes-abertas\\\/#breadcrumb\",\"itemListElement\":[{\"@type\":\"ListItem\",\"position\":1,\"name\":\"In\u00edcio\",\"item\":\"https:\\\/\\\/regiaonews.net.br\\\/2022\\\/\"},{\"@type\":\"ListItem\",\"position\":2,\"name\":\"&#8220;Garoto e Garota &#8211; Riodas Acqua Park 2023&#8221; est\u00e1 com as inscri\u00e7\u00f5es abertas\"}]},{\"@type\":\"WebSite\",\"@id\":\"https:\\\/\\\/regiaonews.net.br\\\/2022\\\/#website\",\"url\":\"https:\\\/\\\/regiaonews.net.br\\\/2022\\\/\",\"name\":\"Regi\u00e3o News\",\"description\":\"Site de Not\u00edcias de Barretos e regi\u00e3o\",\"publisher\":{\"@id\":\"https:\\\/\\\/regiaonews.net.br\\\/2022\\\/#organization\"},\"potentialAction\":[{\"@type\":\"SearchAction\",\"target\":{\"@type\":\"EntryPoint\",\"urlTemplate\":\"https:\\\/\\\/regiaonews.net.br\\\/2022\\\/?s={search_term_string}\"},\"query-input\":{\"@type\":\"PropertyValueSpecification\",\"valueRequired\":true,\"valueName\":\"search_term_string\"}}],\"inLanguage\":\"pt-BR\"},{\"@type\":\"Organization\",\"@id\":\"https:\\\/\\\/regiaonews.net.br\\\/2022\\\/#organization\",\"name\":\"Regi\u00e3o News\",\"url\":\"https:\\\/\\\/regiaonews.net.br\\\/2022\\\/\",\"logo\":{\"@type\":\"ImageObject\",\"inLanguage\":\"pt-BR\",\"@id\":\"https:\\\/\\\/regiaonews.net.br\\\/2022\\\/#\\\/schema\\\/logo\\\/image\\\/\",\"url\":\"https:\\\/\\\/regiaonews.net.br\\\/2022\\\/wp-content\\\/uploads\\\/2026\\\/03\\\/regiao-13-anos-scaled.jpg\",\"contentUrl\":\"https:\\\/\\\/regiaonews.net.br\\\/2022\\\/wp-content\\\/uploads\\\/2026\\\/03\\\/regiao-13-anos-scaled.jpg\",\"width\":2560,\"height\":635,\"caption\":\"Regi\u00e3o News\"},\"image\":{\"@id\":\"https:\\\/\\\/regiaonews.net.br\\\/2022\\\/#\\\/schema\\\/logo\\\/image\\\/\"}},{\"@type\":\"Person\",\"@id\":\"https:\\\/\\\/regiaonews.net.br\\\/2022\\\/#\\\/schema\\\/person\\\/2d205a608a5aa97ac279d7a5e6d89ad8\",\"name\":\"Roberto\",\"image\":{\"@type\":\"ImageObject\",\"inLanguage\":\"pt-BR\",\"@id\":\"https:\\\/\\\/secure.gravatar.com\\\/avatar\\\/42749d8b712ff9d59ca93dc150494e5b55a44134482993f5baeb97e61b7ecc89?s=96&d=mm&r=g\",\"url\":\"https:\\\/\\\/secure.gravatar.com\\\/avatar\\\/42749d8b712ff9d59ca93dc150494e5b55a44134482993f5baeb97e61b7ecc89?s=96&d=mm&r=g\",\"contentUrl\":\"https:\\\/\\\/secure.gravatar.com\\\/avatar\\\/42749d8b712ff9d59ca93dc150494e5b55a44134482993f5baeb97e61b7ecc89?s=96&d=mm&r=g\",\"caption\":\"Roberto\"},\"url\":\"https:\\\/\\\/regiaonews.net.br\\\/2022\\\/author\\\/roberto\\\/\"}]}<\/script>\n<!-- \/ Yoast SEO plugin. -->","yoast_head_json":{"title":"\"Garoto e Garota - Riodas Acqua Park 2023\" est\u00e1 com as inscri\u00e7\u00f5es abertas - Regi\u00e3o News","robots":{"index":"index","follow":"follow","max-snippet":"max-snippet:-1","max-image-preview":"max-image-preview:large","max-video-preview":"max-video-preview:-1"},"canonical":"https:\/\/regiaonews.net.br\/2022\/2023\/08\/02\/garoto-e-garota-riodas-acqua-park-2023-esta-com-as-inscricoes-abertas\/","og_locale":"pt_BR","og_type":"article","og_title":"\"Garoto e Garota - Riodas Acqua Park 2023\" est\u00e1 com as inscri\u00e7\u00f5es abertas - Regi\u00e3o News","og_description":"&nbsp; O concurso acontece no dia 24 de setembro, \u00e0s","og_url":"https:\/\/regiaonews.net.br\/2022\/2023\/08\/02\/garoto-e-garota-riodas-acqua-park-2023-esta-com-as-inscricoes-abertas\/","og_site_name":"Regi\u00e3o News","article_published_time":"2023-08-02T21:39:30+00:00","og_image":[{"width":1080,"height":1080,"url":"https:\/\/regiaonews.net.br\/2022\/wp-content\/uploads\/2023\/08\/829f3c69-560c-43c1-88e5-771095b7fc64.jpeg","type":"image\/jpeg"}],"author":"Roberto","twitter_card":"summary_large_image","twitter_misc":{"Escrito por":"Roberto","Est. tempo de leitura":"2 minutos"},"schema":{"@context":"https:\/\/schema.org","@graph":[{"@type":"Article","@id":"https:\/\/regiaonews.net.br\/2022\/2023\/08\/02\/garoto-e-garota-riodas-acqua-park-2023-esta-com-as-inscricoes-abertas\/#article","isPartOf":{"@id":"https:\/\/regiaonews.net.br\/2022\/2023\/08\/02\/garoto-e-garota-riodas-acqua-park-2023-esta-com-as-inscricoes-abertas\/"},"author":{"name":"Roberto","@id":"https:\/\/regiaonews.net.br\/2022\/#\/schema\/person\/2d205a608a5aa97ac279d7a5e6d89ad8"},"headline":"&#8220;Garoto e Garota &#8211; Riodas Acqua Park 2023&#8221; est\u00e1 com as inscri\u00e7\u00f5es abertas","datePublished":"2023-08-02T21:39:30+00:00","mainEntityOfPage":{"@id":"https:\/\/regiaonews.net.br\/2022\/2023\/08\/02\/garoto-e-garota-riodas-acqua-park-2023-esta-com-as-inscricoes-abertas\/"},"wordCount":221,"commentCount":0,"publisher":{"@id":"https:\/\/regiaonews.net.br\/2022\/#organization"},"image":{"@id":"https:\/\/regiaonews.net.br\/2022\/2023\/08\/02\/garoto-e-garota-riodas-acqua-park-2023-esta-com-as-inscricoes-abertas\/#primaryimage"},"thumbnailUrl":"https:\/\/regiaonews.net.br\/2022\/wp-content\/uploads\/2023\/08\/829f3c69-560c-43c1-88e5-771095b7fc64.jpeg","articleSection":["Barretos","Cidades"],"inLanguage":"pt-BR","potentialAction":[{"@type":"CommentAction","name":"Comment","target":["https:\/\/regiaonews.net.br\/2022\/2023\/08\/02\/garoto-e-garota-riodas-acqua-park-2023-esta-com-as-inscricoes-abertas\/#respond"]}]},{"@type":"WebPage","@id":"https:\/\/regiaonews.net.br\/2022\/2023\/08\/02\/garoto-e-garota-riodas-acqua-park-2023-esta-com-as-inscricoes-abertas\/","url":"https:\/\/regiaonews.net.br\/2022\/2023\/08\/02\/garoto-e-garota-riodas-acqua-park-2023-esta-com-as-inscricoes-abertas\/","name":"\"Garoto e Garota - Riodas Acqua Park 2023\" est\u00e1 com as inscri\u00e7\u00f5es abertas - Regi\u00e3o News","isPartOf":{"@id":"https:\/\/regiaonews.net.br\/2022\/#website"},"primaryImageOfPage":{"@id":"https:\/\/regiaonews.net.br\/2022\/2023\/08\/02\/garoto-e-garota-riodas-acqua-park-2023-esta-com-as-inscricoes-abertas\/#primaryimage"},"image":{"@id":"https:\/\/regiaonews.net.br\/2022\/2023\/08\/02\/garoto-e-garota-riodas-acqua-park-2023-esta-com-as-inscricoes-abertas\/#primaryimage"},"thumbnailUrl":"https:\/\/regiaonews.net.br\/2022\/wp-content\/uploads\/2023\/08\/829f3c69-560c-43c1-88e5-771095b7fc64.jpeg","datePublished":"2023-08-02T21:39:30+00:00","breadcrumb":{"@id":"https:\/\/regiaonews.net.br\/2022\/2023\/08\/02\/garoto-e-garota-riodas-acqua-park-2023-esta-com-as-inscricoes-abertas\/#breadcrumb"},"inLanguage":"pt-BR","potentialAction":[{"@type":"ReadAction","target":["https:\/\/regiaonews.net.br\/2022\/2023\/08\/02\/garoto-e-garota-riodas-acqua-park-2023-esta-com-as-inscricoes-abertas\/"]}]},{"@type":"ImageObject","inLanguage":"pt-BR","@id":"https:\/\/regiaonews.net.br\/2022\/2023\/08\/02\/garoto-e-garota-riodas-acqua-park-2023-esta-com-as-inscricoes-abertas\/#primaryimage","url":"https:\/\/regiaonews.net.br\/2022\/wp-content\/uploads\/2023\/08\/829f3c69-560c-43c1-88e5-771095b7fc64.jpeg","contentUrl":"https:\/\/regiaonews.net.br\/2022\/wp-content\/uploads\/2023\/08\/829f3c69-560c-43c1-88e5-771095b7fc64.jpeg","width":1080,"height":1080},{"@type":"BreadcrumbList","@id":"https:\/\/regiaonews.net.br\/2022\/2023\/08\/02\/garoto-e-garota-riodas-acqua-park-2023-esta-com-as-inscricoes-abertas\/#breadcrumb","itemListElement":[{"@type":"ListItem","position":1,"name":"In\u00edcio","item":"https:\/\/regiaonews.net.br\/2022\/"},{"@type":"ListItem","position":2,"name":"&#8220;Garoto e Garota &#8211; Riodas Acqua Park 2023&#8221; est\u00e1 com as inscri\u00e7\u00f5es abertas"}]},{"@type":"WebSite","@id":"https:\/\/regiaonews.net.br\/2022\/#website","url":"https:\/\/regiaonews.net.br\/2022\/","name":"Regi\u00e3o News","description":"Site de Not\u00edcias de Barretos e regi\u00e3o","publisher":{"@id":"https:\/\/regiaonews.net.br\/2022\/#organization"},"potentialAction":[{"@type":"SearchAction","target":{"@type":"EntryPoint","urlTemplate":"https:\/\/regiaonews.net.br\/2022\/?s={search_term_string}"},"query-input":{"@type":"PropertyValueSpecification","valueRequired":true,"valueName":"search_term_string"}}],"inLanguage":"pt-BR"},{"@type":"Organization","@id":"https:\/\/regiaonews.net.br\/2022\/#organization","name":"Regi\u00e3o News","url":"https:\/\/regiaonews.net.br\/2022\/","logo":{"@type":"ImageObject","inLanguage":"pt-BR","@id":"https:\/\/regiaonews.net.br\/2022\/#\/schema\/logo\/image\/","url":"https:\/\/regiaonews.net.br\/2022\/wp-content\/uploads\/2026\/03\/regiao-13-anos-scaled.jpg","contentUrl":"https:\/\/regiaonews.net.br\/2022\/wp-content\/uploads\/2026\/03\/regiao-13-anos-scaled.jpg","width":2560,"height":635,"caption":"Regi\u00e3o News"},"image":{"@id":"https:\/\/regiaonews.net.br\/2022\/#\/schema\/logo\/image\/"}},{"@type":"Person","@id":"https:\/\/regiaonews.net.br\/2022\/#\/schema\/person\/2d205a608a5aa97ac279d7a5e6d89ad8","name":"Roberto","image":{"@type":"ImageObject","inLanguage":"pt-BR","@id":"https:\/\/secure.gravatar.com\/avatar\/42749d8b712ff9d59ca93dc150494e5b55a44134482993f5baeb97e61b7ecc89?s=96&d=mm&r=g","url":"https:\/\/secure.gravatar.com\/avatar\/42749d8b712ff9d59ca93dc150494e5b55a44134482993f5baeb97e61b7ecc89?s=96&d=mm&r=g","contentUrl":"https:\/\/secure.gravatar.com\/avatar\/42749d8b712ff9d59ca93dc150494e5b55a44134482993f5baeb97e61b7ecc89?s=96&d=mm&r=g","caption":"Roberto"},"url":"https:\/\/regiaonews.net.br\/2022\/author\/roberto\/"}]}},"publishpress_future_action":{"enabled":false,"date":"2026-05-03 07:54:06","action":"change-status","newStatus":"draft","terms":[],"taxonomy":"category","extraData":[]},"publishpress_future_workflow_manual_trigger":{"enabledWorkflows":[]},"_links":{"self":[{"href":"https:\/\/regiaonews.net.br\/2022\/wp-json\/wp\/v2\/posts\/92761","targetHints":{"allow":["GET"]}}],"collection":[{"href":"https:\/\/regiaonews.net.br\/2022\/wp-json\/wp\/v2\/posts"}],"about":[{"href":"https:\/\/regiaonews.net.br\/2022\/wp-json\/wp\/v2\/types\/post"}],"author":[{"embeddable":true,"href":"https:\/\/regiaonews.net.br\/2022\/wp-json\/wp\/v2\/users\/2"}],"replies":[{"embeddable":true,"href":"https:\/\/regiaonews.net.br\/2022\/wp-json\/wp\/v2\/comments?post=92761"}],"version-history":[{"count":1,"href":"https:\/\/regiaonews.net.br\/2022\/wp-json\/wp\/v2\/posts\/92761\/revisions"}],"predecessor-version":[{"id":92763,"href":"https:\/\/regiaonews.net.br\/2022\/wp-json\/wp\/v2\/posts\/92761\/revisions\/92763"}],"wp:featuredmedia":[{"embeddable":true,"href":"https:\/\/regiaonews.net.br\/2022\/wp-json\/wp\/v2\/media\/92762"}],"wp:attachment":[{"href":"https:\/\/regiaonews.net.br\/2022\/wp-json\/wp\/v2\/media?parent=92761"}],"wp:term":[{"taxonomy":"category","embeddable":true,"href":"https:\/\/regiaonews.net.br\/2022\/wp-json\/wp\/v2\/categories?post=92761"},{"taxonomy":"post_tag","embeddable":true,"href":"https:\/\/regiaonews.net.br\/2022\/wp-json\/wp\/v2\/tags?post=92761"}],"curies":[{"name":"wp","href":"https:\/\/api.w.org\/{rel}","templated":true}]}}