{"id":92581,"date":"2023-07-31T10:11:41","date_gmt":"2023-07-31T13:11:41","guid":{"rendered":"https:\/\/regiaonews.net.br\/2022\/?p=92581"},"modified":"2023-07-31T10:11:41","modified_gmt":"2023-07-31T13:11:41","slug":"camara-agenda-entrega-do-titulo-de-cidadao-emerito-de-barretos-ao-personal-trainer-e-atleta-fabricio-taveira","status":"publish","type":"post","link":"https:\/\/regiaonews.net.br\/2022\/2023\/07\/31\/camara-agenda-entrega-do-titulo-de-cidadao-emerito-de-barretos-ao-personal-trainer-e-atleta-fabricio-taveira\/","title":{"rendered":"C\u00e2mara agenda entrega do T\u00edtulo de Cidad\u00e3o Em\u00e9rito de Barretos ao personal trainer e atleta, Fabr\u00edcio Taveira"},"content":{"rendered":"<h3 style=\"text-align: center;\">Sess\u00e3o Solene ser\u00e1 realizada no dia 10 de agosto, quinta-feira, \u00e0s 19h; Homenagem foi proposta pelo vereador Nestor Leonel.<\/h3>\n<p>A C\u00e2mara de Barretos agendou para o dia\u00a010 de agosto\u00a0(quinta-feira),\u00a0\u00e0s 19h,\u00a0Sess\u00e3o Solene\u00a0para a\u00a0entrega do T\u00edtulo de Cidad\u00e3o Emerito\u00a0da Est\u00e2ncia Tur\u00edstica de Barretos\u00a0ao personal trainer e atleta,\u00a0Fabricio Henrique Taveira.<\/p>\n<p>A homenagem foi proposta pelo vereador\u00a0Nestor Leonel\u00a0(UNI\u00c3O), por meio do\u00a0Projeto de Decreto Legislativo n\u00ba 13\/2023,\u00a0aprovado por todos os vereadores.<\/p>\n<p>Os t\u00edtulos de\u00a0Cidad\u00e3o\u00a0Em\u00e9rito\u00a0s\u00e3o\u00a0concedidos ao barretense nato, ou aos que aqui ficarem radicados por longos anos, a ponto de se considerarem barretenses, e que,\u00a0por suas atividades intelectuais ou esportivas ou sociais, venham a projetar-se no cen\u00e1rio nacional ou internacional, constituindo-se, assim, num leg\u00edtimo orgulho da cidade onde nasceram ou se radicaram.<\/p>\n<p><strong>O HOMENAGEADO<\/strong><\/p>\n<p>Barretense nato,\u00a0Fabr\u00edcio Taveira\u00a0tem 35 anos, \u00e9 filho de \u00a0Valdonice Brito Taveira e Marcia Helena da Cruz Taveira.<\/p>\n<p>Formado em Educa\u00e7\u00e3o F\u00edsica e p\u00f3s-graduado em Fisiologia do Esporte, quase se profissionalizou no futebol, mas tornou-se\u00a0Personal trainer\u00a0e seguiu o caminho das lutas, sendo campe\u00e3o estadual de Jiu-Jitsu e vencedor de duas lutas de MMA.<\/p>\n<p>No dia 8 de setembro de 2019,\u00a0 Fabricio\u00a0assistia \u00e0 uma apresenta\u00e7\u00e3o da namorada DJ em um evento na cidade de Gua\u00edra\/SP,\u00a0\u00a0quando a estrutura que mantinha a cobertura do espa\u00e7o\u00a0ruiu e\u00a0um pilar com aproximadamente 450 kg (quilos)\u00a0 caiu sobre sua cabe\u00e7a, causando uma les\u00e3o medular grav\u00edssima.\u00a0Ap\u00f3s meses de interna\u00e7\u00e3o e incertezas, Fabr\u00edcio recebeu\u00a0o progn\u00f3stico de que, com muito esfor\u00e7o, talvez, conseguisse desenvolver for\u00e7as para sustentar o corpo sentado em uma cadeira de rodas e que nunca\u00a0 mais poderia andar.<\/p>\n<p>A partir da\u00ed,\u00a0Fabr\u00edcio Taveira vem contrariando\u00a0todos os\u00a0progn\u00f3sticos.\u00a0 Mesmo cadeirante, Fabr\u00edcio d\u00e1 aulas presenciais e online como personal, faz palestras,\u00a0posa como modelo, tem autonomia, dirige o pr\u00f3prio carro e pratica v\u00e1rios esportes.<\/p>\n<p>No\u00a0crossfit, em dois anos da pr\u00e1tica esportiva,\u00a0j\u00e1 conquistou os t\u00edtulos de bicampe\u00e3o brasileiro de crossfit adaptado e \u00e9 o atual campe\u00e3o sul-americano (t\u00edtulo conquistado na Argentina) e vice-campe\u00e3o europeu (t\u00edtulo conquistado na Espanha). Fabr\u00edcio tamb\u00e9m\u00a0 \u00e9 o atual n\u00ba 4 no ranking mundial de\u00a0crossfit\u00a0adaptado, a melhor marca que um atleta brasileiro j\u00e1 alcan\u00e7ou na hist\u00f3ria do esporte.<\/p>\n<p>Na carreira de modelo, a convite da Ag\u00eancia Andr\u00e9 Pereira Models, de S\u00e3o Jos\u00e9 do Rio Preto, Fabr\u00edcio fez seu book profissional e colocou-se \u00e0 disposi\u00e7\u00e3o do mercado para an\u00fancios publicit\u00e1rios, j\u00e1 tendo estrelado alguns trabalhos.<\/p>\n<p>Como palestrante,\u00a0tem viajado\u00a0 o Brasil compartilhando sua hist\u00f3ria,\u00a0\u00a0seu esfor\u00e7o di\u00e1rio e sua meta de voltar a andar\u00a0e ser inspira\u00e7\u00e3o para quem quer superar as limita\u00e7\u00f5es do pr\u00f3prio corpo, independente da situa\u00e7\u00e3o em que se encontra.<\/p>\n<p>Fonte &#8211; Prefeitura Municipal de Barretos.<\/p>\n","protected":false},"excerpt":{"rendered":"<p>Sess\u00e3o Solene ser\u00e1 realizada no dia 10 de agosto, quinta-feira,<\/p>\n","protected":false},"author":2,"featured_media":92582,"comment_status":"open","ping_status":"open","sticky":false,"template":"","format":"standard","meta":{"footnotes":""},"categories":[14,3],"tags":[],"class_list":["post-92581","post","type-post","status-publish","format-standard","has-post-thumbnail","hentry","category-barretos","category-geral"],"yoast_head":"<!-- This site is optimized with the Yoast SEO plugin v27.5 - https:\/\/yoast.com\/product\/yoast-seo-wordpress\/ -->\n<title>C\u00e2mara agenda entrega do T\u00edtulo de Cidad\u00e3o Em\u00e9rito de Barretos ao personal trainer e atleta, Fabr\u00edcio Taveira - Regi\u00e3o News<\/title>\n<meta name=\"robots\" content=\"index, follow, max-snippet:-1, max-image-preview:large, max-video-preview:-1\" \/>\n<link rel=\"canonical\" href=\"https:\/\/regiaonews.net.br\/2022\/2023\/07\/31\/camara-agenda-entrega-do-titulo-de-cidadao-emerito-de-barretos-ao-personal-trainer-e-atleta-fabricio-taveira\/\" \/>\n<meta property=\"og:locale\" content=\"pt_BR\" \/>\n<meta property=\"og:type\" content=\"article\" \/>\n<meta property=\"og:title\" content=\"C\u00e2mara agenda entrega do T\u00edtulo de Cidad\u00e3o Em\u00e9rito de Barretos ao personal trainer e atleta, Fabr\u00edcio Taveira - Regi\u00e3o News\" \/>\n<meta property=\"og:description\" content=\"Sess\u00e3o Solene ser\u00e1 realizada no dia 10 de agosto, quinta-feira,\" \/>\n<meta property=\"og:url\" content=\"https:\/\/regiaonews.net.br\/2022\/2023\/07\/31\/camara-agenda-entrega-do-titulo-de-cidadao-emerito-de-barretos-ao-personal-trainer-e-atleta-fabricio-taveira\/\" \/>\n<meta property=\"og:site_name\" content=\"Regi\u00e3o News\" \/>\n<meta property=\"article:published_time\" content=\"2023-07-31T13:11:41+00:00\" \/>\n<meta property=\"og:image\" content=\"https:\/\/regiaonews.net.br\/2022\/wp-content\/uploads\/2023\/07\/alta_169072772264c6752a5bdb5.jpg\" \/>\n\t<meta property=\"og:image:width\" content=\"1920\" \/>\n\t<meta property=\"og:image:height\" content=\"1080\" \/>\n\t<meta property=\"og:image:type\" content=\"image\/jpeg\" \/>\n<meta name=\"author\" content=\"Roberto\" \/>\n<meta name=\"twitter:card\" content=\"summary_large_image\" \/>\n<meta name=\"twitter:label1\" content=\"Escrito por\" \/>\n\t<meta name=\"twitter:data1\" content=\"Roberto\" \/>\n\t<meta name=\"twitter:label2\" content=\"Est. tempo de leitura\" \/>\n\t<meta name=\"twitter:data2\" content=\"3 minutos\" \/>\n<script type=\"application\/ld+json\" class=\"yoast-schema-graph\">{\"@context\":\"https:\\\/\\\/schema.org\",\"@graph\":[{\"@type\":\"Article\",\"@id\":\"https:\\\/\\\/regiaonews.net.br\\\/2022\\\/2023\\\/07\\\/31\\\/camara-agenda-entrega-do-titulo-de-cidadao-emerito-de-barretos-ao-personal-trainer-e-atleta-fabricio-taveira\\\/#article\",\"isPartOf\":{\"@id\":\"https:\\\/\\\/regiaonews.net.br\\\/2022\\\/2023\\\/07\\\/31\\\/camara-agenda-entrega-do-titulo-de-cidadao-emerito-de-barretos-ao-personal-trainer-e-atleta-fabricio-taveira\\\/\"},\"author\":{\"name\":\"Roberto\",\"@id\":\"https:\\\/\\\/regiaonews.net.br\\\/2022\\\/#\\\/schema\\\/person\\\/2d205a608a5aa97ac279d7a5e6d89ad8\"},\"headline\":\"C\u00e2mara agenda entrega do T\u00edtulo de Cidad\u00e3o Em\u00e9rito de Barretos ao personal trainer e atleta, Fabr\u00edcio Taveira\",\"datePublished\":\"2023-07-31T13:11:41+00:00\",\"mainEntityOfPage\":{\"@id\":\"https:\\\/\\\/regiaonews.net.br\\\/2022\\\/2023\\\/07\\\/31\\\/camara-agenda-entrega-do-titulo-de-cidadao-emerito-de-barretos-ao-personal-trainer-e-atleta-fabricio-taveira\\\/\"},\"wordCount\":522,\"commentCount\":0,\"publisher\":{\"@id\":\"https:\\\/\\\/regiaonews.net.br\\\/2022\\\/#organization\"},\"image\":{\"@id\":\"https:\\\/\\\/regiaonews.net.br\\\/2022\\\/2023\\\/07\\\/31\\\/camara-agenda-entrega-do-titulo-de-cidadao-emerito-de-barretos-ao-personal-trainer-e-atleta-fabricio-taveira\\\/#primaryimage\"},\"thumbnailUrl\":\"https:\\\/\\\/regiaonews.net.br\\\/2022\\\/wp-content\\\/uploads\\\/2023\\\/07\\\/alta_169072772264c6752a5bdb5.jpg\",\"articleSection\":[\"Barretos\",\"Geral\"],\"inLanguage\":\"pt-BR\",\"potentialAction\":[{\"@type\":\"CommentAction\",\"name\":\"Comment\",\"target\":[\"https:\\\/\\\/regiaonews.net.br\\\/2022\\\/2023\\\/07\\\/31\\\/camara-agenda-entrega-do-titulo-de-cidadao-emerito-de-barretos-ao-personal-trainer-e-atleta-fabricio-taveira\\\/#respond\"]}]},{\"@type\":\"WebPage\",\"@id\":\"https:\\\/\\\/regiaonews.net.br\\\/2022\\\/2023\\\/07\\\/31\\\/camara-agenda-entrega-do-titulo-de-cidadao-emerito-de-barretos-ao-personal-trainer-e-atleta-fabricio-taveira\\\/\",\"url\":\"https:\\\/\\\/regiaonews.net.br\\\/2022\\\/2023\\\/07\\\/31\\\/camara-agenda-entrega-do-titulo-de-cidadao-emerito-de-barretos-ao-personal-trainer-e-atleta-fabricio-taveira\\\/\",\"name\":\"C\u00e2mara agenda entrega do T\u00edtulo de Cidad\u00e3o Em\u00e9rito de Barretos ao personal trainer e atleta, Fabr\u00edcio Taveira - Regi\u00e3o News\",\"isPartOf\":{\"@id\":\"https:\\\/\\\/regiaonews.net.br\\\/2022\\\/#website\"},\"primaryImageOfPage\":{\"@id\":\"https:\\\/\\\/regiaonews.net.br\\\/2022\\\/2023\\\/07\\\/31\\\/camara-agenda-entrega-do-titulo-de-cidadao-emerito-de-barretos-ao-personal-trainer-e-atleta-fabricio-taveira\\\/#primaryimage\"},\"image\":{\"@id\":\"https:\\\/\\\/regiaonews.net.br\\\/2022\\\/2023\\\/07\\\/31\\\/camara-agenda-entrega-do-titulo-de-cidadao-emerito-de-barretos-ao-personal-trainer-e-atleta-fabricio-taveira\\\/#primaryimage\"},\"thumbnailUrl\":\"https:\\\/\\\/regiaonews.net.br\\\/2022\\\/wp-content\\\/uploads\\\/2023\\\/07\\\/alta_169072772264c6752a5bdb5.jpg\",\"datePublished\":\"2023-07-31T13:11:41+00:00\",\"breadcrumb\":{\"@id\":\"https:\\\/\\\/regiaonews.net.br\\\/2022\\\/2023\\\/07\\\/31\\\/camara-agenda-entrega-do-titulo-de-cidadao-emerito-de-barretos-ao-personal-trainer-e-atleta-fabricio-taveira\\\/#breadcrumb\"},\"inLanguage\":\"pt-BR\",\"potentialAction\":[{\"@type\":\"ReadAction\",\"target\":[\"https:\\\/\\\/regiaonews.net.br\\\/2022\\\/2023\\\/07\\\/31\\\/camara-agenda-entrega-do-titulo-de-cidadao-emerito-de-barretos-ao-personal-trainer-e-atleta-fabricio-taveira\\\/\"]}]},{\"@type\":\"ImageObject\",\"inLanguage\":\"pt-BR\",\"@id\":\"https:\\\/\\\/regiaonews.net.br\\\/2022\\\/2023\\\/07\\\/31\\\/camara-agenda-entrega-do-titulo-de-cidadao-emerito-de-barretos-ao-personal-trainer-e-atleta-fabricio-taveira\\\/#primaryimage\",\"url\":\"https:\\\/\\\/regiaonews.net.br\\\/2022\\\/wp-content\\\/uploads\\\/2023\\\/07\\\/alta_169072772264c6752a5bdb5.jpg\",\"contentUrl\":\"https:\\\/\\\/regiaonews.net.br\\\/2022\\\/wp-content\\\/uploads\\\/2023\\\/07\\\/alta_169072772264c6752a5bdb5.jpg\",\"width\":1920,\"height\":1080},{\"@type\":\"BreadcrumbList\",\"@id\":\"https:\\\/\\\/regiaonews.net.br\\\/2022\\\/2023\\\/07\\\/31\\\/camara-agenda-entrega-do-titulo-de-cidadao-emerito-de-barretos-ao-personal-trainer-e-atleta-fabricio-taveira\\\/#breadcrumb\",\"itemListElement\":[{\"@type\":\"ListItem\",\"position\":1,\"name\":\"In\u00edcio\",\"item\":\"https:\\\/\\\/regiaonews.net.br\\\/2022\\\/\"},{\"@type\":\"ListItem\",\"position\":2,\"name\":\"C\u00e2mara agenda entrega do T\u00edtulo de Cidad\u00e3o Em\u00e9rito de Barretos ao personal trainer e atleta, Fabr\u00edcio Taveira\"}]},{\"@type\":\"WebSite\",\"@id\":\"https:\\\/\\\/regiaonews.net.br\\\/2022\\\/#website\",\"url\":\"https:\\\/\\\/regiaonews.net.br\\\/2022\\\/\",\"name\":\"Regi\u00e3o News\",\"description\":\"Site de Not\u00edcias de Barretos e regi\u00e3o\",\"publisher\":{\"@id\":\"https:\\\/\\\/regiaonews.net.br\\\/2022\\\/#organization\"},\"potentialAction\":[{\"@type\":\"SearchAction\",\"target\":{\"@type\":\"EntryPoint\",\"urlTemplate\":\"https:\\\/\\\/regiaonews.net.br\\\/2022\\\/?s={search_term_string}\"},\"query-input\":{\"@type\":\"PropertyValueSpecification\",\"valueRequired\":true,\"valueName\":\"search_term_string\"}}],\"inLanguage\":\"pt-BR\"},{\"@type\":\"Organization\",\"@id\":\"https:\\\/\\\/regiaonews.net.br\\\/2022\\\/#organization\",\"name\":\"Regi\u00e3o News\",\"url\":\"https:\\\/\\\/regiaonews.net.br\\\/2022\\\/\",\"logo\":{\"@type\":\"ImageObject\",\"inLanguage\":\"pt-BR\",\"@id\":\"https:\\\/\\\/regiaonews.net.br\\\/2022\\\/#\\\/schema\\\/logo\\\/image\\\/\",\"url\":\"https:\\\/\\\/regiaonews.net.br\\\/2022\\\/wp-content\\\/uploads\\\/2026\\\/03\\\/regiao-13-anos-scaled.jpg\",\"contentUrl\":\"https:\\\/\\\/regiaonews.net.br\\\/2022\\\/wp-content\\\/uploads\\\/2026\\\/03\\\/regiao-13-anos-scaled.jpg\",\"width\":2560,\"height\":635,\"caption\":\"Regi\u00e3o News\"},\"image\":{\"@id\":\"https:\\\/\\\/regiaonews.net.br\\\/2022\\\/#\\\/schema\\\/logo\\\/image\\\/\"}},{\"@type\":\"Person\",\"@id\":\"https:\\\/\\\/regiaonews.net.br\\\/2022\\\/#\\\/schema\\\/person\\\/2d205a608a5aa97ac279d7a5e6d89ad8\",\"name\":\"Roberto\",\"image\":{\"@type\":\"ImageObject\",\"inLanguage\":\"pt-BR\",\"@id\":\"https:\\\/\\\/secure.gravatar.com\\\/avatar\\\/42749d8b712ff9d59ca93dc150494e5b55a44134482993f5baeb97e61b7ecc89?s=96&d=mm&r=g\",\"url\":\"https:\\\/\\\/secure.gravatar.com\\\/avatar\\\/42749d8b712ff9d59ca93dc150494e5b55a44134482993f5baeb97e61b7ecc89?s=96&d=mm&r=g\",\"contentUrl\":\"https:\\\/\\\/secure.gravatar.com\\\/avatar\\\/42749d8b712ff9d59ca93dc150494e5b55a44134482993f5baeb97e61b7ecc89?s=96&d=mm&r=g\",\"caption\":\"Roberto\"},\"url\":\"https:\\\/\\\/regiaonews.net.br\\\/2022\\\/author\\\/roberto\\\/\"}]}<\/script>\n<!-- \/ Yoast SEO plugin. -->","yoast_head_json":{"title":"C\u00e2mara agenda entrega do T\u00edtulo de Cidad\u00e3o Em\u00e9rito de Barretos ao personal trainer e atleta, Fabr\u00edcio Taveira - Regi\u00e3o News","robots":{"index":"index","follow":"follow","max-snippet":"max-snippet:-1","max-image-preview":"max-image-preview:large","max-video-preview":"max-video-preview:-1"},"canonical":"https:\/\/regiaonews.net.br\/2022\/2023\/07\/31\/camara-agenda-entrega-do-titulo-de-cidadao-emerito-de-barretos-ao-personal-trainer-e-atleta-fabricio-taveira\/","og_locale":"pt_BR","og_type":"article","og_title":"C\u00e2mara agenda entrega do T\u00edtulo de Cidad\u00e3o Em\u00e9rito de Barretos ao personal trainer e atleta, Fabr\u00edcio Taveira - Regi\u00e3o News","og_description":"Sess\u00e3o Solene ser\u00e1 realizada no dia 10 de agosto, quinta-feira,","og_url":"https:\/\/regiaonews.net.br\/2022\/2023\/07\/31\/camara-agenda-entrega-do-titulo-de-cidadao-emerito-de-barretos-ao-personal-trainer-e-atleta-fabricio-taveira\/","og_site_name":"Regi\u00e3o News","article_published_time":"2023-07-31T13:11:41+00:00","og_image":[{"width":1920,"height":1080,"url":"https:\/\/regiaonews.net.br\/2022\/wp-content\/uploads\/2023\/07\/alta_169072772264c6752a5bdb5.jpg","type":"image\/jpeg"}],"author":"Roberto","twitter_card":"summary_large_image","twitter_misc":{"Escrito por":"Roberto","Est. tempo de leitura":"3 minutos"},"schema":{"@context":"https:\/\/schema.org","@graph":[{"@type":"Article","@id":"https:\/\/regiaonews.net.br\/2022\/2023\/07\/31\/camara-agenda-entrega-do-titulo-de-cidadao-emerito-de-barretos-ao-personal-trainer-e-atleta-fabricio-taveira\/#article","isPartOf":{"@id":"https:\/\/regiaonews.net.br\/2022\/2023\/07\/31\/camara-agenda-entrega-do-titulo-de-cidadao-emerito-de-barretos-ao-personal-trainer-e-atleta-fabricio-taveira\/"},"author":{"name":"Roberto","@id":"https:\/\/regiaonews.net.br\/2022\/#\/schema\/person\/2d205a608a5aa97ac279d7a5e6d89ad8"},"headline":"C\u00e2mara agenda entrega do T\u00edtulo de Cidad\u00e3o Em\u00e9rito de Barretos ao personal trainer e atleta, Fabr\u00edcio Taveira","datePublished":"2023-07-31T13:11:41+00:00","mainEntityOfPage":{"@id":"https:\/\/regiaonews.net.br\/2022\/2023\/07\/31\/camara-agenda-entrega-do-titulo-de-cidadao-emerito-de-barretos-ao-personal-trainer-e-atleta-fabricio-taveira\/"},"wordCount":522,"commentCount":0,"publisher":{"@id":"https:\/\/regiaonews.net.br\/2022\/#organization"},"image":{"@id":"https:\/\/regiaonews.net.br\/2022\/2023\/07\/31\/camara-agenda-entrega-do-titulo-de-cidadao-emerito-de-barretos-ao-personal-trainer-e-atleta-fabricio-taveira\/#primaryimage"},"thumbnailUrl":"https:\/\/regiaonews.net.br\/2022\/wp-content\/uploads\/2023\/07\/alta_169072772264c6752a5bdb5.jpg","articleSection":["Barretos","Geral"],"inLanguage":"pt-BR","potentialAction":[{"@type":"CommentAction","name":"Comment","target":["https:\/\/regiaonews.net.br\/2022\/2023\/07\/31\/camara-agenda-entrega-do-titulo-de-cidadao-emerito-de-barretos-ao-personal-trainer-e-atleta-fabricio-taveira\/#respond"]}]},{"@type":"WebPage","@id":"https:\/\/regiaonews.net.br\/2022\/2023\/07\/31\/camara-agenda-entrega-do-titulo-de-cidadao-emerito-de-barretos-ao-personal-trainer-e-atleta-fabricio-taveira\/","url":"https:\/\/regiaonews.net.br\/2022\/2023\/07\/31\/camara-agenda-entrega-do-titulo-de-cidadao-emerito-de-barretos-ao-personal-trainer-e-atleta-fabricio-taveira\/","name":"C\u00e2mara agenda entrega do T\u00edtulo de Cidad\u00e3o Em\u00e9rito de Barretos ao personal trainer e atleta, Fabr\u00edcio Taveira - Regi\u00e3o News","isPartOf":{"@id":"https:\/\/regiaonews.net.br\/2022\/#website"},"primaryImageOfPage":{"@id":"https:\/\/regiaonews.net.br\/2022\/2023\/07\/31\/camara-agenda-entrega-do-titulo-de-cidadao-emerito-de-barretos-ao-personal-trainer-e-atleta-fabricio-taveira\/#primaryimage"},"image":{"@id":"https:\/\/regiaonews.net.br\/2022\/2023\/07\/31\/camara-agenda-entrega-do-titulo-de-cidadao-emerito-de-barretos-ao-personal-trainer-e-atleta-fabricio-taveira\/#primaryimage"},"thumbnailUrl":"https:\/\/regiaonews.net.br\/2022\/wp-content\/uploads\/2023\/07\/alta_169072772264c6752a5bdb5.jpg","datePublished":"2023-07-31T13:11:41+00:00","breadcrumb":{"@id":"https:\/\/regiaonews.net.br\/2022\/2023\/07\/31\/camara-agenda-entrega-do-titulo-de-cidadao-emerito-de-barretos-ao-personal-trainer-e-atleta-fabricio-taveira\/#breadcrumb"},"inLanguage":"pt-BR","potentialAction":[{"@type":"ReadAction","target":["https:\/\/regiaonews.net.br\/2022\/2023\/07\/31\/camara-agenda-entrega-do-titulo-de-cidadao-emerito-de-barretos-ao-personal-trainer-e-atleta-fabricio-taveira\/"]}]},{"@type":"ImageObject","inLanguage":"pt-BR","@id":"https:\/\/regiaonews.net.br\/2022\/2023\/07\/31\/camara-agenda-entrega-do-titulo-de-cidadao-emerito-de-barretos-ao-personal-trainer-e-atleta-fabricio-taveira\/#primaryimage","url":"https:\/\/regiaonews.net.br\/2022\/wp-content\/uploads\/2023\/07\/alta_169072772264c6752a5bdb5.jpg","contentUrl":"https:\/\/regiaonews.net.br\/2022\/wp-content\/uploads\/2023\/07\/alta_169072772264c6752a5bdb5.jpg","width":1920,"height":1080},{"@type":"BreadcrumbList","@id":"https:\/\/regiaonews.net.br\/2022\/2023\/07\/31\/camara-agenda-entrega-do-titulo-de-cidadao-emerito-de-barretos-ao-personal-trainer-e-atleta-fabricio-taveira\/#breadcrumb","itemListElement":[{"@type":"ListItem","position":1,"name":"In\u00edcio","item":"https:\/\/regiaonews.net.br\/2022\/"},{"@type":"ListItem","position":2,"name":"C\u00e2mara agenda entrega do T\u00edtulo de Cidad\u00e3o Em\u00e9rito de Barretos ao personal trainer e atleta, Fabr\u00edcio Taveira"}]},{"@type":"WebSite","@id":"https:\/\/regiaonews.net.br\/2022\/#website","url":"https:\/\/regiaonews.net.br\/2022\/","name":"Regi\u00e3o News","description":"Site de Not\u00edcias de Barretos e regi\u00e3o","publisher":{"@id":"https:\/\/regiaonews.net.br\/2022\/#organization"},"potentialAction":[{"@type":"SearchAction","target":{"@type":"EntryPoint","urlTemplate":"https:\/\/regiaonews.net.br\/2022\/?s={search_term_string}"},"query-input":{"@type":"PropertyValueSpecification","valueRequired":true,"valueName":"search_term_string"}}],"inLanguage":"pt-BR"},{"@type":"Organization","@id":"https:\/\/regiaonews.net.br\/2022\/#organization","name":"Regi\u00e3o News","url":"https:\/\/regiaonews.net.br\/2022\/","logo":{"@type":"ImageObject","inLanguage":"pt-BR","@id":"https:\/\/regiaonews.net.br\/2022\/#\/schema\/logo\/image\/","url":"https:\/\/regiaonews.net.br\/2022\/wp-content\/uploads\/2026\/03\/regiao-13-anos-scaled.jpg","contentUrl":"https:\/\/regiaonews.net.br\/2022\/wp-content\/uploads\/2026\/03\/regiao-13-anos-scaled.jpg","width":2560,"height":635,"caption":"Regi\u00e3o News"},"image":{"@id":"https:\/\/regiaonews.net.br\/2022\/#\/schema\/logo\/image\/"}},{"@type":"Person","@id":"https:\/\/regiaonews.net.br\/2022\/#\/schema\/person\/2d205a608a5aa97ac279d7a5e6d89ad8","name":"Roberto","image":{"@type":"ImageObject","inLanguage":"pt-BR","@id":"https:\/\/secure.gravatar.com\/avatar\/42749d8b712ff9d59ca93dc150494e5b55a44134482993f5baeb97e61b7ecc89?s=96&d=mm&r=g","url":"https:\/\/secure.gravatar.com\/avatar\/42749d8b712ff9d59ca93dc150494e5b55a44134482993f5baeb97e61b7ecc89?s=96&d=mm&r=g","contentUrl":"https:\/\/secure.gravatar.com\/avatar\/42749d8b712ff9d59ca93dc150494e5b55a44134482993f5baeb97e61b7ecc89?s=96&d=mm&r=g","caption":"Roberto"},"url":"https:\/\/regiaonews.net.br\/2022\/author\/roberto\/"}]}},"publishpress_future_action":{"enabled":false,"date":"2026-05-10 13:13:34","action":"change-status","newStatus":"draft","terms":[],"taxonomy":"category","extraData":[]},"publishpress_future_workflow_manual_trigger":{"enabledWorkflows":[]},"_links":{"self":[{"href":"https:\/\/regiaonews.net.br\/2022\/wp-json\/wp\/v2\/posts\/92581","targetHints":{"allow":["GET"]}}],"collection":[{"href":"https:\/\/regiaonews.net.br\/2022\/wp-json\/wp\/v2\/posts"}],"about":[{"href":"https:\/\/regiaonews.net.br\/2022\/wp-json\/wp\/v2\/types\/post"}],"author":[{"embeddable":true,"href":"https:\/\/regiaonews.net.br\/2022\/wp-json\/wp\/v2\/users\/2"}],"replies":[{"embeddable":true,"href":"https:\/\/regiaonews.net.br\/2022\/wp-json\/wp\/v2\/comments?post=92581"}],"version-history":[{"count":1,"href":"https:\/\/regiaonews.net.br\/2022\/wp-json\/wp\/v2\/posts\/92581\/revisions"}],"predecessor-version":[{"id":92583,"href":"https:\/\/regiaonews.net.br\/2022\/wp-json\/wp\/v2\/posts\/92581\/revisions\/92583"}],"wp:featuredmedia":[{"embeddable":true,"href":"https:\/\/regiaonews.net.br\/2022\/wp-json\/wp\/v2\/media\/92582"}],"wp:attachment":[{"href":"https:\/\/regiaonews.net.br\/2022\/wp-json\/wp\/v2\/media?parent=92581"}],"wp:term":[{"taxonomy":"category","embeddable":true,"href":"https:\/\/regiaonews.net.br\/2022\/wp-json\/wp\/v2\/categories?post=92581"},{"taxonomy":"post_tag","embeddable":true,"href":"https:\/\/regiaonews.net.br\/2022\/wp-json\/wp\/v2\/tags?post=92581"}],"curies":[{"name":"wp","href":"https:\/\/api.w.org\/{rel}","templated":true}]}}