{"id":92576,"date":"2023-07-30T22:15:32","date_gmt":"2023-07-31T01:15:32","guid":{"rendered":"https:\/\/regiaonews.net.br\/2022\/?p=92576"},"modified":"2023-07-30T22:28:30","modified_gmt":"2023-07-31T01:28:30","slug":"sao-paulo-empata-e-palmeiras-goleia-pelo-brasileirao","status":"publish","type":"post","link":"https:\/\/regiaonews.net.br\/2022\/2023\/07\/30\/sao-paulo-empata-e-palmeiras-goleia-pelo-brasileirao\/","title":{"rendered":"S\u00e3o Paulo empata e Palmeiras goleia pelo Brasileir\u00e3o"},"content":{"rendered":"<p>Foto &#8211; C\u00e9sar Greco<\/p>\n<p>Os paulistas S\u00e3o Paulo e Palmeiras jogaram neste domingo (30), pela 17\u00aa rodada do Brasileir\u00e3o. O S\u00e3o Paulo enfrentou o Bahia e\u00a0 fizeram um jogo movimentado, mas empataram sem gols na manh\u00e3 deste domingo (30). Jogando em casa, no Morumbi, o time paulista criou boas chances, mas esbarrou na grande atua\u00e7\u00e3o do goleiro Marcos Felipe.<\/p>\n<p>Com o resultado, o S\u00e3o Paulo chegou a 26 pontos e aparece na oitava coloca\u00e7\u00e3o. J\u00e1 o Bahia tem 15 pontos e ficar\u00e1 mais uma rodada na zona de rebaixamento, j\u00e1 que aparece em 17\u00ba lugar.<br \/>\nPalmeiras<\/p>\n<p>Com dois gols de Rony o Palmeiras venceu com autoridade o Am\u00e9rica-MG, na Arena Independ\u00eancia, em Belo Horizonte (MG). Neste domingo, pela 17\u00aa rodada do Campeonato Brasileiro, o time paulista goleou os mineiros por 4 a 1, chegando \u00e0 segunda vit\u00f3ria seguida na competi\u00e7\u00e3o, afastando de vez a m\u00e1 fase antes da partida decisiva da Libertadores. Murilo e Artur\u00a0tamb\u00e9m marcaram.<\/p>\n<p>O resultado manteve o Palmeiras dentro do G4, em terceiro lugar, com 31 pontos. O time ainda pode ser ultrapassado pelo Gr\u00eamio, que ainda atua na rodada. Na quarta-feira, o Palmeiras tem o jogo de ida das oitavas\u00a0de finais da Copa Libertadores, contra o Atl\u00e9tico-MG, no Mineir\u00e3o. O Am\u00e9rica-MG segue na vice-lanterna, 19\u00ba, com apenas 10 pontos.<\/p>\n","protected":false},"excerpt":{"rendered":"<p>Foto &#8211; C\u00e9sar Greco Os paulistas S\u00e3o Paulo e Palmeiras<\/p>\n","protected":false},"author":2,"featured_media":92578,"comment_status":"open","ping_status":"open","sticky":false,"template":"","format":"standard","meta":{"footnotes":""},"categories":[127,21],"tags":[],"class_list":["post-92576","post","type-post","status-publish","format-standard","has-post-thumbnail","hentry","category-brasileirao","category-esporte"],"yoast_head":"<!-- This site is optimized with the Yoast SEO plugin v27.5 - https:\/\/yoast.com\/product\/yoast-seo-wordpress\/ -->\n<title>S\u00e3o Paulo empata e Palmeiras goleia pelo Brasileir\u00e3o - Regi\u00e3o News<\/title>\n<meta name=\"robots\" content=\"index, follow, max-snippet:-1, max-image-preview:large, max-video-preview:-1\" \/>\n<link rel=\"canonical\" href=\"https:\/\/regiaonews.net.br\/2022\/2023\/07\/30\/sao-paulo-empata-e-palmeiras-goleia-pelo-brasileirao\/\" \/>\n<meta property=\"og:locale\" content=\"pt_BR\" \/>\n<meta property=\"og:type\" content=\"article\" \/>\n<meta property=\"og:title\" content=\"S\u00e3o Paulo empata e Palmeiras goleia pelo Brasileir\u00e3o - Regi\u00e3o News\" \/>\n<meta property=\"og:description\" content=\"Foto &#8211; C\u00e9sar Greco Os paulistas S\u00e3o Paulo e Palmeiras\" \/>\n<meta property=\"og:url\" content=\"https:\/\/regiaonews.net.br\/2022\/2023\/07\/30\/sao-paulo-empata-e-palmeiras-goleia-pelo-brasileirao\/\" \/>\n<meta property=\"og:site_name\" content=\"Regi\u00e3o News\" \/>\n<meta property=\"article:published_time\" content=\"2023-07-31T01:15:32+00:00\" \/>\n<meta property=\"article:modified_time\" content=\"2023-07-31T01:28:30+00:00\" \/>\n<meta property=\"og:image\" content=\"https:\/\/regiaonews.net.br\/2022\/wp-content\/uploads\/2023\/07\/53082827378_3a12587f98_z.jpg\" \/>\n\t<meta property=\"og:image:width\" content=\"640\" \/>\n\t<meta property=\"og:image:height\" content=\"608\" \/>\n\t<meta property=\"og:image:type\" content=\"image\/jpeg\" \/>\n<meta name=\"author\" content=\"Roberto\" \/>\n<meta name=\"twitter:card\" content=\"summary_large_image\" \/>\n<meta name=\"twitter:label1\" content=\"Escrito por\" \/>\n\t<meta name=\"twitter:data1\" content=\"Roberto\" \/>\n\t<meta name=\"twitter:label2\" content=\"Est. tempo de leitura\" \/>\n\t<meta name=\"twitter:data2\" content=\"2 minutos\" \/>\n<script type=\"application\/ld+json\" class=\"yoast-schema-graph\">{\"@context\":\"https:\\\/\\\/schema.org\",\"@graph\":[{\"@type\":\"Article\",\"@id\":\"https:\\\/\\\/regiaonews.net.br\\\/2022\\\/2023\\\/07\\\/30\\\/sao-paulo-empata-e-palmeiras-goleia-pelo-brasileirao\\\/#article\",\"isPartOf\":{\"@id\":\"https:\\\/\\\/regiaonews.net.br\\\/2022\\\/2023\\\/07\\\/30\\\/sao-paulo-empata-e-palmeiras-goleia-pelo-brasileirao\\\/\"},\"author\":{\"name\":\"Roberto\",\"@id\":\"https:\\\/\\\/regiaonews.net.br\\\/2022\\\/#\\\/schema\\\/person\\\/2d205a608a5aa97ac279d7a5e6d89ad8\"},\"headline\":\"S\u00e3o Paulo empata e Palmeiras goleia pelo Brasileir\u00e3o\",\"datePublished\":\"2023-07-31T01:15:32+00:00\",\"dateModified\":\"2023-07-31T01:28:30+00:00\",\"mainEntityOfPage\":{\"@id\":\"https:\\\/\\\/regiaonews.net.br\\\/2022\\\/2023\\\/07\\\/30\\\/sao-paulo-empata-e-palmeiras-goleia-pelo-brasileirao\\\/\"},\"wordCount\":228,\"commentCount\":0,\"publisher\":{\"@id\":\"https:\\\/\\\/regiaonews.net.br\\\/2022\\\/#organization\"},\"image\":{\"@id\":\"https:\\\/\\\/regiaonews.net.br\\\/2022\\\/2023\\\/07\\\/30\\\/sao-paulo-empata-e-palmeiras-goleia-pelo-brasileirao\\\/#primaryimage\"},\"thumbnailUrl\":\"https:\\\/\\\/regiaonews.net.br\\\/2022\\\/wp-content\\\/uploads\\\/2023\\\/07\\\/53082827378_3a12587f98_z.jpg\",\"articleSection\":[\"Brasileir\u00e3o\",\"Esporte\"],\"inLanguage\":\"pt-BR\",\"potentialAction\":[{\"@type\":\"CommentAction\",\"name\":\"Comment\",\"target\":[\"https:\\\/\\\/regiaonews.net.br\\\/2022\\\/2023\\\/07\\\/30\\\/sao-paulo-empata-e-palmeiras-goleia-pelo-brasileirao\\\/#respond\"]}]},{\"@type\":\"WebPage\",\"@id\":\"https:\\\/\\\/regiaonews.net.br\\\/2022\\\/2023\\\/07\\\/30\\\/sao-paulo-empata-e-palmeiras-goleia-pelo-brasileirao\\\/\",\"url\":\"https:\\\/\\\/regiaonews.net.br\\\/2022\\\/2023\\\/07\\\/30\\\/sao-paulo-empata-e-palmeiras-goleia-pelo-brasileirao\\\/\",\"name\":\"S\u00e3o Paulo empata e Palmeiras goleia pelo Brasileir\u00e3o - Regi\u00e3o News\",\"isPartOf\":{\"@id\":\"https:\\\/\\\/regiaonews.net.br\\\/2022\\\/#website\"},\"primaryImageOfPage\":{\"@id\":\"https:\\\/\\\/regiaonews.net.br\\\/2022\\\/2023\\\/07\\\/30\\\/sao-paulo-empata-e-palmeiras-goleia-pelo-brasileirao\\\/#primaryimage\"},\"image\":{\"@id\":\"https:\\\/\\\/regiaonews.net.br\\\/2022\\\/2023\\\/07\\\/30\\\/sao-paulo-empata-e-palmeiras-goleia-pelo-brasileirao\\\/#primaryimage\"},\"thumbnailUrl\":\"https:\\\/\\\/regiaonews.net.br\\\/2022\\\/wp-content\\\/uploads\\\/2023\\\/07\\\/53082827378_3a12587f98_z.jpg\",\"datePublished\":\"2023-07-31T01:15:32+00:00\",\"dateModified\":\"2023-07-31T01:28:30+00:00\",\"breadcrumb\":{\"@id\":\"https:\\\/\\\/regiaonews.net.br\\\/2022\\\/2023\\\/07\\\/30\\\/sao-paulo-empata-e-palmeiras-goleia-pelo-brasileirao\\\/#breadcrumb\"},\"inLanguage\":\"pt-BR\",\"potentialAction\":[{\"@type\":\"ReadAction\",\"target\":[\"https:\\\/\\\/regiaonews.net.br\\\/2022\\\/2023\\\/07\\\/30\\\/sao-paulo-empata-e-palmeiras-goleia-pelo-brasileirao\\\/\"]}]},{\"@type\":\"ImageObject\",\"inLanguage\":\"pt-BR\",\"@id\":\"https:\\\/\\\/regiaonews.net.br\\\/2022\\\/2023\\\/07\\\/30\\\/sao-paulo-empata-e-palmeiras-goleia-pelo-brasileirao\\\/#primaryimage\",\"url\":\"https:\\\/\\\/regiaonews.net.br\\\/2022\\\/wp-content\\\/uploads\\\/2023\\\/07\\\/53082827378_3a12587f98_z.jpg\",\"contentUrl\":\"https:\\\/\\\/regiaonews.net.br\\\/2022\\\/wp-content\\\/uploads\\\/2023\\\/07\\\/53082827378_3a12587f98_z.jpg\",\"width\":640,\"height\":608},{\"@type\":\"BreadcrumbList\",\"@id\":\"https:\\\/\\\/regiaonews.net.br\\\/2022\\\/2023\\\/07\\\/30\\\/sao-paulo-empata-e-palmeiras-goleia-pelo-brasileirao\\\/#breadcrumb\",\"itemListElement\":[{\"@type\":\"ListItem\",\"position\":1,\"name\":\"In\u00edcio\",\"item\":\"https:\\\/\\\/regiaonews.net.br\\\/2022\\\/\"},{\"@type\":\"ListItem\",\"position\":2,\"name\":\"S\u00e3o Paulo empata e Palmeiras goleia pelo Brasileir\u00e3o\"}]},{\"@type\":\"WebSite\",\"@id\":\"https:\\\/\\\/regiaonews.net.br\\\/2022\\\/#website\",\"url\":\"https:\\\/\\\/regiaonews.net.br\\\/2022\\\/\",\"name\":\"Regi\u00e3o News\",\"description\":\"Site de Not\u00edcias de Barretos e regi\u00e3o\",\"publisher\":{\"@id\":\"https:\\\/\\\/regiaonews.net.br\\\/2022\\\/#organization\"},\"potentialAction\":[{\"@type\":\"SearchAction\",\"target\":{\"@type\":\"EntryPoint\",\"urlTemplate\":\"https:\\\/\\\/regiaonews.net.br\\\/2022\\\/?s={search_term_string}\"},\"query-input\":{\"@type\":\"PropertyValueSpecification\",\"valueRequired\":true,\"valueName\":\"search_term_string\"}}],\"inLanguage\":\"pt-BR\"},{\"@type\":\"Organization\",\"@id\":\"https:\\\/\\\/regiaonews.net.br\\\/2022\\\/#organization\",\"name\":\"Regi\u00e3o News\",\"url\":\"https:\\\/\\\/regiaonews.net.br\\\/2022\\\/\",\"logo\":{\"@type\":\"ImageObject\",\"inLanguage\":\"pt-BR\",\"@id\":\"https:\\\/\\\/regiaonews.net.br\\\/2022\\\/#\\\/schema\\\/logo\\\/image\\\/\",\"url\":\"https:\\\/\\\/regiaonews.net.br\\\/2022\\\/wp-content\\\/uploads\\\/2026\\\/03\\\/regiao-13-anos-scaled.jpg\",\"contentUrl\":\"https:\\\/\\\/regiaonews.net.br\\\/2022\\\/wp-content\\\/uploads\\\/2026\\\/03\\\/regiao-13-anos-scaled.jpg\",\"width\":2560,\"height\":635,\"caption\":\"Regi\u00e3o News\"},\"image\":{\"@id\":\"https:\\\/\\\/regiaonews.net.br\\\/2022\\\/#\\\/schema\\\/logo\\\/image\\\/\"}},{\"@type\":\"Person\",\"@id\":\"https:\\\/\\\/regiaonews.net.br\\\/2022\\\/#\\\/schema\\\/person\\\/2d205a608a5aa97ac279d7a5e6d89ad8\",\"name\":\"Roberto\",\"image\":{\"@type\":\"ImageObject\",\"inLanguage\":\"pt-BR\",\"@id\":\"https:\\\/\\\/secure.gravatar.com\\\/avatar\\\/42749d8b712ff9d59ca93dc150494e5b55a44134482993f5baeb97e61b7ecc89?s=96&d=mm&r=g\",\"url\":\"https:\\\/\\\/secure.gravatar.com\\\/avatar\\\/42749d8b712ff9d59ca93dc150494e5b55a44134482993f5baeb97e61b7ecc89?s=96&d=mm&r=g\",\"contentUrl\":\"https:\\\/\\\/secure.gravatar.com\\\/avatar\\\/42749d8b712ff9d59ca93dc150494e5b55a44134482993f5baeb97e61b7ecc89?s=96&d=mm&r=g\",\"caption\":\"Roberto\"},\"url\":\"https:\\\/\\\/regiaonews.net.br\\\/2022\\\/author\\\/roberto\\\/\"}]}<\/script>\n<!-- \/ Yoast SEO plugin. -->","yoast_head_json":{"title":"S\u00e3o Paulo empata e Palmeiras goleia pelo Brasileir\u00e3o - Regi\u00e3o News","robots":{"index":"index","follow":"follow","max-snippet":"max-snippet:-1","max-image-preview":"max-image-preview:large","max-video-preview":"max-video-preview:-1"},"canonical":"https:\/\/regiaonews.net.br\/2022\/2023\/07\/30\/sao-paulo-empata-e-palmeiras-goleia-pelo-brasileirao\/","og_locale":"pt_BR","og_type":"article","og_title":"S\u00e3o Paulo empata e Palmeiras goleia pelo Brasileir\u00e3o - Regi\u00e3o News","og_description":"Foto &#8211; C\u00e9sar Greco Os paulistas S\u00e3o Paulo e Palmeiras","og_url":"https:\/\/regiaonews.net.br\/2022\/2023\/07\/30\/sao-paulo-empata-e-palmeiras-goleia-pelo-brasileirao\/","og_site_name":"Regi\u00e3o News","article_published_time":"2023-07-31T01:15:32+00:00","article_modified_time":"2023-07-31T01:28:30+00:00","og_image":[{"width":640,"height":608,"url":"https:\/\/regiaonews.net.br\/2022\/wp-content\/uploads\/2023\/07\/53082827378_3a12587f98_z.jpg","type":"image\/jpeg"}],"author":"Roberto","twitter_card":"summary_large_image","twitter_misc":{"Escrito por":"Roberto","Est. tempo de leitura":"2 minutos"},"schema":{"@context":"https:\/\/schema.org","@graph":[{"@type":"Article","@id":"https:\/\/regiaonews.net.br\/2022\/2023\/07\/30\/sao-paulo-empata-e-palmeiras-goleia-pelo-brasileirao\/#article","isPartOf":{"@id":"https:\/\/regiaonews.net.br\/2022\/2023\/07\/30\/sao-paulo-empata-e-palmeiras-goleia-pelo-brasileirao\/"},"author":{"name":"Roberto","@id":"https:\/\/regiaonews.net.br\/2022\/#\/schema\/person\/2d205a608a5aa97ac279d7a5e6d89ad8"},"headline":"S\u00e3o Paulo empata e Palmeiras goleia pelo Brasileir\u00e3o","datePublished":"2023-07-31T01:15:32+00:00","dateModified":"2023-07-31T01:28:30+00:00","mainEntityOfPage":{"@id":"https:\/\/regiaonews.net.br\/2022\/2023\/07\/30\/sao-paulo-empata-e-palmeiras-goleia-pelo-brasileirao\/"},"wordCount":228,"commentCount":0,"publisher":{"@id":"https:\/\/regiaonews.net.br\/2022\/#organization"},"image":{"@id":"https:\/\/regiaonews.net.br\/2022\/2023\/07\/30\/sao-paulo-empata-e-palmeiras-goleia-pelo-brasileirao\/#primaryimage"},"thumbnailUrl":"https:\/\/regiaonews.net.br\/2022\/wp-content\/uploads\/2023\/07\/53082827378_3a12587f98_z.jpg","articleSection":["Brasileir\u00e3o","Esporte"],"inLanguage":"pt-BR","potentialAction":[{"@type":"CommentAction","name":"Comment","target":["https:\/\/regiaonews.net.br\/2022\/2023\/07\/30\/sao-paulo-empata-e-palmeiras-goleia-pelo-brasileirao\/#respond"]}]},{"@type":"WebPage","@id":"https:\/\/regiaonews.net.br\/2022\/2023\/07\/30\/sao-paulo-empata-e-palmeiras-goleia-pelo-brasileirao\/","url":"https:\/\/regiaonews.net.br\/2022\/2023\/07\/30\/sao-paulo-empata-e-palmeiras-goleia-pelo-brasileirao\/","name":"S\u00e3o Paulo empata e Palmeiras goleia pelo Brasileir\u00e3o - Regi\u00e3o News","isPartOf":{"@id":"https:\/\/regiaonews.net.br\/2022\/#website"},"primaryImageOfPage":{"@id":"https:\/\/regiaonews.net.br\/2022\/2023\/07\/30\/sao-paulo-empata-e-palmeiras-goleia-pelo-brasileirao\/#primaryimage"},"image":{"@id":"https:\/\/regiaonews.net.br\/2022\/2023\/07\/30\/sao-paulo-empata-e-palmeiras-goleia-pelo-brasileirao\/#primaryimage"},"thumbnailUrl":"https:\/\/regiaonews.net.br\/2022\/wp-content\/uploads\/2023\/07\/53082827378_3a12587f98_z.jpg","datePublished":"2023-07-31T01:15:32+00:00","dateModified":"2023-07-31T01:28:30+00:00","breadcrumb":{"@id":"https:\/\/regiaonews.net.br\/2022\/2023\/07\/30\/sao-paulo-empata-e-palmeiras-goleia-pelo-brasileirao\/#breadcrumb"},"inLanguage":"pt-BR","potentialAction":[{"@type":"ReadAction","target":["https:\/\/regiaonews.net.br\/2022\/2023\/07\/30\/sao-paulo-empata-e-palmeiras-goleia-pelo-brasileirao\/"]}]},{"@type":"ImageObject","inLanguage":"pt-BR","@id":"https:\/\/regiaonews.net.br\/2022\/2023\/07\/30\/sao-paulo-empata-e-palmeiras-goleia-pelo-brasileirao\/#primaryimage","url":"https:\/\/regiaonews.net.br\/2022\/wp-content\/uploads\/2023\/07\/53082827378_3a12587f98_z.jpg","contentUrl":"https:\/\/regiaonews.net.br\/2022\/wp-content\/uploads\/2023\/07\/53082827378_3a12587f98_z.jpg","width":640,"height":608},{"@type":"BreadcrumbList","@id":"https:\/\/regiaonews.net.br\/2022\/2023\/07\/30\/sao-paulo-empata-e-palmeiras-goleia-pelo-brasileirao\/#breadcrumb","itemListElement":[{"@type":"ListItem","position":1,"name":"In\u00edcio","item":"https:\/\/regiaonews.net.br\/2022\/"},{"@type":"ListItem","position":2,"name":"S\u00e3o Paulo empata e Palmeiras goleia pelo Brasileir\u00e3o"}]},{"@type":"WebSite","@id":"https:\/\/regiaonews.net.br\/2022\/#website","url":"https:\/\/regiaonews.net.br\/2022\/","name":"Regi\u00e3o News","description":"Site de Not\u00edcias de Barretos e regi\u00e3o","publisher":{"@id":"https:\/\/regiaonews.net.br\/2022\/#organization"},"potentialAction":[{"@type":"SearchAction","target":{"@type":"EntryPoint","urlTemplate":"https:\/\/regiaonews.net.br\/2022\/?s={search_term_string}"},"query-input":{"@type":"PropertyValueSpecification","valueRequired":true,"valueName":"search_term_string"}}],"inLanguage":"pt-BR"},{"@type":"Organization","@id":"https:\/\/regiaonews.net.br\/2022\/#organization","name":"Regi\u00e3o News","url":"https:\/\/regiaonews.net.br\/2022\/","logo":{"@type":"ImageObject","inLanguage":"pt-BR","@id":"https:\/\/regiaonews.net.br\/2022\/#\/schema\/logo\/image\/","url":"https:\/\/regiaonews.net.br\/2022\/wp-content\/uploads\/2026\/03\/regiao-13-anos-scaled.jpg","contentUrl":"https:\/\/regiaonews.net.br\/2022\/wp-content\/uploads\/2026\/03\/regiao-13-anos-scaled.jpg","width":2560,"height":635,"caption":"Regi\u00e3o News"},"image":{"@id":"https:\/\/regiaonews.net.br\/2022\/#\/schema\/logo\/image\/"}},{"@type":"Person","@id":"https:\/\/regiaonews.net.br\/2022\/#\/schema\/person\/2d205a608a5aa97ac279d7a5e6d89ad8","name":"Roberto","image":{"@type":"ImageObject","inLanguage":"pt-BR","@id":"https:\/\/secure.gravatar.com\/avatar\/42749d8b712ff9d59ca93dc150494e5b55a44134482993f5baeb97e61b7ecc89?s=96&d=mm&r=g","url":"https:\/\/secure.gravatar.com\/avatar\/42749d8b712ff9d59ca93dc150494e5b55a44134482993f5baeb97e61b7ecc89?s=96&d=mm&r=g","contentUrl":"https:\/\/secure.gravatar.com\/avatar\/42749d8b712ff9d59ca93dc150494e5b55a44134482993f5baeb97e61b7ecc89?s=96&d=mm&r=g","caption":"Roberto"},"url":"https:\/\/regiaonews.net.br\/2022\/author\/roberto\/"}]}},"publishpress_future_action":{"enabled":false,"date":"2026-05-10 12:05:55","action":"change-status","newStatus":"draft","terms":[],"taxonomy":"category","extraData":[]},"publishpress_future_workflow_manual_trigger":{"enabledWorkflows":[]},"_links":{"self":[{"href":"https:\/\/regiaonews.net.br\/2022\/wp-json\/wp\/v2\/posts\/92576","targetHints":{"allow":["GET"]}}],"collection":[{"href":"https:\/\/regiaonews.net.br\/2022\/wp-json\/wp\/v2\/posts"}],"about":[{"href":"https:\/\/regiaonews.net.br\/2022\/wp-json\/wp\/v2\/types\/post"}],"author":[{"embeddable":true,"href":"https:\/\/regiaonews.net.br\/2022\/wp-json\/wp\/v2\/users\/2"}],"replies":[{"embeddable":true,"href":"https:\/\/regiaonews.net.br\/2022\/wp-json\/wp\/v2\/comments?post=92576"}],"version-history":[{"count":2,"href":"https:\/\/regiaonews.net.br\/2022\/wp-json\/wp\/v2\/posts\/92576\/revisions"}],"predecessor-version":[{"id":92580,"href":"https:\/\/regiaonews.net.br\/2022\/wp-json\/wp\/v2\/posts\/92576\/revisions\/92580"}],"wp:featuredmedia":[{"embeddable":true,"href":"https:\/\/regiaonews.net.br\/2022\/wp-json\/wp\/v2\/media\/92578"}],"wp:attachment":[{"href":"https:\/\/regiaonews.net.br\/2022\/wp-json\/wp\/v2\/media?parent=92576"}],"wp:term":[{"taxonomy":"category","embeddable":true,"href":"https:\/\/regiaonews.net.br\/2022\/wp-json\/wp\/v2\/categories?post=92576"},{"taxonomy":"post_tag","embeddable":true,"href":"https:\/\/regiaonews.net.br\/2022\/wp-json\/wp\/v2\/tags?post=92576"}],"curies":[{"name":"wp","href":"https:\/\/api.w.org\/{rel}","templated":true}]}}