{"id":92544,"date":"2023-07-30T09:49:41","date_gmt":"2023-07-30T12:49:41","guid":{"rendered":"https:\/\/regiaonews.net.br\/2022\/?p=92544"},"modified":"2023-07-30T09:49:41","modified_gmt":"2023-07-30T12:49:41","slug":"primeira-fase-da-rota-das-capelas-preve-investimentos-nos-distritos-de-alberto-moreira-e-adolfo-pinto-e-na-regiao-da-minibasilica","status":"publish","type":"post","link":"https:\/\/regiaonews.net.br\/2022\/2023\/07\/30\/primeira-fase-da-rota-das-capelas-preve-investimentos-nos-distritos-de-alberto-moreira-e-adolfo-pinto-e-na-regiao-da-minibasilica\/","title":{"rendered":"Primeira fase da Rota das Capelas prev\u00ea investimentos nos Distritos de Alberto Moreira e Adolfo Pinto e na regi\u00e3o da Minibas\u00edlica"},"content":{"rendered":"<p>Com a proposta de turismo o ano inteiro, circuito tur\u00edstico religioso, esportivo e de peregrina\u00e7\u00e3o receber\u00e1 melhorias na ilumina\u00e7\u00e3o, sinaliza\u00e7\u00e3o, comunica\u00e7\u00e3o visual e instala\u00e7\u00e3o de p\u00f3rticos<\/p>\n<p>A Prefeitura da Est\u00e2ncia Tur\u00edstica de Barretos, por meio da Secretaria Municipal de Planejamento e Desenvolvimento, informa que j\u00e1 est\u00e1 em andamento a implanta\u00e7\u00e3o do \u201cMarco Inicial da Rota das Capelas\u201d, um circuito tur\u00edstico religioso, esportivo e de peregrina\u00e7\u00e3o, que tem in\u00edcio na \u00e1rea urbana e se estende pela zona rural da cidade.<br \/>\nDe acordo com o secret\u00e1rio de Planejamento e Desenvolvimento, Carlos Henrique Gon\u00e7alves L\u00facio, o marco inicial \u00e9 a primeira fase da Rota das Capelas. Com servi\u00e7os realizados a partir da Minibas\u00edlica de Nossa Senhora Aparecida e contemplando as capelas dos distritos de Alberto Moreira e Adolfo Pinto. \u201cEsta primeira etapa vem para valorizar esta vertente da nossa Est\u00e2ncia Tur\u00edstica que \u00e9 o turismo religioso, pois o trajeto tem in\u00edcio na Minibas\u00edlica, r\u00e9plica da Bas\u00edlica do Santu\u00e1rio Nacional de Aparecida \/ SP, passa pela Cidade de Maria, tradicional ponto de peregrina\u00e7\u00e3o do barretense, e segue uma rota repleta de capelas com muito simbolismo para o nosso povo. Al\u00e9m disso, \u00e9 um percurso muito utilizado por ciclistas da nossa cidade\u201d, comentou.<br \/>\nO projeto prev\u00ea a instala\u00e7\u00e3o de postes de ilumina\u00e7\u00e3o, alimentados por energia solar e que funcionam de forma aut\u00f4noma para aumentar a seguran\u00e7a dos turistas, mun\u00edcipes e do tr\u00e2nsito de ve\u00edculos, p\u00f3rticos indicativos, bem como melhorias na sinaliza\u00e7\u00e3o nas proximidades das capelas.<br \/>\nA Rota das Capelas ter\u00e1 um investimento de R$ 1.506.458,95, sendo R$1.410.000,00 em repasse do Departamento de Apoio ao Desenvolvimento dos Munic\u00edpios Tur\u00edsticos \u2013 DADETUR, da Secretaria de Turismo e Viagens do Estado de SP, mais contrapartida municipal de R$96.458,95.<\/p>\n<p>Rota completa<br \/>\nAl\u00e9m das tr\u00eas comunidades religiosas contempladas com a primeira fase das melhorias \u2013 Minibas\u00edlica, Alberto Moreira e Adolfo Pinto &#8211; o circuito completo da Rota das Capelas \u00e9 composto por unidades religiosas nas comunidades de Agua Limpa, Brejinho, Prata, Lagoinha, Contendas, Ibitu, Tr\u00eas Barras, Cachoeirinha e Armour, totalizando 210 km.<\/p>\n<p>Participa\u00e7\u00e3o da Comunidade<br \/>\nA implanta\u00e7\u00e3o da Rota das Capelas em Barretos teve forte participa\u00e7\u00e3o da comunidade local. Na \u00faltima semana, mais uma reuni\u00e3o foi realizada na prefeitura para esclarecer d\u00favidas e receber reivindica\u00e7\u00f5es de um grupo de barretenses. Participaram os secret\u00e1rios municipais de Agricultura e Meio Ambiente, Gra\u00e7a Lemos; Obras, Pl\u00e1cido Martins Junior; e Planejamento, Carlos Henrique Gon\u00e7alves L\u00facio, Marcelo de Santis, representante dos ciclistas do \u201cBonde do Tigr\u00e3o\u201d, e sua esposa Hemine Calil de Santis; e Marcelo Augusto Revolta da Costa, empres\u00e1rio do Distrito de Alberto Moreira.<\/p>\n","protected":false},"excerpt":{"rendered":"<p>Com a proposta de turismo o ano inteiro, circuito tur\u00edstico<\/p>\n","protected":false},"author":2,"featured_media":92545,"comment_status":"open","ping_status":"open","sticky":false,"template":"","format":"standard","meta":{"footnotes":""},"categories":[14,25],"tags":[],"class_list":["post-92544","post","type-post","status-publish","format-standard","has-post-thumbnail","hentry","category-barretos","category-cidades"],"yoast_head":"<!-- This site is optimized with the Yoast SEO plugin v27.5 - https:\/\/yoast.com\/product\/yoast-seo-wordpress\/ -->\n<title>Primeira fase da Rota das Capelas prev\u00ea investimentos nos Distritos de Alberto Moreira e Adolfo Pinto e na regi\u00e3o da Minibas\u00edlica - Regi\u00e3o News<\/title>\n<meta name=\"description\" content=\"Com a proposta de turismo o ano inteiro, circuito tur\u00edstico religioso, esportivo e de peregrina\u00e7\u00e3o receber\u00e1 melhorias na ilumina\u00e7\u00e3o,\" \/>\n<meta name=\"robots\" content=\"index, follow, max-snippet:-1, max-image-preview:large, max-video-preview:-1\" \/>\n<link rel=\"canonical\" href=\"https:\/\/regiaonews.net.br\/2022\/2023\/07\/30\/primeira-fase-da-rota-das-capelas-preve-investimentos-nos-distritos-de-alberto-moreira-e-adolfo-pinto-e-na-regiao-da-minibasilica\/\" \/>\n<meta property=\"og:locale\" content=\"pt_BR\" \/>\n<meta property=\"og:type\" content=\"article\" \/>\n<meta property=\"og:title\" content=\"Primeira fase da Rota das Capelas prev\u00ea investimentos nos Distritos de Alberto Moreira e Adolfo Pinto e na regi\u00e3o da Minibas\u00edlica - Regi\u00e3o News\" \/>\n<meta property=\"og:description\" content=\"Com a proposta de turismo o ano inteiro, circuito tur\u00edstico religioso, esportivo e de peregrina\u00e7\u00e3o receber\u00e1 melhorias na ilumina\u00e7\u00e3o,\" \/>\n<meta property=\"og:url\" content=\"https:\/\/regiaonews.net.br\/2022\/2023\/07\/30\/primeira-fase-da-rota-das-capelas-preve-investimentos-nos-distritos-de-alberto-moreira-e-adolfo-pinto-e-na-regiao-da-minibasilica\/\" \/>\n<meta property=\"og:site_name\" content=\"Regi\u00e3o News\" \/>\n<meta property=\"article:published_time\" content=\"2023-07-30T12:49:41+00:00\" \/>\n<meta property=\"og:image\" content=\"https:\/\/regiaonews.net.br\/2022\/wp-content\/uploads\/2023\/07\/4f9f00f3887efb4a2ac2b70e0b14888b.jpg\" \/>\n\t<meta property=\"og:image:width\" content=\"702\" \/>\n\t<meta property=\"og:image:height\" content=\"439\" \/>\n\t<meta property=\"og:image:type\" content=\"image\/jpeg\" \/>\n<meta name=\"author\" content=\"Roberto\" \/>\n<meta name=\"twitter:card\" content=\"summary_large_image\" \/>\n<meta name=\"twitter:label1\" content=\"Escrito por\" \/>\n\t<meta name=\"twitter:data1\" content=\"Roberto\" \/>\n\t<meta name=\"twitter:label2\" content=\"Est. tempo de leitura\" \/>\n\t<meta name=\"twitter:data2\" content=\"3 minutos\" \/>\n<script type=\"application\/ld+json\" class=\"yoast-schema-graph\">{\"@context\":\"https:\\\/\\\/schema.org\",\"@graph\":[{\"@type\":\"Article\",\"@id\":\"https:\\\/\\\/regiaonews.net.br\\\/2022\\\/2023\\\/07\\\/30\\\/primeira-fase-da-rota-das-capelas-preve-investimentos-nos-distritos-de-alberto-moreira-e-adolfo-pinto-e-na-regiao-da-minibasilica\\\/#article\",\"isPartOf\":{\"@id\":\"https:\\\/\\\/regiaonews.net.br\\\/2022\\\/2023\\\/07\\\/30\\\/primeira-fase-da-rota-das-capelas-preve-investimentos-nos-distritos-de-alberto-moreira-e-adolfo-pinto-e-na-regiao-da-minibasilica\\\/\"},\"author\":{\"name\":\"Roberto\",\"@id\":\"https:\\\/\\\/regiaonews.net.br\\\/2022\\\/#\\\/schema\\\/person\\\/2d205a608a5aa97ac279d7a5e6d89ad8\"},\"headline\":\"Primeira fase da Rota das Capelas prev\u00ea investimentos nos Distritos de Alberto Moreira e Adolfo Pinto e na regi\u00e3o da Minibas\u00edlica\",\"datePublished\":\"2023-07-30T12:49:41+00:00\",\"mainEntityOfPage\":{\"@id\":\"https:\\\/\\\/regiaonews.net.br\\\/2022\\\/2023\\\/07\\\/30\\\/primeira-fase-da-rota-das-capelas-preve-investimentos-nos-distritos-de-alberto-moreira-e-adolfo-pinto-e-na-regiao-da-minibasilica\\\/\"},\"wordCount\":489,\"commentCount\":0,\"publisher\":{\"@id\":\"https:\\\/\\\/regiaonews.net.br\\\/2022\\\/#organization\"},\"image\":{\"@id\":\"https:\\\/\\\/regiaonews.net.br\\\/2022\\\/2023\\\/07\\\/30\\\/primeira-fase-da-rota-das-capelas-preve-investimentos-nos-distritos-de-alberto-moreira-e-adolfo-pinto-e-na-regiao-da-minibasilica\\\/#primaryimage\"},\"thumbnailUrl\":\"https:\\\/\\\/regiaonews.net.br\\\/2022\\\/wp-content\\\/uploads\\\/2023\\\/07\\\/4f9f00f3887efb4a2ac2b70e0b14888b.jpg\",\"articleSection\":[\"Barretos\",\"Cidades\"],\"inLanguage\":\"pt-BR\",\"potentialAction\":[{\"@type\":\"CommentAction\",\"name\":\"Comment\",\"target\":[\"https:\\\/\\\/regiaonews.net.br\\\/2022\\\/2023\\\/07\\\/30\\\/primeira-fase-da-rota-das-capelas-preve-investimentos-nos-distritos-de-alberto-moreira-e-adolfo-pinto-e-na-regiao-da-minibasilica\\\/#respond\"]}]},{\"@type\":\"WebPage\",\"@id\":\"https:\\\/\\\/regiaonews.net.br\\\/2022\\\/2023\\\/07\\\/30\\\/primeira-fase-da-rota-das-capelas-preve-investimentos-nos-distritos-de-alberto-moreira-e-adolfo-pinto-e-na-regiao-da-minibasilica\\\/\",\"url\":\"https:\\\/\\\/regiaonews.net.br\\\/2022\\\/2023\\\/07\\\/30\\\/primeira-fase-da-rota-das-capelas-preve-investimentos-nos-distritos-de-alberto-moreira-e-adolfo-pinto-e-na-regiao-da-minibasilica\\\/\",\"name\":\"Primeira fase da Rota das Capelas prev\u00ea investimentos nos Distritos de Alberto Moreira e Adolfo Pinto e na regi\u00e3o da Minibas\u00edlica - Regi\u00e3o News\",\"isPartOf\":{\"@id\":\"https:\\\/\\\/regiaonews.net.br\\\/2022\\\/#website\"},\"primaryImageOfPage\":{\"@id\":\"https:\\\/\\\/regiaonews.net.br\\\/2022\\\/2023\\\/07\\\/30\\\/primeira-fase-da-rota-das-capelas-preve-investimentos-nos-distritos-de-alberto-moreira-e-adolfo-pinto-e-na-regiao-da-minibasilica\\\/#primaryimage\"},\"image\":{\"@id\":\"https:\\\/\\\/regiaonews.net.br\\\/2022\\\/2023\\\/07\\\/30\\\/primeira-fase-da-rota-das-capelas-preve-investimentos-nos-distritos-de-alberto-moreira-e-adolfo-pinto-e-na-regiao-da-minibasilica\\\/#primaryimage\"},\"thumbnailUrl\":\"https:\\\/\\\/regiaonews.net.br\\\/2022\\\/wp-content\\\/uploads\\\/2023\\\/07\\\/4f9f00f3887efb4a2ac2b70e0b14888b.jpg\",\"datePublished\":\"2023-07-30T12:49:41+00:00\",\"description\":\"Com a proposta de turismo o ano inteiro, circuito tur\u00edstico religioso, esportivo e de peregrina\u00e7\u00e3o receber\u00e1 melhorias na ilumina\u00e7\u00e3o,\",\"breadcrumb\":{\"@id\":\"https:\\\/\\\/regiaonews.net.br\\\/2022\\\/2023\\\/07\\\/30\\\/primeira-fase-da-rota-das-capelas-preve-investimentos-nos-distritos-de-alberto-moreira-e-adolfo-pinto-e-na-regiao-da-minibasilica\\\/#breadcrumb\"},\"inLanguage\":\"pt-BR\",\"potentialAction\":[{\"@type\":\"ReadAction\",\"target\":[\"https:\\\/\\\/regiaonews.net.br\\\/2022\\\/2023\\\/07\\\/30\\\/primeira-fase-da-rota-das-capelas-preve-investimentos-nos-distritos-de-alberto-moreira-e-adolfo-pinto-e-na-regiao-da-minibasilica\\\/\"]}]},{\"@type\":\"ImageObject\",\"inLanguage\":\"pt-BR\",\"@id\":\"https:\\\/\\\/regiaonews.net.br\\\/2022\\\/2023\\\/07\\\/30\\\/primeira-fase-da-rota-das-capelas-preve-investimentos-nos-distritos-de-alberto-moreira-e-adolfo-pinto-e-na-regiao-da-minibasilica\\\/#primaryimage\",\"url\":\"https:\\\/\\\/regiaonews.net.br\\\/2022\\\/wp-content\\\/uploads\\\/2023\\\/07\\\/4f9f00f3887efb4a2ac2b70e0b14888b.jpg\",\"contentUrl\":\"https:\\\/\\\/regiaonews.net.br\\\/2022\\\/wp-content\\\/uploads\\\/2023\\\/07\\\/4f9f00f3887efb4a2ac2b70e0b14888b.jpg\",\"width\":702,\"height\":439},{\"@type\":\"BreadcrumbList\",\"@id\":\"https:\\\/\\\/regiaonews.net.br\\\/2022\\\/2023\\\/07\\\/30\\\/primeira-fase-da-rota-das-capelas-preve-investimentos-nos-distritos-de-alberto-moreira-e-adolfo-pinto-e-na-regiao-da-minibasilica\\\/#breadcrumb\",\"itemListElement\":[{\"@type\":\"ListItem\",\"position\":1,\"name\":\"In\u00edcio\",\"item\":\"https:\\\/\\\/regiaonews.net.br\\\/2022\\\/\"},{\"@type\":\"ListItem\",\"position\":2,\"name\":\"Primeira fase da Rota das Capelas prev\u00ea investimentos nos Distritos de Alberto Moreira e Adolfo Pinto e na regi\u00e3o da Minibas\u00edlica\"}]},{\"@type\":\"WebSite\",\"@id\":\"https:\\\/\\\/regiaonews.net.br\\\/2022\\\/#website\",\"url\":\"https:\\\/\\\/regiaonews.net.br\\\/2022\\\/\",\"name\":\"Regi\u00e3o News\",\"description\":\"Site de Not\u00edcias de Barretos e regi\u00e3o\",\"publisher\":{\"@id\":\"https:\\\/\\\/regiaonews.net.br\\\/2022\\\/#organization\"},\"potentialAction\":[{\"@type\":\"SearchAction\",\"target\":{\"@type\":\"EntryPoint\",\"urlTemplate\":\"https:\\\/\\\/regiaonews.net.br\\\/2022\\\/?s={search_term_string}\"},\"query-input\":{\"@type\":\"PropertyValueSpecification\",\"valueRequired\":true,\"valueName\":\"search_term_string\"}}],\"inLanguage\":\"pt-BR\"},{\"@type\":\"Organization\",\"@id\":\"https:\\\/\\\/regiaonews.net.br\\\/2022\\\/#organization\",\"name\":\"Regi\u00e3o News\",\"url\":\"https:\\\/\\\/regiaonews.net.br\\\/2022\\\/\",\"logo\":{\"@type\":\"ImageObject\",\"inLanguage\":\"pt-BR\",\"@id\":\"https:\\\/\\\/regiaonews.net.br\\\/2022\\\/#\\\/schema\\\/logo\\\/image\\\/\",\"url\":\"https:\\\/\\\/regiaonews.net.br\\\/2022\\\/wp-content\\\/uploads\\\/2026\\\/03\\\/regiao-13-anos-scaled.jpg\",\"contentUrl\":\"https:\\\/\\\/regiaonews.net.br\\\/2022\\\/wp-content\\\/uploads\\\/2026\\\/03\\\/regiao-13-anos-scaled.jpg\",\"width\":2560,\"height\":635,\"caption\":\"Regi\u00e3o News\"},\"image\":{\"@id\":\"https:\\\/\\\/regiaonews.net.br\\\/2022\\\/#\\\/schema\\\/logo\\\/image\\\/\"}},{\"@type\":\"Person\",\"@id\":\"https:\\\/\\\/regiaonews.net.br\\\/2022\\\/#\\\/schema\\\/person\\\/2d205a608a5aa97ac279d7a5e6d89ad8\",\"name\":\"Roberto\",\"image\":{\"@type\":\"ImageObject\",\"inLanguage\":\"pt-BR\",\"@id\":\"https:\\\/\\\/secure.gravatar.com\\\/avatar\\\/42749d8b712ff9d59ca93dc150494e5b55a44134482993f5baeb97e61b7ecc89?s=96&d=mm&r=g\",\"url\":\"https:\\\/\\\/secure.gravatar.com\\\/avatar\\\/42749d8b712ff9d59ca93dc150494e5b55a44134482993f5baeb97e61b7ecc89?s=96&d=mm&r=g\",\"contentUrl\":\"https:\\\/\\\/secure.gravatar.com\\\/avatar\\\/42749d8b712ff9d59ca93dc150494e5b55a44134482993f5baeb97e61b7ecc89?s=96&d=mm&r=g\",\"caption\":\"Roberto\"},\"url\":\"https:\\\/\\\/regiaonews.net.br\\\/2022\\\/author\\\/roberto\\\/\"}]}<\/script>\n<!-- \/ Yoast SEO plugin. -->","yoast_head_json":{"title":"Primeira fase da Rota das Capelas prev\u00ea investimentos nos Distritos de Alberto Moreira e Adolfo Pinto e na regi\u00e3o da Minibas\u00edlica - Regi\u00e3o News","description":"Com a proposta de turismo o ano inteiro, circuito tur\u00edstico religioso, esportivo e de peregrina\u00e7\u00e3o receber\u00e1 melhorias na ilumina\u00e7\u00e3o,","robots":{"index":"index","follow":"follow","max-snippet":"max-snippet:-1","max-image-preview":"max-image-preview:large","max-video-preview":"max-video-preview:-1"},"canonical":"https:\/\/regiaonews.net.br\/2022\/2023\/07\/30\/primeira-fase-da-rota-das-capelas-preve-investimentos-nos-distritos-de-alberto-moreira-e-adolfo-pinto-e-na-regiao-da-minibasilica\/","og_locale":"pt_BR","og_type":"article","og_title":"Primeira fase da Rota das Capelas prev\u00ea investimentos nos Distritos de Alberto Moreira e Adolfo Pinto e na regi\u00e3o da Minibas\u00edlica - Regi\u00e3o News","og_description":"Com a proposta de turismo o ano inteiro, circuito tur\u00edstico religioso, esportivo e de peregrina\u00e7\u00e3o receber\u00e1 melhorias na ilumina\u00e7\u00e3o,","og_url":"https:\/\/regiaonews.net.br\/2022\/2023\/07\/30\/primeira-fase-da-rota-das-capelas-preve-investimentos-nos-distritos-de-alberto-moreira-e-adolfo-pinto-e-na-regiao-da-minibasilica\/","og_site_name":"Regi\u00e3o News","article_published_time":"2023-07-30T12:49:41+00:00","og_image":[{"width":702,"height":439,"url":"https:\/\/regiaonews.net.br\/2022\/wp-content\/uploads\/2023\/07\/4f9f00f3887efb4a2ac2b70e0b14888b.jpg","type":"image\/jpeg"}],"author":"Roberto","twitter_card":"summary_large_image","twitter_misc":{"Escrito por":"Roberto","Est. tempo de leitura":"3 minutos"},"schema":{"@context":"https:\/\/schema.org","@graph":[{"@type":"Article","@id":"https:\/\/regiaonews.net.br\/2022\/2023\/07\/30\/primeira-fase-da-rota-das-capelas-preve-investimentos-nos-distritos-de-alberto-moreira-e-adolfo-pinto-e-na-regiao-da-minibasilica\/#article","isPartOf":{"@id":"https:\/\/regiaonews.net.br\/2022\/2023\/07\/30\/primeira-fase-da-rota-das-capelas-preve-investimentos-nos-distritos-de-alberto-moreira-e-adolfo-pinto-e-na-regiao-da-minibasilica\/"},"author":{"name":"Roberto","@id":"https:\/\/regiaonews.net.br\/2022\/#\/schema\/person\/2d205a608a5aa97ac279d7a5e6d89ad8"},"headline":"Primeira fase da Rota das Capelas prev\u00ea investimentos nos Distritos de Alberto Moreira e Adolfo Pinto e na regi\u00e3o da Minibas\u00edlica","datePublished":"2023-07-30T12:49:41+00:00","mainEntityOfPage":{"@id":"https:\/\/regiaonews.net.br\/2022\/2023\/07\/30\/primeira-fase-da-rota-das-capelas-preve-investimentos-nos-distritos-de-alberto-moreira-e-adolfo-pinto-e-na-regiao-da-minibasilica\/"},"wordCount":489,"commentCount":0,"publisher":{"@id":"https:\/\/regiaonews.net.br\/2022\/#organization"},"image":{"@id":"https:\/\/regiaonews.net.br\/2022\/2023\/07\/30\/primeira-fase-da-rota-das-capelas-preve-investimentos-nos-distritos-de-alberto-moreira-e-adolfo-pinto-e-na-regiao-da-minibasilica\/#primaryimage"},"thumbnailUrl":"https:\/\/regiaonews.net.br\/2022\/wp-content\/uploads\/2023\/07\/4f9f00f3887efb4a2ac2b70e0b14888b.jpg","articleSection":["Barretos","Cidades"],"inLanguage":"pt-BR","potentialAction":[{"@type":"CommentAction","name":"Comment","target":["https:\/\/regiaonews.net.br\/2022\/2023\/07\/30\/primeira-fase-da-rota-das-capelas-preve-investimentos-nos-distritos-de-alberto-moreira-e-adolfo-pinto-e-na-regiao-da-minibasilica\/#respond"]}]},{"@type":"WebPage","@id":"https:\/\/regiaonews.net.br\/2022\/2023\/07\/30\/primeira-fase-da-rota-das-capelas-preve-investimentos-nos-distritos-de-alberto-moreira-e-adolfo-pinto-e-na-regiao-da-minibasilica\/","url":"https:\/\/regiaonews.net.br\/2022\/2023\/07\/30\/primeira-fase-da-rota-das-capelas-preve-investimentos-nos-distritos-de-alberto-moreira-e-adolfo-pinto-e-na-regiao-da-minibasilica\/","name":"Primeira fase da Rota das Capelas prev\u00ea investimentos nos Distritos de Alberto Moreira e Adolfo Pinto e na regi\u00e3o da Minibas\u00edlica - Regi\u00e3o News","isPartOf":{"@id":"https:\/\/regiaonews.net.br\/2022\/#website"},"primaryImageOfPage":{"@id":"https:\/\/regiaonews.net.br\/2022\/2023\/07\/30\/primeira-fase-da-rota-das-capelas-preve-investimentos-nos-distritos-de-alberto-moreira-e-adolfo-pinto-e-na-regiao-da-minibasilica\/#primaryimage"},"image":{"@id":"https:\/\/regiaonews.net.br\/2022\/2023\/07\/30\/primeira-fase-da-rota-das-capelas-preve-investimentos-nos-distritos-de-alberto-moreira-e-adolfo-pinto-e-na-regiao-da-minibasilica\/#primaryimage"},"thumbnailUrl":"https:\/\/regiaonews.net.br\/2022\/wp-content\/uploads\/2023\/07\/4f9f00f3887efb4a2ac2b70e0b14888b.jpg","datePublished":"2023-07-30T12:49:41+00:00","description":"Com a proposta de turismo o ano inteiro, circuito tur\u00edstico religioso, esportivo e de peregrina\u00e7\u00e3o receber\u00e1 melhorias na ilumina\u00e7\u00e3o,","breadcrumb":{"@id":"https:\/\/regiaonews.net.br\/2022\/2023\/07\/30\/primeira-fase-da-rota-das-capelas-preve-investimentos-nos-distritos-de-alberto-moreira-e-adolfo-pinto-e-na-regiao-da-minibasilica\/#breadcrumb"},"inLanguage":"pt-BR","potentialAction":[{"@type":"ReadAction","target":["https:\/\/regiaonews.net.br\/2022\/2023\/07\/30\/primeira-fase-da-rota-das-capelas-preve-investimentos-nos-distritos-de-alberto-moreira-e-adolfo-pinto-e-na-regiao-da-minibasilica\/"]}]},{"@type":"ImageObject","inLanguage":"pt-BR","@id":"https:\/\/regiaonews.net.br\/2022\/2023\/07\/30\/primeira-fase-da-rota-das-capelas-preve-investimentos-nos-distritos-de-alberto-moreira-e-adolfo-pinto-e-na-regiao-da-minibasilica\/#primaryimage","url":"https:\/\/regiaonews.net.br\/2022\/wp-content\/uploads\/2023\/07\/4f9f00f3887efb4a2ac2b70e0b14888b.jpg","contentUrl":"https:\/\/regiaonews.net.br\/2022\/wp-content\/uploads\/2023\/07\/4f9f00f3887efb4a2ac2b70e0b14888b.jpg","width":702,"height":439},{"@type":"BreadcrumbList","@id":"https:\/\/regiaonews.net.br\/2022\/2023\/07\/30\/primeira-fase-da-rota-das-capelas-preve-investimentos-nos-distritos-de-alberto-moreira-e-adolfo-pinto-e-na-regiao-da-minibasilica\/#breadcrumb","itemListElement":[{"@type":"ListItem","position":1,"name":"In\u00edcio","item":"https:\/\/regiaonews.net.br\/2022\/"},{"@type":"ListItem","position":2,"name":"Primeira fase da Rota das Capelas prev\u00ea investimentos nos Distritos de Alberto Moreira e Adolfo Pinto e na regi\u00e3o da Minibas\u00edlica"}]},{"@type":"WebSite","@id":"https:\/\/regiaonews.net.br\/2022\/#website","url":"https:\/\/regiaonews.net.br\/2022\/","name":"Regi\u00e3o News","description":"Site de Not\u00edcias de Barretos e regi\u00e3o","publisher":{"@id":"https:\/\/regiaonews.net.br\/2022\/#organization"},"potentialAction":[{"@type":"SearchAction","target":{"@type":"EntryPoint","urlTemplate":"https:\/\/regiaonews.net.br\/2022\/?s={search_term_string}"},"query-input":{"@type":"PropertyValueSpecification","valueRequired":true,"valueName":"search_term_string"}}],"inLanguage":"pt-BR"},{"@type":"Organization","@id":"https:\/\/regiaonews.net.br\/2022\/#organization","name":"Regi\u00e3o News","url":"https:\/\/regiaonews.net.br\/2022\/","logo":{"@type":"ImageObject","inLanguage":"pt-BR","@id":"https:\/\/regiaonews.net.br\/2022\/#\/schema\/logo\/image\/","url":"https:\/\/regiaonews.net.br\/2022\/wp-content\/uploads\/2026\/03\/regiao-13-anos-scaled.jpg","contentUrl":"https:\/\/regiaonews.net.br\/2022\/wp-content\/uploads\/2026\/03\/regiao-13-anos-scaled.jpg","width":2560,"height":635,"caption":"Regi\u00e3o News"},"image":{"@id":"https:\/\/regiaonews.net.br\/2022\/#\/schema\/logo\/image\/"}},{"@type":"Person","@id":"https:\/\/regiaonews.net.br\/2022\/#\/schema\/person\/2d205a608a5aa97ac279d7a5e6d89ad8","name":"Roberto","image":{"@type":"ImageObject","inLanguage":"pt-BR","@id":"https:\/\/secure.gravatar.com\/avatar\/42749d8b712ff9d59ca93dc150494e5b55a44134482993f5baeb97e61b7ecc89?s=96&d=mm&r=g","url":"https:\/\/secure.gravatar.com\/avatar\/42749d8b712ff9d59ca93dc150494e5b55a44134482993f5baeb97e61b7ecc89?s=96&d=mm&r=g","contentUrl":"https:\/\/secure.gravatar.com\/avatar\/42749d8b712ff9d59ca93dc150494e5b55a44134482993f5baeb97e61b7ecc89?s=96&d=mm&r=g","caption":"Roberto"},"url":"https:\/\/regiaonews.net.br\/2022\/author\/roberto\/"}]}},"publishpress_future_action":{"enabled":false,"date":"2026-05-10 08:03:57","action":"change-status","newStatus":"draft","terms":[],"taxonomy":"category","extraData":[]},"publishpress_future_workflow_manual_trigger":{"enabledWorkflows":[]},"_links":{"self":[{"href":"https:\/\/regiaonews.net.br\/2022\/wp-json\/wp\/v2\/posts\/92544","targetHints":{"allow":["GET"]}}],"collection":[{"href":"https:\/\/regiaonews.net.br\/2022\/wp-json\/wp\/v2\/posts"}],"about":[{"href":"https:\/\/regiaonews.net.br\/2022\/wp-json\/wp\/v2\/types\/post"}],"author":[{"embeddable":true,"href":"https:\/\/regiaonews.net.br\/2022\/wp-json\/wp\/v2\/users\/2"}],"replies":[{"embeddable":true,"href":"https:\/\/regiaonews.net.br\/2022\/wp-json\/wp\/v2\/comments?post=92544"}],"version-history":[{"count":1,"href":"https:\/\/regiaonews.net.br\/2022\/wp-json\/wp\/v2\/posts\/92544\/revisions"}],"predecessor-version":[{"id":92546,"href":"https:\/\/regiaonews.net.br\/2022\/wp-json\/wp\/v2\/posts\/92544\/revisions\/92546"}],"wp:featuredmedia":[{"embeddable":true,"href":"https:\/\/regiaonews.net.br\/2022\/wp-json\/wp\/v2\/media\/92545"}],"wp:attachment":[{"href":"https:\/\/regiaonews.net.br\/2022\/wp-json\/wp\/v2\/media?parent=92544"}],"wp:term":[{"taxonomy":"category","embeddable":true,"href":"https:\/\/regiaonews.net.br\/2022\/wp-json\/wp\/v2\/categories?post=92544"},{"taxonomy":"post_tag","embeddable":true,"href":"https:\/\/regiaonews.net.br\/2022\/wp-json\/wp\/v2\/tags?post=92544"}],"curies":[{"name":"wp","href":"https:\/\/api.w.org\/{rel}","templated":true}]}}