{"id":92445,"date":"2023-07-28T13:22:25","date_gmt":"2023-07-28T16:22:25","guid":{"rendered":"https:\/\/regiaonews.net.br\/2022\/?p=92445"},"modified":"2023-07-28T13:22:25","modified_gmt":"2023-07-28T16:22:25","slug":"eleicao-do-conselho-tutelar-tera-27-candidatos-na-disputa","status":"publish","type":"post","link":"https:\/\/regiaonews.net.br\/2022\/2023\/07\/28\/eleicao-do-conselho-tutelar-tera-27-candidatos-na-disputa\/","title":{"rendered":"Elei\u00e7\u00e3o do Conselho Tutelar ter\u00e1 27 candidatos na disputa"},"content":{"rendered":"<h3 align=\"center\">A vota\u00e7\u00e3o acontecer\u00e1 em Bebedouro, nos distritos de Botafogo, Turv\u00ednea e no povoado de Andes.<\/h3>\n<p>A Prefeitura de Bebedouro informa que o Conselho Municipal dos Direitos da Crian\u00e7a e do Adolescente de Bebedouro (CMDCA), realizou na quinta-feira (13\/07), uma reuni\u00e3o com os 27 candidatos ao Conselho Municipal Tutelar, com in\u00edcio de gest\u00e3o para 2024 a 2028.<\/p>\n<p>Na ocasi\u00e3o, os candidatos participaram da reuni\u00e3o com o Presidente do (CMDCA) Conselho Municipal dos Direitos da Crian\u00e7a e do Adolescente de Bebedouro, Jos\u00e9 de Oliveira, para entenderem as regras do processo seletivo e de como funciona a elei\u00e7\u00e3o, que acontecer\u00e1 no domingo (01\/10), em Bebedouro, distritos e povoado, e contar\u00e1 com urnas eletr\u00f4nicas, cedidas pelo Cart\u00f3rio Eleitoral. A listagem com o nome e o n\u00famero de vota\u00e7\u00e3o dos candidatos ser\u00e1 publicado na quarta-feira (26\/07), no Di\u00e1rio Oficial.<\/p>\n<p>O munic\u00edpio de Bebedouro possui atualmente de 13 conselheiros, sendo 06 da sociedade civil e 07 da \u00e1rea governamental, que comp\u00f5e o Conselho Tutelar, garantindo prote\u00e7\u00e3o e o cumprimento dos direitos de crian\u00e7as e adolescentes, fiscalizando qualquer tipo viola\u00e7\u00e3o ou amea\u00e7a, que resulte nos direitos estabelecidos pelo Estatuto da Crian\u00e7a e do Adolescente (Lei 8069\/90).<\/p>\n<p>&nbsp;<\/p>\n<p><b>Candidatos ao Conselho Tutelar 2024\/2028<\/b><\/p>\n<p>Jo\u00e3o Merchan Ferraz<\/p>\n<p>Elisabete Ferreira da Silva de Carvalho e Silva<\/p>\n<p>Eidi Sueli Pereira dos Santos Aguiar<\/p>\n<p>Elaine Zaiara dos Santos Caram Sabag<\/p>\n<p>Ana Marta Pereira<\/p>\n<p>M\u00e1rcia Cristina dos Santos Pires da Silva<\/p>\n<p>Patr\u00edcia de Brito Seixas Rego<\/p>\n<p>Isabela Caroline Camilo Ferreira<\/p>\n<p>Josiane Aparecida Lopes Montezo<\/p>\n<p>Telma Assump\u00e7\u00e3o Campanini<\/p>\n<p>F\u00e1tima Aparecida Sandrini<\/p>\n<p>Samira Aparecida Mondeneis<\/p>\n<p>Lucilene Aparecida Calor Batista<\/p>\n<p>Regina Cardoso Rixe<\/p>\n<p>Valdir Cardoso dos Santos<\/p>\n<p>Everton Ulian;<\/p>\n<p>Jaqueline Cristina de Souza Marques<\/p>\n<p>Lucimara Castro Souza Ramos<\/p>\n<p>Franciele Priscila Evangelista Cambu\u00ed<\/p>\n<p>Jo\u00e3o Henrique de Souza<\/p>\n<p>Rodrigo Luiz de Oliveira Pereira<\/p>\n<p>Maria Fatima Macedo e Medeiros<\/p>\n<p>Elen Siqueira Soares Martins<\/p>\n<p>Aur\u00e9lia Cristina da Silva<\/p>\n<p>Erley Joyce Moreira<\/p>\n<p>Luana Rafaela de Paula Pereira<\/p>\n<p>Michele Trevizo Gamboni<\/p>\n","protected":false},"excerpt":{"rendered":"<p>A vota\u00e7\u00e3o acontecer\u00e1 em Bebedouro, nos distritos de Botafogo, Turv\u00ednea<\/p>\n","protected":false},"author":2,"featured_media":92446,"comment_status":"open","ping_status":"open","sticky":false,"template":"","format":"standard","meta":{"footnotes":""},"categories":[14,3],"tags":[],"class_list":["post-92445","post","type-post","status-publish","format-standard","has-post-thumbnail","hentry","category-barretos","category-geral"],"yoast_head":"<!-- This site is optimized with the Yoast SEO plugin v27.4 - https:\/\/yoast.com\/product\/yoast-seo-wordpress\/ -->\n<title>Elei\u00e7\u00e3o do Conselho Tutelar ter\u00e1 27 candidatos na disputa - Regi\u00e3o News<\/title>\n<meta name=\"robots\" content=\"index, follow, max-snippet:-1, max-image-preview:large, max-video-preview:-1\" \/>\n<link rel=\"canonical\" href=\"https:\/\/regiaonews.net.br\/2022\/2023\/07\/28\/eleicao-do-conselho-tutelar-tera-27-candidatos-na-disputa\/\" \/>\n<meta property=\"og:locale\" content=\"pt_BR\" \/>\n<meta property=\"og:type\" content=\"article\" \/>\n<meta property=\"og:title\" content=\"Elei\u00e7\u00e3o do Conselho Tutelar ter\u00e1 27 candidatos na disputa - Regi\u00e3o News\" \/>\n<meta property=\"og:description\" content=\"A vota\u00e7\u00e3o acontecer\u00e1 em Bebedouro, nos distritos de Botafogo, Turv\u00ednea\" \/>\n<meta property=\"og:url\" content=\"https:\/\/regiaonews.net.br\/2022\/2023\/07\/28\/eleicao-do-conselho-tutelar-tera-27-candidatos-na-disputa\/\" \/>\n<meta property=\"og:site_name\" content=\"Regi\u00e3o News\" \/>\n<meta property=\"article:published_time\" content=\"2023-07-28T16:22:25+00:00\" \/>\n<meta property=\"og:image\" content=\"https:\/\/regiaonews.net.br\/2022\/wp-content\/uploads\/2023\/07\/01.jpg\" \/>\n\t<meta property=\"og:image:width\" content=\"1600\" \/>\n\t<meta property=\"og:image:height\" content=\"1200\" \/>\n\t<meta property=\"og:image:type\" content=\"image\/jpeg\" \/>\n<meta name=\"author\" content=\"Roberto\" \/>\n<meta name=\"twitter:card\" content=\"summary_large_image\" \/>\n<meta name=\"twitter:label1\" content=\"Escrito por\" \/>\n\t<meta name=\"twitter:data1\" content=\"Roberto\" \/>\n\t<meta name=\"twitter:label2\" content=\"Est. tempo de leitura\" \/>\n\t<meta name=\"twitter:data2\" content=\"2 minutos\" \/>\n<script type=\"application\/ld+json\" class=\"yoast-schema-graph\">{\"@context\":\"https:\\\/\\\/schema.org\",\"@graph\":[{\"@type\":\"Article\",\"@id\":\"https:\\\/\\\/regiaonews.net.br\\\/2022\\\/2023\\\/07\\\/28\\\/eleicao-do-conselho-tutelar-tera-27-candidatos-na-disputa\\\/#article\",\"isPartOf\":{\"@id\":\"https:\\\/\\\/regiaonews.net.br\\\/2022\\\/2023\\\/07\\\/28\\\/eleicao-do-conselho-tutelar-tera-27-candidatos-na-disputa\\\/\"},\"author\":{\"name\":\"Roberto\",\"@id\":\"https:\\\/\\\/regiaonews.net.br\\\/2022\\\/#\\\/schema\\\/person\\\/2d205a608a5aa97ac279d7a5e6d89ad8\"},\"headline\":\"Elei\u00e7\u00e3o do Conselho Tutelar ter\u00e1 27 candidatos na disputa\",\"datePublished\":\"2023-07-28T16:22:25+00:00\",\"mainEntityOfPage\":{\"@id\":\"https:\\\/\\\/regiaonews.net.br\\\/2022\\\/2023\\\/07\\\/28\\\/eleicao-do-conselho-tutelar-tera-27-candidatos-na-disputa\\\/\"},\"wordCount\":336,\"commentCount\":0,\"publisher\":{\"@id\":\"https:\\\/\\\/regiaonews.net.br\\\/2022\\\/#organization\"},\"image\":{\"@id\":\"https:\\\/\\\/regiaonews.net.br\\\/2022\\\/2023\\\/07\\\/28\\\/eleicao-do-conselho-tutelar-tera-27-candidatos-na-disputa\\\/#primaryimage\"},\"thumbnailUrl\":\"https:\\\/\\\/regiaonews.net.br\\\/2022\\\/wp-content\\\/uploads\\\/2023\\\/07\\\/01.jpg\",\"articleSection\":[\"Barretos\",\"Geral\"],\"inLanguage\":\"pt-BR\",\"potentialAction\":[{\"@type\":\"CommentAction\",\"name\":\"Comment\",\"target\":[\"https:\\\/\\\/regiaonews.net.br\\\/2022\\\/2023\\\/07\\\/28\\\/eleicao-do-conselho-tutelar-tera-27-candidatos-na-disputa\\\/#respond\"]}]},{\"@type\":\"WebPage\",\"@id\":\"https:\\\/\\\/regiaonews.net.br\\\/2022\\\/2023\\\/07\\\/28\\\/eleicao-do-conselho-tutelar-tera-27-candidatos-na-disputa\\\/\",\"url\":\"https:\\\/\\\/regiaonews.net.br\\\/2022\\\/2023\\\/07\\\/28\\\/eleicao-do-conselho-tutelar-tera-27-candidatos-na-disputa\\\/\",\"name\":\"Elei\u00e7\u00e3o do Conselho Tutelar ter\u00e1 27 candidatos na disputa - Regi\u00e3o News\",\"isPartOf\":{\"@id\":\"https:\\\/\\\/regiaonews.net.br\\\/2022\\\/#website\"},\"primaryImageOfPage\":{\"@id\":\"https:\\\/\\\/regiaonews.net.br\\\/2022\\\/2023\\\/07\\\/28\\\/eleicao-do-conselho-tutelar-tera-27-candidatos-na-disputa\\\/#primaryimage\"},\"image\":{\"@id\":\"https:\\\/\\\/regiaonews.net.br\\\/2022\\\/2023\\\/07\\\/28\\\/eleicao-do-conselho-tutelar-tera-27-candidatos-na-disputa\\\/#primaryimage\"},\"thumbnailUrl\":\"https:\\\/\\\/regiaonews.net.br\\\/2022\\\/wp-content\\\/uploads\\\/2023\\\/07\\\/01.jpg\",\"datePublished\":\"2023-07-28T16:22:25+00:00\",\"breadcrumb\":{\"@id\":\"https:\\\/\\\/regiaonews.net.br\\\/2022\\\/2023\\\/07\\\/28\\\/eleicao-do-conselho-tutelar-tera-27-candidatos-na-disputa\\\/#breadcrumb\"},\"inLanguage\":\"pt-BR\",\"potentialAction\":[{\"@type\":\"ReadAction\",\"target\":[\"https:\\\/\\\/regiaonews.net.br\\\/2022\\\/2023\\\/07\\\/28\\\/eleicao-do-conselho-tutelar-tera-27-candidatos-na-disputa\\\/\"]}]},{\"@type\":\"ImageObject\",\"inLanguage\":\"pt-BR\",\"@id\":\"https:\\\/\\\/regiaonews.net.br\\\/2022\\\/2023\\\/07\\\/28\\\/eleicao-do-conselho-tutelar-tera-27-candidatos-na-disputa\\\/#primaryimage\",\"url\":\"https:\\\/\\\/regiaonews.net.br\\\/2022\\\/wp-content\\\/uploads\\\/2023\\\/07\\\/01.jpg\",\"contentUrl\":\"https:\\\/\\\/regiaonews.net.br\\\/2022\\\/wp-content\\\/uploads\\\/2023\\\/07\\\/01.jpg\",\"width\":1600,\"height\":1200},{\"@type\":\"BreadcrumbList\",\"@id\":\"https:\\\/\\\/regiaonews.net.br\\\/2022\\\/2023\\\/07\\\/28\\\/eleicao-do-conselho-tutelar-tera-27-candidatos-na-disputa\\\/#breadcrumb\",\"itemListElement\":[{\"@type\":\"ListItem\",\"position\":1,\"name\":\"In\u00edcio\",\"item\":\"https:\\\/\\\/regiaonews.net.br\\\/2022\\\/\"},{\"@type\":\"ListItem\",\"position\":2,\"name\":\"Elei\u00e7\u00e3o do Conselho Tutelar ter\u00e1 27 candidatos na disputa\"}]},{\"@type\":\"WebSite\",\"@id\":\"https:\\\/\\\/regiaonews.net.br\\\/2022\\\/#website\",\"url\":\"https:\\\/\\\/regiaonews.net.br\\\/2022\\\/\",\"name\":\"Regi\u00e3o News\",\"description\":\"Site de Not\u00edcias de Barretos e regi\u00e3o\",\"publisher\":{\"@id\":\"https:\\\/\\\/regiaonews.net.br\\\/2022\\\/#organization\"},\"potentialAction\":[{\"@type\":\"SearchAction\",\"target\":{\"@type\":\"EntryPoint\",\"urlTemplate\":\"https:\\\/\\\/regiaonews.net.br\\\/2022\\\/?s={search_term_string}\"},\"query-input\":{\"@type\":\"PropertyValueSpecification\",\"valueRequired\":true,\"valueName\":\"search_term_string\"}}],\"inLanguage\":\"pt-BR\"},{\"@type\":\"Organization\",\"@id\":\"https:\\\/\\\/regiaonews.net.br\\\/2022\\\/#organization\",\"name\":\"Regi\u00e3o News\",\"url\":\"https:\\\/\\\/regiaonews.net.br\\\/2022\\\/\",\"logo\":{\"@type\":\"ImageObject\",\"inLanguage\":\"pt-BR\",\"@id\":\"https:\\\/\\\/regiaonews.net.br\\\/2022\\\/#\\\/schema\\\/logo\\\/image\\\/\",\"url\":\"https:\\\/\\\/regiaonews.net.br\\\/2022\\\/wp-content\\\/uploads\\\/2026\\\/03\\\/regiao-13-anos-scaled.jpg\",\"contentUrl\":\"https:\\\/\\\/regiaonews.net.br\\\/2022\\\/wp-content\\\/uploads\\\/2026\\\/03\\\/regiao-13-anos-scaled.jpg\",\"width\":2560,\"height\":635,\"caption\":\"Regi\u00e3o News\"},\"image\":{\"@id\":\"https:\\\/\\\/regiaonews.net.br\\\/2022\\\/#\\\/schema\\\/logo\\\/image\\\/\"}},{\"@type\":\"Person\",\"@id\":\"https:\\\/\\\/regiaonews.net.br\\\/2022\\\/#\\\/schema\\\/person\\\/2d205a608a5aa97ac279d7a5e6d89ad8\",\"name\":\"Roberto\",\"image\":{\"@type\":\"ImageObject\",\"inLanguage\":\"pt-BR\",\"@id\":\"https:\\\/\\\/secure.gravatar.com\\\/avatar\\\/42749d8b712ff9d59ca93dc150494e5b55a44134482993f5baeb97e61b7ecc89?s=96&d=mm&r=g\",\"url\":\"https:\\\/\\\/secure.gravatar.com\\\/avatar\\\/42749d8b712ff9d59ca93dc150494e5b55a44134482993f5baeb97e61b7ecc89?s=96&d=mm&r=g\",\"contentUrl\":\"https:\\\/\\\/secure.gravatar.com\\\/avatar\\\/42749d8b712ff9d59ca93dc150494e5b55a44134482993f5baeb97e61b7ecc89?s=96&d=mm&r=g\",\"caption\":\"Roberto\"},\"url\":\"https:\\\/\\\/regiaonews.net.br\\\/2022\\\/author\\\/roberto\\\/\"}]}<\/script>\n<!-- \/ Yoast SEO plugin. -->","yoast_head_json":{"title":"Elei\u00e7\u00e3o do Conselho Tutelar ter\u00e1 27 candidatos na disputa - Regi\u00e3o News","robots":{"index":"index","follow":"follow","max-snippet":"max-snippet:-1","max-image-preview":"max-image-preview:large","max-video-preview":"max-video-preview:-1"},"canonical":"https:\/\/regiaonews.net.br\/2022\/2023\/07\/28\/eleicao-do-conselho-tutelar-tera-27-candidatos-na-disputa\/","og_locale":"pt_BR","og_type":"article","og_title":"Elei\u00e7\u00e3o do Conselho Tutelar ter\u00e1 27 candidatos na disputa - Regi\u00e3o News","og_description":"A vota\u00e7\u00e3o acontecer\u00e1 em Bebedouro, nos distritos de Botafogo, Turv\u00ednea","og_url":"https:\/\/regiaonews.net.br\/2022\/2023\/07\/28\/eleicao-do-conselho-tutelar-tera-27-candidatos-na-disputa\/","og_site_name":"Regi\u00e3o News","article_published_time":"2023-07-28T16:22:25+00:00","og_image":[{"width":1600,"height":1200,"url":"https:\/\/regiaonews.net.br\/2022\/wp-content\/uploads\/2023\/07\/01.jpg","type":"image\/jpeg"}],"author":"Roberto","twitter_card":"summary_large_image","twitter_misc":{"Escrito por":"Roberto","Est. tempo de leitura":"2 minutos"},"schema":{"@context":"https:\/\/schema.org","@graph":[{"@type":"Article","@id":"https:\/\/regiaonews.net.br\/2022\/2023\/07\/28\/eleicao-do-conselho-tutelar-tera-27-candidatos-na-disputa\/#article","isPartOf":{"@id":"https:\/\/regiaonews.net.br\/2022\/2023\/07\/28\/eleicao-do-conselho-tutelar-tera-27-candidatos-na-disputa\/"},"author":{"name":"Roberto","@id":"https:\/\/regiaonews.net.br\/2022\/#\/schema\/person\/2d205a608a5aa97ac279d7a5e6d89ad8"},"headline":"Elei\u00e7\u00e3o do Conselho Tutelar ter\u00e1 27 candidatos na disputa","datePublished":"2023-07-28T16:22:25+00:00","mainEntityOfPage":{"@id":"https:\/\/regiaonews.net.br\/2022\/2023\/07\/28\/eleicao-do-conselho-tutelar-tera-27-candidatos-na-disputa\/"},"wordCount":336,"commentCount":0,"publisher":{"@id":"https:\/\/regiaonews.net.br\/2022\/#organization"},"image":{"@id":"https:\/\/regiaonews.net.br\/2022\/2023\/07\/28\/eleicao-do-conselho-tutelar-tera-27-candidatos-na-disputa\/#primaryimage"},"thumbnailUrl":"https:\/\/regiaonews.net.br\/2022\/wp-content\/uploads\/2023\/07\/01.jpg","articleSection":["Barretos","Geral"],"inLanguage":"pt-BR","potentialAction":[{"@type":"CommentAction","name":"Comment","target":["https:\/\/regiaonews.net.br\/2022\/2023\/07\/28\/eleicao-do-conselho-tutelar-tera-27-candidatos-na-disputa\/#respond"]}]},{"@type":"WebPage","@id":"https:\/\/regiaonews.net.br\/2022\/2023\/07\/28\/eleicao-do-conselho-tutelar-tera-27-candidatos-na-disputa\/","url":"https:\/\/regiaonews.net.br\/2022\/2023\/07\/28\/eleicao-do-conselho-tutelar-tera-27-candidatos-na-disputa\/","name":"Elei\u00e7\u00e3o do Conselho Tutelar ter\u00e1 27 candidatos na disputa - Regi\u00e3o News","isPartOf":{"@id":"https:\/\/regiaonews.net.br\/2022\/#website"},"primaryImageOfPage":{"@id":"https:\/\/regiaonews.net.br\/2022\/2023\/07\/28\/eleicao-do-conselho-tutelar-tera-27-candidatos-na-disputa\/#primaryimage"},"image":{"@id":"https:\/\/regiaonews.net.br\/2022\/2023\/07\/28\/eleicao-do-conselho-tutelar-tera-27-candidatos-na-disputa\/#primaryimage"},"thumbnailUrl":"https:\/\/regiaonews.net.br\/2022\/wp-content\/uploads\/2023\/07\/01.jpg","datePublished":"2023-07-28T16:22:25+00:00","breadcrumb":{"@id":"https:\/\/regiaonews.net.br\/2022\/2023\/07\/28\/eleicao-do-conselho-tutelar-tera-27-candidatos-na-disputa\/#breadcrumb"},"inLanguage":"pt-BR","potentialAction":[{"@type":"ReadAction","target":["https:\/\/regiaonews.net.br\/2022\/2023\/07\/28\/eleicao-do-conselho-tutelar-tera-27-candidatos-na-disputa\/"]}]},{"@type":"ImageObject","inLanguage":"pt-BR","@id":"https:\/\/regiaonews.net.br\/2022\/2023\/07\/28\/eleicao-do-conselho-tutelar-tera-27-candidatos-na-disputa\/#primaryimage","url":"https:\/\/regiaonews.net.br\/2022\/wp-content\/uploads\/2023\/07\/01.jpg","contentUrl":"https:\/\/regiaonews.net.br\/2022\/wp-content\/uploads\/2023\/07\/01.jpg","width":1600,"height":1200},{"@type":"BreadcrumbList","@id":"https:\/\/regiaonews.net.br\/2022\/2023\/07\/28\/eleicao-do-conselho-tutelar-tera-27-candidatos-na-disputa\/#breadcrumb","itemListElement":[{"@type":"ListItem","position":1,"name":"In\u00edcio","item":"https:\/\/regiaonews.net.br\/2022\/"},{"@type":"ListItem","position":2,"name":"Elei\u00e7\u00e3o do Conselho Tutelar ter\u00e1 27 candidatos na disputa"}]},{"@type":"WebSite","@id":"https:\/\/regiaonews.net.br\/2022\/#website","url":"https:\/\/regiaonews.net.br\/2022\/","name":"Regi\u00e3o News","description":"Site de Not\u00edcias de Barretos e regi\u00e3o","publisher":{"@id":"https:\/\/regiaonews.net.br\/2022\/#organization"},"potentialAction":[{"@type":"SearchAction","target":{"@type":"EntryPoint","urlTemplate":"https:\/\/regiaonews.net.br\/2022\/?s={search_term_string}"},"query-input":{"@type":"PropertyValueSpecification","valueRequired":true,"valueName":"search_term_string"}}],"inLanguage":"pt-BR"},{"@type":"Organization","@id":"https:\/\/regiaonews.net.br\/2022\/#organization","name":"Regi\u00e3o News","url":"https:\/\/regiaonews.net.br\/2022\/","logo":{"@type":"ImageObject","inLanguage":"pt-BR","@id":"https:\/\/regiaonews.net.br\/2022\/#\/schema\/logo\/image\/","url":"https:\/\/regiaonews.net.br\/2022\/wp-content\/uploads\/2026\/03\/regiao-13-anos-scaled.jpg","contentUrl":"https:\/\/regiaonews.net.br\/2022\/wp-content\/uploads\/2026\/03\/regiao-13-anos-scaled.jpg","width":2560,"height":635,"caption":"Regi\u00e3o News"},"image":{"@id":"https:\/\/regiaonews.net.br\/2022\/#\/schema\/logo\/image\/"}},{"@type":"Person","@id":"https:\/\/regiaonews.net.br\/2022\/#\/schema\/person\/2d205a608a5aa97ac279d7a5e6d89ad8","name":"Roberto","image":{"@type":"ImageObject","inLanguage":"pt-BR","@id":"https:\/\/secure.gravatar.com\/avatar\/42749d8b712ff9d59ca93dc150494e5b55a44134482993f5baeb97e61b7ecc89?s=96&d=mm&r=g","url":"https:\/\/secure.gravatar.com\/avatar\/42749d8b712ff9d59ca93dc150494e5b55a44134482993f5baeb97e61b7ecc89?s=96&d=mm&r=g","contentUrl":"https:\/\/secure.gravatar.com\/avatar\/42749d8b712ff9d59ca93dc150494e5b55a44134482993f5baeb97e61b7ecc89?s=96&d=mm&r=g","caption":"Roberto"},"url":"https:\/\/regiaonews.net.br\/2022\/author\/roberto\/"}]}},"publishpress_future_action":{"enabled":false,"date":"2026-05-03 02:31:35","action":"change-status","newStatus":"draft","terms":[],"taxonomy":"category","extraData":[]},"publishpress_future_workflow_manual_trigger":{"enabledWorkflows":[]},"_links":{"self":[{"href":"https:\/\/regiaonews.net.br\/2022\/wp-json\/wp\/v2\/posts\/92445","targetHints":{"allow":["GET"]}}],"collection":[{"href":"https:\/\/regiaonews.net.br\/2022\/wp-json\/wp\/v2\/posts"}],"about":[{"href":"https:\/\/regiaonews.net.br\/2022\/wp-json\/wp\/v2\/types\/post"}],"author":[{"embeddable":true,"href":"https:\/\/regiaonews.net.br\/2022\/wp-json\/wp\/v2\/users\/2"}],"replies":[{"embeddable":true,"href":"https:\/\/regiaonews.net.br\/2022\/wp-json\/wp\/v2\/comments?post=92445"}],"version-history":[{"count":1,"href":"https:\/\/regiaonews.net.br\/2022\/wp-json\/wp\/v2\/posts\/92445\/revisions"}],"predecessor-version":[{"id":92447,"href":"https:\/\/regiaonews.net.br\/2022\/wp-json\/wp\/v2\/posts\/92445\/revisions\/92447"}],"wp:featuredmedia":[{"embeddable":true,"href":"https:\/\/regiaonews.net.br\/2022\/wp-json\/wp\/v2\/media\/92446"}],"wp:attachment":[{"href":"https:\/\/regiaonews.net.br\/2022\/wp-json\/wp\/v2\/media?parent=92445"}],"wp:term":[{"taxonomy":"category","embeddable":true,"href":"https:\/\/regiaonews.net.br\/2022\/wp-json\/wp\/v2\/categories?post=92445"},{"taxonomy":"post_tag","embeddable":true,"href":"https:\/\/regiaonews.net.br\/2022\/wp-json\/wp\/v2\/tags?post=92445"}],"curies":[{"name":"wp","href":"https:\/\/api.w.org\/{rel}","templated":true}]}}