{"id":92439,"date":"2023-07-28T10:19:04","date_gmt":"2023-07-28T13:19:04","guid":{"rendered":"https:\/\/regiaonews.net.br\/2022\/?p=92439"},"modified":"2023-07-28T10:19:04","modified_gmt":"2023-07-28T13:19:04","slug":"aplicativo-ouvidoria-barretos-passa-por-atualizacao-e-agora-e-barretos-digital","status":"publish","type":"post","link":"https:\/\/regiaonews.net.br\/2022\/2023\/07\/28\/aplicativo-ouvidoria-barretos-passa-por-atualizacao-e-agora-e-barretos-digital\/","title":{"rendered":"Aplicativo Ouvidoria Barretos passa por atualiza\u00e7\u00e3o e agora \u00e9 Barretos Digital"},"content":{"rendered":"<h3 style=\"text-align: center;\">Dispon\u00edvel para iOS e Android, plataforma oferece diversos servi\u00e7os municipais, facilitando a intera\u00e7\u00e3o do cidad\u00e3o.<\/h3>\n<div>O aplicativo Ouvidoria Barretos, lan\u00e7ado em 2022, foi atualizado com a amplia\u00e7\u00e3o dos servi\u00e7os oferecidos. A nova vers\u00e3o se chama Barretos Digital e est\u00e1 mais simples, garantindo inova\u00e7\u00e3o, agilidade e acessibilidade para todos os cidad\u00e3os.<\/div>\n<div>O Ouvidor Geral do Munic\u00edpio, Danilo Mendes, destacou a praticidade do aplicativo. \u201cO novo app \u00e9 mais funcional e foi pensado para modernizar e facilitar o atendimento das demandas do cidad\u00e3o, que podem registrar reclama\u00e7\u00f5es, dar sugest\u00f5es e ficar informado do que acontece na cidade\u201d, comentou.<\/div>\n<div>Na guia \u201cAtendimento ao Cidad\u00e3o\u201d \u00e9 poss\u00edvel efetuar den\u00fancias, reclama\u00e7\u00f5es, sugest\u00f5es, solicita\u00e7\u00f5es, realizar elogios e solicitar informa\u00e7\u00f5es, inclusive com envio de fotos e op\u00e7\u00e3o de manifesta\u00e7\u00e3o an\u00f4nima. J\u00e1 na guia \u201cCarta de Servi\u00e7os\u201d, o barretense pode acessar legisla\u00e7\u00e3o e tributos municipais, portal da transpar\u00eancia, obter 2\u00aa via e cadastrar seu im\u00f3vel para o IPTU Digital, al\u00e9m de outros diversos servi\u00e7os.<\/div>\n<div>O ouvidor ressalta que o dispositivo tamb\u00e9m possui campos para direcionamento para importantes aplicativos da cidade. \u201cCom ele \u00e9 poss\u00edvel ser direcionado para fazer o download dos aplicativos Barretos Inteligente, onde o cidad\u00e3o pode solicitar a manuten\u00e7\u00e3o no servi\u00e7o de ilumina\u00e7\u00e3o p\u00fablica, e Zona Azul, respons\u00e1vel pelo estacionamento rotativo\u201d, explicou.<\/div>\n<div>Pelo aplicativo tamb\u00e9m \u00e9 poss\u00edvel acompanhar a Folha de Barretos, not\u00edcias e redes sociais da prefeitura. Para os visitantes da cidade tamb\u00e9m \u00e9 disponibilizado um Guia Tur\u00edstico e um campo especial que conta a hist\u00f3ria de Barretos.<\/div>\n<div>O app \u00e9 gratuito e pode ser baixado em celulares Android e iOS, basta buscar pelo nome \u201cBarretos Digital\u201d na sua loja de aplicativos. O cidad\u00e3o tamb\u00e9m pode acessar a plataforma pelo site\u00a0<a href=\"https:\/\/barretos.g2canal.com.br\/\" target=\"_blank\" rel=\"noopener\" data-saferedirecturl=\"https:\/\/www.google.com\/url?q=https:\/\/barretos.g2canal.com.br\/&amp;source=gmail&amp;ust=1690636488134000&amp;usg=AOvVaw0nd7O8h0ygx48Y0ZQy295V\">https:\/\/barretos.g2canal.com.<wbr \/>br\/<\/a>. Nas duas op\u00e7\u00f5es, \u00e9 preciso cadastrar um e-mail e senha para poder utilizar a nova ferramenta e acompanhar o atendimento de suas solicita\u00e7\u00f5es.<\/div>\n<div><b>\u00a0<\/b><\/div>\n<div>Fonte &#8211; Prefeitura Municipal de Barretos.<\/div>\n","protected":false},"excerpt":{"rendered":"<p>Dispon\u00edvel para iOS e Android, plataforma oferece diversos servi\u00e7os municipais,<\/p>\n","protected":false},"author":2,"featured_media":92440,"comment_status":"open","ping_status":"open","sticky":false,"template":"","format":"standard","meta":{"footnotes":""},"categories":[14,3],"tags":[],"class_list":["post-92439","post","type-post","status-publish","format-standard","has-post-thumbnail","hentry","category-barretos","category-geral"],"yoast_head":"<!-- This site is optimized with the Yoast SEO plugin v27.4 - https:\/\/yoast.com\/product\/yoast-seo-wordpress\/ -->\n<title>Aplicativo Ouvidoria Barretos passa por atualiza\u00e7\u00e3o e agora \u00e9 Barretos Digital - Regi\u00e3o News<\/title>\n<meta name=\"robots\" content=\"index, follow, max-snippet:-1, max-image-preview:large, max-video-preview:-1\" \/>\n<link rel=\"canonical\" href=\"https:\/\/regiaonews.net.br\/2022\/2023\/07\/28\/aplicativo-ouvidoria-barretos-passa-por-atualizacao-e-agora-e-barretos-digital\/\" \/>\n<meta property=\"og:locale\" content=\"pt_BR\" \/>\n<meta property=\"og:type\" content=\"article\" \/>\n<meta property=\"og:title\" content=\"Aplicativo Ouvidoria Barretos passa por atualiza\u00e7\u00e3o e agora \u00e9 Barretos Digital - Regi\u00e3o News\" \/>\n<meta property=\"og:description\" content=\"Dispon\u00edvel para iOS e Android, plataforma oferece diversos servi\u00e7os municipais,\" \/>\n<meta property=\"og:url\" content=\"https:\/\/regiaonews.net.br\/2022\/2023\/07\/28\/aplicativo-ouvidoria-barretos-passa-por-atualizacao-e-agora-e-barretos-digital\/\" \/>\n<meta property=\"og:site_name\" content=\"Regi\u00e3o News\" \/>\n<meta property=\"article:published_time\" content=\"2023-07-28T13:19:04+00:00\" \/>\n<meta property=\"og:image\" content=\"https:\/\/regiaonews.net.br\/2022\/wp-content\/uploads\/2023\/07\/96da2f590cd7246bbde0051047b0d6f7.jpeg\" \/>\n\t<meta property=\"og:image:width\" content=\"1080\" \/>\n\t<meta property=\"og:image:height\" content=\"1080\" \/>\n\t<meta property=\"og:image:type\" content=\"image\/jpeg\" \/>\n<meta name=\"author\" content=\"Roberto\" \/>\n<meta name=\"twitter:card\" content=\"summary_large_image\" \/>\n<meta name=\"twitter:label1\" content=\"Escrito por\" \/>\n\t<meta name=\"twitter:data1\" content=\"Roberto\" \/>\n\t<meta name=\"twitter:label2\" content=\"Est. tempo de leitura\" \/>\n\t<meta name=\"twitter:data2\" content=\"2 minutos\" \/>\n<script type=\"application\/ld+json\" class=\"yoast-schema-graph\">{\"@context\":\"https:\\\/\\\/schema.org\",\"@graph\":[{\"@type\":\"Article\",\"@id\":\"https:\\\/\\\/regiaonews.net.br\\\/2022\\\/2023\\\/07\\\/28\\\/aplicativo-ouvidoria-barretos-passa-por-atualizacao-e-agora-e-barretos-digital\\\/#article\",\"isPartOf\":{\"@id\":\"https:\\\/\\\/regiaonews.net.br\\\/2022\\\/2023\\\/07\\\/28\\\/aplicativo-ouvidoria-barretos-passa-por-atualizacao-e-agora-e-barretos-digital\\\/\"},\"author\":{\"name\":\"Roberto\",\"@id\":\"https:\\\/\\\/regiaonews.net.br\\\/2022\\\/#\\\/schema\\\/person\\\/2d205a608a5aa97ac279d7a5e6d89ad8\"},\"headline\":\"Aplicativo Ouvidoria Barretos passa por atualiza\u00e7\u00e3o e agora \u00e9 Barretos Digital\",\"datePublished\":\"2023-07-28T13:19:04+00:00\",\"mainEntityOfPage\":{\"@id\":\"https:\\\/\\\/regiaonews.net.br\\\/2022\\\/2023\\\/07\\\/28\\\/aplicativo-ouvidoria-barretos-passa-por-atualizacao-e-agora-e-barretos-digital\\\/\"},\"wordCount\":361,\"commentCount\":0,\"publisher\":{\"@id\":\"https:\\\/\\\/regiaonews.net.br\\\/2022\\\/#organization\"},\"image\":{\"@id\":\"https:\\\/\\\/regiaonews.net.br\\\/2022\\\/2023\\\/07\\\/28\\\/aplicativo-ouvidoria-barretos-passa-por-atualizacao-e-agora-e-barretos-digital\\\/#primaryimage\"},\"thumbnailUrl\":\"https:\\\/\\\/regiaonews.net.br\\\/2022\\\/wp-content\\\/uploads\\\/2023\\\/07\\\/96da2f590cd7246bbde0051047b0d6f7.jpeg\",\"articleSection\":[\"Barretos\",\"Geral\"],\"inLanguage\":\"pt-BR\",\"potentialAction\":[{\"@type\":\"CommentAction\",\"name\":\"Comment\",\"target\":[\"https:\\\/\\\/regiaonews.net.br\\\/2022\\\/2023\\\/07\\\/28\\\/aplicativo-ouvidoria-barretos-passa-por-atualizacao-e-agora-e-barretos-digital\\\/#respond\"]}]},{\"@type\":\"WebPage\",\"@id\":\"https:\\\/\\\/regiaonews.net.br\\\/2022\\\/2023\\\/07\\\/28\\\/aplicativo-ouvidoria-barretos-passa-por-atualizacao-e-agora-e-barretos-digital\\\/\",\"url\":\"https:\\\/\\\/regiaonews.net.br\\\/2022\\\/2023\\\/07\\\/28\\\/aplicativo-ouvidoria-barretos-passa-por-atualizacao-e-agora-e-barretos-digital\\\/\",\"name\":\"Aplicativo Ouvidoria Barretos passa por atualiza\u00e7\u00e3o e agora \u00e9 Barretos Digital - Regi\u00e3o News\",\"isPartOf\":{\"@id\":\"https:\\\/\\\/regiaonews.net.br\\\/2022\\\/#website\"},\"primaryImageOfPage\":{\"@id\":\"https:\\\/\\\/regiaonews.net.br\\\/2022\\\/2023\\\/07\\\/28\\\/aplicativo-ouvidoria-barretos-passa-por-atualizacao-e-agora-e-barretos-digital\\\/#primaryimage\"},\"image\":{\"@id\":\"https:\\\/\\\/regiaonews.net.br\\\/2022\\\/2023\\\/07\\\/28\\\/aplicativo-ouvidoria-barretos-passa-por-atualizacao-e-agora-e-barretos-digital\\\/#primaryimage\"},\"thumbnailUrl\":\"https:\\\/\\\/regiaonews.net.br\\\/2022\\\/wp-content\\\/uploads\\\/2023\\\/07\\\/96da2f590cd7246bbde0051047b0d6f7.jpeg\",\"datePublished\":\"2023-07-28T13:19:04+00:00\",\"breadcrumb\":{\"@id\":\"https:\\\/\\\/regiaonews.net.br\\\/2022\\\/2023\\\/07\\\/28\\\/aplicativo-ouvidoria-barretos-passa-por-atualizacao-e-agora-e-barretos-digital\\\/#breadcrumb\"},\"inLanguage\":\"pt-BR\",\"potentialAction\":[{\"@type\":\"ReadAction\",\"target\":[\"https:\\\/\\\/regiaonews.net.br\\\/2022\\\/2023\\\/07\\\/28\\\/aplicativo-ouvidoria-barretos-passa-por-atualizacao-e-agora-e-barretos-digital\\\/\"]}]},{\"@type\":\"ImageObject\",\"inLanguage\":\"pt-BR\",\"@id\":\"https:\\\/\\\/regiaonews.net.br\\\/2022\\\/2023\\\/07\\\/28\\\/aplicativo-ouvidoria-barretos-passa-por-atualizacao-e-agora-e-barretos-digital\\\/#primaryimage\",\"url\":\"https:\\\/\\\/regiaonews.net.br\\\/2022\\\/wp-content\\\/uploads\\\/2023\\\/07\\\/96da2f590cd7246bbde0051047b0d6f7.jpeg\",\"contentUrl\":\"https:\\\/\\\/regiaonews.net.br\\\/2022\\\/wp-content\\\/uploads\\\/2023\\\/07\\\/96da2f590cd7246bbde0051047b0d6f7.jpeg\",\"width\":1080,\"height\":1080},{\"@type\":\"BreadcrumbList\",\"@id\":\"https:\\\/\\\/regiaonews.net.br\\\/2022\\\/2023\\\/07\\\/28\\\/aplicativo-ouvidoria-barretos-passa-por-atualizacao-e-agora-e-barretos-digital\\\/#breadcrumb\",\"itemListElement\":[{\"@type\":\"ListItem\",\"position\":1,\"name\":\"In\u00edcio\",\"item\":\"https:\\\/\\\/regiaonews.net.br\\\/2022\\\/\"},{\"@type\":\"ListItem\",\"position\":2,\"name\":\"Aplicativo Ouvidoria Barretos passa por atualiza\u00e7\u00e3o e agora \u00e9 Barretos Digital\"}]},{\"@type\":\"WebSite\",\"@id\":\"https:\\\/\\\/regiaonews.net.br\\\/2022\\\/#website\",\"url\":\"https:\\\/\\\/regiaonews.net.br\\\/2022\\\/\",\"name\":\"Regi\u00e3o News\",\"description\":\"Site de Not\u00edcias de Barretos e regi\u00e3o\",\"publisher\":{\"@id\":\"https:\\\/\\\/regiaonews.net.br\\\/2022\\\/#organization\"},\"potentialAction\":[{\"@type\":\"SearchAction\",\"target\":{\"@type\":\"EntryPoint\",\"urlTemplate\":\"https:\\\/\\\/regiaonews.net.br\\\/2022\\\/?s={search_term_string}\"},\"query-input\":{\"@type\":\"PropertyValueSpecification\",\"valueRequired\":true,\"valueName\":\"search_term_string\"}}],\"inLanguage\":\"pt-BR\"},{\"@type\":\"Organization\",\"@id\":\"https:\\\/\\\/regiaonews.net.br\\\/2022\\\/#organization\",\"name\":\"Regi\u00e3o News\",\"url\":\"https:\\\/\\\/regiaonews.net.br\\\/2022\\\/\",\"logo\":{\"@type\":\"ImageObject\",\"inLanguage\":\"pt-BR\",\"@id\":\"https:\\\/\\\/regiaonews.net.br\\\/2022\\\/#\\\/schema\\\/logo\\\/image\\\/\",\"url\":\"https:\\\/\\\/regiaonews.net.br\\\/2022\\\/wp-content\\\/uploads\\\/2026\\\/03\\\/regiao-13-anos-scaled.jpg\",\"contentUrl\":\"https:\\\/\\\/regiaonews.net.br\\\/2022\\\/wp-content\\\/uploads\\\/2026\\\/03\\\/regiao-13-anos-scaled.jpg\",\"width\":2560,\"height\":635,\"caption\":\"Regi\u00e3o News\"},\"image\":{\"@id\":\"https:\\\/\\\/regiaonews.net.br\\\/2022\\\/#\\\/schema\\\/logo\\\/image\\\/\"}},{\"@type\":\"Person\",\"@id\":\"https:\\\/\\\/regiaonews.net.br\\\/2022\\\/#\\\/schema\\\/person\\\/2d205a608a5aa97ac279d7a5e6d89ad8\",\"name\":\"Roberto\",\"image\":{\"@type\":\"ImageObject\",\"inLanguage\":\"pt-BR\",\"@id\":\"https:\\\/\\\/secure.gravatar.com\\\/avatar\\\/42749d8b712ff9d59ca93dc150494e5b55a44134482993f5baeb97e61b7ecc89?s=96&d=mm&r=g\",\"url\":\"https:\\\/\\\/secure.gravatar.com\\\/avatar\\\/42749d8b712ff9d59ca93dc150494e5b55a44134482993f5baeb97e61b7ecc89?s=96&d=mm&r=g\",\"contentUrl\":\"https:\\\/\\\/secure.gravatar.com\\\/avatar\\\/42749d8b712ff9d59ca93dc150494e5b55a44134482993f5baeb97e61b7ecc89?s=96&d=mm&r=g\",\"caption\":\"Roberto\"},\"url\":\"https:\\\/\\\/regiaonews.net.br\\\/2022\\\/author\\\/roberto\\\/\"}]}<\/script>\n<!-- \/ Yoast SEO plugin. -->","yoast_head_json":{"title":"Aplicativo Ouvidoria Barretos passa por atualiza\u00e7\u00e3o e agora \u00e9 Barretos Digital - Regi\u00e3o News","robots":{"index":"index","follow":"follow","max-snippet":"max-snippet:-1","max-image-preview":"max-image-preview:large","max-video-preview":"max-video-preview:-1"},"canonical":"https:\/\/regiaonews.net.br\/2022\/2023\/07\/28\/aplicativo-ouvidoria-barretos-passa-por-atualizacao-e-agora-e-barretos-digital\/","og_locale":"pt_BR","og_type":"article","og_title":"Aplicativo Ouvidoria Barretos passa por atualiza\u00e7\u00e3o e agora \u00e9 Barretos Digital - Regi\u00e3o News","og_description":"Dispon\u00edvel para iOS e Android, plataforma oferece diversos servi\u00e7os municipais,","og_url":"https:\/\/regiaonews.net.br\/2022\/2023\/07\/28\/aplicativo-ouvidoria-barretos-passa-por-atualizacao-e-agora-e-barretos-digital\/","og_site_name":"Regi\u00e3o News","article_published_time":"2023-07-28T13:19:04+00:00","og_image":[{"width":1080,"height":1080,"url":"https:\/\/regiaonews.net.br\/2022\/wp-content\/uploads\/2023\/07\/96da2f590cd7246bbde0051047b0d6f7.jpeg","type":"image\/jpeg"}],"author":"Roberto","twitter_card":"summary_large_image","twitter_misc":{"Escrito por":"Roberto","Est. tempo de leitura":"2 minutos"},"schema":{"@context":"https:\/\/schema.org","@graph":[{"@type":"Article","@id":"https:\/\/regiaonews.net.br\/2022\/2023\/07\/28\/aplicativo-ouvidoria-barretos-passa-por-atualizacao-e-agora-e-barretos-digital\/#article","isPartOf":{"@id":"https:\/\/regiaonews.net.br\/2022\/2023\/07\/28\/aplicativo-ouvidoria-barretos-passa-por-atualizacao-e-agora-e-barretos-digital\/"},"author":{"name":"Roberto","@id":"https:\/\/regiaonews.net.br\/2022\/#\/schema\/person\/2d205a608a5aa97ac279d7a5e6d89ad8"},"headline":"Aplicativo Ouvidoria Barretos passa por atualiza\u00e7\u00e3o e agora \u00e9 Barretos Digital","datePublished":"2023-07-28T13:19:04+00:00","mainEntityOfPage":{"@id":"https:\/\/regiaonews.net.br\/2022\/2023\/07\/28\/aplicativo-ouvidoria-barretos-passa-por-atualizacao-e-agora-e-barretos-digital\/"},"wordCount":361,"commentCount":0,"publisher":{"@id":"https:\/\/regiaonews.net.br\/2022\/#organization"},"image":{"@id":"https:\/\/regiaonews.net.br\/2022\/2023\/07\/28\/aplicativo-ouvidoria-barretos-passa-por-atualizacao-e-agora-e-barretos-digital\/#primaryimage"},"thumbnailUrl":"https:\/\/regiaonews.net.br\/2022\/wp-content\/uploads\/2023\/07\/96da2f590cd7246bbde0051047b0d6f7.jpeg","articleSection":["Barretos","Geral"],"inLanguage":"pt-BR","potentialAction":[{"@type":"CommentAction","name":"Comment","target":["https:\/\/regiaonews.net.br\/2022\/2023\/07\/28\/aplicativo-ouvidoria-barretos-passa-por-atualizacao-e-agora-e-barretos-digital\/#respond"]}]},{"@type":"WebPage","@id":"https:\/\/regiaonews.net.br\/2022\/2023\/07\/28\/aplicativo-ouvidoria-barretos-passa-por-atualizacao-e-agora-e-barretos-digital\/","url":"https:\/\/regiaonews.net.br\/2022\/2023\/07\/28\/aplicativo-ouvidoria-barretos-passa-por-atualizacao-e-agora-e-barretos-digital\/","name":"Aplicativo Ouvidoria Barretos passa por atualiza\u00e7\u00e3o e agora \u00e9 Barretos Digital - Regi\u00e3o News","isPartOf":{"@id":"https:\/\/regiaonews.net.br\/2022\/#website"},"primaryImageOfPage":{"@id":"https:\/\/regiaonews.net.br\/2022\/2023\/07\/28\/aplicativo-ouvidoria-barretos-passa-por-atualizacao-e-agora-e-barretos-digital\/#primaryimage"},"image":{"@id":"https:\/\/regiaonews.net.br\/2022\/2023\/07\/28\/aplicativo-ouvidoria-barretos-passa-por-atualizacao-e-agora-e-barretos-digital\/#primaryimage"},"thumbnailUrl":"https:\/\/regiaonews.net.br\/2022\/wp-content\/uploads\/2023\/07\/96da2f590cd7246bbde0051047b0d6f7.jpeg","datePublished":"2023-07-28T13:19:04+00:00","breadcrumb":{"@id":"https:\/\/regiaonews.net.br\/2022\/2023\/07\/28\/aplicativo-ouvidoria-barretos-passa-por-atualizacao-e-agora-e-barretos-digital\/#breadcrumb"},"inLanguage":"pt-BR","potentialAction":[{"@type":"ReadAction","target":["https:\/\/regiaonews.net.br\/2022\/2023\/07\/28\/aplicativo-ouvidoria-barretos-passa-por-atualizacao-e-agora-e-barretos-digital\/"]}]},{"@type":"ImageObject","inLanguage":"pt-BR","@id":"https:\/\/regiaonews.net.br\/2022\/2023\/07\/28\/aplicativo-ouvidoria-barretos-passa-por-atualizacao-e-agora-e-barretos-digital\/#primaryimage","url":"https:\/\/regiaonews.net.br\/2022\/wp-content\/uploads\/2023\/07\/96da2f590cd7246bbde0051047b0d6f7.jpeg","contentUrl":"https:\/\/regiaonews.net.br\/2022\/wp-content\/uploads\/2023\/07\/96da2f590cd7246bbde0051047b0d6f7.jpeg","width":1080,"height":1080},{"@type":"BreadcrumbList","@id":"https:\/\/regiaonews.net.br\/2022\/2023\/07\/28\/aplicativo-ouvidoria-barretos-passa-por-atualizacao-e-agora-e-barretos-digital\/#breadcrumb","itemListElement":[{"@type":"ListItem","position":1,"name":"In\u00edcio","item":"https:\/\/regiaonews.net.br\/2022\/"},{"@type":"ListItem","position":2,"name":"Aplicativo Ouvidoria Barretos passa por atualiza\u00e7\u00e3o e agora \u00e9 Barretos Digital"}]},{"@type":"WebSite","@id":"https:\/\/regiaonews.net.br\/2022\/#website","url":"https:\/\/regiaonews.net.br\/2022\/","name":"Regi\u00e3o News","description":"Site de Not\u00edcias de Barretos e regi\u00e3o","publisher":{"@id":"https:\/\/regiaonews.net.br\/2022\/#organization"},"potentialAction":[{"@type":"SearchAction","target":{"@type":"EntryPoint","urlTemplate":"https:\/\/regiaonews.net.br\/2022\/?s={search_term_string}"},"query-input":{"@type":"PropertyValueSpecification","valueRequired":true,"valueName":"search_term_string"}}],"inLanguage":"pt-BR"},{"@type":"Organization","@id":"https:\/\/regiaonews.net.br\/2022\/#organization","name":"Regi\u00e3o News","url":"https:\/\/regiaonews.net.br\/2022\/","logo":{"@type":"ImageObject","inLanguage":"pt-BR","@id":"https:\/\/regiaonews.net.br\/2022\/#\/schema\/logo\/image\/","url":"https:\/\/regiaonews.net.br\/2022\/wp-content\/uploads\/2026\/03\/regiao-13-anos-scaled.jpg","contentUrl":"https:\/\/regiaonews.net.br\/2022\/wp-content\/uploads\/2026\/03\/regiao-13-anos-scaled.jpg","width":2560,"height":635,"caption":"Regi\u00e3o News"},"image":{"@id":"https:\/\/regiaonews.net.br\/2022\/#\/schema\/logo\/image\/"}},{"@type":"Person","@id":"https:\/\/regiaonews.net.br\/2022\/#\/schema\/person\/2d205a608a5aa97ac279d7a5e6d89ad8","name":"Roberto","image":{"@type":"ImageObject","inLanguage":"pt-BR","@id":"https:\/\/secure.gravatar.com\/avatar\/42749d8b712ff9d59ca93dc150494e5b55a44134482993f5baeb97e61b7ecc89?s=96&d=mm&r=g","url":"https:\/\/secure.gravatar.com\/avatar\/42749d8b712ff9d59ca93dc150494e5b55a44134482993f5baeb97e61b7ecc89?s=96&d=mm&r=g","contentUrl":"https:\/\/secure.gravatar.com\/avatar\/42749d8b712ff9d59ca93dc150494e5b55a44134482993f5baeb97e61b7ecc89?s=96&d=mm&r=g","caption":"Roberto"},"url":"https:\/\/regiaonews.net.br\/2022\/author\/roberto\/"}]}},"publishpress_future_action":{"enabled":false,"date":"2026-05-03 07:21:11","action":"change-status","newStatus":"draft","terms":[],"taxonomy":"category","extraData":[]},"publishpress_future_workflow_manual_trigger":{"enabledWorkflows":[]},"_links":{"self":[{"href":"https:\/\/regiaonews.net.br\/2022\/wp-json\/wp\/v2\/posts\/92439","targetHints":{"allow":["GET"]}}],"collection":[{"href":"https:\/\/regiaonews.net.br\/2022\/wp-json\/wp\/v2\/posts"}],"about":[{"href":"https:\/\/regiaonews.net.br\/2022\/wp-json\/wp\/v2\/types\/post"}],"author":[{"embeddable":true,"href":"https:\/\/regiaonews.net.br\/2022\/wp-json\/wp\/v2\/users\/2"}],"replies":[{"embeddable":true,"href":"https:\/\/regiaonews.net.br\/2022\/wp-json\/wp\/v2\/comments?post=92439"}],"version-history":[{"count":1,"href":"https:\/\/regiaonews.net.br\/2022\/wp-json\/wp\/v2\/posts\/92439\/revisions"}],"predecessor-version":[{"id":92441,"href":"https:\/\/regiaonews.net.br\/2022\/wp-json\/wp\/v2\/posts\/92439\/revisions\/92441"}],"wp:featuredmedia":[{"embeddable":true,"href":"https:\/\/regiaonews.net.br\/2022\/wp-json\/wp\/v2\/media\/92440"}],"wp:attachment":[{"href":"https:\/\/regiaonews.net.br\/2022\/wp-json\/wp\/v2\/media?parent=92439"}],"wp:term":[{"taxonomy":"category","embeddable":true,"href":"https:\/\/regiaonews.net.br\/2022\/wp-json\/wp\/v2\/categories?post=92439"},{"taxonomy":"post_tag","embeddable":true,"href":"https:\/\/regiaonews.net.br\/2022\/wp-json\/wp\/v2\/tags?post=92439"}],"curies":[{"name":"wp","href":"https:\/\/api.w.org\/{rel}","templated":true}]}}