{"id":92433,"date":"2023-07-28T10:16:35","date_gmt":"2023-07-28T13:16:35","guid":{"rendered":"https:\/\/regiaonews.net.br\/2022\/?p=92433"},"modified":"2023-07-28T10:16:35","modified_gmt":"2023-07-28T13:16:35","slug":"sao-paulo-gera-276-mil-vagas-formais-em-seis-meses-maior-saldo-do-pais","status":"publish","type":"post","link":"https:\/\/regiaonews.net.br\/2022\/2023\/07\/28\/sao-paulo-gera-276-mil-vagas-formais-em-seis-meses-maior-saldo-do-pais\/","title":{"rendered":"S\u00e3o Paulo gera 276 mil vagas formais em seis meses, maior saldo do pa\u00eds"},"content":{"rendered":"<h3 style=\"text-align: center;\">Em junho, a rela\u00e7\u00e3o entre admiss\u00f5es e demiss\u00f5es no estado foi de 36 mil postos. Pa\u00eds supera a marca de um milh\u00e3o de vagas formais no primeiro semestre.<\/h3>\n<p>O estado de S\u00e3o Paulo encerrou os primeiros seis meses de 2023 com um saldo de 276,8 mil empregos com carteira assinada. No per\u00edodo, foram registradas 3,6 milh\u00f5es de admiss\u00f5es e 3,3 milh\u00f5es de demiss\u00f5es. \u00c9 o maior saldo registrado no pa\u00eds. Os dados foram divulgados nesta quinta-feira, 26\/7, pelo Minist\u00e9rio do Trabalho e Emprego.<\/p>\n<p>Em junho, houve 586 mil admiss\u00f5es e 550 mil demiss\u00f5es no estado, resultado positivo de 36,4 mil vagas formais. Levando em conta os \u00faltimos 12 meses, S\u00e3o Paulo acumula 453 mil empregos criados com carteira assinada.<\/p>\n<p>O estado de S\u00e3o Paulo teve desempenho positivo em quatro dos grupos de atividade econ\u00f4mica avaliados. O setor de Servi\u00e7os foi o que apresentou o volume mais expressivo de novos empregos: 19.774. Em seguida, aparecem a Agropecu\u00e1ria (+10.960), o Com\u00e9rcio (+4.814) e a Constru\u00e7\u00e3o (+1.870). O setor da Ind\u00fastria registrou queda (-1.000) em junho.<\/p>\n<p><strong>BRASIL<\/strong>\u00a0\u2014 Nos primeiros seis meses de 2023, o Brasil teve um saldo de mais de um milh\u00e3o de empregos criados com carteira assinada. Entre janeiro e junho, houve 11,9 milh\u00f5es de contrata\u00e7\u00f5es e 10,8 milh\u00f5es de demiss\u00f5es registradas, saldo de 1,02 milh\u00e3o.<\/p>\n<p>Com isso, o Brasil chega a um total de 43,4 milh\u00f5es de pessoas no mercado formal, o maior valor j\u00e1 registrado na s\u00e9rie hist\u00f3rica levando em conta tanto o per\u00edodo do Caged (junho de 2002 a 2019) quanto do Novo Caged (a partir de 2020).<\/p>\n<p>Em junho, o saldo foi de 157 mil postos formais, com varia\u00e7\u00e3o positiva em 24 dos 27 estados e nas cinco regi\u00f5es do pa\u00eds. O pa\u00eds contabilizou 1,91 milh\u00e3o de admiss\u00f5es e 1,75 milh\u00e3o de demiss\u00f5es no per\u00edodo. Levando em conta os \u00faltimos 12 meses, o saldo positivo \u00e9 de 1,6 milh\u00e3o de vagas criadas.<\/p>\n<p>O maior crescimento do emprego ocorreu no setor de Servi\u00e7os, com um saldo de 76,4 mil postos formais \u2014 destaque para a \u00e1rea de &#8220;Informa\u00e7\u00e3o, comunica\u00e7\u00e3o e atividades financeiras, imobili\u00e1rias, profissionais e administrativas&#8221;, com saldo de 40 mil postos. A Agropecu\u00e1ria foi o segundo maior gerador de postos no m\u00eas, com 27,1 mil empregos gerados, favorecido pelo cultivo de laranja, em especial no estado de S\u00e3o Paulo, e de soja.<\/p>\n<p>A Constru\u00e7\u00e3o Civil veio em seguida, gerando 20,9 mil postos, com destaque para obras de infraestrutura, acompanhada pelo setor do Com\u00e9rcio (saldo de 20,5 mil postos). A Ind\u00fastria gerou 12,1 mil vagas com carteira assinada no m\u00eas.<\/p>\n<p><strong>REGI\u00d5ES<\/strong>\u00a0\u2014 No recorte regional, o Sudeste lidera em n\u00famero de vagas formais em junho: 76 mil. Os destaques ficam com S\u00e3o Paulo (36,4 mil empregos formais), Minas Gerais (25,5 mil) e Rio de Janeiro (13,4 mil). Os tr\u00eas s\u00e3o os estados com maior varia\u00e7\u00e3o positiva do pa\u00eds em junho. No recorte dos seis primeiros meses do ano, o saldo no Sudeste \u00e9 de 525 mil empregos, ou mais da metade das vagas formais criadas no pa\u00eds.<\/p>\n<p>O Nordeste registrou 33,6 mil vagas de saldo em junho, n\u00fameros puxados por Bahia (8,3 mil), Cear\u00e1 (6,5 mil) e Pernambuco (5,3 mil). No Centro-Oeste, o saldo positivo \u00e9 de 21,5 mil vagas nos primeiros seis meses do ano, sendo que 10,6 mil tiveram registro em Mato Grosso. No Sul, foram 9,5 mil vagas de saldo e protagonismo do Paran\u00e1, com 7,8 mil vagas. J\u00e1 na Regi\u00e3o Norte, o acumulado foi de 14 mil novas vagas, quase metade delas no Par\u00e1 (6,8 mil).<\/p>\n<p><strong>Fonte:<\/strong>\u00a0Secretaria de Comunica\u00e7\u00e3o Social da Presid\u00eancia da Rep\u00fablica<\/p>\n","protected":false},"excerpt":{"rendered":"<p>Em junho, a rela\u00e7\u00e3o entre admiss\u00f5es e demiss\u00f5es no estado<\/p>\n","protected":false},"author":2,"featured_media":92434,"comment_status":"open","ping_status":"open","sticky":false,"template":"","format":"standard","meta":{"footnotes":""},"categories":[24,3],"tags":[],"class_list":["post-92433","post","type-post","status-publish","format-standard","has-post-thumbnail","hentry","category-brasil","category-geral"],"yoast_head":"<!-- This site is optimized with the Yoast SEO plugin v27.4 - https:\/\/yoast.com\/product\/yoast-seo-wordpress\/ -->\n<title>S\u00e3o Paulo gera 276 mil vagas formais em seis meses, maior saldo do pa\u00eds - Regi\u00e3o News<\/title>\n<meta name=\"robots\" content=\"index, follow, max-snippet:-1, max-image-preview:large, max-video-preview:-1\" \/>\n<link rel=\"canonical\" href=\"https:\/\/regiaonews.net.br\/2022\/2023\/07\/28\/sao-paulo-gera-276-mil-vagas-formais-em-seis-meses-maior-saldo-do-pais\/\" \/>\n<meta property=\"og:locale\" content=\"pt_BR\" \/>\n<meta property=\"og:type\" content=\"article\" \/>\n<meta property=\"og:title\" content=\"S\u00e3o Paulo gera 276 mil vagas formais em seis meses, maior saldo do pa\u00eds - Regi\u00e3o News\" \/>\n<meta property=\"og:description\" content=\"Em junho, a rela\u00e7\u00e3o entre admiss\u00f5es e demiss\u00f5es no estado\" \/>\n<meta property=\"og:url\" content=\"https:\/\/regiaonews.net.br\/2022\/2023\/07\/28\/sao-paulo-gera-276-mil-vagas-formais-em-seis-meses-maior-saldo-do-pais\/\" \/>\n<meta property=\"og:site_name\" content=\"Regi\u00e3o News\" \/>\n<meta property=\"article:published_time\" content=\"2023-07-28T13:16:35+00:00\" \/>\n<meta property=\"og:image\" content=\"https:\/\/regiaonews.net.br\/2022\/wp-content\/uploads\/2023\/07\/unnamed-6.jpg\" \/>\n\t<meta property=\"og:image:width\" content=\"1080\" \/>\n\t<meta property=\"og:image:height\" content=\"1528\" \/>\n\t<meta property=\"og:image:type\" content=\"image\/jpeg\" \/>\n<meta name=\"author\" content=\"Roberto\" \/>\n<meta name=\"twitter:card\" content=\"summary_large_image\" \/>\n<meta name=\"twitter:label1\" content=\"Escrito por\" \/>\n\t<meta name=\"twitter:data1\" content=\"Roberto\" \/>\n\t<meta name=\"twitter:label2\" content=\"Est. tempo de leitura\" \/>\n\t<meta name=\"twitter:data2\" content=\"4 minutos\" \/>\n<script type=\"application\/ld+json\" class=\"yoast-schema-graph\">{\"@context\":\"https:\\\/\\\/schema.org\",\"@graph\":[{\"@type\":\"Article\",\"@id\":\"https:\\\/\\\/regiaonews.net.br\\\/2022\\\/2023\\\/07\\\/28\\\/sao-paulo-gera-276-mil-vagas-formais-em-seis-meses-maior-saldo-do-pais\\\/#article\",\"isPartOf\":{\"@id\":\"https:\\\/\\\/regiaonews.net.br\\\/2022\\\/2023\\\/07\\\/28\\\/sao-paulo-gera-276-mil-vagas-formais-em-seis-meses-maior-saldo-do-pais\\\/\"},\"author\":{\"name\":\"Roberto\",\"@id\":\"https:\\\/\\\/regiaonews.net.br\\\/2022\\\/#\\\/schema\\\/person\\\/2d205a608a5aa97ac279d7a5e6d89ad8\"},\"headline\":\"S\u00e3o Paulo gera 276 mil vagas formais em seis meses, maior saldo do pa\u00eds\",\"datePublished\":\"2023-07-28T13:16:35+00:00\",\"mainEntityOfPage\":{\"@id\":\"https:\\\/\\\/regiaonews.net.br\\\/2022\\\/2023\\\/07\\\/28\\\/sao-paulo-gera-276-mil-vagas-formais-em-seis-meses-maior-saldo-do-pais\\\/\"},\"wordCount\":616,\"commentCount\":0,\"publisher\":{\"@id\":\"https:\\\/\\\/regiaonews.net.br\\\/2022\\\/#organization\"},\"image\":{\"@id\":\"https:\\\/\\\/regiaonews.net.br\\\/2022\\\/2023\\\/07\\\/28\\\/sao-paulo-gera-276-mil-vagas-formais-em-seis-meses-maior-saldo-do-pais\\\/#primaryimage\"},\"thumbnailUrl\":\"https:\\\/\\\/regiaonews.net.br\\\/2022\\\/wp-content\\\/uploads\\\/2023\\\/07\\\/unnamed-6.jpg\",\"articleSection\":[\"Brasil\",\"Geral\"],\"inLanguage\":\"pt-BR\",\"potentialAction\":[{\"@type\":\"CommentAction\",\"name\":\"Comment\",\"target\":[\"https:\\\/\\\/regiaonews.net.br\\\/2022\\\/2023\\\/07\\\/28\\\/sao-paulo-gera-276-mil-vagas-formais-em-seis-meses-maior-saldo-do-pais\\\/#respond\"]}]},{\"@type\":\"WebPage\",\"@id\":\"https:\\\/\\\/regiaonews.net.br\\\/2022\\\/2023\\\/07\\\/28\\\/sao-paulo-gera-276-mil-vagas-formais-em-seis-meses-maior-saldo-do-pais\\\/\",\"url\":\"https:\\\/\\\/regiaonews.net.br\\\/2022\\\/2023\\\/07\\\/28\\\/sao-paulo-gera-276-mil-vagas-formais-em-seis-meses-maior-saldo-do-pais\\\/\",\"name\":\"S\u00e3o Paulo gera 276 mil vagas formais em seis meses, maior saldo do pa\u00eds - Regi\u00e3o News\",\"isPartOf\":{\"@id\":\"https:\\\/\\\/regiaonews.net.br\\\/2022\\\/#website\"},\"primaryImageOfPage\":{\"@id\":\"https:\\\/\\\/regiaonews.net.br\\\/2022\\\/2023\\\/07\\\/28\\\/sao-paulo-gera-276-mil-vagas-formais-em-seis-meses-maior-saldo-do-pais\\\/#primaryimage\"},\"image\":{\"@id\":\"https:\\\/\\\/regiaonews.net.br\\\/2022\\\/2023\\\/07\\\/28\\\/sao-paulo-gera-276-mil-vagas-formais-em-seis-meses-maior-saldo-do-pais\\\/#primaryimage\"},\"thumbnailUrl\":\"https:\\\/\\\/regiaonews.net.br\\\/2022\\\/wp-content\\\/uploads\\\/2023\\\/07\\\/unnamed-6.jpg\",\"datePublished\":\"2023-07-28T13:16:35+00:00\",\"breadcrumb\":{\"@id\":\"https:\\\/\\\/regiaonews.net.br\\\/2022\\\/2023\\\/07\\\/28\\\/sao-paulo-gera-276-mil-vagas-formais-em-seis-meses-maior-saldo-do-pais\\\/#breadcrumb\"},\"inLanguage\":\"pt-BR\",\"potentialAction\":[{\"@type\":\"ReadAction\",\"target\":[\"https:\\\/\\\/regiaonews.net.br\\\/2022\\\/2023\\\/07\\\/28\\\/sao-paulo-gera-276-mil-vagas-formais-em-seis-meses-maior-saldo-do-pais\\\/\"]}]},{\"@type\":\"ImageObject\",\"inLanguage\":\"pt-BR\",\"@id\":\"https:\\\/\\\/regiaonews.net.br\\\/2022\\\/2023\\\/07\\\/28\\\/sao-paulo-gera-276-mil-vagas-formais-em-seis-meses-maior-saldo-do-pais\\\/#primaryimage\",\"url\":\"https:\\\/\\\/regiaonews.net.br\\\/2022\\\/wp-content\\\/uploads\\\/2023\\\/07\\\/unnamed-6.jpg\",\"contentUrl\":\"https:\\\/\\\/regiaonews.net.br\\\/2022\\\/wp-content\\\/uploads\\\/2023\\\/07\\\/unnamed-6.jpg\",\"width\":1080,\"height\":1528},{\"@type\":\"BreadcrumbList\",\"@id\":\"https:\\\/\\\/regiaonews.net.br\\\/2022\\\/2023\\\/07\\\/28\\\/sao-paulo-gera-276-mil-vagas-formais-em-seis-meses-maior-saldo-do-pais\\\/#breadcrumb\",\"itemListElement\":[{\"@type\":\"ListItem\",\"position\":1,\"name\":\"In\u00edcio\",\"item\":\"https:\\\/\\\/regiaonews.net.br\\\/2022\\\/\"},{\"@type\":\"ListItem\",\"position\":2,\"name\":\"S\u00e3o Paulo gera 276 mil vagas formais em seis meses, maior saldo do pa\u00eds\"}]},{\"@type\":\"WebSite\",\"@id\":\"https:\\\/\\\/regiaonews.net.br\\\/2022\\\/#website\",\"url\":\"https:\\\/\\\/regiaonews.net.br\\\/2022\\\/\",\"name\":\"Regi\u00e3o News\",\"description\":\"Site de Not\u00edcias de Barretos e regi\u00e3o\",\"publisher\":{\"@id\":\"https:\\\/\\\/regiaonews.net.br\\\/2022\\\/#organization\"},\"potentialAction\":[{\"@type\":\"SearchAction\",\"target\":{\"@type\":\"EntryPoint\",\"urlTemplate\":\"https:\\\/\\\/regiaonews.net.br\\\/2022\\\/?s={search_term_string}\"},\"query-input\":{\"@type\":\"PropertyValueSpecification\",\"valueRequired\":true,\"valueName\":\"search_term_string\"}}],\"inLanguage\":\"pt-BR\"},{\"@type\":\"Organization\",\"@id\":\"https:\\\/\\\/regiaonews.net.br\\\/2022\\\/#organization\",\"name\":\"Regi\u00e3o News\",\"url\":\"https:\\\/\\\/regiaonews.net.br\\\/2022\\\/\",\"logo\":{\"@type\":\"ImageObject\",\"inLanguage\":\"pt-BR\",\"@id\":\"https:\\\/\\\/regiaonews.net.br\\\/2022\\\/#\\\/schema\\\/logo\\\/image\\\/\",\"url\":\"https:\\\/\\\/regiaonews.net.br\\\/2022\\\/wp-content\\\/uploads\\\/2026\\\/03\\\/regiao-13-anos-scaled.jpg\",\"contentUrl\":\"https:\\\/\\\/regiaonews.net.br\\\/2022\\\/wp-content\\\/uploads\\\/2026\\\/03\\\/regiao-13-anos-scaled.jpg\",\"width\":2560,\"height\":635,\"caption\":\"Regi\u00e3o News\"},\"image\":{\"@id\":\"https:\\\/\\\/regiaonews.net.br\\\/2022\\\/#\\\/schema\\\/logo\\\/image\\\/\"}},{\"@type\":\"Person\",\"@id\":\"https:\\\/\\\/regiaonews.net.br\\\/2022\\\/#\\\/schema\\\/person\\\/2d205a608a5aa97ac279d7a5e6d89ad8\",\"name\":\"Roberto\",\"image\":{\"@type\":\"ImageObject\",\"inLanguage\":\"pt-BR\",\"@id\":\"https:\\\/\\\/secure.gravatar.com\\\/avatar\\\/42749d8b712ff9d59ca93dc150494e5b55a44134482993f5baeb97e61b7ecc89?s=96&d=mm&r=g\",\"url\":\"https:\\\/\\\/secure.gravatar.com\\\/avatar\\\/42749d8b712ff9d59ca93dc150494e5b55a44134482993f5baeb97e61b7ecc89?s=96&d=mm&r=g\",\"contentUrl\":\"https:\\\/\\\/secure.gravatar.com\\\/avatar\\\/42749d8b712ff9d59ca93dc150494e5b55a44134482993f5baeb97e61b7ecc89?s=96&d=mm&r=g\",\"caption\":\"Roberto\"},\"url\":\"https:\\\/\\\/regiaonews.net.br\\\/2022\\\/author\\\/roberto\\\/\"}]}<\/script>\n<!-- \/ Yoast SEO plugin. -->","yoast_head_json":{"title":"S\u00e3o Paulo gera 276 mil vagas formais em seis meses, maior saldo do pa\u00eds - Regi\u00e3o News","robots":{"index":"index","follow":"follow","max-snippet":"max-snippet:-1","max-image-preview":"max-image-preview:large","max-video-preview":"max-video-preview:-1"},"canonical":"https:\/\/regiaonews.net.br\/2022\/2023\/07\/28\/sao-paulo-gera-276-mil-vagas-formais-em-seis-meses-maior-saldo-do-pais\/","og_locale":"pt_BR","og_type":"article","og_title":"S\u00e3o Paulo gera 276 mil vagas formais em seis meses, maior saldo do pa\u00eds - Regi\u00e3o News","og_description":"Em junho, a rela\u00e7\u00e3o entre admiss\u00f5es e demiss\u00f5es no estado","og_url":"https:\/\/regiaonews.net.br\/2022\/2023\/07\/28\/sao-paulo-gera-276-mil-vagas-formais-em-seis-meses-maior-saldo-do-pais\/","og_site_name":"Regi\u00e3o News","article_published_time":"2023-07-28T13:16:35+00:00","og_image":[{"width":1080,"height":1528,"url":"https:\/\/regiaonews.net.br\/2022\/wp-content\/uploads\/2023\/07\/unnamed-6.jpg","type":"image\/jpeg"}],"author":"Roberto","twitter_card":"summary_large_image","twitter_misc":{"Escrito por":"Roberto","Est. tempo de leitura":"4 minutos"},"schema":{"@context":"https:\/\/schema.org","@graph":[{"@type":"Article","@id":"https:\/\/regiaonews.net.br\/2022\/2023\/07\/28\/sao-paulo-gera-276-mil-vagas-formais-em-seis-meses-maior-saldo-do-pais\/#article","isPartOf":{"@id":"https:\/\/regiaonews.net.br\/2022\/2023\/07\/28\/sao-paulo-gera-276-mil-vagas-formais-em-seis-meses-maior-saldo-do-pais\/"},"author":{"name":"Roberto","@id":"https:\/\/regiaonews.net.br\/2022\/#\/schema\/person\/2d205a608a5aa97ac279d7a5e6d89ad8"},"headline":"S\u00e3o Paulo gera 276 mil vagas formais em seis meses, maior saldo do pa\u00eds","datePublished":"2023-07-28T13:16:35+00:00","mainEntityOfPage":{"@id":"https:\/\/regiaonews.net.br\/2022\/2023\/07\/28\/sao-paulo-gera-276-mil-vagas-formais-em-seis-meses-maior-saldo-do-pais\/"},"wordCount":616,"commentCount":0,"publisher":{"@id":"https:\/\/regiaonews.net.br\/2022\/#organization"},"image":{"@id":"https:\/\/regiaonews.net.br\/2022\/2023\/07\/28\/sao-paulo-gera-276-mil-vagas-formais-em-seis-meses-maior-saldo-do-pais\/#primaryimage"},"thumbnailUrl":"https:\/\/regiaonews.net.br\/2022\/wp-content\/uploads\/2023\/07\/unnamed-6.jpg","articleSection":["Brasil","Geral"],"inLanguage":"pt-BR","potentialAction":[{"@type":"CommentAction","name":"Comment","target":["https:\/\/regiaonews.net.br\/2022\/2023\/07\/28\/sao-paulo-gera-276-mil-vagas-formais-em-seis-meses-maior-saldo-do-pais\/#respond"]}]},{"@type":"WebPage","@id":"https:\/\/regiaonews.net.br\/2022\/2023\/07\/28\/sao-paulo-gera-276-mil-vagas-formais-em-seis-meses-maior-saldo-do-pais\/","url":"https:\/\/regiaonews.net.br\/2022\/2023\/07\/28\/sao-paulo-gera-276-mil-vagas-formais-em-seis-meses-maior-saldo-do-pais\/","name":"S\u00e3o Paulo gera 276 mil vagas formais em seis meses, maior saldo do pa\u00eds - Regi\u00e3o News","isPartOf":{"@id":"https:\/\/regiaonews.net.br\/2022\/#website"},"primaryImageOfPage":{"@id":"https:\/\/regiaonews.net.br\/2022\/2023\/07\/28\/sao-paulo-gera-276-mil-vagas-formais-em-seis-meses-maior-saldo-do-pais\/#primaryimage"},"image":{"@id":"https:\/\/regiaonews.net.br\/2022\/2023\/07\/28\/sao-paulo-gera-276-mil-vagas-formais-em-seis-meses-maior-saldo-do-pais\/#primaryimage"},"thumbnailUrl":"https:\/\/regiaonews.net.br\/2022\/wp-content\/uploads\/2023\/07\/unnamed-6.jpg","datePublished":"2023-07-28T13:16:35+00:00","breadcrumb":{"@id":"https:\/\/regiaonews.net.br\/2022\/2023\/07\/28\/sao-paulo-gera-276-mil-vagas-formais-em-seis-meses-maior-saldo-do-pais\/#breadcrumb"},"inLanguage":"pt-BR","potentialAction":[{"@type":"ReadAction","target":["https:\/\/regiaonews.net.br\/2022\/2023\/07\/28\/sao-paulo-gera-276-mil-vagas-formais-em-seis-meses-maior-saldo-do-pais\/"]}]},{"@type":"ImageObject","inLanguage":"pt-BR","@id":"https:\/\/regiaonews.net.br\/2022\/2023\/07\/28\/sao-paulo-gera-276-mil-vagas-formais-em-seis-meses-maior-saldo-do-pais\/#primaryimage","url":"https:\/\/regiaonews.net.br\/2022\/wp-content\/uploads\/2023\/07\/unnamed-6.jpg","contentUrl":"https:\/\/regiaonews.net.br\/2022\/wp-content\/uploads\/2023\/07\/unnamed-6.jpg","width":1080,"height":1528},{"@type":"BreadcrumbList","@id":"https:\/\/regiaonews.net.br\/2022\/2023\/07\/28\/sao-paulo-gera-276-mil-vagas-formais-em-seis-meses-maior-saldo-do-pais\/#breadcrumb","itemListElement":[{"@type":"ListItem","position":1,"name":"In\u00edcio","item":"https:\/\/regiaonews.net.br\/2022\/"},{"@type":"ListItem","position":2,"name":"S\u00e3o Paulo gera 276 mil vagas formais em seis meses, maior saldo do pa\u00eds"}]},{"@type":"WebSite","@id":"https:\/\/regiaonews.net.br\/2022\/#website","url":"https:\/\/regiaonews.net.br\/2022\/","name":"Regi\u00e3o News","description":"Site de Not\u00edcias de Barretos e regi\u00e3o","publisher":{"@id":"https:\/\/regiaonews.net.br\/2022\/#organization"},"potentialAction":[{"@type":"SearchAction","target":{"@type":"EntryPoint","urlTemplate":"https:\/\/regiaonews.net.br\/2022\/?s={search_term_string}"},"query-input":{"@type":"PropertyValueSpecification","valueRequired":true,"valueName":"search_term_string"}}],"inLanguage":"pt-BR"},{"@type":"Organization","@id":"https:\/\/regiaonews.net.br\/2022\/#organization","name":"Regi\u00e3o News","url":"https:\/\/regiaonews.net.br\/2022\/","logo":{"@type":"ImageObject","inLanguage":"pt-BR","@id":"https:\/\/regiaonews.net.br\/2022\/#\/schema\/logo\/image\/","url":"https:\/\/regiaonews.net.br\/2022\/wp-content\/uploads\/2026\/03\/regiao-13-anos-scaled.jpg","contentUrl":"https:\/\/regiaonews.net.br\/2022\/wp-content\/uploads\/2026\/03\/regiao-13-anos-scaled.jpg","width":2560,"height":635,"caption":"Regi\u00e3o News"},"image":{"@id":"https:\/\/regiaonews.net.br\/2022\/#\/schema\/logo\/image\/"}},{"@type":"Person","@id":"https:\/\/regiaonews.net.br\/2022\/#\/schema\/person\/2d205a608a5aa97ac279d7a5e6d89ad8","name":"Roberto","image":{"@type":"ImageObject","inLanguage":"pt-BR","@id":"https:\/\/secure.gravatar.com\/avatar\/42749d8b712ff9d59ca93dc150494e5b55a44134482993f5baeb97e61b7ecc89?s=96&d=mm&r=g","url":"https:\/\/secure.gravatar.com\/avatar\/42749d8b712ff9d59ca93dc150494e5b55a44134482993f5baeb97e61b7ecc89?s=96&d=mm&r=g","contentUrl":"https:\/\/secure.gravatar.com\/avatar\/42749d8b712ff9d59ca93dc150494e5b55a44134482993f5baeb97e61b7ecc89?s=96&d=mm&r=g","caption":"Roberto"},"url":"https:\/\/regiaonews.net.br\/2022\/author\/roberto\/"}]}},"publishpress_future_action":{"enabled":false,"date":"2026-05-03 10:52:57","action":"change-status","newStatus":"draft","terms":[],"taxonomy":"category","extraData":[]},"publishpress_future_workflow_manual_trigger":{"enabledWorkflows":[]},"_links":{"self":[{"href":"https:\/\/regiaonews.net.br\/2022\/wp-json\/wp\/v2\/posts\/92433","targetHints":{"allow":["GET"]}}],"collection":[{"href":"https:\/\/regiaonews.net.br\/2022\/wp-json\/wp\/v2\/posts"}],"about":[{"href":"https:\/\/regiaonews.net.br\/2022\/wp-json\/wp\/v2\/types\/post"}],"author":[{"embeddable":true,"href":"https:\/\/regiaonews.net.br\/2022\/wp-json\/wp\/v2\/users\/2"}],"replies":[{"embeddable":true,"href":"https:\/\/regiaonews.net.br\/2022\/wp-json\/wp\/v2\/comments?post=92433"}],"version-history":[{"count":1,"href":"https:\/\/regiaonews.net.br\/2022\/wp-json\/wp\/v2\/posts\/92433\/revisions"}],"predecessor-version":[{"id":92435,"href":"https:\/\/regiaonews.net.br\/2022\/wp-json\/wp\/v2\/posts\/92433\/revisions\/92435"}],"wp:featuredmedia":[{"embeddable":true,"href":"https:\/\/regiaonews.net.br\/2022\/wp-json\/wp\/v2\/media\/92434"}],"wp:attachment":[{"href":"https:\/\/regiaonews.net.br\/2022\/wp-json\/wp\/v2\/media?parent=92433"}],"wp:term":[{"taxonomy":"category","embeddable":true,"href":"https:\/\/regiaonews.net.br\/2022\/wp-json\/wp\/v2\/categories?post=92433"},{"taxonomy":"post_tag","embeddable":true,"href":"https:\/\/regiaonews.net.br\/2022\/wp-json\/wp\/v2\/tags?post=92433"}],"curies":[{"name":"wp","href":"https:\/\/api.w.org\/{rel}","templated":true}]}}