{"id":92422,"date":"2023-07-28T08:32:55","date_gmt":"2023-07-28T11:32:55","guid":{"rendered":"https:\/\/regiaonews.net.br\/2022\/?p=92422"},"modified":"2023-07-28T08:50:02","modified_gmt":"2023-07-28T11:50:02","slug":"policia-civil-desarticula-organizacao-criminosa-que-lavava-dinheiro-de-roubos","status":"publish","type":"post","link":"https:\/\/regiaonews.net.br\/2022\/2023\/07\/28\/policia-civil-desarticula-organizacao-criminosa-que-lavava-dinheiro-de-roubos\/","title":{"rendered":"Pol\u00edcia Civil desarticula organiza\u00e7\u00e3o criminosa que lavava dinheiro de roubos"},"content":{"rendered":"<p>&nbsp;<\/p>\n<p>Opera\u00e7\u00e3o &#8220;Prodigus&#8221; cumpriu 7 mandados de pris\u00e3o tempor\u00e1ria<\/p>\n<p>A Pol\u00edcia Civil de Barretos, por interm\u00e9dio de policiais civis da DIG (Delegacia de Investiga\u00e7\u00f5es Gerais), com apoio de agentes do GOE (Grupo de Opera\u00e7\u00f5es Especiais) da Delegacia Seccional e da CPJ (Central de Pol\u00edcia Judici\u00e1ria) de Barretos, assim como da 2\u00aa DISE\/DEIC\/DEINTER-3 (Ribeir\u00e3o Preto), desencadeou, na manh\u00e3 de sexta-feira, a Opera\u00e7\u00e3o &#8220;Prodigus&#8221;, que visava desarticular uma organiza\u00e7\u00e3o criminosa que organizou e praticou diversos roubos e furtos na cidade de Barretos entre os anos de 2019 e 2022.<\/p>\n<p>As investiga\u00e7\u00f5es duraram cerca de dois anos, quando os policiais civis, por meio de modernas t\u00e9cnicas de investiga\u00e7\u00e3o, puderam apurar que 7 indiv\u00edduos se articularam para praticar, pelo menos, 16 roubos \u00e0 resid\u00eancia e estabelecimentos comerciais e 1 furto \u00e0 resid\u00eancia.<\/p>\n<p>O l\u00edder da organiza\u00e7\u00e3o criminosa, um homem de 29 anos, preso hoje em Barretos, era respons\u00e1vel por levantar os locais onde os roubos e furtos seriam praticados. Depois disso, ele convidava outros indiv\u00edduos para executarem o crime e, praticado o roubo, dividiam os valores e bens subtra\u00eddos.<\/p>\n<p>A organiza\u00e7\u00e3o mirava im\u00f3veis e estabelecimentos comerciais que guardavam grandes quantidades de dinheiro em esp\u00e9cie. Em um dos roubos, ocorrido em 2020, eles levaram R$ 150.000,00 em dinheiro e, em furto, praticado em 2022, subtra\u00edram R$ 200.000,00.<\/p>\n<p>Somando-se todos os valores subtra\u00eddos durante os crimes, a organiza\u00e7\u00e3o causou preju\u00edzo de mais de 4 milh\u00f5es de reais.<\/p>\n<p>Os roubos eram praticados com emprego de arma de fogo.<\/p>\n<p>Para lavar o dinheiro proveniente dos crimes, inicialmente, o l\u00edder da organiza\u00e7\u00e3o se associou a um homem de 38 anos, preso hoje em Barretos. Ambos abriram uma garagem de ve\u00edculos, utilizando a compra e venda de autom\u00f3veis para justificar um padr\u00e3o de vida elevado.<\/p>\n<p>Os dois ostentavam uma vida de luxo nas redes sociais. O nome da opera\u00e7\u00e3o tem rela\u00e7\u00e3o com esta ostenta\u00e7\u00e3o por parte dos investigados.<br \/>\nMais a frente, a investiga\u00e7\u00e3o revelou que o l\u00edder da organiza\u00e7\u00e3o criminosa passou a lavar o dinheiro do crime se tornando s\u00f3cio de duas empresas sediadas em Ribeir\u00e3o Preto. Uma delas possu\u00eda capital social de R$ 1000,00 e, com a entrada do indiv\u00edduo como s\u00f3cio, passou a ter capital de R$ 1,5 milh\u00e3o de reais.<\/p>\n<p>Al\u00e9m dos dois indiv\u00edduos presos, foram cumpridos mandados de pris\u00e3o contra 5 homens, respons\u00e1veis por executarem os roubos, al\u00e9m de 11 mandados de busca e apreens\u00e3o.<\/p>\n<p>Um desses homens foi preso tamb\u00e9m em Barretos e, em rela\u00e7\u00e3o aos demais, os novos mandados de pris\u00e3o foram cumpridos em penitenci\u00e1rias onde eles j\u00e1 est\u00e3o presos pela pr\u00e1tica de outros crimes.<\/p>\n<p>Tamb\u00e9m foram apreendidos ve\u00edculos e um jetski\u00a0pertencentes aos investigados.<\/p>\n<p>ACS\u00a0Delegacia Seccional\u00a0de\u00a0Barretos<\/p>\n<div style=\"width: 640px;\" class=\"wp-video\"><video class=\"wp-video-shortcode\" id=\"video-92422-1\" width=\"640\" height=\"368\" preload=\"metadata\" controls=\"controls\"><source type=\"video\/mp4\" src=\"https:\/\/regiaonews.net.br\/2022\/wp-content\/uploads\/2023\/07\/p.mp4?_=1\" \/><a href=\"https:\/\/regiaonews.net.br\/2022\/wp-content\/uploads\/2023\/07\/p.mp4\">https:\/\/regiaonews.net.br\/2022\/wp-content\/uploads\/2023\/07\/p.mp4<\/a><\/video><\/div>\n<div style=\"width: 368px;\" class=\"wp-video\"><video class=\"wp-video-shortcode\" id=\"video-92422-2\" width=\"368\" height=\"656\" preload=\"metadata\" controls=\"controls\"><source type=\"video\/mp4\" src=\"https:\/\/regiaonews.net.br\/2022\/wp-content\/uploads\/2023\/07\/Video-do-WhatsApp-de-2023-07-28-as-08.21.37.mp4?_=2\" \/><a href=\"https:\/\/regiaonews.net.br\/2022\/wp-content\/uploads\/2023\/07\/Video-do-WhatsApp-de-2023-07-28-as-08.21.37.mp4\">https:\/\/regiaonews.net.br\/2022\/wp-content\/uploads\/2023\/07\/Video-do-WhatsApp-de-2023-07-28-as-08.21.37.mp4<\/a><\/video><\/div>\n","protected":false},"excerpt":{"rendered":"<p>&nbsp; Opera\u00e7\u00e3o &#8220;Prodigus&#8221; cumpriu 7 mandados de pris\u00e3o tempor\u00e1ria A<\/p>\n","protected":false},"author":2,"featured_media":92425,"comment_status":"open","ping_status":"open","sticky":false,"template":"","format":"standard","meta":{"footnotes":""},"categories":[14,23],"tags":[],"class_list":["post-92422","post","type-post","status-publish","format-standard","has-post-thumbnail","hentry","category-barretos","category-policia"],"yoast_head":"<!-- This site is optimized with the Yoast SEO plugin v27.4 - https:\/\/yoast.com\/product\/yoast-seo-wordpress\/ -->\n<title>Pol\u00edcia Civil desarticula organiza\u00e7\u00e3o criminosa que lavava dinheiro de roubosPol\u00edcia Civil desarticula organiza\u00e7\u00e3o criminosa que lavava dinheiro de roubos<\/title>\n<meta name=\"robots\" content=\"index, follow, max-snippet:-1, max-image-preview:large, max-video-preview:-1\" \/>\n<link rel=\"canonical\" href=\"https:\/\/regiaonews.net.br\/2022\/2023\/07\/28\/policia-civil-desarticula-organizacao-criminosa-que-lavava-dinheiro-de-roubos\/\" \/>\n<meta property=\"og:locale\" content=\"pt_BR\" \/>\n<meta property=\"og:type\" content=\"article\" \/>\n<meta property=\"og:title\" content=\"Pol\u00edcia Civil desarticula organiza\u00e7\u00e3o criminosa que lavava dinheiro de roubosPol\u00edcia Civil desarticula organiza\u00e7\u00e3o criminosa que lavava dinheiro de roubos\" \/>\n<meta property=\"og:description\" content=\"&nbsp; Opera\u00e7\u00e3o &#8220;Prodigus&#8221; cumpriu 7 mandados de pris\u00e3o tempor\u00e1ria A\" \/>\n<meta property=\"og:url\" content=\"https:\/\/regiaonews.net.br\/2022\/2023\/07\/28\/policia-civil-desarticula-organizacao-criminosa-que-lavava-dinheiro-de-roubos\/\" \/>\n<meta property=\"og:site_name\" content=\"Regi\u00e3o News\" \/>\n<meta property=\"article:published_time\" content=\"2023-07-28T11:32:55+00:00\" \/>\n<meta property=\"article:modified_time\" content=\"2023-07-28T11:50:02+00:00\" \/>\n<meta property=\"og:image\" content=\"https:\/\/regiaonews.net.br\/2022\/wp-content\/uploads\/2023\/07\/Imagem-do-WhatsApp-de-2023-07-28-as-08.32.12.jpg\" \/>\n\t<meta property=\"og:image:width\" content=\"1600\" \/>\n\t<meta property=\"og:image:height\" content=\"1200\" \/>\n\t<meta property=\"og:image:type\" content=\"image\/jpeg\" \/>\n<meta name=\"author\" content=\"Roberto\" \/>\n<meta name=\"twitter:card\" content=\"summary_large_image\" \/>\n<meta name=\"twitter:label1\" content=\"Escrito por\" \/>\n\t<meta name=\"twitter:data1\" content=\"Roberto\" \/>\n\t<meta name=\"twitter:label2\" content=\"Est. tempo de leitura\" \/>\n\t<meta name=\"twitter:data2\" content=\"3 minutos\" \/>\n<script type=\"application\/ld+json\" class=\"yoast-schema-graph\">{\"@context\":\"https:\\\/\\\/schema.org\",\"@graph\":[{\"@type\":\"Article\",\"@id\":\"https:\\\/\\\/regiaonews.net.br\\\/2022\\\/2023\\\/07\\\/28\\\/policia-civil-desarticula-organizacao-criminosa-que-lavava-dinheiro-de-roubos\\\/#article\",\"isPartOf\":{\"@id\":\"https:\\\/\\\/regiaonews.net.br\\\/2022\\\/2023\\\/07\\\/28\\\/policia-civil-desarticula-organizacao-criminosa-que-lavava-dinheiro-de-roubos\\\/\"},\"author\":{\"name\":\"Roberto\",\"@id\":\"https:\\\/\\\/regiaonews.net.br\\\/2022\\\/#\\\/schema\\\/person\\\/2d205a608a5aa97ac279d7a5e6d89ad8\"},\"headline\":\"Pol\u00edcia Civil desarticula organiza\u00e7\u00e3o criminosa que lavava dinheiro de roubos\",\"datePublished\":\"2023-07-28T11:32:55+00:00\",\"dateModified\":\"2023-07-28T11:50:02+00:00\",\"mainEntityOfPage\":{\"@id\":\"https:\\\/\\\/regiaonews.net.br\\\/2022\\\/2023\\\/07\\\/28\\\/policia-civil-desarticula-organizacao-criminosa-que-lavava-dinheiro-de-roubos\\\/\"},\"wordCount\":521,\"commentCount\":0,\"publisher\":{\"@id\":\"https:\\\/\\\/regiaonews.net.br\\\/2022\\\/#organization\"},\"image\":{\"@id\":\"https:\\\/\\\/regiaonews.net.br\\\/2022\\\/2023\\\/07\\\/28\\\/policia-civil-desarticula-organizacao-criminosa-que-lavava-dinheiro-de-roubos\\\/#primaryimage\"},\"thumbnailUrl\":\"https:\\\/\\\/regiaonews.net.br\\\/2022\\\/wp-content\\\/uploads\\\/2023\\\/07\\\/Imagem-do-WhatsApp-de-2023-07-28-as-08.32.12.jpg\",\"articleSection\":[\"Barretos\",\"Policia\"],\"inLanguage\":\"pt-BR\",\"potentialAction\":[{\"@type\":\"CommentAction\",\"name\":\"Comment\",\"target\":[\"https:\\\/\\\/regiaonews.net.br\\\/2022\\\/2023\\\/07\\\/28\\\/policia-civil-desarticula-organizacao-criminosa-que-lavava-dinheiro-de-roubos\\\/#respond\"]}]},{\"@type\":\"WebPage\",\"@id\":\"https:\\\/\\\/regiaonews.net.br\\\/2022\\\/2023\\\/07\\\/28\\\/policia-civil-desarticula-organizacao-criminosa-que-lavava-dinheiro-de-roubos\\\/\",\"url\":\"https:\\\/\\\/regiaonews.net.br\\\/2022\\\/2023\\\/07\\\/28\\\/policia-civil-desarticula-organizacao-criminosa-que-lavava-dinheiro-de-roubos\\\/\",\"name\":\"Pol\u00edcia Civil desarticula organiza\u00e7\u00e3o criminosa que lavava dinheiro de roubosPol\u00edcia Civil desarticula organiza\u00e7\u00e3o criminosa que lavava dinheiro de roubos\",\"isPartOf\":{\"@id\":\"https:\\\/\\\/regiaonews.net.br\\\/2022\\\/#website\"},\"primaryImageOfPage\":{\"@id\":\"https:\\\/\\\/regiaonews.net.br\\\/2022\\\/2023\\\/07\\\/28\\\/policia-civil-desarticula-organizacao-criminosa-que-lavava-dinheiro-de-roubos\\\/#primaryimage\"},\"image\":{\"@id\":\"https:\\\/\\\/regiaonews.net.br\\\/2022\\\/2023\\\/07\\\/28\\\/policia-civil-desarticula-organizacao-criminosa-que-lavava-dinheiro-de-roubos\\\/#primaryimage\"},\"thumbnailUrl\":\"https:\\\/\\\/regiaonews.net.br\\\/2022\\\/wp-content\\\/uploads\\\/2023\\\/07\\\/Imagem-do-WhatsApp-de-2023-07-28-as-08.32.12.jpg\",\"datePublished\":\"2023-07-28T11:32:55+00:00\",\"dateModified\":\"2023-07-28T11:50:02+00:00\",\"breadcrumb\":{\"@id\":\"https:\\\/\\\/regiaonews.net.br\\\/2022\\\/2023\\\/07\\\/28\\\/policia-civil-desarticula-organizacao-criminosa-que-lavava-dinheiro-de-roubos\\\/#breadcrumb\"},\"inLanguage\":\"pt-BR\",\"potentialAction\":[{\"@type\":\"ReadAction\",\"target\":[\"https:\\\/\\\/regiaonews.net.br\\\/2022\\\/2023\\\/07\\\/28\\\/policia-civil-desarticula-organizacao-criminosa-que-lavava-dinheiro-de-roubos\\\/\"]}]},{\"@type\":\"ImageObject\",\"inLanguage\":\"pt-BR\",\"@id\":\"https:\\\/\\\/regiaonews.net.br\\\/2022\\\/2023\\\/07\\\/28\\\/policia-civil-desarticula-organizacao-criminosa-que-lavava-dinheiro-de-roubos\\\/#primaryimage\",\"url\":\"https:\\\/\\\/regiaonews.net.br\\\/2022\\\/wp-content\\\/uploads\\\/2023\\\/07\\\/Imagem-do-WhatsApp-de-2023-07-28-as-08.32.12.jpg\",\"contentUrl\":\"https:\\\/\\\/regiaonews.net.br\\\/2022\\\/wp-content\\\/uploads\\\/2023\\\/07\\\/Imagem-do-WhatsApp-de-2023-07-28-as-08.32.12.jpg\",\"width\":1600,\"height\":1200},{\"@type\":\"BreadcrumbList\",\"@id\":\"https:\\\/\\\/regiaonews.net.br\\\/2022\\\/2023\\\/07\\\/28\\\/policia-civil-desarticula-organizacao-criminosa-que-lavava-dinheiro-de-roubos\\\/#breadcrumb\",\"itemListElement\":[{\"@type\":\"ListItem\",\"position\":1,\"name\":\"In\u00edcio\",\"item\":\"https:\\\/\\\/regiaonews.net.br\\\/2022\\\/\"},{\"@type\":\"ListItem\",\"position\":2,\"name\":\"Pol\u00edcia Civil desarticula organiza\u00e7\u00e3o criminosa que lavava dinheiro de roubos\"}]},{\"@type\":\"WebSite\",\"@id\":\"https:\\\/\\\/regiaonews.net.br\\\/2022\\\/#website\",\"url\":\"https:\\\/\\\/regiaonews.net.br\\\/2022\\\/\",\"name\":\"Regi\u00e3o News\",\"description\":\"Site de Not\u00edcias de Barretos e regi\u00e3o\",\"publisher\":{\"@id\":\"https:\\\/\\\/regiaonews.net.br\\\/2022\\\/#organization\"},\"potentialAction\":[{\"@type\":\"SearchAction\",\"target\":{\"@type\":\"EntryPoint\",\"urlTemplate\":\"https:\\\/\\\/regiaonews.net.br\\\/2022\\\/?s={search_term_string}\"},\"query-input\":{\"@type\":\"PropertyValueSpecification\",\"valueRequired\":true,\"valueName\":\"search_term_string\"}}],\"inLanguage\":\"pt-BR\"},{\"@type\":\"Organization\",\"@id\":\"https:\\\/\\\/regiaonews.net.br\\\/2022\\\/#organization\",\"name\":\"Regi\u00e3o News\",\"url\":\"https:\\\/\\\/regiaonews.net.br\\\/2022\\\/\",\"logo\":{\"@type\":\"ImageObject\",\"inLanguage\":\"pt-BR\",\"@id\":\"https:\\\/\\\/regiaonews.net.br\\\/2022\\\/#\\\/schema\\\/logo\\\/image\\\/\",\"url\":\"https:\\\/\\\/regiaonews.net.br\\\/2022\\\/wp-content\\\/uploads\\\/2026\\\/03\\\/regiao-13-anos-scaled.jpg\",\"contentUrl\":\"https:\\\/\\\/regiaonews.net.br\\\/2022\\\/wp-content\\\/uploads\\\/2026\\\/03\\\/regiao-13-anos-scaled.jpg\",\"width\":2560,\"height\":635,\"caption\":\"Regi\u00e3o News\"},\"image\":{\"@id\":\"https:\\\/\\\/regiaonews.net.br\\\/2022\\\/#\\\/schema\\\/logo\\\/image\\\/\"}},{\"@type\":\"Person\",\"@id\":\"https:\\\/\\\/regiaonews.net.br\\\/2022\\\/#\\\/schema\\\/person\\\/2d205a608a5aa97ac279d7a5e6d89ad8\",\"name\":\"Roberto\",\"image\":{\"@type\":\"ImageObject\",\"inLanguage\":\"pt-BR\",\"@id\":\"https:\\\/\\\/secure.gravatar.com\\\/avatar\\\/42749d8b712ff9d59ca93dc150494e5b55a44134482993f5baeb97e61b7ecc89?s=96&d=mm&r=g\",\"url\":\"https:\\\/\\\/secure.gravatar.com\\\/avatar\\\/42749d8b712ff9d59ca93dc150494e5b55a44134482993f5baeb97e61b7ecc89?s=96&d=mm&r=g\",\"contentUrl\":\"https:\\\/\\\/secure.gravatar.com\\\/avatar\\\/42749d8b712ff9d59ca93dc150494e5b55a44134482993f5baeb97e61b7ecc89?s=96&d=mm&r=g\",\"caption\":\"Roberto\"},\"url\":\"https:\\\/\\\/regiaonews.net.br\\\/2022\\\/author\\\/roberto\\\/\"}]}<\/script>\n<!-- \/ Yoast SEO plugin. -->","yoast_head_json":{"title":"Pol\u00edcia Civil desarticula organiza\u00e7\u00e3o criminosa que lavava dinheiro de roubosPol\u00edcia Civil desarticula organiza\u00e7\u00e3o criminosa que lavava dinheiro de roubos","robots":{"index":"index","follow":"follow","max-snippet":"max-snippet:-1","max-image-preview":"max-image-preview:large","max-video-preview":"max-video-preview:-1"},"canonical":"https:\/\/regiaonews.net.br\/2022\/2023\/07\/28\/policia-civil-desarticula-organizacao-criminosa-que-lavava-dinheiro-de-roubos\/","og_locale":"pt_BR","og_type":"article","og_title":"Pol\u00edcia Civil desarticula organiza\u00e7\u00e3o criminosa que lavava dinheiro de roubosPol\u00edcia Civil desarticula organiza\u00e7\u00e3o criminosa que lavava dinheiro de roubos","og_description":"&nbsp; Opera\u00e7\u00e3o &#8220;Prodigus&#8221; cumpriu 7 mandados de pris\u00e3o tempor\u00e1ria A","og_url":"https:\/\/regiaonews.net.br\/2022\/2023\/07\/28\/policia-civil-desarticula-organizacao-criminosa-que-lavava-dinheiro-de-roubos\/","og_site_name":"Regi\u00e3o News","article_published_time":"2023-07-28T11:32:55+00:00","article_modified_time":"2023-07-28T11:50:02+00:00","og_image":[{"width":1600,"height":1200,"url":"https:\/\/regiaonews.net.br\/2022\/wp-content\/uploads\/2023\/07\/Imagem-do-WhatsApp-de-2023-07-28-as-08.32.12.jpg","type":"image\/jpeg"}],"author":"Roberto","twitter_card":"summary_large_image","twitter_misc":{"Escrito por":"Roberto","Est. tempo de leitura":"3 minutos"},"schema":{"@context":"https:\/\/schema.org","@graph":[{"@type":"Article","@id":"https:\/\/regiaonews.net.br\/2022\/2023\/07\/28\/policia-civil-desarticula-organizacao-criminosa-que-lavava-dinheiro-de-roubos\/#article","isPartOf":{"@id":"https:\/\/regiaonews.net.br\/2022\/2023\/07\/28\/policia-civil-desarticula-organizacao-criminosa-que-lavava-dinheiro-de-roubos\/"},"author":{"name":"Roberto","@id":"https:\/\/regiaonews.net.br\/2022\/#\/schema\/person\/2d205a608a5aa97ac279d7a5e6d89ad8"},"headline":"Pol\u00edcia Civil desarticula organiza\u00e7\u00e3o criminosa que lavava dinheiro de roubos","datePublished":"2023-07-28T11:32:55+00:00","dateModified":"2023-07-28T11:50:02+00:00","mainEntityOfPage":{"@id":"https:\/\/regiaonews.net.br\/2022\/2023\/07\/28\/policia-civil-desarticula-organizacao-criminosa-que-lavava-dinheiro-de-roubos\/"},"wordCount":521,"commentCount":0,"publisher":{"@id":"https:\/\/regiaonews.net.br\/2022\/#organization"},"image":{"@id":"https:\/\/regiaonews.net.br\/2022\/2023\/07\/28\/policia-civil-desarticula-organizacao-criminosa-que-lavava-dinheiro-de-roubos\/#primaryimage"},"thumbnailUrl":"https:\/\/regiaonews.net.br\/2022\/wp-content\/uploads\/2023\/07\/Imagem-do-WhatsApp-de-2023-07-28-as-08.32.12.jpg","articleSection":["Barretos","Policia"],"inLanguage":"pt-BR","potentialAction":[{"@type":"CommentAction","name":"Comment","target":["https:\/\/regiaonews.net.br\/2022\/2023\/07\/28\/policia-civil-desarticula-organizacao-criminosa-que-lavava-dinheiro-de-roubos\/#respond"]}]},{"@type":"WebPage","@id":"https:\/\/regiaonews.net.br\/2022\/2023\/07\/28\/policia-civil-desarticula-organizacao-criminosa-que-lavava-dinheiro-de-roubos\/","url":"https:\/\/regiaonews.net.br\/2022\/2023\/07\/28\/policia-civil-desarticula-organizacao-criminosa-que-lavava-dinheiro-de-roubos\/","name":"Pol\u00edcia Civil desarticula organiza\u00e7\u00e3o criminosa que lavava dinheiro de roubosPol\u00edcia Civil desarticula organiza\u00e7\u00e3o criminosa que lavava dinheiro de roubos","isPartOf":{"@id":"https:\/\/regiaonews.net.br\/2022\/#website"},"primaryImageOfPage":{"@id":"https:\/\/regiaonews.net.br\/2022\/2023\/07\/28\/policia-civil-desarticula-organizacao-criminosa-que-lavava-dinheiro-de-roubos\/#primaryimage"},"image":{"@id":"https:\/\/regiaonews.net.br\/2022\/2023\/07\/28\/policia-civil-desarticula-organizacao-criminosa-que-lavava-dinheiro-de-roubos\/#primaryimage"},"thumbnailUrl":"https:\/\/regiaonews.net.br\/2022\/wp-content\/uploads\/2023\/07\/Imagem-do-WhatsApp-de-2023-07-28-as-08.32.12.jpg","datePublished":"2023-07-28T11:32:55+00:00","dateModified":"2023-07-28T11:50:02+00:00","breadcrumb":{"@id":"https:\/\/regiaonews.net.br\/2022\/2023\/07\/28\/policia-civil-desarticula-organizacao-criminosa-que-lavava-dinheiro-de-roubos\/#breadcrumb"},"inLanguage":"pt-BR","potentialAction":[{"@type":"ReadAction","target":["https:\/\/regiaonews.net.br\/2022\/2023\/07\/28\/policia-civil-desarticula-organizacao-criminosa-que-lavava-dinheiro-de-roubos\/"]}]},{"@type":"ImageObject","inLanguage":"pt-BR","@id":"https:\/\/regiaonews.net.br\/2022\/2023\/07\/28\/policia-civil-desarticula-organizacao-criminosa-que-lavava-dinheiro-de-roubos\/#primaryimage","url":"https:\/\/regiaonews.net.br\/2022\/wp-content\/uploads\/2023\/07\/Imagem-do-WhatsApp-de-2023-07-28-as-08.32.12.jpg","contentUrl":"https:\/\/regiaonews.net.br\/2022\/wp-content\/uploads\/2023\/07\/Imagem-do-WhatsApp-de-2023-07-28-as-08.32.12.jpg","width":1600,"height":1200},{"@type":"BreadcrumbList","@id":"https:\/\/regiaonews.net.br\/2022\/2023\/07\/28\/policia-civil-desarticula-organizacao-criminosa-que-lavava-dinheiro-de-roubos\/#breadcrumb","itemListElement":[{"@type":"ListItem","position":1,"name":"In\u00edcio","item":"https:\/\/regiaonews.net.br\/2022\/"},{"@type":"ListItem","position":2,"name":"Pol\u00edcia Civil desarticula organiza\u00e7\u00e3o criminosa que lavava dinheiro de roubos"}]},{"@type":"WebSite","@id":"https:\/\/regiaonews.net.br\/2022\/#website","url":"https:\/\/regiaonews.net.br\/2022\/","name":"Regi\u00e3o News","description":"Site de Not\u00edcias de Barretos e regi\u00e3o","publisher":{"@id":"https:\/\/regiaonews.net.br\/2022\/#organization"},"potentialAction":[{"@type":"SearchAction","target":{"@type":"EntryPoint","urlTemplate":"https:\/\/regiaonews.net.br\/2022\/?s={search_term_string}"},"query-input":{"@type":"PropertyValueSpecification","valueRequired":true,"valueName":"search_term_string"}}],"inLanguage":"pt-BR"},{"@type":"Organization","@id":"https:\/\/regiaonews.net.br\/2022\/#organization","name":"Regi\u00e3o News","url":"https:\/\/regiaonews.net.br\/2022\/","logo":{"@type":"ImageObject","inLanguage":"pt-BR","@id":"https:\/\/regiaonews.net.br\/2022\/#\/schema\/logo\/image\/","url":"https:\/\/regiaonews.net.br\/2022\/wp-content\/uploads\/2026\/03\/regiao-13-anos-scaled.jpg","contentUrl":"https:\/\/regiaonews.net.br\/2022\/wp-content\/uploads\/2026\/03\/regiao-13-anos-scaled.jpg","width":2560,"height":635,"caption":"Regi\u00e3o News"},"image":{"@id":"https:\/\/regiaonews.net.br\/2022\/#\/schema\/logo\/image\/"}},{"@type":"Person","@id":"https:\/\/regiaonews.net.br\/2022\/#\/schema\/person\/2d205a608a5aa97ac279d7a5e6d89ad8","name":"Roberto","image":{"@type":"ImageObject","inLanguage":"pt-BR","@id":"https:\/\/secure.gravatar.com\/avatar\/42749d8b712ff9d59ca93dc150494e5b55a44134482993f5baeb97e61b7ecc89?s=96&d=mm&r=g","url":"https:\/\/secure.gravatar.com\/avatar\/42749d8b712ff9d59ca93dc150494e5b55a44134482993f5baeb97e61b7ecc89?s=96&d=mm&r=g","contentUrl":"https:\/\/secure.gravatar.com\/avatar\/42749d8b712ff9d59ca93dc150494e5b55a44134482993f5baeb97e61b7ecc89?s=96&d=mm&r=g","caption":"Roberto"},"url":"https:\/\/regiaonews.net.br\/2022\/author\/roberto\/"}]}},"publishpress_future_action":{"enabled":false,"date":"2026-05-03 10:14:17","action":"change-status","newStatus":"draft","terms":[],"taxonomy":"category","extraData":[]},"publishpress_future_workflow_manual_trigger":{"enabledWorkflows":[]},"_links":{"self":[{"href":"https:\/\/regiaonews.net.br\/2022\/wp-json\/wp\/v2\/posts\/92422","targetHints":{"allow":["GET"]}}],"collection":[{"href":"https:\/\/regiaonews.net.br\/2022\/wp-json\/wp\/v2\/posts"}],"about":[{"href":"https:\/\/regiaonews.net.br\/2022\/wp-json\/wp\/v2\/types\/post"}],"author":[{"embeddable":true,"href":"https:\/\/regiaonews.net.br\/2022\/wp-json\/wp\/v2\/users\/2"}],"replies":[{"embeddable":true,"href":"https:\/\/regiaonews.net.br\/2022\/wp-json\/wp\/v2\/comments?post=92422"}],"version-history":[{"count":3,"href":"https:\/\/regiaonews.net.br\/2022\/wp-json\/wp\/v2\/posts\/92422\/revisions"}],"predecessor-version":[{"id":92428,"href":"https:\/\/regiaonews.net.br\/2022\/wp-json\/wp\/v2\/posts\/92422\/revisions\/92428"}],"wp:featuredmedia":[{"embeddable":true,"href":"https:\/\/regiaonews.net.br\/2022\/wp-json\/wp\/v2\/media\/92425"}],"wp:attachment":[{"href":"https:\/\/regiaonews.net.br\/2022\/wp-json\/wp\/v2\/media?parent=92422"}],"wp:term":[{"taxonomy":"category","embeddable":true,"href":"https:\/\/regiaonews.net.br\/2022\/wp-json\/wp\/v2\/categories?post=92422"},{"taxonomy":"post_tag","embeddable":true,"href":"https:\/\/regiaonews.net.br\/2022\/wp-json\/wp\/v2\/tags?post=92422"}],"curies":[{"name":"wp","href":"https:\/\/api.w.org\/{rel}","templated":true}]}}