{"id":92315,"date":"2023-07-26T15:52:49","date_gmt":"2023-07-26T18:52:49","guid":{"rendered":"https:\/\/regiaonews.net.br\/2022\/?p=92315"},"modified":"2023-07-26T15:52:49","modified_gmt":"2023-07-26T18:52:49","slug":"secretarios-acompanham-evolucao-de-obra-do-vertedouro-da-rodovia-brigadeiro-faria-lima","status":"publish","type":"post","link":"https:\/\/regiaonews.net.br\/2022\/2023\/07\/26\/secretarios-acompanham-evolucao-de-obra-do-vertedouro-da-rodovia-brigadeiro-faria-lima\/","title":{"rendered":"Secret\u00e1rios acompanham evolu\u00e7\u00e3o de obra do vertedouro da Rodovia Brigadeiro Faria Lima"},"content":{"rendered":"<h3 style=\"text-align: center;\">Sistema tem objetivo de conter os res\u00edduos que causam o assoreamento na Regi\u00e3o dos Lagos.<\/h3>\n<p>Os secret\u00e1rios municipais de Agricultura e Meio Ambiente, Gra\u00e7a Lemos, de Obras e Servi\u00e7os Urbanos, Pl\u00e1cido Martins Junior, e de Planejamento e Desenvolvimento, Carlos Henrique Gon\u00e7alves L\u00facio, junto do diretor da MP8 Engenharia e Constru\u00e7\u00f5es, Paulo Milan, estiveram na manh\u00e3 desta ter\u00e7a-feira, 25 de julho, acompanhando a evolu\u00e7\u00e3o da obra de constru\u00e7\u00e3o e melhorias no vertedouro \u00e0s margens da Rodovia Brigadeiro Faria Lima.<br \/>\nGra\u00e7a Lemos destacou a import\u00e2ncia de uma infraestrutura adequada para o recebimento de novos empreendimentos imobili\u00e1rios na cidade. \u201cPor que isto est\u00e1 assim? Essa \u00e9 a pergunta que a gente tem que fazer. As constru\u00e7\u00f5es e loteamentos que s\u00e3o feitos v\u00e3o impermeabilizando o solo. A\u00ed vem uma quantidade muito grande de \u00e1gua, que causa danos, pois a infraestrutura necess\u00e1ria n\u00e3o foi realizada como devia\u201d, disse.<br \/>\nA secret\u00e1ria tamb\u00e9m falou da necessidade de obras como esta, que muitas vezes passam despercebidas por estarem localizada em pontos de menor visibilidade, mas que s\u00e3o indispens\u00e1veis para a cidade. \u201cQuando me perguntam qual a marca da prefeita Paula eu digo: Ela est\u00e1 cuidando daquilo que \u00e9 essencial, mas que muitas vezes n\u00e3o \u00e9 aparente aos olhos. O importante \u00e9 que se deixe a vaidade de lado, as apar\u00eancias e grandes obra aparentes, para cuidar da ess\u00eancia que \u00e9 o nosso meio ambiente, porque sem ele n\u00e3o existe vida\u201d, disse. \u201cN\u00e3o adianta a gente desassorear os lagos sem combater toda a problem\u00e1tica dessa areia que desce para l\u00e1\u201d, finalizou.<br \/>\nA obra consiste em quatro equipamentos feitos em pedra rach\u00e3o que v\u00e3o come\u00e7ar na Ponte da Estrada das Palmeiras, com a fun\u00e7\u00e3o de reduzir a velocidade da \u00e1gua e a quantidade de res\u00edduos que ela carrega, evitando o assoreamento da primeira represa do Parque dos Lagos.<br \/>\nPaulo Milan, diretor da MP8 Engenharia e Constru\u00e7\u00f5es, respons\u00e1vel pelo servi\u00e7o, lembrou que a cidade enfrenta este problema h\u00e1 v\u00e1rios anos e que obras complementares ainda dever\u00e3o ser realizadas. \u201c\u00c9 um problema s\u00e9rio que Barretos enfrenta h\u00e1 v\u00e1rios anos no per\u00edodo das chuvas. N\u00f3s estamos executando aqui este vertedouro, que vai conter a areia antes de chegar ao lago. S\u00e3o caixas de gabi\u00e3o, que s\u00e3o pedras encaixotadas em arame, um sistema muito eficiente que vai ter 3m de altura com base de 4m\u201d, explicou.<\/p>\n<p>Fotos: Tininho Jr.<\/p>\n","protected":false},"excerpt":{"rendered":"<p>Sistema tem objetivo de conter os res\u00edduos que causam o<\/p>\n","protected":false},"author":2,"featured_media":92316,"comment_status":"open","ping_status":"open","sticky":false,"template":"","format":"standard","meta":{"footnotes":""},"categories":[14,3],"tags":[],"class_list":["post-92315","post","type-post","status-publish","format-standard","has-post-thumbnail","hentry","category-barretos","category-geral"],"yoast_head":"<!-- This site is optimized with the Yoast SEO plugin v27.4 - https:\/\/yoast.com\/product\/yoast-seo-wordpress\/ -->\n<title>Secret\u00e1rios acompanham evolu\u00e7\u00e3o de obra do vertedouro da Rodovia Brigadeiro Faria Lima - Regi\u00e3o News<\/title>\n<meta name=\"robots\" content=\"index, follow, max-snippet:-1, max-image-preview:large, max-video-preview:-1\" \/>\n<link rel=\"canonical\" href=\"https:\/\/regiaonews.net.br\/2022\/2023\/07\/26\/secretarios-acompanham-evolucao-de-obra-do-vertedouro-da-rodovia-brigadeiro-faria-lima\/\" \/>\n<meta property=\"og:locale\" content=\"pt_BR\" \/>\n<meta property=\"og:type\" content=\"article\" \/>\n<meta property=\"og:title\" content=\"Secret\u00e1rios acompanham evolu\u00e7\u00e3o de obra do vertedouro da Rodovia Brigadeiro Faria Lima - Regi\u00e3o News\" \/>\n<meta property=\"og:description\" content=\"Sistema tem objetivo de conter os res\u00edduos que causam o\" \/>\n<meta property=\"og:url\" content=\"https:\/\/regiaonews.net.br\/2022\/2023\/07\/26\/secretarios-acompanham-evolucao-de-obra-do-vertedouro-da-rodovia-brigadeiro-faria-lima\/\" \/>\n<meta property=\"og:site_name\" content=\"Regi\u00e3o News\" \/>\n<meta property=\"article:published_time\" content=\"2023-07-26T18:52:49+00:00\" \/>\n<meta property=\"og:image\" content=\"https:\/\/regiaonews.net.br\/2022\/wp-content\/uploads\/2023\/07\/Imagem-do-WhatsApp-de-2023-07-26-as-15.47.53.jpg\" \/>\n\t<meta property=\"og:image:width\" content=\"1600\" \/>\n\t<meta property=\"og:image:height\" content=\"1066\" \/>\n\t<meta property=\"og:image:type\" content=\"image\/jpeg\" \/>\n<meta name=\"author\" content=\"Roberto\" \/>\n<meta name=\"twitter:card\" content=\"summary_large_image\" \/>\n<meta name=\"twitter:label1\" content=\"Escrito por\" \/>\n\t<meta name=\"twitter:data1\" content=\"Roberto\" \/>\n\t<meta name=\"twitter:label2\" content=\"Est. tempo de leitura\" \/>\n\t<meta name=\"twitter:data2\" content=\"3 minutos\" \/>\n<script type=\"application\/ld+json\" class=\"yoast-schema-graph\">{\"@context\":\"https:\\\/\\\/schema.org\",\"@graph\":[{\"@type\":\"Article\",\"@id\":\"https:\\\/\\\/regiaonews.net.br\\\/2022\\\/2023\\\/07\\\/26\\\/secretarios-acompanham-evolucao-de-obra-do-vertedouro-da-rodovia-brigadeiro-faria-lima\\\/#article\",\"isPartOf\":{\"@id\":\"https:\\\/\\\/regiaonews.net.br\\\/2022\\\/2023\\\/07\\\/26\\\/secretarios-acompanham-evolucao-de-obra-do-vertedouro-da-rodovia-brigadeiro-faria-lima\\\/\"},\"author\":{\"name\":\"Roberto\",\"@id\":\"https:\\\/\\\/regiaonews.net.br\\\/2022\\\/#\\\/schema\\\/person\\\/2d205a608a5aa97ac279d7a5e6d89ad8\"},\"headline\":\"Secret\u00e1rios acompanham evolu\u00e7\u00e3o de obra do vertedouro da Rodovia Brigadeiro Faria Lima\",\"datePublished\":\"2023-07-26T18:52:49+00:00\",\"mainEntityOfPage\":{\"@id\":\"https:\\\/\\\/regiaonews.net.br\\\/2022\\\/2023\\\/07\\\/26\\\/secretarios-acompanham-evolucao-de-obra-do-vertedouro-da-rodovia-brigadeiro-faria-lima\\\/\"},\"wordCount\":439,\"commentCount\":0,\"publisher\":{\"@id\":\"https:\\\/\\\/regiaonews.net.br\\\/2022\\\/#organization\"},\"image\":{\"@id\":\"https:\\\/\\\/regiaonews.net.br\\\/2022\\\/2023\\\/07\\\/26\\\/secretarios-acompanham-evolucao-de-obra-do-vertedouro-da-rodovia-brigadeiro-faria-lima\\\/#primaryimage\"},\"thumbnailUrl\":\"https:\\\/\\\/regiaonews.net.br\\\/2022\\\/wp-content\\\/uploads\\\/2023\\\/07\\\/Imagem-do-WhatsApp-de-2023-07-26-as-15.47.53.jpg\",\"articleSection\":[\"Barretos\",\"Geral\"],\"inLanguage\":\"pt-BR\",\"potentialAction\":[{\"@type\":\"CommentAction\",\"name\":\"Comment\",\"target\":[\"https:\\\/\\\/regiaonews.net.br\\\/2022\\\/2023\\\/07\\\/26\\\/secretarios-acompanham-evolucao-de-obra-do-vertedouro-da-rodovia-brigadeiro-faria-lima\\\/#respond\"]}]},{\"@type\":\"WebPage\",\"@id\":\"https:\\\/\\\/regiaonews.net.br\\\/2022\\\/2023\\\/07\\\/26\\\/secretarios-acompanham-evolucao-de-obra-do-vertedouro-da-rodovia-brigadeiro-faria-lima\\\/\",\"url\":\"https:\\\/\\\/regiaonews.net.br\\\/2022\\\/2023\\\/07\\\/26\\\/secretarios-acompanham-evolucao-de-obra-do-vertedouro-da-rodovia-brigadeiro-faria-lima\\\/\",\"name\":\"Secret\u00e1rios acompanham evolu\u00e7\u00e3o de obra do vertedouro da Rodovia Brigadeiro Faria Lima - Regi\u00e3o News\",\"isPartOf\":{\"@id\":\"https:\\\/\\\/regiaonews.net.br\\\/2022\\\/#website\"},\"primaryImageOfPage\":{\"@id\":\"https:\\\/\\\/regiaonews.net.br\\\/2022\\\/2023\\\/07\\\/26\\\/secretarios-acompanham-evolucao-de-obra-do-vertedouro-da-rodovia-brigadeiro-faria-lima\\\/#primaryimage\"},\"image\":{\"@id\":\"https:\\\/\\\/regiaonews.net.br\\\/2022\\\/2023\\\/07\\\/26\\\/secretarios-acompanham-evolucao-de-obra-do-vertedouro-da-rodovia-brigadeiro-faria-lima\\\/#primaryimage\"},\"thumbnailUrl\":\"https:\\\/\\\/regiaonews.net.br\\\/2022\\\/wp-content\\\/uploads\\\/2023\\\/07\\\/Imagem-do-WhatsApp-de-2023-07-26-as-15.47.53.jpg\",\"datePublished\":\"2023-07-26T18:52:49+00:00\",\"breadcrumb\":{\"@id\":\"https:\\\/\\\/regiaonews.net.br\\\/2022\\\/2023\\\/07\\\/26\\\/secretarios-acompanham-evolucao-de-obra-do-vertedouro-da-rodovia-brigadeiro-faria-lima\\\/#breadcrumb\"},\"inLanguage\":\"pt-BR\",\"potentialAction\":[{\"@type\":\"ReadAction\",\"target\":[\"https:\\\/\\\/regiaonews.net.br\\\/2022\\\/2023\\\/07\\\/26\\\/secretarios-acompanham-evolucao-de-obra-do-vertedouro-da-rodovia-brigadeiro-faria-lima\\\/\"]}]},{\"@type\":\"ImageObject\",\"inLanguage\":\"pt-BR\",\"@id\":\"https:\\\/\\\/regiaonews.net.br\\\/2022\\\/2023\\\/07\\\/26\\\/secretarios-acompanham-evolucao-de-obra-do-vertedouro-da-rodovia-brigadeiro-faria-lima\\\/#primaryimage\",\"url\":\"https:\\\/\\\/regiaonews.net.br\\\/2022\\\/wp-content\\\/uploads\\\/2023\\\/07\\\/Imagem-do-WhatsApp-de-2023-07-26-as-15.47.53.jpg\",\"contentUrl\":\"https:\\\/\\\/regiaonews.net.br\\\/2022\\\/wp-content\\\/uploads\\\/2023\\\/07\\\/Imagem-do-WhatsApp-de-2023-07-26-as-15.47.53.jpg\",\"width\":1600,\"height\":1066},{\"@type\":\"BreadcrumbList\",\"@id\":\"https:\\\/\\\/regiaonews.net.br\\\/2022\\\/2023\\\/07\\\/26\\\/secretarios-acompanham-evolucao-de-obra-do-vertedouro-da-rodovia-brigadeiro-faria-lima\\\/#breadcrumb\",\"itemListElement\":[{\"@type\":\"ListItem\",\"position\":1,\"name\":\"In\u00edcio\",\"item\":\"https:\\\/\\\/regiaonews.net.br\\\/2022\\\/\"},{\"@type\":\"ListItem\",\"position\":2,\"name\":\"Secret\u00e1rios acompanham evolu\u00e7\u00e3o de obra do vertedouro da Rodovia Brigadeiro Faria Lima\"}]},{\"@type\":\"WebSite\",\"@id\":\"https:\\\/\\\/regiaonews.net.br\\\/2022\\\/#website\",\"url\":\"https:\\\/\\\/regiaonews.net.br\\\/2022\\\/\",\"name\":\"Regi\u00e3o News\",\"description\":\"Site de Not\u00edcias de Barretos e regi\u00e3o\",\"publisher\":{\"@id\":\"https:\\\/\\\/regiaonews.net.br\\\/2022\\\/#organization\"},\"potentialAction\":[{\"@type\":\"SearchAction\",\"target\":{\"@type\":\"EntryPoint\",\"urlTemplate\":\"https:\\\/\\\/regiaonews.net.br\\\/2022\\\/?s={search_term_string}\"},\"query-input\":{\"@type\":\"PropertyValueSpecification\",\"valueRequired\":true,\"valueName\":\"search_term_string\"}}],\"inLanguage\":\"pt-BR\"},{\"@type\":\"Organization\",\"@id\":\"https:\\\/\\\/regiaonews.net.br\\\/2022\\\/#organization\",\"name\":\"Regi\u00e3o News\",\"url\":\"https:\\\/\\\/regiaonews.net.br\\\/2022\\\/\",\"logo\":{\"@type\":\"ImageObject\",\"inLanguage\":\"pt-BR\",\"@id\":\"https:\\\/\\\/regiaonews.net.br\\\/2022\\\/#\\\/schema\\\/logo\\\/image\\\/\",\"url\":\"https:\\\/\\\/regiaonews.net.br\\\/2022\\\/wp-content\\\/uploads\\\/2026\\\/03\\\/regiao-13-anos-scaled.jpg\",\"contentUrl\":\"https:\\\/\\\/regiaonews.net.br\\\/2022\\\/wp-content\\\/uploads\\\/2026\\\/03\\\/regiao-13-anos-scaled.jpg\",\"width\":2560,\"height\":635,\"caption\":\"Regi\u00e3o News\"},\"image\":{\"@id\":\"https:\\\/\\\/regiaonews.net.br\\\/2022\\\/#\\\/schema\\\/logo\\\/image\\\/\"}},{\"@type\":\"Person\",\"@id\":\"https:\\\/\\\/regiaonews.net.br\\\/2022\\\/#\\\/schema\\\/person\\\/2d205a608a5aa97ac279d7a5e6d89ad8\",\"name\":\"Roberto\",\"image\":{\"@type\":\"ImageObject\",\"inLanguage\":\"pt-BR\",\"@id\":\"https:\\\/\\\/secure.gravatar.com\\\/avatar\\\/42749d8b712ff9d59ca93dc150494e5b55a44134482993f5baeb97e61b7ecc89?s=96&d=mm&r=g\",\"url\":\"https:\\\/\\\/secure.gravatar.com\\\/avatar\\\/42749d8b712ff9d59ca93dc150494e5b55a44134482993f5baeb97e61b7ecc89?s=96&d=mm&r=g\",\"contentUrl\":\"https:\\\/\\\/secure.gravatar.com\\\/avatar\\\/42749d8b712ff9d59ca93dc150494e5b55a44134482993f5baeb97e61b7ecc89?s=96&d=mm&r=g\",\"caption\":\"Roberto\"},\"url\":\"https:\\\/\\\/regiaonews.net.br\\\/2022\\\/author\\\/roberto\\\/\"}]}<\/script>\n<!-- \/ Yoast SEO plugin. -->","yoast_head_json":{"title":"Secret\u00e1rios acompanham evolu\u00e7\u00e3o de obra do vertedouro da Rodovia Brigadeiro Faria Lima - Regi\u00e3o News","robots":{"index":"index","follow":"follow","max-snippet":"max-snippet:-1","max-image-preview":"max-image-preview:large","max-video-preview":"max-video-preview:-1"},"canonical":"https:\/\/regiaonews.net.br\/2022\/2023\/07\/26\/secretarios-acompanham-evolucao-de-obra-do-vertedouro-da-rodovia-brigadeiro-faria-lima\/","og_locale":"pt_BR","og_type":"article","og_title":"Secret\u00e1rios acompanham evolu\u00e7\u00e3o de obra do vertedouro da Rodovia Brigadeiro Faria Lima - Regi\u00e3o News","og_description":"Sistema tem objetivo de conter os res\u00edduos que causam o","og_url":"https:\/\/regiaonews.net.br\/2022\/2023\/07\/26\/secretarios-acompanham-evolucao-de-obra-do-vertedouro-da-rodovia-brigadeiro-faria-lima\/","og_site_name":"Regi\u00e3o News","article_published_time":"2023-07-26T18:52:49+00:00","og_image":[{"width":1600,"height":1066,"url":"https:\/\/regiaonews.net.br\/2022\/wp-content\/uploads\/2023\/07\/Imagem-do-WhatsApp-de-2023-07-26-as-15.47.53.jpg","type":"image\/jpeg"}],"author":"Roberto","twitter_card":"summary_large_image","twitter_misc":{"Escrito por":"Roberto","Est. tempo de leitura":"3 minutos"},"schema":{"@context":"https:\/\/schema.org","@graph":[{"@type":"Article","@id":"https:\/\/regiaonews.net.br\/2022\/2023\/07\/26\/secretarios-acompanham-evolucao-de-obra-do-vertedouro-da-rodovia-brigadeiro-faria-lima\/#article","isPartOf":{"@id":"https:\/\/regiaonews.net.br\/2022\/2023\/07\/26\/secretarios-acompanham-evolucao-de-obra-do-vertedouro-da-rodovia-brigadeiro-faria-lima\/"},"author":{"name":"Roberto","@id":"https:\/\/regiaonews.net.br\/2022\/#\/schema\/person\/2d205a608a5aa97ac279d7a5e6d89ad8"},"headline":"Secret\u00e1rios acompanham evolu\u00e7\u00e3o de obra do vertedouro da Rodovia Brigadeiro Faria Lima","datePublished":"2023-07-26T18:52:49+00:00","mainEntityOfPage":{"@id":"https:\/\/regiaonews.net.br\/2022\/2023\/07\/26\/secretarios-acompanham-evolucao-de-obra-do-vertedouro-da-rodovia-brigadeiro-faria-lima\/"},"wordCount":439,"commentCount":0,"publisher":{"@id":"https:\/\/regiaonews.net.br\/2022\/#organization"},"image":{"@id":"https:\/\/regiaonews.net.br\/2022\/2023\/07\/26\/secretarios-acompanham-evolucao-de-obra-do-vertedouro-da-rodovia-brigadeiro-faria-lima\/#primaryimage"},"thumbnailUrl":"https:\/\/regiaonews.net.br\/2022\/wp-content\/uploads\/2023\/07\/Imagem-do-WhatsApp-de-2023-07-26-as-15.47.53.jpg","articleSection":["Barretos","Geral"],"inLanguage":"pt-BR","potentialAction":[{"@type":"CommentAction","name":"Comment","target":["https:\/\/regiaonews.net.br\/2022\/2023\/07\/26\/secretarios-acompanham-evolucao-de-obra-do-vertedouro-da-rodovia-brigadeiro-faria-lima\/#respond"]}]},{"@type":"WebPage","@id":"https:\/\/regiaonews.net.br\/2022\/2023\/07\/26\/secretarios-acompanham-evolucao-de-obra-do-vertedouro-da-rodovia-brigadeiro-faria-lima\/","url":"https:\/\/regiaonews.net.br\/2022\/2023\/07\/26\/secretarios-acompanham-evolucao-de-obra-do-vertedouro-da-rodovia-brigadeiro-faria-lima\/","name":"Secret\u00e1rios acompanham evolu\u00e7\u00e3o de obra do vertedouro da Rodovia Brigadeiro Faria Lima - Regi\u00e3o News","isPartOf":{"@id":"https:\/\/regiaonews.net.br\/2022\/#website"},"primaryImageOfPage":{"@id":"https:\/\/regiaonews.net.br\/2022\/2023\/07\/26\/secretarios-acompanham-evolucao-de-obra-do-vertedouro-da-rodovia-brigadeiro-faria-lima\/#primaryimage"},"image":{"@id":"https:\/\/regiaonews.net.br\/2022\/2023\/07\/26\/secretarios-acompanham-evolucao-de-obra-do-vertedouro-da-rodovia-brigadeiro-faria-lima\/#primaryimage"},"thumbnailUrl":"https:\/\/regiaonews.net.br\/2022\/wp-content\/uploads\/2023\/07\/Imagem-do-WhatsApp-de-2023-07-26-as-15.47.53.jpg","datePublished":"2023-07-26T18:52:49+00:00","breadcrumb":{"@id":"https:\/\/regiaonews.net.br\/2022\/2023\/07\/26\/secretarios-acompanham-evolucao-de-obra-do-vertedouro-da-rodovia-brigadeiro-faria-lima\/#breadcrumb"},"inLanguage":"pt-BR","potentialAction":[{"@type":"ReadAction","target":["https:\/\/regiaonews.net.br\/2022\/2023\/07\/26\/secretarios-acompanham-evolucao-de-obra-do-vertedouro-da-rodovia-brigadeiro-faria-lima\/"]}]},{"@type":"ImageObject","inLanguage":"pt-BR","@id":"https:\/\/regiaonews.net.br\/2022\/2023\/07\/26\/secretarios-acompanham-evolucao-de-obra-do-vertedouro-da-rodovia-brigadeiro-faria-lima\/#primaryimage","url":"https:\/\/regiaonews.net.br\/2022\/wp-content\/uploads\/2023\/07\/Imagem-do-WhatsApp-de-2023-07-26-as-15.47.53.jpg","contentUrl":"https:\/\/regiaonews.net.br\/2022\/wp-content\/uploads\/2023\/07\/Imagem-do-WhatsApp-de-2023-07-26-as-15.47.53.jpg","width":1600,"height":1066},{"@type":"BreadcrumbList","@id":"https:\/\/regiaonews.net.br\/2022\/2023\/07\/26\/secretarios-acompanham-evolucao-de-obra-do-vertedouro-da-rodovia-brigadeiro-faria-lima\/#breadcrumb","itemListElement":[{"@type":"ListItem","position":1,"name":"In\u00edcio","item":"https:\/\/regiaonews.net.br\/2022\/"},{"@type":"ListItem","position":2,"name":"Secret\u00e1rios acompanham evolu\u00e7\u00e3o de obra do vertedouro da Rodovia Brigadeiro Faria Lima"}]},{"@type":"WebSite","@id":"https:\/\/regiaonews.net.br\/2022\/#website","url":"https:\/\/regiaonews.net.br\/2022\/","name":"Regi\u00e3o News","description":"Site de Not\u00edcias de Barretos e regi\u00e3o","publisher":{"@id":"https:\/\/regiaonews.net.br\/2022\/#organization"},"potentialAction":[{"@type":"SearchAction","target":{"@type":"EntryPoint","urlTemplate":"https:\/\/regiaonews.net.br\/2022\/?s={search_term_string}"},"query-input":{"@type":"PropertyValueSpecification","valueRequired":true,"valueName":"search_term_string"}}],"inLanguage":"pt-BR"},{"@type":"Organization","@id":"https:\/\/regiaonews.net.br\/2022\/#organization","name":"Regi\u00e3o News","url":"https:\/\/regiaonews.net.br\/2022\/","logo":{"@type":"ImageObject","inLanguage":"pt-BR","@id":"https:\/\/regiaonews.net.br\/2022\/#\/schema\/logo\/image\/","url":"https:\/\/regiaonews.net.br\/2022\/wp-content\/uploads\/2026\/03\/regiao-13-anos-scaled.jpg","contentUrl":"https:\/\/regiaonews.net.br\/2022\/wp-content\/uploads\/2026\/03\/regiao-13-anos-scaled.jpg","width":2560,"height":635,"caption":"Regi\u00e3o News"},"image":{"@id":"https:\/\/regiaonews.net.br\/2022\/#\/schema\/logo\/image\/"}},{"@type":"Person","@id":"https:\/\/regiaonews.net.br\/2022\/#\/schema\/person\/2d205a608a5aa97ac279d7a5e6d89ad8","name":"Roberto","image":{"@type":"ImageObject","inLanguage":"pt-BR","@id":"https:\/\/secure.gravatar.com\/avatar\/42749d8b712ff9d59ca93dc150494e5b55a44134482993f5baeb97e61b7ecc89?s=96&d=mm&r=g","url":"https:\/\/secure.gravatar.com\/avatar\/42749d8b712ff9d59ca93dc150494e5b55a44134482993f5baeb97e61b7ecc89?s=96&d=mm&r=g","contentUrl":"https:\/\/secure.gravatar.com\/avatar\/42749d8b712ff9d59ca93dc150494e5b55a44134482993f5baeb97e61b7ecc89?s=96&d=mm&r=g","caption":"Roberto"},"url":"https:\/\/regiaonews.net.br\/2022\/author\/roberto\/"}]}},"publishpress_future_action":{"enabled":false,"date":"2026-05-03 05:52:14","action":"change-status","newStatus":"draft","terms":[],"taxonomy":"category","extraData":[]},"publishpress_future_workflow_manual_trigger":{"enabledWorkflows":[]},"_links":{"self":[{"href":"https:\/\/regiaonews.net.br\/2022\/wp-json\/wp\/v2\/posts\/92315","targetHints":{"allow":["GET"]}}],"collection":[{"href":"https:\/\/regiaonews.net.br\/2022\/wp-json\/wp\/v2\/posts"}],"about":[{"href":"https:\/\/regiaonews.net.br\/2022\/wp-json\/wp\/v2\/types\/post"}],"author":[{"embeddable":true,"href":"https:\/\/regiaonews.net.br\/2022\/wp-json\/wp\/v2\/users\/2"}],"replies":[{"embeddable":true,"href":"https:\/\/regiaonews.net.br\/2022\/wp-json\/wp\/v2\/comments?post=92315"}],"version-history":[{"count":1,"href":"https:\/\/regiaonews.net.br\/2022\/wp-json\/wp\/v2\/posts\/92315\/revisions"}],"predecessor-version":[{"id":92317,"href":"https:\/\/regiaonews.net.br\/2022\/wp-json\/wp\/v2\/posts\/92315\/revisions\/92317"}],"wp:featuredmedia":[{"embeddable":true,"href":"https:\/\/regiaonews.net.br\/2022\/wp-json\/wp\/v2\/media\/92316"}],"wp:attachment":[{"href":"https:\/\/regiaonews.net.br\/2022\/wp-json\/wp\/v2\/media?parent=92315"}],"wp:term":[{"taxonomy":"category","embeddable":true,"href":"https:\/\/regiaonews.net.br\/2022\/wp-json\/wp\/v2\/categories?post=92315"},{"taxonomy":"post_tag","embeddable":true,"href":"https:\/\/regiaonews.net.br\/2022\/wp-json\/wp\/v2\/tags?post=92315"}],"curies":[{"name":"wp","href":"https:\/\/api.w.org\/{rel}","templated":true}]}}