{"id":92312,"date":"2023-07-26T15:51:10","date_gmt":"2023-07-26T18:51:10","guid":{"rendered":"https:\/\/regiaonews.net.br\/2022\/?p=92312"},"modified":"2023-07-26T15:51:10","modified_gmt":"2023-07-26T18:51:10","slug":"prefeitura-promove-capacitacao-para-boas-praticas-na-manipulacao-de-alimentos","status":"publish","type":"post","link":"https:\/\/regiaonews.net.br\/2022\/2023\/07\/26\/prefeitura-promove-capacitacao-para-boas-praticas-na-manipulacao-de-alimentos\/","title":{"rendered":"Prefeitura promove capacita\u00e7\u00e3o para boas pr\u00e1ticas na manipula\u00e7\u00e3o de alimentos"},"content":{"rendered":"<h3 style=\"text-align: center;\">Encontros formativos foram destinados a merendeiros e auxiliares que atuam nas cozinhas das Redes Municipal e Estadual de Ensino.<\/h3>\n<p>A Prefeitura da Est\u00e2ncia Tur\u00edstica de Barretos, por meio do Setor de Alimenta\u00e7\u00e3o Escolar da Secretaria Municipal de Educa\u00e7\u00e3o (SME), promoveu nos dias 11 e 18 de julho, dois encontros formativos com o tema \u201cOrganiza\u00e7\u00e3o geral e boas pr\u00e1ticas de manipula\u00e7\u00e3o\u201d, ministrados pelas nutricionistas Vanessa Ribeiro e Karla Renofio.<br \/>\nA secret\u00e1ria de Educa\u00e7\u00e3o, J\u00e9ssica Maria dos Santos, salientou a import\u00e2ncia das capacita\u00e7\u00f5es para a qualidade da merenda oferecida aos estudantes. \u201cOs encontros pr\u00e1ticos e te\u00f3ricos s\u00e3o de extrema import\u00e2ncia para que os nossos merendeiros estejam cada vez mais preparados para produzir alimentos de qualidade para nossas crian\u00e7as, tanto na Rede Municipal, quanto na Rede Estadual de Ensino. Esta gest\u00e3o se preocupa em oferecer qualifica\u00e7\u00e3o continuada para os nossos colaboradores\u201d, comentou.<br \/>\nDe acordo com Vanessa, o primeiro encontro foi realizado na SME com os merendeiros contratados pelo Regime Jur\u00eddico Administrativo Especial (Rejae), que atuam na Rede Estadual. J\u00e1 o segundo, foi voltado aos profissionais que atuam em cozinhas da Rede Municipal de Ensino e ocorreu no Audit\u00f3rio do Complexo Amador Alves de Queiroz, no Derby Clube. \u201cAs pautas tratadas foram direito \u00e0 alimenta\u00e7\u00e3o escolar; responsabilidades dos merendeiros; card\u00e1pios; apresenta\u00e7\u00e3o e forma de servir os alimentos; controle de estoque; recebimento de alimentos e confer\u00eancia; contagem de comensais; entrega de alimentos; coleta de amostras; e boas pr\u00e1ticas de produ\u00e7\u00e3o de alimentos, pautas pertencentes ao rol de atividades dos profissionais que atuam nas cozinhas escolares\u201d, disse.<br \/>\nO setor ainda destacou a realiza\u00e7\u00e3o de uma forma\u00e7\u00e3o pr\u00e1tica com o tema \u201cPreparo de refei\u00e7\u00f5es\u201d, ministrada pela nutricionista Mariana Messineti, no \u00faltimo dia 12, na Escola T\u00e9cnica Estadual Cel. Raphael Brand\u00e3o, tamb\u00e9m com merendeiros Rejaes que atuam na Rede Estadual. \u201cForam produzidas receitas que constam nos card\u00e1pios com maior grau de dificuldade na produ\u00e7\u00e3o, como bolos, frango cozido e molho branco\u201d, completou.<br \/>\nNesta quarta-feira, 26, as nutricionistas, t\u00e9cnicas respons\u00e1veis pelo Setor de Alimenta\u00e7\u00e3o escolar, realizar\u00e3o um encontro com os gestores das unidades de ensino para orienta\u00e7\u00f5es e esclarecimentos sobre as pautas abordadas durante a forma\u00e7\u00e3o de merendeiros.<\/p>\n<p>Foto: Divulga\u00e7\u00e3o<\/p>\n","protected":false},"excerpt":{"rendered":"<p>Encontros formativos foram destinados a merendeiros e auxiliares que atuam<\/p>\n","protected":false},"author":2,"featured_media":92313,"comment_status":"open","ping_status":"open","sticky":false,"template":"","format":"standard","meta":{"footnotes":""},"categories":[14,3],"tags":[],"class_list":["post-92312","post","type-post","status-publish","format-standard","has-post-thumbnail","hentry","category-barretos","category-geral"],"yoast_head":"<!-- This site is optimized with the Yoast SEO plugin v27.4 - https:\/\/yoast.com\/product\/yoast-seo-wordpress\/ -->\n<title>Prefeitura promove capacita\u00e7\u00e3o para boas pr\u00e1ticas na manipula\u00e7\u00e3o de alimentos - Regi\u00e3o News<\/title>\n<meta name=\"robots\" content=\"index, follow, max-snippet:-1, max-image-preview:large, max-video-preview:-1\" \/>\n<link rel=\"canonical\" href=\"https:\/\/regiaonews.net.br\/2022\/2023\/07\/26\/prefeitura-promove-capacitacao-para-boas-praticas-na-manipulacao-de-alimentos\/\" \/>\n<meta property=\"og:locale\" content=\"pt_BR\" \/>\n<meta property=\"og:type\" content=\"article\" \/>\n<meta property=\"og:title\" content=\"Prefeitura promove capacita\u00e7\u00e3o para boas pr\u00e1ticas na manipula\u00e7\u00e3o de alimentos - Regi\u00e3o News\" \/>\n<meta property=\"og:description\" content=\"Encontros formativos foram destinados a merendeiros e auxiliares que atuam\" \/>\n<meta property=\"og:url\" content=\"https:\/\/regiaonews.net.br\/2022\/2023\/07\/26\/prefeitura-promove-capacitacao-para-boas-praticas-na-manipulacao-de-alimentos\/\" \/>\n<meta property=\"og:site_name\" content=\"Regi\u00e3o News\" \/>\n<meta property=\"article:published_time\" content=\"2023-07-26T18:51:10+00:00\" \/>\n<meta property=\"og:image\" content=\"https:\/\/regiaonews.net.br\/2022\/wp-content\/uploads\/2023\/07\/Imagem-do-WhatsApp-de-2023-07-26-as-15.47.08-1.jpg\" \/>\n\t<meta property=\"og:image:width\" content=\"1024\" \/>\n\t<meta property=\"og:image:height\" content=\"768\" \/>\n\t<meta property=\"og:image:type\" content=\"image\/jpeg\" \/>\n<meta name=\"author\" content=\"Roberto\" \/>\n<meta name=\"twitter:card\" content=\"summary_large_image\" \/>\n<meta name=\"twitter:label1\" content=\"Escrito por\" \/>\n\t<meta name=\"twitter:data1\" content=\"Roberto\" \/>\n\t<meta name=\"twitter:label2\" content=\"Est. tempo de leitura\" \/>\n\t<meta name=\"twitter:data2\" content=\"2 minutos\" \/>\n<script type=\"application\/ld+json\" class=\"yoast-schema-graph\">{\"@context\":\"https:\\\/\\\/schema.org\",\"@graph\":[{\"@type\":\"Article\",\"@id\":\"https:\\\/\\\/regiaonews.net.br\\\/2022\\\/2023\\\/07\\\/26\\\/prefeitura-promove-capacitacao-para-boas-praticas-na-manipulacao-de-alimentos\\\/#article\",\"isPartOf\":{\"@id\":\"https:\\\/\\\/regiaonews.net.br\\\/2022\\\/2023\\\/07\\\/26\\\/prefeitura-promove-capacitacao-para-boas-praticas-na-manipulacao-de-alimentos\\\/\"},\"author\":{\"name\":\"Roberto\",\"@id\":\"https:\\\/\\\/regiaonews.net.br\\\/2022\\\/#\\\/schema\\\/person\\\/2d205a608a5aa97ac279d7a5e6d89ad8\"},\"headline\":\"Prefeitura promove capacita\u00e7\u00e3o para boas pr\u00e1ticas na manipula\u00e7\u00e3o de alimentos\",\"datePublished\":\"2023-07-26T18:51:10+00:00\",\"mainEntityOfPage\":{\"@id\":\"https:\\\/\\\/regiaonews.net.br\\\/2022\\\/2023\\\/07\\\/26\\\/prefeitura-promove-capacitacao-para-boas-praticas-na-manipulacao-de-alimentos\\\/\"},\"wordCount\":402,\"commentCount\":0,\"publisher\":{\"@id\":\"https:\\\/\\\/regiaonews.net.br\\\/2022\\\/#organization\"},\"image\":{\"@id\":\"https:\\\/\\\/regiaonews.net.br\\\/2022\\\/2023\\\/07\\\/26\\\/prefeitura-promove-capacitacao-para-boas-praticas-na-manipulacao-de-alimentos\\\/#primaryimage\"},\"thumbnailUrl\":\"https:\\\/\\\/regiaonews.net.br\\\/2022\\\/wp-content\\\/uploads\\\/2023\\\/07\\\/Imagem-do-WhatsApp-de-2023-07-26-as-15.47.08-1.jpg\",\"articleSection\":[\"Barretos\",\"Geral\"],\"inLanguage\":\"pt-BR\",\"potentialAction\":[{\"@type\":\"CommentAction\",\"name\":\"Comment\",\"target\":[\"https:\\\/\\\/regiaonews.net.br\\\/2022\\\/2023\\\/07\\\/26\\\/prefeitura-promove-capacitacao-para-boas-praticas-na-manipulacao-de-alimentos\\\/#respond\"]}]},{\"@type\":\"WebPage\",\"@id\":\"https:\\\/\\\/regiaonews.net.br\\\/2022\\\/2023\\\/07\\\/26\\\/prefeitura-promove-capacitacao-para-boas-praticas-na-manipulacao-de-alimentos\\\/\",\"url\":\"https:\\\/\\\/regiaonews.net.br\\\/2022\\\/2023\\\/07\\\/26\\\/prefeitura-promove-capacitacao-para-boas-praticas-na-manipulacao-de-alimentos\\\/\",\"name\":\"Prefeitura promove capacita\u00e7\u00e3o para boas pr\u00e1ticas na manipula\u00e7\u00e3o de alimentos - Regi\u00e3o News\",\"isPartOf\":{\"@id\":\"https:\\\/\\\/regiaonews.net.br\\\/2022\\\/#website\"},\"primaryImageOfPage\":{\"@id\":\"https:\\\/\\\/regiaonews.net.br\\\/2022\\\/2023\\\/07\\\/26\\\/prefeitura-promove-capacitacao-para-boas-praticas-na-manipulacao-de-alimentos\\\/#primaryimage\"},\"image\":{\"@id\":\"https:\\\/\\\/regiaonews.net.br\\\/2022\\\/2023\\\/07\\\/26\\\/prefeitura-promove-capacitacao-para-boas-praticas-na-manipulacao-de-alimentos\\\/#primaryimage\"},\"thumbnailUrl\":\"https:\\\/\\\/regiaonews.net.br\\\/2022\\\/wp-content\\\/uploads\\\/2023\\\/07\\\/Imagem-do-WhatsApp-de-2023-07-26-as-15.47.08-1.jpg\",\"datePublished\":\"2023-07-26T18:51:10+00:00\",\"breadcrumb\":{\"@id\":\"https:\\\/\\\/regiaonews.net.br\\\/2022\\\/2023\\\/07\\\/26\\\/prefeitura-promove-capacitacao-para-boas-praticas-na-manipulacao-de-alimentos\\\/#breadcrumb\"},\"inLanguage\":\"pt-BR\",\"potentialAction\":[{\"@type\":\"ReadAction\",\"target\":[\"https:\\\/\\\/regiaonews.net.br\\\/2022\\\/2023\\\/07\\\/26\\\/prefeitura-promove-capacitacao-para-boas-praticas-na-manipulacao-de-alimentos\\\/\"]}]},{\"@type\":\"ImageObject\",\"inLanguage\":\"pt-BR\",\"@id\":\"https:\\\/\\\/regiaonews.net.br\\\/2022\\\/2023\\\/07\\\/26\\\/prefeitura-promove-capacitacao-para-boas-praticas-na-manipulacao-de-alimentos\\\/#primaryimage\",\"url\":\"https:\\\/\\\/regiaonews.net.br\\\/2022\\\/wp-content\\\/uploads\\\/2023\\\/07\\\/Imagem-do-WhatsApp-de-2023-07-26-as-15.47.08-1.jpg\",\"contentUrl\":\"https:\\\/\\\/regiaonews.net.br\\\/2022\\\/wp-content\\\/uploads\\\/2023\\\/07\\\/Imagem-do-WhatsApp-de-2023-07-26-as-15.47.08-1.jpg\",\"width\":1024,\"height\":768},{\"@type\":\"BreadcrumbList\",\"@id\":\"https:\\\/\\\/regiaonews.net.br\\\/2022\\\/2023\\\/07\\\/26\\\/prefeitura-promove-capacitacao-para-boas-praticas-na-manipulacao-de-alimentos\\\/#breadcrumb\",\"itemListElement\":[{\"@type\":\"ListItem\",\"position\":1,\"name\":\"In\u00edcio\",\"item\":\"https:\\\/\\\/regiaonews.net.br\\\/2022\\\/\"},{\"@type\":\"ListItem\",\"position\":2,\"name\":\"Prefeitura promove capacita\u00e7\u00e3o para boas pr\u00e1ticas na manipula\u00e7\u00e3o de alimentos\"}]},{\"@type\":\"WebSite\",\"@id\":\"https:\\\/\\\/regiaonews.net.br\\\/2022\\\/#website\",\"url\":\"https:\\\/\\\/regiaonews.net.br\\\/2022\\\/\",\"name\":\"Regi\u00e3o News\",\"description\":\"Site de Not\u00edcias de Barretos e regi\u00e3o\",\"publisher\":{\"@id\":\"https:\\\/\\\/regiaonews.net.br\\\/2022\\\/#organization\"},\"potentialAction\":[{\"@type\":\"SearchAction\",\"target\":{\"@type\":\"EntryPoint\",\"urlTemplate\":\"https:\\\/\\\/regiaonews.net.br\\\/2022\\\/?s={search_term_string}\"},\"query-input\":{\"@type\":\"PropertyValueSpecification\",\"valueRequired\":true,\"valueName\":\"search_term_string\"}}],\"inLanguage\":\"pt-BR\"},{\"@type\":\"Organization\",\"@id\":\"https:\\\/\\\/regiaonews.net.br\\\/2022\\\/#organization\",\"name\":\"Regi\u00e3o News\",\"url\":\"https:\\\/\\\/regiaonews.net.br\\\/2022\\\/\",\"logo\":{\"@type\":\"ImageObject\",\"inLanguage\":\"pt-BR\",\"@id\":\"https:\\\/\\\/regiaonews.net.br\\\/2022\\\/#\\\/schema\\\/logo\\\/image\\\/\",\"url\":\"https:\\\/\\\/regiaonews.net.br\\\/2022\\\/wp-content\\\/uploads\\\/2026\\\/03\\\/regiao-13-anos-scaled.jpg\",\"contentUrl\":\"https:\\\/\\\/regiaonews.net.br\\\/2022\\\/wp-content\\\/uploads\\\/2026\\\/03\\\/regiao-13-anos-scaled.jpg\",\"width\":2560,\"height\":635,\"caption\":\"Regi\u00e3o News\"},\"image\":{\"@id\":\"https:\\\/\\\/regiaonews.net.br\\\/2022\\\/#\\\/schema\\\/logo\\\/image\\\/\"}},{\"@type\":\"Person\",\"@id\":\"https:\\\/\\\/regiaonews.net.br\\\/2022\\\/#\\\/schema\\\/person\\\/2d205a608a5aa97ac279d7a5e6d89ad8\",\"name\":\"Roberto\",\"image\":{\"@type\":\"ImageObject\",\"inLanguage\":\"pt-BR\",\"@id\":\"https:\\\/\\\/secure.gravatar.com\\\/avatar\\\/42749d8b712ff9d59ca93dc150494e5b55a44134482993f5baeb97e61b7ecc89?s=96&d=mm&r=g\",\"url\":\"https:\\\/\\\/secure.gravatar.com\\\/avatar\\\/42749d8b712ff9d59ca93dc150494e5b55a44134482993f5baeb97e61b7ecc89?s=96&d=mm&r=g\",\"contentUrl\":\"https:\\\/\\\/secure.gravatar.com\\\/avatar\\\/42749d8b712ff9d59ca93dc150494e5b55a44134482993f5baeb97e61b7ecc89?s=96&d=mm&r=g\",\"caption\":\"Roberto\"},\"url\":\"https:\\\/\\\/regiaonews.net.br\\\/2022\\\/author\\\/roberto\\\/\"}]}<\/script>\n<!-- \/ Yoast SEO plugin. -->","yoast_head_json":{"title":"Prefeitura promove capacita\u00e7\u00e3o para boas pr\u00e1ticas na manipula\u00e7\u00e3o de alimentos - Regi\u00e3o News","robots":{"index":"index","follow":"follow","max-snippet":"max-snippet:-1","max-image-preview":"max-image-preview:large","max-video-preview":"max-video-preview:-1"},"canonical":"https:\/\/regiaonews.net.br\/2022\/2023\/07\/26\/prefeitura-promove-capacitacao-para-boas-praticas-na-manipulacao-de-alimentos\/","og_locale":"pt_BR","og_type":"article","og_title":"Prefeitura promove capacita\u00e7\u00e3o para boas pr\u00e1ticas na manipula\u00e7\u00e3o de alimentos - Regi\u00e3o News","og_description":"Encontros formativos foram destinados a merendeiros e auxiliares que atuam","og_url":"https:\/\/regiaonews.net.br\/2022\/2023\/07\/26\/prefeitura-promove-capacitacao-para-boas-praticas-na-manipulacao-de-alimentos\/","og_site_name":"Regi\u00e3o News","article_published_time":"2023-07-26T18:51:10+00:00","og_image":[{"width":1024,"height":768,"url":"https:\/\/regiaonews.net.br\/2022\/wp-content\/uploads\/2023\/07\/Imagem-do-WhatsApp-de-2023-07-26-as-15.47.08-1.jpg","type":"image\/jpeg"}],"author":"Roberto","twitter_card":"summary_large_image","twitter_misc":{"Escrito por":"Roberto","Est. tempo de leitura":"2 minutos"},"schema":{"@context":"https:\/\/schema.org","@graph":[{"@type":"Article","@id":"https:\/\/regiaonews.net.br\/2022\/2023\/07\/26\/prefeitura-promove-capacitacao-para-boas-praticas-na-manipulacao-de-alimentos\/#article","isPartOf":{"@id":"https:\/\/regiaonews.net.br\/2022\/2023\/07\/26\/prefeitura-promove-capacitacao-para-boas-praticas-na-manipulacao-de-alimentos\/"},"author":{"name":"Roberto","@id":"https:\/\/regiaonews.net.br\/2022\/#\/schema\/person\/2d205a608a5aa97ac279d7a5e6d89ad8"},"headline":"Prefeitura promove capacita\u00e7\u00e3o para boas pr\u00e1ticas na manipula\u00e7\u00e3o de alimentos","datePublished":"2023-07-26T18:51:10+00:00","mainEntityOfPage":{"@id":"https:\/\/regiaonews.net.br\/2022\/2023\/07\/26\/prefeitura-promove-capacitacao-para-boas-praticas-na-manipulacao-de-alimentos\/"},"wordCount":402,"commentCount":0,"publisher":{"@id":"https:\/\/regiaonews.net.br\/2022\/#organization"},"image":{"@id":"https:\/\/regiaonews.net.br\/2022\/2023\/07\/26\/prefeitura-promove-capacitacao-para-boas-praticas-na-manipulacao-de-alimentos\/#primaryimage"},"thumbnailUrl":"https:\/\/regiaonews.net.br\/2022\/wp-content\/uploads\/2023\/07\/Imagem-do-WhatsApp-de-2023-07-26-as-15.47.08-1.jpg","articleSection":["Barretos","Geral"],"inLanguage":"pt-BR","potentialAction":[{"@type":"CommentAction","name":"Comment","target":["https:\/\/regiaonews.net.br\/2022\/2023\/07\/26\/prefeitura-promove-capacitacao-para-boas-praticas-na-manipulacao-de-alimentos\/#respond"]}]},{"@type":"WebPage","@id":"https:\/\/regiaonews.net.br\/2022\/2023\/07\/26\/prefeitura-promove-capacitacao-para-boas-praticas-na-manipulacao-de-alimentos\/","url":"https:\/\/regiaonews.net.br\/2022\/2023\/07\/26\/prefeitura-promove-capacitacao-para-boas-praticas-na-manipulacao-de-alimentos\/","name":"Prefeitura promove capacita\u00e7\u00e3o para boas pr\u00e1ticas na manipula\u00e7\u00e3o de alimentos - Regi\u00e3o News","isPartOf":{"@id":"https:\/\/regiaonews.net.br\/2022\/#website"},"primaryImageOfPage":{"@id":"https:\/\/regiaonews.net.br\/2022\/2023\/07\/26\/prefeitura-promove-capacitacao-para-boas-praticas-na-manipulacao-de-alimentos\/#primaryimage"},"image":{"@id":"https:\/\/regiaonews.net.br\/2022\/2023\/07\/26\/prefeitura-promove-capacitacao-para-boas-praticas-na-manipulacao-de-alimentos\/#primaryimage"},"thumbnailUrl":"https:\/\/regiaonews.net.br\/2022\/wp-content\/uploads\/2023\/07\/Imagem-do-WhatsApp-de-2023-07-26-as-15.47.08-1.jpg","datePublished":"2023-07-26T18:51:10+00:00","breadcrumb":{"@id":"https:\/\/regiaonews.net.br\/2022\/2023\/07\/26\/prefeitura-promove-capacitacao-para-boas-praticas-na-manipulacao-de-alimentos\/#breadcrumb"},"inLanguage":"pt-BR","potentialAction":[{"@type":"ReadAction","target":["https:\/\/regiaonews.net.br\/2022\/2023\/07\/26\/prefeitura-promove-capacitacao-para-boas-praticas-na-manipulacao-de-alimentos\/"]}]},{"@type":"ImageObject","inLanguage":"pt-BR","@id":"https:\/\/regiaonews.net.br\/2022\/2023\/07\/26\/prefeitura-promove-capacitacao-para-boas-praticas-na-manipulacao-de-alimentos\/#primaryimage","url":"https:\/\/regiaonews.net.br\/2022\/wp-content\/uploads\/2023\/07\/Imagem-do-WhatsApp-de-2023-07-26-as-15.47.08-1.jpg","contentUrl":"https:\/\/regiaonews.net.br\/2022\/wp-content\/uploads\/2023\/07\/Imagem-do-WhatsApp-de-2023-07-26-as-15.47.08-1.jpg","width":1024,"height":768},{"@type":"BreadcrumbList","@id":"https:\/\/regiaonews.net.br\/2022\/2023\/07\/26\/prefeitura-promove-capacitacao-para-boas-praticas-na-manipulacao-de-alimentos\/#breadcrumb","itemListElement":[{"@type":"ListItem","position":1,"name":"In\u00edcio","item":"https:\/\/regiaonews.net.br\/2022\/"},{"@type":"ListItem","position":2,"name":"Prefeitura promove capacita\u00e7\u00e3o para boas pr\u00e1ticas na manipula\u00e7\u00e3o de alimentos"}]},{"@type":"WebSite","@id":"https:\/\/regiaonews.net.br\/2022\/#website","url":"https:\/\/regiaonews.net.br\/2022\/","name":"Regi\u00e3o News","description":"Site de Not\u00edcias de Barretos e regi\u00e3o","publisher":{"@id":"https:\/\/regiaonews.net.br\/2022\/#organization"},"potentialAction":[{"@type":"SearchAction","target":{"@type":"EntryPoint","urlTemplate":"https:\/\/regiaonews.net.br\/2022\/?s={search_term_string}"},"query-input":{"@type":"PropertyValueSpecification","valueRequired":true,"valueName":"search_term_string"}}],"inLanguage":"pt-BR"},{"@type":"Organization","@id":"https:\/\/regiaonews.net.br\/2022\/#organization","name":"Regi\u00e3o News","url":"https:\/\/regiaonews.net.br\/2022\/","logo":{"@type":"ImageObject","inLanguage":"pt-BR","@id":"https:\/\/regiaonews.net.br\/2022\/#\/schema\/logo\/image\/","url":"https:\/\/regiaonews.net.br\/2022\/wp-content\/uploads\/2026\/03\/regiao-13-anos-scaled.jpg","contentUrl":"https:\/\/regiaonews.net.br\/2022\/wp-content\/uploads\/2026\/03\/regiao-13-anos-scaled.jpg","width":2560,"height":635,"caption":"Regi\u00e3o News"},"image":{"@id":"https:\/\/regiaonews.net.br\/2022\/#\/schema\/logo\/image\/"}},{"@type":"Person","@id":"https:\/\/regiaonews.net.br\/2022\/#\/schema\/person\/2d205a608a5aa97ac279d7a5e6d89ad8","name":"Roberto","image":{"@type":"ImageObject","inLanguage":"pt-BR","@id":"https:\/\/secure.gravatar.com\/avatar\/42749d8b712ff9d59ca93dc150494e5b55a44134482993f5baeb97e61b7ecc89?s=96&d=mm&r=g","url":"https:\/\/secure.gravatar.com\/avatar\/42749d8b712ff9d59ca93dc150494e5b55a44134482993f5baeb97e61b7ecc89?s=96&d=mm&r=g","contentUrl":"https:\/\/secure.gravatar.com\/avatar\/42749d8b712ff9d59ca93dc150494e5b55a44134482993f5baeb97e61b7ecc89?s=96&d=mm&r=g","caption":"Roberto"},"url":"https:\/\/regiaonews.net.br\/2022\/author\/roberto\/"}]}},"publishpress_future_action":{"enabled":false,"date":"2026-05-03 06:20:28","action":"change-status","newStatus":"draft","terms":[],"taxonomy":"category","extraData":[]},"publishpress_future_workflow_manual_trigger":{"enabledWorkflows":[]},"_links":{"self":[{"href":"https:\/\/regiaonews.net.br\/2022\/wp-json\/wp\/v2\/posts\/92312","targetHints":{"allow":["GET"]}}],"collection":[{"href":"https:\/\/regiaonews.net.br\/2022\/wp-json\/wp\/v2\/posts"}],"about":[{"href":"https:\/\/regiaonews.net.br\/2022\/wp-json\/wp\/v2\/types\/post"}],"author":[{"embeddable":true,"href":"https:\/\/regiaonews.net.br\/2022\/wp-json\/wp\/v2\/users\/2"}],"replies":[{"embeddable":true,"href":"https:\/\/regiaonews.net.br\/2022\/wp-json\/wp\/v2\/comments?post=92312"}],"version-history":[{"count":1,"href":"https:\/\/regiaonews.net.br\/2022\/wp-json\/wp\/v2\/posts\/92312\/revisions"}],"predecessor-version":[{"id":92314,"href":"https:\/\/regiaonews.net.br\/2022\/wp-json\/wp\/v2\/posts\/92312\/revisions\/92314"}],"wp:featuredmedia":[{"embeddable":true,"href":"https:\/\/regiaonews.net.br\/2022\/wp-json\/wp\/v2\/media\/92313"}],"wp:attachment":[{"href":"https:\/\/regiaonews.net.br\/2022\/wp-json\/wp\/v2\/media?parent=92312"}],"wp:term":[{"taxonomy":"category","embeddable":true,"href":"https:\/\/regiaonews.net.br\/2022\/wp-json\/wp\/v2\/categories?post=92312"},{"taxonomy":"post_tag","embeddable":true,"href":"https:\/\/regiaonews.net.br\/2022\/wp-json\/wp\/v2\/tags?post=92312"}],"curies":[{"name":"wp","href":"https:\/\/api.w.org\/{rel}","templated":true}]}}