{"id":92306,"date":"2023-07-26T14:59:32","date_gmt":"2023-07-26T17:59:32","guid":{"rendered":"https:\/\/regiaonews.net.br\/2022\/?p=92306"},"modified":"2023-07-27T05:13:36","modified_gmt":"2023-07-27T08:13:36","slug":"copa-do-mundo-lauren-afirma-que-espera-confronto-duro-com-a-franca","status":"publish","type":"post","link":"https:\/\/regiaonews.net.br\/2022\/2023\/07\/26\/copa-do-mundo-lauren-afirma-que-espera-confronto-duro-com-a-franca\/","title":{"rendered":"Copa do Mundo: Lauren afirma que espera confronto duro com a Fran\u00e7a"},"content":{"rendered":"<h3 class=\"col-10 offset-1 animated fadeInDown dealy-900 display-8 display-md-8 alt-font font-italic my-1 text-center\" style=\"text-align: center;\">Sele\u00e7\u00e3o brasileira enfrenta europeias no pr\u00f3ximo s\u00e1bado em Brisbane.<\/h3>\n<p>Ap\u00f3s golear o Panam\u00e1 na sua estreia da <strong>Copa do Mundo, o Brasil<\/strong> tem um grande desafio na segunda rodada do Grupo F da competi\u00e7\u00e3o, a <strong>Fran\u00e7a<\/strong>. E o confronto com uma das principais equipes europeias da atualidade \u00e9 o foco das aten\u00e7\u00f5es das jogadoras brasileiras, entre elas a zagueira Lauren, que falou do assunto em entrevista coletiva concedida nesta quarta-feira (26).<img decoding=\"async\" src=\"https:\/\/agenciabrasil.ebc.com.br\/ebc.png?id=1545609&amp;o=node\" \/><img decoding=\"async\" src=\"https:\/\/agenciabrasil.ebc.com.br\/ebc.gif?id=1545609&amp;o=node\" \/><\/p>\n<p>\u201cA Fran\u00e7a \u00e9 uma equipe muito forte, uma das tops do mundo, mas a nossa equipe tamb\u00e9m \u00e9 uma equipe fort\u00edssima. \u00c9 o principal confronto do nosso grupo, e temos totais condi\u00e7\u00f5es de reverter o hist\u00f3rico em rela\u00e7\u00e3o \u00e0 Fran\u00e7a [as equipes j\u00e1 se enfrentaram em duas oportunidades em mundiais, com uma vit\u00f3ria das francesas e um empate]. Ent\u00e3o, vai ser um jogo muito duro, que vai ser resolvido nos detalhes ofensivos e defensivos, mas temos totais condi\u00e7\u00f5es de fazer um grande jogo e sair com a vit\u00f3ria\u201d, afirmou.<\/p>\n<p>Segundo Lauren, a vit\u00f3ria na estreia foi fundamental para a equipe brasileira, que agora chega com menos ansiedade para os pr\u00f3ximos compromissos: \u201cEssa estreia trouxe confian\u00e7a para o grupo. O que \u00e9 muito importante, al\u00e9m de termos vencido, termos feito um bom jogo, termos sido consistentes, realmente ganhamos confian\u00e7a para o pr\u00f3ximo jogo\u201d.<\/p>\n<p>Na entrevista, a jogadora de 20 anos, que estreou em uma Copa do Mundo na goleada de 4 a 0 sobre as panamenhas da \u00faltima segunda-feira (24), tamb\u00e9m explicou como lidou com o nervosismo para entrar no gramado: \u201cNo dia anterior [ao jogo], eu realmente estava um pouco mais nervosa, mas no dia do jogo segui meus rituais habituais que costumo fazer antes de cada partida, assim como fa\u00e7o em outros jogos. Acredito que isso me tranquilizou um pouco. Mas entrar em campo, ir para o aquecimento, e ver que o est\u00e1dio era quase todo brasileiro, verde e amarelo, facilitou muito. Pudemos sentir um pouquinho do Brasil, nos sentir em casa, e isso me deixou muito mais confort\u00e1vel\u201d.<\/p>\n<p>A sele\u00e7\u00e3o canarinho enfrenta a Fran\u00e7a a partir das 7h (hor\u00e1rio de Bras\u00edlia) do pr\u00f3ximo s\u00e1bado (29) no Est\u00e1dio de Brisbane, na Austr\u00e1lia.<\/p>\n<p>Fonte &#8211; Ag\u00eancia Brasil.<\/p>\n","protected":false},"excerpt":{"rendered":"<p>Sele\u00e7\u00e3o brasileira enfrenta europeias no pr\u00f3ximo s\u00e1bado em Brisbane. Ap\u00f3s<\/p>\n","protected":false},"author":2,"featured_media":92307,"comment_status":"open","ping_status":"open","sticky":false,"template":"","format":"standard","meta":{"footnotes":""},"categories":[21,3],"tags":[],"class_list":["post-92306","post","type-post","status-publish","format-standard","has-post-thumbnail","hentry","category-esporte","category-geral"],"yoast_head":"<!-- This site is optimized with the Yoast SEO plugin v27.4 - https:\/\/yoast.com\/product\/yoast-seo-wordpress\/ -->\n<title>Copa do Mundo: Lauren afirma que espera confronto<\/title>\n<meta name=\"description\" content=\"Ap\u00f3s golear o Panam\u00e1 na sua estreia da Copa do Mundo, o Brasil tem um grande desafio na segunda rodada do Grupo F da competi\u00e7\u00e3o, a Fran\u00e7a.\" \/>\n<meta name=\"robots\" content=\"index, follow, max-snippet:-1, max-image-preview:large, max-video-preview:-1\" \/>\n<link rel=\"canonical\" href=\"https:\/\/regiaonews.net.br\/2022\/2023\/07\/26\/copa-do-mundo-lauren-afirma-que-espera-confronto-duro-com-a-franca\/\" \/>\n<meta property=\"og:locale\" content=\"pt_BR\" \/>\n<meta property=\"og:type\" content=\"article\" \/>\n<meta property=\"og:title\" content=\"Copa do Mundo: Lauren afirma que espera confronto\" \/>\n<meta property=\"og:description\" content=\"Ap\u00f3s golear o Panam\u00e1 na sua estreia da Copa do Mundo, o Brasil tem um grande desafio na segunda rodada do Grupo F da competi\u00e7\u00e3o, a Fran\u00e7a.\" \/>\n<meta property=\"og:url\" content=\"https:\/\/regiaonews.net.br\/2022\/2023\/07\/26\/copa-do-mundo-lauren-afirma-que-espera-confronto-duro-com-a-franca\/\" \/>\n<meta property=\"og:site_name\" content=\"Regi\u00e3o News\" \/>\n<meta property=\"article:published_time\" content=\"2023-07-26T17:59:32+00:00\" \/>\n<meta property=\"article:modified_time\" content=\"2023-07-27T08:13:36+00:00\" \/>\n<meta property=\"og:image\" content=\"https:\/\/regiaonews.net.br\/2022\/wp-content\/uploads\/2023\/07\/53068018079_653e982727_o.jpg\" \/>\n\t<meta property=\"og:image:width\" content=\"1170\" \/>\n\t<meta property=\"og:image:height\" content=\"700\" \/>\n\t<meta property=\"og:image:type\" content=\"image\/jpeg\" \/>\n<meta name=\"author\" content=\"Roberto\" \/>\n<meta name=\"twitter:card\" content=\"summary_large_image\" \/>\n<meta name=\"twitter:label1\" content=\"Escrito por\" \/>\n\t<meta name=\"twitter:data1\" content=\"Roberto\" \/>\n\t<meta name=\"twitter:label2\" content=\"Est. tempo de leitura\" \/>\n\t<meta name=\"twitter:data2\" content=\"3 minutos\" \/>\n<script type=\"application\/ld+json\" class=\"yoast-schema-graph\">{\"@context\":\"https:\\\/\\\/schema.org\",\"@graph\":[{\"@type\":\"Article\",\"@id\":\"https:\\\/\\\/regiaonews.net.br\\\/2022\\\/2023\\\/07\\\/26\\\/copa-do-mundo-lauren-afirma-que-espera-confronto-duro-com-a-franca\\\/#article\",\"isPartOf\":{\"@id\":\"https:\\\/\\\/regiaonews.net.br\\\/2022\\\/2023\\\/07\\\/26\\\/copa-do-mundo-lauren-afirma-que-espera-confronto-duro-com-a-franca\\\/\"},\"author\":{\"name\":\"Roberto\",\"@id\":\"https:\\\/\\\/regiaonews.net.br\\\/2022\\\/#\\\/schema\\\/person\\\/2d205a608a5aa97ac279d7a5e6d89ad8\"},\"headline\":\"Copa do Mundo: Lauren afirma que espera confronto duro com a Fran\u00e7a\",\"datePublished\":\"2023-07-26T17:59:32+00:00\",\"dateModified\":\"2023-07-27T08:13:36+00:00\",\"mainEntityOfPage\":{\"@id\":\"https:\\\/\\\/regiaonews.net.br\\\/2022\\\/2023\\\/07\\\/26\\\/copa-do-mundo-lauren-afirma-que-espera-confronto-duro-com-a-franca\\\/\"},\"wordCount\":396,\"commentCount\":0,\"publisher\":{\"@id\":\"https:\\\/\\\/regiaonews.net.br\\\/2022\\\/#organization\"},\"image\":{\"@id\":\"https:\\\/\\\/regiaonews.net.br\\\/2022\\\/2023\\\/07\\\/26\\\/copa-do-mundo-lauren-afirma-que-espera-confronto-duro-com-a-franca\\\/#primaryimage\"},\"thumbnailUrl\":\"https:\\\/\\\/regiaonews.net.br\\\/2022\\\/wp-content\\\/uploads\\\/2023\\\/07\\\/53068018079_653e982727_o.jpg\",\"articleSection\":[\"Esporte\",\"Geral\"],\"inLanguage\":\"pt-BR\",\"potentialAction\":[{\"@type\":\"CommentAction\",\"name\":\"Comment\",\"target\":[\"https:\\\/\\\/regiaonews.net.br\\\/2022\\\/2023\\\/07\\\/26\\\/copa-do-mundo-lauren-afirma-que-espera-confronto-duro-com-a-franca\\\/#respond\"]}]},{\"@type\":\"WebPage\",\"@id\":\"https:\\\/\\\/regiaonews.net.br\\\/2022\\\/2023\\\/07\\\/26\\\/copa-do-mundo-lauren-afirma-que-espera-confronto-duro-com-a-franca\\\/\",\"url\":\"https:\\\/\\\/regiaonews.net.br\\\/2022\\\/2023\\\/07\\\/26\\\/copa-do-mundo-lauren-afirma-que-espera-confronto-duro-com-a-franca\\\/\",\"name\":\"Copa do Mundo: Lauren afirma que espera confronto\",\"isPartOf\":{\"@id\":\"https:\\\/\\\/regiaonews.net.br\\\/2022\\\/#website\"},\"primaryImageOfPage\":{\"@id\":\"https:\\\/\\\/regiaonews.net.br\\\/2022\\\/2023\\\/07\\\/26\\\/copa-do-mundo-lauren-afirma-que-espera-confronto-duro-com-a-franca\\\/#primaryimage\"},\"image\":{\"@id\":\"https:\\\/\\\/regiaonews.net.br\\\/2022\\\/2023\\\/07\\\/26\\\/copa-do-mundo-lauren-afirma-que-espera-confronto-duro-com-a-franca\\\/#primaryimage\"},\"thumbnailUrl\":\"https:\\\/\\\/regiaonews.net.br\\\/2022\\\/wp-content\\\/uploads\\\/2023\\\/07\\\/53068018079_653e982727_o.jpg\",\"datePublished\":\"2023-07-26T17:59:32+00:00\",\"dateModified\":\"2023-07-27T08:13:36+00:00\",\"description\":\"Ap\u00f3s golear o Panam\u00e1 na sua estreia da Copa do Mundo, o Brasil tem um grande desafio na segunda rodada do Grupo F da competi\u00e7\u00e3o, a Fran\u00e7a.\",\"breadcrumb\":{\"@id\":\"https:\\\/\\\/regiaonews.net.br\\\/2022\\\/2023\\\/07\\\/26\\\/copa-do-mundo-lauren-afirma-que-espera-confronto-duro-com-a-franca\\\/#breadcrumb\"},\"inLanguage\":\"pt-BR\",\"potentialAction\":[{\"@type\":\"ReadAction\",\"target\":[\"https:\\\/\\\/regiaonews.net.br\\\/2022\\\/2023\\\/07\\\/26\\\/copa-do-mundo-lauren-afirma-que-espera-confronto-duro-com-a-franca\\\/\"]}]},{\"@type\":\"ImageObject\",\"inLanguage\":\"pt-BR\",\"@id\":\"https:\\\/\\\/regiaonews.net.br\\\/2022\\\/2023\\\/07\\\/26\\\/copa-do-mundo-lauren-afirma-que-espera-confronto-duro-com-a-franca\\\/#primaryimage\",\"url\":\"https:\\\/\\\/regiaonews.net.br\\\/2022\\\/wp-content\\\/uploads\\\/2023\\\/07\\\/53068018079_653e982727_o.jpg\",\"contentUrl\":\"https:\\\/\\\/regiaonews.net.br\\\/2022\\\/wp-content\\\/uploads\\\/2023\\\/07\\\/53068018079_653e982727_o.jpg\",\"width\":1170,\"height\":700},{\"@type\":\"BreadcrumbList\",\"@id\":\"https:\\\/\\\/regiaonews.net.br\\\/2022\\\/2023\\\/07\\\/26\\\/copa-do-mundo-lauren-afirma-que-espera-confronto-duro-com-a-franca\\\/#breadcrumb\",\"itemListElement\":[{\"@type\":\"ListItem\",\"position\":1,\"name\":\"In\u00edcio\",\"item\":\"https:\\\/\\\/regiaonews.net.br\\\/2022\\\/\"},{\"@type\":\"ListItem\",\"position\":2,\"name\":\"Copa do Mundo: Lauren afirma que espera confronto duro com a Fran\u00e7a\"}]},{\"@type\":\"WebSite\",\"@id\":\"https:\\\/\\\/regiaonews.net.br\\\/2022\\\/#website\",\"url\":\"https:\\\/\\\/regiaonews.net.br\\\/2022\\\/\",\"name\":\"Regi\u00e3o News\",\"description\":\"Site de Not\u00edcias de Barretos e regi\u00e3o\",\"publisher\":{\"@id\":\"https:\\\/\\\/regiaonews.net.br\\\/2022\\\/#organization\"},\"potentialAction\":[{\"@type\":\"SearchAction\",\"target\":{\"@type\":\"EntryPoint\",\"urlTemplate\":\"https:\\\/\\\/regiaonews.net.br\\\/2022\\\/?s={search_term_string}\"},\"query-input\":{\"@type\":\"PropertyValueSpecification\",\"valueRequired\":true,\"valueName\":\"search_term_string\"}}],\"inLanguage\":\"pt-BR\"},{\"@type\":\"Organization\",\"@id\":\"https:\\\/\\\/regiaonews.net.br\\\/2022\\\/#organization\",\"name\":\"Regi\u00e3o News\",\"url\":\"https:\\\/\\\/regiaonews.net.br\\\/2022\\\/\",\"logo\":{\"@type\":\"ImageObject\",\"inLanguage\":\"pt-BR\",\"@id\":\"https:\\\/\\\/regiaonews.net.br\\\/2022\\\/#\\\/schema\\\/logo\\\/image\\\/\",\"url\":\"https:\\\/\\\/regiaonews.net.br\\\/2022\\\/wp-content\\\/uploads\\\/2026\\\/03\\\/regiao-13-anos-scaled.jpg\",\"contentUrl\":\"https:\\\/\\\/regiaonews.net.br\\\/2022\\\/wp-content\\\/uploads\\\/2026\\\/03\\\/regiao-13-anos-scaled.jpg\",\"width\":2560,\"height\":635,\"caption\":\"Regi\u00e3o News\"},\"image\":{\"@id\":\"https:\\\/\\\/regiaonews.net.br\\\/2022\\\/#\\\/schema\\\/logo\\\/image\\\/\"}},{\"@type\":\"Person\",\"@id\":\"https:\\\/\\\/regiaonews.net.br\\\/2022\\\/#\\\/schema\\\/person\\\/2d205a608a5aa97ac279d7a5e6d89ad8\",\"name\":\"Roberto\",\"image\":{\"@type\":\"ImageObject\",\"inLanguage\":\"pt-BR\",\"@id\":\"https:\\\/\\\/secure.gravatar.com\\\/avatar\\\/42749d8b712ff9d59ca93dc150494e5b55a44134482993f5baeb97e61b7ecc89?s=96&d=mm&r=g\",\"url\":\"https:\\\/\\\/secure.gravatar.com\\\/avatar\\\/42749d8b712ff9d59ca93dc150494e5b55a44134482993f5baeb97e61b7ecc89?s=96&d=mm&r=g\",\"contentUrl\":\"https:\\\/\\\/secure.gravatar.com\\\/avatar\\\/42749d8b712ff9d59ca93dc150494e5b55a44134482993f5baeb97e61b7ecc89?s=96&d=mm&r=g\",\"caption\":\"Roberto\"},\"url\":\"https:\\\/\\\/regiaonews.net.br\\\/2022\\\/author\\\/roberto\\\/\"}]}<\/script>\n<!-- \/ Yoast SEO plugin. -->","yoast_head_json":{"title":"Copa do Mundo: Lauren afirma que espera confronto","description":"Ap\u00f3s golear o Panam\u00e1 na sua estreia da Copa do Mundo, o Brasil tem um grande desafio na segunda rodada do Grupo F da competi\u00e7\u00e3o, a Fran\u00e7a.","robots":{"index":"index","follow":"follow","max-snippet":"max-snippet:-1","max-image-preview":"max-image-preview:large","max-video-preview":"max-video-preview:-1"},"canonical":"https:\/\/regiaonews.net.br\/2022\/2023\/07\/26\/copa-do-mundo-lauren-afirma-que-espera-confronto-duro-com-a-franca\/","og_locale":"pt_BR","og_type":"article","og_title":"Copa do Mundo: Lauren afirma que espera confronto","og_description":"Ap\u00f3s golear o Panam\u00e1 na sua estreia da Copa do Mundo, o Brasil tem um grande desafio na segunda rodada do Grupo F da competi\u00e7\u00e3o, a Fran\u00e7a.","og_url":"https:\/\/regiaonews.net.br\/2022\/2023\/07\/26\/copa-do-mundo-lauren-afirma-que-espera-confronto-duro-com-a-franca\/","og_site_name":"Regi\u00e3o News","article_published_time":"2023-07-26T17:59:32+00:00","article_modified_time":"2023-07-27T08:13:36+00:00","og_image":[{"width":1170,"height":700,"url":"https:\/\/regiaonews.net.br\/2022\/wp-content\/uploads\/2023\/07\/53068018079_653e982727_o.jpg","type":"image\/jpeg"}],"author":"Roberto","twitter_card":"summary_large_image","twitter_misc":{"Escrito por":"Roberto","Est. tempo de leitura":"3 minutos"},"schema":{"@context":"https:\/\/schema.org","@graph":[{"@type":"Article","@id":"https:\/\/regiaonews.net.br\/2022\/2023\/07\/26\/copa-do-mundo-lauren-afirma-que-espera-confronto-duro-com-a-franca\/#article","isPartOf":{"@id":"https:\/\/regiaonews.net.br\/2022\/2023\/07\/26\/copa-do-mundo-lauren-afirma-que-espera-confronto-duro-com-a-franca\/"},"author":{"name":"Roberto","@id":"https:\/\/regiaonews.net.br\/2022\/#\/schema\/person\/2d205a608a5aa97ac279d7a5e6d89ad8"},"headline":"Copa do Mundo: Lauren afirma que espera confronto duro com a Fran\u00e7a","datePublished":"2023-07-26T17:59:32+00:00","dateModified":"2023-07-27T08:13:36+00:00","mainEntityOfPage":{"@id":"https:\/\/regiaonews.net.br\/2022\/2023\/07\/26\/copa-do-mundo-lauren-afirma-que-espera-confronto-duro-com-a-franca\/"},"wordCount":396,"commentCount":0,"publisher":{"@id":"https:\/\/regiaonews.net.br\/2022\/#organization"},"image":{"@id":"https:\/\/regiaonews.net.br\/2022\/2023\/07\/26\/copa-do-mundo-lauren-afirma-que-espera-confronto-duro-com-a-franca\/#primaryimage"},"thumbnailUrl":"https:\/\/regiaonews.net.br\/2022\/wp-content\/uploads\/2023\/07\/53068018079_653e982727_o.jpg","articleSection":["Esporte","Geral"],"inLanguage":"pt-BR","potentialAction":[{"@type":"CommentAction","name":"Comment","target":["https:\/\/regiaonews.net.br\/2022\/2023\/07\/26\/copa-do-mundo-lauren-afirma-que-espera-confronto-duro-com-a-franca\/#respond"]}]},{"@type":"WebPage","@id":"https:\/\/regiaonews.net.br\/2022\/2023\/07\/26\/copa-do-mundo-lauren-afirma-que-espera-confronto-duro-com-a-franca\/","url":"https:\/\/regiaonews.net.br\/2022\/2023\/07\/26\/copa-do-mundo-lauren-afirma-que-espera-confronto-duro-com-a-franca\/","name":"Copa do Mundo: Lauren afirma que espera confronto","isPartOf":{"@id":"https:\/\/regiaonews.net.br\/2022\/#website"},"primaryImageOfPage":{"@id":"https:\/\/regiaonews.net.br\/2022\/2023\/07\/26\/copa-do-mundo-lauren-afirma-que-espera-confronto-duro-com-a-franca\/#primaryimage"},"image":{"@id":"https:\/\/regiaonews.net.br\/2022\/2023\/07\/26\/copa-do-mundo-lauren-afirma-que-espera-confronto-duro-com-a-franca\/#primaryimage"},"thumbnailUrl":"https:\/\/regiaonews.net.br\/2022\/wp-content\/uploads\/2023\/07\/53068018079_653e982727_o.jpg","datePublished":"2023-07-26T17:59:32+00:00","dateModified":"2023-07-27T08:13:36+00:00","description":"Ap\u00f3s golear o Panam\u00e1 na sua estreia da Copa do Mundo, o Brasil tem um grande desafio na segunda rodada do Grupo F da competi\u00e7\u00e3o, a Fran\u00e7a.","breadcrumb":{"@id":"https:\/\/regiaonews.net.br\/2022\/2023\/07\/26\/copa-do-mundo-lauren-afirma-que-espera-confronto-duro-com-a-franca\/#breadcrumb"},"inLanguage":"pt-BR","potentialAction":[{"@type":"ReadAction","target":["https:\/\/regiaonews.net.br\/2022\/2023\/07\/26\/copa-do-mundo-lauren-afirma-que-espera-confronto-duro-com-a-franca\/"]}]},{"@type":"ImageObject","inLanguage":"pt-BR","@id":"https:\/\/regiaonews.net.br\/2022\/2023\/07\/26\/copa-do-mundo-lauren-afirma-que-espera-confronto-duro-com-a-franca\/#primaryimage","url":"https:\/\/regiaonews.net.br\/2022\/wp-content\/uploads\/2023\/07\/53068018079_653e982727_o.jpg","contentUrl":"https:\/\/regiaonews.net.br\/2022\/wp-content\/uploads\/2023\/07\/53068018079_653e982727_o.jpg","width":1170,"height":700},{"@type":"BreadcrumbList","@id":"https:\/\/regiaonews.net.br\/2022\/2023\/07\/26\/copa-do-mundo-lauren-afirma-que-espera-confronto-duro-com-a-franca\/#breadcrumb","itemListElement":[{"@type":"ListItem","position":1,"name":"In\u00edcio","item":"https:\/\/regiaonews.net.br\/2022\/"},{"@type":"ListItem","position":2,"name":"Copa do Mundo: Lauren afirma que espera confronto duro com a Fran\u00e7a"}]},{"@type":"WebSite","@id":"https:\/\/regiaonews.net.br\/2022\/#website","url":"https:\/\/regiaonews.net.br\/2022\/","name":"Regi\u00e3o News","description":"Site de Not\u00edcias de Barretos e regi\u00e3o","publisher":{"@id":"https:\/\/regiaonews.net.br\/2022\/#organization"},"potentialAction":[{"@type":"SearchAction","target":{"@type":"EntryPoint","urlTemplate":"https:\/\/regiaonews.net.br\/2022\/?s={search_term_string}"},"query-input":{"@type":"PropertyValueSpecification","valueRequired":true,"valueName":"search_term_string"}}],"inLanguage":"pt-BR"},{"@type":"Organization","@id":"https:\/\/regiaonews.net.br\/2022\/#organization","name":"Regi\u00e3o News","url":"https:\/\/regiaonews.net.br\/2022\/","logo":{"@type":"ImageObject","inLanguage":"pt-BR","@id":"https:\/\/regiaonews.net.br\/2022\/#\/schema\/logo\/image\/","url":"https:\/\/regiaonews.net.br\/2022\/wp-content\/uploads\/2026\/03\/regiao-13-anos-scaled.jpg","contentUrl":"https:\/\/regiaonews.net.br\/2022\/wp-content\/uploads\/2026\/03\/regiao-13-anos-scaled.jpg","width":2560,"height":635,"caption":"Regi\u00e3o News"},"image":{"@id":"https:\/\/regiaonews.net.br\/2022\/#\/schema\/logo\/image\/"}},{"@type":"Person","@id":"https:\/\/regiaonews.net.br\/2022\/#\/schema\/person\/2d205a608a5aa97ac279d7a5e6d89ad8","name":"Roberto","image":{"@type":"ImageObject","inLanguage":"pt-BR","@id":"https:\/\/secure.gravatar.com\/avatar\/42749d8b712ff9d59ca93dc150494e5b55a44134482993f5baeb97e61b7ecc89?s=96&d=mm&r=g","url":"https:\/\/secure.gravatar.com\/avatar\/42749d8b712ff9d59ca93dc150494e5b55a44134482993f5baeb97e61b7ecc89?s=96&d=mm&r=g","contentUrl":"https:\/\/secure.gravatar.com\/avatar\/42749d8b712ff9d59ca93dc150494e5b55a44134482993f5baeb97e61b7ecc89?s=96&d=mm&r=g","caption":"Roberto"},"url":"https:\/\/regiaonews.net.br\/2022\/author\/roberto\/"}]}},"publishpress_future_action":{"enabled":false,"date":"2026-05-03 09:21:20","action":"change-status","newStatus":"draft","terms":[],"taxonomy":"category","extraData":[]},"publishpress_future_workflow_manual_trigger":{"enabledWorkflows":[]},"_links":{"self":[{"href":"https:\/\/regiaonews.net.br\/2022\/wp-json\/wp\/v2\/posts\/92306","targetHints":{"allow":["GET"]}}],"collection":[{"href":"https:\/\/regiaonews.net.br\/2022\/wp-json\/wp\/v2\/posts"}],"about":[{"href":"https:\/\/regiaonews.net.br\/2022\/wp-json\/wp\/v2\/types\/post"}],"author":[{"embeddable":true,"href":"https:\/\/regiaonews.net.br\/2022\/wp-json\/wp\/v2\/users\/2"}],"replies":[{"embeddable":true,"href":"https:\/\/regiaonews.net.br\/2022\/wp-json\/wp\/v2\/comments?post=92306"}],"version-history":[{"count":3,"href":"https:\/\/regiaonews.net.br\/2022\/wp-json\/wp\/v2\/posts\/92306\/revisions"}],"predecessor-version":[{"id":92373,"href":"https:\/\/regiaonews.net.br\/2022\/wp-json\/wp\/v2\/posts\/92306\/revisions\/92373"}],"wp:featuredmedia":[{"embeddable":true,"href":"https:\/\/regiaonews.net.br\/2022\/wp-json\/wp\/v2\/media\/92307"}],"wp:attachment":[{"href":"https:\/\/regiaonews.net.br\/2022\/wp-json\/wp\/v2\/media?parent=92306"}],"wp:term":[{"taxonomy":"category","embeddable":true,"href":"https:\/\/regiaonews.net.br\/2022\/wp-json\/wp\/v2\/categories?post=92306"},{"taxonomy":"post_tag","embeddable":true,"href":"https:\/\/regiaonews.net.br\/2022\/wp-json\/wp\/v2\/tags?post=92306"}],"curies":[{"name":"wp","href":"https:\/\/api.w.org\/{rel}","templated":true}]}}