{"id":92302,"date":"2023-07-26T14:58:29","date_gmt":"2023-07-26T17:58:29","guid":{"rendered":"https:\/\/regiaonews.net.br\/2022\/?p=92302"},"modified":"2023-07-26T14:58:29","modified_gmt":"2023-07-26T17:58:29","slug":"canada-sofre-gol-olimpico-mas-vira-sobre-irlanda-no-grupo-b-da-copa","status":"publish","type":"post","link":"https:\/\/regiaonews.net.br\/2022\/2023\/07\/26\/canada-sofre-gol-olimpico-mas-vira-sobre-irlanda-no-grupo-b-da-copa\/","title":{"rendered":"Canad\u00e1 sofre gol ol\u00edmpico, mas vira sobre Irlanda no grupo B da Copa"},"content":{"rendered":"<h3 class=\"col-10 offset-1 animated fadeInDown dealy-900 display-8 display-md-8 alt-font font-italic my-1 text-center\" style=\"text-align: center;\">\u00c0s 22h desta quarta tem reedi\u00e7\u00e3o da final de 2019 com EUA x Holanda<\/h3>\n<p>Ap\u00f3s duas rodadas, a estreante Irlanda j\u00e1 n\u00e3o tem mais chances de avan\u00e7ar na Copa do Mundo da Austr\u00e1lia e da Nova Zel\u00e2ndia. No entanto, j\u00e1 deixou uma marca na hist\u00f3ria: na derrota por 2 a 1 para o Canad\u00e1, nesta quarta (26), em Perth (Austr\u00e1lia), a meio-campista\u00a0Katie McCabe abriu o placar com\u00a0<a href=\"https:\/\/twitter.com\/CazeTVOficial\/status\/1684176393922392067\">um gola\u00e7o ol\u00edmpico<\/a>, apenas o terceiro na hist\u00f3ria das Copas (feminina e masculina). Um gol contra da irlandesa\u00a0Connolly abriu o\u00a0placar no primeiro tempo, e na volta do intervalo\u00a0Leon virou para as\u00a0canadenses, atuais campe\u00e3s ol\u00edmpicas. Com o triunfo, o Canad\u00e1 chegou ao quatro pontos e lidera\u00a0momentaneamente o Grupo B. As irlandesas, sem pontos, est\u00e3o eliminadas.<img decoding=\"async\" src=\"https:\/\/agenciabrasil.ebc.com.br\/ebc.png?id=1545631&amp;o=node\" \/><img decoding=\"async\" src=\"https:\/\/agenciabrasil.ebc.com.br\/ebc.gif?id=1545631&amp;o=node\" \/><\/p>\n<p>Ainda nesta quarta, \u00e0s 22h (hor\u00e1rio\u00a0de Bras\u00edlia), tem duelo de peso pelo grupo E.\u00a0<a href=\"https:\/\/agenciabrasil.ebc.com.br\/esportes\/noticia\/2023-07\/duelo-contra-eua-sera-exemplo-de-futebol-moderno-diz-tecnico-holandes\">Estados Unidos e Holanda<\/a>, que fizeram a final da \u00faltima edi\u00e7\u00e3o, na Fran\u00e7a (2019), se enfrentam em Wellington, capital da Nova Zel\u00e2ndia,\u00a0com a ponta da chave em jogo. Ambas as sele\u00e7\u00f5es venceram na primeira rodada.<\/p>\n<p>O primeiro lance de destaque do jogo foi logo o mais impressionante. Aos tr\u00eas minutos, Katie McCabe cobrou escanteio pelo lado direito do ataque irland\u00eas. A batida com a perna esquerda, com efeito, encobriu a goleira Kailen Sheridan e entrou no canto direito da meta. Um gola\u00e7o inesquec\u00edvel.<\/p>\n<p>Com a vantagem precoce no placar, a Irlanda colocou em pr\u00e1tica a estrat\u00e9gia de dar a bola para as advers\u00e1rias e esperar por boas oportunidades para atacar. O Canad\u00e1, mesmo com dom\u00ednio da posse, criava pouco, enquanto a sele\u00e7\u00e3o europeia levava perigo com mais frequ\u00eancia. Carusa foi lan\u00e7ada em um lance na entrada da \u00e1rea e chutou cruzado para defesa de Sheridan.<\/p>\n<p>O Canad\u00e1 assustou quando a zagueira Gilles, na pequena \u00e1rea, completou por cima do gol ap\u00f3s jogada a\u00e9rea. No entanto, no \u00faltimo dos cinco minutos de acr\u00e9scimo da primeira etapa, as canadenses foram presenteadas quando Connolly, ao tentar cortar a jogada pela esquerda, acabou desviando a bola para o pr\u00f3prio gol e marcando contra, surpreendendo a goleira Brosnan.<\/p>\n<h2>Canad\u00e1 muda e vira ap\u00f3s intervalo<\/h2>\n<p>Ap\u00f3s o intervalo, a t\u00e9cnica do Canad\u00e1, Beverly Priestman, apostou em tr\u00eas trocas de uma vez. Uma das atletas a entrar foi a veterana Christine Sinclair, de 40 anos, que, assim como Marta, busca ser a primeira jogadora a marcar em seis edi\u00e7\u00f5es de Copa. As mudan\u00e7as surtiram efeito e o Canad\u00e1 passou a criar e finalizar mais, rapidamente superando a Irlanda em chutes a gol.<\/p>\n<p>A virada veio aos oito. Leon recebeu na entrada da \u00e1rea, no meio da defesa irlandesa e, na ra\u00e7a, finalizou com a ponta da chuteira para bater Brosnan.<\/p>\n<p>Da\u00ed em diante o jogo ficou mais aberto, embora o Canad\u00e1 levasse mais perigo. Sinclair teve pelo menos duas boas chances de marcar seu gol hist\u00f3rico, mas n\u00e3o conseguiu. No lado irland\u00eas, McCabe quase marcou outro gol antol\u00f3gico ap\u00f3s jogada individual em que driblou tr\u00eas advers\u00e1rias.<\/p>\n<p>Ao fim, as canadenses respiraram aliviadas com a vit\u00f3ria suada, enquanto as irlandesas choraram a elimina\u00e7\u00e3o precoce.<\/p>\n<p>A segunda rodada do grupo B ainda ser\u00e1 finalizada com o duelo entre Austr\u00e1lia e Nig\u00e9ria, nesta quinta (27), \u00e0s 7h de Bras\u00edlia, em Brisbane. Uma vit\u00f3ria das donas da casa significa a classifica\u00e7\u00e3o antecipada para as Matildas. Como qualquer resultado levar\u00e1 uma das equipes a pelo menos quatro pontos, a Irlanda n\u00e3o tem mais como chegar \u00e0s duas primeiras posi\u00e7\u00f5es da chave.<\/p>\n<p>A classifica\u00e7\u00e3o final do grupo B ser\u00e1 decidida na terceira e derradeira rodada da chave. Na segunda (31), Canad\u00e1 e Austr\u00e1lia se enfrentam em Melbourne, enquanto Nig\u00e9ria e Irlanda medem for\u00e7as em Brisbane.<\/p>\n<p>Fonte &#8211; Ag\u00eancia Brasil.<\/p>\n","protected":false},"excerpt":{"rendered":"<p>\u00c0s 22h desta quarta tem reedi\u00e7\u00e3o da final de 2019<\/p>\n","protected":false},"author":2,"featured_media":92304,"comment_status":"open","ping_status":"open","sticky":false,"template":"","format":"standard","meta":{"footnotes":""},"categories":[21,3],"tags":[],"class_list":["post-92302","post","type-post","status-publish","format-standard","has-post-thumbnail","hentry","category-esporte","category-geral"],"yoast_head":"<!-- This site is optimized with the Yoast SEO plugin v27.4 - https:\/\/yoast.com\/product\/yoast-seo-wordpress\/ -->\n<title>Canad\u00e1 sofre gol ol\u00edmpico, mas vira sobre Irlanda no grupo B da Copa - Regi\u00e3o News<\/title>\n<meta name=\"robots\" content=\"index, follow, max-snippet:-1, max-image-preview:large, max-video-preview:-1\" \/>\n<link rel=\"canonical\" href=\"https:\/\/regiaonews.net.br\/2022\/2023\/07\/26\/canada-sofre-gol-olimpico-mas-vira-sobre-irlanda-no-grupo-b-da-copa\/\" \/>\n<meta property=\"og:locale\" content=\"pt_BR\" \/>\n<meta property=\"og:type\" content=\"article\" \/>\n<meta property=\"og:title\" content=\"Canad\u00e1 sofre gol ol\u00edmpico, mas vira sobre Irlanda no grupo B da Copa - Regi\u00e3o News\" \/>\n<meta property=\"og:description\" content=\"\u00c0s 22h desta quarta tem reedi\u00e7\u00e3o da final de 2019\" \/>\n<meta property=\"og:url\" content=\"https:\/\/regiaonews.net.br\/2022\/2023\/07\/26\/canada-sofre-gol-olimpico-mas-vira-sobre-irlanda-no-grupo-b-da-copa\/\" \/>\n<meta property=\"og:site_name\" content=\"Regi\u00e3o News\" \/>\n<meta property=\"article:published_time\" content=\"2023-07-26T17:58:29+00:00\" \/>\n<meta property=\"og:image\" content=\"https:\/\/regiaonews.net.br\/2022\/wp-content\/uploads\/2023\/07\/canada_2_a_1_irlanda_copa_fem_2023_2.jpg\" \/>\n\t<meta property=\"og:image:width\" content=\"1170\" \/>\n\t<meta property=\"og:image:height\" content=\"700\" \/>\n\t<meta property=\"og:image:type\" content=\"image\/jpeg\" \/>\n<meta name=\"author\" content=\"Roberto\" \/>\n<meta name=\"twitter:card\" content=\"summary_large_image\" \/>\n<meta name=\"twitter:label1\" content=\"Escrito por\" \/>\n\t<meta name=\"twitter:data1\" content=\"Roberto\" \/>\n\t<meta name=\"twitter:label2\" content=\"Est. tempo de leitura\" \/>\n\t<meta name=\"twitter:data2\" content=\"4 minutos\" \/>\n<script type=\"application\/ld+json\" class=\"yoast-schema-graph\">{\"@context\":\"https:\\\/\\\/schema.org\",\"@graph\":[{\"@type\":\"Article\",\"@id\":\"https:\\\/\\\/regiaonews.net.br\\\/2022\\\/2023\\\/07\\\/26\\\/canada-sofre-gol-olimpico-mas-vira-sobre-irlanda-no-grupo-b-da-copa\\\/#article\",\"isPartOf\":{\"@id\":\"https:\\\/\\\/regiaonews.net.br\\\/2022\\\/2023\\\/07\\\/26\\\/canada-sofre-gol-olimpico-mas-vira-sobre-irlanda-no-grupo-b-da-copa\\\/\"},\"author\":{\"name\":\"Roberto\",\"@id\":\"https:\\\/\\\/regiaonews.net.br\\\/2022\\\/#\\\/schema\\\/person\\\/2d205a608a5aa97ac279d7a5e6d89ad8\"},\"headline\":\"Canad\u00e1 sofre gol ol\u00edmpico, mas vira sobre Irlanda no grupo B da Copa\",\"datePublished\":\"2023-07-26T17:58:29+00:00\",\"mainEntityOfPage\":{\"@id\":\"https:\\\/\\\/regiaonews.net.br\\\/2022\\\/2023\\\/07\\\/26\\\/canada-sofre-gol-olimpico-mas-vira-sobre-irlanda-no-grupo-b-da-copa\\\/\"},\"wordCount\":678,\"commentCount\":0,\"publisher\":{\"@id\":\"https:\\\/\\\/regiaonews.net.br\\\/2022\\\/#organization\"},\"image\":{\"@id\":\"https:\\\/\\\/regiaonews.net.br\\\/2022\\\/2023\\\/07\\\/26\\\/canada-sofre-gol-olimpico-mas-vira-sobre-irlanda-no-grupo-b-da-copa\\\/#primaryimage\"},\"thumbnailUrl\":\"https:\\\/\\\/regiaonews.net.br\\\/2022\\\/wp-content\\\/uploads\\\/2023\\\/07\\\/canada_2_a_1_irlanda_copa_fem_2023_2.jpg\",\"articleSection\":[\"Esporte\",\"Geral\"],\"inLanguage\":\"pt-BR\",\"potentialAction\":[{\"@type\":\"CommentAction\",\"name\":\"Comment\",\"target\":[\"https:\\\/\\\/regiaonews.net.br\\\/2022\\\/2023\\\/07\\\/26\\\/canada-sofre-gol-olimpico-mas-vira-sobre-irlanda-no-grupo-b-da-copa\\\/#respond\"]}]},{\"@type\":\"WebPage\",\"@id\":\"https:\\\/\\\/regiaonews.net.br\\\/2022\\\/2023\\\/07\\\/26\\\/canada-sofre-gol-olimpico-mas-vira-sobre-irlanda-no-grupo-b-da-copa\\\/\",\"url\":\"https:\\\/\\\/regiaonews.net.br\\\/2022\\\/2023\\\/07\\\/26\\\/canada-sofre-gol-olimpico-mas-vira-sobre-irlanda-no-grupo-b-da-copa\\\/\",\"name\":\"Canad\u00e1 sofre gol ol\u00edmpico, mas vira sobre Irlanda no grupo B da Copa - Regi\u00e3o News\",\"isPartOf\":{\"@id\":\"https:\\\/\\\/regiaonews.net.br\\\/2022\\\/#website\"},\"primaryImageOfPage\":{\"@id\":\"https:\\\/\\\/regiaonews.net.br\\\/2022\\\/2023\\\/07\\\/26\\\/canada-sofre-gol-olimpico-mas-vira-sobre-irlanda-no-grupo-b-da-copa\\\/#primaryimage\"},\"image\":{\"@id\":\"https:\\\/\\\/regiaonews.net.br\\\/2022\\\/2023\\\/07\\\/26\\\/canada-sofre-gol-olimpico-mas-vira-sobre-irlanda-no-grupo-b-da-copa\\\/#primaryimage\"},\"thumbnailUrl\":\"https:\\\/\\\/regiaonews.net.br\\\/2022\\\/wp-content\\\/uploads\\\/2023\\\/07\\\/canada_2_a_1_irlanda_copa_fem_2023_2.jpg\",\"datePublished\":\"2023-07-26T17:58:29+00:00\",\"breadcrumb\":{\"@id\":\"https:\\\/\\\/regiaonews.net.br\\\/2022\\\/2023\\\/07\\\/26\\\/canada-sofre-gol-olimpico-mas-vira-sobre-irlanda-no-grupo-b-da-copa\\\/#breadcrumb\"},\"inLanguage\":\"pt-BR\",\"potentialAction\":[{\"@type\":\"ReadAction\",\"target\":[\"https:\\\/\\\/regiaonews.net.br\\\/2022\\\/2023\\\/07\\\/26\\\/canada-sofre-gol-olimpico-mas-vira-sobre-irlanda-no-grupo-b-da-copa\\\/\"]}]},{\"@type\":\"ImageObject\",\"inLanguage\":\"pt-BR\",\"@id\":\"https:\\\/\\\/regiaonews.net.br\\\/2022\\\/2023\\\/07\\\/26\\\/canada-sofre-gol-olimpico-mas-vira-sobre-irlanda-no-grupo-b-da-copa\\\/#primaryimage\",\"url\":\"https:\\\/\\\/regiaonews.net.br\\\/2022\\\/wp-content\\\/uploads\\\/2023\\\/07\\\/canada_2_a_1_irlanda_copa_fem_2023_2.jpg\",\"contentUrl\":\"https:\\\/\\\/regiaonews.net.br\\\/2022\\\/wp-content\\\/uploads\\\/2023\\\/07\\\/canada_2_a_1_irlanda_copa_fem_2023_2.jpg\",\"width\":1170,\"height\":700},{\"@type\":\"BreadcrumbList\",\"@id\":\"https:\\\/\\\/regiaonews.net.br\\\/2022\\\/2023\\\/07\\\/26\\\/canada-sofre-gol-olimpico-mas-vira-sobre-irlanda-no-grupo-b-da-copa\\\/#breadcrumb\",\"itemListElement\":[{\"@type\":\"ListItem\",\"position\":1,\"name\":\"In\u00edcio\",\"item\":\"https:\\\/\\\/regiaonews.net.br\\\/2022\\\/\"},{\"@type\":\"ListItem\",\"position\":2,\"name\":\"Canad\u00e1 sofre gol ol\u00edmpico, mas vira sobre Irlanda no grupo B da Copa\"}]},{\"@type\":\"WebSite\",\"@id\":\"https:\\\/\\\/regiaonews.net.br\\\/2022\\\/#website\",\"url\":\"https:\\\/\\\/regiaonews.net.br\\\/2022\\\/\",\"name\":\"Regi\u00e3o News\",\"description\":\"Site de Not\u00edcias de Barretos e regi\u00e3o\",\"publisher\":{\"@id\":\"https:\\\/\\\/regiaonews.net.br\\\/2022\\\/#organization\"},\"potentialAction\":[{\"@type\":\"SearchAction\",\"target\":{\"@type\":\"EntryPoint\",\"urlTemplate\":\"https:\\\/\\\/regiaonews.net.br\\\/2022\\\/?s={search_term_string}\"},\"query-input\":{\"@type\":\"PropertyValueSpecification\",\"valueRequired\":true,\"valueName\":\"search_term_string\"}}],\"inLanguage\":\"pt-BR\"},{\"@type\":\"Organization\",\"@id\":\"https:\\\/\\\/regiaonews.net.br\\\/2022\\\/#organization\",\"name\":\"Regi\u00e3o News\",\"url\":\"https:\\\/\\\/regiaonews.net.br\\\/2022\\\/\",\"logo\":{\"@type\":\"ImageObject\",\"inLanguage\":\"pt-BR\",\"@id\":\"https:\\\/\\\/regiaonews.net.br\\\/2022\\\/#\\\/schema\\\/logo\\\/image\\\/\",\"url\":\"https:\\\/\\\/regiaonews.net.br\\\/2022\\\/wp-content\\\/uploads\\\/2026\\\/03\\\/regiao-13-anos-scaled.jpg\",\"contentUrl\":\"https:\\\/\\\/regiaonews.net.br\\\/2022\\\/wp-content\\\/uploads\\\/2026\\\/03\\\/regiao-13-anos-scaled.jpg\",\"width\":2560,\"height\":635,\"caption\":\"Regi\u00e3o News\"},\"image\":{\"@id\":\"https:\\\/\\\/regiaonews.net.br\\\/2022\\\/#\\\/schema\\\/logo\\\/image\\\/\"}},{\"@type\":\"Person\",\"@id\":\"https:\\\/\\\/regiaonews.net.br\\\/2022\\\/#\\\/schema\\\/person\\\/2d205a608a5aa97ac279d7a5e6d89ad8\",\"name\":\"Roberto\",\"image\":{\"@type\":\"ImageObject\",\"inLanguage\":\"pt-BR\",\"@id\":\"https:\\\/\\\/secure.gravatar.com\\\/avatar\\\/42749d8b712ff9d59ca93dc150494e5b55a44134482993f5baeb97e61b7ecc89?s=96&d=mm&r=g\",\"url\":\"https:\\\/\\\/secure.gravatar.com\\\/avatar\\\/42749d8b712ff9d59ca93dc150494e5b55a44134482993f5baeb97e61b7ecc89?s=96&d=mm&r=g\",\"contentUrl\":\"https:\\\/\\\/secure.gravatar.com\\\/avatar\\\/42749d8b712ff9d59ca93dc150494e5b55a44134482993f5baeb97e61b7ecc89?s=96&d=mm&r=g\",\"caption\":\"Roberto\"},\"url\":\"https:\\\/\\\/regiaonews.net.br\\\/2022\\\/author\\\/roberto\\\/\"}]}<\/script>\n<!-- \/ Yoast SEO plugin. -->","yoast_head_json":{"title":"Canad\u00e1 sofre gol ol\u00edmpico, mas vira sobre Irlanda no grupo B da Copa - Regi\u00e3o News","robots":{"index":"index","follow":"follow","max-snippet":"max-snippet:-1","max-image-preview":"max-image-preview:large","max-video-preview":"max-video-preview:-1"},"canonical":"https:\/\/regiaonews.net.br\/2022\/2023\/07\/26\/canada-sofre-gol-olimpico-mas-vira-sobre-irlanda-no-grupo-b-da-copa\/","og_locale":"pt_BR","og_type":"article","og_title":"Canad\u00e1 sofre gol ol\u00edmpico, mas vira sobre Irlanda no grupo B da Copa - Regi\u00e3o News","og_description":"\u00c0s 22h desta quarta tem reedi\u00e7\u00e3o da final de 2019","og_url":"https:\/\/regiaonews.net.br\/2022\/2023\/07\/26\/canada-sofre-gol-olimpico-mas-vira-sobre-irlanda-no-grupo-b-da-copa\/","og_site_name":"Regi\u00e3o News","article_published_time":"2023-07-26T17:58:29+00:00","og_image":[{"width":1170,"height":700,"url":"https:\/\/regiaonews.net.br\/2022\/wp-content\/uploads\/2023\/07\/canada_2_a_1_irlanda_copa_fem_2023_2.jpg","type":"image\/jpeg"}],"author":"Roberto","twitter_card":"summary_large_image","twitter_misc":{"Escrito por":"Roberto","Est. tempo de leitura":"4 minutos"},"schema":{"@context":"https:\/\/schema.org","@graph":[{"@type":"Article","@id":"https:\/\/regiaonews.net.br\/2022\/2023\/07\/26\/canada-sofre-gol-olimpico-mas-vira-sobre-irlanda-no-grupo-b-da-copa\/#article","isPartOf":{"@id":"https:\/\/regiaonews.net.br\/2022\/2023\/07\/26\/canada-sofre-gol-olimpico-mas-vira-sobre-irlanda-no-grupo-b-da-copa\/"},"author":{"name":"Roberto","@id":"https:\/\/regiaonews.net.br\/2022\/#\/schema\/person\/2d205a608a5aa97ac279d7a5e6d89ad8"},"headline":"Canad\u00e1 sofre gol ol\u00edmpico, mas vira sobre Irlanda no grupo B da Copa","datePublished":"2023-07-26T17:58:29+00:00","mainEntityOfPage":{"@id":"https:\/\/regiaonews.net.br\/2022\/2023\/07\/26\/canada-sofre-gol-olimpico-mas-vira-sobre-irlanda-no-grupo-b-da-copa\/"},"wordCount":678,"commentCount":0,"publisher":{"@id":"https:\/\/regiaonews.net.br\/2022\/#organization"},"image":{"@id":"https:\/\/regiaonews.net.br\/2022\/2023\/07\/26\/canada-sofre-gol-olimpico-mas-vira-sobre-irlanda-no-grupo-b-da-copa\/#primaryimage"},"thumbnailUrl":"https:\/\/regiaonews.net.br\/2022\/wp-content\/uploads\/2023\/07\/canada_2_a_1_irlanda_copa_fem_2023_2.jpg","articleSection":["Esporte","Geral"],"inLanguage":"pt-BR","potentialAction":[{"@type":"CommentAction","name":"Comment","target":["https:\/\/regiaonews.net.br\/2022\/2023\/07\/26\/canada-sofre-gol-olimpico-mas-vira-sobre-irlanda-no-grupo-b-da-copa\/#respond"]}]},{"@type":"WebPage","@id":"https:\/\/regiaonews.net.br\/2022\/2023\/07\/26\/canada-sofre-gol-olimpico-mas-vira-sobre-irlanda-no-grupo-b-da-copa\/","url":"https:\/\/regiaonews.net.br\/2022\/2023\/07\/26\/canada-sofre-gol-olimpico-mas-vira-sobre-irlanda-no-grupo-b-da-copa\/","name":"Canad\u00e1 sofre gol ol\u00edmpico, mas vira sobre Irlanda no grupo B da Copa - Regi\u00e3o News","isPartOf":{"@id":"https:\/\/regiaonews.net.br\/2022\/#website"},"primaryImageOfPage":{"@id":"https:\/\/regiaonews.net.br\/2022\/2023\/07\/26\/canada-sofre-gol-olimpico-mas-vira-sobre-irlanda-no-grupo-b-da-copa\/#primaryimage"},"image":{"@id":"https:\/\/regiaonews.net.br\/2022\/2023\/07\/26\/canada-sofre-gol-olimpico-mas-vira-sobre-irlanda-no-grupo-b-da-copa\/#primaryimage"},"thumbnailUrl":"https:\/\/regiaonews.net.br\/2022\/wp-content\/uploads\/2023\/07\/canada_2_a_1_irlanda_copa_fem_2023_2.jpg","datePublished":"2023-07-26T17:58:29+00:00","breadcrumb":{"@id":"https:\/\/regiaonews.net.br\/2022\/2023\/07\/26\/canada-sofre-gol-olimpico-mas-vira-sobre-irlanda-no-grupo-b-da-copa\/#breadcrumb"},"inLanguage":"pt-BR","potentialAction":[{"@type":"ReadAction","target":["https:\/\/regiaonews.net.br\/2022\/2023\/07\/26\/canada-sofre-gol-olimpico-mas-vira-sobre-irlanda-no-grupo-b-da-copa\/"]}]},{"@type":"ImageObject","inLanguage":"pt-BR","@id":"https:\/\/regiaonews.net.br\/2022\/2023\/07\/26\/canada-sofre-gol-olimpico-mas-vira-sobre-irlanda-no-grupo-b-da-copa\/#primaryimage","url":"https:\/\/regiaonews.net.br\/2022\/wp-content\/uploads\/2023\/07\/canada_2_a_1_irlanda_copa_fem_2023_2.jpg","contentUrl":"https:\/\/regiaonews.net.br\/2022\/wp-content\/uploads\/2023\/07\/canada_2_a_1_irlanda_copa_fem_2023_2.jpg","width":1170,"height":700},{"@type":"BreadcrumbList","@id":"https:\/\/regiaonews.net.br\/2022\/2023\/07\/26\/canada-sofre-gol-olimpico-mas-vira-sobre-irlanda-no-grupo-b-da-copa\/#breadcrumb","itemListElement":[{"@type":"ListItem","position":1,"name":"In\u00edcio","item":"https:\/\/regiaonews.net.br\/2022\/"},{"@type":"ListItem","position":2,"name":"Canad\u00e1 sofre gol ol\u00edmpico, mas vira sobre Irlanda no grupo B da Copa"}]},{"@type":"WebSite","@id":"https:\/\/regiaonews.net.br\/2022\/#website","url":"https:\/\/regiaonews.net.br\/2022\/","name":"Regi\u00e3o News","description":"Site de Not\u00edcias de Barretos e regi\u00e3o","publisher":{"@id":"https:\/\/regiaonews.net.br\/2022\/#organization"},"potentialAction":[{"@type":"SearchAction","target":{"@type":"EntryPoint","urlTemplate":"https:\/\/regiaonews.net.br\/2022\/?s={search_term_string}"},"query-input":{"@type":"PropertyValueSpecification","valueRequired":true,"valueName":"search_term_string"}}],"inLanguage":"pt-BR"},{"@type":"Organization","@id":"https:\/\/regiaonews.net.br\/2022\/#organization","name":"Regi\u00e3o News","url":"https:\/\/regiaonews.net.br\/2022\/","logo":{"@type":"ImageObject","inLanguage":"pt-BR","@id":"https:\/\/regiaonews.net.br\/2022\/#\/schema\/logo\/image\/","url":"https:\/\/regiaonews.net.br\/2022\/wp-content\/uploads\/2026\/03\/regiao-13-anos-scaled.jpg","contentUrl":"https:\/\/regiaonews.net.br\/2022\/wp-content\/uploads\/2026\/03\/regiao-13-anos-scaled.jpg","width":2560,"height":635,"caption":"Regi\u00e3o News"},"image":{"@id":"https:\/\/regiaonews.net.br\/2022\/#\/schema\/logo\/image\/"}},{"@type":"Person","@id":"https:\/\/regiaonews.net.br\/2022\/#\/schema\/person\/2d205a608a5aa97ac279d7a5e6d89ad8","name":"Roberto","image":{"@type":"ImageObject","inLanguage":"pt-BR","@id":"https:\/\/secure.gravatar.com\/avatar\/42749d8b712ff9d59ca93dc150494e5b55a44134482993f5baeb97e61b7ecc89?s=96&d=mm&r=g","url":"https:\/\/secure.gravatar.com\/avatar\/42749d8b712ff9d59ca93dc150494e5b55a44134482993f5baeb97e61b7ecc89?s=96&d=mm&r=g","contentUrl":"https:\/\/secure.gravatar.com\/avatar\/42749d8b712ff9d59ca93dc150494e5b55a44134482993f5baeb97e61b7ecc89?s=96&d=mm&r=g","caption":"Roberto"},"url":"https:\/\/regiaonews.net.br\/2022\/author\/roberto\/"}]}},"publishpress_future_action":{"enabled":false,"date":"2026-05-03 10:51:46","action":"change-status","newStatus":"draft","terms":[],"taxonomy":"category","extraData":[]},"publishpress_future_workflow_manual_trigger":{"enabledWorkflows":[]},"_links":{"self":[{"href":"https:\/\/regiaonews.net.br\/2022\/wp-json\/wp\/v2\/posts\/92302","targetHints":{"allow":["GET"]}}],"collection":[{"href":"https:\/\/regiaonews.net.br\/2022\/wp-json\/wp\/v2\/posts"}],"about":[{"href":"https:\/\/regiaonews.net.br\/2022\/wp-json\/wp\/v2\/types\/post"}],"author":[{"embeddable":true,"href":"https:\/\/regiaonews.net.br\/2022\/wp-json\/wp\/v2\/users\/2"}],"replies":[{"embeddable":true,"href":"https:\/\/regiaonews.net.br\/2022\/wp-json\/wp\/v2\/comments?post=92302"}],"version-history":[{"count":1,"href":"https:\/\/regiaonews.net.br\/2022\/wp-json\/wp\/v2\/posts\/92302\/revisions"}],"predecessor-version":[{"id":92305,"href":"https:\/\/regiaonews.net.br\/2022\/wp-json\/wp\/v2\/posts\/92302\/revisions\/92305"}],"wp:featuredmedia":[{"embeddable":true,"href":"https:\/\/regiaonews.net.br\/2022\/wp-json\/wp\/v2\/media\/92304"}],"wp:attachment":[{"href":"https:\/\/regiaonews.net.br\/2022\/wp-json\/wp\/v2\/media?parent=92302"}],"wp:term":[{"taxonomy":"category","embeddable":true,"href":"https:\/\/regiaonews.net.br\/2022\/wp-json\/wp\/v2\/categories?post=92302"},{"taxonomy":"post_tag","embeddable":true,"href":"https:\/\/regiaonews.net.br\/2022\/wp-json\/wp\/v2\/tags?post=92302"}],"curies":[{"name":"wp","href":"https:\/\/api.w.org\/{rel}","templated":true}]}}