{"id":92298,"date":"2023-07-26T14:57:14","date_gmt":"2023-07-26T17:57:14","guid":{"rendered":"https:\/\/regiaonews.net.br\/2022\/?p=92298"},"modified":"2023-07-26T14:57:14","modified_gmt":"2023-07-26T17:57:14","slug":"governo-autoriza-230-novas-vagas-em-concurso","status":"publish","type":"post","link":"https:\/\/regiaonews.net.br\/2022\/2023\/07\/26\/governo-autoriza-230-novas-vagas-em-concurso\/","title":{"rendered":"Governo autoriza 230 novas vagas em concurso"},"content":{"rendered":"<h3 class=\"col-10 offset-1 animated fadeInDown dealy-900 display-8 display-md-8 alt-font font-italic my-1 text-center\" style=\"text-align: center;\">Portaria foi publicada hoje no Di\u00e1rio Oficial.<\/h3>\n<p>O Minist\u00e9rio da Gest\u00e3o e da Inova\u00e7\u00e3o em Servi\u00e7os P\u00fablicos publicou nesta quarta-feira (26)\u00a0<a href=\"https:\/\/in.gov.br\/web\/dou\/-\/portaria-mgi-n-3.878-de-24-de-julho-de-2023-498929310\" target=\"_blank\" rel=\"noopener\">portaria<\/a>\u00a0que autoriza a realiza\u00e7\u00e3o de concurso p\u00fablico para preencher 100 vagas de analista no Minist\u00e9rio do Planejamento e Or\u00e7amento (MPO). O edital com todas as informa\u00e7\u00f5es sobre o processo deve ser publicado em at\u00e9 seis meses.<img decoding=\"async\" src=\"https:\/\/agenciabrasil.ebc.com.br\/ebc.png?id=1545676&amp;o=node\" \/><img decoding=\"async\" src=\"https:\/\/agenciabrasil.ebc.com.br\/ebc.gif?id=1545676&amp;o=node\" \/><\/p>\n<p>As vagas disponibilizadas s\u00e3o de n\u00edvel superior para analista de planejamento e or\u00e7amento. As \u00e1reas de atua\u00e7\u00e3o n\u00e3o foram especificadas. O \u00faltimo concurso p\u00fablico foi realizado em 2015. Durante o governo anterior o minist\u00e9rio foi extinto e voltou a ser institu\u00eddo somente em janeiro de 2023, pelo presidente Luiz In\u00e1cio Lula da Silva.<\/p>\n<p>O \u00f3rg\u00e3o \u00e9 respons\u00e1vel por planejar e elaborar pol\u00edticas p\u00fablicas para o desenvolvimento do pa\u00eds, al\u00e9m de acompanhar o plano plurianual de investimentos, os or\u00e7amentos anuais e avaliar os financiamentos externos.<\/p>\n<p>A portaria tamb\u00e9m estabelece que o prazo m\u00ednimo entre a publica\u00e7\u00e3o do edital e a realiza\u00e7\u00e3o da primeira prova do concurso p\u00fablico \u00e9 de dois meses. O MPO \u00e9 respons\u00e1vel por estabelecer as normas, observar as pol\u00edticas de reserva de vagas para o planejamento e execu\u00e7\u00e3o do processo de sele\u00e7\u00e3o.<\/p>\n<p>A remunera\u00e7\u00e3o inicial para o cargo de analista de planejamento e or\u00e7amento, atualmente, \u00e9 de R$ 20.924,80.<\/p>\n<h2>Anatel<\/h2>\n<p>Outra\u00a0<a href=\"https:\/\/www.in.gov.br\/en\/web\/dou\/-\/portaria-mgi-n-3.876-de-24-de-julho-de-2023-498929210\" target=\"_blank\" rel=\"noopener\">portaria<\/a>\u00a0publicada no DOU, autoriza a realiza\u00e7\u00e3o de concurso p\u00fablico para ocupar 50 cargos de n\u00edvel superior, para especialista em regula\u00e7\u00e3o de servi\u00e7os p\u00fablicos de telecomunica\u00e7\u00f5es, na Ag\u00eancia Nacional de Telecomunica\u00e7\u00f5es (Anatel). Os prazos para publica\u00e7\u00e3o do edital e realiza\u00e7\u00e3o da prova s\u00e3o os mesmos estabelecidos para o concurso do MPO.<\/p>\n<p>Os cargos fazem parte do total das 3.026 vagas autorizadas pelo governo federal, conforme anunciou no dia 18 de junho, a ministra da\u00a0<a href=\"https:\/\/agenciabrasil.ebc.com.br\/geral\/noticia\/2023-07\/governo-autoriza-preencher-mais-de-3-mil-vagas-no-servico-publico\" target=\"_blank\" rel=\"noopener\">Gest\u00e3o e da Inova\u00e7\u00e3o em Servi\u00e7os P\u00fablicos<\/a>, Esther Dweck.<\/p>\n<p>O Instituto de Pesquisa Econ\u00f4mica Aplicada (Ipea) tamb\u00e9m foi autorizado por\u00a0<a href=\"https:\/\/www.in.gov.br\/web\/dou\/-\/portaria-mgi-n-3.877-de-24-de-julho-de-2023-498838402\" target=\"_blank\" rel=\"noopener\">portaria<\/a>\u00a0a iniciar o processo de sele\u00e7\u00e3o para o preenchimento de 80 vagas. O concurso p\u00fablico ser\u00e1 para n\u00edvel m\u00e9dio, para o cargo de t\u00e9cnico de planejamento e pesquisa.<\/p>\n<p>Fonte &#8211; Ag\u00eancia Brasil.<\/p>\n","protected":false},"excerpt":{"rendered":"<p>Portaria foi publicada hoje no Di\u00e1rio Oficial. O Minist\u00e9rio da<\/p>\n","protected":false},"author":2,"featured_media":92300,"comment_status":"open","ping_status":"open","sticky":false,"template":"","format":"standard","meta":{"footnotes":""},"categories":[24,3],"tags":[],"class_list":["post-92298","post","type-post","status-publish","format-standard","has-post-thumbnail","hentry","category-brasil","category-geral"],"yoast_head":"<!-- This site is optimized with the Yoast SEO plugin v27.4 - https:\/\/yoast.com\/product\/yoast-seo-wordpress\/ -->\n<title>Governo autoriza 230 novas vagas em concurso - Regi\u00e3o News<\/title>\n<meta name=\"robots\" content=\"index, follow, max-snippet:-1, max-image-preview:large, max-video-preview:-1\" \/>\n<link rel=\"canonical\" href=\"https:\/\/regiaonews.net.br\/2022\/2023\/07\/26\/governo-autoriza-230-novas-vagas-em-concurso\/\" \/>\n<meta property=\"og:locale\" content=\"pt_BR\" \/>\n<meta property=\"og:type\" content=\"article\" \/>\n<meta property=\"og:title\" content=\"Governo autoriza 230 novas vagas em concurso - Regi\u00e3o News\" \/>\n<meta property=\"og:description\" content=\"Portaria foi publicada hoje no Di\u00e1rio Oficial. O Minist\u00e9rio da\" \/>\n<meta property=\"og:url\" content=\"https:\/\/regiaonews.net.br\/2022\/2023\/07\/26\/governo-autoriza-230-novas-vagas-em-concurso\/\" \/>\n<meta property=\"og:site_name\" content=\"Regi\u00e3o News\" \/>\n<meta property=\"article:published_time\" content=\"2023-07-26T17:57:14+00:00\" \/>\n<meta property=\"og:image\" content=\"https:\/\/regiaonews.net.br\/2022\/wp-content\/uploads\/2023\/07\/pzzb0281.jpg\" \/>\n\t<meta property=\"og:image:width\" content=\"1170\" \/>\n\t<meta property=\"og:image:height\" content=\"700\" \/>\n\t<meta property=\"og:image:type\" content=\"image\/jpeg\" \/>\n<meta name=\"author\" content=\"Roberto\" \/>\n<meta name=\"twitter:card\" content=\"summary_large_image\" \/>\n<meta name=\"twitter:label1\" content=\"Escrito por\" \/>\n\t<meta name=\"twitter:data1\" content=\"Roberto\" \/>\n\t<meta name=\"twitter:label2\" content=\"Est. tempo de leitura\" \/>\n\t<meta name=\"twitter:data2\" content=\"3 minutos\" \/>\n<script type=\"application\/ld+json\" class=\"yoast-schema-graph\">{\"@context\":\"https:\\\/\\\/schema.org\",\"@graph\":[{\"@type\":\"Article\",\"@id\":\"https:\\\/\\\/regiaonews.net.br\\\/2022\\\/2023\\\/07\\\/26\\\/governo-autoriza-230-novas-vagas-em-concurso\\\/#article\",\"isPartOf\":{\"@id\":\"https:\\\/\\\/regiaonews.net.br\\\/2022\\\/2023\\\/07\\\/26\\\/governo-autoriza-230-novas-vagas-em-concurso\\\/\"},\"author\":{\"name\":\"Roberto\",\"@id\":\"https:\\\/\\\/regiaonews.net.br\\\/2022\\\/#\\\/schema\\\/person\\\/2d205a608a5aa97ac279d7a5e6d89ad8\"},\"headline\":\"Governo autoriza 230 novas vagas em concurso\",\"datePublished\":\"2023-07-26T17:57:14+00:00\",\"mainEntityOfPage\":{\"@id\":\"https:\\\/\\\/regiaonews.net.br\\\/2022\\\/2023\\\/07\\\/26\\\/governo-autoriza-230-novas-vagas-em-concurso\\\/\"},\"wordCount\":393,\"commentCount\":0,\"publisher\":{\"@id\":\"https:\\\/\\\/regiaonews.net.br\\\/2022\\\/#organization\"},\"image\":{\"@id\":\"https:\\\/\\\/regiaonews.net.br\\\/2022\\\/2023\\\/07\\\/26\\\/governo-autoriza-230-novas-vagas-em-concurso\\\/#primaryimage\"},\"thumbnailUrl\":\"https:\\\/\\\/regiaonews.net.br\\\/2022\\\/wp-content\\\/uploads\\\/2023\\\/07\\\/pzzb0281.jpg\",\"articleSection\":[\"Brasil\",\"Geral\"],\"inLanguage\":\"pt-BR\",\"potentialAction\":[{\"@type\":\"CommentAction\",\"name\":\"Comment\",\"target\":[\"https:\\\/\\\/regiaonews.net.br\\\/2022\\\/2023\\\/07\\\/26\\\/governo-autoriza-230-novas-vagas-em-concurso\\\/#respond\"]}]},{\"@type\":\"WebPage\",\"@id\":\"https:\\\/\\\/regiaonews.net.br\\\/2022\\\/2023\\\/07\\\/26\\\/governo-autoriza-230-novas-vagas-em-concurso\\\/\",\"url\":\"https:\\\/\\\/regiaonews.net.br\\\/2022\\\/2023\\\/07\\\/26\\\/governo-autoriza-230-novas-vagas-em-concurso\\\/\",\"name\":\"Governo autoriza 230 novas vagas em concurso - Regi\u00e3o News\",\"isPartOf\":{\"@id\":\"https:\\\/\\\/regiaonews.net.br\\\/2022\\\/#website\"},\"primaryImageOfPage\":{\"@id\":\"https:\\\/\\\/regiaonews.net.br\\\/2022\\\/2023\\\/07\\\/26\\\/governo-autoriza-230-novas-vagas-em-concurso\\\/#primaryimage\"},\"image\":{\"@id\":\"https:\\\/\\\/regiaonews.net.br\\\/2022\\\/2023\\\/07\\\/26\\\/governo-autoriza-230-novas-vagas-em-concurso\\\/#primaryimage\"},\"thumbnailUrl\":\"https:\\\/\\\/regiaonews.net.br\\\/2022\\\/wp-content\\\/uploads\\\/2023\\\/07\\\/pzzb0281.jpg\",\"datePublished\":\"2023-07-26T17:57:14+00:00\",\"breadcrumb\":{\"@id\":\"https:\\\/\\\/regiaonews.net.br\\\/2022\\\/2023\\\/07\\\/26\\\/governo-autoriza-230-novas-vagas-em-concurso\\\/#breadcrumb\"},\"inLanguage\":\"pt-BR\",\"potentialAction\":[{\"@type\":\"ReadAction\",\"target\":[\"https:\\\/\\\/regiaonews.net.br\\\/2022\\\/2023\\\/07\\\/26\\\/governo-autoriza-230-novas-vagas-em-concurso\\\/\"]}]},{\"@type\":\"ImageObject\",\"inLanguage\":\"pt-BR\",\"@id\":\"https:\\\/\\\/regiaonews.net.br\\\/2022\\\/2023\\\/07\\\/26\\\/governo-autoriza-230-novas-vagas-em-concurso\\\/#primaryimage\",\"url\":\"https:\\\/\\\/regiaonews.net.br\\\/2022\\\/wp-content\\\/uploads\\\/2023\\\/07\\\/pzzb0281.jpg\",\"contentUrl\":\"https:\\\/\\\/regiaonews.net.br\\\/2022\\\/wp-content\\\/uploads\\\/2023\\\/07\\\/pzzb0281.jpg\",\"width\":1170,\"height\":700,\"caption\":\"Bras\u00edlia - 22.05.2023 - Foto da Fachada do Pal\u00e1cio do Planalto em Bras\u00edlia. Foto: Ant\u00f4nio Cruz\\\/ Ag\u00eancia Brasil\"},{\"@type\":\"BreadcrumbList\",\"@id\":\"https:\\\/\\\/regiaonews.net.br\\\/2022\\\/2023\\\/07\\\/26\\\/governo-autoriza-230-novas-vagas-em-concurso\\\/#breadcrumb\",\"itemListElement\":[{\"@type\":\"ListItem\",\"position\":1,\"name\":\"In\u00edcio\",\"item\":\"https:\\\/\\\/regiaonews.net.br\\\/2022\\\/\"},{\"@type\":\"ListItem\",\"position\":2,\"name\":\"Governo autoriza 230 novas vagas em concurso\"}]},{\"@type\":\"WebSite\",\"@id\":\"https:\\\/\\\/regiaonews.net.br\\\/2022\\\/#website\",\"url\":\"https:\\\/\\\/regiaonews.net.br\\\/2022\\\/\",\"name\":\"Regi\u00e3o News\",\"description\":\"Site de Not\u00edcias de Barretos e regi\u00e3o\",\"publisher\":{\"@id\":\"https:\\\/\\\/regiaonews.net.br\\\/2022\\\/#organization\"},\"potentialAction\":[{\"@type\":\"SearchAction\",\"target\":{\"@type\":\"EntryPoint\",\"urlTemplate\":\"https:\\\/\\\/regiaonews.net.br\\\/2022\\\/?s={search_term_string}\"},\"query-input\":{\"@type\":\"PropertyValueSpecification\",\"valueRequired\":true,\"valueName\":\"search_term_string\"}}],\"inLanguage\":\"pt-BR\"},{\"@type\":\"Organization\",\"@id\":\"https:\\\/\\\/regiaonews.net.br\\\/2022\\\/#organization\",\"name\":\"Regi\u00e3o News\",\"url\":\"https:\\\/\\\/regiaonews.net.br\\\/2022\\\/\",\"logo\":{\"@type\":\"ImageObject\",\"inLanguage\":\"pt-BR\",\"@id\":\"https:\\\/\\\/regiaonews.net.br\\\/2022\\\/#\\\/schema\\\/logo\\\/image\\\/\",\"url\":\"https:\\\/\\\/regiaonews.net.br\\\/2022\\\/wp-content\\\/uploads\\\/2026\\\/03\\\/regiao-13-anos-scaled.jpg\",\"contentUrl\":\"https:\\\/\\\/regiaonews.net.br\\\/2022\\\/wp-content\\\/uploads\\\/2026\\\/03\\\/regiao-13-anos-scaled.jpg\",\"width\":2560,\"height\":635,\"caption\":\"Regi\u00e3o News\"},\"image\":{\"@id\":\"https:\\\/\\\/regiaonews.net.br\\\/2022\\\/#\\\/schema\\\/logo\\\/image\\\/\"}},{\"@type\":\"Person\",\"@id\":\"https:\\\/\\\/regiaonews.net.br\\\/2022\\\/#\\\/schema\\\/person\\\/2d205a608a5aa97ac279d7a5e6d89ad8\",\"name\":\"Roberto\",\"image\":{\"@type\":\"ImageObject\",\"inLanguage\":\"pt-BR\",\"@id\":\"https:\\\/\\\/secure.gravatar.com\\\/avatar\\\/42749d8b712ff9d59ca93dc150494e5b55a44134482993f5baeb97e61b7ecc89?s=96&d=mm&r=g\",\"url\":\"https:\\\/\\\/secure.gravatar.com\\\/avatar\\\/42749d8b712ff9d59ca93dc150494e5b55a44134482993f5baeb97e61b7ecc89?s=96&d=mm&r=g\",\"contentUrl\":\"https:\\\/\\\/secure.gravatar.com\\\/avatar\\\/42749d8b712ff9d59ca93dc150494e5b55a44134482993f5baeb97e61b7ecc89?s=96&d=mm&r=g\",\"caption\":\"Roberto\"},\"url\":\"https:\\\/\\\/regiaonews.net.br\\\/2022\\\/author\\\/roberto\\\/\"}]}<\/script>\n<!-- \/ Yoast SEO plugin. -->","yoast_head_json":{"title":"Governo autoriza 230 novas vagas em concurso - Regi\u00e3o News","robots":{"index":"index","follow":"follow","max-snippet":"max-snippet:-1","max-image-preview":"max-image-preview:large","max-video-preview":"max-video-preview:-1"},"canonical":"https:\/\/regiaonews.net.br\/2022\/2023\/07\/26\/governo-autoriza-230-novas-vagas-em-concurso\/","og_locale":"pt_BR","og_type":"article","og_title":"Governo autoriza 230 novas vagas em concurso - Regi\u00e3o News","og_description":"Portaria foi publicada hoje no Di\u00e1rio Oficial. O Minist\u00e9rio da","og_url":"https:\/\/regiaonews.net.br\/2022\/2023\/07\/26\/governo-autoriza-230-novas-vagas-em-concurso\/","og_site_name":"Regi\u00e3o News","article_published_time":"2023-07-26T17:57:14+00:00","og_image":[{"width":1170,"height":700,"url":"https:\/\/regiaonews.net.br\/2022\/wp-content\/uploads\/2023\/07\/pzzb0281.jpg","type":"image\/jpeg"}],"author":"Roberto","twitter_card":"summary_large_image","twitter_misc":{"Escrito por":"Roberto","Est. tempo de leitura":"3 minutos"},"schema":{"@context":"https:\/\/schema.org","@graph":[{"@type":"Article","@id":"https:\/\/regiaonews.net.br\/2022\/2023\/07\/26\/governo-autoriza-230-novas-vagas-em-concurso\/#article","isPartOf":{"@id":"https:\/\/regiaonews.net.br\/2022\/2023\/07\/26\/governo-autoriza-230-novas-vagas-em-concurso\/"},"author":{"name":"Roberto","@id":"https:\/\/regiaonews.net.br\/2022\/#\/schema\/person\/2d205a608a5aa97ac279d7a5e6d89ad8"},"headline":"Governo autoriza 230 novas vagas em concurso","datePublished":"2023-07-26T17:57:14+00:00","mainEntityOfPage":{"@id":"https:\/\/regiaonews.net.br\/2022\/2023\/07\/26\/governo-autoriza-230-novas-vagas-em-concurso\/"},"wordCount":393,"commentCount":0,"publisher":{"@id":"https:\/\/regiaonews.net.br\/2022\/#organization"},"image":{"@id":"https:\/\/regiaonews.net.br\/2022\/2023\/07\/26\/governo-autoriza-230-novas-vagas-em-concurso\/#primaryimage"},"thumbnailUrl":"https:\/\/regiaonews.net.br\/2022\/wp-content\/uploads\/2023\/07\/pzzb0281.jpg","articleSection":["Brasil","Geral"],"inLanguage":"pt-BR","potentialAction":[{"@type":"CommentAction","name":"Comment","target":["https:\/\/regiaonews.net.br\/2022\/2023\/07\/26\/governo-autoriza-230-novas-vagas-em-concurso\/#respond"]}]},{"@type":"WebPage","@id":"https:\/\/regiaonews.net.br\/2022\/2023\/07\/26\/governo-autoriza-230-novas-vagas-em-concurso\/","url":"https:\/\/regiaonews.net.br\/2022\/2023\/07\/26\/governo-autoriza-230-novas-vagas-em-concurso\/","name":"Governo autoriza 230 novas vagas em concurso - Regi\u00e3o News","isPartOf":{"@id":"https:\/\/regiaonews.net.br\/2022\/#website"},"primaryImageOfPage":{"@id":"https:\/\/regiaonews.net.br\/2022\/2023\/07\/26\/governo-autoriza-230-novas-vagas-em-concurso\/#primaryimage"},"image":{"@id":"https:\/\/regiaonews.net.br\/2022\/2023\/07\/26\/governo-autoriza-230-novas-vagas-em-concurso\/#primaryimage"},"thumbnailUrl":"https:\/\/regiaonews.net.br\/2022\/wp-content\/uploads\/2023\/07\/pzzb0281.jpg","datePublished":"2023-07-26T17:57:14+00:00","breadcrumb":{"@id":"https:\/\/regiaonews.net.br\/2022\/2023\/07\/26\/governo-autoriza-230-novas-vagas-em-concurso\/#breadcrumb"},"inLanguage":"pt-BR","potentialAction":[{"@type":"ReadAction","target":["https:\/\/regiaonews.net.br\/2022\/2023\/07\/26\/governo-autoriza-230-novas-vagas-em-concurso\/"]}]},{"@type":"ImageObject","inLanguage":"pt-BR","@id":"https:\/\/regiaonews.net.br\/2022\/2023\/07\/26\/governo-autoriza-230-novas-vagas-em-concurso\/#primaryimage","url":"https:\/\/regiaonews.net.br\/2022\/wp-content\/uploads\/2023\/07\/pzzb0281.jpg","contentUrl":"https:\/\/regiaonews.net.br\/2022\/wp-content\/uploads\/2023\/07\/pzzb0281.jpg","width":1170,"height":700,"caption":"Bras\u00edlia - 22.05.2023 - Foto da Fachada do Pal\u00e1cio do Planalto em Bras\u00edlia. Foto: Ant\u00f4nio Cruz\/ Ag\u00eancia Brasil"},{"@type":"BreadcrumbList","@id":"https:\/\/regiaonews.net.br\/2022\/2023\/07\/26\/governo-autoriza-230-novas-vagas-em-concurso\/#breadcrumb","itemListElement":[{"@type":"ListItem","position":1,"name":"In\u00edcio","item":"https:\/\/regiaonews.net.br\/2022\/"},{"@type":"ListItem","position":2,"name":"Governo autoriza 230 novas vagas em concurso"}]},{"@type":"WebSite","@id":"https:\/\/regiaonews.net.br\/2022\/#website","url":"https:\/\/regiaonews.net.br\/2022\/","name":"Regi\u00e3o News","description":"Site de Not\u00edcias de Barretos e regi\u00e3o","publisher":{"@id":"https:\/\/regiaonews.net.br\/2022\/#organization"},"potentialAction":[{"@type":"SearchAction","target":{"@type":"EntryPoint","urlTemplate":"https:\/\/regiaonews.net.br\/2022\/?s={search_term_string}"},"query-input":{"@type":"PropertyValueSpecification","valueRequired":true,"valueName":"search_term_string"}}],"inLanguage":"pt-BR"},{"@type":"Organization","@id":"https:\/\/regiaonews.net.br\/2022\/#organization","name":"Regi\u00e3o News","url":"https:\/\/regiaonews.net.br\/2022\/","logo":{"@type":"ImageObject","inLanguage":"pt-BR","@id":"https:\/\/regiaonews.net.br\/2022\/#\/schema\/logo\/image\/","url":"https:\/\/regiaonews.net.br\/2022\/wp-content\/uploads\/2026\/03\/regiao-13-anos-scaled.jpg","contentUrl":"https:\/\/regiaonews.net.br\/2022\/wp-content\/uploads\/2026\/03\/regiao-13-anos-scaled.jpg","width":2560,"height":635,"caption":"Regi\u00e3o News"},"image":{"@id":"https:\/\/regiaonews.net.br\/2022\/#\/schema\/logo\/image\/"}},{"@type":"Person","@id":"https:\/\/regiaonews.net.br\/2022\/#\/schema\/person\/2d205a608a5aa97ac279d7a5e6d89ad8","name":"Roberto","image":{"@type":"ImageObject","inLanguage":"pt-BR","@id":"https:\/\/secure.gravatar.com\/avatar\/42749d8b712ff9d59ca93dc150494e5b55a44134482993f5baeb97e61b7ecc89?s=96&d=mm&r=g","url":"https:\/\/secure.gravatar.com\/avatar\/42749d8b712ff9d59ca93dc150494e5b55a44134482993f5baeb97e61b7ecc89?s=96&d=mm&r=g","contentUrl":"https:\/\/secure.gravatar.com\/avatar\/42749d8b712ff9d59ca93dc150494e5b55a44134482993f5baeb97e61b7ecc89?s=96&d=mm&r=g","caption":"Roberto"},"url":"https:\/\/regiaonews.net.br\/2022\/author\/roberto\/"}]}},"publishpress_future_action":{"enabled":false,"date":"2026-05-03 12:34:57","action":"change-status","newStatus":"draft","terms":[],"taxonomy":"category","extraData":[]},"publishpress_future_workflow_manual_trigger":{"enabledWorkflows":[]},"_links":{"self":[{"href":"https:\/\/regiaonews.net.br\/2022\/wp-json\/wp\/v2\/posts\/92298","targetHints":{"allow":["GET"]}}],"collection":[{"href":"https:\/\/regiaonews.net.br\/2022\/wp-json\/wp\/v2\/posts"}],"about":[{"href":"https:\/\/regiaonews.net.br\/2022\/wp-json\/wp\/v2\/types\/post"}],"author":[{"embeddable":true,"href":"https:\/\/regiaonews.net.br\/2022\/wp-json\/wp\/v2\/users\/2"}],"replies":[{"embeddable":true,"href":"https:\/\/regiaonews.net.br\/2022\/wp-json\/wp\/v2\/comments?post=92298"}],"version-history":[{"count":1,"href":"https:\/\/regiaonews.net.br\/2022\/wp-json\/wp\/v2\/posts\/92298\/revisions"}],"predecessor-version":[{"id":92301,"href":"https:\/\/regiaonews.net.br\/2022\/wp-json\/wp\/v2\/posts\/92298\/revisions\/92301"}],"wp:featuredmedia":[{"embeddable":true,"href":"https:\/\/regiaonews.net.br\/2022\/wp-json\/wp\/v2\/media\/92300"}],"wp:attachment":[{"href":"https:\/\/regiaonews.net.br\/2022\/wp-json\/wp\/v2\/media?parent=92298"}],"wp:term":[{"taxonomy":"category","embeddable":true,"href":"https:\/\/regiaonews.net.br\/2022\/wp-json\/wp\/v2\/categories?post=92298"},{"taxonomy":"post_tag","embeddable":true,"href":"https:\/\/regiaonews.net.br\/2022\/wp-json\/wp\/v2\/tags?post=92298"}],"curies":[{"name":"wp","href":"https:\/\/api.w.org\/{rel}","templated":true}]}}