{"id":92294,"date":"2023-07-26T12:07:05","date_gmt":"2023-07-26T15:07:05","guid":{"rendered":"https:\/\/regiaonews.net.br\/2022\/?p=92294"},"modified":"2023-07-26T12:07:05","modified_gmt":"2023-07-26T15:07:05","slug":"fenasucro-agrocana-gera-cerca-de-18-mil-empregos-em-sertaozinho-e-regiao","status":"publish","type":"post","link":"https:\/\/regiaonews.net.br\/2022\/2023\/07\/26\/fenasucro-agrocana-gera-cerca-de-18-mil-empregos-em-sertaozinho-e-regiao\/","title":{"rendered":"Fenasucro &#038; Agrocana gera cerca de 18 mil empregos em Sert\u00e3ozinho e regi\u00e3o"},"content":{"rendered":"<h3 style=\"text-align: center;\">Hotelaria, bares e restaurantes s\u00e3o alguns dos setores beneficiados com a feira de bioenergia.<\/h3>\n<p>Mais de 42 mil visitantes, vindos de todo o Brasil e de mais 47 pa\u00edses, devem visitar a\u00a0<a href=\"https:\/\/s2307.imxsnd16.com\/link.php?code=bDpodHRwcyUzQSUyRiUyRnd3dy5mZW5hc3Vjcm8uY29tLmJyOjE5NTE2MTk2MDA6cm9iZXJ0b2pvc2UzMEBob3RtYWlsLmNvbTozZWJlYmE6NTE=\" target=\"_blank\" rel=\"noopener\" data-saferedirecturl=\"https:\/\/www.google.com\/url?q=https:\/\/s2307.imxsnd16.com\/link.php?code%3DbDpodHRwcyUzQSUyRiUyRnd3dy5mZW5hc3Vjcm8uY29tLmJyOjE5NTE2MTk2MDA6cm9iZXJ0b2pvc2UzMEBob3RtYWlsLmNvbTozZWJlYmE6NTE%3D&amp;source=gmail&amp;ust=1690469999500000&amp;usg=AOvVaw01EW3VWiOyYyQW67M7fwsC\">Fenasucro &amp; Agrocana<\/a>, no Centro de Eventos Zanini, em Sert\u00e3ozinho\/SP neste ano. Vitrine para tend\u00eancias, tecnologias e inova\u00e7\u00f5es para o setor de bioenergia, a feira deve receber mais de 800 marcas, superar os R\uff04 5,2 bilh\u00f5es em neg\u00f3cios gerados no ano passado e, de forma paralela, movimentar a economia da regi\u00e3o.<\/p>\n<p>A expectativa da organiza\u00e7\u00e3o da feira &#8211; que \u00e9 promovida e organizada pela\u00a0<a href=\"https:\/\/s2307.imxsnd16.com\/link.php?code=bDpodHRwcyUzQSUyRiUyRnd3dy5yeGJyYXNpbC5jb20uYnI6MTk1MTYxOTYwMDpyb2JlcnRvam9zZTMwQGhvdG1haWwuY29tOjY5NTMzZjo1MQ==\" target=\"_blank\" rel=\"noopener\" data-saferedirecturl=\"https:\/\/www.google.com\/url?q=https:\/\/s2307.imxsnd16.com\/link.php?code%3DbDpodHRwcyUzQSUyRiUyRnd3dy5yeGJyYXNpbC5jb20uYnI6MTk1MTYxOTYwMDpyb2JlcnRvam9zZTMwQGhvdG1haWwuY29tOjY5NTMzZjo1MQ%3D%3D&amp;source=gmail&amp;ust=1690469999500000&amp;usg=AOvVaw2jUx_dkVWfiPycaBtRLf7O\">RX Brasil<\/a>\u00a0e realizada pelo\u00a0<a href=\"https:\/\/s2307.imxsnd16.com\/link.php?code=bDpodHRwcyUzQSUyRiUyRnd3dy5jZWlzZWJyLmNvbSUyRjoxOTUxNjE5NjAwOnJvYmVydG9qb3NlMzBAaG90bWFpbC5jb206OTExNWMxOjUx\" target=\"_blank\" rel=\"noopener\" data-saferedirecturl=\"https:\/\/www.google.com\/url?q=https:\/\/s2307.imxsnd16.com\/link.php?code%3DbDpodHRwcyUzQSUyRiUyRnd3dy5jZWlzZWJyLmNvbSUyRjoxOTUxNjE5NjAwOnJvYmVydG9qb3NlMzBAaG90bWFpbC5jb206OTExNWMxOjUx&amp;source=gmail&amp;ust=1690469999500000&amp;usg=AOvVaw0WNRZc_MAyWb5026g_TP3j\">CEISE Br<\/a>\u00a0\u2013 \u00e9 de um incremento de 20% no setor de com\u00e9rcio e servi\u00e7os nos quatros dias de evento, com destaque para as \u00e1reas de hotelaria, transporte, gastronomia e lazer. Al\u00e9m de gerar cerca de 18 mil empregos diretos e indiretos nas \u00e1reas de servi\u00e7o e infraestrutura durante sua montagem e desmontagem.<\/p>\n<p>\u201cEstamos com um crescimento no n\u00famero de visitantes e de pa\u00edses presentes na feira deste ano em raz\u00e3o da transi\u00e7\u00e3o energ\u00e9tica global e toda essa din\u00e2mica reflete positivamente na economia local e regional. Prova disso \u00e9 que os hot\u00e9is de Sert\u00e3ozinho j\u00e1 est\u00e3o com 100% de ocupa\u00e7\u00e3o no per\u00edodo da feira\u201d, revela o diretor da Fenasucro &amp; Agrocana, Paulo Montabone.<\/p>\n<p><strong>Expectativa positiva<\/strong><\/p>\n<p>A movimenta\u00e7\u00e3o, ainda de acordo com Montabone, come\u00e7a 20 dias antes do in\u00edcio da feira, que acontece de 15 a 18 de agosto, com a montagem das estruturas, chegada de equipamentos e revitaliza\u00e7\u00e3o do Centro de Eventos Zanini. Ao todo, ser\u00e3o 70 mil metros quadrados de exposi\u00e7\u00e3o para apresenta\u00e7\u00e3o de mais de tr\u00eas mil produtos de marcas nacionais e internacionais entre equipamentos, servi\u00e7os, solu\u00e7\u00f5es, novas tecnologias e tend\u00eancias para o setor de bioenergia.<\/p>\n<p>\u201cO retorno econ\u00f4mico para a regi\u00e3o com a realiza\u00e7\u00e3o da feira \u00e9 sempre muito positivo e a previs\u00e3o para esse ano est\u00e1 melhor ainda, principalmente pelo bom momento do setor de bioenergia. Para atender a todos os clientes no per\u00edodo do evento, precisamos refor\u00e7ar o pessoal de cozinha e atendimento com a contrata\u00e7\u00e3o de freelancers\u201d, diz o empres\u00e1rio Ant\u00f4nio Carlos Figueiredo, do ramo gastron\u00f4mico de Sert\u00e3ozinho.<\/p>\n<p>Para ele, o movimento gerado em seu estabelecimento nos dias da Fenasucro &amp; Agrocana \u00e9 comparado ao de tr\u00eas s\u00e1bados. \u201c\u00c9 como se em agosto tiv\u00e9ssemos sete fins de semana. Faz toda a diferen\u00e7a. Calculo um crescimento de 20% a 40%\u201d, completa Figueiredo, que faz parte da Associa\u00e7\u00e3o Brasileira de Bares e Restaurantes (ABRASEL) da Alta Mogiana.<\/p>\n<p>Quem tamb\u00e9m comemora a realiza\u00e7\u00e3o da feira e ressalta seu potencial econ\u00f4mico \u00e9 o presidente da Associa\u00e7\u00e3o Comercial e Industrial de Sert\u00e3ozinho (ACIS), Rafael Iazetta Neto. Segundo ele, a Fenasucro &amp; Agrocana movimenta toda a cadeia hoteleira da cidade, incluindo supermercados, fornecedores de descart\u00e1veis e outros servi\u00e7os.<\/p>\n<p>\u201cTodos saem ganhando com a feira, inclusive MEIs prestadores de servi\u00e7os ou que trabalham com a venda de alimentos e bebidas. Posso dizer que Sert\u00e3ozinho \u00e9 uma cidade pr\u00f3spera em que os setores da ind\u00fastria e com\u00e9rcio rodam juntos, como em uma engrenagem, e a Fenasucro &amp; Agrocana ajuda essa movimenta\u00e7\u00e3o, impactando n\u00e3o s\u00f3 Sert\u00e3ozinho, mas toda a regi\u00e3o\u201d, finaliza Iazetta.<\/p>\n<p><strong>Credenciamento<\/strong><\/p>\n<p>A 29\u00aa edi\u00e7\u00e3o da Fenasucro &amp; Agrocana est\u00e1 com o credenciamento dispon\u00edvel. Basta fazer o cadastro on-line e gratuito nos respectivos links de\u00a0<a href=\"https:\/\/s2307.imxsnd16.com\/link.php?code=bDpodHRwcyUzQSUyRiUyRm5hLmV2ZW50c2Nsb3VkLmNvbSUyRjc0NTcwNSUzRmNhdGVnb3J5aWQlM0Q0ODc2ODQ2JTI2c3ViY2F0ZWdvcnlpZCUzRDQ4NzY4NTU6MTk1MTYxOTYwMDpyb2JlcnRvam9zZTMwQGhvdG1haWwuY29tOjRkYTU2Yzo1MQ==\" target=\"_blank\" rel=\"noopener\" data-saferedirecturl=\"https:\/\/www.google.com\/url?q=https:\/\/s2307.imxsnd16.com\/link.php?code%3DbDpodHRwcyUzQSUyRiUyRm5hLmV2ZW50c2Nsb3VkLmNvbSUyRjc0NTcwNSUzRmNhdGVnb3J5aWQlM0Q0ODc2ODQ2JTI2c3ViY2F0ZWdvcnlpZCUzRDQ4NzY4NTU6MTk1MTYxOTYwMDpyb2JlcnRvam9zZTMwQGhvdG1haWwuY29tOjRkYTU2Yzo1MQ%3D%3D&amp;source=gmail&amp;ust=1690469999500000&amp;usg=AOvVaw1mgj69AoHyBCGsvLapDawI\">visitante<\/a>,\u00a0<a href=\"https:\/\/s2307.imxsnd16.com\/link.php?code=bDpodHRwcyUzQSUyRiUyRm5hLmV2ZW50c2Nsb3VkLmNvbSUyRjc0NTcwNSUzRmNhdGVnb3J5aWQlM0Q0ODc2ODUxOjE5NTE2MTk2MDA6cm9iZXJ0b2pvc2UzMEBob3RtYWlsLmNvbTplMmIwZDc6NTE=\" target=\"_blank\" rel=\"noopener\" data-saferedirecturl=\"https:\/\/www.google.com\/url?q=https:\/\/s2307.imxsnd16.com\/link.php?code%3DbDpodHRwcyUzQSUyRiUyRm5hLmV2ZW50c2Nsb3VkLmNvbSUyRjc0NTcwNSUzRmNhdGVnb3J5aWQlM0Q0ODc2ODUxOjE5NTE2MTk2MDA6cm9iZXJ0b2pvc2UzMEBob3RtYWlsLmNvbTplMmIwZDc6NTE%3D&amp;source=gmail&amp;ust=1690469999500000&amp;usg=AOvVaw0dQwaS0sedk5i6K17jm7k4\">imprensa<\/a>\u00a0e\u00a0<a href=\"https:\/\/s2307.imxsnd16.com\/link.php?code=bDpodHRwcyUzQSUyRiUyRm5hLmV2ZW50c2Nsb3VkLmNvbSUyRjc0NTcwNSUzRmNhdGVnb3J5aWQlM0Q0ODc2ODUyOjE5NTE2MTk2MDA6cm9iZXJ0b2pvc2UzMEBob3RtYWlsLmNvbTowY2IzYTY6NTE=\" target=\"_blank\" rel=\"noopener\" data-saferedirecturl=\"https:\/\/www.google.com\/url?q=https:\/\/s2307.imxsnd16.com\/link.php?code%3DbDpodHRwcyUzQSUyRiUyRm5hLmV2ZW50c2Nsb3VkLmNvbSUyRjc0NTcwNSUzRmNhdGVnb3J5aWQlM0Q0ODc2ODUyOjE5NTE2MTk2MDA6cm9iZXJ0b2pvc2UzMEBob3RtYWlsLmNvbTowY2IzYTY6NTE%3D&amp;source=gmail&amp;ust=1690469999500000&amp;usg=AOvVaw1G4gz0uRE7IUnrC3A-vi7S\">assessorias<\/a>.<\/p>\n","protected":false},"excerpt":{"rendered":"<p>Hotelaria, bares e restaurantes s\u00e3o alguns dos setores beneficiados com<\/p>\n","protected":false},"author":2,"featured_media":92295,"comment_status":"open","ping_status":"open","sticky":false,"template":"","format":"standard","meta":{"footnotes":""},"categories":[14,3],"tags":[],"class_list":["post-92294","post","type-post","status-publish","format-standard","has-post-thumbnail","hentry","category-barretos","category-geral"],"yoast_head":"<!-- This site is optimized with the Yoast SEO plugin v27.4 - https:\/\/yoast.com\/product\/yoast-seo-wordpress\/ -->\n<title>Fenasucro &amp; Agrocana gera cerca de 18 mil empregos em Sert\u00e3ozinho e regi\u00e3o - Regi\u00e3o News<\/title>\n<meta name=\"robots\" content=\"index, follow, max-snippet:-1, max-image-preview:large, max-video-preview:-1\" \/>\n<link rel=\"canonical\" href=\"https:\/\/regiaonews.net.br\/2022\/2023\/07\/26\/fenasucro-agrocana-gera-cerca-de-18-mil-empregos-em-sertaozinho-e-regiao\/\" \/>\n<meta property=\"og:locale\" content=\"pt_BR\" \/>\n<meta property=\"og:type\" content=\"article\" \/>\n<meta property=\"og:title\" content=\"Fenasucro &amp; Agrocana gera cerca de 18 mil empregos em Sert\u00e3ozinho e regi\u00e3o - Regi\u00e3o News\" \/>\n<meta property=\"og:description\" content=\"Hotelaria, bares e restaurantes s\u00e3o alguns dos setores beneficiados com\" \/>\n<meta property=\"og:url\" content=\"https:\/\/regiaonews.net.br\/2022\/2023\/07\/26\/fenasucro-agrocana-gera-cerca-de-18-mil-empregos-em-sertaozinho-e-regiao\/\" \/>\n<meta property=\"og:site_name\" content=\"Regi\u00e3o News\" \/>\n<meta property=\"article:published_time\" content=\"2023-07-26T15:07:05+00:00\" \/>\n<meta property=\"og:image\" content=\"https:\/\/regiaonews.net.br\/2022\/wp-content\/uploads\/2023\/07\/link-1.jpg\" \/>\n\t<meta property=\"og:image:width\" content=\"2048\" \/>\n\t<meta property=\"og:image:height\" content=\"1365\" \/>\n\t<meta property=\"og:image:type\" content=\"image\/jpeg\" \/>\n<meta name=\"author\" content=\"Roberto\" \/>\n<meta name=\"twitter:card\" content=\"summary_large_image\" \/>\n<meta name=\"twitter:label1\" content=\"Escrito por\" \/>\n\t<meta name=\"twitter:data1\" content=\"Roberto\" \/>\n\t<meta name=\"twitter:label2\" content=\"Est. tempo de leitura\" \/>\n\t<meta name=\"twitter:data2\" content=\"3 minutos\" \/>\n<script type=\"application\/ld+json\" class=\"yoast-schema-graph\">{\"@context\":\"https:\\\/\\\/schema.org\",\"@graph\":[{\"@type\":\"Article\",\"@id\":\"https:\\\/\\\/regiaonews.net.br\\\/2022\\\/2023\\\/07\\\/26\\\/fenasucro-agrocana-gera-cerca-de-18-mil-empregos-em-sertaozinho-e-regiao\\\/#article\",\"isPartOf\":{\"@id\":\"https:\\\/\\\/regiaonews.net.br\\\/2022\\\/2023\\\/07\\\/26\\\/fenasucro-agrocana-gera-cerca-de-18-mil-empregos-em-sertaozinho-e-regiao\\\/\"},\"author\":{\"name\":\"Roberto\",\"@id\":\"https:\\\/\\\/regiaonews.net.br\\\/2022\\\/#\\\/schema\\\/person\\\/2d205a608a5aa97ac279d7a5e6d89ad8\"},\"headline\":\"Fenasucro &#038; Agrocana gera cerca de 18 mil empregos em Sert\u00e3ozinho e regi\u00e3o\",\"datePublished\":\"2023-07-26T15:07:05+00:00\",\"mainEntityOfPage\":{\"@id\":\"https:\\\/\\\/regiaonews.net.br\\\/2022\\\/2023\\\/07\\\/26\\\/fenasucro-agrocana-gera-cerca-de-18-mil-empregos-em-sertaozinho-e-regiao\\\/\"},\"wordCount\":608,\"commentCount\":0,\"publisher\":{\"@id\":\"https:\\\/\\\/regiaonews.net.br\\\/2022\\\/#organization\"},\"image\":{\"@id\":\"https:\\\/\\\/regiaonews.net.br\\\/2022\\\/2023\\\/07\\\/26\\\/fenasucro-agrocana-gera-cerca-de-18-mil-empregos-em-sertaozinho-e-regiao\\\/#primaryimage\"},\"thumbnailUrl\":\"https:\\\/\\\/regiaonews.net.br\\\/2022\\\/wp-content\\\/uploads\\\/2023\\\/07\\\/link-1.jpg\",\"articleSection\":[\"Barretos\",\"Geral\"],\"inLanguage\":\"pt-BR\",\"potentialAction\":[{\"@type\":\"CommentAction\",\"name\":\"Comment\",\"target\":[\"https:\\\/\\\/regiaonews.net.br\\\/2022\\\/2023\\\/07\\\/26\\\/fenasucro-agrocana-gera-cerca-de-18-mil-empregos-em-sertaozinho-e-regiao\\\/#respond\"]}]},{\"@type\":\"WebPage\",\"@id\":\"https:\\\/\\\/regiaonews.net.br\\\/2022\\\/2023\\\/07\\\/26\\\/fenasucro-agrocana-gera-cerca-de-18-mil-empregos-em-sertaozinho-e-regiao\\\/\",\"url\":\"https:\\\/\\\/regiaonews.net.br\\\/2022\\\/2023\\\/07\\\/26\\\/fenasucro-agrocana-gera-cerca-de-18-mil-empregos-em-sertaozinho-e-regiao\\\/\",\"name\":\"Fenasucro & Agrocana gera cerca de 18 mil empregos em Sert\u00e3ozinho e regi\u00e3o - Regi\u00e3o News\",\"isPartOf\":{\"@id\":\"https:\\\/\\\/regiaonews.net.br\\\/2022\\\/#website\"},\"primaryImageOfPage\":{\"@id\":\"https:\\\/\\\/regiaonews.net.br\\\/2022\\\/2023\\\/07\\\/26\\\/fenasucro-agrocana-gera-cerca-de-18-mil-empregos-em-sertaozinho-e-regiao\\\/#primaryimage\"},\"image\":{\"@id\":\"https:\\\/\\\/regiaonews.net.br\\\/2022\\\/2023\\\/07\\\/26\\\/fenasucro-agrocana-gera-cerca-de-18-mil-empregos-em-sertaozinho-e-regiao\\\/#primaryimage\"},\"thumbnailUrl\":\"https:\\\/\\\/regiaonews.net.br\\\/2022\\\/wp-content\\\/uploads\\\/2023\\\/07\\\/link-1.jpg\",\"datePublished\":\"2023-07-26T15:07:05+00:00\",\"breadcrumb\":{\"@id\":\"https:\\\/\\\/regiaonews.net.br\\\/2022\\\/2023\\\/07\\\/26\\\/fenasucro-agrocana-gera-cerca-de-18-mil-empregos-em-sertaozinho-e-regiao\\\/#breadcrumb\"},\"inLanguage\":\"pt-BR\",\"potentialAction\":[{\"@type\":\"ReadAction\",\"target\":[\"https:\\\/\\\/regiaonews.net.br\\\/2022\\\/2023\\\/07\\\/26\\\/fenasucro-agrocana-gera-cerca-de-18-mil-empregos-em-sertaozinho-e-regiao\\\/\"]}]},{\"@type\":\"ImageObject\",\"inLanguage\":\"pt-BR\",\"@id\":\"https:\\\/\\\/regiaonews.net.br\\\/2022\\\/2023\\\/07\\\/26\\\/fenasucro-agrocana-gera-cerca-de-18-mil-empregos-em-sertaozinho-e-regiao\\\/#primaryimage\",\"url\":\"https:\\\/\\\/regiaonews.net.br\\\/2022\\\/wp-content\\\/uploads\\\/2023\\\/07\\\/link-1.jpg\",\"contentUrl\":\"https:\\\/\\\/regiaonews.net.br\\\/2022\\\/wp-content\\\/uploads\\\/2023\\\/07\\\/link-1.jpg\",\"width\":2048,\"height\":1365},{\"@type\":\"BreadcrumbList\",\"@id\":\"https:\\\/\\\/regiaonews.net.br\\\/2022\\\/2023\\\/07\\\/26\\\/fenasucro-agrocana-gera-cerca-de-18-mil-empregos-em-sertaozinho-e-regiao\\\/#breadcrumb\",\"itemListElement\":[{\"@type\":\"ListItem\",\"position\":1,\"name\":\"In\u00edcio\",\"item\":\"https:\\\/\\\/regiaonews.net.br\\\/2022\\\/\"},{\"@type\":\"ListItem\",\"position\":2,\"name\":\"Fenasucro &#038; Agrocana gera cerca de 18 mil empregos em Sert\u00e3ozinho e regi\u00e3o\"}]},{\"@type\":\"WebSite\",\"@id\":\"https:\\\/\\\/regiaonews.net.br\\\/2022\\\/#website\",\"url\":\"https:\\\/\\\/regiaonews.net.br\\\/2022\\\/\",\"name\":\"Regi\u00e3o News\",\"description\":\"Site de Not\u00edcias de Barretos e regi\u00e3o\",\"publisher\":{\"@id\":\"https:\\\/\\\/regiaonews.net.br\\\/2022\\\/#organization\"},\"potentialAction\":[{\"@type\":\"SearchAction\",\"target\":{\"@type\":\"EntryPoint\",\"urlTemplate\":\"https:\\\/\\\/regiaonews.net.br\\\/2022\\\/?s={search_term_string}\"},\"query-input\":{\"@type\":\"PropertyValueSpecification\",\"valueRequired\":true,\"valueName\":\"search_term_string\"}}],\"inLanguage\":\"pt-BR\"},{\"@type\":\"Organization\",\"@id\":\"https:\\\/\\\/regiaonews.net.br\\\/2022\\\/#organization\",\"name\":\"Regi\u00e3o News\",\"url\":\"https:\\\/\\\/regiaonews.net.br\\\/2022\\\/\",\"logo\":{\"@type\":\"ImageObject\",\"inLanguage\":\"pt-BR\",\"@id\":\"https:\\\/\\\/regiaonews.net.br\\\/2022\\\/#\\\/schema\\\/logo\\\/image\\\/\",\"url\":\"https:\\\/\\\/regiaonews.net.br\\\/2022\\\/wp-content\\\/uploads\\\/2026\\\/03\\\/regiao-13-anos-scaled.jpg\",\"contentUrl\":\"https:\\\/\\\/regiaonews.net.br\\\/2022\\\/wp-content\\\/uploads\\\/2026\\\/03\\\/regiao-13-anos-scaled.jpg\",\"width\":2560,\"height\":635,\"caption\":\"Regi\u00e3o News\"},\"image\":{\"@id\":\"https:\\\/\\\/regiaonews.net.br\\\/2022\\\/#\\\/schema\\\/logo\\\/image\\\/\"}},{\"@type\":\"Person\",\"@id\":\"https:\\\/\\\/regiaonews.net.br\\\/2022\\\/#\\\/schema\\\/person\\\/2d205a608a5aa97ac279d7a5e6d89ad8\",\"name\":\"Roberto\",\"image\":{\"@type\":\"ImageObject\",\"inLanguage\":\"pt-BR\",\"@id\":\"https:\\\/\\\/secure.gravatar.com\\\/avatar\\\/42749d8b712ff9d59ca93dc150494e5b55a44134482993f5baeb97e61b7ecc89?s=96&d=mm&r=g\",\"url\":\"https:\\\/\\\/secure.gravatar.com\\\/avatar\\\/42749d8b712ff9d59ca93dc150494e5b55a44134482993f5baeb97e61b7ecc89?s=96&d=mm&r=g\",\"contentUrl\":\"https:\\\/\\\/secure.gravatar.com\\\/avatar\\\/42749d8b712ff9d59ca93dc150494e5b55a44134482993f5baeb97e61b7ecc89?s=96&d=mm&r=g\",\"caption\":\"Roberto\"},\"url\":\"https:\\\/\\\/regiaonews.net.br\\\/2022\\\/author\\\/roberto\\\/\"}]}<\/script>\n<!-- \/ Yoast SEO plugin. -->","yoast_head_json":{"title":"Fenasucro & Agrocana gera cerca de 18 mil empregos em Sert\u00e3ozinho e regi\u00e3o - Regi\u00e3o News","robots":{"index":"index","follow":"follow","max-snippet":"max-snippet:-1","max-image-preview":"max-image-preview:large","max-video-preview":"max-video-preview:-1"},"canonical":"https:\/\/regiaonews.net.br\/2022\/2023\/07\/26\/fenasucro-agrocana-gera-cerca-de-18-mil-empregos-em-sertaozinho-e-regiao\/","og_locale":"pt_BR","og_type":"article","og_title":"Fenasucro & Agrocana gera cerca de 18 mil empregos em Sert\u00e3ozinho e regi\u00e3o - Regi\u00e3o News","og_description":"Hotelaria, bares e restaurantes s\u00e3o alguns dos setores beneficiados com","og_url":"https:\/\/regiaonews.net.br\/2022\/2023\/07\/26\/fenasucro-agrocana-gera-cerca-de-18-mil-empregos-em-sertaozinho-e-regiao\/","og_site_name":"Regi\u00e3o News","article_published_time":"2023-07-26T15:07:05+00:00","og_image":[{"width":2048,"height":1365,"url":"https:\/\/regiaonews.net.br\/2022\/wp-content\/uploads\/2023\/07\/link-1.jpg","type":"image\/jpeg"}],"author":"Roberto","twitter_card":"summary_large_image","twitter_misc":{"Escrito por":"Roberto","Est. tempo de leitura":"3 minutos"},"schema":{"@context":"https:\/\/schema.org","@graph":[{"@type":"Article","@id":"https:\/\/regiaonews.net.br\/2022\/2023\/07\/26\/fenasucro-agrocana-gera-cerca-de-18-mil-empregos-em-sertaozinho-e-regiao\/#article","isPartOf":{"@id":"https:\/\/regiaonews.net.br\/2022\/2023\/07\/26\/fenasucro-agrocana-gera-cerca-de-18-mil-empregos-em-sertaozinho-e-regiao\/"},"author":{"name":"Roberto","@id":"https:\/\/regiaonews.net.br\/2022\/#\/schema\/person\/2d205a608a5aa97ac279d7a5e6d89ad8"},"headline":"Fenasucro &#038; Agrocana gera cerca de 18 mil empregos em Sert\u00e3ozinho e regi\u00e3o","datePublished":"2023-07-26T15:07:05+00:00","mainEntityOfPage":{"@id":"https:\/\/regiaonews.net.br\/2022\/2023\/07\/26\/fenasucro-agrocana-gera-cerca-de-18-mil-empregos-em-sertaozinho-e-regiao\/"},"wordCount":608,"commentCount":0,"publisher":{"@id":"https:\/\/regiaonews.net.br\/2022\/#organization"},"image":{"@id":"https:\/\/regiaonews.net.br\/2022\/2023\/07\/26\/fenasucro-agrocana-gera-cerca-de-18-mil-empregos-em-sertaozinho-e-regiao\/#primaryimage"},"thumbnailUrl":"https:\/\/regiaonews.net.br\/2022\/wp-content\/uploads\/2023\/07\/link-1.jpg","articleSection":["Barretos","Geral"],"inLanguage":"pt-BR","potentialAction":[{"@type":"CommentAction","name":"Comment","target":["https:\/\/regiaonews.net.br\/2022\/2023\/07\/26\/fenasucro-agrocana-gera-cerca-de-18-mil-empregos-em-sertaozinho-e-regiao\/#respond"]}]},{"@type":"WebPage","@id":"https:\/\/regiaonews.net.br\/2022\/2023\/07\/26\/fenasucro-agrocana-gera-cerca-de-18-mil-empregos-em-sertaozinho-e-regiao\/","url":"https:\/\/regiaonews.net.br\/2022\/2023\/07\/26\/fenasucro-agrocana-gera-cerca-de-18-mil-empregos-em-sertaozinho-e-regiao\/","name":"Fenasucro & Agrocana gera cerca de 18 mil empregos em Sert\u00e3ozinho e regi\u00e3o - Regi\u00e3o News","isPartOf":{"@id":"https:\/\/regiaonews.net.br\/2022\/#website"},"primaryImageOfPage":{"@id":"https:\/\/regiaonews.net.br\/2022\/2023\/07\/26\/fenasucro-agrocana-gera-cerca-de-18-mil-empregos-em-sertaozinho-e-regiao\/#primaryimage"},"image":{"@id":"https:\/\/regiaonews.net.br\/2022\/2023\/07\/26\/fenasucro-agrocana-gera-cerca-de-18-mil-empregos-em-sertaozinho-e-regiao\/#primaryimage"},"thumbnailUrl":"https:\/\/regiaonews.net.br\/2022\/wp-content\/uploads\/2023\/07\/link-1.jpg","datePublished":"2023-07-26T15:07:05+00:00","breadcrumb":{"@id":"https:\/\/regiaonews.net.br\/2022\/2023\/07\/26\/fenasucro-agrocana-gera-cerca-de-18-mil-empregos-em-sertaozinho-e-regiao\/#breadcrumb"},"inLanguage":"pt-BR","potentialAction":[{"@type":"ReadAction","target":["https:\/\/regiaonews.net.br\/2022\/2023\/07\/26\/fenasucro-agrocana-gera-cerca-de-18-mil-empregos-em-sertaozinho-e-regiao\/"]}]},{"@type":"ImageObject","inLanguage":"pt-BR","@id":"https:\/\/regiaonews.net.br\/2022\/2023\/07\/26\/fenasucro-agrocana-gera-cerca-de-18-mil-empregos-em-sertaozinho-e-regiao\/#primaryimage","url":"https:\/\/regiaonews.net.br\/2022\/wp-content\/uploads\/2023\/07\/link-1.jpg","contentUrl":"https:\/\/regiaonews.net.br\/2022\/wp-content\/uploads\/2023\/07\/link-1.jpg","width":2048,"height":1365},{"@type":"BreadcrumbList","@id":"https:\/\/regiaonews.net.br\/2022\/2023\/07\/26\/fenasucro-agrocana-gera-cerca-de-18-mil-empregos-em-sertaozinho-e-regiao\/#breadcrumb","itemListElement":[{"@type":"ListItem","position":1,"name":"In\u00edcio","item":"https:\/\/regiaonews.net.br\/2022\/"},{"@type":"ListItem","position":2,"name":"Fenasucro &#038; Agrocana gera cerca de 18 mil empregos em Sert\u00e3ozinho e regi\u00e3o"}]},{"@type":"WebSite","@id":"https:\/\/regiaonews.net.br\/2022\/#website","url":"https:\/\/regiaonews.net.br\/2022\/","name":"Regi\u00e3o News","description":"Site de Not\u00edcias de Barretos e regi\u00e3o","publisher":{"@id":"https:\/\/regiaonews.net.br\/2022\/#organization"},"potentialAction":[{"@type":"SearchAction","target":{"@type":"EntryPoint","urlTemplate":"https:\/\/regiaonews.net.br\/2022\/?s={search_term_string}"},"query-input":{"@type":"PropertyValueSpecification","valueRequired":true,"valueName":"search_term_string"}}],"inLanguage":"pt-BR"},{"@type":"Organization","@id":"https:\/\/regiaonews.net.br\/2022\/#organization","name":"Regi\u00e3o News","url":"https:\/\/regiaonews.net.br\/2022\/","logo":{"@type":"ImageObject","inLanguage":"pt-BR","@id":"https:\/\/regiaonews.net.br\/2022\/#\/schema\/logo\/image\/","url":"https:\/\/regiaonews.net.br\/2022\/wp-content\/uploads\/2026\/03\/regiao-13-anos-scaled.jpg","contentUrl":"https:\/\/regiaonews.net.br\/2022\/wp-content\/uploads\/2026\/03\/regiao-13-anos-scaled.jpg","width":2560,"height":635,"caption":"Regi\u00e3o News"},"image":{"@id":"https:\/\/regiaonews.net.br\/2022\/#\/schema\/logo\/image\/"}},{"@type":"Person","@id":"https:\/\/regiaonews.net.br\/2022\/#\/schema\/person\/2d205a608a5aa97ac279d7a5e6d89ad8","name":"Roberto","image":{"@type":"ImageObject","inLanguage":"pt-BR","@id":"https:\/\/secure.gravatar.com\/avatar\/42749d8b712ff9d59ca93dc150494e5b55a44134482993f5baeb97e61b7ecc89?s=96&d=mm&r=g","url":"https:\/\/secure.gravatar.com\/avatar\/42749d8b712ff9d59ca93dc150494e5b55a44134482993f5baeb97e61b7ecc89?s=96&d=mm&r=g","contentUrl":"https:\/\/secure.gravatar.com\/avatar\/42749d8b712ff9d59ca93dc150494e5b55a44134482993f5baeb97e61b7ecc89?s=96&d=mm&r=g","caption":"Roberto"},"url":"https:\/\/regiaonews.net.br\/2022\/author\/roberto\/"}]}},"publishpress_future_action":{"enabled":false,"date":"2026-05-03 14:11:31","action":"change-status","newStatus":"draft","terms":[],"taxonomy":"category","extraData":[]},"publishpress_future_workflow_manual_trigger":{"enabledWorkflows":[]},"_links":{"self":[{"href":"https:\/\/regiaonews.net.br\/2022\/wp-json\/wp\/v2\/posts\/92294","targetHints":{"allow":["GET"]}}],"collection":[{"href":"https:\/\/regiaonews.net.br\/2022\/wp-json\/wp\/v2\/posts"}],"about":[{"href":"https:\/\/regiaonews.net.br\/2022\/wp-json\/wp\/v2\/types\/post"}],"author":[{"embeddable":true,"href":"https:\/\/regiaonews.net.br\/2022\/wp-json\/wp\/v2\/users\/2"}],"replies":[{"embeddable":true,"href":"https:\/\/regiaonews.net.br\/2022\/wp-json\/wp\/v2\/comments?post=92294"}],"version-history":[{"count":1,"href":"https:\/\/regiaonews.net.br\/2022\/wp-json\/wp\/v2\/posts\/92294\/revisions"}],"predecessor-version":[{"id":92296,"href":"https:\/\/regiaonews.net.br\/2022\/wp-json\/wp\/v2\/posts\/92294\/revisions\/92296"}],"wp:featuredmedia":[{"embeddable":true,"href":"https:\/\/regiaonews.net.br\/2022\/wp-json\/wp\/v2\/media\/92295"}],"wp:attachment":[{"href":"https:\/\/regiaonews.net.br\/2022\/wp-json\/wp\/v2\/media?parent=92294"}],"wp:term":[{"taxonomy":"category","embeddable":true,"href":"https:\/\/regiaonews.net.br\/2022\/wp-json\/wp\/v2\/categories?post=92294"},{"taxonomy":"post_tag","embeddable":true,"href":"https:\/\/regiaonews.net.br\/2022\/wp-json\/wp\/v2\/tags?post=92294"}],"curies":[{"name":"wp","href":"https:\/\/api.w.org\/{rel}","templated":true}]}}