{"id":92289,"date":"2023-07-26T11:59:01","date_gmt":"2023-07-26T14:59:01","guid":{"rendered":"https:\/\/regiaonews.net.br\/2022\/?p=92289"},"modified":"2023-07-26T11:59:01","modified_gmt":"2023-07-26T14:59:01","slug":"festa-do-peao-de-barretos-palco-culturando-kids-estreia-no-rancho-do-peaozinho","status":"publish","type":"post","link":"https:\/\/regiaonews.net.br\/2022\/2023\/07\/26\/festa-do-peao-de-barretos-palco-culturando-kids-estreia-no-rancho-do-peaozinho\/","title":{"rendered":"Festa do Pe\u00e3o de Barretos: Palco Culturando Kids estreia no Rancho do Pe\u00e3ozinho"},"content":{"rendered":"<p>As inscri\u00e7\u00f5es est\u00e3o abertas at\u00e9 dia 06 de agosto. Espa\u00e7o receber\u00e1 apresenta\u00e7\u00f5es voltadas ao p\u00fablico infantojuvenil diariamente<\/p>\n<p>O Rancho do Pe\u00e3ozinho receber\u00e1 pela primeira vez o Palco Culturando Kids, mais uma atra\u00e7\u00e3o do espa\u00e7o voltado ao p\u00fablico infantil na Festa do Pe\u00e3o de Barretos. De 18 a 27 de agosto, crian\u00e7as e adolescentes v\u00e3o se apresentar no espa\u00e7o, garantindo momentos de divers\u00e3o e encantamento para todo p\u00fablico.<\/p>\n<p>As inscri\u00e7\u00f5es para os interessados em participar podem ser feitas at\u00e9 o dia 06 de agosto. Diferentes voca\u00e7\u00f5es art\u00edsticas ser\u00e3o aceitas como m\u00fasica, artes circenses, orquestras mirins, malabares, fanfarras, bandas marciais, dan\u00e7as folcl\u00f3ricas, artistas de pintura facial em crian\u00e7as, cosplay, entre outras demonstra\u00e7\u00f5es.<\/p>\n<p>Para realizar a inscri\u00e7\u00e3o \u2013 o adulto ou respons\u00e1vel pelo menor de idade \u2013 deve preencher o formul\u00e1rio dispon\u00edvel no site www.semearproducoes.com. J\u00e1 os grupos art\u00edsticos, um representante dever\u00e1 na inscri\u00e7\u00e3o indicar o n\u00famero de componentes. \u00c9 obrigat\u00f3rio enviar um v\u00eddeo para sele\u00e7\u00e3o.<\/p>\n<p>O Palco Culturando Kids \u00e9 uma realiza\u00e7\u00e3o da Associa\u00e7\u00e3o Os Independentes e Semear Produ\u00e7\u00f5es com apoio da AGCIP &#8211; Associa\u00e7\u00e3o Gest\u00e3o Cultural no Interior Paulista e A\u00e7\u00facar Caravelas.<\/p>\n<p>Rancho do Pe\u00e3ozinho<br \/>\nParada obrigat\u00f3ria para crian\u00e7as durante o evento, o Rancho do Pe\u00e3ozinho fica dentro do complexo do Parque do Pe\u00e3o e \u00e9 um espa\u00e7o criado especialmente para o p\u00fablico infantil, que possibilita um intenso contato com a natureza, unindo aprendizado e divers\u00e3o.<\/p>\n<p>O Rancho do Pe\u00e3ozinho est\u00e1 com agendamento aberto de grupos escolares e de outras institui\u00e7\u00f5es, para visita gratuita no per\u00edodo de 18 a 27 de agosto, dentro da programa\u00e7\u00e3o da 68\u00aa Festa do Pe\u00e3o de Barretos. As organiza\u00e7\u00f5es interessadas devem entrar em contato por telefone: (17) 98108-3682 com Reinaldo.<\/p>\n<p>Mais informa\u00e7\u00f5es: independentes.com.br ou no telefone\u00a0(17)\u00a03321-0000<\/p>\n<p>Legenda: Palco Culturando Kids estreia no Rancho do Pe\u00e3ozinho &#8211; Cr\u00e9dito: Guilherme Diniz.<\/p>\n","protected":false},"excerpt":{"rendered":"<p>As inscri\u00e7\u00f5es est\u00e3o abertas at\u00e9 dia 06 de agosto. Espa\u00e7o<\/p>\n","protected":false},"author":2,"featured_media":92290,"comment_status":"open","ping_status":"open","sticky":false,"template":"","format":"standard","meta":{"footnotes":""},"categories":[14,3],"tags":[],"class_list":["post-92289","post","type-post","status-publish","format-standard","has-post-thumbnail","hentry","category-barretos","category-geral"],"yoast_head":"<!-- This site is optimized with the Yoast SEO plugin v27.4 - https:\/\/yoast.com\/product\/yoast-seo-wordpress\/ -->\n<title>Festa do Pe\u00e3o de Barretos: Palco Culturando Kids estreia no Rancho do Pe\u00e3ozinho - Regi\u00e3o News<\/title>\n<meta name=\"robots\" content=\"index, follow, max-snippet:-1, max-image-preview:large, max-video-preview:-1\" \/>\n<link rel=\"canonical\" href=\"https:\/\/regiaonews.net.br\/2022\/2023\/07\/26\/festa-do-peao-de-barretos-palco-culturando-kids-estreia-no-rancho-do-peaozinho\/\" \/>\n<meta property=\"og:locale\" content=\"pt_BR\" \/>\n<meta property=\"og:type\" content=\"article\" \/>\n<meta property=\"og:title\" content=\"Festa do Pe\u00e3o de Barretos: Palco Culturando Kids estreia no Rancho do Pe\u00e3ozinho - Regi\u00e3o News\" \/>\n<meta property=\"og:description\" content=\"As inscri\u00e7\u00f5es est\u00e3o abertas at\u00e9 dia 06 de agosto. Espa\u00e7o\" \/>\n<meta property=\"og:url\" content=\"https:\/\/regiaonews.net.br\/2022\/2023\/07\/26\/festa-do-peao-de-barretos-palco-culturando-kids-estreia-no-rancho-do-peaozinho\/\" \/>\n<meta property=\"og:site_name\" content=\"Regi\u00e3o News\" \/>\n<meta property=\"article:published_time\" content=\"2023-07-26T14:59:01+00:00\" \/>\n<meta property=\"og:image\" content=\"https:\/\/regiaonews.net.br\/2022\/wp-content\/uploads\/2023\/07\/Imagem-do-WhatsApp-de-2023-07-26-as-11.48.50.jpg\" \/>\n\t<meta property=\"og:image:width\" content=\"1600\" \/>\n\t<meta property=\"og:image:height\" content=\"1432\" \/>\n\t<meta property=\"og:image:type\" content=\"image\/jpeg\" \/>\n<meta name=\"author\" content=\"Roberto\" \/>\n<meta name=\"twitter:card\" content=\"summary_large_image\" \/>\n<meta name=\"twitter:label1\" content=\"Escrito por\" \/>\n\t<meta name=\"twitter:data1\" content=\"Roberto\" \/>\n\t<meta name=\"twitter:label2\" content=\"Est. tempo de leitura\" \/>\n\t<meta name=\"twitter:data2\" content=\"2 minutos\" \/>\n<script type=\"application\/ld+json\" class=\"yoast-schema-graph\">{\"@context\":\"https:\\\/\\\/schema.org\",\"@graph\":[{\"@type\":\"Article\",\"@id\":\"https:\\\/\\\/regiaonews.net.br\\\/2022\\\/2023\\\/07\\\/26\\\/festa-do-peao-de-barretos-palco-culturando-kids-estreia-no-rancho-do-peaozinho\\\/#article\",\"isPartOf\":{\"@id\":\"https:\\\/\\\/regiaonews.net.br\\\/2022\\\/2023\\\/07\\\/26\\\/festa-do-peao-de-barretos-palco-culturando-kids-estreia-no-rancho-do-peaozinho\\\/\"},\"author\":{\"name\":\"Roberto\",\"@id\":\"https:\\\/\\\/regiaonews.net.br\\\/2022\\\/#\\\/schema\\\/person\\\/2d205a608a5aa97ac279d7a5e6d89ad8\"},\"headline\":\"Festa do Pe\u00e3o de Barretos: Palco Culturando Kids estreia no Rancho do Pe\u00e3ozinho\",\"datePublished\":\"2023-07-26T14:59:01+00:00\",\"mainEntityOfPage\":{\"@id\":\"https:\\\/\\\/regiaonews.net.br\\\/2022\\\/2023\\\/07\\\/26\\\/festa-do-peao-de-barretos-palco-culturando-kids-estreia-no-rancho-do-peaozinho\\\/\"},\"wordCount\":357,\"commentCount\":0,\"publisher\":{\"@id\":\"https:\\\/\\\/regiaonews.net.br\\\/2022\\\/#organization\"},\"image\":{\"@id\":\"https:\\\/\\\/regiaonews.net.br\\\/2022\\\/2023\\\/07\\\/26\\\/festa-do-peao-de-barretos-palco-culturando-kids-estreia-no-rancho-do-peaozinho\\\/#primaryimage\"},\"thumbnailUrl\":\"https:\\\/\\\/regiaonews.net.br\\\/2022\\\/wp-content\\\/uploads\\\/2023\\\/07\\\/Imagem-do-WhatsApp-de-2023-07-26-as-11.48.50.jpg\",\"articleSection\":[\"Barretos\",\"Geral\"],\"inLanguage\":\"pt-BR\",\"potentialAction\":[{\"@type\":\"CommentAction\",\"name\":\"Comment\",\"target\":[\"https:\\\/\\\/regiaonews.net.br\\\/2022\\\/2023\\\/07\\\/26\\\/festa-do-peao-de-barretos-palco-culturando-kids-estreia-no-rancho-do-peaozinho\\\/#respond\"]}]},{\"@type\":\"WebPage\",\"@id\":\"https:\\\/\\\/regiaonews.net.br\\\/2022\\\/2023\\\/07\\\/26\\\/festa-do-peao-de-barretos-palco-culturando-kids-estreia-no-rancho-do-peaozinho\\\/\",\"url\":\"https:\\\/\\\/regiaonews.net.br\\\/2022\\\/2023\\\/07\\\/26\\\/festa-do-peao-de-barretos-palco-culturando-kids-estreia-no-rancho-do-peaozinho\\\/\",\"name\":\"Festa do Pe\u00e3o de Barretos: Palco Culturando Kids estreia no Rancho do Pe\u00e3ozinho - Regi\u00e3o News\",\"isPartOf\":{\"@id\":\"https:\\\/\\\/regiaonews.net.br\\\/2022\\\/#website\"},\"primaryImageOfPage\":{\"@id\":\"https:\\\/\\\/regiaonews.net.br\\\/2022\\\/2023\\\/07\\\/26\\\/festa-do-peao-de-barretos-palco-culturando-kids-estreia-no-rancho-do-peaozinho\\\/#primaryimage\"},\"image\":{\"@id\":\"https:\\\/\\\/regiaonews.net.br\\\/2022\\\/2023\\\/07\\\/26\\\/festa-do-peao-de-barretos-palco-culturando-kids-estreia-no-rancho-do-peaozinho\\\/#primaryimage\"},\"thumbnailUrl\":\"https:\\\/\\\/regiaonews.net.br\\\/2022\\\/wp-content\\\/uploads\\\/2023\\\/07\\\/Imagem-do-WhatsApp-de-2023-07-26-as-11.48.50.jpg\",\"datePublished\":\"2023-07-26T14:59:01+00:00\",\"breadcrumb\":{\"@id\":\"https:\\\/\\\/regiaonews.net.br\\\/2022\\\/2023\\\/07\\\/26\\\/festa-do-peao-de-barretos-palco-culturando-kids-estreia-no-rancho-do-peaozinho\\\/#breadcrumb\"},\"inLanguage\":\"pt-BR\",\"potentialAction\":[{\"@type\":\"ReadAction\",\"target\":[\"https:\\\/\\\/regiaonews.net.br\\\/2022\\\/2023\\\/07\\\/26\\\/festa-do-peao-de-barretos-palco-culturando-kids-estreia-no-rancho-do-peaozinho\\\/\"]}]},{\"@type\":\"ImageObject\",\"inLanguage\":\"pt-BR\",\"@id\":\"https:\\\/\\\/regiaonews.net.br\\\/2022\\\/2023\\\/07\\\/26\\\/festa-do-peao-de-barretos-palco-culturando-kids-estreia-no-rancho-do-peaozinho\\\/#primaryimage\",\"url\":\"https:\\\/\\\/regiaonews.net.br\\\/2022\\\/wp-content\\\/uploads\\\/2023\\\/07\\\/Imagem-do-WhatsApp-de-2023-07-26-as-11.48.50.jpg\",\"contentUrl\":\"https:\\\/\\\/regiaonews.net.br\\\/2022\\\/wp-content\\\/uploads\\\/2023\\\/07\\\/Imagem-do-WhatsApp-de-2023-07-26-as-11.48.50.jpg\",\"width\":1600,\"height\":1432},{\"@type\":\"BreadcrumbList\",\"@id\":\"https:\\\/\\\/regiaonews.net.br\\\/2022\\\/2023\\\/07\\\/26\\\/festa-do-peao-de-barretos-palco-culturando-kids-estreia-no-rancho-do-peaozinho\\\/#breadcrumb\",\"itemListElement\":[{\"@type\":\"ListItem\",\"position\":1,\"name\":\"In\u00edcio\",\"item\":\"https:\\\/\\\/regiaonews.net.br\\\/2022\\\/\"},{\"@type\":\"ListItem\",\"position\":2,\"name\":\"Festa do Pe\u00e3o de Barretos: Palco Culturando Kids estreia no Rancho do Pe\u00e3ozinho\"}]},{\"@type\":\"WebSite\",\"@id\":\"https:\\\/\\\/regiaonews.net.br\\\/2022\\\/#website\",\"url\":\"https:\\\/\\\/regiaonews.net.br\\\/2022\\\/\",\"name\":\"Regi\u00e3o News\",\"description\":\"Site de Not\u00edcias de Barretos e regi\u00e3o\",\"publisher\":{\"@id\":\"https:\\\/\\\/regiaonews.net.br\\\/2022\\\/#organization\"},\"potentialAction\":[{\"@type\":\"SearchAction\",\"target\":{\"@type\":\"EntryPoint\",\"urlTemplate\":\"https:\\\/\\\/regiaonews.net.br\\\/2022\\\/?s={search_term_string}\"},\"query-input\":{\"@type\":\"PropertyValueSpecification\",\"valueRequired\":true,\"valueName\":\"search_term_string\"}}],\"inLanguage\":\"pt-BR\"},{\"@type\":\"Organization\",\"@id\":\"https:\\\/\\\/regiaonews.net.br\\\/2022\\\/#organization\",\"name\":\"Regi\u00e3o News\",\"url\":\"https:\\\/\\\/regiaonews.net.br\\\/2022\\\/\",\"logo\":{\"@type\":\"ImageObject\",\"inLanguage\":\"pt-BR\",\"@id\":\"https:\\\/\\\/regiaonews.net.br\\\/2022\\\/#\\\/schema\\\/logo\\\/image\\\/\",\"url\":\"https:\\\/\\\/regiaonews.net.br\\\/2022\\\/wp-content\\\/uploads\\\/2026\\\/03\\\/regiao-13-anos-scaled.jpg\",\"contentUrl\":\"https:\\\/\\\/regiaonews.net.br\\\/2022\\\/wp-content\\\/uploads\\\/2026\\\/03\\\/regiao-13-anos-scaled.jpg\",\"width\":2560,\"height\":635,\"caption\":\"Regi\u00e3o News\"},\"image\":{\"@id\":\"https:\\\/\\\/regiaonews.net.br\\\/2022\\\/#\\\/schema\\\/logo\\\/image\\\/\"}},{\"@type\":\"Person\",\"@id\":\"https:\\\/\\\/regiaonews.net.br\\\/2022\\\/#\\\/schema\\\/person\\\/2d205a608a5aa97ac279d7a5e6d89ad8\",\"name\":\"Roberto\",\"image\":{\"@type\":\"ImageObject\",\"inLanguage\":\"pt-BR\",\"@id\":\"https:\\\/\\\/secure.gravatar.com\\\/avatar\\\/42749d8b712ff9d59ca93dc150494e5b55a44134482993f5baeb97e61b7ecc89?s=96&d=mm&r=g\",\"url\":\"https:\\\/\\\/secure.gravatar.com\\\/avatar\\\/42749d8b712ff9d59ca93dc150494e5b55a44134482993f5baeb97e61b7ecc89?s=96&d=mm&r=g\",\"contentUrl\":\"https:\\\/\\\/secure.gravatar.com\\\/avatar\\\/42749d8b712ff9d59ca93dc150494e5b55a44134482993f5baeb97e61b7ecc89?s=96&d=mm&r=g\",\"caption\":\"Roberto\"},\"url\":\"https:\\\/\\\/regiaonews.net.br\\\/2022\\\/author\\\/roberto\\\/\"}]}<\/script>\n<!-- \/ Yoast SEO plugin. -->","yoast_head_json":{"title":"Festa do Pe\u00e3o de Barretos: Palco Culturando Kids estreia no Rancho do Pe\u00e3ozinho - Regi\u00e3o News","robots":{"index":"index","follow":"follow","max-snippet":"max-snippet:-1","max-image-preview":"max-image-preview:large","max-video-preview":"max-video-preview:-1"},"canonical":"https:\/\/regiaonews.net.br\/2022\/2023\/07\/26\/festa-do-peao-de-barretos-palco-culturando-kids-estreia-no-rancho-do-peaozinho\/","og_locale":"pt_BR","og_type":"article","og_title":"Festa do Pe\u00e3o de Barretos: Palco Culturando Kids estreia no Rancho do Pe\u00e3ozinho - Regi\u00e3o News","og_description":"As inscri\u00e7\u00f5es est\u00e3o abertas at\u00e9 dia 06 de agosto. Espa\u00e7o","og_url":"https:\/\/regiaonews.net.br\/2022\/2023\/07\/26\/festa-do-peao-de-barretos-palco-culturando-kids-estreia-no-rancho-do-peaozinho\/","og_site_name":"Regi\u00e3o News","article_published_time":"2023-07-26T14:59:01+00:00","og_image":[{"width":1600,"height":1432,"url":"https:\/\/regiaonews.net.br\/2022\/wp-content\/uploads\/2023\/07\/Imagem-do-WhatsApp-de-2023-07-26-as-11.48.50.jpg","type":"image\/jpeg"}],"author":"Roberto","twitter_card":"summary_large_image","twitter_misc":{"Escrito por":"Roberto","Est. tempo de leitura":"2 minutos"},"schema":{"@context":"https:\/\/schema.org","@graph":[{"@type":"Article","@id":"https:\/\/regiaonews.net.br\/2022\/2023\/07\/26\/festa-do-peao-de-barretos-palco-culturando-kids-estreia-no-rancho-do-peaozinho\/#article","isPartOf":{"@id":"https:\/\/regiaonews.net.br\/2022\/2023\/07\/26\/festa-do-peao-de-barretos-palco-culturando-kids-estreia-no-rancho-do-peaozinho\/"},"author":{"name":"Roberto","@id":"https:\/\/regiaonews.net.br\/2022\/#\/schema\/person\/2d205a608a5aa97ac279d7a5e6d89ad8"},"headline":"Festa do Pe\u00e3o de Barretos: Palco Culturando Kids estreia no Rancho do Pe\u00e3ozinho","datePublished":"2023-07-26T14:59:01+00:00","mainEntityOfPage":{"@id":"https:\/\/regiaonews.net.br\/2022\/2023\/07\/26\/festa-do-peao-de-barretos-palco-culturando-kids-estreia-no-rancho-do-peaozinho\/"},"wordCount":357,"commentCount":0,"publisher":{"@id":"https:\/\/regiaonews.net.br\/2022\/#organization"},"image":{"@id":"https:\/\/regiaonews.net.br\/2022\/2023\/07\/26\/festa-do-peao-de-barretos-palco-culturando-kids-estreia-no-rancho-do-peaozinho\/#primaryimage"},"thumbnailUrl":"https:\/\/regiaonews.net.br\/2022\/wp-content\/uploads\/2023\/07\/Imagem-do-WhatsApp-de-2023-07-26-as-11.48.50.jpg","articleSection":["Barretos","Geral"],"inLanguage":"pt-BR","potentialAction":[{"@type":"CommentAction","name":"Comment","target":["https:\/\/regiaonews.net.br\/2022\/2023\/07\/26\/festa-do-peao-de-barretos-palco-culturando-kids-estreia-no-rancho-do-peaozinho\/#respond"]}]},{"@type":"WebPage","@id":"https:\/\/regiaonews.net.br\/2022\/2023\/07\/26\/festa-do-peao-de-barretos-palco-culturando-kids-estreia-no-rancho-do-peaozinho\/","url":"https:\/\/regiaonews.net.br\/2022\/2023\/07\/26\/festa-do-peao-de-barretos-palco-culturando-kids-estreia-no-rancho-do-peaozinho\/","name":"Festa do Pe\u00e3o de Barretos: Palco Culturando Kids estreia no Rancho do Pe\u00e3ozinho - Regi\u00e3o News","isPartOf":{"@id":"https:\/\/regiaonews.net.br\/2022\/#website"},"primaryImageOfPage":{"@id":"https:\/\/regiaonews.net.br\/2022\/2023\/07\/26\/festa-do-peao-de-barretos-palco-culturando-kids-estreia-no-rancho-do-peaozinho\/#primaryimage"},"image":{"@id":"https:\/\/regiaonews.net.br\/2022\/2023\/07\/26\/festa-do-peao-de-barretos-palco-culturando-kids-estreia-no-rancho-do-peaozinho\/#primaryimage"},"thumbnailUrl":"https:\/\/regiaonews.net.br\/2022\/wp-content\/uploads\/2023\/07\/Imagem-do-WhatsApp-de-2023-07-26-as-11.48.50.jpg","datePublished":"2023-07-26T14:59:01+00:00","breadcrumb":{"@id":"https:\/\/regiaonews.net.br\/2022\/2023\/07\/26\/festa-do-peao-de-barretos-palco-culturando-kids-estreia-no-rancho-do-peaozinho\/#breadcrumb"},"inLanguage":"pt-BR","potentialAction":[{"@type":"ReadAction","target":["https:\/\/regiaonews.net.br\/2022\/2023\/07\/26\/festa-do-peao-de-barretos-palco-culturando-kids-estreia-no-rancho-do-peaozinho\/"]}]},{"@type":"ImageObject","inLanguage":"pt-BR","@id":"https:\/\/regiaonews.net.br\/2022\/2023\/07\/26\/festa-do-peao-de-barretos-palco-culturando-kids-estreia-no-rancho-do-peaozinho\/#primaryimage","url":"https:\/\/regiaonews.net.br\/2022\/wp-content\/uploads\/2023\/07\/Imagem-do-WhatsApp-de-2023-07-26-as-11.48.50.jpg","contentUrl":"https:\/\/regiaonews.net.br\/2022\/wp-content\/uploads\/2023\/07\/Imagem-do-WhatsApp-de-2023-07-26-as-11.48.50.jpg","width":1600,"height":1432},{"@type":"BreadcrumbList","@id":"https:\/\/regiaonews.net.br\/2022\/2023\/07\/26\/festa-do-peao-de-barretos-palco-culturando-kids-estreia-no-rancho-do-peaozinho\/#breadcrumb","itemListElement":[{"@type":"ListItem","position":1,"name":"In\u00edcio","item":"https:\/\/regiaonews.net.br\/2022\/"},{"@type":"ListItem","position":2,"name":"Festa do Pe\u00e3o de Barretos: Palco Culturando Kids estreia no Rancho do Pe\u00e3ozinho"}]},{"@type":"WebSite","@id":"https:\/\/regiaonews.net.br\/2022\/#website","url":"https:\/\/regiaonews.net.br\/2022\/","name":"Regi\u00e3o News","description":"Site de Not\u00edcias de Barretos e regi\u00e3o","publisher":{"@id":"https:\/\/regiaonews.net.br\/2022\/#organization"},"potentialAction":[{"@type":"SearchAction","target":{"@type":"EntryPoint","urlTemplate":"https:\/\/regiaonews.net.br\/2022\/?s={search_term_string}"},"query-input":{"@type":"PropertyValueSpecification","valueRequired":true,"valueName":"search_term_string"}}],"inLanguage":"pt-BR"},{"@type":"Organization","@id":"https:\/\/regiaonews.net.br\/2022\/#organization","name":"Regi\u00e3o News","url":"https:\/\/regiaonews.net.br\/2022\/","logo":{"@type":"ImageObject","inLanguage":"pt-BR","@id":"https:\/\/regiaonews.net.br\/2022\/#\/schema\/logo\/image\/","url":"https:\/\/regiaonews.net.br\/2022\/wp-content\/uploads\/2026\/03\/regiao-13-anos-scaled.jpg","contentUrl":"https:\/\/regiaonews.net.br\/2022\/wp-content\/uploads\/2026\/03\/regiao-13-anos-scaled.jpg","width":2560,"height":635,"caption":"Regi\u00e3o News"},"image":{"@id":"https:\/\/regiaonews.net.br\/2022\/#\/schema\/logo\/image\/"}},{"@type":"Person","@id":"https:\/\/regiaonews.net.br\/2022\/#\/schema\/person\/2d205a608a5aa97ac279d7a5e6d89ad8","name":"Roberto","image":{"@type":"ImageObject","inLanguage":"pt-BR","@id":"https:\/\/secure.gravatar.com\/avatar\/42749d8b712ff9d59ca93dc150494e5b55a44134482993f5baeb97e61b7ecc89?s=96&d=mm&r=g","url":"https:\/\/secure.gravatar.com\/avatar\/42749d8b712ff9d59ca93dc150494e5b55a44134482993f5baeb97e61b7ecc89?s=96&d=mm&r=g","contentUrl":"https:\/\/secure.gravatar.com\/avatar\/42749d8b712ff9d59ca93dc150494e5b55a44134482993f5baeb97e61b7ecc89?s=96&d=mm&r=g","caption":"Roberto"},"url":"https:\/\/regiaonews.net.br\/2022\/author\/roberto\/"}]}},"publishpress_future_action":{"enabled":false,"date":"2026-05-03 16:06:43","action":"change-status","newStatus":"draft","terms":[],"taxonomy":"category","extraData":[]},"publishpress_future_workflow_manual_trigger":{"enabledWorkflows":[]},"_links":{"self":[{"href":"https:\/\/regiaonews.net.br\/2022\/wp-json\/wp\/v2\/posts\/92289","targetHints":{"allow":["GET"]}}],"collection":[{"href":"https:\/\/regiaonews.net.br\/2022\/wp-json\/wp\/v2\/posts"}],"about":[{"href":"https:\/\/regiaonews.net.br\/2022\/wp-json\/wp\/v2\/types\/post"}],"author":[{"embeddable":true,"href":"https:\/\/regiaonews.net.br\/2022\/wp-json\/wp\/v2\/users\/2"}],"replies":[{"embeddable":true,"href":"https:\/\/regiaonews.net.br\/2022\/wp-json\/wp\/v2\/comments?post=92289"}],"version-history":[{"count":1,"href":"https:\/\/regiaonews.net.br\/2022\/wp-json\/wp\/v2\/posts\/92289\/revisions"}],"predecessor-version":[{"id":92291,"href":"https:\/\/regiaonews.net.br\/2022\/wp-json\/wp\/v2\/posts\/92289\/revisions\/92291"}],"wp:featuredmedia":[{"embeddable":true,"href":"https:\/\/regiaonews.net.br\/2022\/wp-json\/wp\/v2\/media\/92290"}],"wp:attachment":[{"href":"https:\/\/regiaonews.net.br\/2022\/wp-json\/wp\/v2\/media?parent=92289"}],"wp:term":[{"taxonomy":"category","embeddable":true,"href":"https:\/\/regiaonews.net.br\/2022\/wp-json\/wp\/v2\/categories?post=92289"},{"taxonomy":"post_tag","embeddable":true,"href":"https:\/\/regiaonews.net.br\/2022\/wp-json\/wp\/v2\/tags?post=92289"}],"curies":[{"name":"wp","href":"https:\/\/api.w.org\/{rel}","templated":true}]}}