{"id":92287,"date":"2023-07-26T11:55:28","date_gmt":"2023-07-26T14:55:28","guid":{"rendered":"https:\/\/regiaonews.net.br\/2022\/?p=92287"},"modified":"2023-07-26T19:44:34","modified_gmt":"2023-07-26T22:44:34","slug":"junta-militar-recebeu-mais-de-700-alistamentos-para-turma-de-2024-do-tg","status":"publish","type":"post","link":"https:\/\/regiaonews.net.br\/2022\/2023\/07\/26\/junta-militar-recebeu-mais-de-700-alistamentos-para-turma-de-2024-do-tg\/","title":{"rendered":"Junta Militar recebeu mais de 700 alistamentos para turma de 2024 do TG"},"content":{"rendered":"<p>O subtenente Carlos Magner de Oliveira Alves, chefe da instru\u00e7\u00e3o do Tiro de Guerra de Barretos, informou que a Junta do Servi\u00e7o Militar da cidade recebeu 709 alistamentos em 2023, at\u00e9 o prazo final, no dia 30 de junho. Deste total, 626 ir\u00e3o passar pelo processo de sele\u00e7\u00e3o geral, que ir\u00e1 definir os jovens que ir\u00e3o passar posteriormente pela sele\u00e7\u00e3o complementar, que ir\u00e1 definir os 100 atiradores que ir\u00e3o prestar o servi\u00e7o militar no Ex\u00e9rcito Brasileiro em 2024.<br \/>\nSegundo o instrutor, o pr\u00f3prio sistema do Ex\u00e9rcito, j\u00e1 faz a dispensa de alguns alistados, ficando esse n\u00famero de aptos para a sele\u00e7\u00e3o. \u201cOs dispensados s\u00e3o moradores da zona rural, deficientes f\u00edsicos, arrimo de fam\u00edlia, maiores de 30 anos que se alistaram somente agora e outras situa\u00e7\u00f5es\u201d, explicou\u00a0o\u00a0subtenente.<\/p>\n","protected":false},"excerpt":{"rendered":"<p>O subtenente Carlos Magner de Oliveira Alves, chefe da instru\u00e7\u00e3o<\/p>\n","protected":false},"author":2,"featured_media":7419,"comment_status":"open","ping_status":"open","sticky":false,"template":"","format":"standard","meta":{"footnotes":""},"categories":[14,3],"tags":[],"class_list":["post-92287","post","type-post","status-publish","format-standard","has-post-thumbnail","hentry","category-barretos","category-geral"],"yoast_head":"<!-- This site is optimized with the Yoast SEO plugin v27.4 - https:\/\/yoast.com\/product\/yoast-seo-wordpress\/ -->\n<title>Junta Militar recebeu mais de 700 alistamentos para turma<\/title>\n<meta name=\"description\" content=\"subtenente Carlos Magner de Oliveira Alves, chefe da instru\u00e7\u00e3o do Tiro de Guerra de Barretos, informou que a Junta do Servi\u00e7o Militar\" \/>\n<meta name=\"robots\" content=\"index, follow, max-snippet:-1, max-image-preview:large, max-video-preview:-1\" \/>\n<link rel=\"canonical\" href=\"https:\/\/regiaonews.net.br\/2022\/2023\/07\/26\/junta-militar-recebeu-mais-de-700-alistamentos-para-turma-de-2024-do-tg\/\" \/>\n<meta property=\"og:locale\" content=\"pt_BR\" \/>\n<meta property=\"og:type\" content=\"article\" \/>\n<meta property=\"og:title\" content=\"Junta Militar recebeu mais de 700 alistamentos para turma\" \/>\n<meta property=\"og:description\" content=\"subtenente Carlos Magner de Oliveira Alves, chefe da instru\u00e7\u00e3o do Tiro de Guerra de Barretos, informou que a Junta do Servi\u00e7o Militar\" \/>\n<meta property=\"og:url\" content=\"https:\/\/regiaonews.net.br\/2022\/2023\/07\/26\/junta-militar-recebeu-mais-de-700-alistamentos-para-turma-de-2024-do-tg\/\" \/>\n<meta property=\"og:site_name\" content=\"Regi\u00e3o News\" \/>\n<meta property=\"article:published_time\" content=\"2023-07-26T14:55:28+00:00\" \/>\n<meta property=\"article:modified_time\" content=\"2023-07-26T22:44:34+00:00\" \/>\n<meta property=\"og:image\" content=\"https:\/\/regiaonews.net.br\/2022\/wp-content\/uploads\/2017\/08\/desfile-TG.jpg\" \/>\n\t<meta property=\"og:image:width\" content=\"1024\" \/>\n\t<meta property=\"og:image:height\" content=\"678\" \/>\n\t<meta property=\"og:image:type\" content=\"image\/jpeg\" \/>\n<meta name=\"author\" content=\"Roberto\" \/>\n<meta name=\"twitter:card\" content=\"summary_large_image\" \/>\n<meta name=\"twitter:label1\" content=\"Escrito por\" \/>\n\t<meta name=\"twitter:data1\" content=\"Roberto\" \/>\n\t<meta name=\"twitter:label2\" content=\"Est. tempo de leitura\" \/>\n\t<meta name=\"twitter:data2\" content=\"1 minuto\" \/>\n<script type=\"application\/ld+json\" class=\"yoast-schema-graph\">{\"@context\":\"https:\\\/\\\/schema.org\",\"@graph\":[{\"@type\":\"Article\",\"@id\":\"https:\\\/\\\/regiaonews.net.br\\\/2022\\\/2023\\\/07\\\/26\\\/junta-militar-recebeu-mais-de-700-alistamentos-para-turma-de-2024-do-tg\\\/#article\",\"isPartOf\":{\"@id\":\"https:\\\/\\\/regiaonews.net.br\\\/2022\\\/2023\\\/07\\\/26\\\/junta-militar-recebeu-mais-de-700-alistamentos-para-turma-de-2024-do-tg\\\/\"},\"author\":{\"name\":\"Roberto\",\"@id\":\"https:\\\/\\\/regiaonews.net.br\\\/2022\\\/#\\\/schema\\\/person\\\/2d205a608a5aa97ac279d7a5e6d89ad8\"},\"headline\":\"Junta Militar recebeu mais de 700 alistamentos para turma de 2024 do TG\",\"datePublished\":\"2023-07-26T14:55:28+00:00\",\"dateModified\":\"2023-07-26T22:44:34+00:00\",\"mainEntityOfPage\":{\"@id\":\"https:\\\/\\\/regiaonews.net.br\\\/2022\\\/2023\\\/07\\\/26\\\/junta-militar-recebeu-mais-de-700-alistamentos-para-turma-de-2024-do-tg\\\/\"},\"wordCount\":149,\"commentCount\":0,\"publisher\":{\"@id\":\"https:\\\/\\\/regiaonews.net.br\\\/2022\\\/#organization\"},\"image\":{\"@id\":\"https:\\\/\\\/regiaonews.net.br\\\/2022\\\/2023\\\/07\\\/26\\\/junta-militar-recebeu-mais-de-700-alistamentos-para-turma-de-2024-do-tg\\\/#primaryimage\"},\"thumbnailUrl\":\"https:\\\/\\\/regiaonews.net.br\\\/2022\\\/wp-content\\\/uploads\\\/2017\\\/08\\\/desfile-TG.jpg\",\"articleSection\":[\"Barretos\",\"Geral\"],\"inLanguage\":\"pt-BR\",\"potentialAction\":[{\"@type\":\"CommentAction\",\"name\":\"Comment\",\"target\":[\"https:\\\/\\\/regiaonews.net.br\\\/2022\\\/2023\\\/07\\\/26\\\/junta-militar-recebeu-mais-de-700-alistamentos-para-turma-de-2024-do-tg\\\/#respond\"]}]},{\"@type\":\"WebPage\",\"@id\":\"https:\\\/\\\/regiaonews.net.br\\\/2022\\\/2023\\\/07\\\/26\\\/junta-militar-recebeu-mais-de-700-alistamentos-para-turma-de-2024-do-tg\\\/\",\"url\":\"https:\\\/\\\/regiaonews.net.br\\\/2022\\\/2023\\\/07\\\/26\\\/junta-militar-recebeu-mais-de-700-alistamentos-para-turma-de-2024-do-tg\\\/\",\"name\":\"Junta Militar recebeu mais de 700 alistamentos para turma\",\"isPartOf\":{\"@id\":\"https:\\\/\\\/regiaonews.net.br\\\/2022\\\/#website\"},\"primaryImageOfPage\":{\"@id\":\"https:\\\/\\\/regiaonews.net.br\\\/2022\\\/2023\\\/07\\\/26\\\/junta-militar-recebeu-mais-de-700-alistamentos-para-turma-de-2024-do-tg\\\/#primaryimage\"},\"image\":{\"@id\":\"https:\\\/\\\/regiaonews.net.br\\\/2022\\\/2023\\\/07\\\/26\\\/junta-militar-recebeu-mais-de-700-alistamentos-para-turma-de-2024-do-tg\\\/#primaryimage\"},\"thumbnailUrl\":\"https:\\\/\\\/regiaonews.net.br\\\/2022\\\/wp-content\\\/uploads\\\/2017\\\/08\\\/desfile-TG.jpg\",\"datePublished\":\"2023-07-26T14:55:28+00:00\",\"dateModified\":\"2023-07-26T22:44:34+00:00\",\"description\":\"subtenente Carlos Magner de Oliveira Alves, chefe da instru\u00e7\u00e3o do Tiro de Guerra de Barretos, informou que a Junta do Servi\u00e7o Militar\",\"breadcrumb\":{\"@id\":\"https:\\\/\\\/regiaonews.net.br\\\/2022\\\/2023\\\/07\\\/26\\\/junta-militar-recebeu-mais-de-700-alistamentos-para-turma-de-2024-do-tg\\\/#breadcrumb\"},\"inLanguage\":\"pt-BR\",\"potentialAction\":[{\"@type\":\"ReadAction\",\"target\":[\"https:\\\/\\\/regiaonews.net.br\\\/2022\\\/2023\\\/07\\\/26\\\/junta-militar-recebeu-mais-de-700-alistamentos-para-turma-de-2024-do-tg\\\/\"]}]},{\"@type\":\"ImageObject\",\"inLanguage\":\"pt-BR\",\"@id\":\"https:\\\/\\\/regiaonews.net.br\\\/2022\\\/2023\\\/07\\\/26\\\/junta-militar-recebeu-mais-de-700-alistamentos-para-turma-de-2024-do-tg\\\/#primaryimage\",\"url\":\"https:\\\/\\\/regiaonews.net.br\\\/2022\\\/wp-content\\\/uploads\\\/2017\\\/08\\\/desfile-TG.jpg\",\"contentUrl\":\"https:\\\/\\\/regiaonews.net.br\\\/2022\\\/wp-content\\\/uploads\\\/2017\\\/08\\\/desfile-TG.jpg\",\"width\":1024,\"height\":678,\"caption\":\"????????????????????????????????????\"},{\"@type\":\"BreadcrumbList\",\"@id\":\"https:\\\/\\\/regiaonews.net.br\\\/2022\\\/2023\\\/07\\\/26\\\/junta-militar-recebeu-mais-de-700-alistamentos-para-turma-de-2024-do-tg\\\/#breadcrumb\",\"itemListElement\":[{\"@type\":\"ListItem\",\"position\":1,\"name\":\"In\u00edcio\",\"item\":\"https:\\\/\\\/regiaonews.net.br\\\/2022\\\/\"},{\"@type\":\"ListItem\",\"position\":2,\"name\":\"Junta Militar recebeu mais de 700 alistamentos para turma de 2024 do TG\"}]},{\"@type\":\"WebSite\",\"@id\":\"https:\\\/\\\/regiaonews.net.br\\\/2022\\\/#website\",\"url\":\"https:\\\/\\\/regiaonews.net.br\\\/2022\\\/\",\"name\":\"Regi\u00e3o News\",\"description\":\"Site de Not\u00edcias de Barretos e regi\u00e3o\",\"publisher\":{\"@id\":\"https:\\\/\\\/regiaonews.net.br\\\/2022\\\/#organization\"},\"potentialAction\":[{\"@type\":\"SearchAction\",\"target\":{\"@type\":\"EntryPoint\",\"urlTemplate\":\"https:\\\/\\\/regiaonews.net.br\\\/2022\\\/?s={search_term_string}\"},\"query-input\":{\"@type\":\"PropertyValueSpecification\",\"valueRequired\":true,\"valueName\":\"search_term_string\"}}],\"inLanguage\":\"pt-BR\"},{\"@type\":\"Organization\",\"@id\":\"https:\\\/\\\/regiaonews.net.br\\\/2022\\\/#organization\",\"name\":\"Regi\u00e3o News\",\"url\":\"https:\\\/\\\/regiaonews.net.br\\\/2022\\\/\",\"logo\":{\"@type\":\"ImageObject\",\"inLanguage\":\"pt-BR\",\"@id\":\"https:\\\/\\\/regiaonews.net.br\\\/2022\\\/#\\\/schema\\\/logo\\\/image\\\/\",\"url\":\"https:\\\/\\\/regiaonews.net.br\\\/2022\\\/wp-content\\\/uploads\\\/2026\\\/03\\\/regiao-13-anos-scaled.jpg\",\"contentUrl\":\"https:\\\/\\\/regiaonews.net.br\\\/2022\\\/wp-content\\\/uploads\\\/2026\\\/03\\\/regiao-13-anos-scaled.jpg\",\"width\":2560,\"height\":635,\"caption\":\"Regi\u00e3o News\"},\"image\":{\"@id\":\"https:\\\/\\\/regiaonews.net.br\\\/2022\\\/#\\\/schema\\\/logo\\\/image\\\/\"}},{\"@type\":\"Person\",\"@id\":\"https:\\\/\\\/regiaonews.net.br\\\/2022\\\/#\\\/schema\\\/person\\\/2d205a608a5aa97ac279d7a5e6d89ad8\",\"name\":\"Roberto\",\"image\":{\"@type\":\"ImageObject\",\"inLanguage\":\"pt-BR\",\"@id\":\"https:\\\/\\\/secure.gravatar.com\\\/avatar\\\/42749d8b712ff9d59ca93dc150494e5b55a44134482993f5baeb97e61b7ecc89?s=96&d=mm&r=g\",\"url\":\"https:\\\/\\\/secure.gravatar.com\\\/avatar\\\/42749d8b712ff9d59ca93dc150494e5b55a44134482993f5baeb97e61b7ecc89?s=96&d=mm&r=g\",\"contentUrl\":\"https:\\\/\\\/secure.gravatar.com\\\/avatar\\\/42749d8b712ff9d59ca93dc150494e5b55a44134482993f5baeb97e61b7ecc89?s=96&d=mm&r=g\",\"caption\":\"Roberto\"},\"url\":\"https:\\\/\\\/regiaonews.net.br\\\/2022\\\/author\\\/roberto\\\/\"}]}<\/script>\n<!-- \/ Yoast SEO plugin. -->","yoast_head_json":{"title":"Junta Militar recebeu mais de 700 alistamentos para turma","description":"subtenente Carlos Magner de Oliveira Alves, chefe da instru\u00e7\u00e3o do Tiro de Guerra de Barretos, informou que a Junta do Servi\u00e7o Militar","robots":{"index":"index","follow":"follow","max-snippet":"max-snippet:-1","max-image-preview":"max-image-preview:large","max-video-preview":"max-video-preview:-1"},"canonical":"https:\/\/regiaonews.net.br\/2022\/2023\/07\/26\/junta-militar-recebeu-mais-de-700-alistamentos-para-turma-de-2024-do-tg\/","og_locale":"pt_BR","og_type":"article","og_title":"Junta Militar recebeu mais de 700 alistamentos para turma","og_description":"subtenente Carlos Magner de Oliveira Alves, chefe da instru\u00e7\u00e3o do Tiro de Guerra de Barretos, informou que a Junta do Servi\u00e7o Militar","og_url":"https:\/\/regiaonews.net.br\/2022\/2023\/07\/26\/junta-militar-recebeu-mais-de-700-alistamentos-para-turma-de-2024-do-tg\/","og_site_name":"Regi\u00e3o News","article_published_time":"2023-07-26T14:55:28+00:00","article_modified_time":"2023-07-26T22:44:34+00:00","og_image":[{"width":1024,"height":678,"url":"https:\/\/regiaonews.net.br\/2022\/wp-content\/uploads\/2017\/08\/desfile-TG.jpg","type":"image\/jpeg"}],"author":"Roberto","twitter_card":"summary_large_image","twitter_misc":{"Escrito por":"Roberto","Est. tempo de leitura":"1 minuto"},"schema":{"@context":"https:\/\/schema.org","@graph":[{"@type":"Article","@id":"https:\/\/regiaonews.net.br\/2022\/2023\/07\/26\/junta-militar-recebeu-mais-de-700-alistamentos-para-turma-de-2024-do-tg\/#article","isPartOf":{"@id":"https:\/\/regiaonews.net.br\/2022\/2023\/07\/26\/junta-militar-recebeu-mais-de-700-alistamentos-para-turma-de-2024-do-tg\/"},"author":{"name":"Roberto","@id":"https:\/\/regiaonews.net.br\/2022\/#\/schema\/person\/2d205a608a5aa97ac279d7a5e6d89ad8"},"headline":"Junta Militar recebeu mais de 700 alistamentos para turma de 2024 do TG","datePublished":"2023-07-26T14:55:28+00:00","dateModified":"2023-07-26T22:44:34+00:00","mainEntityOfPage":{"@id":"https:\/\/regiaonews.net.br\/2022\/2023\/07\/26\/junta-militar-recebeu-mais-de-700-alistamentos-para-turma-de-2024-do-tg\/"},"wordCount":149,"commentCount":0,"publisher":{"@id":"https:\/\/regiaonews.net.br\/2022\/#organization"},"image":{"@id":"https:\/\/regiaonews.net.br\/2022\/2023\/07\/26\/junta-militar-recebeu-mais-de-700-alistamentos-para-turma-de-2024-do-tg\/#primaryimage"},"thumbnailUrl":"https:\/\/regiaonews.net.br\/2022\/wp-content\/uploads\/2017\/08\/desfile-TG.jpg","articleSection":["Barretos","Geral"],"inLanguage":"pt-BR","potentialAction":[{"@type":"CommentAction","name":"Comment","target":["https:\/\/regiaonews.net.br\/2022\/2023\/07\/26\/junta-militar-recebeu-mais-de-700-alistamentos-para-turma-de-2024-do-tg\/#respond"]}]},{"@type":"WebPage","@id":"https:\/\/regiaonews.net.br\/2022\/2023\/07\/26\/junta-militar-recebeu-mais-de-700-alistamentos-para-turma-de-2024-do-tg\/","url":"https:\/\/regiaonews.net.br\/2022\/2023\/07\/26\/junta-militar-recebeu-mais-de-700-alistamentos-para-turma-de-2024-do-tg\/","name":"Junta Militar recebeu mais de 700 alistamentos para turma","isPartOf":{"@id":"https:\/\/regiaonews.net.br\/2022\/#website"},"primaryImageOfPage":{"@id":"https:\/\/regiaonews.net.br\/2022\/2023\/07\/26\/junta-militar-recebeu-mais-de-700-alistamentos-para-turma-de-2024-do-tg\/#primaryimage"},"image":{"@id":"https:\/\/regiaonews.net.br\/2022\/2023\/07\/26\/junta-militar-recebeu-mais-de-700-alistamentos-para-turma-de-2024-do-tg\/#primaryimage"},"thumbnailUrl":"https:\/\/regiaonews.net.br\/2022\/wp-content\/uploads\/2017\/08\/desfile-TG.jpg","datePublished":"2023-07-26T14:55:28+00:00","dateModified":"2023-07-26T22:44:34+00:00","description":"subtenente Carlos Magner de Oliveira Alves, chefe da instru\u00e7\u00e3o do Tiro de Guerra de Barretos, informou que a Junta do Servi\u00e7o Militar","breadcrumb":{"@id":"https:\/\/regiaonews.net.br\/2022\/2023\/07\/26\/junta-militar-recebeu-mais-de-700-alistamentos-para-turma-de-2024-do-tg\/#breadcrumb"},"inLanguage":"pt-BR","potentialAction":[{"@type":"ReadAction","target":["https:\/\/regiaonews.net.br\/2022\/2023\/07\/26\/junta-militar-recebeu-mais-de-700-alistamentos-para-turma-de-2024-do-tg\/"]}]},{"@type":"ImageObject","inLanguage":"pt-BR","@id":"https:\/\/regiaonews.net.br\/2022\/2023\/07\/26\/junta-militar-recebeu-mais-de-700-alistamentos-para-turma-de-2024-do-tg\/#primaryimage","url":"https:\/\/regiaonews.net.br\/2022\/wp-content\/uploads\/2017\/08\/desfile-TG.jpg","contentUrl":"https:\/\/regiaonews.net.br\/2022\/wp-content\/uploads\/2017\/08\/desfile-TG.jpg","width":1024,"height":678,"caption":"????????????????????????????????????"},{"@type":"BreadcrumbList","@id":"https:\/\/regiaonews.net.br\/2022\/2023\/07\/26\/junta-militar-recebeu-mais-de-700-alistamentos-para-turma-de-2024-do-tg\/#breadcrumb","itemListElement":[{"@type":"ListItem","position":1,"name":"In\u00edcio","item":"https:\/\/regiaonews.net.br\/2022\/"},{"@type":"ListItem","position":2,"name":"Junta Militar recebeu mais de 700 alistamentos para turma de 2024 do TG"}]},{"@type":"WebSite","@id":"https:\/\/regiaonews.net.br\/2022\/#website","url":"https:\/\/regiaonews.net.br\/2022\/","name":"Regi\u00e3o News","description":"Site de Not\u00edcias de Barretos e regi\u00e3o","publisher":{"@id":"https:\/\/regiaonews.net.br\/2022\/#organization"},"potentialAction":[{"@type":"SearchAction","target":{"@type":"EntryPoint","urlTemplate":"https:\/\/regiaonews.net.br\/2022\/?s={search_term_string}"},"query-input":{"@type":"PropertyValueSpecification","valueRequired":true,"valueName":"search_term_string"}}],"inLanguage":"pt-BR"},{"@type":"Organization","@id":"https:\/\/regiaonews.net.br\/2022\/#organization","name":"Regi\u00e3o News","url":"https:\/\/regiaonews.net.br\/2022\/","logo":{"@type":"ImageObject","inLanguage":"pt-BR","@id":"https:\/\/regiaonews.net.br\/2022\/#\/schema\/logo\/image\/","url":"https:\/\/regiaonews.net.br\/2022\/wp-content\/uploads\/2026\/03\/regiao-13-anos-scaled.jpg","contentUrl":"https:\/\/regiaonews.net.br\/2022\/wp-content\/uploads\/2026\/03\/regiao-13-anos-scaled.jpg","width":2560,"height":635,"caption":"Regi\u00e3o News"},"image":{"@id":"https:\/\/regiaonews.net.br\/2022\/#\/schema\/logo\/image\/"}},{"@type":"Person","@id":"https:\/\/regiaonews.net.br\/2022\/#\/schema\/person\/2d205a608a5aa97ac279d7a5e6d89ad8","name":"Roberto","image":{"@type":"ImageObject","inLanguage":"pt-BR","@id":"https:\/\/secure.gravatar.com\/avatar\/42749d8b712ff9d59ca93dc150494e5b55a44134482993f5baeb97e61b7ecc89?s=96&d=mm&r=g","url":"https:\/\/secure.gravatar.com\/avatar\/42749d8b712ff9d59ca93dc150494e5b55a44134482993f5baeb97e61b7ecc89?s=96&d=mm&r=g","contentUrl":"https:\/\/secure.gravatar.com\/avatar\/42749d8b712ff9d59ca93dc150494e5b55a44134482993f5baeb97e61b7ecc89?s=96&d=mm&r=g","caption":"Roberto"},"url":"https:\/\/regiaonews.net.br\/2022\/author\/roberto\/"}]}},"publishpress_future_action":{"enabled":false,"date":"2026-05-03 17:57:27","action":"change-status","newStatus":"draft","terms":[],"taxonomy":"category","extraData":[]},"publishpress_future_workflow_manual_trigger":{"enabledWorkflows":[]},"_links":{"self":[{"href":"https:\/\/regiaonews.net.br\/2022\/wp-json\/wp\/v2\/posts\/92287","targetHints":{"allow":["GET"]}}],"collection":[{"href":"https:\/\/regiaonews.net.br\/2022\/wp-json\/wp\/v2\/posts"}],"about":[{"href":"https:\/\/regiaonews.net.br\/2022\/wp-json\/wp\/v2\/types\/post"}],"author":[{"embeddable":true,"href":"https:\/\/regiaonews.net.br\/2022\/wp-json\/wp\/v2\/users\/2"}],"replies":[{"embeddable":true,"href":"https:\/\/regiaonews.net.br\/2022\/wp-json\/wp\/v2\/comments?post=92287"}],"version-history":[{"count":1,"href":"https:\/\/regiaonews.net.br\/2022\/wp-json\/wp\/v2\/posts\/92287\/revisions"}],"predecessor-version":[{"id":92288,"href":"https:\/\/regiaonews.net.br\/2022\/wp-json\/wp\/v2\/posts\/92287\/revisions\/92288"}],"wp:featuredmedia":[{"embeddable":true,"href":"https:\/\/regiaonews.net.br\/2022\/wp-json\/wp\/v2\/media\/7419"}],"wp:attachment":[{"href":"https:\/\/regiaonews.net.br\/2022\/wp-json\/wp\/v2\/media?parent=92287"}],"wp:term":[{"taxonomy":"category","embeddable":true,"href":"https:\/\/regiaonews.net.br\/2022\/wp-json\/wp\/v2\/categories?post=92287"},{"taxonomy":"post_tag","embeddable":true,"href":"https:\/\/regiaonews.net.br\/2022\/wp-json\/wp\/v2\/tags?post=92287"}],"curies":[{"name":"wp","href":"https:\/\/api.w.org\/{rel}","templated":true}]}}