{"id":92263,"date":"2023-07-25T19:53:29","date_gmt":"2023-07-25T22:53:29","guid":{"rendered":"https:\/\/regiaonews.net.br\/2022\/?p=92263"},"modified":"2023-07-25T19:55:21","modified_gmt":"2023-07-25T22:55:21","slug":"na-expo-2023-coopercitrus-online-novo-e-commerce-da-cooperativa-sera-lancado","status":"publish","type":"post","link":"https:\/\/regiaonews.net.br\/2022\/2023\/07\/25\/na-expo-2023-coopercitrus-online-novo-e-commerce-da-cooperativa-sera-lancado\/","title":{"rendered":"Na Expo 2023, Coopercitrus Online, novo e-commerce da cooperativa ser\u00e1 lan\u00e7ado"},"content":{"rendered":"<p>&nbsp;<\/p>\n<p><i>Com mais comodidade e seguran\u00e7a, nova plataforma contar\u00e1 com produtos, pe\u00e7as e m\u00e1quinas de pequeno porte.<\/i><\/p>\n<p>Pensando em proporcionar mais comodidade, a Coopercitrus ir\u00e1 lan\u00e7ar, durante a Coopercitrus Expo 2023: A Casa do Cooperado, o Coopercitrus Online, e-commerce em que o usu\u00e1rio vai encontrar produtos para a \u00e1rea agr\u00edcola, arames e ferragens, produtos para casa e jardim, pe\u00e7as e baterias, pneus e lubrificantes, produtos e pe\u00e7as de tecnologia agr\u00edcolas, produtos para sa\u00fade e nutri\u00e7\u00e3o animal, ferramentas e m\u00e1quinas de pequeno porte, al\u00e9m de v\u00e1rias ofertas.<\/p>\n<p>As transa\u00e7\u00f5es s\u00e3o seguras, feitas pelo Getnet do Grupo Santander. Os produtos s\u00e3o entregues direto em casa, atrav\u00e9s de transportadoras de confian\u00e7a da Cooperativa.<\/p>\n<p>Os visitantes poder\u00e3o conhecer a novidade de perto durante a Coopercitrus Expo 2023, no estande do Shopping Rural Coopercitrus, localizado no Pavilh\u00e3o Coberto. L\u00e1, um time de especialistas vai estar \u00e0 disposi\u00e7\u00e3o para apresentar as funcionalidades do e-commerce, bem como garantir bom atendimento em cada etapa da experi\u00eancia de compra.<\/p>\n<p><strong>A Coopercitrus Expo 2023: A Casa do Cooperado<\/strong><\/p>\n<p>A feira agropecu\u00e1ria acontece de 24 e 28 de julho, na Funda\u00e7\u00e3o Coopercitrus Credicitrus, em Bebedouro (SP), em mais de 33 mil m\u00b2 destinados \u00e0s principais inova\u00e7\u00f5es agropecu\u00e1rias. Nesta edi\u00e7\u00e3o, o evento abre as portas da Casa do Cooperado junto de 160 empresas parceiras do mercado global, apresentando o que h\u00e1 de melhor em m\u00e1quinas, implementos, insumos e tecnologias para a produ\u00e7\u00e3o agropecu\u00e1ria, com condi\u00e7\u00f5es comerciais exclusivas. Para isso, foi projetado um espa\u00e7o acolhedor, com entrada e estacionamento gratuitos, demonstra\u00e7\u00f5es de tecnologias, expans\u00f5es nos pavilh\u00f5es de exposi\u00e7\u00e3o, um espa\u00e7o dedicado \u00e0s Mulheres do Campo e \u00e0s crian\u00e7as.<\/p>\n","protected":false},"excerpt":{"rendered":"<p>&nbsp; Com mais comodidade e seguran\u00e7a, nova plataforma contar\u00e1 com<\/p>\n","protected":false},"author":2,"featured_media":45595,"comment_status":"open","ping_status":"open","sticky":false,"template":"","format":"standard","meta":{"footnotes":""},"categories":[4,3],"tags":[],"class_list":["post-92263","post","type-post","status-publish","format-standard","has-post-thumbnail","hentry","category-bebedouro","category-geral"],"yoast_head":"<!-- This site is optimized with the Yoast SEO plugin v27.4 - https:\/\/yoast.com\/product\/yoast-seo-wordpress\/ -->\n<title>Na Expo 2023, Coopercitrus Online, novo e-commerce da cooperativa ser\u00e1 lan\u00e7ado - Regi\u00e3o News<\/title>\n<meta name=\"robots\" content=\"index, follow, max-snippet:-1, max-image-preview:large, max-video-preview:-1\" \/>\n<link rel=\"canonical\" href=\"https:\/\/regiaonews.net.br\/2022\/2023\/07\/25\/na-expo-2023-coopercitrus-online-novo-e-commerce-da-cooperativa-sera-lancado\/\" \/>\n<meta property=\"og:locale\" content=\"pt_BR\" \/>\n<meta property=\"og:type\" content=\"article\" \/>\n<meta property=\"og:title\" content=\"Na Expo 2023, Coopercitrus Online, novo e-commerce da cooperativa ser\u00e1 lan\u00e7ado - Regi\u00e3o News\" \/>\n<meta property=\"og:description\" content=\"&nbsp; Com mais comodidade e seguran\u00e7a, nova plataforma contar\u00e1 com\" \/>\n<meta property=\"og:url\" content=\"https:\/\/regiaonews.net.br\/2022\/2023\/07\/25\/na-expo-2023-coopercitrus-online-novo-e-commerce-da-cooperativa-sera-lancado\/\" \/>\n<meta property=\"og:site_name\" content=\"Regi\u00e3o News\" \/>\n<meta property=\"article:published_time\" content=\"2023-07-25T22:53:29+00:00\" \/>\n<meta property=\"article:modified_time\" content=\"2023-07-25T22:55:21+00:00\" \/>\n<meta property=\"og:image\" content=\"https:\/\/regiaonews.net.br\/2022\/wp-content\/uploads\/2021\/04\/Bebedouro-foto-Ismael-Magalhaes-2.jpeg\" \/>\n\t<meta property=\"og:image:width\" content=\"824\" \/>\n\t<meta property=\"og:image:height\" content=\"824\" \/>\n\t<meta property=\"og:image:type\" content=\"image\/jpeg\" \/>\n<meta name=\"author\" content=\"Roberto\" \/>\n<meta name=\"twitter:card\" content=\"summary_large_image\" \/>\n<meta name=\"twitter:label1\" content=\"Escrito por\" \/>\n\t<meta name=\"twitter:data1\" content=\"Roberto\" \/>\n\t<meta name=\"twitter:label2\" content=\"Est. tempo de leitura\" \/>\n\t<meta name=\"twitter:data2\" content=\"2 minutos\" \/>\n<script type=\"application\/ld+json\" class=\"yoast-schema-graph\">{\"@context\":\"https:\\\/\\\/schema.org\",\"@graph\":[{\"@type\":\"Article\",\"@id\":\"https:\\\/\\\/regiaonews.net.br\\\/2022\\\/2023\\\/07\\\/25\\\/na-expo-2023-coopercitrus-online-novo-e-commerce-da-cooperativa-sera-lancado\\\/#article\",\"isPartOf\":{\"@id\":\"https:\\\/\\\/regiaonews.net.br\\\/2022\\\/2023\\\/07\\\/25\\\/na-expo-2023-coopercitrus-online-novo-e-commerce-da-cooperativa-sera-lancado\\\/\"},\"author\":{\"name\":\"Roberto\",\"@id\":\"https:\\\/\\\/regiaonews.net.br\\\/2022\\\/#\\\/schema\\\/person\\\/2d205a608a5aa97ac279d7a5e6d89ad8\"},\"headline\":\"Na Expo 2023, Coopercitrus Online, novo e-commerce da cooperativa ser\u00e1 lan\u00e7ado\",\"datePublished\":\"2023-07-25T22:53:29+00:00\",\"dateModified\":\"2023-07-25T22:55:21+00:00\",\"mainEntityOfPage\":{\"@id\":\"https:\\\/\\\/regiaonews.net.br\\\/2022\\\/2023\\\/07\\\/25\\\/na-expo-2023-coopercitrus-online-novo-e-commerce-da-cooperativa-sera-lancado\\\/\"},\"wordCount\":307,\"commentCount\":0,\"publisher\":{\"@id\":\"https:\\\/\\\/regiaonews.net.br\\\/2022\\\/#organization\"},\"image\":{\"@id\":\"https:\\\/\\\/regiaonews.net.br\\\/2022\\\/2023\\\/07\\\/25\\\/na-expo-2023-coopercitrus-online-novo-e-commerce-da-cooperativa-sera-lancado\\\/#primaryimage\"},\"thumbnailUrl\":\"https:\\\/\\\/regiaonews.net.br\\\/2022\\\/wp-content\\\/uploads\\\/2021\\\/04\\\/Bebedouro-foto-Ismael-Magalhaes-2.jpeg\",\"articleSection\":[\"Bebedouro\",\"Geral\"],\"inLanguage\":\"pt-BR\",\"potentialAction\":[{\"@type\":\"CommentAction\",\"name\":\"Comment\",\"target\":[\"https:\\\/\\\/regiaonews.net.br\\\/2022\\\/2023\\\/07\\\/25\\\/na-expo-2023-coopercitrus-online-novo-e-commerce-da-cooperativa-sera-lancado\\\/#respond\"]}]},{\"@type\":\"WebPage\",\"@id\":\"https:\\\/\\\/regiaonews.net.br\\\/2022\\\/2023\\\/07\\\/25\\\/na-expo-2023-coopercitrus-online-novo-e-commerce-da-cooperativa-sera-lancado\\\/\",\"url\":\"https:\\\/\\\/regiaonews.net.br\\\/2022\\\/2023\\\/07\\\/25\\\/na-expo-2023-coopercitrus-online-novo-e-commerce-da-cooperativa-sera-lancado\\\/\",\"name\":\"Na Expo 2023, Coopercitrus Online, novo e-commerce da cooperativa ser\u00e1 lan\u00e7ado - Regi\u00e3o News\",\"isPartOf\":{\"@id\":\"https:\\\/\\\/regiaonews.net.br\\\/2022\\\/#website\"},\"primaryImageOfPage\":{\"@id\":\"https:\\\/\\\/regiaonews.net.br\\\/2022\\\/2023\\\/07\\\/25\\\/na-expo-2023-coopercitrus-online-novo-e-commerce-da-cooperativa-sera-lancado\\\/#primaryimage\"},\"image\":{\"@id\":\"https:\\\/\\\/regiaonews.net.br\\\/2022\\\/2023\\\/07\\\/25\\\/na-expo-2023-coopercitrus-online-novo-e-commerce-da-cooperativa-sera-lancado\\\/#primaryimage\"},\"thumbnailUrl\":\"https:\\\/\\\/regiaonews.net.br\\\/2022\\\/wp-content\\\/uploads\\\/2021\\\/04\\\/Bebedouro-foto-Ismael-Magalhaes-2.jpeg\",\"datePublished\":\"2023-07-25T22:53:29+00:00\",\"dateModified\":\"2023-07-25T22:55:21+00:00\",\"breadcrumb\":{\"@id\":\"https:\\\/\\\/regiaonews.net.br\\\/2022\\\/2023\\\/07\\\/25\\\/na-expo-2023-coopercitrus-online-novo-e-commerce-da-cooperativa-sera-lancado\\\/#breadcrumb\"},\"inLanguage\":\"pt-BR\",\"potentialAction\":[{\"@type\":\"ReadAction\",\"target\":[\"https:\\\/\\\/regiaonews.net.br\\\/2022\\\/2023\\\/07\\\/25\\\/na-expo-2023-coopercitrus-online-novo-e-commerce-da-cooperativa-sera-lancado\\\/\"]}]},{\"@type\":\"ImageObject\",\"inLanguage\":\"pt-BR\",\"@id\":\"https:\\\/\\\/regiaonews.net.br\\\/2022\\\/2023\\\/07\\\/25\\\/na-expo-2023-coopercitrus-online-novo-e-commerce-da-cooperativa-sera-lancado\\\/#primaryimage\",\"url\":\"https:\\\/\\\/regiaonews.net.br\\\/2022\\\/wp-content\\\/uploads\\\/2021\\\/04\\\/Bebedouro-foto-Ismael-Magalhaes-2.jpeg\",\"contentUrl\":\"https:\\\/\\\/regiaonews.net.br\\\/2022\\\/wp-content\\\/uploads\\\/2021\\\/04\\\/Bebedouro-foto-Ismael-Magalhaes-2.jpeg\",\"width\":824,\"height\":824},{\"@type\":\"BreadcrumbList\",\"@id\":\"https:\\\/\\\/regiaonews.net.br\\\/2022\\\/2023\\\/07\\\/25\\\/na-expo-2023-coopercitrus-online-novo-e-commerce-da-cooperativa-sera-lancado\\\/#breadcrumb\",\"itemListElement\":[{\"@type\":\"ListItem\",\"position\":1,\"name\":\"In\u00edcio\",\"item\":\"https:\\\/\\\/regiaonews.net.br\\\/2022\\\/\"},{\"@type\":\"ListItem\",\"position\":2,\"name\":\"Na Expo 2023, Coopercitrus Online, novo e-commerce da cooperativa ser\u00e1 lan\u00e7ado\"}]},{\"@type\":\"WebSite\",\"@id\":\"https:\\\/\\\/regiaonews.net.br\\\/2022\\\/#website\",\"url\":\"https:\\\/\\\/regiaonews.net.br\\\/2022\\\/\",\"name\":\"Regi\u00e3o News\",\"description\":\"Site de Not\u00edcias de Barretos e regi\u00e3o\",\"publisher\":{\"@id\":\"https:\\\/\\\/regiaonews.net.br\\\/2022\\\/#organization\"},\"potentialAction\":[{\"@type\":\"SearchAction\",\"target\":{\"@type\":\"EntryPoint\",\"urlTemplate\":\"https:\\\/\\\/regiaonews.net.br\\\/2022\\\/?s={search_term_string}\"},\"query-input\":{\"@type\":\"PropertyValueSpecification\",\"valueRequired\":true,\"valueName\":\"search_term_string\"}}],\"inLanguage\":\"pt-BR\"},{\"@type\":\"Organization\",\"@id\":\"https:\\\/\\\/regiaonews.net.br\\\/2022\\\/#organization\",\"name\":\"Regi\u00e3o News\",\"url\":\"https:\\\/\\\/regiaonews.net.br\\\/2022\\\/\",\"logo\":{\"@type\":\"ImageObject\",\"inLanguage\":\"pt-BR\",\"@id\":\"https:\\\/\\\/regiaonews.net.br\\\/2022\\\/#\\\/schema\\\/logo\\\/image\\\/\",\"url\":\"https:\\\/\\\/regiaonews.net.br\\\/2022\\\/wp-content\\\/uploads\\\/2026\\\/03\\\/regiao-13-anos-scaled.jpg\",\"contentUrl\":\"https:\\\/\\\/regiaonews.net.br\\\/2022\\\/wp-content\\\/uploads\\\/2026\\\/03\\\/regiao-13-anos-scaled.jpg\",\"width\":2560,\"height\":635,\"caption\":\"Regi\u00e3o News\"},\"image\":{\"@id\":\"https:\\\/\\\/regiaonews.net.br\\\/2022\\\/#\\\/schema\\\/logo\\\/image\\\/\"}},{\"@type\":\"Person\",\"@id\":\"https:\\\/\\\/regiaonews.net.br\\\/2022\\\/#\\\/schema\\\/person\\\/2d205a608a5aa97ac279d7a5e6d89ad8\",\"name\":\"Roberto\",\"image\":{\"@type\":\"ImageObject\",\"inLanguage\":\"pt-BR\",\"@id\":\"https:\\\/\\\/secure.gravatar.com\\\/avatar\\\/42749d8b712ff9d59ca93dc150494e5b55a44134482993f5baeb97e61b7ecc89?s=96&d=mm&r=g\",\"url\":\"https:\\\/\\\/secure.gravatar.com\\\/avatar\\\/42749d8b712ff9d59ca93dc150494e5b55a44134482993f5baeb97e61b7ecc89?s=96&d=mm&r=g\",\"contentUrl\":\"https:\\\/\\\/secure.gravatar.com\\\/avatar\\\/42749d8b712ff9d59ca93dc150494e5b55a44134482993f5baeb97e61b7ecc89?s=96&d=mm&r=g\",\"caption\":\"Roberto\"},\"url\":\"https:\\\/\\\/regiaonews.net.br\\\/2022\\\/author\\\/roberto\\\/\"}]}<\/script>\n<!-- \/ Yoast SEO plugin. -->","yoast_head_json":{"title":"Na Expo 2023, Coopercitrus Online, novo e-commerce da cooperativa ser\u00e1 lan\u00e7ado - Regi\u00e3o News","robots":{"index":"index","follow":"follow","max-snippet":"max-snippet:-1","max-image-preview":"max-image-preview:large","max-video-preview":"max-video-preview:-1"},"canonical":"https:\/\/regiaonews.net.br\/2022\/2023\/07\/25\/na-expo-2023-coopercitrus-online-novo-e-commerce-da-cooperativa-sera-lancado\/","og_locale":"pt_BR","og_type":"article","og_title":"Na Expo 2023, Coopercitrus Online, novo e-commerce da cooperativa ser\u00e1 lan\u00e7ado - Regi\u00e3o News","og_description":"&nbsp; Com mais comodidade e seguran\u00e7a, nova plataforma contar\u00e1 com","og_url":"https:\/\/regiaonews.net.br\/2022\/2023\/07\/25\/na-expo-2023-coopercitrus-online-novo-e-commerce-da-cooperativa-sera-lancado\/","og_site_name":"Regi\u00e3o News","article_published_time":"2023-07-25T22:53:29+00:00","article_modified_time":"2023-07-25T22:55:21+00:00","og_image":[{"width":824,"height":824,"url":"https:\/\/regiaonews.net.br\/2022\/wp-content\/uploads\/2021\/04\/Bebedouro-foto-Ismael-Magalhaes-2.jpeg","type":"image\/jpeg"}],"author":"Roberto","twitter_card":"summary_large_image","twitter_misc":{"Escrito por":"Roberto","Est. tempo de leitura":"2 minutos"},"schema":{"@context":"https:\/\/schema.org","@graph":[{"@type":"Article","@id":"https:\/\/regiaonews.net.br\/2022\/2023\/07\/25\/na-expo-2023-coopercitrus-online-novo-e-commerce-da-cooperativa-sera-lancado\/#article","isPartOf":{"@id":"https:\/\/regiaonews.net.br\/2022\/2023\/07\/25\/na-expo-2023-coopercitrus-online-novo-e-commerce-da-cooperativa-sera-lancado\/"},"author":{"name":"Roberto","@id":"https:\/\/regiaonews.net.br\/2022\/#\/schema\/person\/2d205a608a5aa97ac279d7a5e6d89ad8"},"headline":"Na Expo 2023, Coopercitrus Online, novo e-commerce da cooperativa ser\u00e1 lan\u00e7ado","datePublished":"2023-07-25T22:53:29+00:00","dateModified":"2023-07-25T22:55:21+00:00","mainEntityOfPage":{"@id":"https:\/\/regiaonews.net.br\/2022\/2023\/07\/25\/na-expo-2023-coopercitrus-online-novo-e-commerce-da-cooperativa-sera-lancado\/"},"wordCount":307,"commentCount":0,"publisher":{"@id":"https:\/\/regiaonews.net.br\/2022\/#organization"},"image":{"@id":"https:\/\/regiaonews.net.br\/2022\/2023\/07\/25\/na-expo-2023-coopercitrus-online-novo-e-commerce-da-cooperativa-sera-lancado\/#primaryimage"},"thumbnailUrl":"https:\/\/regiaonews.net.br\/2022\/wp-content\/uploads\/2021\/04\/Bebedouro-foto-Ismael-Magalhaes-2.jpeg","articleSection":["Bebedouro","Geral"],"inLanguage":"pt-BR","potentialAction":[{"@type":"CommentAction","name":"Comment","target":["https:\/\/regiaonews.net.br\/2022\/2023\/07\/25\/na-expo-2023-coopercitrus-online-novo-e-commerce-da-cooperativa-sera-lancado\/#respond"]}]},{"@type":"WebPage","@id":"https:\/\/regiaonews.net.br\/2022\/2023\/07\/25\/na-expo-2023-coopercitrus-online-novo-e-commerce-da-cooperativa-sera-lancado\/","url":"https:\/\/regiaonews.net.br\/2022\/2023\/07\/25\/na-expo-2023-coopercitrus-online-novo-e-commerce-da-cooperativa-sera-lancado\/","name":"Na Expo 2023, Coopercitrus Online, novo e-commerce da cooperativa ser\u00e1 lan\u00e7ado - Regi\u00e3o News","isPartOf":{"@id":"https:\/\/regiaonews.net.br\/2022\/#website"},"primaryImageOfPage":{"@id":"https:\/\/regiaonews.net.br\/2022\/2023\/07\/25\/na-expo-2023-coopercitrus-online-novo-e-commerce-da-cooperativa-sera-lancado\/#primaryimage"},"image":{"@id":"https:\/\/regiaonews.net.br\/2022\/2023\/07\/25\/na-expo-2023-coopercitrus-online-novo-e-commerce-da-cooperativa-sera-lancado\/#primaryimage"},"thumbnailUrl":"https:\/\/regiaonews.net.br\/2022\/wp-content\/uploads\/2021\/04\/Bebedouro-foto-Ismael-Magalhaes-2.jpeg","datePublished":"2023-07-25T22:53:29+00:00","dateModified":"2023-07-25T22:55:21+00:00","breadcrumb":{"@id":"https:\/\/regiaonews.net.br\/2022\/2023\/07\/25\/na-expo-2023-coopercitrus-online-novo-e-commerce-da-cooperativa-sera-lancado\/#breadcrumb"},"inLanguage":"pt-BR","potentialAction":[{"@type":"ReadAction","target":["https:\/\/regiaonews.net.br\/2022\/2023\/07\/25\/na-expo-2023-coopercitrus-online-novo-e-commerce-da-cooperativa-sera-lancado\/"]}]},{"@type":"ImageObject","inLanguage":"pt-BR","@id":"https:\/\/regiaonews.net.br\/2022\/2023\/07\/25\/na-expo-2023-coopercitrus-online-novo-e-commerce-da-cooperativa-sera-lancado\/#primaryimage","url":"https:\/\/regiaonews.net.br\/2022\/wp-content\/uploads\/2021\/04\/Bebedouro-foto-Ismael-Magalhaes-2.jpeg","contentUrl":"https:\/\/regiaonews.net.br\/2022\/wp-content\/uploads\/2021\/04\/Bebedouro-foto-Ismael-Magalhaes-2.jpeg","width":824,"height":824},{"@type":"BreadcrumbList","@id":"https:\/\/regiaonews.net.br\/2022\/2023\/07\/25\/na-expo-2023-coopercitrus-online-novo-e-commerce-da-cooperativa-sera-lancado\/#breadcrumb","itemListElement":[{"@type":"ListItem","position":1,"name":"In\u00edcio","item":"https:\/\/regiaonews.net.br\/2022\/"},{"@type":"ListItem","position":2,"name":"Na Expo 2023, Coopercitrus Online, novo e-commerce da cooperativa ser\u00e1 lan\u00e7ado"}]},{"@type":"WebSite","@id":"https:\/\/regiaonews.net.br\/2022\/#website","url":"https:\/\/regiaonews.net.br\/2022\/","name":"Regi\u00e3o News","description":"Site de Not\u00edcias de Barretos e regi\u00e3o","publisher":{"@id":"https:\/\/regiaonews.net.br\/2022\/#organization"},"potentialAction":[{"@type":"SearchAction","target":{"@type":"EntryPoint","urlTemplate":"https:\/\/regiaonews.net.br\/2022\/?s={search_term_string}"},"query-input":{"@type":"PropertyValueSpecification","valueRequired":true,"valueName":"search_term_string"}}],"inLanguage":"pt-BR"},{"@type":"Organization","@id":"https:\/\/regiaonews.net.br\/2022\/#organization","name":"Regi\u00e3o News","url":"https:\/\/regiaonews.net.br\/2022\/","logo":{"@type":"ImageObject","inLanguage":"pt-BR","@id":"https:\/\/regiaonews.net.br\/2022\/#\/schema\/logo\/image\/","url":"https:\/\/regiaonews.net.br\/2022\/wp-content\/uploads\/2026\/03\/regiao-13-anos-scaled.jpg","contentUrl":"https:\/\/regiaonews.net.br\/2022\/wp-content\/uploads\/2026\/03\/regiao-13-anos-scaled.jpg","width":2560,"height":635,"caption":"Regi\u00e3o News"},"image":{"@id":"https:\/\/regiaonews.net.br\/2022\/#\/schema\/logo\/image\/"}},{"@type":"Person","@id":"https:\/\/regiaonews.net.br\/2022\/#\/schema\/person\/2d205a608a5aa97ac279d7a5e6d89ad8","name":"Roberto","image":{"@type":"ImageObject","inLanguage":"pt-BR","@id":"https:\/\/secure.gravatar.com\/avatar\/42749d8b712ff9d59ca93dc150494e5b55a44134482993f5baeb97e61b7ecc89?s=96&d=mm&r=g","url":"https:\/\/secure.gravatar.com\/avatar\/42749d8b712ff9d59ca93dc150494e5b55a44134482993f5baeb97e61b7ecc89?s=96&d=mm&r=g","contentUrl":"https:\/\/secure.gravatar.com\/avatar\/42749d8b712ff9d59ca93dc150494e5b55a44134482993f5baeb97e61b7ecc89?s=96&d=mm&r=g","caption":"Roberto"},"url":"https:\/\/regiaonews.net.br\/2022\/author\/roberto\/"}]}},"publishpress_future_action":{"enabled":false,"date":"2026-05-04 03:55:03","action":"change-status","newStatus":"draft","terms":[],"taxonomy":"category","extraData":[]},"publishpress_future_workflow_manual_trigger":{"enabledWorkflows":[]},"_links":{"self":[{"href":"https:\/\/regiaonews.net.br\/2022\/wp-json\/wp\/v2\/posts\/92263","targetHints":{"allow":["GET"]}}],"collection":[{"href":"https:\/\/regiaonews.net.br\/2022\/wp-json\/wp\/v2\/posts"}],"about":[{"href":"https:\/\/regiaonews.net.br\/2022\/wp-json\/wp\/v2\/types\/post"}],"author":[{"embeddable":true,"href":"https:\/\/regiaonews.net.br\/2022\/wp-json\/wp\/v2\/users\/2"}],"replies":[{"embeddable":true,"href":"https:\/\/regiaonews.net.br\/2022\/wp-json\/wp\/v2\/comments?post=92263"}],"version-history":[{"count":2,"href":"https:\/\/regiaonews.net.br\/2022\/wp-json\/wp\/v2\/posts\/92263\/revisions"}],"predecessor-version":[{"id":92265,"href":"https:\/\/regiaonews.net.br\/2022\/wp-json\/wp\/v2\/posts\/92263\/revisions\/92265"}],"wp:featuredmedia":[{"embeddable":true,"href":"https:\/\/regiaonews.net.br\/2022\/wp-json\/wp\/v2\/media\/45595"}],"wp:attachment":[{"href":"https:\/\/regiaonews.net.br\/2022\/wp-json\/wp\/v2\/media?parent=92263"}],"wp:term":[{"taxonomy":"category","embeddable":true,"href":"https:\/\/regiaonews.net.br\/2022\/wp-json\/wp\/v2\/categories?post=92263"},{"taxonomy":"post_tag","embeddable":true,"href":"https:\/\/regiaonews.net.br\/2022\/wp-json\/wp\/v2\/tags?post=92263"}],"curies":[{"name":"wp","href":"https:\/\/api.w.org\/{rel}","templated":true}]}}