{"id":92249,"date":"2023-07-25T18:59:14","date_gmt":"2023-07-25T21:59:14","guid":{"rendered":"https:\/\/regiaonews.net.br\/2022\/?p=92249"},"modified":"2023-07-25T18:59:14","modified_gmt":"2023-07-25T21:59:14","slug":"sucesso-do-desenrola-superou-expectativas-diz-lula","status":"publish","type":"post","link":"https:\/\/regiaonews.net.br\/2022\/2023\/07\/25\/sucesso-do-desenrola-superou-expectativas-diz-lula\/","title":{"rendered":"Sucesso do Desenrola superou expectativas, diz Lula"},"content":{"rendered":"<p>Em meio \u00e0 segunda semana de execu\u00e7\u00e3o do Desenrola Brasil, que permite renegocia\u00e7\u00e3o de d\u00edvidas para que as pessoas limpem o nome e retomem a capacidade de consumo, o presidente Luiz In\u00e1cio Lula da Silva fez uma avalia\u00e7\u00e3o positiva do programa. Segundo ele, o sucesso do Desenrola superou as previs\u00f5es.<br aria-hidden=\"true\" \/><\/p>\n<p><i><strong>At\u00e9 agora, o sucesso do Desenrola \u00e9 muito maior do que a expectativa. O sucesso, a procura e a compet\u00eancia de funcionamento. As coisas funcionaram bem, os bancos trabalharam bem, as pessoas que t\u00eam d\u00edvidas trabalharam bem e o governo articulou corretamente&#8221;. (Luiz In\u00e1cio Lula da Silva, presidente da Rep\u00fablica).<\/strong><\/i><br aria-hidden=\"true\" \/><\/p>\n<p>&#8220;At\u00e9 agora, o sucesso do Desenrola \u00e9 muito maior do que a expectativa. O sucesso, a procura e a compet\u00eancia de funcionamento. As coisas funcionaram bem, os bancos trabalharam bem, as pessoas que t\u00eam d\u00edvidas trabalharam bem e o governo articulou corretamente&#8221;, disse nesta ter\u00e7a-feira, 25\/7, durante o Conversa com o Presidente, entrevista semanal transmitida pela internet e veiculada tamb\u00e9m em r\u00e1dio e TV.<br aria-hidden=\"true\" \/><\/p>\n<p><a title=\"Protegido pelo Outlook: https:\/\/s2307.pressinbound.com\/link.php?code=bDpodHRwcyUzQSUyRiUyRnd3dy5mbGlja3IuY29tJTJGcGhvdG9zJTJGcGFsYWNpb2RvcGxhbmFsdG8lMkZ3aXRoJTJGNTMwNjk5NjA4OTclMkY6MjQyMTYxNTA5Mzpyb2JlcnRvam9zZTMwQGhvdG1haWwuY29tOjJlZGU1MTo1MQ==. Clique ou toque para seguir o link.\" href=\"https:\/\/na01.safelinks.protection.outlook.com\/?url=https%3A%2F%2Fs2307.pressinbound.com%2Flink.php%3Fcode%3DbDpodHRwcyUzQSUyRiUyRnd3dy5mbGlja3IuY29tJTJGcGhvdG9zJTJGcGFsYWNpb2RvcGxhbmFsdG8lMkZ3aXRoJTJGNTMwNjk5NjA4OTclMkY6MjQyMTYxNTA5Mzpyb2JlcnRvam9zZTMwQGhvdG1haWwuY29tOjJlZGU1MTo1MQ%3D%3D&amp;data=05%7C01%7C%7C73375829d0364a825b2408db8d4979a9%7C84df9e7fe9f640afb435aaaaaaaaaaaa%7C1%7C0%7C638259118942040686%7CUnknown%7CTWFpbGZsb3d8eyJWIjoiMC4wLjAwMDAiLCJQIjoiV2luMzIiLCJBTiI6Ik1haWwiLCJXVCI6Mn0%3D%7C3000%7C%7C%7C&amp;sdata=KwejCKfFTYDlkhOmW%2BIhRIoFgo%2F%2BwXz9x9vqaM2ZOVA%3D&amp;reserved=0\" target=\"_blank\" rel=\"noopener noreferrer\" data-auth=\"Verified\" data-linkindex=\"0\">\u00bb Fotos em alta resolu\u00e7\u00e3o (Flickr)<\/a><\/p>\n<p><a title=\"Protegido pelo Outlook: https:\/\/s2307.pressinbound.com\/link.php?code=bDpodHRwcyUzQSUyRiUyRnd3dy5nb3YuYnIlMkZmYXplbmRhJTJGcHQtYnIlMkZhY2Vzc28tYS1pbmZvcm1hY2FvJTJGYWNvZXMtZS1wcm9ncmFtYXMlMkZkZXNlbnJvbGEtYnJhc2lsOjI0MjE2MTUwOTM6cm9iZXJ0b2pvc2UzMEBob3RtYWlsLmNvbToyMzI3YjA6NTE=. Clique ou toque para seguir o link.\" href=\"https:\/\/na01.safelinks.protection.outlook.com\/?url=https%3A%2F%2Fs2307.pressinbound.com%2Flink.php%3Fcode%3DbDpodHRwcyUzQSUyRiUyRnd3dy5nb3YuYnIlMkZmYXplbmRhJTJGcHQtYnIlMkZhY2Vzc28tYS1pbmZvcm1hY2FvJTJGYWNvZXMtZS1wcm9ncmFtYXMlMkZkZXNlbnJvbGEtYnJhc2lsOjI0MjE2MTUwOTM6cm9iZXJ0b2pvc2UzMEBob3RtYWlsLmNvbToyMzI3YjA6NTE%3D&amp;data=05%7C01%7C%7C73375829d0364a825b2408db8d4979a9%7C84df9e7fe9f640afb435aaaaaaaaaaaa%7C1%7C0%7C638259118942040686%7CUnknown%7CTWFpbGZsb3d8eyJWIjoiMC4wLjAwMDAiLCJQIjoiV2luMzIiLCJBTiI6Ik1haWwiLCJXVCI6Mn0%3D%7C3000%7C%7C%7C&amp;sdata=uw4QwE%2BEqtiy69QzZ74RNaVo%2FoQLoRfogqe61l7KfHo%3D&amp;reserved=0\" target=\"_blank\" rel=\"noopener noreferrer\" data-auth=\"Verified\" data-linkindex=\"1\">\u00bb Saiba mais sobre o Desenrola Brasil<\/a><br aria-hidden=\"true\" \/><\/p>\n<p>O presidente avaliou que o programa ter\u00e1 um grande teste em setembro, quando a renegocia\u00e7\u00e3o abranger\u00e1 pequenas d\u00edvidas com o varejo de devedores que ganham at\u00e9 R\uff04 5 mil. Ele lembrou que nessa primeira fase as d\u00edvidas de at\u00e9 R\uff04 100 com bancos j\u00e1 foram \u201cdesnegativadas\u201d e as negocia\u00e7\u00f5es de institui\u00e7\u00f5es financeiras com quem recebe at\u00e9 R\uff04 20 mil est\u00e3o sendo conduzidas de forma bem sucedida, com redu\u00e7\u00e3o do saldo devedor em at\u00e9 90% em alguns casos.<br aria-hidden=\"true\" \/><\/p>\n<p><strong>BRASIL MELHOR &#8211;\u00a0<\/strong>Durante o programa, Lula disse que os brasileiros j\u00e1 est\u00e3o percebendo que o pa\u00eds est\u00e1 mudando para melhor com os produtos mais acess\u00edveis e redu\u00e7\u00e3o de alimentos, carne, gasolina, diesel e do cimento. &#8220;As pessoas est\u00e3o percebendo que as coisas est\u00e3o mais acess\u00edveis, j\u00e1 podem comer carne outra vez, sair com a sacola cheia do supermercado&#8221;, afirmou.<br aria-hidden=\"true\" \/><\/p>\n<p>Rec\u00e9m chegado de uma agenda no Sindicato dos Metal\u00fargicos de S\u00e3o Bernardo do Campo, no domingo, Lula disse ter visto otimismo por parte dos trabalhadores e que esse \u00e9 um sinal de que o Brasil est\u00e1 indo bem e o governo anda no caminho certo.<br aria-hidden=\"true\" \/><\/p>\n<p><strong>COMPROMISSO &#8211;\u00a0<\/strong>O presidente disse que assumiu o compromisso de fazer o Brasil dar certo e fazer com que o povo volte a comer bem, a viver bem, a trabalhar, a ter onde morar, ter mais estudos com crian\u00e7a em escolas em tempo integral.<br aria-hidden=\"true\" \/><\/p>\n<p><i>&#8220;A economia do Brasil vai dar certo, a economia vai voltar a crescer, o sal\u00e1rio vai voltar a crescer, vamos voltar a gerar emprego, o povo vai voltar a comer melhor. \u00c9 esse o pa\u00eds que quero entregar quando acabar o mandato, com fartura na mesa&#8221;, afirmou. Segundo ele, as pol\u00edticas p\u00fablicas retomadas j\u00e1 est\u00e3o funcionando e o dinheiro vai chegar na base e fazer a economia voltar a crescer. &#8220;Esse \u00e9 meu otimismo&#8221;.<\/i><br aria-hidden=\"true\" \/><\/p>\n<p>Lula citou o Bolsa Fam\u00edlia, o Programa de Aquisi\u00e7\u00e3o de Alimentos (PAA), a quest\u00e3o da Seguran\u00e7a, al\u00e9m de educa\u00e7\u00e3o e cultura, como exemplos de programas e \u00e1reas que est\u00e3o revitalizadas e funcionando com as medidas adotadas desde janeiro.<br aria-hidden=\"true\" \/><\/p>\n<p>O presidente mencionou, especificamente, a import\u00e2ncia do PAA e do Mais Alimentos para aumentar a produ\u00e7\u00e3o de alimentos, modernizar o processo de plantio, colheita e transporte, melhorar a produtividade dos pequenos e m\u00e9dio produtores rurais e levar alimentos a quem tem fome.<br aria-hidden=\"true\" \/><\/p>\n<p>O PAA se conecta com institui\u00e7\u00f5es p\u00fablicas e beneficentes, como escolas, hospitais, institui\u00e7\u00f5es de longa perman\u00eancia para idosos, restaurantes comunit\u00e1rios e projetos assistenciais. Outra medida citada pelo presidente \u00e9 a aposta em reduzir o percentual de perdas que existe entre a produ\u00e7\u00e3o de alimentos no campo e a comercializa\u00e7\u00e3o nas cidades.<\/p>\n<p aria-hidden=\"true\">\n<p><strong>ENGRENAGEM &#8211;<\/strong>\u00a0Lula fez uma analogia do pa\u00eds como uma m\u00e1quina e disse que o Brasil vai em frente porque a engrenagem j\u00e1 est\u00e1 funcionando. &#8220;Quando voc\u00ea faz um motor muito grande, voc\u00ea testa ele com um motor pequeno. Na Villares, quando a gente fazia motor de 12 metros de altura para navios, quando a gente ia testar ele, era um motorzinho pequeno que acionava o motor grande&#8221;.<br aria-hidden=\"true\" \/><\/p>\n<p><strong>LIVROS E CULTURA &#8211;\u00a0<\/strong>O presidente defendeu o chamado Pacote da Democracia, lan\u00e7ado na semana passada e que restringe acesso a armas, tipifica ataques a escolas como crime hediondo e imp\u00f5e puni\u00e7\u00f5es r\u00edgidas a quem atenta contra o estado democr\u00e1tico de direito. Ele enfatizou que o Brasil precisa de humanismo, n\u00e3o de viol\u00eancia.<br aria-hidden=\"true\" \/><\/p>\n<p><i>&#8220;N\u00f3s queremos preparar a democracia, fortalecer a democracia com mais participa\u00e7\u00e3o da sociedade, mais participa\u00e7\u00e3o na constru\u00e7\u00e3o de coisas boas, de coisas positivas. O Brasil vai melhorar quando a gente entrar na era do livro, na era da Cultura, que \u00e9 o que estamos fazendo agora com a Lei Paulo Gustavo e a Lei Aldir Blanc&#8221;.<\/i><br aria-hidden=\"true\" \/><\/p>\n<p>O presidente comemorou o sucesso da Lei Paulo Gustavo, que teve ades\u00e3o de 98% dos munic\u00edpios brasileiros.\u00a0<i>&#8220;N\u00f3s queremos fazer com que o povo brasileiro volte, efetivamente, a ser feliz. N\u00e3o tem nada melhor do que um pai e uma m\u00e3e sair para passear com seu filho sem preocupa\u00e7\u00e3o com a viol\u00eancia. Esse pa\u00eds vai ser constru\u00eddo&#8221;.<\/i><\/p>\n","protected":false},"excerpt":{"rendered":"<p>Em meio \u00e0 segunda semana de execu\u00e7\u00e3o do Desenrola Brasil,<\/p>\n","protected":false},"author":2,"featured_media":92250,"comment_status":"open","ping_status":"open","sticky":false,"template":"","format":"standard","meta":{"footnotes":""},"categories":[24,3],"tags":[],"class_list":["post-92249","post","type-post","status-publish","format-standard","has-post-thumbnail","hentry","category-brasil","category-geral"],"yoast_head":"<!-- This site is optimized with the Yoast SEO plugin v27.4 - https:\/\/yoast.com\/product\/yoast-seo-wordpress\/ -->\n<title>Sucesso do Desenrola superou expectativas, diz Lula - Regi\u00e3o News<\/title>\n<meta name=\"description\" content=\"Em meio \u00e0 segunda semana de execu\u00e7\u00e3o do Desenrola Brasil, que permite renegocia\u00e7\u00e3o de d\u00edvidas para que as pessoas limpem o nome e retomem a\" \/>\n<meta name=\"robots\" content=\"index, follow, max-snippet:-1, max-image-preview:large, max-video-preview:-1\" \/>\n<link rel=\"canonical\" href=\"https:\/\/regiaonews.net.br\/2022\/2023\/07\/25\/sucesso-do-desenrola-superou-expectativas-diz-lula\/\" \/>\n<meta property=\"og:locale\" content=\"pt_BR\" \/>\n<meta property=\"og:type\" content=\"article\" \/>\n<meta property=\"og:title\" content=\"Sucesso do Desenrola superou expectativas, diz Lula - Regi\u00e3o News\" \/>\n<meta property=\"og:description\" content=\"Em meio \u00e0 segunda semana de execu\u00e7\u00e3o do Desenrola Brasil, que permite renegocia\u00e7\u00e3o de d\u00edvidas para que as pessoas limpem o nome e retomem a\" \/>\n<meta property=\"og:url\" content=\"https:\/\/regiaonews.net.br\/2022\/2023\/07\/25\/sucesso-do-desenrola-superou-expectativas-diz-lula\/\" \/>\n<meta property=\"og:site_name\" content=\"Regi\u00e3o News\" \/>\n<meta property=\"article:published_time\" content=\"2023-07-25T21:59:14+00:00\" \/>\n<meta property=\"og:image\" content=\"https:\/\/regiaonews.net.br\/2022\/wp-content\/uploads\/2023\/07\/handler-1.jpg\" \/>\n\t<meta property=\"og:image:width\" content=\"768\" \/>\n\t<meta property=\"og:image:height\" content=\"512\" \/>\n\t<meta property=\"og:image:type\" content=\"image\/jpeg\" \/>\n<meta name=\"author\" content=\"Roberto\" \/>\n<meta name=\"twitter:card\" content=\"summary_large_image\" \/>\n<meta name=\"twitter:label1\" content=\"Escrito por\" \/>\n\t<meta name=\"twitter:data1\" content=\"Roberto\" \/>\n\t<meta name=\"twitter:label2\" content=\"Est. tempo de leitura\" \/>\n\t<meta name=\"twitter:data2\" content=\"5 minutos\" \/>\n<script type=\"application\/ld+json\" class=\"yoast-schema-graph\">{\"@context\":\"https:\\\/\\\/schema.org\",\"@graph\":[{\"@type\":\"Article\",\"@id\":\"https:\\\/\\\/regiaonews.net.br\\\/2022\\\/2023\\\/07\\\/25\\\/sucesso-do-desenrola-superou-expectativas-diz-lula\\\/#article\",\"isPartOf\":{\"@id\":\"https:\\\/\\\/regiaonews.net.br\\\/2022\\\/2023\\\/07\\\/25\\\/sucesso-do-desenrola-superou-expectativas-diz-lula\\\/\"},\"author\":{\"name\":\"Roberto\",\"@id\":\"https:\\\/\\\/regiaonews.net.br\\\/2022\\\/#\\\/schema\\\/person\\\/2d205a608a5aa97ac279d7a5e6d89ad8\"},\"headline\":\"Sucesso do Desenrola superou expectativas, diz Lula\",\"datePublished\":\"2023-07-25T21:59:14+00:00\",\"mainEntityOfPage\":{\"@id\":\"https:\\\/\\\/regiaonews.net.br\\\/2022\\\/2023\\\/07\\\/25\\\/sucesso-do-desenrola-superou-expectativas-diz-lula\\\/\"},\"wordCount\":912,\"commentCount\":0,\"publisher\":{\"@id\":\"https:\\\/\\\/regiaonews.net.br\\\/2022\\\/#organization\"},\"image\":{\"@id\":\"https:\\\/\\\/regiaonews.net.br\\\/2022\\\/2023\\\/07\\\/25\\\/sucesso-do-desenrola-superou-expectativas-diz-lula\\\/#primaryimage\"},\"thumbnailUrl\":\"https:\\\/\\\/regiaonews.net.br\\\/2022\\\/wp-content\\\/uploads\\\/2023\\\/07\\\/handler-1.jpg\",\"articleSection\":[\"Brasil\",\"Geral\"],\"inLanguage\":\"pt-BR\",\"potentialAction\":[{\"@type\":\"CommentAction\",\"name\":\"Comment\",\"target\":[\"https:\\\/\\\/regiaonews.net.br\\\/2022\\\/2023\\\/07\\\/25\\\/sucesso-do-desenrola-superou-expectativas-diz-lula\\\/#respond\"]}]},{\"@type\":\"WebPage\",\"@id\":\"https:\\\/\\\/regiaonews.net.br\\\/2022\\\/2023\\\/07\\\/25\\\/sucesso-do-desenrola-superou-expectativas-diz-lula\\\/\",\"url\":\"https:\\\/\\\/regiaonews.net.br\\\/2022\\\/2023\\\/07\\\/25\\\/sucesso-do-desenrola-superou-expectativas-diz-lula\\\/\",\"name\":\"Sucesso do Desenrola superou expectativas, diz Lula - Regi\u00e3o News\",\"isPartOf\":{\"@id\":\"https:\\\/\\\/regiaonews.net.br\\\/2022\\\/#website\"},\"primaryImageOfPage\":{\"@id\":\"https:\\\/\\\/regiaonews.net.br\\\/2022\\\/2023\\\/07\\\/25\\\/sucesso-do-desenrola-superou-expectativas-diz-lula\\\/#primaryimage\"},\"image\":{\"@id\":\"https:\\\/\\\/regiaonews.net.br\\\/2022\\\/2023\\\/07\\\/25\\\/sucesso-do-desenrola-superou-expectativas-diz-lula\\\/#primaryimage\"},\"thumbnailUrl\":\"https:\\\/\\\/regiaonews.net.br\\\/2022\\\/wp-content\\\/uploads\\\/2023\\\/07\\\/handler-1.jpg\",\"datePublished\":\"2023-07-25T21:59:14+00:00\",\"description\":\"Em meio \u00e0 segunda semana de execu\u00e7\u00e3o do Desenrola Brasil, que permite renegocia\u00e7\u00e3o de d\u00edvidas para que as pessoas limpem o nome e retomem a\",\"breadcrumb\":{\"@id\":\"https:\\\/\\\/regiaonews.net.br\\\/2022\\\/2023\\\/07\\\/25\\\/sucesso-do-desenrola-superou-expectativas-diz-lula\\\/#breadcrumb\"},\"inLanguage\":\"pt-BR\",\"potentialAction\":[{\"@type\":\"ReadAction\",\"target\":[\"https:\\\/\\\/regiaonews.net.br\\\/2022\\\/2023\\\/07\\\/25\\\/sucesso-do-desenrola-superou-expectativas-diz-lula\\\/\"]}]},{\"@type\":\"ImageObject\",\"inLanguage\":\"pt-BR\",\"@id\":\"https:\\\/\\\/regiaonews.net.br\\\/2022\\\/2023\\\/07\\\/25\\\/sucesso-do-desenrola-superou-expectativas-diz-lula\\\/#primaryimage\",\"url\":\"https:\\\/\\\/regiaonews.net.br\\\/2022\\\/wp-content\\\/uploads\\\/2023\\\/07\\\/handler-1.jpg\",\"contentUrl\":\"https:\\\/\\\/regiaonews.net.br\\\/2022\\\/wp-content\\\/uploads\\\/2023\\\/07\\\/handler-1.jpg\",\"width\":768,\"height\":512},{\"@type\":\"BreadcrumbList\",\"@id\":\"https:\\\/\\\/regiaonews.net.br\\\/2022\\\/2023\\\/07\\\/25\\\/sucesso-do-desenrola-superou-expectativas-diz-lula\\\/#breadcrumb\",\"itemListElement\":[{\"@type\":\"ListItem\",\"position\":1,\"name\":\"In\u00edcio\",\"item\":\"https:\\\/\\\/regiaonews.net.br\\\/2022\\\/\"},{\"@type\":\"ListItem\",\"position\":2,\"name\":\"Sucesso do Desenrola superou expectativas, diz Lula\"}]},{\"@type\":\"WebSite\",\"@id\":\"https:\\\/\\\/regiaonews.net.br\\\/2022\\\/#website\",\"url\":\"https:\\\/\\\/regiaonews.net.br\\\/2022\\\/\",\"name\":\"Regi\u00e3o News\",\"description\":\"Site de Not\u00edcias de Barretos e regi\u00e3o\",\"publisher\":{\"@id\":\"https:\\\/\\\/regiaonews.net.br\\\/2022\\\/#organization\"},\"potentialAction\":[{\"@type\":\"SearchAction\",\"target\":{\"@type\":\"EntryPoint\",\"urlTemplate\":\"https:\\\/\\\/regiaonews.net.br\\\/2022\\\/?s={search_term_string}\"},\"query-input\":{\"@type\":\"PropertyValueSpecification\",\"valueRequired\":true,\"valueName\":\"search_term_string\"}}],\"inLanguage\":\"pt-BR\"},{\"@type\":\"Organization\",\"@id\":\"https:\\\/\\\/regiaonews.net.br\\\/2022\\\/#organization\",\"name\":\"Regi\u00e3o News\",\"url\":\"https:\\\/\\\/regiaonews.net.br\\\/2022\\\/\",\"logo\":{\"@type\":\"ImageObject\",\"inLanguage\":\"pt-BR\",\"@id\":\"https:\\\/\\\/regiaonews.net.br\\\/2022\\\/#\\\/schema\\\/logo\\\/image\\\/\",\"url\":\"https:\\\/\\\/regiaonews.net.br\\\/2022\\\/wp-content\\\/uploads\\\/2026\\\/03\\\/regiao-13-anos-scaled.jpg\",\"contentUrl\":\"https:\\\/\\\/regiaonews.net.br\\\/2022\\\/wp-content\\\/uploads\\\/2026\\\/03\\\/regiao-13-anos-scaled.jpg\",\"width\":2560,\"height\":635,\"caption\":\"Regi\u00e3o News\"},\"image\":{\"@id\":\"https:\\\/\\\/regiaonews.net.br\\\/2022\\\/#\\\/schema\\\/logo\\\/image\\\/\"}},{\"@type\":\"Person\",\"@id\":\"https:\\\/\\\/regiaonews.net.br\\\/2022\\\/#\\\/schema\\\/person\\\/2d205a608a5aa97ac279d7a5e6d89ad8\",\"name\":\"Roberto\",\"image\":{\"@type\":\"ImageObject\",\"inLanguage\":\"pt-BR\",\"@id\":\"https:\\\/\\\/secure.gravatar.com\\\/avatar\\\/42749d8b712ff9d59ca93dc150494e5b55a44134482993f5baeb97e61b7ecc89?s=96&d=mm&r=g\",\"url\":\"https:\\\/\\\/secure.gravatar.com\\\/avatar\\\/42749d8b712ff9d59ca93dc150494e5b55a44134482993f5baeb97e61b7ecc89?s=96&d=mm&r=g\",\"contentUrl\":\"https:\\\/\\\/secure.gravatar.com\\\/avatar\\\/42749d8b712ff9d59ca93dc150494e5b55a44134482993f5baeb97e61b7ecc89?s=96&d=mm&r=g\",\"caption\":\"Roberto\"},\"url\":\"https:\\\/\\\/regiaonews.net.br\\\/2022\\\/author\\\/roberto\\\/\"}]}<\/script>\n<!-- \/ Yoast SEO plugin. -->","yoast_head_json":{"title":"Sucesso do Desenrola superou expectativas, diz Lula - Regi\u00e3o News","description":"Em meio \u00e0 segunda semana de execu\u00e7\u00e3o do Desenrola Brasil, que permite renegocia\u00e7\u00e3o de d\u00edvidas para que as pessoas limpem o nome e retomem a","robots":{"index":"index","follow":"follow","max-snippet":"max-snippet:-1","max-image-preview":"max-image-preview:large","max-video-preview":"max-video-preview:-1"},"canonical":"https:\/\/regiaonews.net.br\/2022\/2023\/07\/25\/sucesso-do-desenrola-superou-expectativas-diz-lula\/","og_locale":"pt_BR","og_type":"article","og_title":"Sucesso do Desenrola superou expectativas, diz Lula - Regi\u00e3o News","og_description":"Em meio \u00e0 segunda semana de execu\u00e7\u00e3o do Desenrola Brasil, que permite renegocia\u00e7\u00e3o de d\u00edvidas para que as pessoas limpem o nome e retomem a","og_url":"https:\/\/regiaonews.net.br\/2022\/2023\/07\/25\/sucesso-do-desenrola-superou-expectativas-diz-lula\/","og_site_name":"Regi\u00e3o News","article_published_time":"2023-07-25T21:59:14+00:00","og_image":[{"width":768,"height":512,"url":"https:\/\/regiaonews.net.br\/2022\/wp-content\/uploads\/2023\/07\/handler-1.jpg","type":"image\/jpeg"}],"author":"Roberto","twitter_card":"summary_large_image","twitter_misc":{"Escrito por":"Roberto","Est. tempo de leitura":"5 minutos"},"schema":{"@context":"https:\/\/schema.org","@graph":[{"@type":"Article","@id":"https:\/\/regiaonews.net.br\/2022\/2023\/07\/25\/sucesso-do-desenrola-superou-expectativas-diz-lula\/#article","isPartOf":{"@id":"https:\/\/regiaonews.net.br\/2022\/2023\/07\/25\/sucesso-do-desenrola-superou-expectativas-diz-lula\/"},"author":{"name":"Roberto","@id":"https:\/\/regiaonews.net.br\/2022\/#\/schema\/person\/2d205a608a5aa97ac279d7a5e6d89ad8"},"headline":"Sucesso do Desenrola superou expectativas, diz Lula","datePublished":"2023-07-25T21:59:14+00:00","mainEntityOfPage":{"@id":"https:\/\/regiaonews.net.br\/2022\/2023\/07\/25\/sucesso-do-desenrola-superou-expectativas-diz-lula\/"},"wordCount":912,"commentCount":0,"publisher":{"@id":"https:\/\/regiaonews.net.br\/2022\/#organization"},"image":{"@id":"https:\/\/regiaonews.net.br\/2022\/2023\/07\/25\/sucesso-do-desenrola-superou-expectativas-diz-lula\/#primaryimage"},"thumbnailUrl":"https:\/\/regiaonews.net.br\/2022\/wp-content\/uploads\/2023\/07\/handler-1.jpg","articleSection":["Brasil","Geral"],"inLanguage":"pt-BR","potentialAction":[{"@type":"CommentAction","name":"Comment","target":["https:\/\/regiaonews.net.br\/2022\/2023\/07\/25\/sucesso-do-desenrola-superou-expectativas-diz-lula\/#respond"]}]},{"@type":"WebPage","@id":"https:\/\/regiaonews.net.br\/2022\/2023\/07\/25\/sucesso-do-desenrola-superou-expectativas-diz-lula\/","url":"https:\/\/regiaonews.net.br\/2022\/2023\/07\/25\/sucesso-do-desenrola-superou-expectativas-diz-lula\/","name":"Sucesso do Desenrola superou expectativas, diz Lula - Regi\u00e3o News","isPartOf":{"@id":"https:\/\/regiaonews.net.br\/2022\/#website"},"primaryImageOfPage":{"@id":"https:\/\/regiaonews.net.br\/2022\/2023\/07\/25\/sucesso-do-desenrola-superou-expectativas-diz-lula\/#primaryimage"},"image":{"@id":"https:\/\/regiaonews.net.br\/2022\/2023\/07\/25\/sucesso-do-desenrola-superou-expectativas-diz-lula\/#primaryimage"},"thumbnailUrl":"https:\/\/regiaonews.net.br\/2022\/wp-content\/uploads\/2023\/07\/handler-1.jpg","datePublished":"2023-07-25T21:59:14+00:00","description":"Em meio \u00e0 segunda semana de execu\u00e7\u00e3o do Desenrola Brasil, que permite renegocia\u00e7\u00e3o de d\u00edvidas para que as pessoas limpem o nome e retomem a","breadcrumb":{"@id":"https:\/\/regiaonews.net.br\/2022\/2023\/07\/25\/sucesso-do-desenrola-superou-expectativas-diz-lula\/#breadcrumb"},"inLanguage":"pt-BR","potentialAction":[{"@type":"ReadAction","target":["https:\/\/regiaonews.net.br\/2022\/2023\/07\/25\/sucesso-do-desenrola-superou-expectativas-diz-lula\/"]}]},{"@type":"ImageObject","inLanguage":"pt-BR","@id":"https:\/\/regiaonews.net.br\/2022\/2023\/07\/25\/sucesso-do-desenrola-superou-expectativas-diz-lula\/#primaryimage","url":"https:\/\/regiaonews.net.br\/2022\/wp-content\/uploads\/2023\/07\/handler-1.jpg","contentUrl":"https:\/\/regiaonews.net.br\/2022\/wp-content\/uploads\/2023\/07\/handler-1.jpg","width":768,"height":512},{"@type":"BreadcrumbList","@id":"https:\/\/regiaonews.net.br\/2022\/2023\/07\/25\/sucesso-do-desenrola-superou-expectativas-diz-lula\/#breadcrumb","itemListElement":[{"@type":"ListItem","position":1,"name":"In\u00edcio","item":"https:\/\/regiaonews.net.br\/2022\/"},{"@type":"ListItem","position":2,"name":"Sucesso do Desenrola superou expectativas, diz Lula"}]},{"@type":"WebSite","@id":"https:\/\/regiaonews.net.br\/2022\/#website","url":"https:\/\/regiaonews.net.br\/2022\/","name":"Regi\u00e3o News","description":"Site de Not\u00edcias de Barretos e regi\u00e3o","publisher":{"@id":"https:\/\/regiaonews.net.br\/2022\/#organization"},"potentialAction":[{"@type":"SearchAction","target":{"@type":"EntryPoint","urlTemplate":"https:\/\/regiaonews.net.br\/2022\/?s={search_term_string}"},"query-input":{"@type":"PropertyValueSpecification","valueRequired":true,"valueName":"search_term_string"}}],"inLanguage":"pt-BR"},{"@type":"Organization","@id":"https:\/\/regiaonews.net.br\/2022\/#organization","name":"Regi\u00e3o News","url":"https:\/\/regiaonews.net.br\/2022\/","logo":{"@type":"ImageObject","inLanguage":"pt-BR","@id":"https:\/\/regiaonews.net.br\/2022\/#\/schema\/logo\/image\/","url":"https:\/\/regiaonews.net.br\/2022\/wp-content\/uploads\/2026\/03\/regiao-13-anos-scaled.jpg","contentUrl":"https:\/\/regiaonews.net.br\/2022\/wp-content\/uploads\/2026\/03\/regiao-13-anos-scaled.jpg","width":2560,"height":635,"caption":"Regi\u00e3o News"},"image":{"@id":"https:\/\/regiaonews.net.br\/2022\/#\/schema\/logo\/image\/"}},{"@type":"Person","@id":"https:\/\/regiaonews.net.br\/2022\/#\/schema\/person\/2d205a608a5aa97ac279d7a5e6d89ad8","name":"Roberto","image":{"@type":"ImageObject","inLanguage":"pt-BR","@id":"https:\/\/secure.gravatar.com\/avatar\/42749d8b712ff9d59ca93dc150494e5b55a44134482993f5baeb97e61b7ecc89?s=96&d=mm&r=g","url":"https:\/\/secure.gravatar.com\/avatar\/42749d8b712ff9d59ca93dc150494e5b55a44134482993f5baeb97e61b7ecc89?s=96&d=mm&r=g","contentUrl":"https:\/\/secure.gravatar.com\/avatar\/42749d8b712ff9d59ca93dc150494e5b55a44134482993f5baeb97e61b7ecc89?s=96&d=mm&r=g","caption":"Roberto"},"url":"https:\/\/regiaonews.net.br\/2022\/author\/roberto\/"}]}},"publishpress_future_action":{"enabled":false,"date":"2026-05-04 02:59:00","action":"change-status","newStatus":"draft","terms":[],"taxonomy":"category","extraData":[]},"publishpress_future_workflow_manual_trigger":{"enabledWorkflows":[]},"_links":{"self":[{"href":"https:\/\/regiaonews.net.br\/2022\/wp-json\/wp\/v2\/posts\/92249","targetHints":{"allow":["GET"]}}],"collection":[{"href":"https:\/\/regiaonews.net.br\/2022\/wp-json\/wp\/v2\/posts"}],"about":[{"href":"https:\/\/regiaonews.net.br\/2022\/wp-json\/wp\/v2\/types\/post"}],"author":[{"embeddable":true,"href":"https:\/\/regiaonews.net.br\/2022\/wp-json\/wp\/v2\/users\/2"}],"replies":[{"embeddable":true,"href":"https:\/\/regiaonews.net.br\/2022\/wp-json\/wp\/v2\/comments?post=92249"}],"version-history":[{"count":1,"href":"https:\/\/regiaonews.net.br\/2022\/wp-json\/wp\/v2\/posts\/92249\/revisions"}],"predecessor-version":[{"id":92251,"href":"https:\/\/regiaonews.net.br\/2022\/wp-json\/wp\/v2\/posts\/92249\/revisions\/92251"}],"wp:featuredmedia":[{"embeddable":true,"href":"https:\/\/regiaonews.net.br\/2022\/wp-json\/wp\/v2\/media\/92250"}],"wp:attachment":[{"href":"https:\/\/regiaonews.net.br\/2022\/wp-json\/wp\/v2\/media?parent=92249"}],"wp:term":[{"taxonomy":"category","embeddable":true,"href":"https:\/\/regiaonews.net.br\/2022\/wp-json\/wp\/v2\/categories?post=92249"},{"taxonomy":"post_tag","embeddable":true,"href":"https:\/\/regiaonews.net.br\/2022\/wp-json\/wp\/v2\/tags?post=92249"}],"curies":[{"name":"wp","href":"https:\/\/api.w.org\/{rel}","templated":true}]}}