{"id":92241,"date":"2023-07-25T13:31:53","date_gmt":"2023-07-25T16:31:53","guid":{"rendered":"https:\/\/regiaonews.net.br\/2022\/?p=92241"},"modified":"2023-07-25T15:08:21","modified_gmt":"2023-07-25T18:08:21","slug":"primeiro-dia-da-feijoada-samauma-2023-impressiona-pela-megaestrutura","status":"publish","type":"post","link":"https:\/\/regiaonews.net.br\/2022\/2023\/07\/25\/primeiro-dia-da-feijoada-samauma-2023-impressiona-pela-megaestrutura\/","title":{"rendered":"Primeiro dia da Feijoada Sama\u00fama 2023 impressiona pela megaestrutura"},"content":{"rendered":"<p align=\"center\">Xande de Pilares, Alexandre Pires e Ra\u00e7a Negra colocaram para dan\u00e7ar um p\u00fablico deslumbrado pela cenografia do evento.<\/p>\n<p>&nbsp;<\/p>\n<p>Muitos elogios \u00e0 estrutura, servi\u00e7o e cenografia da festa, assim foi a despedida do primeiro dia de shows da Feijoada Sama\u00fama 2023, que marca os dez anos de realiza\u00e7\u00e3o do evento. Niltinho Borges, empres\u00e1rio fundador da Sama\u00fama Eventos, revelou estar muito feliz com a quantidade de elogios que recebeu. \u201cNossa expectativa era grande para saber como o p\u00fablico reagiria aos novos investimentos que fizemos no evento. O planejamento neste ano inclui muitas novidades, como o palco com uma cenografia espetacular, s\u00e3o mais de 190 metros quadrados s\u00f3 de pain\u00e9is de led, com alta tecnologia de imagem, proporcionando uma experi\u00eancia ainda mais emocionante nos shows, que aconteceram em um palco com 30 metros de frente e cerca de 15 metros de altura cenogr\u00e1fica, entre outras tantas melhorias aplicadas ao servi\u00e7o da Feijoada, acessos, ambientes e equipamentos de som e luz, tudo para fazer com que esse primeiro s\u00e1bado fizesse jus ao sucesso de dez anos do evento\u201d, revelou Niltinho.<\/p>\n<p>Os port\u00f5es do evento, dentro do Parque do Pe\u00e3o, foram abertos \u00e0s 14h30 e a Feijoada come\u00e7ou a ser servida \u00e0s 15h, pontualmente. Entre os profissionais que atuaram nos bares, servi\u00e7os de gar\u00e7ons, receptivo, seguran\u00e7a, acesso, cinegrafistas, fot\u00f3grafos, operadores de bares, operadores de caixa, limpeza e higiene, equipe de transportes, camarins, acesso do estacionamento, servi\u00e7os de palco, entre outros setores, mais de 350 pessoas atuaram durante todo o dia, garantindo que o p\u00fablico s\u00f3 tivesse uma preocupa\u00e7\u00e3o, se divertir.<\/p>\n<p>Mesmo as equipes de trabalho dos artistas reconheceram que a estrutura do evento estava no n\u00edvel dos maiores eventos deste pa\u00eds. O trabalho de troca de instrumentos no palco chamou a aten\u00e7\u00e3o pela agilidade n\u00famero de pessoas atuando ao mesmo tempo, em sintonia, enquanto o DJ Tomazini mantinha o clima de divers\u00e3o, executando a trilha pensada para o evento.<\/p>\n<p>Al\u00e9m da pista de mesas e do j\u00e1 tradicional Camarote Sama\u00fama, o espa\u00e7o ganhou a estrutura de 12 camarotes corporativos, com capacidade para 25 pessoas cada. O Berrant\u00e3o serviu como restaurante, servindo a feijoada completa para o p\u00fablico das mesas e dos camarotes. A pista vip teve sua pr\u00f3pria \u00e1rea de alimenta\u00e7\u00e3o e bares a sua disposi\u00e7\u00e3o.<\/p>\n<p>A abertura, sob o sol, com Xande de Pilares, teve homenagem ao samba de todos os tempos, com rever\u00eancia especial aos sucessos do cantor, incluindo os que fez ainda no Grupo Revela\u00e7\u00e3o. Alexandre Pires subiu ao palco pouco antes do p\u00f4r do sol e entregou tr\u00eas horas do Baile do N\u00eago V\u00e9io, nome de seu espet\u00e1culo. A noite teve o pagode do Ra\u00e7a Negra como fechamento, com um Lu\u00eds Carlos, um dos mais famosos vocalistas do Brasil, todo inspirado e comunicativo.<\/p>\n<p>No\u00a0<b>pr\u00f3ximo s\u00e1bado, dia 29<\/b>, os shows de\u00a0<b>Alcione, Mumuzinho e Seu Jorge com Alexandre Pires no espet\u00e1culo Irm\u00e3os<\/b>, ser\u00e3o as atra\u00e7\u00f5es do segundo e \u00faltimo dia da edi\u00e7\u00e3o 2023 da Feijoada Sama\u00fama,\u00a0<b>no Parque do Pe\u00e3o<\/b>,\u00a0<b>a partir das 15h<\/b>. Ainda h\u00e1\u00a0<b>ingressos \u00e0 venda<\/b>\u00a0no Sama\u00fama Bar, Golfe Class do North Shopping Barretos e site\u00a0<a href=\"http:\/\/www.saudtickets.com.br\/\" target=\"_blank\" rel=\"noopener\" data-saferedirecturl=\"https:\/\/www.google.com\/url?q=http:\/\/www.saudtickets.com.br&amp;source=gmail&amp;ust=1690388966376000&amp;usg=AOvVaw3xnTQ7O88qEljHZY9JJzkX\">www.saudtickets.com.br<\/a>.<\/p>\n<p>&nbsp;<\/p>\n<p><a href=\"https:\/\/regiaonews.net.br\/2022\/wp-content\/uploads\/2023\/07\/WhatsApp-Image-2023-07-24-at-16.07.15-1.jpeg\"><img loading=\"lazy\" decoding=\"async\" class=\"alignnone size-medium wp-image-92246\" src=\"https:\/\/regiaonews.net.br\/2022\/wp-content\/uploads\/2023\/07\/WhatsApp-Image-2023-07-24-at-16.07.15-1-300x200.jpeg\" alt=\"\" width=\"300\" height=\"200\" srcset=\"https:\/\/regiaonews.net.br\/2022\/wp-content\/uploads\/2023\/07\/WhatsApp-Image-2023-07-24-at-16.07.15-1-300x200.jpeg 300w, https:\/\/regiaonews.net.br\/2022\/wp-content\/uploads\/2023\/07\/WhatsApp-Image-2023-07-24-at-16.07.15-1-1024x682.jpeg 1024w, https:\/\/regiaonews.net.br\/2022\/wp-content\/uploads\/2023\/07\/WhatsApp-Image-2023-07-24-at-16.07.15-1-768x512.jpeg 768w, https:\/\/regiaonews.net.br\/2022\/wp-content\/uploads\/2023\/07\/WhatsApp-Image-2023-07-24-at-16.07.15-1-1536x1023.jpeg 1536w, https:\/\/regiaonews.net.br\/2022\/wp-content\/uploads\/2023\/07\/WhatsApp-Image-2023-07-24-at-16.07.15-1-250x167.jpeg 250w, https:\/\/regiaonews.net.br\/2022\/wp-content\/uploads\/2023\/07\/WhatsApp-Image-2023-07-24-at-16.07.15-1-900x600.jpeg 900w, https:\/\/regiaonews.net.br\/2022\/wp-content\/uploads\/2023\/07\/WhatsApp-Image-2023-07-24-at-16.07.15-1.jpeg 1600w\" sizes=\"auto, (max-width: 300px) 100vw, 300px\" \/><\/a><\/p>\n","protected":false},"excerpt":{"rendered":"<p>Xande de Pilares, Alexandre Pires e Ra\u00e7a Negra colocaram para<\/p>\n","protected":false},"author":2,"featured_media":92244,"comment_status":"open","ping_status":"open","sticky":false,"template":"","format":"standard","meta":{"footnotes":""},"categories":[14,3],"tags":[],"class_list":["post-92241","post","type-post","status-publish","format-standard","has-post-thumbnail","hentry","category-barretos","category-geral"],"yoast_head":"<!-- This site is optimized with the Yoast SEO plugin v27.4 - https:\/\/yoast.com\/product\/yoast-seo-wordpress\/ -->\n<title>Primeiro dia da Feijoada Sama\u00fama 2023 impressiona pela megaestrutura - Regi\u00e3o News<\/title>\n<meta name=\"robots\" content=\"index, follow, max-snippet:-1, max-image-preview:large, max-video-preview:-1\" \/>\n<link rel=\"canonical\" href=\"https:\/\/regiaonews.net.br\/2022\/2023\/07\/25\/primeiro-dia-da-feijoada-samauma-2023-impressiona-pela-megaestrutura\/\" \/>\n<meta property=\"og:locale\" content=\"pt_BR\" \/>\n<meta property=\"og:type\" content=\"article\" \/>\n<meta property=\"og:title\" content=\"Primeiro dia da Feijoada Sama\u00fama 2023 impressiona pela megaestrutura - Regi\u00e3o News\" \/>\n<meta property=\"og:description\" content=\"Xande de Pilares, Alexandre Pires e Ra\u00e7a Negra colocaram para\" \/>\n<meta property=\"og:url\" content=\"https:\/\/regiaonews.net.br\/2022\/2023\/07\/25\/primeiro-dia-da-feijoada-samauma-2023-impressiona-pela-megaestrutura\/\" \/>\n<meta property=\"og:site_name\" content=\"Regi\u00e3o News\" \/>\n<meta property=\"article:published_time\" content=\"2023-07-25T16:31:53+00:00\" \/>\n<meta property=\"article:modified_time\" content=\"2023-07-25T18:08:21+00:00\" \/>\n<meta property=\"og:image\" content=\"https:\/\/regiaonews.net.br\/2022\/wp-content\/uploads\/2023\/07\/WhatsApp-Image-2023-07-24-at-16.09.16.jpeg\" \/>\n\t<meta property=\"og:image:width\" content=\"1600\" \/>\n\t<meta property=\"og:image:height\" content=\"1066\" \/>\n\t<meta property=\"og:image:type\" content=\"image\/jpeg\" \/>\n<meta name=\"author\" content=\"Roberto\" \/>\n<meta name=\"twitter:card\" content=\"summary_large_image\" \/>\n<meta name=\"twitter:label1\" content=\"Escrito por\" \/>\n\t<meta name=\"twitter:data1\" content=\"Roberto\" \/>\n\t<meta name=\"twitter:label2\" content=\"Est. tempo de leitura\" \/>\n\t<meta name=\"twitter:data2\" content=\"4 minutos\" \/>\n<script type=\"application\/ld+json\" class=\"yoast-schema-graph\">{\"@context\":\"https:\\\/\\\/schema.org\",\"@graph\":[{\"@type\":\"Article\",\"@id\":\"https:\\\/\\\/regiaonews.net.br\\\/2022\\\/2023\\\/07\\\/25\\\/primeiro-dia-da-feijoada-samauma-2023-impressiona-pela-megaestrutura\\\/#article\",\"isPartOf\":{\"@id\":\"https:\\\/\\\/regiaonews.net.br\\\/2022\\\/2023\\\/07\\\/25\\\/primeiro-dia-da-feijoada-samauma-2023-impressiona-pela-megaestrutura\\\/\"},\"author\":{\"name\":\"Roberto\",\"@id\":\"https:\\\/\\\/regiaonews.net.br\\\/2022\\\/#\\\/schema\\\/person\\\/2d205a608a5aa97ac279d7a5e6d89ad8\"},\"headline\":\"Primeiro dia da Feijoada Sama\u00fama 2023 impressiona pela megaestrutura\",\"datePublished\":\"2023-07-25T16:31:53+00:00\",\"dateModified\":\"2023-07-25T18:08:21+00:00\",\"mainEntityOfPage\":{\"@id\":\"https:\\\/\\\/regiaonews.net.br\\\/2022\\\/2023\\\/07\\\/25\\\/primeiro-dia-da-feijoada-samauma-2023-impressiona-pela-megaestrutura\\\/\"},\"wordCount\":570,\"commentCount\":0,\"publisher\":{\"@id\":\"https:\\\/\\\/regiaonews.net.br\\\/2022\\\/#organization\"},\"image\":{\"@id\":\"https:\\\/\\\/regiaonews.net.br\\\/2022\\\/2023\\\/07\\\/25\\\/primeiro-dia-da-feijoada-samauma-2023-impressiona-pela-megaestrutura\\\/#primaryimage\"},\"thumbnailUrl\":\"https:\\\/\\\/regiaonews.net.br\\\/2022\\\/wp-content\\\/uploads\\\/2023\\\/07\\\/WhatsApp-Image-2023-07-24-at-16.09.16.jpeg\",\"articleSection\":[\"Barretos\",\"Geral\"],\"inLanguage\":\"pt-BR\",\"potentialAction\":[{\"@type\":\"CommentAction\",\"name\":\"Comment\",\"target\":[\"https:\\\/\\\/regiaonews.net.br\\\/2022\\\/2023\\\/07\\\/25\\\/primeiro-dia-da-feijoada-samauma-2023-impressiona-pela-megaestrutura\\\/#respond\"]}]},{\"@type\":\"WebPage\",\"@id\":\"https:\\\/\\\/regiaonews.net.br\\\/2022\\\/2023\\\/07\\\/25\\\/primeiro-dia-da-feijoada-samauma-2023-impressiona-pela-megaestrutura\\\/\",\"url\":\"https:\\\/\\\/regiaonews.net.br\\\/2022\\\/2023\\\/07\\\/25\\\/primeiro-dia-da-feijoada-samauma-2023-impressiona-pela-megaestrutura\\\/\",\"name\":\"Primeiro dia da Feijoada Sama\u00fama 2023 impressiona pela megaestrutura - Regi\u00e3o News\",\"isPartOf\":{\"@id\":\"https:\\\/\\\/regiaonews.net.br\\\/2022\\\/#website\"},\"primaryImageOfPage\":{\"@id\":\"https:\\\/\\\/regiaonews.net.br\\\/2022\\\/2023\\\/07\\\/25\\\/primeiro-dia-da-feijoada-samauma-2023-impressiona-pela-megaestrutura\\\/#primaryimage\"},\"image\":{\"@id\":\"https:\\\/\\\/regiaonews.net.br\\\/2022\\\/2023\\\/07\\\/25\\\/primeiro-dia-da-feijoada-samauma-2023-impressiona-pela-megaestrutura\\\/#primaryimage\"},\"thumbnailUrl\":\"https:\\\/\\\/regiaonews.net.br\\\/2022\\\/wp-content\\\/uploads\\\/2023\\\/07\\\/WhatsApp-Image-2023-07-24-at-16.09.16.jpeg\",\"datePublished\":\"2023-07-25T16:31:53+00:00\",\"dateModified\":\"2023-07-25T18:08:21+00:00\",\"breadcrumb\":{\"@id\":\"https:\\\/\\\/regiaonews.net.br\\\/2022\\\/2023\\\/07\\\/25\\\/primeiro-dia-da-feijoada-samauma-2023-impressiona-pela-megaestrutura\\\/#breadcrumb\"},\"inLanguage\":\"pt-BR\",\"potentialAction\":[{\"@type\":\"ReadAction\",\"target\":[\"https:\\\/\\\/regiaonews.net.br\\\/2022\\\/2023\\\/07\\\/25\\\/primeiro-dia-da-feijoada-samauma-2023-impressiona-pela-megaestrutura\\\/\"]}]},{\"@type\":\"ImageObject\",\"inLanguage\":\"pt-BR\",\"@id\":\"https:\\\/\\\/regiaonews.net.br\\\/2022\\\/2023\\\/07\\\/25\\\/primeiro-dia-da-feijoada-samauma-2023-impressiona-pela-megaestrutura\\\/#primaryimage\",\"url\":\"https:\\\/\\\/regiaonews.net.br\\\/2022\\\/wp-content\\\/uploads\\\/2023\\\/07\\\/WhatsApp-Image-2023-07-24-at-16.09.16.jpeg\",\"contentUrl\":\"https:\\\/\\\/regiaonews.net.br\\\/2022\\\/wp-content\\\/uploads\\\/2023\\\/07\\\/WhatsApp-Image-2023-07-24-at-16.09.16.jpeg\",\"width\":1600,\"height\":1066},{\"@type\":\"BreadcrumbList\",\"@id\":\"https:\\\/\\\/regiaonews.net.br\\\/2022\\\/2023\\\/07\\\/25\\\/primeiro-dia-da-feijoada-samauma-2023-impressiona-pela-megaestrutura\\\/#breadcrumb\",\"itemListElement\":[{\"@type\":\"ListItem\",\"position\":1,\"name\":\"In\u00edcio\",\"item\":\"https:\\\/\\\/regiaonews.net.br\\\/2022\\\/\"},{\"@type\":\"ListItem\",\"position\":2,\"name\":\"Primeiro dia da Feijoada Sama\u00fama 2023 impressiona pela megaestrutura\"}]},{\"@type\":\"WebSite\",\"@id\":\"https:\\\/\\\/regiaonews.net.br\\\/2022\\\/#website\",\"url\":\"https:\\\/\\\/regiaonews.net.br\\\/2022\\\/\",\"name\":\"Regi\u00e3o News\",\"description\":\"Site de Not\u00edcias de Barretos e regi\u00e3o\",\"publisher\":{\"@id\":\"https:\\\/\\\/regiaonews.net.br\\\/2022\\\/#organization\"},\"potentialAction\":[{\"@type\":\"SearchAction\",\"target\":{\"@type\":\"EntryPoint\",\"urlTemplate\":\"https:\\\/\\\/regiaonews.net.br\\\/2022\\\/?s={search_term_string}\"},\"query-input\":{\"@type\":\"PropertyValueSpecification\",\"valueRequired\":true,\"valueName\":\"search_term_string\"}}],\"inLanguage\":\"pt-BR\"},{\"@type\":\"Organization\",\"@id\":\"https:\\\/\\\/regiaonews.net.br\\\/2022\\\/#organization\",\"name\":\"Regi\u00e3o News\",\"url\":\"https:\\\/\\\/regiaonews.net.br\\\/2022\\\/\",\"logo\":{\"@type\":\"ImageObject\",\"inLanguage\":\"pt-BR\",\"@id\":\"https:\\\/\\\/regiaonews.net.br\\\/2022\\\/#\\\/schema\\\/logo\\\/image\\\/\",\"url\":\"https:\\\/\\\/regiaonews.net.br\\\/2022\\\/wp-content\\\/uploads\\\/2026\\\/03\\\/regiao-13-anos-scaled.jpg\",\"contentUrl\":\"https:\\\/\\\/regiaonews.net.br\\\/2022\\\/wp-content\\\/uploads\\\/2026\\\/03\\\/regiao-13-anos-scaled.jpg\",\"width\":2560,\"height\":635,\"caption\":\"Regi\u00e3o News\"},\"image\":{\"@id\":\"https:\\\/\\\/regiaonews.net.br\\\/2022\\\/#\\\/schema\\\/logo\\\/image\\\/\"}},{\"@type\":\"Person\",\"@id\":\"https:\\\/\\\/regiaonews.net.br\\\/2022\\\/#\\\/schema\\\/person\\\/2d205a608a5aa97ac279d7a5e6d89ad8\",\"name\":\"Roberto\",\"image\":{\"@type\":\"ImageObject\",\"inLanguage\":\"pt-BR\",\"@id\":\"https:\\\/\\\/secure.gravatar.com\\\/avatar\\\/42749d8b712ff9d59ca93dc150494e5b55a44134482993f5baeb97e61b7ecc89?s=96&d=mm&r=g\",\"url\":\"https:\\\/\\\/secure.gravatar.com\\\/avatar\\\/42749d8b712ff9d59ca93dc150494e5b55a44134482993f5baeb97e61b7ecc89?s=96&d=mm&r=g\",\"contentUrl\":\"https:\\\/\\\/secure.gravatar.com\\\/avatar\\\/42749d8b712ff9d59ca93dc150494e5b55a44134482993f5baeb97e61b7ecc89?s=96&d=mm&r=g\",\"caption\":\"Roberto\"},\"url\":\"https:\\\/\\\/regiaonews.net.br\\\/2022\\\/author\\\/roberto\\\/\"}]}<\/script>\n<!-- \/ Yoast SEO plugin. -->","yoast_head_json":{"title":"Primeiro dia da Feijoada Sama\u00fama 2023 impressiona pela megaestrutura - Regi\u00e3o News","robots":{"index":"index","follow":"follow","max-snippet":"max-snippet:-1","max-image-preview":"max-image-preview:large","max-video-preview":"max-video-preview:-1"},"canonical":"https:\/\/regiaonews.net.br\/2022\/2023\/07\/25\/primeiro-dia-da-feijoada-samauma-2023-impressiona-pela-megaestrutura\/","og_locale":"pt_BR","og_type":"article","og_title":"Primeiro dia da Feijoada Sama\u00fama 2023 impressiona pela megaestrutura - Regi\u00e3o News","og_description":"Xande de Pilares, Alexandre Pires e Ra\u00e7a Negra colocaram para","og_url":"https:\/\/regiaonews.net.br\/2022\/2023\/07\/25\/primeiro-dia-da-feijoada-samauma-2023-impressiona-pela-megaestrutura\/","og_site_name":"Regi\u00e3o News","article_published_time":"2023-07-25T16:31:53+00:00","article_modified_time":"2023-07-25T18:08:21+00:00","og_image":[{"width":1600,"height":1066,"url":"https:\/\/regiaonews.net.br\/2022\/wp-content\/uploads\/2023\/07\/WhatsApp-Image-2023-07-24-at-16.09.16.jpeg","type":"image\/jpeg"}],"author":"Roberto","twitter_card":"summary_large_image","twitter_misc":{"Escrito por":"Roberto","Est. tempo de leitura":"4 minutos"},"schema":{"@context":"https:\/\/schema.org","@graph":[{"@type":"Article","@id":"https:\/\/regiaonews.net.br\/2022\/2023\/07\/25\/primeiro-dia-da-feijoada-samauma-2023-impressiona-pela-megaestrutura\/#article","isPartOf":{"@id":"https:\/\/regiaonews.net.br\/2022\/2023\/07\/25\/primeiro-dia-da-feijoada-samauma-2023-impressiona-pela-megaestrutura\/"},"author":{"name":"Roberto","@id":"https:\/\/regiaonews.net.br\/2022\/#\/schema\/person\/2d205a608a5aa97ac279d7a5e6d89ad8"},"headline":"Primeiro dia da Feijoada Sama\u00fama 2023 impressiona pela megaestrutura","datePublished":"2023-07-25T16:31:53+00:00","dateModified":"2023-07-25T18:08:21+00:00","mainEntityOfPage":{"@id":"https:\/\/regiaonews.net.br\/2022\/2023\/07\/25\/primeiro-dia-da-feijoada-samauma-2023-impressiona-pela-megaestrutura\/"},"wordCount":570,"commentCount":0,"publisher":{"@id":"https:\/\/regiaonews.net.br\/2022\/#organization"},"image":{"@id":"https:\/\/regiaonews.net.br\/2022\/2023\/07\/25\/primeiro-dia-da-feijoada-samauma-2023-impressiona-pela-megaestrutura\/#primaryimage"},"thumbnailUrl":"https:\/\/regiaonews.net.br\/2022\/wp-content\/uploads\/2023\/07\/WhatsApp-Image-2023-07-24-at-16.09.16.jpeg","articleSection":["Barretos","Geral"],"inLanguage":"pt-BR","potentialAction":[{"@type":"CommentAction","name":"Comment","target":["https:\/\/regiaonews.net.br\/2022\/2023\/07\/25\/primeiro-dia-da-feijoada-samauma-2023-impressiona-pela-megaestrutura\/#respond"]}]},{"@type":"WebPage","@id":"https:\/\/regiaonews.net.br\/2022\/2023\/07\/25\/primeiro-dia-da-feijoada-samauma-2023-impressiona-pela-megaestrutura\/","url":"https:\/\/regiaonews.net.br\/2022\/2023\/07\/25\/primeiro-dia-da-feijoada-samauma-2023-impressiona-pela-megaestrutura\/","name":"Primeiro dia da Feijoada Sama\u00fama 2023 impressiona pela megaestrutura - Regi\u00e3o News","isPartOf":{"@id":"https:\/\/regiaonews.net.br\/2022\/#website"},"primaryImageOfPage":{"@id":"https:\/\/regiaonews.net.br\/2022\/2023\/07\/25\/primeiro-dia-da-feijoada-samauma-2023-impressiona-pela-megaestrutura\/#primaryimage"},"image":{"@id":"https:\/\/regiaonews.net.br\/2022\/2023\/07\/25\/primeiro-dia-da-feijoada-samauma-2023-impressiona-pela-megaestrutura\/#primaryimage"},"thumbnailUrl":"https:\/\/regiaonews.net.br\/2022\/wp-content\/uploads\/2023\/07\/WhatsApp-Image-2023-07-24-at-16.09.16.jpeg","datePublished":"2023-07-25T16:31:53+00:00","dateModified":"2023-07-25T18:08:21+00:00","breadcrumb":{"@id":"https:\/\/regiaonews.net.br\/2022\/2023\/07\/25\/primeiro-dia-da-feijoada-samauma-2023-impressiona-pela-megaestrutura\/#breadcrumb"},"inLanguage":"pt-BR","potentialAction":[{"@type":"ReadAction","target":["https:\/\/regiaonews.net.br\/2022\/2023\/07\/25\/primeiro-dia-da-feijoada-samauma-2023-impressiona-pela-megaestrutura\/"]}]},{"@type":"ImageObject","inLanguage":"pt-BR","@id":"https:\/\/regiaonews.net.br\/2022\/2023\/07\/25\/primeiro-dia-da-feijoada-samauma-2023-impressiona-pela-megaestrutura\/#primaryimage","url":"https:\/\/regiaonews.net.br\/2022\/wp-content\/uploads\/2023\/07\/WhatsApp-Image-2023-07-24-at-16.09.16.jpeg","contentUrl":"https:\/\/regiaonews.net.br\/2022\/wp-content\/uploads\/2023\/07\/WhatsApp-Image-2023-07-24-at-16.09.16.jpeg","width":1600,"height":1066},{"@type":"BreadcrumbList","@id":"https:\/\/regiaonews.net.br\/2022\/2023\/07\/25\/primeiro-dia-da-feijoada-samauma-2023-impressiona-pela-megaestrutura\/#breadcrumb","itemListElement":[{"@type":"ListItem","position":1,"name":"In\u00edcio","item":"https:\/\/regiaonews.net.br\/2022\/"},{"@type":"ListItem","position":2,"name":"Primeiro dia da Feijoada Sama\u00fama 2023 impressiona pela megaestrutura"}]},{"@type":"WebSite","@id":"https:\/\/regiaonews.net.br\/2022\/#website","url":"https:\/\/regiaonews.net.br\/2022\/","name":"Regi\u00e3o News","description":"Site de Not\u00edcias de Barretos e regi\u00e3o","publisher":{"@id":"https:\/\/regiaonews.net.br\/2022\/#organization"},"potentialAction":[{"@type":"SearchAction","target":{"@type":"EntryPoint","urlTemplate":"https:\/\/regiaonews.net.br\/2022\/?s={search_term_string}"},"query-input":{"@type":"PropertyValueSpecification","valueRequired":true,"valueName":"search_term_string"}}],"inLanguage":"pt-BR"},{"@type":"Organization","@id":"https:\/\/regiaonews.net.br\/2022\/#organization","name":"Regi\u00e3o News","url":"https:\/\/regiaonews.net.br\/2022\/","logo":{"@type":"ImageObject","inLanguage":"pt-BR","@id":"https:\/\/regiaonews.net.br\/2022\/#\/schema\/logo\/image\/","url":"https:\/\/regiaonews.net.br\/2022\/wp-content\/uploads\/2026\/03\/regiao-13-anos-scaled.jpg","contentUrl":"https:\/\/regiaonews.net.br\/2022\/wp-content\/uploads\/2026\/03\/regiao-13-anos-scaled.jpg","width":2560,"height":635,"caption":"Regi\u00e3o News"},"image":{"@id":"https:\/\/regiaonews.net.br\/2022\/#\/schema\/logo\/image\/"}},{"@type":"Person","@id":"https:\/\/regiaonews.net.br\/2022\/#\/schema\/person\/2d205a608a5aa97ac279d7a5e6d89ad8","name":"Roberto","image":{"@type":"ImageObject","inLanguage":"pt-BR","@id":"https:\/\/secure.gravatar.com\/avatar\/42749d8b712ff9d59ca93dc150494e5b55a44134482993f5baeb97e61b7ecc89?s=96&d=mm&r=g","url":"https:\/\/secure.gravatar.com\/avatar\/42749d8b712ff9d59ca93dc150494e5b55a44134482993f5baeb97e61b7ecc89?s=96&d=mm&r=g","contentUrl":"https:\/\/secure.gravatar.com\/avatar\/42749d8b712ff9d59ca93dc150494e5b55a44134482993f5baeb97e61b7ecc89?s=96&d=mm&r=g","caption":"Roberto"},"url":"https:\/\/regiaonews.net.br\/2022\/author\/roberto\/"}]}},"publishpress_future_action":{"enabled":false,"date":"2026-05-04 01:36:39","action":"change-status","newStatus":"draft","terms":[],"taxonomy":"category","extraData":[]},"publishpress_future_workflow_manual_trigger":{"enabledWorkflows":[]},"_links":{"self":[{"href":"https:\/\/regiaonews.net.br\/2022\/wp-json\/wp\/v2\/posts\/92241","targetHints":{"allow":["GET"]}}],"collection":[{"href":"https:\/\/regiaonews.net.br\/2022\/wp-json\/wp\/v2\/posts"}],"about":[{"href":"https:\/\/regiaonews.net.br\/2022\/wp-json\/wp\/v2\/types\/post"}],"author":[{"embeddable":true,"href":"https:\/\/regiaonews.net.br\/2022\/wp-json\/wp\/v2\/users\/2"}],"replies":[{"embeddable":true,"href":"https:\/\/regiaonews.net.br\/2022\/wp-json\/wp\/v2\/comments?post=92241"}],"version-history":[{"count":4,"href":"https:\/\/regiaonews.net.br\/2022\/wp-json\/wp\/v2\/posts\/92241\/revisions"}],"predecessor-version":[{"id":92248,"href":"https:\/\/regiaonews.net.br\/2022\/wp-json\/wp\/v2\/posts\/92241\/revisions\/92248"}],"wp:featuredmedia":[{"embeddable":true,"href":"https:\/\/regiaonews.net.br\/2022\/wp-json\/wp\/v2\/media\/92244"}],"wp:attachment":[{"href":"https:\/\/regiaonews.net.br\/2022\/wp-json\/wp\/v2\/media?parent=92241"}],"wp:term":[{"taxonomy":"category","embeddable":true,"href":"https:\/\/regiaonews.net.br\/2022\/wp-json\/wp\/v2\/categories?post=92241"},{"taxonomy":"post_tag","embeddable":true,"href":"https:\/\/regiaonews.net.br\/2022\/wp-json\/wp\/v2\/tags?post=92241"}],"curies":[{"name":"wp","href":"https:\/\/api.w.org\/{rel}","templated":true}]}}