{"id":92230,"date":"2023-07-25T11:42:27","date_gmt":"2023-07-25T14:42:27","guid":{"rendered":"https:\/\/regiaonews.net.br\/2022\/?p=92230"},"modified":"2023-07-25T19:02:34","modified_gmt":"2023-07-25T22:02:34","slug":"projeto-culturaandando-abre-inscricoes-para-apresentacoes-na-68a-festa-do-peao-de-barretos","status":"publish","type":"post","link":"https:\/\/regiaonews.net.br\/2022\/2023\/07\/25\/projeto-culturaandando-abre-inscricoes-para-apresentacoes-na-68a-festa-do-peao-de-barretos\/","title":{"rendered":"Projeto CulturAAndando abre inscri\u00e7\u00f5es para apresenta\u00e7\u00f5es na 68\u00aa Festa do Pe\u00e3o de Barretos"},"content":{"rendered":"<h3 style=\"text-align: center;\">Ser\u00e3o selecionadas at\u00e9 20 apresenta\u00e7\u00f5es; Inscri\u00e7\u00f5es v\u00e3o at\u00e9 04 de agosto.<\/h3>\n<p>O Projeto CulturAAndando est\u00e1 com inscri\u00e7\u00f5es abertas para selecionar artistas de rua para se apresentarem na 68\u00aa Festa do Pe\u00e3o Barretos \u2013 que acontece de 17 a 27 de agosto. As apresenta\u00e7\u00f5es acontecer\u00e3o nas ruas do Parque do Pe\u00e3o. O objetivo \u00e9 dar oportunidade para artistas mostrarem seu talento, valorizando e difundindo a \u201carte de rua\u201d. O projeto visa, tamb\u00e9m, aproximar os artistas dos turistas que visitam a Festa.<\/p>\n<p>As inscri\u00e7\u00f5es podem ser feitas at\u00e9 04 de agosto. Ser\u00e3o selecionadas at\u00e9 20 apresenta\u00e7\u00f5es que podem ser de m\u00fasica instrumental, artes circenses, blocos de carnaval, orquestras, malabares, fanfarras, bandas marciais, pirofagia, dan\u00e7as folcl\u00f3ricas, entre outras manifesta\u00e7\u00f5es culturais.<\/p>\n<p>As apresenta\u00e7\u00f5es acontecer\u00e3o nos dias 18, 19, 25 e 26 de agosto. Al\u00e9m das manifesta\u00e7\u00f5es nas ruas, outros espa\u00e7os escolhidos para receber o projeto s\u00e3o o Monumento do Pe\u00e3o e a \u00c1rea Gastron\u00f4mica, que v\u00e3o possibilitar que os artistas mostrem seus talentos e interajam com o p\u00fablico em apresenta\u00e7\u00f5es culturais com vi\u00e9s mais &#8216;solto&#8217;, t\u00edpicas do artista de rua.<\/p>\n<p>Para se inscrever, \u00e9 necess\u00e1rio baixar o regulamento e a ficha de inscri\u00e7\u00e3o neste site (https:\/\/www.sethassessoria.com\/) e preencher os documentos e informa\u00e7\u00f5es exigidos.<\/p>\n<p>O Projeto CulturAAndando est\u00e1 em sua segunda edi\u00e7\u00e3o e \u00e9 uma realiza\u00e7\u00e3o Seth Assessoria em parceria com a Associa\u00e7\u00e3o Os Independentes.<\/p>\n<p>Festa do Pe\u00e3o de Barretos 2023<br \/>\nOs ingressos para a 68\u00aa Festa do Pe\u00e3o de Barretos est\u00e3o \u00e0 venda atrav\u00e9s do site oficial do evento e, tamb\u00e9m, pelo site da Total Acesso https:\/\/barretos.totalacesso.com\/<\/p>\n<p>Confira a programa\u00e7\u00e3o completa e mais informa\u00e7\u00f5es no site oficial de Os Independentes. https:\/\/www.independentes.com.br\/festadopeao\/inicio<\/p>\n<p><a href=\"https:\/\/regiaonews.net.br\/2022\/wp-content\/uploads\/2023\/07\/WhatsApp-Image-2023-07-25-at-11.39.00.jpeg\"><img loading=\"lazy\" decoding=\"async\" class=\"alignnone size-medium wp-image-92253\" src=\"https:\/\/regiaonews.net.br\/2022\/wp-content\/uploads\/2023\/07\/WhatsApp-Image-2023-07-25-at-11.39.00-300x200.jpeg\" alt=\"\" width=\"300\" height=\"200\" srcset=\"https:\/\/regiaonews.net.br\/2022\/wp-content\/uploads\/2023\/07\/WhatsApp-Image-2023-07-25-at-11.39.00-300x200.jpeg 300w, https:\/\/regiaonews.net.br\/2022\/wp-content\/uploads\/2023\/07\/WhatsApp-Image-2023-07-25-at-11.39.00-1024x682.jpeg 1024w, https:\/\/regiaonews.net.br\/2022\/wp-content\/uploads\/2023\/07\/WhatsApp-Image-2023-07-25-at-11.39.00-768x512.jpeg 768w, https:\/\/regiaonews.net.br\/2022\/wp-content\/uploads\/2023\/07\/WhatsApp-Image-2023-07-25-at-11.39.00-1536x1023.jpeg 1536w, https:\/\/regiaonews.net.br\/2022\/wp-content\/uploads\/2023\/07\/WhatsApp-Image-2023-07-25-at-11.39.00-250x167.jpeg 250w, https:\/\/regiaonews.net.br\/2022\/wp-content\/uploads\/2023\/07\/WhatsApp-Image-2023-07-25-at-11.39.00-900x600.jpeg 900w, https:\/\/regiaonews.net.br\/2022\/wp-content\/uploads\/2023\/07\/WhatsApp-Image-2023-07-25-at-11.39.00.jpeg 1600w\" sizes=\"auto, (max-width: 300px) 100vw, 300px\" \/><\/a><\/p>\n<p>O objetivo do projeto \u00e9 dar oportunidade para artistas mostrarem seu talento, valorizando e difundindo a &#8220;arte de rua&#8221;\u00a0 Cr\u00e9dito: Daan delima<\/p>\n","protected":false},"excerpt":{"rendered":"<p>Ser\u00e3o selecionadas at\u00e9 20 apresenta\u00e7\u00f5es; Inscri\u00e7\u00f5es v\u00e3o at\u00e9 04 de<\/p>\n","protected":false},"author":2,"featured_media":92231,"comment_status":"open","ping_status":"open","sticky":false,"template":"","format":"standard","meta":{"footnotes":""},"categories":[14,3],"tags":[],"class_list":["post-92230","post","type-post","status-publish","format-standard","has-post-thumbnail","hentry","category-barretos","category-geral"],"yoast_head":"<!-- This site is optimized with the Yoast SEO plugin v27.4 - https:\/\/yoast.com\/product\/yoast-seo-wordpress\/ -->\n<title>Projeto CulturAAndando abre inscri\u00e7\u00f5es para apresenta\u00e7\u00f5es na 68\u00aa Festa do Pe\u00e3o de Barretos - Regi\u00e3o News<\/title>\n<meta name=\"robots\" content=\"index, follow, max-snippet:-1, max-image-preview:large, max-video-preview:-1\" \/>\n<link rel=\"canonical\" href=\"https:\/\/regiaonews.net.br\/2022\/2023\/07\/25\/projeto-culturaandando-abre-inscricoes-para-apresentacoes-na-68a-festa-do-peao-de-barretos\/\" \/>\n<meta property=\"og:locale\" content=\"pt_BR\" \/>\n<meta property=\"og:type\" content=\"article\" \/>\n<meta property=\"og:title\" content=\"Projeto CulturAAndando abre inscri\u00e7\u00f5es para apresenta\u00e7\u00f5es na 68\u00aa Festa do Pe\u00e3o de Barretos - Regi\u00e3o News\" \/>\n<meta property=\"og:description\" content=\"Ser\u00e3o selecionadas at\u00e9 20 apresenta\u00e7\u00f5es; Inscri\u00e7\u00f5es v\u00e3o at\u00e9 04 de\" \/>\n<meta property=\"og:url\" content=\"https:\/\/regiaonews.net.br\/2022\/2023\/07\/25\/projeto-culturaandando-abre-inscricoes-para-apresentacoes-na-68a-festa-do-peao-de-barretos\/\" \/>\n<meta property=\"og:site_name\" content=\"Regi\u00e3o News\" \/>\n<meta property=\"article:published_time\" content=\"2023-07-25T14:42:27+00:00\" \/>\n<meta property=\"article:modified_time\" content=\"2023-07-25T22:02:34+00:00\" \/>\n<meta property=\"og:image\" content=\"https:\/\/regiaonews.net.br\/2022\/wp-content\/uploads\/2023\/07\/Imagem-do-WhatsApp-de-2023-07-25-as-11.39.28.jpg\" \/>\n\t<meta property=\"og:image:width\" content=\"1600\" \/>\n\t<meta property=\"og:image:height\" content=\"1066\" \/>\n\t<meta property=\"og:image:type\" content=\"image\/jpeg\" \/>\n<meta name=\"author\" content=\"Roberto\" \/>\n<meta name=\"twitter:card\" content=\"summary_large_image\" \/>\n<meta name=\"twitter:label1\" content=\"Escrito por\" \/>\n\t<meta name=\"twitter:data1\" content=\"Roberto\" \/>\n\t<meta name=\"twitter:label2\" content=\"Est. tempo de leitura\" \/>\n\t<meta name=\"twitter:data2\" content=\"2 minutos\" \/>\n<script type=\"application\/ld+json\" class=\"yoast-schema-graph\">{\"@context\":\"https:\\\/\\\/schema.org\",\"@graph\":[{\"@type\":\"Article\",\"@id\":\"https:\\\/\\\/regiaonews.net.br\\\/2022\\\/2023\\\/07\\\/25\\\/projeto-culturaandando-abre-inscricoes-para-apresentacoes-na-68a-festa-do-peao-de-barretos\\\/#article\",\"isPartOf\":{\"@id\":\"https:\\\/\\\/regiaonews.net.br\\\/2022\\\/2023\\\/07\\\/25\\\/projeto-culturaandando-abre-inscricoes-para-apresentacoes-na-68a-festa-do-peao-de-barretos\\\/\"},\"author\":{\"name\":\"Roberto\",\"@id\":\"https:\\\/\\\/regiaonews.net.br\\\/2022\\\/#\\\/schema\\\/person\\\/2d205a608a5aa97ac279d7a5e6d89ad8\"},\"headline\":\"Projeto CulturAAndando abre inscri\u00e7\u00f5es para apresenta\u00e7\u00f5es na 68\u00aa Festa do Pe\u00e3o de Barretos\",\"datePublished\":\"2023-07-25T14:42:27+00:00\",\"dateModified\":\"2023-07-25T22:02:34+00:00\",\"mainEntityOfPage\":{\"@id\":\"https:\\\/\\\/regiaonews.net.br\\\/2022\\\/2023\\\/07\\\/25\\\/projeto-culturaandando-abre-inscricoes-para-apresentacoes-na-68a-festa-do-peao-de-barretos\\\/\"},\"wordCount\":341,\"commentCount\":0,\"publisher\":{\"@id\":\"https:\\\/\\\/regiaonews.net.br\\\/2022\\\/#organization\"},\"image\":{\"@id\":\"https:\\\/\\\/regiaonews.net.br\\\/2022\\\/2023\\\/07\\\/25\\\/projeto-culturaandando-abre-inscricoes-para-apresentacoes-na-68a-festa-do-peao-de-barretos\\\/#primaryimage\"},\"thumbnailUrl\":\"https:\\\/\\\/regiaonews.net.br\\\/2022\\\/wp-content\\\/uploads\\\/2023\\\/07\\\/Imagem-do-WhatsApp-de-2023-07-25-as-11.39.28.jpg\",\"articleSection\":[\"Barretos\",\"Geral\"],\"inLanguage\":\"pt-BR\",\"potentialAction\":[{\"@type\":\"CommentAction\",\"name\":\"Comment\",\"target\":[\"https:\\\/\\\/regiaonews.net.br\\\/2022\\\/2023\\\/07\\\/25\\\/projeto-culturaandando-abre-inscricoes-para-apresentacoes-na-68a-festa-do-peao-de-barretos\\\/#respond\"]}]},{\"@type\":\"WebPage\",\"@id\":\"https:\\\/\\\/regiaonews.net.br\\\/2022\\\/2023\\\/07\\\/25\\\/projeto-culturaandando-abre-inscricoes-para-apresentacoes-na-68a-festa-do-peao-de-barretos\\\/\",\"url\":\"https:\\\/\\\/regiaonews.net.br\\\/2022\\\/2023\\\/07\\\/25\\\/projeto-culturaandando-abre-inscricoes-para-apresentacoes-na-68a-festa-do-peao-de-barretos\\\/\",\"name\":\"Projeto CulturAAndando abre inscri\u00e7\u00f5es para apresenta\u00e7\u00f5es na 68\u00aa Festa do Pe\u00e3o de Barretos - Regi\u00e3o News\",\"isPartOf\":{\"@id\":\"https:\\\/\\\/regiaonews.net.br\\\/2022\\\/#website\"},\"primaryImageOfPage\":{\"@id\":\"https:\\\/\\\/regiaonews.net.br\\\/2022\\\/2023\\\/07\\\/25\\\/projeto-culturaandando-abre-inscricoes-para-apresentacoes-na-68a-festa-do-peao-de-barretos\\\/#primaryimage\"},\"image\":{\"@id\":\"https:\\\/\\\/regiaonews.net.br\\\/2022\\\/2023\\\/07\\\/25\\\/projeto-culturaandando-abre-inscricoes-para-apresentacoes-na-68a-festa-do-peao-de-barretos\\\/#primaryimage\"},\"thumbnailUrl\":\"https:\\\/\\\/regiaonews.net.br\\\/2022\\\/wp-content\\\/uploads\\\/2023\\\/07\\\/Imagem-do-WhatsApp-de-2023-07-25-as-11.39.28.jpg\",\"datePublished\":\"2023-07-25T14:42:27+00:00\",\"dateModified\":\"2023-07-25T22:02:34+00:00\",\"breadcrumb\":{\"@id\":\"https:\\\/\\\/regiaonews.net.br\\\/2022\\\/2023\\\/07\\\/25\\\/projeto-culturaandando-abre-inscricoes-para-apresentacoes-na-68a-festa-do-peao-de-barretos\\\/#breadcrumb\"},\"inLanguage\":\"pt-BR\",\"potentialAction\":[{\"@type\":\"ReadAction\",\"target\":[\"https:\\\/\\\/regiaonews.net.br\\\/2022\\\/2023\\\/07\\\/25\\\/projeto-culturaandando-abre-inscricoes-para-apresentacoes-na-68a-festa-do-peao-de-barretos\\\/\"]}]},{\"@type\":\"ImageObject\",\"inLanguage\":\"pt-BR\",\"@id\":\"https:\\\/\\\/regiaonews.net.br\\\/2022\\\/2023\\\/07\\\/25\\\/projeto-culturaandando-abre-inscricoes-para-apresentacoes-na-68a-festa-do-peao-de-barretos\\\/#primaryimage\",\"url\":\"https:\\\/\\\/regiaonews.net.br\\\/2022\\\/wp-content\\\/uploads\\\/2023\\\/07\\\/Imagem-do-WhatsApp-de-2023-07-25-as-11.39.28.jpg\",\"contentUrl\":\"https:\\\/\\\/regiaonews.net.br\\\/2022\\\/wp-content\\\/uploads\\\/2023\\\/07\\\/Imagem-do-WhatsApp-de-2023-07-25-as-11.39.28.jpg\",\"width\":1600,\"height\":1066},{\"@type\":\"BreadcrumbList\",\"@id\":\"https:\\\/\\\/regiaonews.net.br\\\/2022\\\/2023\\\/07\\\/25\\\/projeto-culturaandando-abre-inscricoes-para-apresentacoes-na-68a-festa-do-peao-de-barretos\\\/#breadcrumb\",\"itemListElement\":[{\"@type\":\"ListItem\",\"position\":1,\"name\":\"In\u00edcio\",\"item\":\"https:\\\/\\\/regiaonews.net.br\\\/2022\\\/\"},{\"@type\":\"ListItem\",\"position\":2,\"name\":\"Projeto CulturAAndando abre inscri\u00e7\u00f5es para apresenta\u00e7\u00f5es na 68\u00aa Festa do Pe\u00e3o de Barretos\"}]},{\"@type\":\"WebSite\",\"@id\":\"https:\\\/\\\/regiaonews.net.br\\\/2022\\\/#website\",\"url\":\"https:\\\/\\\/regiaonews.net.br\\\/2022\\\/\",\"name\":\"Regi\u00e3o News\",\"description\":\"Site de Not\u00edcias de Barretos e regi\u00e3o\",\"publisher\":{\"@id\":\"https:\\\/\\\/regiaonews.net.br\\\/2022\\\/#organization\"},\"potentialAction\":[{\"@type\":\"SearchAction\",\"target\":{\"@type\":\"EntryPoint\",\"urlTemplate\":\"https:\\\/\\\/regiaonews.net.br\\\/2022\\\/?s={search_term_string}\"},\"query-input\":{\"@type\":\"PropertyValueSpecification\",\"valueRequired\":true,\"valueName\":\"search_term_string\"}}],\"inLanguage\":\"pt-BR\"},{\"@type\":\"Organization\",\"@id\":\"https:\\\/\\\/regiaonews.net.br\\\/2022\\\/#organization\",\"name\":\"Regi\u00e3o News\",\"url\":\"https:\\\/\\\/regiaonews.net.br\\\/2022\\\/\",\"logo\":{\"@type\":\"ImageObject\",\"inLanguage\":\"pt-BR\",\"@id\":\"https:\\\/\\\/regiaonews.net.br\\\/2022\\\/#\\\/schema\\\/logo\\\/image\\\/\",\"url\":\"https:\\\/\\\/regiaonews.net.br\\\/2022\\\/wp-content\\\/uploads\\\/2026\\\/03\\\/regiao-13-anos-scaled.jpg\",\"contentUrl\":\"https:\\\/\\\/regiaonews.net.br\\\/2022\\\/wp-content\\\/uploads\\\/2026\\\/03\\\/regiao-13-anos-scaled.jpg\",\"width\":2560,\"height\":635,\"caption\":\"Regi\u00e3o News\"},\"image\":{\"@id\":\"https:\\\/\\\/regiaonews.net.br\\\/2022\\\/#\\\/schema\\\/logo\\\/image\\\/\"}},{\"@type\":\"Person\",\"@id\":\"https:\\\/\\\/regiaonews.net.br\\\/2022\\\/#\\\/schema\\\/person\\\/2d205a608a5aa97ac279d7a5e6d89ad8\",\"name\":\"Roberto\",\"image\":{\"@type\":\"ImageObject\",\"inLanguage\":\"pt-BR\",\"@id\":\"https:\\\/\\\/secure.gravatar.com\\\/avatar\\\/42749d8b712ff9d59ca93dc150494e5b55a44134482993f5baeb97e61b7ecc89?s=96&d=mm&r=g\",\"url\":\"https:\\\/\\\/secure.gravatar.com\\\/avatar\\\/42749d8b712ff9d59ca93dc150494e5b55a44134482993f5baeb97e61b7ecc89?s=96&d=mm&r=g\",\"contentUrl\":\"https:\\\/\\\/secure.gravatar.com\\\/avatar\\\/42749d8b712ff9d59ca93dc150494e5b55a44134482993f5baeb97e61b7ecc89?s=96&d=mm&r=g\",\"caption\":\"Roberto\"},\"url\":\"https:\\\/\\\/regiaonews.net.br\\\/2022\\\/author\\\/roberto\\\/\"}]}<\/script>\n<!-- \/ Yoast SEO plugin. -->","yoast_head_json":{"title":"Projeto CulturAAndando abre inscri\u00e7\u00f5es para apresenta\u00e7\u00f5es na 68\u00aa Festa do Pe\u00e3o de Barretos - Regi\u00e3o News","robots":{"index":"index","follow":"follow","max-snippet":"max-snippet:-1","max-image-preview":"max-image-preview:large","max-video-preview":"max-video-preview:-1"},"canonical":"https:\/\/regiaonews.net.br\/2022\/2023\/07\/25\/projeto-culturaandando-abre-inscricoes-para-apresentacoes-na-68a-festa-do-peao-de-barretos\/","og_locale":"pt_BR","og_type":"article","og_title":"Projeto CulturAAndando abre inscri\u00e7\u00f5es para apresenta\u00e7\u00f5es na 68\u00aa Festa do Pe\u00e3o de Barretos - Regi\u00e3o News","og_description":"Ser\u00e3o selecionadas at\u00e9 20 apresenta\u00e7\u00f5es; Inscri\u00e7\u00f5es v\u00e3o at\u00e9 04 de","og_url":"https:\/\/regiaonews.net.br\/2022\/2023\/07\/25\/projeto-culturaandando-abre-inscricoes-para-apresentacoes-na-68a-festa-do-peao-de-barretos\/","og_site_name":"Regi\u00e3o News","article_published_time":"2023-07-25T14:42:27+00:00","article_modified_time":"2023-07-25T22:02:34+00:00","og_image":[{"width":1600,"height":1066,"url":"https:\/\/regiaonews.net.br\/2022\/wp-content\/uploads\/2023\/07\/Imagem-do-WhatsApp-de-2023-07-25-as-11.39.28.jpg","type":"image\/jpeg"}],"author":"Roberto","twitter_card":"summary_large_image","twitter_misc":{"Escrito por":"Roberto","Est. tempo de leitura":"2 minutos"},"schema":{"@context":"https:\/\/schema.org","@graph":[{"@type":"Article","@id":"https:\/\/regiaonews.net.br\/2022\/2023\/07\/25\/projeto-culturaandando-abre-inscricoes-para-apresentacoes-na-68a-festa-do-peao-de-barretos\/#article","isPartOf":{"@id":"https:\/\/regiaonews.net.br\/2022\/2023\/07\/25\/projeto-culturaandando-abre-inscricoes-para-apresentacoes-na-68a-festa-do-peao-de-barretos\/"},"author":{"name":"Roberto","@id":"https:\/\/regiaonews.net.br\/2022\/#\/schema\/person\/2d205a608a5aa97ac279d7a5e6d89ad8"},"headline":"Projeto CulturAAndando abre inscri\u00e7\u00f5es para apresenta\u00e7\u00f5es na 68\u00aa Festa do Pe\u00e3o de Barretos","datePublished":"2023-07-25T14:42:27+00:00","dateModified":"2023-07-25T22:02:34+00:00","mainEntityOfPage":{"@id":"https:\/\/regiaonews.net.br\/2022\/2023\/07\/25\/projeto-culturaandando-abre-inscricoes-para-apresentacoes-na-68a-festa-do-peao-de-barretos\/"},"wordCount":341,"commentCount":0,"publisher":{"@id":"https:\/\/regiaonews.net.br\/2022\/#organization"},"image":{"@id":"https:\/\/regiaonews.net.br\/2022\/2023\/07\/25\/projeto-culturaandando-abre-inscricoes-para-apresentacoes-na-68a-festa-do-peao-de-barretos\/#primaryimage"},"thumbnailUrl":"https:\/\/regiaonews.net.br\/2022\/wp-content\/uploads\/2023\/07\/Imagem-do-WhatsApp-de-2023-07-25-as-11.39.28.jpg","articleSection":["Barretos","Geral"],"inLanguage":"pt-BR","potentialAction":[{"@type":"CommentAction","name":"Comment","target":["https:\/\/regiaonews.net.br\/2022\/2023\/07\/25\/projeto-culturaandando-abre-inscricoes-para-apresentacoes-na-68a-festa-do-peao-de-barretos\/#respond"]}]},{"@type":"WebPage","@id":"https:\/\/regiaonews.net.br\/2022\/2023\/07\/25\/projeto-culturaandando-abre-inscricoes-para-apresentacoes-na-68a-festa-do-peao-de-barretos\/","url":"https:\/\/regiaonews.net.br\/2022\/2023\/07\/25\/projeto-culturaandando-abre-inscricoes-para-apresentacoes-na-68a-festa-do-peao-de-barretos\/","name":"Projeto CulturAAndando abre inscri\u00e7\u00f5es para apresenta\u00e7\u00f5es na 68\u00aa Festa do Pe\u00e3o de Barretos - Regi\u00e3o News","isPartOf":{"@id":"https:\/\/regiaonews.net.br\/2022\/#website"},"primaryImageOfPage":{"@id":"https:\/\/regiaonews.net.br\/2022\/2023\/07\/25\/projeto-culturaandando-abre-inscricoes-para-apresentacoes-na-68a-festa-do-peao-de-barretos\/#primaryimage"},"image":{"@id":"https:\/\/regiaonews.net.br\/2022\/2023\/07\/25\/projeto-culturaandando-abre-inscricoes-para-apresentacoes-na-68a-festa-do-peao-de-barretos\/#primaryimage"},"thumbnailUrl":"https:\/\/regiaonews.net.br\/2022\/wp-content\/uploads\/2023\/07\/Imagem-do-WhatsApp-de-2023-07-25-as-11.39.28.jpg","datePublished":"2023-07-25T14:42:27+00:00","dateModified":"2023-07-25T22:02:34+00:00","breadcrumb":{"@id":"https:\/\/regiaonews.net.br\/2022\/2023\/07\/25\/projeto-culturaandando-abre-inscricoes-para-apresentacoes-na-68a-festa-do-peao-de-barretos\/#breadcrumb"},"inLanguage":"pt-BR","potentialAction":[{"@type":"ReadAction","target":["https:\/\/regiaonews.net.br\/2022\/2023\/07\/25\/projeto-culturaandando-abre-inscricoes-para-apresentacoes-na-68a-festa-do-peao-de-barretos\/"]}]},{"@type":"ImageObject","inLanguage":"pt-BR","@id":"https:\/\/regiaonews.net.br\/2022\/2023\/07\/25\/projeto-culturaandando-abre-inscricoes-para-apresentacoes-na-68a-festa-do-peao-de-barretos\/#primaryimage","url":"https:\/\/regiaonews.net.br\/2022\/wp-content\/uploads\/2023\/07\/Imagem-do-WhatsApp-de-2023-07-25-as-11.39.28.jpg","contentUrl":"https:\/\/regiaonews.net.br\/2022\/wp-content\/uploads\/2023\/07\/Imagem-do-WhatsApp-de-2023-07-25-as-11.39.28.jpg","width":1600,"height":1066},{"@type":"BreadcrumbList","@id":"https:\/\/regiaonews.net.br\/2022\/2023\/07\/25\/projeto-culturaandando-abre-inscricoes-para-apresentacoes-na-68a-festa-do-peao-de-barretos\/#breadcrumb","itemListElement":[{"@type":"ListItem","position":1,"name":"In\u00edcio","item":"https:\/\/regiaonews.net.br\/2022\/"},{"@type":"ListItem","position":2,"name":"Projeto CulturAAndando abre inscri\u00e7\u00f5es para apresenta\u00e7\u00f5es na 68\u00aa Festa do Pe\u00e3o de Barretos"}]},{"@type":"WebSite","@id":"https:\/\/regiaonews.net.br\/2022\/#website","url":"https:\/\/regiaonews.net.br\/2022\/","name":"Regi\u00e3o News","description":"Site de Not\u00edcias de Barretos e regi\u00e3o","publisher":{"@id":"https:\/\/regiaonews.net.br\/2022\/#organization"},"potentialAction":[{"@type":"SearchAction","target":{"@type":"EntryPoint","urlTemplate":"https:\/\/regiaonews.net.br\/2022\/?s={search_term_string}"},"query-input":{"@type":"PropertyValueSpecification","valueRequired":true,"valueName":"search_term_string"}}],"inLanguage":"pt-BR"},{"@type":"Organization","@id":"https:\/\/regiaonews.net.br\/2022\/#organization","name":"Regi\u00e3o News","url":"https:\/\/regiaonews.net.br\/2022\/","logo":{"@type":"ImageObject","inLanguage":"pt-BR","@id":"https:\/\/regiaonews.net.br\/2022\/#\/schema\/logo\/image\/","url":"https:\/\/regiaonews.net.br\/2022\/wp-content\/uploads\/2026\/03\/regiao-13-anos-scaled.jpg","contentUrl":"https:\/\/regiaonews.net.br\/2022\/wp-content\/uploads\/2026\/03\/regiao-13-anos-scaled.jpg","width":2560,"height":635,"caption":"Regi\u00e3o News"},"image":{"@id":"https:\/\/regiaonews.net.br\/2022\/#\/schema\/logo\/image\/"}},{"@type":"Person","@id":"https:\/\/regiaonews.net.br\/2022\/#\/schema\/person\/2d205a608a5aa97ac279d7a5e6d89ad8","name":"Roberto","image":{"@type":"ImageObject","inLanguage":"pt-BR","@id":"https:\/\/secure.gravatar.com\/avatar\/42749d8b712ff9d59ca93dc150494e5b55a44134482993f5baeb97e61b7ecc89?s=96&d=mm&r=g","url":"https:\/\/secure.gravatar.com\/avatar\/42749d8b712ff9d59ca93dc150494e5b55a44134482993f5baeb97e61b7ecc89?s=96&d=mm&r=g","contentUrl":"https:\/\/secure.gravatar.com\/avatar\/42749d8b712ff9d59ca93dc150494e5b55a44134482993f5baeb97e61b7ecc89?s=96&d=mm&r=g","caption":"Roberto"},"url":"https:\/\/regiaonews.net.br\/2022\/author\/roberto\/"}]}},"publishpress_future_action":{"enabled":false,"date":"2026-05-03 22:17:38","action":"change-status","newStatus":"draft","terms":[],"taxonomy":"category","extraData":[]},"publishpress_future_workflow_manual_trigger":{"enabledWorkflows":[]},"_links":{"self":[{"href":"https:\/\/regiaonews.net.br\/2022\/wp-json\/wp\/v2\/posts\/92230","targetHints":{"allow":["GET"]}}],"collection":[{"href":"https:\/\/regiaonews.net.br\/2022\/wp-json\/wp\/v2\/posts"}],"about":[{"href":"https:\/\/regiaonews.net.br\/2022\/wp-json\/wp\/v2\/types\/post"}],"author":[{"embeddable":true,"href":"https:\/\/regiaonews.net.br\/2022\/wp-json\/wp\/v2\/users\/2"}],"replies":[{"embeddable":true,"href":"https:\/\/regiaonews.net.br\/2022\/wp-json\/wp\/v2\/comments?post=92230"}],"version-history":[{"count":3,"href":"https:\/\/regiaonews.net.br\/2022\/wp-json\/wp\/v2\/posts\/92230\/revisions"}],"predecessor-version":[{"id":92254,"href":"https:\/\/regiaonews.net.br\/2022\/wp-json\/wp\/v2\/posts\/92230\/revisions\/92254"}],"wp:featuredmedia":[{"embeddable":true,"href":"https:\/\/regiaonews.net.br\/2022\/wp-json\/wp\/v2\/media\/92231"}],"wp:attachment":[{"href":"https:\/\/regiaonews.net.br\/2022\/wp-json\/wp\/v2\/media?parent=92230"}],"wp:term":[{"taxonomy":"category","embeddable":true,"href":"https:\/\/regiaonews.net.br\/2022\/wp-json\/wp\/v2\/categories?post=92230"},{"taxonomy":"post_tag","embeddable":true,"href":"https:\/\/regiaonews.net.br\/2022\/wp-json\/wp\/v2\/tags?post=92230"}],"curies":[{"name":"wp","href":"https:\/\/api.w.org\/{rel}","templated":true}]}}