{"id":92228,"date":"2023-07-25T11:41:21","date_gmt":"2023-07-25T14:41:21","guid":{"rendered":"https:\/\/regiaonews.net.br\/2022\/?p=92228"},"modified":"2023-07-25T11:41:21","modified_gmt":"2023-07-25T14:41:21","slug":"copa-do-brasil-corinthians-e-sao-paulo-abrem-hoje-as-semifinais","status":"publish","type":"post","link":"https:\/\/regiaonews.net.br\/2022\/2023\/07\/25\/copa-do-brasil-corinthians-e-sao-paulo-abrem-hoje-as-semifinais\/","title":{"rendered":"Copa do Brasil &#8211; Corinthians e S\u00e3o Paulo abrem hoje as semifinais"},"content":{"rendered":"<p>As semifinais da Copa do Brasil tem in\u00edcio hoje (25), como duelo entre Corinthians e S\u00e3o Paulo que come\u00e7a a definir os que ser\u00e3o os finalistas da competi\u00e7\u00e3o que reuniu equipes de v\u00e1rios estados e divis\u00f5es do futebol brasileiro.<br \/>\nO primeiro jogo que a abre a fase semifinal, ser\u00e1 o cl\u00e1ssico Majestoso entre Corinthians e S\u00e3o Paulo agendado para hoje (25), \u00e0s 21h30, na Neo Qu\u00edmica Arena. Finalista em 2022, o Corinthians vem de duas classifica\u00e7\u00f5es nos p\u00eanaltis contra os mineiros Atl\u00e9tico-MG e Am\u00e9rica-MG e ter\u00e1 a for\u00e7a de sua torcida nas arquibancadas. J\u00e1 o S\u00e3o Paulo alcan\u00e7ou a semifinal pelo segundo ano consecutivo e eliminou o Palmeiras no Allianz Parque para se firmar novamente como um dos \u00faltimos quatro candidatos ao t\u00edtulo.<br \/>\nO outro duelo, da semifinal re\u00fane Gr\u00eamio e Flamengo, que juntos somam nove t\u00edtulos.<br \/>\nA partida est\u00e1 agendada para esta quarta-feira (26), \u00e0s 21h30, na Arena do Gr\u00eamio.<br \/>\nFlamengo e S\u00e3o Paulo ser\u00e3o os mandantes das partidas de volta, marcadas para\u00a016\u00a0de\u00a0agosto.<\/p>\n","protected":false},"excerpt":{"rendered":"<p>As semifinais da Copa do Brasil tem in\u00edcio hoje (25),<\/p>\n","protected":false},"author":2,"featured_media":75873,"comment_status":"open","ping_status":"open","sticky":false,"template":"","format":"standard","meta":{"footnotes":""},"categories":[24,21],"tags":[],"class_list":["post-92228","post","type-post","status-publish","format-standard","has-post-thumbnail","hentry","category-brasil","category-esporte"],"yoast_head":"<!-- This site is optimized with the Yoast SEO plugin v27.4 - https:\/\/yoast.com\/product\/yoast-seo-wordpress\/ -->\n<title>Copa do Brasil - Corinthians e S\u00e3o Paulo abrem hoje as semifinais - Regi\u00e3o News<\/title>\n<meta name=\"robots\" content=\"index, follow, max-snippet:-1, max-image-preview:large, max-video-preview:-1\" \/>\n<link rel=\"canonical\" href=\"https:\/\/regiaonews.net.br\/2022\/2023\/07\/25\/copa-do-brasil-corinthians-e-sao-paulo-abrem-hoje-as-semifinais\/\" \/>\n<meta property=\"og:locale\" content=\"pt_BR\" \/>\n<meta property=\"og:type\" content=\"article\" \/>\n<meta property=\"og:title\" content=\"Copa do Brasil - Corinthians e S\u00e3o Paulo abrem hoje as semifinais - Regi\u00e3o News\" \/>\n<meta property=\"og:description\" content=\"As semifinais da Copa do Brasil tem in\u00edcio hoje (25),\" \/>\n<meta property=\"og:url\" content=\"https:\/\/regiaonews.net.br\/2022\/2023\/07\/25\/copa-do-brasil-corinthians-e-sao-paulo-abrem-hoje-as-semifinais\/\" \/>\n<meta property=\"og:site_name\" content=\"Regi\u00e3o News\" \/>\n<meta property=\"article:published_time\" content=\"2023-07-25T14:41:21+00:00\" \/>\n<meta property=\"og:image\" content=\"https:\/\/regiaonews.net.br\/2022\/wp-content\/uploads\/2022\/07\/983_corinthians-1.jpg\" \/>\n\t<meta property=\"og:image:width\" content=\"1166\" \/>\n\t<meta property=\"og:image:height\" content=\"586\" \/>\n\t<meta property=\"og:image:type\" content=\"image\/jpeg\" \/>\n<meta name=\"author\" content=\"Roberto\" \/>\n<meta name=\"twitter:card\" content=\"summary_large_image\" \/>\n<meta name=\"twitter:label1\" content=\"Escrito por\" \/>\n\t<meta name=\"twitter:data1\" content=\"Roberto\" \/>\n\t<meta name=\"twitter:label2\" content=\"Est. tempo de leitura\" \/>\n\t<meta name=\"twitter:data2\" content=\"1 minuto\" \/>\n<script type=\"application\/ld+json\" class=\"yoast-schema-graph\">{\"@context\":\"https:\\\/\\\/schema.org\",\"@graph\":[{\"@type\":\"Article\",\"@id\":\"https:\\\/\\\/regiaonews.net.br\\\/2022\\\/2023\\\/07\\\/25\\\/copa-do-brasil-corinthians-e-sao-paulo-abrem-hoje-as-semifinais\\\/#article\",\"isPartOf\":{\"@id\":\"https:\\\/\\\/regiaonews.net.br\\\/2022\\\/2023\\\/07\\\/25\\\/copa-do-brasil-corinthians-e-sao-paulo-abrem-hoje-as-semifinais\\\/\"},\"author\":{\"name\":\"Roberto\",\"@id\":\"https:\\\/\\\/regiaonews.net.br\\\/2022\\\/#\\\/schema\\\/person\\\/2d205a608a5aa97ac279d7a5e6d89ad8\"},\"headline\":\"Copa do Brasil &#8211; Corinthians e S\u00e3o Paulo abrem hoje as semifinais\",\"datePublished\":\"2023-07-25T14:41:21+00:00\",\"mainEntityOfPage\":{\"@id\":\"https:\\\/\\\/regiaonews.net.br\\\/2022\\\/2023\\\/07\\\/25\\\/copa-do-brasil-corinthians-e-sao-paulo-abrem-hoje-as-semifinais\\\/\"},\"wordCount\":199,\"commentCount\":0,\"publisher\":{\"@id\":\"https:\\\/\\\/regiaonews.net.br\\\/2022\\\/#organization\"},\"image\":{\"@id\":\"https:\\\/\\\/regiaonews.net.br\\\/2022\\\/2023\\\/07\\\/25\\\/copa-do-brasil-corinthians-e-sao-paulo-abrem-hoje-as-semifinais\\\/#primaryimage\"},\"thumbnailUrl\":\"https:\\\/\\\/regiaonews.net.br\\\/2022\\\/wp-content\\\/uploads\\\/2022\\\/07\\\/983_corinthians-1.jpg\",\"articleSection\":[\"Brasil\",\"Esporte\"],\"inLanguage\":\"pt-BR\",\"potentialAction\":[{\"@type\":\"CommentAction\",\"name\":\"Comment\",\"target\":[\"https:\\\/\\\/regiaonews.net.br\\\/2022\\\/2023\\\/07\\\/25\\\/copa-do-brasil-corinthians-e-sao-paulo-abrem-hoje-as-semifinais\\\/#respond\"]}]},{\"@type\":\"WebPage\",\"@id\":\"https:\\\/\\\/regiaonews.net.br\\\/2022\\\/2023\\\/07\\\/25\\\/copa-do-brasil-corinthians-e-sao-paulo-abrem-hoje-as-semifinais\\\/\",\"url\":\"https:\\\/\\\/regiaonews.net.br\\\/2022\\\/2023\\\/07\\\/25\\\/copa-do-brasil-corinthians-e-sao-paulo-abrem-hoje-as-semifinais\\\/\",\"name\":\"Copa do Brasil - Corinthians e S\u00e3o Paulo abrem hoje as semifinais - Regi\u00e3o News\",\"isPartOf\":{\"@id\":\"https:\\\/\\\/regiaonews.net.br\\\/2022\\\/#website\"},\"primaryImageOfPage\":{\"@id\":\"https:\\\/\\\/regiaonews.net.br\\\/2022\\\/2023\\\/07\\\/25\\\/copa-do-brasil-corinthians-e-sao-paulo-abrem-hoje-as-semifinais\\\/#primaryimage\"},\"image\":{\"@id\":\"https:\\\/\\\/regiaonews.net.br\\\/2022\\\/2023\\\/07\\\/25\\\/copa-do-brasil-corinthians-e-sao-paulo-abrem-hoje-as-semifinais\\\/#primaryimage\"},\"thumbnailUrl\":\"https:\\\/\\\/regiaonews.net.br\\\/2022\\\/wp-content\\\/uploads\\\/2022\\\/07\\\/983_corinthians-1.jpg\",\"datePublished\":\"2023-07-25T14:41:21+00:00\",\"breadcrumb\":{\"@id\":\"https:\\\/\\\/regiaonews.net.br\\\/2022\\\/2023\\\/07\\\/25\\\/copa-do-brasil-corinthians-e-sao-paulo-abrem-hoje-as-semifinais\\\/#breadcrumb\"},\"inLanguage\":\"pt-BR\",\"potentialAction\":[{\"@type\":\"ReadAction\",\"target\":[\"https:\\\/\\\/regiaonews.net.br\\\/2022\\\/2023\\\/07\\\/25\\\/copa-do-brasil-corinthians-e-sao-paulo-abrem-hoje-as-semifinais\\\/\"]}]},{\"@type\":\"ImageObject\",\"inLanguage\":\"pt-BR\",\"@id\":\"https:\\\/\\\/regiaonews.net.br\\\/2022\\\/2023\\\/07\\\/25\\\/copa-do-brasil-corinthians-e-sao-paulo-abrem-hoje-as-semifinais\\\/#primaryimage\",\"url\":\"https:\\\/\\\/regiaonews.net.br\\\/2022\\\/wp-content\\\/uploads\\\/2022\\\/07\\\/983_corinthians-1.jpg\",\"contentUrl\":\"https:\\\/\\\/regiaonews.net.br\\\/2022\\\/wp-content\\\/uploads\\\/2022\\\/07\\\/983_corinthians-1.jpg\",\"width\":1166,\"height\":586},{\"@type\":\"BreadcrumbList\",\"@id\":\"https:\\\/\\\/regiaonews.net.br\\\/2022\\\/2023\\\/07\\\/25\\\/copa-do-brasil-corinthians-e-sao-paulo-abrem-hoje-as-semifinais\\\/#breadcrumb\",\"itemListElement\":[{\"@type\":\"ListItem\",\"position\":1,\"name\":\"In\u00edcio\",\"item\":\"https:\\\/\\\/regiaonews.net.br\\\/2022\\\/\"},{\"@type\":\"ListItem\",\"position\":2,\"name\":\"Copa do Brasil &#8211; Corinthians e S\u00e3o Paulo abrem hoje as semifinais\"}]},{\"@type\":\"WebSite\",\"@id\":\"https:\\\/\\\/regiaonews.net.br\\\/2022\\\/#website\",\"url\":\"https:\\\/\\\/regiaonews.net.br\\\/2022\\\/\",\"name\":\"Regi\u00e3o News\",\"description\":\"Site de Not\u00edcias de Barretos e regi\u00e3o\",\"publisher\":{\"@id\":\"https:\\\/\\\/regiaonews.net.br\\\/2022\\\/#organization\"},\"potentialAction\":[{\"@type\":\"SearchAction\",\"target\":{\"@type\":\"EntryPoint\",\"urlTemplate\":\"https:\\\/\\\/regiaonews.net.br\\\/2022\\\/?s={search_term_string}\"},\"query-input\":{\"@type\":\"PropertyValueSpecification\",\"valueRequired\":true,\"valueName\":\"search_term_string\"}}],\"inLanguage\":\"pt-BR\"},{\"@type\":\"Organization\",\"@id\":\"https:\\\/\\\/regiaonews.net.br\\\/2022\\\/#organization\",\"name\":\"Regi\u00e3o News\",\"url\":\"https:\\\/\\\/regiaonews.net.br\\\/2022\\\/\",\"logo\":{\"@type\":\"ImageObject\",\"inLanguage\":\"pt-BR\",\"@id\":\"https:\\\/\\\/regiaonews.net.br\\\/2022\\\/#\\\/schema\\\/logo\\\/image\\\/\",\"url\":\"https:\\\/\\\/regiaonews.net.br\\\/2022\\\/wp-content\\\/uploads\\\/2026\\\/03\\\/regiao-13-anos-scaled.jpg\",\"contentUrl\":\"https:\\\/\\\/regiaonews.net.br\\\/2022\\\/wp-content\\\/uploads\\\/2026\\\/03\\\/regiao-13-anos-scaled.jpg\",\"width\":2560,\"height\":635,\"caption\":\"Regi\u00e3o News\"},\"image\":{\"@id\":\"https:\\\/\\\/regiaonews.net.br\\\/2022\\\/#\\\/schema\\\/logo\\\/image\\\/\"}},{\"@type\":\"Person\",\"@id\":\"https:\\\/\\\/regiaonews.net.br\\\/2022\\\/#\\\/schema\\\/person\\\/2d205a608a5aa97ac279d7a5e6d89ad8\",\"name\":\"Roberto\",\"image\":{\"@type\":\"ImageObject\",\"inLanguage\":\"pt-BR\",\"@id\":\"https:\\\/\\\/secure.gravatar.com\\\/avatar\\\/42749d8b712ff9d59ca93dc150494e5b55a44134482993f5baeb97e61b7ecc89?s=96&d=mm&r=g\",\"url\":\"https:\\\/\\\/secure.gravatar.com\\\/avatar\\\/42749d8b712ff9d59ca93dc150494e5b55a44134482993f5baeb97e61b7ecc89?s=96&d=mm&r=g\",\"contentUrl\":\"https:\\\/\\\/secure.gravatar.com\\\/avatar\\\/42749d8b712ff9d59ca93dc150494e5b55a44134482993f5baeb97e61b7ecc89?s=96&d=mm&r=g\",\"caption\":\"Roberto\"},\"url\":\"https:\\\/\\\/regiaonews.net.br\\\/2022\\\/author\\\/roberto\\\/\"}]}<\/script>\n<!-- \/ Yoast SEO plugin. -->","yoast_head_json":{"title":"Copa do Brasil - Corinthians e S\u00e3o Paulo abrem hoje as semifinais - Regi\u00e3o News","robots":{"index":"index","follow":"follow","max-snippet":"max-snippet:-1","max-image-preview":"max-image-preview:large","max-video-preview":"max-video-preview:-1"},"canonical":"https:\/\/regiaonews.net.br\/2022\/2023\/07\/25\/copa-do-brasil-corinthians-e-sao-paulo-abrem-hoje-as-semifinais\/","og_locale":"pt_BR","og_type":"article","og_title":"Copa do Brasil - Corinthians e S\u00e3o Paulo abrem hoje as semifinais - Regi\u00e3o News","og_description":"As semifinais da Copa do Brasil tem in\u00edcio hoje (25),","og_url":"https:\/\/regiaonews.net.br\/2022\/2023\/07\/25\/copa-do-brasil-corinthians-e-sao-paulo-abrem-hoje-as-semifinais\/","og_site_name":"Regi\u00e3o News","article_published_time":"2023-07-25T14:41:21+00:00","og_image":[{"width":1166,"height":586,"url":"https:\/\/regiaonews.net.br\/2022\/wp-content\/uploads\/2022\/07\/983_corinthians-1.jpg","type":"image\/jpeg"}],"author":"Roberto","twitter_card":"summary_large_image","twitter_misc":{"Escrito por":"Roberto","Est. tempo de leitura":"1 minuto"},"schema":{"@context":"https:\/\/schema.org","@graph":[{"@type":"Article","@id":"https:\/\/regiaonews.net.br\/2022\/2023\/07\/25\/copa-do-brasil-corinthians-e-sao-paulo-abrem-hoje-as-semifinais\/#article","isPartOf":{"@id":"https:\/\/regiaonews.net.br\/2022\/2023\/07\/25\/copa-do-brasil-corinthians-e-sao-paulo-abrem-hoje-as-semifinais\/"},"author":{"name":"Roberto","@id":"https:\/\/regiaonews.net.br\/2022\/#\/schema\/person\/2d205a608a5aa97ac279d7a5e6d89ad8"},"headline":"Copa do Brasil &#8211; Corinthians e S\u00e3o Paulo abrem hoje as semifinais","datePublished":"2023-07-25T14:41:21+00:00","mainEntityOfPage":{"@id":"https:\/\/regiaonews.net.br\/2022\/2023\/07\/25\/copa-do-brasil-corinthians-e-sao-paulo-abrem-hoje-as-semifinais\/"},"wordCount":199,"commentCount":0,"publisher":{"@id":"https:\/\/regiaonews.net.br\/2022\/#organization"},"image":{"@id":"https:\/\/regiaonews.net.br\/2022\/2023\/07\/25\/copa-do-brasil-corinthians-e-sao-paulo-abrem-hoje-as-semifinais\/#primaryimage"},"thumbnailUrl":"https:\/\/regiaonews.net.br\/2022\/wp-content\/uploads\/2022\/07\/983_corinthians-1.jpg","articleSection":["Brasil","Esporte"],"inLanguage":"pt-BR","potentialAction":[{"@type":"CommentAction","name":"Comment","target":["https:\/\/regiaonews.net.br\/2022\/2023\/07\/25\/copa-do-brasil-corinthians-e-sao-paulo-abrem-hoje-as-semifinais\/#respond"]}]},{"@type":"WebPage","@id":"https:\/\/regiaonews.net.br\/2022\/2023\/07\/25\/copa-do-brasil-corinthians-e-sao-paulo-abrem-hoje-as-semifinais\/","url":"https:\/\/regiaonews.net.br\/2022\/2023\/07\/25\/copa-do-brasil-corinthians-e-sao-paulo-abrem-hoje-as-semifinais\/","name":"Copa do Brasil - Corinthians e S\u00e3o Paulo abrem hoje as semifinais - Regi\u00e3o News","isPartOf":{"@id":"https:\/\/regiaonews.net.br\/2022\/#website"},"primaryImageOfPage":{"@id":"https:\/\/regiaonews.net.br\/2022\/2023\/07\/25\/copa-do-brasil-corinthians-e-sao-paulo-abrem-hoje-as-semifinais\/#primaryimage"},"image":{"@id":"https:\/\/regiaonews.net.br\/2022\/2023\/07\/25\/copa-do-brasil-corinthians-e-sao-paulo-abrem-hoje-as-semifinais\/#primaryimage"},"thumbnailUrl":"https:\/\/regiaonews.net.br\/2022\/wp-content\/uploads\/2022\/07\/983_corinthians-1.jpg","datePublished":"2023-07-25T14:41:21+00:00","breadcrumb":{"@id":"https:\/\/regiaonews.net.br\/2022\/2023\/07\/25\/copa-do-brasil-corinthians-e-sao-paulo-abrem-hoje-as-semifinais\/#breadcrumb"},"inLanguage":"pt-BR","potentialAction":[{"@type":"ReadAction","target":["https:\/\/regiaonews.net.br\/2022\/2023\/07\/25\/copa-do-brasil-corinthians-e-sao-paulo-abrem-hoje-as-semifinais\/"]}]},{"@type":"ImageObject","inLanguage":"pt-BR","@id":"https:\/\/regiaonews.net.br\/2022\/2023\/07\/25\/copa-do-brasil-corinthians-e-sao-paulo-abrem-hoje-as-semifinais\/#primaryimage","url":"https:\/\/regiaonews.net.br\/2022\/wp-content\/uploads\/2022\/07\/983_corinthians-1.jpg","contentUrl":"https:\/\/regiaonews.net.br\/2022\/wp-content\/uploads\/2022\/07\/983_corinthians-1.jpg","width":1166,"height":586},{"@type":"BreadcrumbList","@id":"https:\/\/regiaonews.net.br\/2022\/2023\/07\/25\/copa-do-brasil-corinthians-e-sao-paulo-abrem-hoje-as-semifinais\/#breadcrumb","itemListElement":[{"@type":"ListItem","position":1,"name":"In\u00edcio","item":"https:\/\/regiaonews.net.br\/2022\/"},{"@type":"ListItem","position":2,"name":"Copa do Brasil &#8211; Corinthians e S\u00e3o Paulo abrem hoje as semifinais"}]},{"@type":"WebSite","@id":"https:\/\/regiaonews.net.br\/2022\/#website","url":"https:\/\/regiaonews.net.br\/2022\/","name":"Regi\u00e3o News","description":"Site de Not\u00edcias de Barretos e regi\u00e3o","publisher":{"@id":"https:\/\/regiaonews.net.br\/2022\/#organization"},"potentialAction":[{"@type":"SearchAction","target":{"@type":"EntryPoint","urlTemplate":"https:\/\/regiaonews.net.br\/2022\/?s={search_term_string}"},"query-input":{"@type":"PropertyValueSpecification","valueRequired":true,"valueName":"search_term_string"}}],"inLanguage":"pt-BR"},{"@type":"Organization","@id":"https:\/\/regiaonews.net.br\/2022\/#organization","name":"Regi\u00e3o News","url":"https:\/\/regiaonews.net.br\/2022\/","logo":{"@type":"ImageObject","inLanguage":"pt-BR","@id":"https:\/\/regiaonews.net.br\/2022\/#\/schema\/logo\/image\/","url":"https:\/\/regiaonews.net.br\/2022\/wp-content\/uploads\/2026\/03\/regiao-13-anos-scaled.jpg","contentUrl":"https:\/\/regiaonews.net.br\/2022\/wp-content\/uploads\/2026\/03\/regiao-13-anos-scaled.jpg","width":2560,"height":635,"caption":"Regi\u00e3o News"},"image":{"@id":"https:\/\/regiaonews.net.br\/2022\/#\/schema\/logo\/image\/"}},{"@type":"Person","@id":"https:\/\/regiaonews.net.br\/2022\/#\/schema\/person\/2d205a608a5aa97ac279d7a5e6d89ad8","name":"Roberto","image":{"@type":"ImageObject","inLanguage":"pt-BR","@id":"https:\/\/secure.gravatar.com\/avatar\/42749d8b712ff9d59ca93dc150494e5b55a44134482993f5baeb97e61b7ecc89?s=96&d=mm&r=g","url":"https:\/\/secure.gravatar.com\/avatar\/42749d8b712ff9d59ca93dc150494e5b55a44134482993f5baeb97e61b7ecc89?s=96&d=mm&r=g","contentUrl":"https:\/\/secure.gravatar.com\/avatar\/42749d8b712ff9d59ca93dc150494e5b55a44134482993f5baeb97e61b7ecc89?s=96&d=mm&r=g","caption":"Roberto"},"url":"https:\/\/regiaonews.net.br\/2022\/author\/roberto\/"}]}},"publishpress_future_action":{"enabled":false,"date":"2026-05-03 21:37:11","action":"change-status","newStatus":"draft","terms":[],"taxonomy":"category","extraData":[]},"publishpress_future_workflow_manual_trigger":{"enabledWorkflows":[]},"_links":{"self":[{"href":"https:\/\/regiaonews.net.br\/2022\/wp-json\/wp\/v2\/posts\/92228","targetHints":{"allow":["GET"]}}],"collection":[{"href":"https:\/\/regiaonews.net.br\/2022\/wp-json\/wp\/v2\/posts"}],"about":[{"href":"https:\/\/regiaonews.net.br\/2022\/wp-json\/wp\/v2\/types\/post"}],"author":[{"embeddable":true,"href":"https:\/\/regiaonews.net.br\/2022\/wp-json\/wp\/v2\/users\/2"}],"replies":[{"embeddable":true,"href":"https:\/\/regiaonews.net.br\/2022\/wp-json\/wp\/v2\/comments?post=92228"}],"version-history":[{"count":1,"href":"https:\/\/regiaonews.net.br\/2022\/wp-json\/wp\/v2\/posts\/92228\/revisions"}],"predecessor-version":[{"id":92229,"href":"https:\/\/regiaonews.net.br\/2022\/wp-json\/wp\/v2\/posts\/92228\/revisions\/92229"}],"wp:featuredmedia":[{"embeddable":true,"href":"https:\/\/regiaonews.net.br\/2022\/wp-json\/wp\/v2\/media\/75873"}],"wp:attachment":[{"href":"https:\/\/regiaonews.net.br\/2022\/wp-json\/wp\/v2\/media?parent=92228"}],"wp:term":[{"taxonomy":"category","embeddable":true,"href":"https:\/\/regiaonews.net.br\/2022\/wp-json\/wp\/v2\/categories?post=92228"},{"taxonomy":"post_tag","embeddable":true,"href":"https:\/\/regiaonews.net.br\/2022\/wp-json\/wp\/v2\/tags?post=92228"}],"curies":[{"name":"wp","href":"https:\/\/api.w.org\/{rel}","templated":true}]}}