{"id":92184,"date":"2023-07-24T20:51:32","date_gmt":"2023-07-24T23:51:32","guid":{"rendered":"https:\/\/regiaonews.net.br\/2022\/?p=92184"},"modified":"2023-07-24T23:04:36","modified_gmt":"2023-07-25T02:04:36","slug":"sabado-de-prevencao-no-ibitu-realiza-aproximadamente-100-exames","status":"publish","type":"post","link":"https:\/\/regiaonews.net.br\/2022\/2023\/07\/24\/sabado-de-prevencao-no-ibitu-realiza-aproximadamente-100-exames\/","title":{"rendered":"\u201cS\u00e1bado de Preven\u00e7\u00e3o\u201d no Ibitu realiza aproximadamente 100 exames"},"content":{"rendered":"<p>&nbsp;<\/p>\n<p>A\u00e7\u00e3o conjunta entre a Prefeitura e o Hospital de Amor teve como objetivo a promo\u00e7\u00e3o da sa\u00fade aos moradores da Zona Rural<\/p>\n<p>&nbsp;<\/p>\n<p>A Prefeitura da <strong>Est\u00e2ncia Tur\u00edstica de Barretos<\/strong>, por meio da Secretaria Municipal de Sa\u00fade, em parceria com o <strong>Hospital de Amor,<\/strong> promoveu o \u201cS\u00e1bado de Preven\u00e7\u00e3o\u201d, no \u00faltimo dia 22, no distrito do Ibitu. Foram realizados aproximadamente 100 exames, entre mamografias, coleta de Papanicolau e avalia\u00e7\u00e3o odontol\u00f3gica, em que \u00e9 feita a preven\u00e7\u00e3o de c\u00e2ncer bucal. Al\u00e9m de orienta\u00e7\u00f5es e exames preventivos sobre c\u00e2ncer de pele e c\u00e2ncer de intestino.<\/p>\n<p>&nbsp;<\/p>\n<p>As a\u00e7\u00f5es foram realizadas ao longo de todo o s\u00e1bado na Unidade B\u00e1sica de Sa\u00fade (UBS) do distrito, contando com a carreta da mamografia do Hospital de Amor.<\/p>\n<p>&nbsp;<\/p>\n<p>As mamografias foram agendadas previamente, por meio de contato com Agente Comunit\u00e1rio de Sa\u00fade, e os demais exames foram realizados por livre demanda, conforme os moradores iam chegando ao evento.<\/p>\n<p>&nbsp;<\/p>\n<p>Marina Francisco, coordenadora na Aten\u00e7\u00e3o B\u00e1sica da Rede Municipal, que acompanhou o evento, ressaltou a relev\u00e2ncia da a\u00e7\u00e3o. \u201cEssa parceria entre a Prefeitura e o Hospital de Amor \u00e9 muito ben\u00e9fica para a popula\u00e7\u00e3o local, possibilitando levar at\u00e9 a comunidade rural os exames de preven\u00e7\u00e3o, propiciando assim um rastreio adequado de determinadas doen\u00e7as\u201d, destacou.<\/p>\n<p>&nbsp;<\/p>\n<p>O coordenador da UBS do Ibitu, Higor Patrick Borges, expressou gratid\u00e3o pela realiza\u00e7\u00e3o da a\u00e7\u00e3o, a qual classificou como perfeita. \u201c Fica o nosso muito obrigado pelo trabalho realizado neste s\u00e1bado pelo pessoal do Hospital de Amor, junto com a Prefeitura. Agrade\u00e7o \u00e0 prefeita Paula Lemos e ao secret\u00e1rio Mussa Calil Neto por se empenharem para que esse bel\u00edssimo trabalho fosse realizado no Ibitu. Deu tudo certo, foi uma a\u00e7\u00e3o muito linda. A zona rural precisava disso\u201d, concluiu.<\/p>\n<p>Encaminhamentos e resultados<\/p>\n<p>Nos pacientes em que se identificou necessidade de mais investiga\u00e7\u00f5es relacionadas a c\u00e2ncer bucal, a dentista fez encaminhamento ao Hospital de Amor. Conforme a Secretaria de Sa\u00fade, os resultados dos exames de mamografia e Papanicolau ser\u00e3o encaminhados para a UBS, onde as pacientes tomar\u00e3o conhecimento do resultado. Nos casos em que houver confirma\u00e7\u00e3o, seguir\u00e1 em tratamento e acompanhamento pela rede municipal de Sa\u00fade e Hospital de Amor.<\/p>\n<p>A a\u00e7\u00e3o foi acompanhada pelos secret\u00e1rios municipais Mussa Calil Neto, J\u00e9ssica Maria dos Santos e Pl\u00e1cido Martins Jr.<\/p>\n","protected":false},"excerpt":{"rendered":"<p>&nbsp; A\u00e7\u00e3o conjunta entre a Prefeitura e o Hospital de<\/p>\n","protected":false},"author":2,"featured_media":92185,"comment_status":"open","ping_status":"open","sticky":false,"template":"","format":"standard","meta":{"footnotes":""},"categories":[14,25],"tags":[],"class_list":["post-92184","post","type-post","status-publish","format-standard","has-post-thumbnail","hentry","category-barretos","category-cidades"],"yoast_head":"<!-- This site is optimized with the Yoast SEO plugin v27.4 - https:\/\/yoast.com\/product\/yoast-seo-wordpress\/ -->\n<title>\u201cS\u00e1bado de Preven\u00e7\u00e3o\u201d no Ibitu realiza aproximadamente 100 exames - Regi\u00e3o News<\/title>\n<meta name=\"description\" content=\"A\u00e7\u00e3o conjunta entre a Prefeitura e o Hospital de Amor teve como objetivo a promo\u00e7\u00e3o da sa\u00fade aos moradores da Zona Rural\" \/>\n<meta name=\"robots\" content=\"index, follow, max-snippet:-1, max-image-preview:large, max-video-preview:-1\" \/>\n<link rel=\"canonical\" href=\"https:\/\/regiaonews.net.br\/2022\/2023\/07\/24\/sabado-de-prevencao-no-ibitu-realiza-aproximadamente-100-exames\/\" \/>\n<meta property=\"og:locale\" content=\"pt_BR\" \/>\n<meta property=\"og:type\" content=\"article\" \/>\n<meta property=\"og:title\" content=\"\u201cS\u00e1bado de Preven\u00e7\u00e3o\u201d no Ibitu realiza aproximadamente 100 exames - Regi\u00e3o News\" \/>\n<meta property=\"og:description\" content=\"A\u00e7\u00e3o conjunta entre a Prefeitura e o Hospital de Amor teve como objetivo a promo\u00e7\u00e3o da sa\u00fade aos moradores da Zona Rural\" \/>\n<meta property=\"og:url\" content=\"https:\/\/regiaonews.net.br\/2022\/2023\/07\/24\/sabado-de-prevencao-no-ibitu-realiza-aproximadamente-100-exames\/\" \/>\n<meta property=\"og:site_name\" content=\"Regi\u00e3o News\" \/>\n<meta property=\"article:published_time\" content=\"2023-07-24T23:51:32+00:00\" \/>\n<meta property=\"article:modified_time\" content=\"2023-07-25T02:04:36+00:00\" \/>\n<meta property=\"og:image\" content=\"https:\/\/regiaonews.net.br\/2022\/wp-content\/uploads\/2023\/07\/WhatsApp-Image-2023-07-24-at-20.44.41.jpeg\" \/>\n\t<meta property=\"og:image:width\" content=\"1280\" \/>\n\t<meta property=\"og:image:height\" content=\"960\" \/>\n\t<meta property=\"og:image:type\" content=\"image\/jpeg\" \/>\n<meta name=\"author\" content=\"Roberto\" \/>\n<meta name=\"twitter:card\" content=\"summary_large_image\" \/>\n<meta name=\"twitter:label1\" content=\"Escrito por\" \/>\n\t<meta name=\"twitter:data1\" content=\"Roberto\" \/>\n\t<meta name=\"twitter:label2\" content=\"Est. tempo de leitura\" \/>\n\t<meta name=\"twitter:data2\" content=\"3 minutos\" \/>\n<script type=\"application\/ld+json\" class=\"yoast-schema-graph\">{\"@context\":\"https:\\\/\\\/schema.org\",\"@graph\":[{\"@type\":\"Article\",\"@id\":\"https:\\\/\\\/regiaonews.net.br\\\/2022\\\/2023\\\/07\\\/24\\\/sabado-de-prevencao-no-ibitu-realiza-aproximadamente-100-exames\\\/#article\",\"isPartOf\":{\"@id\":\"https:\\\/\\\/regiaonews.net.br\\\/2022\\\/2023\\\/07\\\/24\\\/sabado-de-prevencao-no-ibitu-realiza-aproximadamente-100-exames\\\/\"},\"author\":{\"name\":\"Roberto\",\"@id\":\"https:\\\/\\\/regiaonews.net.br\\\/2022\\\/#\\\/schema\\\/person\\\/2d205a608a5aa97ac279d7a5e6d89ad8\"},\"headline\":\"\u201cS\u00e1bado de Preven\u00e7\u00e3o\u201d no Ibitu realiza aproximadamente 100 exames\",\"datePublished\":\"2023-07-24T23:51:32+00:00\",\"dateModified\":\"2023-07-25T02:04:36+00:00\",\"mainEntityOfPage\":{\"@id\":\"https:\\\/\\\/regiaonews.net.br\\\/2022\\\/2023\\\/07\\\/24\\\/sabado-de-prevencao-no-ibitu-realiza-aproximadamente-100-exames\\\/\"},\"wordCount\":429,\"commentCount\":0,\"publisher\":{\"@id\":\"https:\\\/\\\/regiaonews.net.br\\\/2022\\\/#organization\"},\"image\":{\"@id\":\"https:\\\/\\\/regiaonews.net.br\\\/2022\\\/2023\\\/07\\\/24\\\/sabado-de-prevencao-no-ibitu-realiza-aproximadamente-100-exames\\\/#primaryimage\"},\"thumbnailUrl\":\"https:\\\/\\\/regiaonews.net.br\\\/2022\\\/wp-content\\\/uploads\\\/2023\\\/07\\\/WhatsApp-Image-2023-07-24-at-20.44.41.jpeg\",\"articleSection\":[\"Barretos\",\"Cidades\"],\"inLanguage\":\"pt-BR\",\"potentialAction\":[{\"@type\":\"CommentAction\",\"name\":\"Comment\",\"target\":[\"https:\\\/\\\/regiaonews.net.br\\\/2022\\\/2023\\\/07\\\/24\\\/sabado-de-prevencao-no-ibitu-realiza-aproximadamente-100-exames\\\/#respond\"]}]},{\"@type\":\"WebPage\",\"@id\":\"https:\\\/\\\/regiaonews.net.br\\\/2022\\\/2023\\\/07\\\/24\\\/sabado-de-prevencao-no-ibitu-realiza-aproximadamente-100-exames\\\/\",\"url\":\"https:\\\/\\\/regiaonews.net.br\\\/2022\\\/2023\\\/07\\\/24\\\/sabado-de-prevencao-no-ibitu-realiza-aproximadamente-100-exames\\\/\",\"name\":\"\u201cS\u00e1bado de Preven\u00e7\u00e3o\u201d no Ibitu realiza aproximadamente 100 exames - Regi\u00e3o News\",\"isPartOf\":{\"@id\":\"https:\\\/\\\/regiaonews.net.br\\\/2022\\\/#website\"},\"primaryImageOfPage\":{\"@id\":\"https:\\\/\\\/regiaonews.net.br\\\/2022\\\/2023\\\/07\\\/24\\\/sabado-de-prevencao-no-ibitu-realiza-aproximadamente-100-exames\\\/#primaryimage\"},\"image\":{\"@id\":\"https:\\\/\\\/regiaonews.net.br\\\/2022\\\/2023\\\/07\\\/24\\\/sabado-de-prevencao-no-ibitu-realiza-aproximadamente-100-exames\\\/#primaryimage\"},\"thumbnailUrl\":\"https:\\\/\\\/regiaonews.net.br\\\/2022\\\/wp-content\\\/uploads\\\/2023\\\/07\\\/WhatsApp-Image-2023-07-24-at-20.44.41.jpeg\",\"datePublished\":\"2023-07-24T23:51:32+00:00\",\"dateModified\":\"2023-07-25T02:04:36+00:00\",\"description\":\"A\u00e7\u00e3o conjunta entre a Prefeitura e o Hospital de Amor teve como objetivo a promo\u00e7\u00e3o da sa\u00fade aos moradores da Zona Rural\",\"breadcrumb\":{\"@id\":\"https:\\\/\\\/regiaonews.net.br\\\/2022\\\/2023\\\/07\\\/24\\\/sabado-de-prevencao-no-ibitu-realiza-aproximadamente-100-exames\\\/#breadcrumb\"},\"inLanguage\":\"pt-BR\",\"potentialAction\":[{\"@type\":\"ReadAction\",\"target\":[\"https:\\\/\\\/regiaonews.net.br\\\/2022\\\/2023\\\/07\\\/24\\\/sabado-de-prevencao-no-ibitu-realiza-aproximadamente-100-exames\\\/\"]}]},{\"@type\":\"ImageObject\",\"inLanguage\":\"pt-BR\",\"@id\":\"https:\\\/\\\/regiaonews.net.br\\\/2022\\\/2023\\\/07\\\/24\\\/sabado-de-prevencao-no-ibitu-realiza-aproximadamente-100-exames\\\/#primaryimage\",\"url\":\"https:\\\/\\\/regiaonews.net.br\\\/2022\\\/wp-content\\\/uploads\\\/2023\\\/07\\\/WhatsApp-Image-2023-07-24-at-20.44.41.jpeg\",\"contentUrl\":\"https:\\\/\\\/regiaonews.net.br\\\/2022\\\/wp-content\\\/uploads\\\/2023\\\/07\\\/WhatsApp-Image-2023-07-24-at-20.44.41.jpeg\",\"width\":1280,\"height\":960},{\"@type\":\"BreadcrumbList\",\"@id\":\"https:\\\/\\\/regiaonews.net.br\\\/2022\\\/2023\\\/07\\\/24\\\/sabado-de-prevencao-no-ibitu-realiza-aproximadamente-100-exames\\\/#breadcrumb\",\"itemListElement\":[{\"@type\":\"ListItem\",\"position\":1,\"name\":\"In\u00edcio\",\"item\":\"https:\\\/\\\/regiaonews.net.br\\\/2022\\\/\"},{\"@type\":\"ListItem\",\"position\":2,\"name\":\"\u201cS\u00e1bado de Preven\u00e7\u00e3o\u201d no Ibitu realiza aproximadamente 100 exames\"}]},{\"@type\":\"WebSite\",\"@id\":\"https:\\\/\\\/regiaonews.net.br\\\/2022\\\/#website\",\"url\":\"https:\\\/\\\/regiaonews.net.br\\\/2022\\\/\",\"name\":\"Regi\u00e3o News\",\"description\":\"Site de Not\u00edcias de Barretos e regi\u00e3o\",\"publisher\":{\"@id\":\"https:\\\/\\\/regiaonews.net.br\\\/2022\\\/#organization\"},\"potentialAction\":[{\"@type\":\"SearchAction\",\"target\":{\"@type\":\"EntryPoint\",\"urlTemplate\":\"https:\\\/\\\/regiaonews.net.br\\\/2022\\\/?s={search_term_string}\"},\"query-input\":{\"@type\":\"PropertyValueSpecification\",\"valueRequired\":true,\"valueName\":\"search_term_string\"}}],\"inLanguage\":\"pt-BR\"},{\"@type\":\"Organization\",\"@id\":\"https:\\\/\\\/regiaonews.net.br\\\/2022\\\/#organization\",\"name\":\"Regi\u00e3o News\",\"url\":\"https:\\\/\\\/regiaonews.net.br\\\/2022\\\/\",\"logo\":{\"@type\":\"ImageObject\",\"inLanguage\":\"pt-BR\",\"@id\":\"https:\\\/\\\/regiaonews.net.br\\\/2022\\\/#\\\/schema\\\/logo\\\/image\\\/\",\"url\":\"https:\\\/\\\/regiaonews.net.br\\\/2022\\\/wp-content\\\/uploads\\\/2026\\\/03\\\/regiao-13-anos-scaled.jpg\",\"contentUrl\":\"https:\\\/\\\/regiaonews.net.br\\\/2022\\\/wp-content\\\/uploads\\\/2026\\\/03\\\/regiao-13-anos-scaled.jpg\",\"width\":2560,\"height\":635,\"caption\":\"Regi\u00e3o News\"},\"image\":{\"@id\":\"https:\\\/\\\/regiaonews.net.br\\\/2022\\\/#\\\/schema\\\/logo\\\/image\\\/\"}},{\"@type\":\"Person\",\"@id\":\"https:\\\/\\\/regiaonews.net.br\\\/2022\\\/#\\\/schema\\\/person\\\/2d205a608a5aa97ac279d7a5e6d89ad8\",\"name\":\"Roberto\",\"image\":{\"@type\":\"ImageObject\",\"inLanguage\":\"pt-BR\",\"@id\":\"https:\\\/\\\/secure.gravatar.com\\\/avatar\\\/42749d8b712ff9d59ca93dc150494e5b55a44134482993f5baeb97e61b7ecc89?s=96&d=mm&r=g\",\"url\":\"https:\\\/\\\/secure.gravatar.com\\\/avatar\\\/42749d8b712ff9d59ca93dc150494e5b55a44134482993f5baeb97e61b7ecc89?s=96&d=mm&r=g\",\"contentUrl\":\"https:\\\/\\\/secure.gravatar.com\\\/avatar\\\/42749d8b712ff9d59ca93dc150494e5b55a44134482993f5baeb97e61b7ecc89?s=96&d=mm&r=g\",\"caption\":\"Roberto\"},\"url\":\"https:\\\/\\\/regiaonews.net.br\\\/2022\\\/author\\\/roberto\\\/\"}]}<\/script>\n<!-- \/ Yoast SEO plugin. -->","yoast_head_json":{"title":"\u201cS\u00e1bado de Preven\u00e7\u00e3o\u201d no Ibitu realiza aproximadamente 100 exames - Regi\u00e3o News","description":"A\u00e7\u00e3o conjunta entre a Prefeitura e o Hospital de Amor teve como objetivo a promo\u00e7\u00e3o da sa\u00fade aos moradores da Zona Rural","robots":{"index":"index","follow":"follow","max-snippet":"max-snippet:-1","max-image-preview":"max-image-preview:large","max-video-preview":"max-video-preview:-1"},"canonical":"https:\/\/regiaonews.net.br\/2022\/2023\/07\/24\/sabado-de-prevencao-no-ibitu-realiza-aproximadamente-100-exames\/","og_locale":"pt_BR","og_type":"article","og_title":"\u201cS\u00e1bado de Preven\u00e7\u00e3o\u201d no Ibitu realiza aproximadamente 100 exames - Regi\u00e3o News","og_description":"A\u00e7\u00e3o conjunta entre a Prefeitura e o Hospital de Amor teve como objetivo a promo\u00e7\u00e3o da sa\u00fade aos moradores da Zona Rural","og_url":"https:\/\/regiaonews.net.br\/2022\/2023\/07\/24\/sabado-de-prevencao-no-ibitu-realiza-aproximadamente-100-exames\/","og_site_name":"Regi\u00e3o News","article_published_time":"2023-07-24T23:51:32+00:00","article_modified_time":"2023-07-25T02:04:36+00:00","og_image":[{"width":1280,"height":960,"url":"https:\/\/regiaonews.net.br\/2022\/wp-content\/uploads\/2023\/07\/WhatsApp-Image-2023-07-24-at-20.44.41.jpeg","type":"image\/jpeg"}],"author":"Roberto","twitter_card":"summary_large_image","twitter_misc":{"Escrito por":"Roberto","Est. tempo de leitura":"3 minutos"},"schema":{"@context":"https:\/\/schema.org","@graph":[{"@type":"Article","@id":"https:\/\/regiaonews.net.br\/2022\/2023\/07\/24\/sabado-de-prevencao-no-ibitu-realiza-aproximadamente-100-exames\/#article","isPartOf":{"@id":"https:\/\/regiaonews.net.br\/2022\/2023\/07\/24\/sabado-de-prevencao-no-ibitu-realiza-aproximadamente-100-exames\/"},"author":{"name":"Roberto","@id":"https:\/\/regiaonews.net.br\/2022\/#\/schema\/person\/2d205a608a5aa97ac279d7a5e6d89ad8"},"headline":"\u201cS\u00e1bado de Preven\u00e7\u00e3o\u201d no Ibitu realiza aproximadamente 100 exames","datePublished":"2023-07-24T23:51:32+00:00","dateModified":"2023-07-25T02:04:36+00:00","mainEntityOfPage":{"@id":"https:\/\/regiaonews.net.br\/2022\/2023\/07\/24\/sabado-de-prevencao-no-ibitu-realiza-aproximadamente-100-exames\/"},"wordCount":429,"commentCount":0,"publisher":{"@id":"https:\/\/regiaonews.net.br\/2022\/#organization"},"image":{"@id":"https:\/\/regiaonews.net.br\/2022\/2023\/07\/24\/sabado-de-prevencao-no-ibitu-realiza-aproximadamente-100-exames\/#primaryimage"},"thumbnailUrl":"https:\/\/regiaonews.net.br\/2022\/wp-content\/uploads\/2023\/07\/WhatsApp-Image-2023-07-24-at-20.44.41.jpeg","articleSection":["Barretos","Cidades"],"inLanguage":"pt-BR","potentialAction":[{"@type":"CommentAction","name":"Comment","target":["https:\/\/regiaonews.net.br\/2022\/2023\/07\/24\/sabado-de-prevencao-no-ibitu-realiza-aproximadamente-100-exames\/#respond"]}]},{"@type":"WebPage","@id":"https:\/\/regiaonews.net.br\/2022\/2023\/07\/24\/sabado-de-prevencao-no-ibitu-realiza-aproximadamente-100-exames\/","url":"https:\/\/regiaonews.net.br\/2022\/2023\/07\/24\/sabado-de-prevencao-no-ibitu-realiza-aproximadamente-100-exames\/","name":"\u201cS\u00e1bado de Preven\u00e7\u00e3o\u201d no Ibitu realiza aproximadamente 100 exames - Regi\u00e3o News","isPartOf":{"@id":"https:\/\/regiaonews.net.br\/2022\/#website"},"primaryImageOfPage":{"@id":"https:\/\/regiaonews.net.br\/2022\/2023\/07\/24\/sabado-de-prevencao-no-ibitu-realiza-aproximadamente-100-exames\/#primaryimage"},"image":{"@id":"https:\/\/regiaonews.net.br\/2022\/2023\/07\/24\/sabado-de-prevencao-no-ibitu-realiza-aproximadamente-100-exames\/#primaryimage"},"thumbnailUrl":"https:\/\/regiaonews.net.br\/2022\/wp-content\/uploads\/2023\/07\/WhatsApp-Image-2023-07-24-at-20.44.41.jpeg","datePublished":"2023-07-24T23:51:32+00:00","dateModified":"2023-07-25T02:04:36+00:00","description":"A\u00e7\u00e3o conjunta entre a Prefeitura e o Hospital de Amor teve como objetivo a promo\u00e7\u00e3o da sa\u00fade aos moradores da Zona Rural","breadcrumb":{"@id":"https:\/\/regiaonews.net.br\/2022\/2023\/07\/24\/sabado-de-prevencao-no-ibitu-realiza-aproximadamente-100-exames\/#breadcrumb"},"inLanguage":"pt-BR","potentialAction":[{"@type":"ReadAction","target":["https:\/\/regiaonews.net.br\/2022\/2023\/07\/24\/sabado-de-prevencao-no-ibitu-realiza-aproximadamente-100-exames\/"]}]},{"@type":"ImageObject","inLanguage":"pt-BR","@id":"https:\/\/regiaonews.net.br\/2022\/2023\/07\/24\/sabado-de-prevencao-no-ibitu-realiza-aproximadamente-100-exames\/#primaryimage","url":"https:\/\/regiaonews.net.br\/2022\/wp-content\/uploads\/2023\/07\/WhatsApp-Image-2023-07-24-at-20.44.41.jpeg","contentUrl":"https:\/\/regiaonews.net.br\/2022\/wp-content\/uploads\/2023\/07\/WhatsApp-Image-2023-07-24-at-20.44.41.jpeg","width":1280,"height":960},{"@type":"BreadcrumbList","@id":"https:\/\/regiaonews.net.br\/2022\/2023\/07\/24\/sabado-de-prevencao-no-ibitu-realiza-aproximadamente-100-exames\/#breadcrumb","itemListElement":[{"@type":"ListItem","position":1,"name":"In\u00edcio","item":"https:\/\/regiaonews.net.br\/2022\/"},{"@type":"ListItem","position":2,"name":"\u201cS\u00e1bado de Preven\u00e7\u00e3o\u201d no Ibitu realiza aproximadamente 100 exames"}]},{"@type":"WebSite","@id":"https:\/\/regiaonews.net.br\/2022\/#website","url":"https:\/\/regiaonews.net.br\/2022\/","name":"Regi\u00e3o News","description":"Site de Not\u00edcias de Barretos e regi\u00e3o","publisher":{"@id":"https:\/\/regiaonews.net.br\/2022\/#organization"},"potentialAction":[{"@type":"SearchAction","target":{"@type":"EntryPoint","urlTemplate":"https:\/\/regiaonews.net.br\/2022\/?s={search_term_string}"},"query-input":{"@type":"PropertyValueSpecification","valueRequired":true,"valueName":"search_term_string"}}],"inLanguage":"pt-BR"},{"@type":"Organization","@id":"https:\/\/regiaonews.net.br\/2022\/#organization","name":"Regi\u00e3o News","url":"https:\/\/regiaonews.net.br\/2022\/","logo":{"@type":"ImageObject","inLanguage":"pt-BR","@id":"https:\/\/regiaonews.net.br\/2022\/#\/schema\/logo\/image\/","url":"https:\/\/regiaonews.net.br\/2022\/wp-content\/uploads\/2026\/03\/regiao-13-anos-scaled.jpg","contentUrl":"https:\/\/regiaonews.net.br\/2022\/wp-content\/uploads\/2026\/03\/regiao-13-anos-scaled.jpg","width":2560,"height":635,"caption":"Regi\u00e3o News"},"image":{"@id":"https:\/\/regiaonews.net.br\/2022\/#\/schema\/logo\/image\/"}},{"@type":"Person","@id":"https:\/\/regiaonews.net.br\/2022\/#\/schema\/person\/2d205a608a5aa97ac279d7a5e6d89ad8","name":"Roberto","image":{"@type":"ImageObject","inLanguage":"pt-BR","@id":"https:\/\/secure.gravatar.com\/avatar\/42749d8b712ff9d59ca93dc150494e5b55a44134482993f5baeb97e61b7ecc89?s=96&d=mm&r=g","url":"https:\/\/secure.gravatar.com\/avatar\/42749d8b712ff9d59ca93dc150494e5b55a44134482993f5baeb97e61b7ecc89?s=96&d=mm&r=g","contentUrl":"https:\/\/secure.gravatar.com\/avatar\/42749d8b712ff9d59ca93dc150494e5b55a44134482993f5baeb97e61b7ecc89?s=96&d=mm&r=g","caption":"Roberto"},"url":"https:\/\/regiaonews.net.br\/2022\/author\/roberto\/"}]}},"publishpress_future_action":{"enabled":false,"date":"2026-05-03 12:05:03","action":"change-status","newStatus":"draft","terms":[],"taxonomy":"category","extraData":[]},"publishpress_future_workflow_manual_trigger":{"enabledWorkflows":[]},"_links":{"self":[{"href":"https:\/\/regiaonews.net.br\/2022\/wp-json\/wp\/v2\/posts\/92184","targetHints":{"allow":["GET"]}}],"collection":[{"href":"https:\/\/regiaonews.net.br\/2022\/wp-json\/wp\/v2\/posts"}],"about":[{"href":"https:\/\/regiaonews.net.br\/2022\/wp-json\/wp\/v2\/types\/post"}],"author":[{"embeddable":true,"href":"https:\/\/regiaonews.net.br\/2022\/wp-json\/wp\/v2\/users\/2"}],"replies":[{"embeddable":true,"href":"https:\/\/regiaonews.net.br\/2022\/wp-json\/wp\/v2\/comments?post=92184"}],"version-history":[{"count":2,"href":"https:\/\/regiaonews.net.br\/2022\/wp-json\/wp\/v2\/posts\/92184\/revisions"}],"predecessor-version":[{"id":92207,"href":"https:\/\/regiaonews.net.br\/2022\/wp-json\/wp\/v2\/posts\/92184\/revisions\/92207"}],"wp:featuredmedia":[{"embeddable":true,"href":"https:\/\/regiaonews.net.br\/2022\/wp-json\/wp\/v2\/media\/92185"}],"wp:attachment":[{"href":"https:\/\/regiaonews.net.br\/2022\/wp-json\/wp\/v2\/media?parent=92184"}],"wp:term":[{"taxonomy":"category","embeddable":true,"href":"https:\/\/regiaonews.net.br\/2022\/wp-json\/wp\/v2\/categories?post=92184"},{"taxonomy":"post_tag","embeddable":true,"href":"https:\/\/regiaonews.net.br\/2022\/wp-json\/wp\/v2\/tags?post=92184"}],"curies":[{"name":"wp","href":"https:\/\/api.w.org\/{rel}","templated":true}]}}