{"id":92183,"date":"2023-07-24T20:55:23","date_gmt":"2023-07-24T23:55:23","guid":{"rendered":"https:\/\/regiaonews.net.br\/2022\/?p=92183"},"modified":"2023-07-24T23:02:19","modified_gmt":"2023-07-25T02:02:19","slug":"governador-destaca-cooperativismo-e-investimentos-em-transporte-durante-visita-a-bebedouro","status":"publish","type":"post","link":"https:\/\/regiaonews.net.br\/2022\/2023\/07\/24\/governador-destaca-cooperativismo-e-investimentos-em-transporte-durante-visita-a-bebedouro\/","title":{"rendered":"Governador destaca cooperativismo e investimentos em transporte durante visita a Bebedouro"},"content":{"rendered":"<p>&nbsp;<\/p>\n<p>O governador <strong>Tarc\u00edsio de Freitas<\/strong> visitou Bebedouro nesta segunda-feira (24), onde participou da cerim\u00f4nia de abertura da <strong>Coopercitrus Expo 2023<\/strong>, que acontece at\u00e9 a pr\u00f3xima sexta-feira (28). Acompanhando do secret\u00e1rio estadual da Agricultura, Ant\u00f4nio J\u00falio Junqueira de Queiroz,\u00a0 dirigentes da Coopercitrus, e os\u00a0 prefeitos, de Bebedouro, Lucas Seren, de Colina Dieb Taha Ant\u00f4nio Gomes J\u00fanior \u201cJun\u00e3o\u201d de Gua\u00edra e o <strong>deputado estadual,\u00a0 Sebasti\u00e3o Santos.<\/strong><br \/>\nEm coletiva de imprensa, o governador de S\u00e3o Paulo, Tarc\u00edsio de Freitas, ressaltou a import\u00e2ncia do cooperativismo que viabiliza o trabalho da produ\u00e7\u00e3o agr\u00edcola, destacando que as cooperativas tem um papel fundamental nesse resgate do m\u00e9dio e pequeno produtor.<br \/>\nE sobre o tra\u00e7ado ferrovi\u00e1rio paulista, no trecho entre Col\u00f4mbia-Prad\u00f3polis, o governador Tarc\u00edsio de Freitas, afirmou que \u00e9 uma obra prevista dentro do contrato de renova\u00e7\u00e3o da malha paulista. \u201c\u00c9 necess\u00e1rio fazer um ajuste de cronograma do que estava projetado inicialmente devido a pandemia, mas a obriga\u00e7\u00e3o contratual permanece, \u00e9 um ramal importante, tem carga ferrovi\u00e1ria e o Governo de S\u00e3o Paulo vai fazer uma gest\u00e3o para que ele se torne uma realidade. Os ramais de Col\u00f4mbia, Panorama, Catanduva e S\u00e3o Jos\u00e9 do Rio Preto, s\u00e3o investimentos que est\u00e3o previstos nesta renova\u00e7\u00e3o da malha paulista\u201d, finalizou o governador.<\/p>\n<p><a href=\"https:\/\/regiaonews.net.br\/2022\/wp-content\/uploads\/2023\/07\/IMG-20230724-WA0271.jpg\"><img loading=\"lazy\" decoding=\"async\" class=\"alignnone size-medium wp-image-92187\" src=\"https:\/\/regiaonews.net.br\/2022\/wp-content\/uploads\/2023\/07\/IMG-20230724-WA0271-300x225.jpg\" alt=\"\" width=\"300\" height=\"225\" srcset=\"https:\/\/regiaonews.net.br\/2022\/wp-content\/uploads\/2023\/07\/IMG-20230724-WA0271-300x225.jpg 300w, https:\/\/regiaonews.net.br\/2022\/wp-content\/uploads\/2023\/07\/IMG-20230724-WA0271-1024x768.jpg 1024w, https:\/\/regiaonews.net.br\/2022\/wp-content\/uploads\/2023\/07\/IMG-20230724-WA0271-768x576.jpg 768w, https:\/\/regiaonews.net.br\/2022\/wp-content\/uploads\/2023\/07\/IMG-20230724-WA0271-250x188.jpg 250w, https:\/\/regiaonews.net.br\/2022\/wp-content\/uploads\/2023\/07\/IMG-20230724-WA0271-200x150.jpg 200w, https:\/\/regiaonews.net.br\/2022\/wp-content\/uploads\/2023\/07\/IMG-20230724-WA0271.jpg 1280w\" sizes=\"auto, (max-width: 300px) 100vw, 300px\" \/><\/a><\/p>\n<p><a href=\"https:\/\/regiaonews.net.br\/2022\/wp-content\/uploads\/2023\/07\/IMG-20230724-WA0274.jpg\"><img loading=\"lazy\" decoding=\"async\" class=\"alignnone size-medium wp-image-92189\" src=\"https:\/\/regiaonews.net.br\/2022\/wp-content\/uploads\/2023\/07\/IMG-20230724-WA0274-300x225.jpg\" alt=\"\" width=\"300\" height=\"225\" srcset=\"https:\/\/regiaonews.net.br\/2022\/wp-content\/uploads\/2023\/07\/IMG-20230724-WA0274-300x225.jpg 300w, https:\/\/regiaonews.net.br\/2022\/wp-content\/uploads\/2023\/07\/IMG-20230724-WA0274-1024x768.jpg 1024w, https:\/\/regiaonews.net.br\/2022\/wp-content\/uploads\/2023\/07\/IMG-20230724-WA0274-768x576.jpg 768w, https:\/\/regiaonews.net.br\/2022\/wp-content\/uploads\/2023\/07\/IMG-20230724-WA0274-250x188.jpg 250w, https:\/\/regiaonews.net.br\/2022\/wp-content\/uploads\/2023\/07\/IMG-20230724-WA0274-200x150.jpg 200w, https:\/\/regiaonews.net.br\/2022\/wp-content\/uploads\/2023\/07\/IMG-20230724-WA0274.jpg 1280w\" sizes=\"auto, (max-width: 300px) 100vw, 300px\" \/><\/a><\/p>\n<p><a href=\"https:\/\/regiaonews.net.br\/2022\/wp-content\/uploads\/2023\/07\/IMG-20230724-WA0272.jpg\"><img loading=\"lazy\" decoding=\"async\" class=\"alignnone size-medium wp-image-92190\" src=\"https:\/\/regiaonews.net.br\/2022\/wp-content\/uploads\/2023\/07\/IMG-20230724-WA0272-300x225.jpg\" alt=\"\" width=\"300\" height=\"225\" srcset=\"https:\/\/regiaonews.net.br\/2022\/wp-content\/uploads\/2023\/07\/IMG-20230724-WA0272-300x225.jpg 300w, https:\/\/regiaonews.net.br\/2022\/wp-content\/uploads\/2023\/07\/IMG-20230724-WA0272-1024x768.jpg 1024w, https:\/\/regiaonews.net.br\/2022\/wp-content\/uploads\/2023\/07\/IMG-20230724-WA0272-768x576.jpg 768w, https:\/\/regiaonews.net.br\/2022\/wp-content\/uploads\/2023\/07\/IMG-20230724-WA0272-250x188.jpg 250w, https:\/\/regiaonews.net.br\/2022\/wp-content\/uploads\/2023\/07\/IMG-20230724-WA0272-200x150.jpg 200w, https:\/\/regiaonews.net.br\/2022\/wp-content\/uploads\/2023\/07\/IMG-20230724-WA0272.jpg 1280w\" sizes=\"auto, (max-width: 300px) 100vw, 300px\" \/><\/a><\/p>\n","protected":false},"excerpt":{"rendered":"<p>&nbsp; O governador Tarc\u00edsio de Freitas visitou Bebedouro nesta segunda-feira<\/p>\n","protected":false},"author":2,"featured_media":92188,"comment_status":"open","ping_status":"open","sticky":false,"template":"","format":"standard","meta":{"footnotes":""},"categories":[4,25],"tags":[],"class_list":["post-92183","post","type-post","status-publish","format-standard","has-post-thumbnail","hentry","category-bebedouro","category-cidades"],"yoast_head":"<!-- This site is optimized with the Yoast SEO plugin v27.4 - https:\/\/yoast.com\/product\/yoast-seo-wordpress\/ -->\n<title>Governador destaca cooperativismo e investimentos em transporte<\/title>\n<meta name=\"description\" content=\"governador Tarc\u00edsio de Freitas visitou Bebedouro nesta segunda-feira (24), onde participou da cerim\u00f4nia de abertura da Coopercitrus Expo\" \/>\n<meta name=\"robots\" content=\"index, follow, max-snippet:-1, max-image-preview:large, max-video-preview:-1\" \/>\n<link rel=\"canonical\" href=\"https:\/\/regiaonews.net.br\/2022\/2023\/07\/24\/governador-destaca-cooperativismo-e-investimentos-em-transporte-durante-visita-a-bebedouro\/\" \/>\n<meta property=\"og:locale\" content=\"pt_BR\" \/>\n<meta property=\"og:type\" content=\"article\" \/>\n<meta property=\"og:title\" content=\"Governador destaca cooperativismo e investimentos em transporte\" \/>\n<meta property=\"og:description\" content=\"governador Tarc\u00edsio de Freitas visitou Bebedouro nesta segunda-feira (24), onde participou da cerim\u00f4nia de abertura da Coopercitrus Expo\" \/>\n<meta property=\"og:url\" content=\"https:\/\/regiaonews.net.br\/2022\/2023\/07\/24\/governador-destaca-cooperativismo-e-investimentos-em-transporte-durante-visita-a-bebedouro\/\" \/>\n<meta property=\"og:site_name\" content=\"Regi\u00e3o News\" \/>\n<meta property=\"article:published_time\" content=\"2023-07-24T23:55:23+00:00\" \/>\n<meta property=\"article:modified_time\" content=\"2023-07-25T02:02:19+00:00\" \/>\n<meta property=\"og:image\" content=\"https:\/\/regiaonews.net.br\/2022\/wp-content\/uploads\/2023\/07\/IMG-20230724-WA0275.jpg\" \/>\n\t<meta property=\"og:image:width\" content=\"1280\" \/>\n\t<meta property=\"og:image:height\" content=\"960\" \/>\n\t<meta property=\"og:image:type\" content=\"image\/jpeg\" \/>\n<meta name=\"author\" content=\"Roberto\" \/>\n<meta name=\"twitter:card\" content=\"summary_large_image\" \/>\n<meta name=\"twitter:label1\" content=\"Escrito por\" \/>\n\t<meta name=\"twitter:data1\" content=\"Roberto\" \/>\n\t<meta name=\"twitter:label2\" content=\"Est. tempo de leitura\" \/>\n\t<meta name=\"twitter:data2\" content=\"2 minutos\" \/>\n<script type=\"application\/ld+json\" class=\"yoast-schema-graph\">{\"@context\":\"https:\\\/\\\/schema.org\",\"@graph\":[{\"@type\":\"Article\",\"@id\":\"https:\\\/\\\/regiaonews.net.br\\\/2022\\\/2023\\\/07\\\/24\\\/governador-destaca-cooperativismo-e-investimentos-em-transporte-durante-visita-a-bebedouro\\\/#article\",\"isPartOf\":{\"@id\":\"https:\\\/\\\/regiaonews.net.br\\\/2022\\\/2023\\\/07\\\/24\\\/governador-destaca-cooperativismo-e-investimentos-em-transporte-durante-visita-a-bebedouro\\\/\"},\"author\":{\"name\":\"Roberto\",\"@id\":\"https:\\\/\\\/regiaonews.net.br\\\/2022\\\/#\\\/schema\\\/person\\\/2d205a608a5aa97ac279d7a5e6d89ad8\"},\"headline\":\"Governador destaca cooperativismo e investimentos em transporte durante visita a Bebedouro\",\"datePublished\":\"2023-07-24T23:55:23+00:00\",\"dateModified\":\"2023-07-25T02:02:19+00:00\",\"mainEntityOfPage\":{\"@id\":\"https:\\\/\\\/regiaonews.net.br\\\/2022\\\/2023\\\/07\\\/24\\\/governador-destaca-cooperativismo-e-investimentos-em-transporte-durante-visita-a-bebedouro\\\/\"},\"wordCount\":240,\"commentCount\":0,\"publisher\":{\"@id\":\"https:\\\/\\\/regiaonews.net.br\\\/2022\\\/#organization\"},\"image\":{\"@id\":\"https:\\\/\\\/regiaonews.net.br\\\/2022\\\/2023\\\/07\\\/24\\\/governador-destaca-cooperativismo-e-investimentos-em-transporte-durante-visita-a-bebedouro\\\/#primaryimage\"},\"thumbnailUrl\":\"https:\\\/\\\/regiaonews.net.br\\\/2022\\\/wp-content\\\/uploads\\\/2023\\\/07\\\/IMG-20230724-WA0275.jpg\",\"articleSection\":[\"Bebedouro\",\"Cidades\"],\"inLanguage\":\"pt-BR\",\"potentialAction\":[{\"@type\":\"CommentAction\",\"name\":\"Comment\",\"target\":[\"https:\\\/\\\/regiaonews.net.br\\\/2022\\\/2023\\\/07\\\/24\\\/governador-destaca-cooperativismo-e-investimentos-em-transporte-durante-visita-a-bebedouro\\\/#respond\"]}]},{\"@type\":\"WebPage\",\"@id\":\"https:\\\/\\\/regiaonews.net.br\\\/2022\\\/2023\\\/07\\\/24\\\/governador-destaca-cooperativismo-e-investimentos-em-transporte-durante-visita-a-bebedouro\\\/\",\"url\":\"https:\\\/\\\/regiaonews.net.br\\\/2022\\\/2023\\\/07\\\/24\\\/governador-destaca-cooperativismo-e-investimentos-em-transporte-durante-visita-a-bebedouro\\\/\",\"name\":\"Governador destaca cooperativismo e investimentos em transporte\",\"isPartOf\":{\"@id\":\"https:\\\/\\\/regiaonews.net.br\\\/2022\\\/#website\"},\"primaryImageOfPage\":{\"@id\":\"https:\\\/\\\/regiaonews.net.br\\\/2022\\\/2023\\\/07\\\/24\\\/governador-destaca-cooperativismo-e-investimentos-em-transporte-durante-visita-a-bebedouro\\\/#primaryimage\"},\"image\":{\"@id\":\"https:\\\/\\\/regiaonews.net.br\\\/2022\\\/2023\\\/07\\\/24\\\/governador-destaca-cooperativismo-e-investimentos-em-transporte-durante-visita-a-bebedouro\\\/#primaryimage\"},\"thumbnailUrl\":\"https:\\\/\\\/regiaonews.net.br\\\/2022\\\/wp-content\\\/uploads\\\/2023\\\/07\\\/IMG-20230724-WA0275.jpg\",\"datePublished\":\"2023-07-24T23:55:23+00:00\",\"dateModified\":\"2023-07-25T02:02:19+00:00\",\"description\":\"governador Tarc\u00edsio de Freitas visitou Bebedouro nesta segunda-feira (24), onde participou da cerim\u00f4nia de abertura da Coopercitrus Expo\",\"breadcrumb\":{\"@id\":\"https:\\\/\\\/regiaonews.net.br\\\/2022\\\/2023\\\/07\\\/24\\\/governador-destaca-cooperativismo-e-investimentos-em-transporte-durante-visita-a-bebedouro\\\/#breadcrumb\"},\"inLanguage\":\"pt-BR\",\"potentialAction\":[{\"@type\":\"ReadAction\",\"target\":[\"https:\\\/\\\/regiaonews.net.br\\\/2022\\\/2023\\\/07\\\/24\\\/governador-destaca-cooperativismo-e-investimentos-em-transporte-durante-visita-a-bebedouro\\\/\"]}]},{\"@type\":\"ImageObject\",\"inLanguage\":\"pt-BR\",\"@id\":\"https:\\\/\\\/regiaonews.net.br\\\/2022\\\/2023\\\/07\\\/24\\\/governador-destaca-cooperativismo-e-investimentos-em-transporte-durante-visita-a-bebedouro\\\/#primaryimage\",\"url\":\"https:\\\/\\\/regiaonews.net.br\\\/2022\\\/wp-content\\\/uploads\\\/2023\\\/07\\\/IMG-20230724-WA0275.jpg\",\"contentUrl\":\"https:\\\/\\\/regiaonews.net.br\\\/2022\\\/wp-content\\\/uploads\\\/2023\\\/07\\\/IMG-20230724-WA0275.jpg\",\"width\":1280,\"height\":960},{\"@type\":\"BreadcrumbList\",\"@id\":\"https:\\\/\\\/regiaonews.net.br\\\/2022\\\/2023\\\/07\\\/24\\\/governador-destaca-cooperativismo-e-investimentos-em-transporte-durante-visita-a-bebedouro\\\/#breadcrumb\",\"itemListElement\":[{\"@type\":\"ListItem\",\"position\":1,\"name\":\"In\u00edcio\",\"item\":\"https:\\\/\\\/regiaonews.net.br\\\/2022\\\/\"},{\"@type\":\"ListItem\",\"position\":2,\"name\":\"Governador destaca cooperativismo e investimentos em transporte durante visita a Bebedouro\"}]},{\"@type\":\"WebSite\",\"@id\":\"https:\\\/\\\/regiaonews.net.br\\\/2022\\\/#website\",\"url\":\"https:\\\/\\\/regiaonews.net.br\\\/2022\\\/\",\"name\":\"Regi\u00e3o News\",\"description\":\"Site de Not\u00edcias de Barretos e regi\u00e3o\",\"publisher\":{\"@id\":\"https:\\\/\\\/regiaonews.net.br\\\/2022\\\/#organization\"},\"potentialAction\":[{\"@type\":\"SearchAction\",\"target\":{\"@type\":\"EntryPoint\",\"urlTemplate\":\"https:\\\/\\\/regiaonews.net.br\\\/2022\\\/?s={search_term_string}\"},\"query-input\":{\"@type\":\"PropertyValueSpecification\",\"valueRequired\":true,\"valueName\":\"search_term_string\"}}],\"inLanguage\":\"pt-BR\"},{\"@type\":\"Organization\",\"@id\":\"https:\\\/\\\/regiaonews.net.br\\\/2022\\\/#organization\",\"name\":\"Regi\u00e3o News\",\"url\":\"https:\\\/\\\/regiaonews.net.br\\\/2022\\\/\",\"logo\":{\"@type\":\"ImageObject\",\"inLanguage\":\"pt-BR\",\"@id\":\"https:\\\/\\\/regiaonews.net.br\\\/2022\\\/#\\\/schema\\\/logo\\\/image\\\/\",\"url\":\"https:\\\/\\\/regiaonews.net.br\\\/2022\\\/wp-content\\\/uploads\\\/2026\\\/03\\\/regiao-13-anos-scaled.jpg\",\"contentUrl\":\"https:\\\/\\\/regiaonews.net.br\\\/2022\\\/wp-content\\\/uploads\\\/2026\\\/03\\\/regiao-13-anos-scaled.jpg\",\"width\":2560,\"height\":635,\"caption\":\"Regi\u00e3o News\"},\"image\":{\"@id\":\"https:\\\/\\\/regiaonews.net.br\\\/2022\\\/#\\\/schema\\\/logo\\\/image\\\/\"}},{\"@type\":\"Person\",\"@id\":\"https:\\\/\\\/regiaonews.net.br\\\/2022\\\/#\\\/schema\\\/person\\\/2d205a608a5aa97ac279d7a5e6d89ad8\",\"name\":\"Roberto\",\"image\":{\"@type\":\"ImageObject\",\"inLanguage\":\"pt-BR\",\"@id\":\"https:\\\/\\\/secure.gravatar.com\\\/avatar\\\/42749d8b712ff9d59ca93dc150494e5b55a44134482993f5baeb97e61b7ecc89?s=96&d=mm&r=g\",\"url\":\"https:\\\/\\\/secure.gravatar.com\\\/avatar\\\/42749d8b712ff9d59ca93dc150494e5b55a44134482993f5baeb97e61b7ecc89?s=96&d=mm&r=g\",\"contentUrl\":\"https:\\\/\\\/secure.gravatar.com\\\/avatar\\\/42749d8b712ff9d59ca93dc150494e5b55a44134482993f5baeb97e61b7ecc89?s=96&d=mm&r=g\",\"caption\":\"Roberto\"},\"url\":\"https:\\\/\\\/regiaonews.net.br\\\/2022\\\/author\\\/roberto\\\/\"}]}<\/script>\n<!-- \/ Yoast SEO plugin. -->","yoast_head_json":{"title":"Governador destaca cooperativismo e investimentos em transporte","description":"governador Tarc\u00edsio de Freitas visitou Bebedouro nesta segunda-feira (24), onde participou da cerim\u00f4nia de abertura da Coopercitrus Expo","robots":{"index":"index","follow":"follow","max-snippet":"max-snippet:-1","max-image-preview":"max-image-preview:large","max-video-preview":"max-video-preview:-1"},"canonical":"https:\/\/regiaonews.net.br\/2022\/2023\/07\/24\/governador-destaca-cooperativismo-e-investimentos-em-transporte-durante-visita-a-bebedouro\/","og_locale":"pt_BR","og_type":"article","og_title":"Governador destaca cooperativismo e investimentos em transporte","og_description":"governador Tarc\u00edsio de Freitas visitou Bebedouro nesta segunda-feira (24), onde participou da cerim\u00f4nia de abertura da Coopercitrus Expo","og_url":"https:\/\/regiaonews.net.br\/2022\/2023\/07\/24\/governador-destaca-cooperativismo-e-investimentos-em-transporte-durante-visita-a-bebedouro\/","og_site_name":"Regi\u00e3o News","article_published_time":"2023-07-24T23:55:23+00:00","article_modified_time":"2023-07-25T02:02:19+00:00","og_image":[{"width":1280,"height":960,"url":"https:\/\/regiaonews.net.br\/2022\/wp-content\/uploads\/2023\/07\/IMG-20230724-WA0275.jpg","type":"image\/jpeg"}],"author":"Roberto","twitter_card":"summary_large_image","twitter_misc":{"Escrito por":"Roberto","Est. tempo de leitura":"2 minutos"},"schema":{"@context":"https:\/\/schema.org","@graph":[{"@type":"Article","@id":"https:\/\/regiaonews.net.br\/2022\/2023\/07\/24\/governador-destaca-cooperativismo-e-investimentos-em-transporte-durante-visita-a-bebedouro\/#article","isPartOf":{"@id":"https:\/\/regiaonews.net.br\/2022\/2023\/07\/24\/governador-destaca-cooperativismo-e-investimentos-em-transporte-durante-visita-a-bebedouro\/"},"author":{"name":"Roberto","@id":"https:\/\/regiaonews.net.br\/2022\/#\/schema\/person\/2d205a608a5aa97ac279d7a5e6d89ad8"},"headline":"Governador destaca cooperativismo e investimentos em transporte durante visita a Bebedouro","datePublished":"2023-07-24T23:55:23+00:00","dateModified":"2023-07-25T02:02:19+00:00","mainEntityOfPage":{"@id":"https:\/\/regiaonews.net.br\/2022\/2023\/07\/24\/governador-destaca-cooperativismo-e-investimentos-em-transporte-durante-visita-a-bebedouro\/"},"wordCount":240,"commentCount":0,"publisher":{"@id":"https:\/\/regiaonews.net.br\/2022\/#organization"},"image":{"@id":"https:\/\/regiaonews.net.br\/2022\/2023\/07\/24\/governador-destaca-cooperativismo-e-investimentos-em-transporte-durante-visita-a-bebedouro\/#primaryimage"},"thumbnailUrl":"https:\/\/regiaonews.net.br\/2022\/wp-content\/uploads\/2023\/07\/IMG-20230724-WA0275.jpg","articleSection":["Bebedouro","Cidades"],"inLanguage":"pt-BR","potentialAction":[{"@type":"CommentAction","name":"Comment","target":["https:\/\/regiaonews.net.br\/2022\/2023\/07\/24\/governador-destaca-cooperativismo-e-investimentos-em-transporte-durante-visita-a-bebedouro\/#respond"]}]},{"@type":"WebPage","@id":"https:\/\/regiaonews.net.br\/2022\/2023\/07\/24\/governador-destaca-cooperativismo-e-investimentos-em-transporte-durante-visita-a-bebedouro\/","url":"https:\/\/regiaonews.net.br\/2022\/2023\/07\/24\/governador-destaca-cooperativismo-e-investimentos-em-transporte-durante-visita-a-bebedouro\/","name":"Governador destaca cooperativismo e investimentos em transporte","isPartOf":{"@id":"https:\/\/regiaonews.net.br\/2022\/#website"},"primaryImageOfPage":{"@id":"https:\/\/regiaonews.net.br\/2022\/2023\/07\/24\/governador-destaca-cooperativismo-e-investimentos-em-transporte-durante-visita-a-bebedouro\/#primaryimage"},"image":{"@id":"https:\/\/regiaonews.net.br\/2022\/2023\/07\/24\/governador-destaca-cooperativismo-e-investimentos-em-transporte-durante-visita-a-bebedouro\/#primaryimage"},"thumbnailUrl":"https:\/\/regiaonews.net.br\/2022\/wp-content\/uploads\/2023\/07\/IMG-20230724-WA0275.jpg","datePublished":"2023-07-24T23:55:23+00:00","dateModified":"2023-07-25T02:02:19+00:00","description":"governador Tarc\u00edsio de Freitas visitou Bebedouro nesta segunda-feira (24), onde participou da cerim\u00f4nia de abertura da Coopercitrus Expo","breadcrumb":{"@id":"https:\/\/regiaonews.net.br\/2022\/2023\/07\/24\/governador-destaca-cooperativismo-e-investimentos-em-transporte-durante-visita-a-bebedouro\/#breadcrumb"},"inLanguage":"pt-BR","potentialAction":[{"@type":"ReadAction","target":["https:\/\/regiaonews.net.br\/2022\/2023\/07\/24\/governador-destaca-cooperativismo-e-investimentos-em-transporte-durante-visita-a-bebedouro\/"]}]},{"@type":"ImageObject","inLanguage":"pt-BR","@id":"https:\/\/regiaonews.net.br\/2022\/2023\/07\/24\/governador-destaca-cooperativismo-e-investimentos-em-transporte-durante-visita-a-bebedouro\/#primaryimage","url":"https:\/\/regiaonews.net.br\/2022\/wp-content\/uploads\/2023\/07\/IMG-20230724-WA0275.jpg","contentUrl":"https:\/\/regiaonews.net.br\/2022\/wp-content\/uploads\/2023\/07\/IMG-20230724-WA0275.jpg","width":1280,"height":960},{"@type":"BreadcrumbList","@id":"https:\/\/regiaonews.net.br\/2022\/2023\/07\/24\/governador-destaca-cooperativismo-e-investimentos-em-transporte-durante-visita-a-bebedouro\/#breadcrumb","itemListElement":[{"@type":"ListItem","position":1,"name":"In\u00edcio","item":"https:\/\/regiaonews.net.br\/2022\/"},{"@type":"ListItem","position":2,"name":"Governador destaca cooperativismo e investimentos em transporte durante visita a Bebedouro"}]},{"@type":"WebSite","@id":"https:\/\/regiaonews.net.br\/2022\/#website","url":"https:\/\/regiaonews.net.br\/2022\/","name":"Regi\u00e3o News","description":"Site de Not\u00edcias de Barretos e regi\u00e3o","publisher":{"@id":"https:\/\/regiaonews.net.br\/2022\/#organization"},"potentialAction":[{"@type":"SearchAction","target":{"@type":"EntryPoint","urlTemplate":"https:\/\/regiaonews.net.br\/2022\/?s={search_term_string}"},"query-input":{"@type":"PropertyValueSpecification","valueRequired":true,"valueName":"search_term_string"}}],"inLanguage":"pt-BR"},{"@type":"Organization","@id":"https:\/\/regiaonews.net.br\/2022\/#organization","name":"Regi\u00e3o News","url":"https:\/\/regiaonews.net.br\/2022\/","logo":{"@type":"ImageObject","inLanguage":"pt-BR","@id":"https:\/\/regiaonews.net.br\/2022\/#\/schema\/logo\/image\/","url":"https:\/\/regiaonews.net.br\/2022\/wp-content\/uploads\/2026\/03\/regiao-13-anos-scaled.jpg","contentUrl":"https:\/\/regiaonews.net.br\/2022\/wp-content\/uploads\/2026\/03\/regiao-13-anos-scaled.jpg","width":2560,"height":635,"caption":"Regi\u00e3o News"},"image":{"@id":"https:\/\/regiaonews.net.br\/2022\/#\/schema\/logo\/image\/"}},{"@type":"Person","@id":"https:\/\/regiaonews.net.br\/2022\/#\/schema\/person\/2d205a608a5aa97ac279d7a5e6d89ad8","name":"Roberto","image":{"@type":"ImageObject","inLanguage":"pt-BR","@id":"https:\/\/secure.gravatar.com\/avatar\/42749d8b712ff9d59ca93dc150494e5b55a44134482993f5baeb97e61b7ecc89?s=96&d=mm&r=g","url":"https:\/\/secure.gravatar.com\/avatar\/42749d8b712ff9d59ca93dc150494e5b55a44134482993f5baeb97e61b7ecc89?s=96&d=mm&r=g","contentUrl":"https:\/\/secure.gravatar.com\/avatar\/42749d8b712ff9d59ca93dc150494e5b55a44134482993f5baeb97e61b7ecc89?s=96&d=mm&r=g","caption":"Roberto"},"url":"https:\/\/regiaonews.net.br\/2022\/author\/roberto\/"}]}},"publishpress_future_action":{"enabled":false,"date":"2026-05-03 13:31:35","action":"change-status","newStatus":"draft","terms":[],"taxonomy":"category","extraData":[]},"publishpress_future_workflow_manual_trigger":{"enabledWorkflows":[]},"_links":{"self":[{"href":"https:\/\/regiaonews.net.br\/2022\/wp-json\/wp\/v2\/posts\/92183","targetHints":{"allow":["GET"]}}],"collection":[{"href":"https:\/\/regiaonews.net.br\/2022\/wp-json\/wp\/v2\/posts"}],"about":[{"href":"https:\/\/regiaonews.net.br\/2022\/wp-json\/wp\/v2\/types\/post"}],"author":[{"embeddable":true,"href":"https:\/\/regiaonews.net.br\/2022\/wp-json\/wp\/v2\/users\/2"}],"replies":[{"embeddable":true,"href":"https:\/\/regiaonews.net.br\/2022\/wp-json\/wp\/v2\/comments?post=92183"}],"version-history":[{"count":2,"href":"https:\/\/regiaonews.net.br\/2022\/wp-json\/wp\/v2\/posts\/92183\/revisions"}],"predecessor-version":[{"id":92206,"href":"https:\/\/regiaonews.net.br\/2022\/wp-json\/wp\/v2\/posts\/92183\/revisions\/92206"}],"wp:featuredmedia":[{"embeddable":true,"href":"https:\/\/regiaonews.net.br\/2022\/wp-json\/wp\/v2\/media\/92188"}],"wp:attachment":[{"href":"https:\/\/regiaonews.net.br\/2022\/wp-json\/wp\/v2\/media?parent=92183"}],"wp:term":[{"taxonomy":"category","embeddable":true,"href":"https:\/\/regiaonews.net.br\/2022\/wp-json\/wp\/v2\/categories?post=92183"},{"taxonomy":"post_tag","embeddable":true,"href":"https:\/\/regiaonews.net.br\/2022\/wp-json\/wp\/v2\/tags?post=92183"}],"curies":[{"name":"wp","href":"https:\/\/api.w.org\/{rel}","templated":true}]}}