{"id":92174,"date":"2023-07-24T17:22:18","date_gmt":"2023-07-24T20:22:18","guid":{"rendered":"https:\/\/regiaonews.net.br\/2022\/?p=92174"},"modified":"2023-07-24T19:24:33","modified_gmt":"2023-07-24T22:24:33","slug":"estancia-turistica-de-barretos-conquista-a-4a-colocacao-nos-65o-jogos-regionais","status":"publish","type":"post","link":"https:\/\/regiaonews.net.br\/2022\/2023\/07\/24\/estancia-turistica-de-barretos-conquista-a-4a-colocacao-nos-65o-jogos-regionais\/","title":{"rendered":"Est\u00e2ncia Tur\u00edstica de Barretos conquista a 4\u00aa coloca\u00e7\u00e3o nos 65\u00ba Jogos Regionais"},"content":{"rendered":"<p>Competi\u00e7\u00e3o realizada no munic\u00edpio teve a participa\u00e7\u00e3o de 56 cidades, envolvendo mais de 4 mil pessoas entre atletas, dirigentes, \u00e1rbitros e organizadores<\/p>\n<p>A 65\u00aa edi\u00e7\u00e3o dos Jogos Regionais chegou ao fim com a Est\u00e2ncia Tur\u00edstica de Barretos conquistando a 4\u00aa coloca\u00e7\u00e3o na classifica\u00e7\u00e3o geral da competi\u00e7\u00e3o, totalizando 124 pontos.<br \/>\nOs tr\u00eas munic\u00edpios com as melhores pontua\u00e7\u00f5es foram Franca, em 1\u00b0 lugar com 299 pontos; Araraquara, em 2\u00ba com 277; e Ribeir\u00e3o Preto, no 3\u00b0 lugar com 266 pontos. A cerim\u00f4nia oficial de encerramento foi realizada no domingo, 23 de julho.<br \/>\nGra\u00e7a Lemos, secret\u00e1ria municipal de Agricultura e Meio Ambiente, falou em nome da prefeita Paula Lemos. Ela agradeceu pela organiza\u00e7\u00e3o do evento, parabenizou as equipes das Secretarias de Esporte do Estado e do Munic\u00edpio pela participa\u00e7\u00e3o dos atletas e autoridades e falou da import\u00e2ncia do investimento no esporte em todas as categorias. \u201cPela primeira vez na hist\u00f3ria de Barretos n\u00f3s estamos s\u00f3 com atletas da casa. Voc\u00eas fizeram muito bonito. N\u00f3s chegamos \u00e0 prefeitura em 2021 e todos os Cemepes estavam desativados, sem condi\u00e7\u00f5es de uso, e em pouco tempo voc\u00eas nos ajudaram a resgat\u00e1-los e voltamos a ver o esporte de uma forma important\u00edssima. Voc\u00eas n\u00e3o t\u00eam ideia de quanto este quarto lugar representa para n\u00f3s. Se Deus quiser, nos pr\u00f3ximos jogos estaremos novamente disputando com muito mais condi\u00e7\u00f5es de vencermos essas competi\u00e7\u00f5es. Quero deixar um abra\u00e7o especial da Paula para cada um de voc\u00eas. O dinheiro \u00e9 pouco, mas ela tem recuperado e investido no esporte em toda as categorias\u201d, completou.<br \/>\nO secret\u00e1rio municipal de Esportes e Lazer, Tony Vieira Carvalho, enfatizou o trabalho realizado pela equipe da secretaria na condu\u00e7\u00e3o dos jogos e os parabenizou. \u201cVoc\u00eas s\u00e3o gigantes e tem uma grande parcela de tudo isso. Os jogos s\u00f3 foram capazes de acontecer devido ao empenho de todos voc\u00eas. Tenho que agradecer a um por um de voc\u00eas pelo trabalho prestado, pois s\u00e3o parceiros e levam o nome da secretaria de esportes de Barretos ainda mais adiante\u201d, disse.<br \/>\nOs Jogos Regionais foram realizados entre os dias 13 e 23, contou com 58 munic\u00edpios inscritos, dos quais 56 participaram das competi\u00e7\u00f5es, e envolveu 4993 pessoas, entre atletas, dirigentes, arbitragem e comit\u00ea organizador.<br \/>\nRepresentando a Secret\u00e1ria de Esportes do Estado de S\u00e3o Paulo, Helena Reis, Cristiane Jatob\u00e1 tamb\u00e9m parabenizou as equipes vencedoras e destacou o grande n\u00famero de participantes no evento. \u201cAqui em Barretos n\u00f3s tivemos homens e mulheres de v\u00e1rias faixas et\u00e1rias, que se dedicaram e se dedicam h\u00e1 muito tempo ao esporte, e n\u00f3s temos tamb\u00e9m os que est\u00e3o come\u00e7ando agora e que fizeram tudo com amor e isso \u00e9 o que vale para a agente. Nos da secretaria de Esporte do Estado gostamos disso\u201d, afirmou. \u201cEsse encontro foi marcado por mais de quatro mil atletas, 56 munic\u00edpios, 23 modalidades e, gra\u00e7as a Deus, nenhuma ocorr\u00eancia e nenhum incidente com nenhum atleta\u201d, completou.<\/p>\n<p>Mais medalhas<br \/>\nNo s\u00e1bado (22) o jud\u00f4 barretense deu um show, conquistando 10 medalhas. A atleta Stefani Garbal foi ouro no feminino meio leve e prata no absoluto. O ouro tamb\u00e9m veio no Nague no Kata, com a dupla Stefani Garbal e Beatriz Pereira, no feminino, e com a dupla Tiago Agustinho Leal Leite e Ranielli Bobis, no masculino. Enzo Gasparrotto Cazu levou prata no meio m\u00e9dio. As medalhas de bronze ficaram por conta de Jhonata Higor S. Pereira, no meio leve; Pedro Henrique Silva Santos, no m\u00e9dio; Tiago Agustinho Leal, meio pesado; Luis Carlos Esteves Souza, pesado; e Vitor Daniel Martins Lima, no absoluto.<br \/>\nDomingo, \u00faltimo dia de competi\u00e7\u00e3o, os barretenses ainda levaram duas pratas: uma na bocha, ao perder por Araraquara por 2 a 0; e uma no futsal feminino livre, perdendo tamb\u00e9m de Araraquara, por 6 a 2.<br \/>\nO resultado completo da competi\u00e7\u00e3o pode ser consultado no boletim oficial n\u00b0 11, no site https:\/\/esporte.barretos.sp.gov.br\/jogos-regionais.<\/p>\n","protected":false},"excerpt":{"rendered":"<p>Competi\u00e7\u00e3o realizada no munic\u00edpio teve a participa\u00e7\u00e3o de 56 cidades,<\/p>\n","protected":false},"author":2,"featured_media":92175,"comment_status":"open","ping_status":"open","sticky":false,"template":"","format":"standard","meta":{"footnotes":""},"categories":[14,21],"tags":[],"class_list":["post-92174","post","type-post","status-publish","format-standard","has-post-thumbnail","hentry","category-barretos","category-esporte"],"yoast_head":"<!-- This site is optimized with the Yoast SEO plugin v27.4 - https:\/\/yoast.com\/product\/yoast-seo-wordpress\/ -->\n<title>Est\u00e2ncia Tur\u00edstica de Barretos conquista a 4\u00aa coloca\u00e7\u00e3o nos 65\u00ba Jogos Regionais - Regi\u00e3o News<\/title>\n<meta name=\"description\" content=\"A 65\u00aa edi\u00e7\u00e3o dos Jogos Regionais chegou ao fim com a Est\u00e2ncia Tur\u00edstica de Barretos conquistando a 4\u00aa coloca\u00e7\u00e3o na classifica\u00e7\u00e3o geral\" \/>\n<meta name=\"robots\" content=\"index, follow, max-snippet:-1, max-image-preview:large, max-video-preview:-1\" \/>\n<link rel=\"canonical\" href=\"https:\/\/regiaonews.net.br\/2022\/2023\/07\/24\/estancia-turistica-de-barretos-conquista-a-4a-colocacao-nos-65o-jogos-regionais\/\" \/>\n<meta property=\"og:locale\" content=\"pt_BR\" \/>\n<meta property=\"og:type\" content=\"article\" \/>\n<meta property=\"og:title\" content=\"Est\u00e2ncia Tur\u00edstica de Barretos conquista a 4\u00aa coloca\u00e7\u00e3o nos 65\u00ba Jogos Regionais - Regi\u00e3o News\" \/>\n<meta property=\"og:description\" content=\"A 65\u00aa edi\u00e7\u00e3o dos Jogos Regionais chegou ao fim com a Est\u00e2ncia Tur\u00edstica de Barretos conquistando a 4\u00aa coloca\u00e7\u00e3o na classifica\u00e7\u00e3o geral\" \/>\n<meta property=\"og:url\" content=\"https:\/\/regiaonews.net.br\/2022\/2023\/07\/24\/estancia-turistica-de-barretos-conquista-a-4a-colocacao-nos-65o-jogos-regionais\/\" \/>\n<meta property=\"og:site_name\" content=\"Regi\u00e3o News\" \/>\n<meta property=\"article:published_time\" content=\"2023-07-24T20:22:18+00:00\" \/>\n<meta property=\"article:modified_time\" content=\"2023-07-24T22:24:33+00:00\" \/>\n<meta property=\"og:image\" content=\"https:\/\/regiaonews.net.br\/2022\/wp-content\/uploads\/2023\/07\/WhatsApp-Image-2023-07-24-at-16.54.59.jpeg\" \/>\n\t<meta property=\"og:image:width\" content=\"1600\" \/>\n\t<meta property=\"og:image:height\" content=\"1066\" \/>\n\t<meta property=\"og:image:type\" content=\"image\/jpeg\" \/>\n<meta name=\"author\" content=\"Roberto\" \/>\n<meta name=\"twitter:card\" content=\"summary_large_image\" \/>\n<meta name=\"twitter:label1\" content=\"Escrito por\" \/>\n\t<meta name=\"twitter:data1\" content=\"Roberto\" \/>\n\t<meta name=\"twitter:label2\" content=\"Est. tempo de leitura\" \/>\n\t<meta name=\"twitter:data2\" content=\"4 minutos\" \/>\n<script type=\"application\/ld+json\" class=\"yoast-schema-graph\">{\"@context\":\"https:\\\/\\\/schema.org\",\"@graph\":[{\"@type\":\"Article\",\"@id\":\"https:\\\/\\\/regiaonews.net.br\\\/2022\\\/2023\\\/07\\\/24\\\/estancia-turistica-de-barretos-conquista-a-4a-colocacao-nos-65o-jogos-regionais\\\/#article\",\"isPartOf\":{\"@id\":\"https:\\\/\\\/regiaonews.net.br\\\/2022\\\/2023\\\/07\\\/24\\\/estancia-turistica-de-barretos-conquista-a-4a-colocacao-nos-65o-jogos-regionais\\\/\"},\"author\":{\"name\":\"Roberto\",\"@id\":\"https:\\\/\\\/regiaonews.net.br\\\/2022\\\/#\\\/schema\\\/person\\\/2d205a608a5aa97ac279d7a5e6d89ad8\"},\"headline\":\"Est\u00e2ncia Tur\u00edstica de Barretos conquista a 4\u00aa coloca\u00e7\u00e3o nos 65\u00ba Jogos Regionais\",\"datePublished\":\"2023-07-24T20:22:18+00:00\",\"dateModified\":\"2023-07-24T22:24:33+00:00\",\"mainEntityOfPage\":{\"@id\":\"https:\\\/\\\/regiaonews.net.br\\\/2022\\\/2023\\\/07\\\/24\\\/estancia-turistica-de-barretos-conquista-a-4a-colocacao-nos-65o-jogos-regionais\\\/\"},\"wordCount\":689,\"commentCount\":0,\"publisher\":{\"@id\":\"https:\\\/\\\/regiaonews.net.br\\\/2022\\\/#organization\"},\"image\":{\"@id\":\"https:\\\/\\\/regiaonews.net.br\\\/2022\\\/2023\\\/07\\\/24\\\/estancia-turistica-de-barretos-conquista-a-4a-colocacao-nos-65o-jogos-regionais\\\/#primaryimage\"},\"thumbnailUrl\":\"https:\\\/\\\/regiaonews.net.br\\\/2022\\\/wp-content\\\/uploads\\\/2023\\\/07\\\/WhatsApp-Image-2023-07-24-at-16.54.59.jpeg\",\"articleSection\":[\"Barretos\",\"Esporte\"],\"inLanguage\":\"pt-BR\",\"potentialAction\":[{\"@type\":\"CommentAction\",\"name\":\"Comment\",\"target\":[\"https:\\\/\\\/regiaonews.net.br\\\/2022\\\/2023\\\/07\\\/24\\\/estancia-turistica-de-barretos-conquista-a-4a-colocacao-nos-65o-jogos-regionais\\\/#respond\"]}]},{\"@type\":\"WebPage\",\"@id\":\"https:\\\/\\\/regiaonews.net.br\\\/2022\\\/2023\\\/07\\\/24\\\/estancia-turistica-de-barretos-conquista-a-4a-colocacao-nos-65o-jogos-regionais\\\/\",\"url\":\"https:\\\/\\\/regiaonews.net.br\\\/2022\\\/2023\\\/07\\\/24\\\/estancia-turistica-de-barretos-conquista-a-4a-colocacao-nos-65o-jogos-regionais\\\/\",\"name\":\"Est\u00e2ncia Tur\u00edstica de Barretos conquista a 4\u00aa coloca\u00e7\u00e3o nos 65\u00ba Jogos Regionais - Regi\u00e3o News\",\"isPartOf\":{\"@id\":\"https:\\\/\\\/regiaonews.net.br\\\/2022\\\/#website\"},\"primaryImageOfPage\":{\"@id\":\"https:\\\/\\\/regiaonews.net.br\\\/2022\\\/2023\\\/07\\\/24\\\/estancia-turistica-de-barretos-conquista-a-4a-colocacao-nos-65o-jogos-regionais\\\/#primaryimage\"},\"image\":{\"@id\":\"https:\\\/\\\/regiaonews.net.br\\\/2022\\\/2023\\\/07\\\/24\\\/estancia-turistica-de-barretos-conquista-a-4a-colocacao-nos-65o-jogos-regionais\\\/#primaryimage\"},\"thumbnailUrl\":\"https:\\\/\\\/regiaonews.net.br\\\/2022\\\/wp-content\\\/uploads\\\/2023\\\/07\\\/WhatsApp-Image-2023-07-24-at-16.54.59.jpeg\",\"datePublished\":\"2023-07-24T20:22:18+00:00\",\"dateModified\":\"2023-07-24T22:24:33+00:00\",\"description\":\"A 65\u00aa edi\u00e7\u00e3o dos Jogos Regionais chegou ao fim com a Est\u00e2ncia Tur\u00edstica de Barretos conquistando a 4\u00aa coloca\u00e7\u00e3o na classifica\u00e7\u00e3o geral\",\"breadcrumb\":{\"@id\":\"https:\\\/\\\/regiaonews.net.br\\\/2022\\\/2023\\\/07\\\/24\\\/estancia-turistica-de-barretos-conquista-a-4a-colocacao-nos-65o-jogos-regionais\\\/#breadcrumb\"},\"inLanguage\":\"pt-BR\",\"potentialAction\":[{\"@type\":\"ReadAction\",\"target\":[\"https:\\\/\\\/regiaonews.net.br\\\/2022\\\/2023\\\/07\\\/24\\\/estancia-turistica-de-barretos-conquista-a-4a-colocacao-nos-65o-jogos-regionais\\\/\"]}]},{\"@type\":\"ImageObject\",\"inLanguage\":\"pt-BR\",\"@id\":\"https:\\\/\\\/regiaonews.net.br\\\/2022\\\/2023\\\/07\\\/24\\\/estancia-turistica-de-barretos-conquista-a-4a-colocacao-nos-65o-jogos-regionais\\\/#primaryimage\",\"url\":\"https:\\\/\\\/regiaonews.net.br\\\/2022\\\/wp-content\\\/uploads\\\/2023\\\/07\\\/WhatsApp-Image-2023-07-24-at-16.54.59.jpeg\",\"contentUrl\":\"https:\\\/\\\/regiaonews.net.br\\\/2022\\\/wp-content\\\/uploads\\\/2023\\\/07\\\/WhatsApp-Image-2023-07-24-at-16.54.59.jpeg\",\"width\":1600,\"height\":1066},{\"@type\":\"BreadcrumbList\",\"@id\":\"https:\\\/\\\/regiaonews.net.br\\\/2022\\\/2023\\\/07\\\/24\\\/estancia-turistica-de-barretos-conquista-a-4a-colocacao-nos-65o-jogos-regionais\\\/#breadcrumb\",\"itemListElement\":[{\"@type\":\"ListItem\",\"position\":1,\"name\":\"In\u00edcio\",\"item\":\"https:\\\/\\\/regiaonews.net.br\\\/2022\\\/\"},{\"@type\":\"ListItem\",\"position\":2,\"name\":\"Est\u00e2ncia Tur\u00edstica de Barretos conquista a 4\u00aa coloca\u00e7\u00e3o nos 65\u00ba Jogos Regionais\"}]},{\"@type\":\"WebSite\",\"@id\":\"https:\\\/\\\/regiaonews.net.br\\\/2022\\\/#website\",\"url\":\"https:\\\/\\\/regiaonews.net.br\\\/2022\\\/\",\"name\":\"Regi\u00e3o News\",\"description\":\"Site de Not\u00edcias de Barretos e regi\u00e3o\",\"publisher\":{\"@id\":\"https:\\\/\\\/regiaonews.net.br\\\/2022\\\/#organization\"},\"potentialAction\":[{\"@type\":\"SearchAction\",\"target\":{\"@type\":\"EntryPoint\",\"urlTemplate\":\"https:\\\/\\\/regiaonews.net.br\\\/2022\\\/?s={search_term_string}\"},\"query-input\":{\"@type\":\"PropertyValueSpecification\",\"valueRequired\":true,\"valueName\":\"search_term_string\"}}],\"inLanguage\":\"pt-BR\"},{\"@type\":\"Organization\",\"@id\":\"https:\\\/\\\/regiaonews.net.br\\\/2022\\\/#organization\",\"name\":\"Regi\u00e3o News\",\"url\":\"https:\\\/\\\/regiaonews.net.br\\\/2022\\\/\",\"logo\":{\"@type\":\"ImageObject\",\"inLanguage\":\"pt-BR\",\"@id\":\"https:\\\/\\\/regiaonews.net.br\\\/2022\\\/#\\\/schema\\\/logo\\\/image\\\/\",\"url\":\"https:\\\/\\\/regiaonews.net.br\\\/2022\\\/wp-content\\\/uploads\\\/2026\\\/03\\\/regiao-13-anos-scaled.jpg\",\"contentUrl\":\"https:\\\/\\\/regiaonews.net.br\\\/2022\\\/wp-content\\\/uploads\\\/2026\\\/03\\\/regiao-13-anos-scaled.jpg\",\"width\":2560,\"height\":635,\"caption\":\"Regi\u00e3o News\"},\"image\":{\"@id\":\"https:\\\/\\\/regiaonews.net.br\\\/2022\\\/#\\\/schema\\\/logo\\\/image\\\/\"}},{\"@type\":\"Person\",\"@id\":\"https:\\\/\\\/regiaonews.net.br\\\/2022\\\/#\\\/schema\\\/person\\\/2d205a608a5aa97ac279d7a5e6d89ad8\",\"name\":\"Roberto\",\"image\":{\"@type\":\"ImageObject\",\"inLanguage\":\"pt-BR\",\"@id\":\"https:\\\/\\\/secure.gravatar.com\\\/avatar\\\/42749d8b712ff9d59ca93dc150494e5b55a44134482993f5baeb97e61b7ecc89?s=96&d=mm&r=g\",\"url\":\"https:\\\/\\\/secure.gravatar.com\\\/avatar\\\/42749d8b712ff9d59ca93dc150494e5b55a44134482993f5baeb97e61b7ecc89?s=96&d=mm&r=g\",\"contentUrl\":\"https:\\\/\\\/secure.gravatar.com\\\/avatar\\\/42749d8b712ff9d59ca93dc150494e5b55a44134482993f5baeb97e61b7ecc89?s=96&d=mm&r=g\",\"caption\":\"Roberto\"},\"url\":\"https:\\\/\\\/regiaonews.net.br\\\/2022\\\/author\\\/roberto\\\/\"}]}<\/script>\n<!-- \/ Yoast SEO plugin. -->","yoast_head_json":{"title":"Est\u00e2ncia Tur\u00edstica de Barretos conquista a 4\u00aa coloca\u00e7\u00e3o nos 65\u00ba Jogos Regionais - Regi\u00e3o News","description":"A 65\u00aa edi\u00e7\u00e3o dos Jogos Regionais chegou ao fim com a Est\u00e2ncia Tur\u00edstica de Barretos conquistando a 4\u00aa coloca\u00e7\u00e3o na classifica\u00e7\u00e3o geral","robots":{"index":"index","follow":"follow","max-snippet":"max-snippet:-1","max-image-preview":"max-image-preview:large","max-video-preview":"max-video-preview:-1"},"canonical":"https:\/\/regiaonews.net.br\/2022\/2023\/07\/24\/estancia-turistica-de-barretos-conquista-a-4a-colocacao-nos-65o-jogos-regionais\/","og_locale":"pt_BR","og_type":"article","og_title":"Est\u00e2ncia Tur\u00edstica de Barretos conquista a 4\u00aa coloca\u00e7\u00e3o nos 65\u00ba Jogos Regionais - Regi\u00e3o News","og_description":"A 65\u00aa edi\u00e7\u00e3o dos Jogos Regionais chegou ao fim com a Est\u00e2ncia Tur\u00edstica de Barretos conquistando a 4\u00aa coloca\u00e7\u00e3o na classifica\u00e7\u00e3o geral","og_url":"https:\/\/regiaonews.net.br\/2022\/2023\/07\/24\/estancia-turistica-de-barretos-conquista-a-4a-colocacao-nos-65o-jogos-regionais\/","og_site_name":"Regi\u00e3o News","article_published_time":"2023-07-24T20:22:18+00:00","article_modified_time":"2023-07-24T22:24:33+00:00","og_image":[{"width":1600,"height":1066,"url":"https:\/\/regiaonews.net.br\/2022\/wp-content\/uploads\/2023\/07\/WhatsApp-Image-2023-07-24-at-16.54.59.jpeg","type":"image\/jpeg"}],"author":"Roberto","twitter_card":"summary_large_image","twitter_misc":{"Escrito por":"Roberto","Est. tempo de leitura":"4 minutos"},"schema":{"@context":"https:\/\/schema.org","@graph":[{"@type":"Article","@id":"https:\/\/regiaonews.net.br\/2022\/2023\/07\/24\/estancia-turistica-de-barretos-conquista-a-4a-colocacao-nos-65o-jogos-regionais\/#article","isPartOf":{"@id":"https:\/\/regiaonews.net.br\/2022\/2023\/07\/24\/estancia-turistica-de-barretos-conquista-a-4a-colocacao-nos-65o-jogos-regionais\/"},"author":{"name":"Roberto","@id":"https:\/\/regiaonews.net.br\/2022\/#\/schema\/person\/2d205a608a5aa97ac279d7a5e6d89ad8"},"headline":"Est\u00e2ncia Tur\u00edstica de Barretos conquista a 4\u00aa coloca\u00e7\u00e3o nos 65\u00ba Jogos Regionais","datePublished":"2023-07-24T20:22:18+00:00","dateModified":"2023-07-24T22:24:33+00:00","mainEntityOfPage":{"@id":"https:\/\/regiaonews.net.br\/2022\/2023\/07\/24\/estancia-turistica-de-barretos-conquista-a-4a-colocacao-nos-65o-jogos-regionais\/"},"wordCount":689,"commentCount":0,"publisher":{"@id":"https:\/\/regiaonews.net.br\/2022\/#organization"},"image":{"@id":"https:\/\/regiaonews.net.br\/2022\/2023\/07\/24\/estancia-turistica-de-barretos-conquista-a-4a-colocacao-nos-65o-jogos-regionais\/#primaryimage"},"thumbnailUrl":"https:\/\/regiaonews.net.br\/2022\/wp-content\/uploads\/2023\/07\/WhatsApp-Image-2023-07-24-at-16.54.59.jpeg","articleSection":["Barretos","Esporte"],"inLanguage":"pt-BR","potentialAction":[{"@type":"CommentAction","name":"Comment","target":["https:\/\/regiaonews.net.br\/2022\/2023\/07\/24\/estancia-turistica-de-barretos-conquista-a-4a-colocacao-nos-65o-jogos-regionais\/#respond"]}]},{"@type":"WebPage","@id":"https:\/\/regiaonews.net.br\/2022\/2023\/07\/24\/estancia-turistica-de-barretos-conquista-a-4a-colocacao-nos-65o-jogos-regionais\/","url":"https:\/\/regiaonews.net.br\/2022\/2023\/07\/24\/estancia-turistica-de-barretos-conquista-a-4a-colocacao-nos-65o-jogos-regionais\/","name":"Est\u00e2ncia Tur\u00edstica de Barretos conquista a 4\u00aa coloca\u00e7\u00e3o nos 65\u00ba Jogos Regionais - Regi\u00e3o News","isPartOf":{"@id":"https:\/\/regiaonews.net.br\/2022\/#website"},"primaryImageOfPage":{"@id":"https:\/\/regiaonews.net.br\/2022\/2023\/07\/24\/estancia-turistica-de-barretos-conquista-a-4a-colocacao-nos-65o-jogos-regionais\/#primaryimage"},"image":{"@id":"https:\/\/regiaonews.net.br\/2022\/2023\/07\/24\/estancia-turistica-de-barretos-conquista-a-4a-colocacao-nos-65o-jogos-regionais\/#primaryimage"},"thumbnailUrl":"https:\/\/regiaonews.net.br\/2022\/wp-content\/uploads\/2023\/07\/WhatsApp-Image-2023-07-24-at-16.54.59.jpeg","datePublished":"2023-07-24T20:22:18+00:00","dateModified":"2023-07-24T22:24:33+00:00","description":"A 65\u00aa edi\u00e7\u00e3o dos Jogos Regionais chegou ao fim com a Est\u00e2ncia Tur\u00edstica de Barretos conquistando a 4\u00aa coloca\u00e7\u00e3o na classifica\u00e7\u00e3o geral","breadcrumb":{"@id":"https:\/\/regiaonews.net.br\/2022\/2023\/07\/24\/estancia-turistica-de-barretos-conquista-a-4a-colocacao-nos-65o-jogos-regionais\/#breadcrumb"},"inLanguage":"pt-BR","potentialAction":[{"@type":"ReadAction","target":["https:\/\/regiaonews.net.br\/2022\/2023\/07\/24\/estancia-turistica-de-barretos-conquista-a-4a-colocacao-nos-65o-jogos-regionais\/"]}]},{"@type":"ImageObject","inLanguage":"pt-BR","@id":"https:\/\/regiaonews.net.br\/2022\/2023\/07\/24\/estancia-turistica-de-barretos-conquista-a-4a-colocacao-nos-65o-jogos-regionais\/#primaryimage","url":"https:\/\/regiaonews.net.br\/2022\/wp-content\/uploads\/2023\/07\/WhatsApp-Image-2023-07-24-at-16.54.59.jpeg","contentUrl":"https:\/\/regiaonews.net.br\/2022\/wp-content\/uploads\/2023\/07\/WhatsApp-Image-2023-07-24-at-16.54.59.jpeg","width":1600,"height":1066},{"@type":"BreadcrumbList","@id":"https:\/\/regiaonews.net.br\/2022\/2023\/07\/24\/estancia-turistica-de-barretos-conquista-a-4a-colocacao-nos-65o-jogos-regionais\/#breadcrumb","itemListElement":[{"@type":"ListItem","position":1,"name":"In\u00edcio","item":"https:\/\/regiaonews.net.br\/2022\/"},{"@type":"ListItem","position":2,"name":"Est\u00e2ncia Tur\u00edstica de Barretos conquista a 4\u00aa coloca\u00e7\u00e3o nos 65\u00ba Jogos Regionais"}]},{"@type":"WebSite","@id":"https:\/\/regiaonews.net.br\/2022\/#website","url":"https:\/\/regiaonews.net.br\/2022\/","name":"Regi\u00e3o News","description":"Site de Not\u00edcias de Barretos e regi\u00e3o","publisher":{"@id":"https:\/\/regiaonews.net.br\/2022\/#organization"},"potentialAction":[{"@type":"SearchAction","target":{"@type":"EntryPoint","urlTemplate":"https:\/\/regiaonews.net.br\/2022\/?s={search_term_string}"},"query-input":{"@type":"PropertyValueSpecification","valueRequired":true,"valueName":"search_term_string"}}],"inLanguage":"pt-BR"},{"@type":"Organization","@id":"https:\/\/regiaonews.net.br\/2022\/#organization","name":"Regi\u00e3o News","url":"https:\/\/regiaonews.net.br\/2022\/","logo":{"@type":"ImageObject","inLanguage":"pt-BR","@id":"https:\/\/regiaonews.net.br\/2022\/#\/schema\/logo\/image\/","url":"https:\/\/regiaonews.net.br\/2022\/wp-content\/uploads\/2026\/03\/regiao-13-anos-scaled.jpg","contentUrl":"https:\/\/regiaonews.net.br\/2022\/wp-content\/uploads\/2026\/03\/regiao-13-anos-scaled.jpg","width":2560,"height":635,"caption":"Regi\u00e3o News"},"image":{"@id":"https:\/\/regiaonews.net.br\/2022\/#\/schema\/logo\/image\/"}},{"@type":"Person","@id":"https:\/\/regiaonews.net.br\/2022\/#\/schema\/person\/2d205a608a5aa97ac279d7a5e6d89ad8","name":"Roberto","image":{"@type":"ImageObject","inLanguage":"pt-BR","@id":"https:\/\/secure.gravatar.com\/avatar\/42749d8b712ff9d59ca93dc150494e5b55a44134482993f5baeb97e61b7ecc89?s=96&d=mm&r=g","url":"https:\/\/secure.gravatar.com\/avatar\/42749d8b712ff9d59ca93dc150494e5b55a44134482993f5baeb97e61b7ecc89?s=96&d=mm&r=g","contentUrl":"https:\/\/secure.gravatar.com\/avatar\/42749d8b712ff9d59ca93dc150494e5b55a44134482993f5baeb97e61b7ecc89?s=96&d=mm&r=g","caption":"Roberto"},"url":"https:\/\/regiaonews.net.br\/2022\/author\/roberto\/"}]}},"publishpress_future_action":{"enabled":false,"date":"2026-05-03 10:12:23","action":"change-status","newStatus":"draft","terms":[],"taxonomy":"category","extraData":[]},"publishpress_future_workflow_manual_trigger":{"enabledWorkflows":[]},"_links":{"self":[{"href":"https:\/\/regiaonews.net.br\/2022\/wp-json\/wp\/v2\/posts\/92174","targetHints":{"allow":["GET"]}}],"collection":[{"href":"https:\/\/regiaonews.net.br\/2022\/wp-json\/wp\/v2\/posts"}],"about":[{"href":"https:\/\/regiaonews.net.br\/2022\/wp-json\/wp\/v2\/types\/post"}],"author":[{"embeddable":true,"href":"https:\/\/regiaonews.net.br\/2022\/wp-json\/wp\/v2\/users\/2"}],"replies":[{"embeddable":true,"href":"https:\/\/regiaonews.net.br\/2022\/wp-json\/wp\/v2\/comments?post=92174"}],"version-history":[{"count":2,"href":"https:\/\/regiaonews.net.br\/2022\/wp-json\/wp\/v2\/posts\/92174\/revisions"}],"predecessor-version":[{"id":92181,"href":"https:\/\/regiaonews.net.br\/2022\/wp-json\/wp\/v2\/posts\/92174\/revisions\/92181"}],"wp:featuredmedia":[{"embeddable":true,"href":"https:\/\/regiaonews.net.br\/2022\/wp-json\/wp\/v2\/media\/92175"}],"wp:attachment":[{"href":"https:\/\/regiaonews.net.br\/2022\/wp-json\/wp\/v2\/media?parent=92174"}],"wp:term":[{"taxonomy":"category","embeddable":true,"href":"https:\/\/regiaonews.net.br\/2022\/wp-json\/wp\/v2\/categories?post=92174"},{"taxonomy":"post_tag","embeddable":true,"href":"https:\/\/regiaonews.net.br\/2022\/wp-json\/wp\/v2\/tags?post=92174"}],"curies":[{"name":"wp","href":"https:\/\/api.w.org\/{rel}","templated":true}]}}