{"id":92169,"date":"2023-07-24T15:10:51","date_gmt":"2023-07-24T18:10:51","guid":{"rendered":"https:\/\/regiaonews.net.br\/2022\/?p=92169"},"modified":"2023-07-24T23:08:09","modified_gmt":"2023-07-25T02:08:09","slug":"corinthians-avanca-por-rescisao-contratual-de-luan-meia-deve-voltar-ao-gremio","status":"publish","type":"post","link":"https:\/\/regiaonews.net.br\/2022\/2023\/07\/24\/corinthians-avanca-por-rescisao-contratual-de-luan-meia-deve-voltar-ao-gremio\/","title":{"rendered":"Corinthians avan\u00e7a por rescis\u00e3o contratual de Luan"},"content":{"rendered":"<div class=\"interacoes interacoes_artigo \">\n<p>&nbsp;<\/p>\n<div class=\"likes_internos\" data-idlikeitem=\"20188937\" data-idconteudo=\"456049\" data-nick=\"\" data-tipo=\"3\" data-verificado=\"true\"><\/div>\n<\/div>\n<div class=\"texto_noticia \">\n<p>O\u00a0<a class=\"hotword\" href=\"https:\/\/www.meutimao.com.br\/\" target=\"_blank\" rel=\"noopener\">Corinthians<\/a>\u00a0encaminhou a rescis\u00e3o contratual do meia-atacante <strong>Luan<\/strong>, de 30 anos. Ap\u00f3s diversas conversas nas \u00faltimas semanas, a diretoria alvinegra chegou a um acordo com o atleta no \u00faltimo domingo e acerta os \u00faltimos detalhes para oficializar a decis\u00e3o. A informa\u00e7\u00e3o foi dada pelo\u00a0<em>Ge.com<\/em>\u00a0e confirmada pelo\u00a0<strong>Meu Tim\u00e3o<\/strong>.<\/p>\n<p>O jogador deve abrir m\u00e3o dos sal\u00e1rios que receberia at\u00e9 o fim do ano, j\u00e1 que seu contrato se encerra em 31 de dezembro, e o Corinthians acertaria apenas FGTS (Fundo de Garantia do Tempo de Servi\u00e7o) e parte do direito de imagem.<\/p>\n<p>Com o caminho livre, Luan deve mesmo retornar ao Gr\u00eamio.\u00a0<a href=\"https:\/\/www.meutimao.com.br\/noticias-do-corinthians\/455741\/renato-gaucho-atualiza-situacao-de-luan-e-coloca-prazo-para-definir-futuro-do-atleta-do-corinthians\" target=\"_blank\" rel=\"noopener\">Conforme o t\u00e9cnico Renato Ga\u00facho j\u00e1 havia antecipado publicamente em entrevistas<\/a>, o clube do Rio Grande do Sul entende que o meia pode voltar a ter um bom desempenho e passar a ser pe\u00e7a importante em seu elenco.<\/p>\n<p>O v\u00ednculo inicial deve ter validade apenas at\u00e9 dezembro, com renova\u00e7\u00e3o por um per\u00edodo maior em janeiro mediante cl\u00e1usulas de performance. Pelo Gr\u00eamio, Luan viveu o auge de sua carreira e foi protagonista na conquista da Copa Libertadores de 2017, ganhando at\u00e9 o pr\u00eamio de Rei da Am\u00e9rica.<\/p>\n<p>No Corinthians, por\u00e9m, n\u00e3o deixar\u00e1 saudades. O jogador foi comprado em 2019 por R$ 29 milh\u00f5es e, apesar de alta expectativa, n\u00e3o conseguiu se destacar. Foram 78 jogos e somente nove gols marcados em quatro temporadas.<\/p>\n<div class=\"interacoes interacoes_artigo \"><\/div>\n<div class=\"texto_noticia \">\n<p>&nbsp;<\/p>\n<\/div>\n<\/div>\n","protected":false},"excerpt":{"rendered":"<p>&nbsp; O\u00a0Corinthians\u00a0encaminhou a rescis\u00e3o contratual do meia-atacante Luan, de 30<\/p>\n","protected":false},"author":2,"featured_media":92170,"comment_status":"open","ping_status":"open","sticky":false,"template":"","format":"standard","meta":{"footnotes":""},"categories":[21,7],"tags":[],"class_list":["post-92169","post","type-post","status-publish","format-standard","has-post-thumbnail","hentry","category-esporte","category-estado-de-sao-paulo"],"yoast_head":"<!-- This site is optimized with the Yoast SEO plugin v27.4 - https:\/\/yoast.com\/product\/yoast-seo-wordpress\/ -->\n<title>Corinthians avan\u00e7a por rescis\u00e3o contratual de Luan<\/title>\n<meta name=\"description\" content=\"\u00a0Corinthians\u00a0encaminhou a rescis\u00e3o contratual do meia-atacante Luan, de 30 anos. Ap\u00f3s diversas conversas nas \u00faltimas\" \/>\n<meta name=\"robots\" content=\"index, follow, max-snippet:-1, max-image-preview:large, max-video-preview:-1\" \/>\n<link rel=\"canonical\" href=\"https:\/\/regiaonews.net.br\/2022\/2023\/07\/24\/corinthians-avanca-por-rescisao-contratual-de-luan-meia-deve-voltar-ao-gremio\/\" \/>\n<meta property=\"og:locale\" content=\"pt_BR\" \/>\n<meta property=\"og:type\" content=\"article\" \/>\n<meta property=\"og:title\" content=\"Corinthians avan\u00e7a por rescis\u00e3o contratual de Luan\" \/>\n<meta property=\"og:description\" content=\"\u00a0Corinthians\u00a0encaminhou a rescis\u00e3o contratual do meia-atacante Luan, de 30 anos. Ap\u00f3s diversas conversas nas \u00faltimas\" \/>\n<meta property=\"og:url\" content=\"https:\/\/regiaonews.net.br\/2022\/2023\/07\/24\/corinthians-avanca-por-rescisao-contratual-de-luan-meia-deve-voltar-ao-gremio\/\" \/>\n<meta property=\"og:site_name\" content=\"Regi\u00e3o News\" \/>\n<meta property=\"article:published_time\" content=\"2023-07-24T18:10:51+00:00\" \/>\n<meta property=\"article:modified_time\" content=\"2023-07-25T02:08:09+00:00\" \/>\n<meta property=\"og:image\" content=\"https:\/\/regiaonews.net.br\/2022\/wp-content\/uploads\/2023\/07\/luan_no_corinthians_a8k4-1.jpg\" \/>\n\t<meta property=\"og:image:width\" content=\"941\" \/>\n\t<meta property=\"og:image:height\" content=\"679\" \/>\n\t<meta property=\"og:image:type\" content=\"image\/jpeg\" \/>\n<meta name=\"author\" content=\"Roberto\" \/>\n<meta name=\"twitter:card\" content=\"summary_large_image\" \/>\n<meta name=\"twitter:label1\" content=\"Escrito por\" \/>\n\t<meta name=\"twitter:data1\" content=\"Roberto\" \/>\n\t<meta name=\"twitter:label2\" content=\"Est. tempo de leitura\" \/>\n\t<meta name=\"twitter:data2\" content=\"2 minutos\" \/>\n<script type=\"application\/ld+json\" class=\"yoast-schema-graph\">{\"@context\":\"https:\\\/\\\/schema.org\",\"@graph\":[{\"@type\":\"Article\",\"@id\":\"https:\\\/\\\/regiaonews.net.br\\\/2022\\\/2023\\\/07\\\/24\\\/corinthians-avanca-por-rescisao-contratual-de-luan-meia-deve-voltar-ao-gremio\\\/#article\",\"isPartOf\":{\"@id\":\"https:\\\/\\\/regiaonews.net.br\\\/2022\\\/2023\\\/07\\\/24\\\/corinthians-avanca-por-rescisao-contratual-de-luan-meia-deve-voltar-ao-gremio\\\/\"},\"author\":{\"name\":\"Roberto\",\"@id\":\"https:\\\/\\\/regiaonews.net.br\\\/2022\\\/#\\\/schema\\\/person\\\/2d205a608a5aa97ac279d7a5e6d89ad8\"},\"headline\":\"Corinthians avan\u00e7a por rescis\u00e3o contratual de Luan\",\"datePublished\":\"2023-07-24T18:10:51+00:00\",\"dateModified\":\"2023-07-25T02:08:09+00:00\",\"mainEntityOfPage\":{\"@id\":\"https:\\\/\\\/regiaonews.net.br\\\/2022\\\/2023\\\/07\\\/24\\\/corinthians-avanca-por-rescisao-contratual-de-luan-meia-deve-voltar-ao-gremio\\\/\"},\"wordCount\":255,\"commentCount\":0,\"publisher\":{\"@id\":\"https:\\\/\\\/regiaonews.net.br\\\/2022\\\/#organization\"},\"image\":{\"@id\":\"https:\\\/\\\/regiaonews.net.br\\\/2022\\\/2023\\\/07\\\/24\\\/corinthians-avanca-por-rescisao-contratual-de-luan-meia-deve-voltar-ao-gremio\\\/#primaryimage\"},\"thumbnailUrl\":\"https:\\\/\\\/regiaonews.net.br\\\/2022\\\/wp-content\\\/uploads\\\/2023\\\/07\\\/luan_no_corinthians_a8k4-1.jpg\",\"articleSection\":[\"Esporte\",\"Estado de S\u00e3o Paulo\"],\"inLanguage\":\"pt-BR\",\"potentialAction\":[{\"@type\":\"CommentAction\",\"name\":\"Comment\",\"target\":[\"https:\\\/\\\/regiaonews.net.br\\\/2022\\\/2023\\\/07\\\/24\\\/corinthians-avanca-por-rescisao-contratual-de-luan-meia-deve-voltar-ao-gremio\\\/#respond\"]}]},{\"@type\":\"WebPage\",\"@id\":\"https:\\\/\\\/regiaonews.net.br\\\/2022\\\/2023\\\/07\\\/24\\\/corinthians-avanca-por-rescisao-contratual-de-luan-meia-deve-voltar-ao-gremio\\\/\",\"url\":\"https:\\\/\\\/regiaonews.net.br\\\/2022\\\/2023\\\/07\\\/24\\\/corinthians-avanca-por-rescisao-contratual-de-luan-meia-deve-voltar-ao-gremio\\\/\",\"name\":\"Corinthians avan\u00e7a por rescis\u00e3o contratual de Luan\",\"isPartOf\":{\"@id\":\"https:\\\/\\\/regiaonews.net.br\\\/2022\\\/#website\"},\"primaryImageOfPage\":{\"@id\":\"https:\\\/\\\/regiaonews.net.br\\\/2022\\\/2023\\\/07\\\/24\\\/corinthians-avanca-por-rescisao-contratual-de-luan-meia-deve-voltar-ao-gremio\\\/#primaryimage\"},\"image\":{\"@id\":\"https:\\\/\\\/regiaonews.net.br\\\/2022\\\/2023\\\/07\\\/24\\\/corinthians-avanca-por-rescisao-contratual-de-luan-meia-deve-voltar-ao-gremio\\\/#primaryimage\"},\"thumbnailUrl\":\"https:\\\/\\\/regiaonews.net.br\\\/2022\\\/wp-content\\\/uploads\\\/2023\\\/07\\\/luan_no_corinthians_a8k4-1.jpg\",\"datePublished\":\"2023-07-24T18:10:51+00:00\",\"dateModified\":\"2023-07-25T02:08:09+00:00\",\"description\":\"\u00a0Corinthians\u00a0encaminhou a rescis\u00e3o contratual do meia-atacante Luan, de 30 anos. Ap\u00f3s diversas conversas nas \u00faltimas\",\"breadcrumb\":{\"@id\":\"https:\\\/\\\/regiaonews.net.br\\\/2022\\\/2023\\\/07\\\/24\\\/corinthians-avanca-por-rescisao-contratual-de-luan-meia-deve-voltar-ao-gremio\\\/#breadcrumb\"},\"inLanguage\":\"pt-BR\",\"potentialAction\":[{\"@type\":\"ReadAction\",\"target\":[\"https:\\\/\\\/regiaonews.net.br\\\/2022\\\/2023\\\/07\\\/24\\\/corinthians-avanca-por-rescisao-contratual-de-luan-meia-deve-voltar-ao-gremio\\\/\"]}]},{\"@type\":\"ImageObject\",\"inLanguage\":\"pt-BR\",\"@id\":\"https:\\\/\\\/regiaonews.net.br\\\/2022\\\/2023\\\/07\\\/24\\\/corinthians-avanca-por-rescisao-contratual-de-luan-meia-deve-voltar-ao-gremio\\\/#primaryimage\",\"url\":\"https:\\\/\\\/regiaonews.net.br\\\/2022\\\/wp-content\\\/uploads\\\/2023\\\/07\\\/luan_no_corinthians_a8k4-1.jpg\",\"contentUrl\":\"https:\\\/\\\/regiaonews.net.br\\\/2022\\\/wp-content\\\/uploads\\\/2023\\\/07\\\/luan_no_corinthians_a8k4-1.jpg\",\"width\":941,\"height\":679},{\"@type\":\"BreadcrumbList\",\"@id\":\"https:\\\/\\\/regiaonews.net.br\\\/2022\\\/2023\\\/07\\\/24\\\/corinthians-avanca-por-rescisao-contratual-de-luan-meia-deve-voltar-ao-gremio\\\/#breadcrumb\",\"itemListElement\":[{\"@type\":\"ListItem\",\"position\":1,\"name\":\"In\u00edcio\",\"item\":\"https:\\\/\\\/regiaonews.net.br\\\/2022\\\/\"},{\"@type\":\"ListItem\",\"position\":2,\"name\":\"Corinthians avan\u00e7a por rescis\u00e3o contratual de Luan\"}]},{\"@type\":\"WebSite\",\"@id\":\"https:\\\/\\\/regiaonews.net.br\\\/2022\\\/#website\",\"url\":\"https:\\\/\\\/regiaonews.net.br\\\/2022\\\/\",\"name\":\"Regi\u00e3o News\",\"description\":\"Site de Not\u00edcias de Barretos e regi\u00e3o\",\"publisher\":{\"@id\":\"https:\\\/\\\/regiaonews.net.br\\\/2022\\\/#organization\"},\"potentialAction\":[{\"@type\":\"SearchAction\",\"target\":{\"@type\":\"EntryPoint\",\"urlTemplate\":\"https:\\\/\\\/regiaonews.net.br\\\/2022\\\/?s={search_term_string}\"},\"query-input\":{\"@type\":\"PropertyValueSpecification\",\"valueRequired\":true,\"valueName\":\"search_term_string\"}}],\"inLanguage\":\"pt-BR\"},{\"@type\":\"Organization\",\"@id\":\"https:\\\/\\\/regiaonews.net.br\\\/2022\\\/#organization\",\"name\":\"Regi\u00e3o News\",\"url\":\"https:\\\/\\\/regiaonews.net.br\\\/2022\\\/\",\"logo\":{\"@type\":\"ImageObject\",\"inLanguage\":\"pt-BR\",\"@id\":\"https:\\\/\\\/regiaonews.net.br\\\/2022\\\/#\\\/schema\\\/logo\\\/image\\\/\",\"url\":\"https:\\\/\\\/regiaonews.net.br\\\/2022\\\/wp-content\\\/uploads\\\/2026\\\/03\\\/regiao-13-anos-scaled.jpg\",\"contentUrl\":\"https:\\\/\\\/regiaonews.net.br\\\/2022\\\/wp-content\\\/uploads\\\/2026\\\/03\\\/regiao-13-anos-scaled.jpg\",\"width\":2560,\"height\":635,\"caption\":\"Regi\u00e3o News\"},\"image\":{\"@id\":\"https:\\\/\\\/regiaonews.net.br\\\/2022\\\/#\\\/schema\\\/logo\\\/image\\\/\"}},{\"@type\":\"Person\",\"@id\":\"https:\\\/\\\/regiaonews.net.br\\\/2022\\\/#\\\/schema\\\/person\\\/2d205a608a5aa97ac279d7a5e6d89ad8\",\"name\":\"Roberto\",\"image\":{\"@type\":\"ImageObject\",\"inLanguage\":\"pt-BR\",\"@id\":\"https:\\\/\\\/secure.gravatar.com\\\/avatar\\\/42749d8b712ff9d59ca93dc150494e5b55a44134482993f5baeb97e61b7ecc89?s=96&d=mm&r=g\",\"url\":\"https:\\\/\\\/secure.gravatar.com\\\/avatar\\\/42749d8b712ff9d59ca93dc150494e5b55a44134482993f5baeb97e61b7ecc89?s=96&d=mm&r=g\",\"contentUrl\":\"https:\\\/\\\/secure.gravatar.com\\\/avatar\\\/42749d8b712ff9d59ca93dc150494e5b55a44134482993f5baeb97e61b7ecc89?s=96&d=mm&r=g\",\"caption\":\"Roberto\"},\"url\":\"https:\\\/\\\/regiaonews.net.br\\\/2022\\\/author\\\/roberto\\\/\"}]}<\/script>\n<!-- \/ Yoast SEO plugin. -->","yoast_head_json":{"title":"Corinthians avan\u00e7a por rescis\u00e3o contratual de Luan","description":"\u00a0Corinthians\u00a0encaminhou a rescis\u00e3o contratual do meia-atacante Luan, de 30 anos. Ap\u00f3s diversas conversas nas \u00faltimas","robots":{"index":"index","follow":"follow","max-snippet":"max-snippet:-1","max-image-preview":"max-image-preview:large","max-video-preview":"max-video-preview:-1"},"canonical":"https:\/\/regiaonews.net.br\/2022\/2023\/07\/24\/corinthians-avanca-por-rescisao-contratual-de-luan-meia-deve-voltar-ao-gremio\/","og_locale":"pt_BR","og_type":"article","og_title":"Corinthians avan\u00e7a por rescis\u00e3o contratual de Luan","og_description":"\u00a0Corinthians\u00a0encaminhou a rescis\u00e3o contratual do meia-atacante Luan, de 30 anos. Ap\u00f3s diversas conversas nas \u00faltimas","og_url":"https:\/\/regiaonews.net.br\/2022\/2023\/07\/24\/corinthians-avanca-por-rescisao-contratual-de-luan-meia-deve-voltar-ao-gremio\/","og_site_name":"Regi\u00e3o News","article_published_time":"2023-07-24T18:10:51+00:00","article_modified_time":"2023-07-25T02:08:09+00:00","og_image":[{"width":941,"height":679,"url":"https:\/\/regiaonews.net.br\/2022\/wp-content\/uploads\/2023\/07\/luan_no_corinthians_a8k4-1.jpg","type":"image\/jpeg"}],"author":"Roberto","twitter_card":"summary_large_image","twitter_misc":{"Escrito por":"Roberto","Est. tempo de leitura":"2 minutos"},"schema":{"@context":"https:\/\/schema.org","@graph":[{"@type":"Article","@id":"https:\/\/regiaonews.net.br\/2022\/2023\/07\/24\/corinthians-avanca-por-rescisao-contratual-de-luan-meia-deve-voltar-ao-gremio\/#article","isPartOf":{"@id":"https:\/\/regiaonews.net.br\/2022\/2023\/07\/24\/corinthians-avanca-por-rescisao-contratual-de-luan-meia-deve-voltar-ao-gremio\/"},"author":{"name":"Roberto","@id":"https:\/\/regiaonews.net.br\/2022\/#\/schema\/person\/2d205a608a5aa97ac279d7a5e6d89ad8"},"headline":"Corinthians avan\u00e7a por rescis\u00e3o contratual de Luan","datePublished":"2023-07-24T18:10:51+00:00","dateModified":"2023-07-25T02:08:09+00:00","mainEntityOfPage":{"@id":"https:\/\/regiaonews.net.br\/2022\/2023\/07\/24\/corinthians-avanca-por-rescisao-contratual-de-luan-meia-deve-voltar-ao-gremio\/"},"wordCount":255,"commentCount":0,"publisher":{"@id":"https:\/\/regiaonews.net.br\/2022\/#organization"},"image":{"@id":"https:\/\/regiaonews.net.br\/2022\/2023\/07\/24\/corinthians-avanca-por-rescisao-contratual-de-luan-meia-deve-voltar-ao-gremio\/#primaryimage"},"thumbnailUrl":"https:\/\/regiaonews.net.br\/2022\/wp-content\/uploads\/2023\/07\/luan_no_corinthians_a8k4-1.jpg","articleSection":["Esporte","Estado de S\u00e3o Paulo"],"inLanguage":"pt-BR","potentialAction":[{"@type":"CommentAction","name":"Comment","target":["https:\/\/regiaonews.net.br\/2022\/2023\/07\/24\/corinthians-avanca-por-rescisao-contratual-de-luan-meia-deve-voltar-ao-gremio\/#respond"]}]},{"@type":"WebPage","@id":"https:\/\/regiaonews.net.br\/2022\/2023\/07\/24\/corinthians-avanca-por-rescisao-contratual-de-luan-meia-deve-voltar-ao-gremio\/","url":"https:\/\/regiaonews.net.br\/2022\/2023\/07\/24\/corinthians-avanca-por-rescisao-contratual-de-luan-meia-deve-voltar-ao-gremio\/","name":"Corinthians avan\u00e7a por rescis\u00e3o contratual de Luan","isPartOf":{"@id":"https:\/\/regiaonews.net.br\/2022\/#website"},"primaryImageOfPage":{"@id":"https:\/\/regiaonews.net.br\/2022\/2023\/07\/24\/corinthians-avanca-por-rescisao-contratual-de-luan-meia-deve-voltar-ao-gremio\/#primaryimage"},"image":{"@id":"https:\/\/regiaonews.net.br\/2022\/2023\/07\/24\/corinthians-avanca-por-rescisao-contratual-de-luan-meia-deve-voltar-ao-gremio\/#primaryimage"},"thumbnailUrl":"https:\/\/regiaonews.net.br\/2022\/wp-content\/uploads\/2023\/07\/luan_no_corinthians_a8k4-1.jpg","datePublished":"2023-07-24T18:10:51+00:00","dateModified":"2023-07-25T02:08:09+00:00","description":"\u00a0Corinthians\u00a0encaminhou a rescis\u00e3o contratual do meia-atacante Luan, de 30 anos. Ap\u00f3s diversas conversas nas \u00faltimas","breadcrumb":{"@id":"https:\/\/regiaonews.net.br\/2022\/2023\/07\/24\/corinthians-avanca-por-rescisao-contratual-de-luan-meia-deve-voltar-ao-gremio\/#breadcrumb"},"inLanguage":"pt-BR","potentialAction":[{"@type":"ReadAction","target":["https:\/\/regiaonews.net.br\/2022\/2023\/07\/24\/corinthians-avanca-por-rescisao-contratual-de-luan-meia-deve-voltar-ao-gremio\/"]}]},{"@type":"ImageObject","inLanguage":"pt-BR","@id":"https:\/\/regiaonews.net.br\/2022\/2023\/07\/24\/corinthians-avanca-por-rescisao-contratual-de-luan-meia-deve-voltar-ao-gremio\/#primaryimage","url":"https:\/\/regiaonews.net.br\/2022\/wp-content\/uploads\/2023\/07\/luan_no_corinthians_a8k4-1.jpg","contentUrl":"https:\/\/regiaonews.net.br\/2022\/wp-content\/uploads\/2023\/07\/luan_no_corinthians_a8k4-1.jpg","width":941,"height":679},{"@type":"BreadcrumbList","@id":"https:\/\/regiaonews.net.br\/2022\/2023\/07\/24\/corinthians-avanca-por-rescisao-contratual-de-luan-meia-deve-voltar-ao-gremio\/#breadcrumb","itemListElement":[{"@type":"ListItem","position":1,"name":"In\u00edcio","item":"https:\/\/regiaonews.net.br\/2022\/"},{"@type":"ListItem","position":2,"name":"Corinthians avan\u00e7a por rescis\u00e3o contratual de Luan"}]},{"@type":"WebSite","@id":"https:\/\/regiaonews.net.br\/2022\/#website","url":"https:\/\/regiaonews.net.br\/2022\/","name":"Regi\u00e3o News","description":"Site de Not\u00edcias de Barretos e regi\u00e3o","publisher":{"@id":"https:\/\/regiaonews.net.br\/2022\/#organization"},"potentialAction":[{"@type":"SearchAction","target":{"@type":"EntryPoint","urlTemplate":"https:\/\/regiaonews.net.br\/2022\/?s={search_term_string}"},"query-input":{"@type":"PropertyValueSpecification","valueRequired":true,"valueName":"search_term_string"}}],"inLanguage":"pt-BR"},{"@type":"Organization","@id":"https:\/\/regiaonews.net.br\/2022\/#organization","name":"Regi\u00e3o News","url":"https:\/\/regiaonews.net.br\/2022\/","logo":{"@type":"ImageObject","inLanguage":"pt-BR","@id":"https:\/\/regiaonews.net.br\/2022\/#\/schema\/logo\/image\/","url":"https:\/\/regiaonews.net.br\/2022\/wp-content\/uploads\/2026\/03\/regiao-13-anos-scaled.jpg","contentUrl":"https:\/\/regiaonews.net.br\/2022\/wp-content\/uploads\/2026\/03\/regiao-13-anos-scaled.jpg","width":2560,"height":635,"caption":"Regi\u00e3o News"},"image":{"@id":"https:\/\/regiaonews.net.br\/2022\/#\/schema\/logo\/image\/"}},{"@type":"Person","@id":"https:\/\/regiaonews.net.br\/2022\/#\/schema\/person\/2d205a608a5aa97ac279d7a5e6d89ad8","name":"Roberto","image":{"@type":"ImageObject","inLanguage":"pt-BR","@id":"https:\/\/secure.gravatar.com\/avatar\/42749d8b712ff9d59ca93dc150494e5b55a44134482993f5baeb97e61b7ecc89?s=96&d=mm&r=g","url":"https:\/\/secure.gravatar.com\/avatar\/42749d8b712ff9d59ca93dc150494e5b55a44134482993f5baeb97e61b7ecc89?s=96&d=mm&r=g","contentUrl":"https:\/\/secure.gravatar.com\/avatar\/42749d8b712ff9d59ca93dc150494e5b55a44134482993f5baeb97e61b7ecc89?s=96&d=mm&r=g","caption":"Roberto"},"url":"https:\/\/regiaonews.net.br\/2022\/author\/roberto\/"}]}},"publishpress_future_action":{"enabled":false,"date":"2026-05-03 07:09:21","action":"change-status","newStatus":"draft","terms":[],"taxonomy":"category","extraData":[]},"publishpress_future_workflow_manual_trigger":{"enabledWorkflows":[]},"_links":{"self":[{"href":"https:\/\/regiaonews.net.br\/2022\/wp-json\/wp\/v2\/posts\/92169","targetHints":{"allow":["GET"]}}],"collection":[{"href":"https:\/\/regiaonews.net.br\/2022\/wp-json\/wp\/v2\/posts"}],"about":[{"href":"https:\/\/regiaonews.net.br\/2022\/wp-json\/wp\/v2\/types\/post"}],"author":[{"embeddable":true,"href":"https:\/\/regiaonews.net.br\/2022\/wp-json\/wp\/v2\/users\/2"}],"replies":[{"embeddable":true,"href":"https:\/\/regiaonews.net.br\/2022\/wp-json\/wp\/v2\/comments?post=92169"}],"version-history":[{"count":5,"href":"https:\/\/regiaonews.net.br\/2022\/wp-json\/wp\/v2\/posts\/92169\/revisions"}],"predecessor-version":[{"id":92208,"href":"https:\/\/regiaonews.net.br\/2022\/wp-json\/wp\/v2\/posts\/92169\/revisions\/92208"}],"wp:featuredmedia":[{"embeddable":true,"href":"https:\/\/regiaonews.net.br\/2022\/wp-json\/wp\/v2\/media\/92170"}],"wp:attachment":[{"href":"https:\/\/regiaonews.net.br\/2022\/wp-json\/wp\/v2\/media?parent=92169"}],"wp:term":[{"taxonomy":"category","embeddable":true,"href":"https:\/\/regiaonews.net.br\/2022\/wp-json\/wp\/v2\/categories?post=92169"},{"taxonomy":"post_tag","embeddable":true,"href":"https:\/\/regiaonews.net.br\/2022\/wp-json\/wp\/v2\/tags?post=92169"}],"curies":[{"name":"wp","href":"https:\/\/api.w.org\/{rel}","templated":true}]}}