{"id":92163,"date":"2023-07-24T15:07:59","date_gmt":"2023-07-24T18:07:59","guid":{"rendered":"https:\/\/regiaonews.net.br\/2022\/?p=92163"},"modified":"2023-07-24T23:12:15","modified_gmt":"2023-07-25T02:12:15","slug":"governo-de-sp-marca-presenca-na-coopercitrus-expo-2023","status":"publish","type":"post","link":"https:\/\/regiaonews.net.br\/2022\/2023\/07\/24\/governo-de-sp-marca-presenca-na-coopercitrus-expo-2023\/","title":{"rendered":"Governo de SP marca presen\u00e7a na Coopercitrus Expo 2023"},"content":{"rendered":"<p align=\"center\">Feira\u00a0 ocorre do dia 24 a 28 de julho<\/p>\n<p>O Governo de S\u00e3o Paulo participou, nesta segunda-feira (24), da abertura da <strong>Coopercitrus Expo 2023<\/strong>, na <strong>Funda\u00e7\u00e3o Coopercitrus Credicitrus<\/strong>, em Bebedouro, interior do Estado de S\u00e3o Paulo. O prefeito de Colina, Dieb Taha, participou da comitiva de visita.<\/p>\n<p>Um dos principais eventos do calend\u00e1rio dos cooperados paulistas, o encontro proporciona imers\u00e3o completa em tecnologias agr\u00edcolas, garantindo uma jornada de conhecimento aos produtores rurais. Neste ano, o tema da feira \u00e9 \u201cA casa do Cooperado\u201d, com o objetivo de valorizar o trabalho conjunto de produtores rurais e seu papel no desenvolvimento das cadeias produtivas.<\/p>\n<p>Na feira, por meio da Secretaria de Agricultura e Abastecimento, o governo do estado disponibilizou t\u00e9cnicos da Coordenadoria de Assist\u00eancia T\u00e9cnica Integral (CATI) para auxiliar os produtores a realizar o Cadastro Ambiental Rural (CAR), que \u00e9 o comprovante de regulariza\u00e7\u00e3o ambiental das propriedades.<\/p>\n<p>O governador do Estado de SP, <strong>Tarc\u00edsio de Freitas,<\/strong> e o secret\u00e1rio de Agricultura e Abastecimento, Antonio Junqueira, estiveram presentes na abertura.<\/p>\n<p>Foram destacados, na fala de abertura do governador, os avan\u00e7os do agroneg\u00f3cio nos primeiros seis meses deste ano. Tarc\u00edsio citou o super\u00e1vit de US$ 10 bilh\u00f5es e o crescimento de 6% do agro paulista comparado ao mesmo per\u00edodo de 2022 e enfatizou que tudo ocorre em \u201cum cen\u00e1rio de sustentabilidade avan\u00e7ado\u201d.<\/p>\n<p>Ainda, ressaltou a import\u00e2ncia do cooperativismo e refor\u00e7ou o compromisso de ampliar a conectividade na \u00e1rea rural, por meio das linhas de financiamento do Fundo de Expans\u00e3o do Agroneg\u00f3cio Paulista (FEAP) que oferecem cr\u00e9dito com juros de 3% ao ano, que, segundo o governador, ser\u00e1 um fundo com o volume cada vez maior de investimentos.<\/p>\n<p>O secret\u00e1rio de Agricultura, Antonio Junqueira, acrescentou que \u201c a Coopercitrus Expo 2023 \u00e9 o ber\u00e7o do cooperativismo no Estado S\u00e3o Paulo. \u00c9 um evento de grande import\u00e2ncia, pois trabalha principalmente com os pequenos e m\u00e9dios produtores rurais\u201d.<\/p>\n<p>Ap\u00f3s a abertura, o governador e o secret\u00e1rio participaram de uma coletiva de imprensa em que abordaram, principalmente, a import\u00e2ncia do cooperativismo no estado de S\u00e3o Paulo. Em seguida, percorreram os estandes e conversaram com produtores rurais.<\/p>\n<p><b>Grandes avan\u00e7os em SP<\/b><\/p>\n<p>Os produtores paulistas j\u00e1 est\u00e3o um passo \u00e0 frente na quest\u00e3o ambiental. S\u00e3o Paulo conta com 96,4% dos im\u00f3veis rurais em condi\u00e7\u00f5es de avan\u00e7ar no processo de regulariza\u00e7\u00e3o do Cadastro Ambiental Rural, registro que integra as informa\u00e7\u00f5es ambientais das propriedades e posses rurais.<\/p>\n<p>At\u00e9 o momento, mais de 386 mil cadastros foram analisados no sistema estadual. Entre outras vantagens, o CAR garante ao produtor rural desconto de 0,5% nas taxas de juros das linhas de financiamento do Plano Safra, rec\u00e9m-divulgado pelo Minist\u00e9rio da Agricultura.<\/p>\n<p>Com os mutir\u00f5es do Cadastro Ambiental Rural, o Governo do Estado reconhece essa agenda como urgente e estrat\u00e9gica para o futuro da agricultura paulista e brasileira. At\u00e9 o momento, mais de 21 mil cadastros j\u00e1 est\u00e3o validados em todas as etapas de regulariza\u00e7\u00e3o.<\/p>\n<p><a href=\"https:\/\/regiaonews.net.br\/2022\/wp-content\/uploads\/2023\/07\/Governo-de-SP-marca-presenca-na-Coopercitrus-Expo-2023.jpg\"><img loading=\"lazy\" decoding=\"async\" class=\"alignnone size-medium wp-image-92164\" src=\"https:\/\/regiaonews.net.br\/2022\/wp-content\/uploads\/2023\/07\/Governo-de-SP-marca-presenca-na-Coopercitrus-Expo-2023-300x200.jpg\" alt=\"\" width=\"300\" height=\"200\" srcset=\"https:\/\/regiaonews.net.br\/2022\/wp-content\/uploads\/2023\/07\/Governo-de-SP-marca-presenca-na-Coopercitrus-Expo-2023-300x200.jpg 300w, https:\/\/regiaonews.net.br\/2022\/wp-content\/uploads\/2023\/07\/Governo-de-SP-marca-presenca-na-Coopercitrus-Expo-2023-768x512.jpg 768w, https:\/\/regiaonews.net.br\/2022\/wp-content\/uploads\/2023\/07\/Governo-de-SP-marca-presenca-na-Coopercitrus-Expo-2023-250x167.jpg 250w, https:\/\/regiaonews.net.br\/2022\/wp-content\/uploads\/2023\/07\/Governo-de-SP-marca-presenca-na-Coopercitrus-Expo-2023-900x600.jpg 900w, https:\/\/regiaonews.net.br\/2022\/wp-content\/uploads\/2023\/07\/Governo-de-SP-marca-presenca-na-Coopercitrus-Expo-2023.jpg 1000w\" sizes=\"auto, (max-width: 300px) 100vw, 300px\" \/><\/a><\/p>\n<p>Fotos: Jo\u00e3o Luiz<\/p>\n","protected":false},"excerpt":{"rendered":"<p>Feira\u00a0 ocorre do dia 24 a 28 de julho O<\/p>\n","protected":false},"author":2,"featured_media":92201,"comment_status":"open","ping_status":"open","sticky":false,"template":"","format":"standard","meta":{"footnotes":""},"categories":[7,3],"tags":[],"class_list":["post-92163","post","type-post","status-publish","format-standard","has-post-thumbnail","hentry","category-estado-de-sao-paulo","category-geral"],"yoast_head":"<!-- This site is optimized with the Yoast SEO plugin v27.4 - https:\/\/yoast.com\/product\/yoast-seo-wordpress\/ -->\n<title>Governo de SP marca presen\u00e7a na Coopercitrus Expo 2023 - Regi\u00e3o News<\/title>\n<meta name=\"robots\" content=\"index, follow, max-snippet:-1, max-image-preview:large, max-video-preview:-1\" \/>\n<link rel=\"canonical\" href=\"https:\/\/regiaonews.net.br\/2022\/2023\/07\/24\/governo-de-sp-marca-presenca-na-coopercitrus-expo-2023\/\" \/>\n<meta property=\"og:locale\" content=\"pt_BR\" \/>\n<meta property=\"og:type\" content=\"article\" \/>\n<meta property=\"og:title\" content=\"Governo de SP marca presen\u00e7a na Coopercitrus Expo 2023 - Regi\u00e3o News\" \/>\n<meta property=\"og:description\" content=\"Feira\u00a0 ocorre do dia 24 a 28 de julho O\" \/>\n<meta property=\"og:url\" content=\"https:\/\/regiaonews.net.br\/2022\/2023\/07\/24\/governo-de-sp-marca-presenca-na-coopercitrus-expo-2023\/\" \/>\n<meta property=\"og:site_name\" content=\"Regi\u00e3o News\" \/>\n<meta property=\"article:published_time\" content=\"2023-07-24T18:07:59+00:00\" \/>\n<meta property=\"article:modified_time\" content=\"2023-07-25T02:12:15+00:00\" \/>\n<meta property=\"og:image\" content=\"https:\/\/regiaonews.net.br\/2022\/wp-content\/uploads\/2023\/07\/IMG-20230724-WA0097.jpg\" \/>\n\t<meta property=\"og:image:width\" content=\"1600\" \/>\n\t<meta property=\"og:image:height\" content=\"1200\" \/>\n\t<meta property=\"og:image:type\" content=\"image\/jpeg\" \/>\n<meta name=\"author\" content=\"Roberto\" \/>\n<meta name=\"twitter:card\" content=\"summary_large_image\" \/>\n<meta name=\"twitter:label1\" content=\"Escrito por\" \/>\n\t<meta name=\"twitter:data1\" content=\"Roberto\" \/>\n\t<meta name=\"twitter:label2\" content=\"Est. tempo de leitura\" \/>\n\t<meta name=\"twitter:data2\" content=\"3 minutos\" \/>\n<script type=\"application\/ld+json\" class=\"yoast-schema-graph\">{\"@context\":\"https:\\\/\\\/schema.org\",\"@graph\":[{\"@type\":\"Article\",\"@id\":\"https:\\\/\\\/regiaonews.net.br\\\/2022\\\/2023\\\/07\\\/24\\\/governo-de-sp-marca-presenca-na-coopercitrus-expo-2023\\\/#article\",\"isPartOf\":{\"@id\":\"https:\\\/\\\/regiaonews.net.br\\\/2022\\\/2023\\\/07\\\/24\\\/governo-de-sp-marca-presenca-na-coopercitrus-expo-2023\\\/\"},\"author\":{\"name\":\"Roberto\",\"@id\":\"https:\\\/\\\/regiaonews.net.br\\\/2022\\\/#\\\/schema\\\/person\\\/2d205a608a5aa97ac279d7a5e6d89ad8\"},\"headline\":\"Governo de SP marca presen\u00e7a na Coopercitrus Expo 2023\",\"datePublished\":\"2023-07-24T18:07:59+00:00\",\"dateModified\":\"2023-07-25T02:12:15+00:00\",\"mainEntityOfPage\":{\"@id\":\"https:\\\/\\\/regiaonews.net.br\\\/2022\\\/2023\\\/07\\\/24\\\/governo-de-sp-marca-presenca-na-coopercitrus-expo-2023\\\/\"},\"wordCount\":522,\"commentCount\":0,\"publisher\":{\"@id\":\"https:\\\/\\\/regiaonews.net.br\\\/2022\\\/#organization\"},\"image\":{\"@id\":\"https:\\\/\\\/regiaonews.net.br\\\/2022\\\/2023\\\/07\\\/24\\\/governo-de-sp-marca-presenca-na-coopercitrus-expo-2023\\\/#primaryimage\"},\"thumbnailUrl\":\"https:\\\/\\\/regiaonews.net.br\\\/2022\\\/wp-content\\\/uploads\\\/2023\\\/07\\\/IMG-20230724-WA0097.jpg\",\"articleSection\":[\"Estado de S\u00e3o Paulo\",\"Geral\"],\"inLanguage\":\"pt-BR\",\"potentialAction\":[{\"@type\":\"CommentAction\",\"name\":\"Comment\",\"target\":[\"https:\\\/\\\/regiaonews.net.br\\\/2022\\\/2023\\\/07\\\/24\\\/governo-de-sp-marca-presenca-na-coopercitrus-expo-2023\\\/#respond\"]}]},{\"@type\":\"WebPage\",\"@id\":\"https:\\\/\\\/regiaonews.net.br\\\/2022\\\/2023\\\/07\\\/24\\\/governo-de-sp-marca-presenca-na-coopercitrus-expo-2023\\\/\",\"url\":\"https:\\\/\\\/regiaonews.net.br\\\/2022\\\/2023\\\/07\\\/24\\\/governo-de-sp-marca-presenca-na-coopercitrus-expo-2023\\\/\",\"name\":\"Governo de SP marca presen\u00e7a na Coopercitrus Expo 2023 - Regi\u00e3o News\",\"isPartOf\":{\"@id\":\"https:\\\/\\\/regiaonews.net.br\\\/2022\\\/#website\"},\"primaryImageOfPage\":{\"@id\":\"https:\\\/\\\/regiaonews.net.br\\\/2022\\\/2023\\\/07\\\/24\\\/governo-de-sp-marca-presenca-na-coopercitrus-expo-2023\\\/#primaryimage\"},\"image\":{\"@id\":\"https:\\\/\\\/regiaonews.net.br\\\/2022\\\/2023\\\/07\\\/24\\\/governo-de-sp-marca-presenca-na-coopercitrus-expo-2023\\\/#primaryimage\"},\"thumbnailUrl\":\"https:\\\/\\\/regiaonews.net.br\\\/2022\\\/wp-content\\\/uploads\\\/2023\\\/07\\\/IMG-20230724-WA0097.jpg\",\"datePublished\":\"2023-07-24T18:07:59+00:00\",\"dateModified\":\"2023-07-25T02:12:15+00:00\",\"breadcrumb\":{\"@id\":\"https:\\\/\\\/regiaonews.net.br\\\/2022\\\/2023\\\/07\\\/24\\\/governo-de-sp-marca-presenca-na-coopercitrus-expo-2023\\\/#breadcrumb\"},\"inLanguage\":\"pt-BR\",\"potentialAction\":[{\"@type\":\"ReadAction\",\"target\":[\"https:\\\/\\\/regiaonews.net.br\\\/2022\\\/2023\\\/07\\\/24\\\/governo-de-sp-marca-presenca-na-coopercitrus-expo-2023\\\/\"]}]},{\"@type\":\"ImageObject\",\"inLanguage\":\"pt-BR\",\"@id\":\"https:\\\/\\\/regiaonews.net.br\\\/2022\\\/2023\\\/07\\\/24\\\/governo-de-sp-marca-presenca-na-coopercitrus-expo-2023\\\/#primaryimage\",\"url\":\"https:\\\/\\\/regiaonews.net.br\\\/2022\\\/wp-content\\\/uploads\\\/2023\\\/07\\\/IMG-20230724-WA0097.jpg\",\"contentUrl\":\"https:\\\/\\\/regiaonews.net.br\\\/2022\\\/wp-content\\\/uploads\\\/2023\\\/07\\\/IMG-20230724-WA0097.jpg\",\"width\":1600,\"height\":1200},{\"@type\":\"BreadcrumbList\",\"@id\":\"https:\\\/\\\/regiaonews.net.br\\\/2022\\\/2023\\\/07\\\/24\\\/governo-de-sp-marca-presenca-na-coopercitrus-expo-2023\\\/#breadcrumb\",\"itemListElement\":[{\"@type\":\"ListItem\",\"position\":1,\"name\":\"In\u00edcio\",\"item\":\"https:\\\/\\\/regiaonews.net.br\\\/2022\\\/\"},{\"@type\":\"ListItem\",\"position\":2,\"name\":\"Governo de SP marca presen\u00e7a na Coopercitrus Expo 2023\"}]},{\"@type\":\"WebSite\",\"@id\":\"https:\\\/\\\/regiaonews.net.br\\\/2022\\\/#website\",\"url\":\"https:\\\/\\\/regiaonews.net.br\\\/2022\\\/\",\"name\":\"Regi\u00e3o News\",\"description\":\"Site de Not\u00edcias de Barretos e regi\u00e3o\",\"publisher\":{\"@id\":\"https:\\\/\\\/regiaonews.net.br\\\/2022\\\/#organization\"},\"potentialAction\":[{\"@type\":\"SearchAction\",\"target\":{\"@type\":\"EntryPoint\",\"urlTemplate\":\"https:\\\/\\\/regiaonews.net.br\\\/2022\\\/?s={search_term_string}\"},\"query-input\":{\"@type\":\"PropertyValueSpecification\",\"valueRequired\":true,\"valueName\":\"search_term_string\"}}],\"inLanguage\":\"pt-BR\"},{\"@type\":\"Organization\",\"@id\":\"https:\\\/\\\/regiaonews.net.br\\\/2022\\\/#organization\",\"name\":\"Regi\u00e3o News\",\"url\":\"https:\\\/\\\/regiaonews.net.br\\\/2022\\\/\",\"logo\":{\"@type\":\"ImageObject\",\"inLanguage\":\"pt-BR\",\"@id\":\"https:\\\/\\\/regiaonews.net.br\\\/2022\\\/#\\\/schema\\\/logo\\\/image\\\/\",\"url\":\"https:\\\/\\\/regiaonews.net.br\\\/2022\\\/wp-content\\\/uploads\\\/2026\\\/03\\\/regiao-13-anos-scaled.jpg\",\"contentUrl\":\"https:\\\/\\\/regiaonews.net.br\\\/2022\\\/wp-content\\\/uploads\\\/2026\\\/03\\\/regiao-13-anos-scaled.jpg\",\"width\":2560,\"height\":635,\"caption\":\"Regi\u00e3o News\"},\"image\":{\"@id\":\"https:\\\/\\\/regiaonews.net.br\\\/2022\\\/#\\\/schema\\\/logo\\\/image\\\/\"}},{\"@type\":\"Person\",\"@id\":\"https:\\\/\\\/regiaonews.net.br\\\/2022\\\/#\\\/schema\\\/person\\\/2d205a608a5aa97ac279d7a5e6d89ad8\",\"name\":\"Roberto\",\"image\":{\"@type\":\"ImageObject\",\"inLanguage\":\"pt-BR\",\"@id\":\"https:\\\/\\\/secure.gravatar.com\\\/avatar\\\/42749d8b712ff9d59ca93dc150494e5b55a44134482993f5baeb97e61b7ecc89?s=96&d=mm&r=g\",\"url\":\"https:\\\/\\\/secure.gravatar.com\\\/avatar\\\/42749d8b712ff9d59ca93dc150494e5b55a44134482993f5baeb97e61b7ecc89?s=96&d=mm&r=g\",\"contentUrl\":\"https:\\\/\\\/secure.gravatar.com\\\/avatar\\\/42749d8b712ff9d59ca93dc150494e5b55a44134482993f5baeb97e61b7ecc89?s=96&d=mm&r=g\",\"caption\":\"Roberto\"},\"url\":\"https:\\\/\\\/regiaonews.net.br\\\/2022\\\/author\\\/roberto\\\/\"}]}<\/script>\n<!-- \/ Yoast SEO plugin. -->","yoast_head_json":{"title":"Governo de SP marca presen\u00e7a na Coopercitrus Expo 2023 - Regi\u00e3o News","robots":{"index":"index","follow":"follow","max-snippet":"max-snippet:-1","max-image-preview":"max-image-preview:large","max-video-preview":"max-video-preview:-1"},"canonical":"https:\/\/regiaonews.net.br\/2022\/2023\/07\/24\/governo-de-sp-marca-presenca-na-coopercitrus-expo-2023\/","og_locale":"pt_BR","og_type":"article","og_title":"Governo de SP marca presen\u00e7a na Coopercitrus Expo 2023 - Regi\u00e3o News","og_description":"Feira\u00a0 ocorre do dia 24 a 28 de julho O","og_url":"https:\/\/regiaonews.net.br\/2022\/2023\/07\/24\/governo-de-sp-marca-presenca-na-coopercitrus-expo-2023\/","og_site_name":"Regi\u00e3o News","article_published_time":"2023-07-24T18:07:59+00:00","article_modified_time":"2023-07-25T02:12:15+00:00","og_image":[{"width":1600,"height":1200,"url":"https:\/\/regiaonews.net.br\/2022\/wp-content\/uploads\/2023\/07\/IMG-20230724-WA0097.jpg","type":"image\/jpeg"}],"author":"Roberto","twitter_card":"summary_large_image","twitter_misc":{"Escrito por":"Roberto","Est. tempo de leitura":"3 minutos"},"schema":{"@context":"https:\/\/schema.org","@graph":[{"@type":"Article","@id":"https:\/\/regiaonews.net.br\/2022\/2023\/07\/24\/governo-de-sp-marca-presenca-na-coopercitrus-expo-2023\/#article","isPartOf":{"@id":"https:\/\/regiaonews.net.br\/2022\/2023\/07\/24\/governo-de-sp-marca-presenca-na-coopercitrus-expo-2023\/"},"author":{"name":"Roberto","@id":"https:\/\/regiaonews.net.br\/2022\/#\/schema\/person\/2d205a608a5aa97ac279d7a5e6d89ad8"},"headline":"Governo de SP marca presen\u00e7a na Coopercitrus Expo 2023","datePublished":"2023-07-24T18:07:59+00:00","dateModified":"2023-07-25T02:12:15+00:00","mainEntityOfPage":{"@id":"https:\/\/regiaonews.net.br\/2022\/2023\/07\/24\/governo-de-sp-marca-presenca-na-coopercitrus-expo-2023\/"},"wordCount":522,"commentCount":0,"publisher":{"@id":"https:\/\/regiaonews.net.br\/2022\/#organization"},"image":{"@id":"https:\/\/regiaonews.net.br\/2022\/2023\/07\/24\/governo-de-sp-marca-presenca-na-coopercitrus-expo-2023\/#primaryimage"},"thumbnailUrl":"https:\/\/regiaonews.net.br\/2022\/wp-content\/uploads\/2023\/07\/IMG-20230724-WA0097.jpg","articleSection":["Estado de S\u00e3o Paulo","Geral"],"inLanguage":"pt-BR","potentialAction":[{"@type":"CommentAction","name":"Comment","target":["https:\/\/regiaonews.net.br\/2022\/2023\/07\/24\/governo-de-sp-marca-presenca-na-coopercitrus-expo-2023\/#respond"]}]},{"@type":"WebPage","@id":"https:\/\/regiaonews.net.br\/2022\/2023\/07\/24\/governo-de-sp-marca-presenca-na-coopercitrus-expo-2023\/","url":"https:\/\/regiaonews.net.br\/2022\/2023\/07\/24\/governo-de-sp-marca-presenca-na-coopercitrus-expo-2023\/","name":"Governo de SP marca presen\u00e7a na Coopercitrus Expo 2023 - Regi\u00e3o News","isPartOf":{"@id":"https:\/\/regiaonews.net.br\/2022\/#website"},"primaryImageOfPage":{"@id":"https:\/\/regiaonews.net.br\/2022\/2023\/07\/24\/governo-de-sp-marca-presenca-na-coopercitrus-expo-2023\/#primaryimage"},"image":{"@id":"https:\/\/regiaonews.net.br\/2022\/2023\/07\/24\/governo-de-sp-marca-presenca-na-coopercitrus-expo-2023\/#primaryimage"},"thumbnailUrl":"https:\/\/regiaonews.net.br\/2022\/wp-content\/uploads\/2023\/07\/IMG-20230724-WA0097.jpg","datePublished":"2023-07-24T18:07:59+00:00","dateModified":"2023-07-25T02:12:15+00:00","breadcrumb":{"@id":"https:\/\/regiaonews.net.br\/2022\/2023\/07\/24\/governo-de-sp-marca-presenca-na-coopercitrus-expo-2023\/#breadcrumb"},"inLanguage":"pt-BR","potentialAction":[{"@type":"ReadAction","target":["https:\/\/regiaonews.net.br\/2022\/2023\/07\/24\/governo-de-sp-marca-presenca-na-coopercitrus-expo-2023\/"]}]},{"@type":"ImageObject","inLanguage":"pt-BR","@id":"https:\/\/regiaonews.net.br\/2022\/2023\/07\/24\/governo-de-sp-marca-presenca-na-coopercitrus-expo-2023\/#primaryimage","url":"https:\/\/regiaonews.net.br\/2022\/wp-content\/uploads\/2023\/07\/IMG-20230724-WA0097.jpg","contentUrl":"https:\/\/regiaonews.net.br\/2022\/wp-content\/uploads\/2023\/07\/IMG-20230724-WA0097.jpg","width":1600,"height":1200},{"@type":"BreadcrumbList","@id":"https:\/\/regiaonews.net.br\/2022\/2023\/07\/24\/governo-de-sp-marca-presenca-na-coopercitrus-expo-2023\/#breadcrumb","itemListElement":[{"@type":"ListItem","position":1,"name":"In\u00edcio","item":"https:\/\/regiaonews.net.br\/2022\/"},{"@type":"ListItem","position":2,"name":"Governo de SP marca presen\u00e7a na Coopercitrus Expo 2023"}]},{"@type":"WebSite","@id":"https:\/\/regiaonews.net.br\/2022\/#website","url":"https:\/\/regiaonews.net.br\/2022\/","name":"Regi\u00e3o News","description":"Site de Not\u00edcias de Barretos e regi\u00e3o","publisher":{"@id":"https:\/\/regiaonews.net.br\/2022\/#organization"},"potentialAction":[{"@type":"SearchAction","target":{"@type":"EntryPoint","urlTemplate":"https:\/\/regiaonews.net.br\/2022\/?s={search_term_string}"},"query-input":{"@type":"PropertyValueSpecification","valueRequired":true,"valueName":"search_term_string"}}],"inLanguage":"pt-BR"},{"@type":"Organization","@id":"https:\/\/regiaonews.net.br\/2022\/#organization","name":"Regi\u00e3o News","url":"https:\/\/regiaonews.net.br\/2022\/","logo":{"@type":"ImageObject","inLanguage":"pt-BR","@id":"https:\/\/regiaonews.net.br\/2022\/#\/schema\/logo\/image\/","url":"https:\/\/regiaonews.net.br\/2022\/wp-content\/uploads\/2026\/03\/regiao-13-anos-scaled.jpg","contentUrl":"https:\/\/regiaonews.net.br\/2022\/wp-content\/uploads\/2026\/03\/regiao-13-anos-scaled.jpg","width":2560,"height":635,"caption":"Regi\u00e3o News"},"image":{"@id":"https:\/\/regiaonews.net.br\/2022\/#\/schema\/logo\/image\/"}},{"@type":"Person","@id":"https:\/\/regiaonews.net.br\/2022\/#\/schema\/person\/2d205a608a5aa97ac279d7a5e6d89ad8","name":"Roberto","image":{"@type":"ImageObject","inLanguage":"pt-BR","@id":"https:\/\/secure.gravatar.com\/avatar\/42749d8b712ff9d59ca93dc150494e5b55a44134482993f5baeb97e61b7ecc89?s=96&d=mm&r=g","url":"https:\/\/secure.gravatar.com\/avatar\/42749d8b712ff9d59ca93dc150494e5b55a44134482993f5baeb97e61b7ecc89?s=96&d=mm&r=g","contentUrl":"https:\/\/secure.gravatar.com\/avatar\/42749d8b712ff9d59ca93dc150494e5b55a44134482993f5baeb97e61b7ecc89?s=96&d=mm&r=g","caption":"Roberto"},"url":"https:\/\/regiaonews.net.br\/2022\/author\/roberto\/"}]}},"publishpress_future_action":{"enabled":false,"date":"2026-05-03 03:44:33","action":"change-status","newStatus":"draft","terms":[],"taxonomy":"category","extraData":[]},"publishpress_future_workflow_manual_trigger":{"enabledWorkflows":[]},"_links":{"self":[{"href":"https:\/\/regiaonews.net.br\/2022\/wp-json\/wp\/v2\/posts\/92163","targetHints":{"allow":["GET"]}}],"collection":[{"href":"https:\/\/regiaonews.net.br\/2022\/wp-json\/wp\/v2\/posts"}],"about":[{"href":"https:\/\/regiaonews.net.br\/2022\/wp-json\/wp\/v2\/types\/post"}],"author":[{"embeddable":true,"href":"https:\/\/regiaonews.net.br\/2022\/wp-json\/wp\/v2\/users\/2"}],"replies":[{"embeddable":true,"href":"https:\/\/regiaonews.net.br\/2022\/wp-json\/wp\/v2\/comments?post=92163"}],"version-history":[{"count":6,"href":"https:\/\/regiaonews.net.br\/2022\/wp-json\/wp\/v2\/posts\/92163\/revisions"}],"predecessor-version":[{"id":92211,"href":"https:\/\/regiaonews.net.br\/2022\/wp-json\/wp\/v2\/posts\/92163\/revisions\/92211"}],"wp:featuredmedia":[{"embeddable":true,"href":"https:\/\/regiaonews.net.br\/2022\/wp-json\/wp\/v2\/media\/92201"}],"wp:attachment":[{"href":"https:\/\/regiaonews.net.br\/2022\/wp-json\/wp\/v2\/media?parent=92163"}],"wp:term":[{"taxonomy":"category","embeddable":true,"href":"https:\/\/regiaonews.net.br\/2022\/wp-json\/wp\/v2\/categories?post=92163"},{"taxonomy":"post_tag","embeddable":true,"href":"https:\/\/regiaonews.net.br\/2022\/wp-json\/wp\/v2\/tags?post=92163"}],"curies":[{"name":"wp","href":"https:\/\/api.w.org\/{rel}","templated":true}]}}