{"id":91973,"date":"2023-07-20T16:59:53","date_gmt":"2023-07-20T19:59:53","guid":{"rendered":"https:\/\/regiaonews.net.br\/2022\/?p=91973"},"modified":"2023-07-20T17:00:51","modified_gmt":"2023-07-20T20:00:51","slug":"copa-tem-inicio-com-vitoria-da-australia-e-nova-zelandia","status":"publish","type":"post","link":"https:\/\/regiaonews.net.br\/2022\/2023\/07\/20\/copa-tem-inicio-com-vitoria-da-australia-e-nova-zelandia\/","title":{"rendered":"Copa tem in\u00edcio com vit\u00f3ria da Austr\u00e1lia e Nova Zel\u00e2ndia"},"content":{"rendered":"<div class=\"article-top\" data-v-5c3bac1e=\"\">\n<div class=\"media\" data-v-0b75860e=\"\" data-v-5c3bac1e=\"\">\n<div class=\"media-content\" data-v-0b75860e=\"\">\n<div class=\"description\" data-v-0b75860e=\"\"><span data-v-0b75860e=\"\">Austr\u00e1lia supera a Irlanda pela Copa do Mundo\u00a0<\/span><span data-v-0b75860e=\"\">\u2014 Foto: DAVID GRAY \/ AFP<\/span><\/div>\n<\/div>\n<\/div>\n<\/div>\n<div class=\"article-body lg:grid lg:grid-cols-12 lg:gap-10\" data-v-5c3bac1e=\"\">\n<div class=\"new-share-container opacity-0 transition-opacity\" data-v-5c3bac1e=\"\">\n<div class=\"share\" data-v-d42e6818=\"\" data-v-5c3bac1e=\"\">\n<div class=\"icons\" data-v-d42e6818=\"\">\n<div class=\"right-options\" data-v-d42e6818=\"\"><\/div>\n<\/div>\n<\/div>\n<\/div>\n<\/div>\n<p>A Austr\u00e1lia bateu a Irlanda por 1 a 0, na manh\u00e3 desta quinta-feira (20), no Est\u00e1dio Ol\u00edmpico de Sydney, na primeira partida do Grupo B da edi\u00e7\u00e3o 2023 da Copa do Mundo de futebol feminino. Com esse resultado, as Matildas lideram a chave com 3 pontos.<img decoding=\"async\" src=\"https:\/\/agenciabrasil.ebc.com.br\/ebc.png?id=1544617&amp;o=node\" \/><img decoding=\"async\" src=\"https:\/\/agenciabrasil.ebc.com.br\/ebc.gif?id=1544617&amp;o=node\" \/><\/p>\n<p>Jogo de abertura<\/p>\n<p>Mais cedo, a Nova Zel\u00e2ndia derrotou a Noruega por 1 a 0, gra\u00e7as a um gol de Hannah Wilkinson, no Eden Park, em Auckland, na partida que abriu a edi\u00e7\u00e3o 2023 da Copa do Mundo de futebol feminino. Com este triunfo a sele\u00e7\u00e3o neozelandesa assumiu a lideran\u00e7a do Grupo A do Mundial com 3 pontos.<\/p>\n<p>Sele\u00e7\u00e3o<\/p>\n<p>A sele\u00e7\u00e3o brasileira, que busca o in\u00e9dito t\u00edtulo da Copa do Mundo, estreia na primeira fase da competi\u00e7\u00e3o a partir das 8h (hor\u00e1rio de Bras\u00edlia) da pr\u00f3xima segunda-feira (24). O confronto, que ser\u00e1 contra o Panam\u00e1, vale pelo Grupo F, que tamb\u00e9m conta com Fran\u00e7a e Jamaica.<\/p>\n","protected":false},"excerpt":{"rendered":"<p>Austr\u00e1lia supera a Irlanda pela Copa do Mundo\u00a0\u2014 Foto: DAVID<\/p>\n","protected":false},"author":2,"featured_media":91974,"comment_status":"open","ping_status":"open","sticky":false,"template":"","format":"standard","meta":{"footnotes":""},"categories":[168,21],"tags":[],"class_list":["post-91973","post","type-post","status-publish","format-standard","has-post-thumbnail","hentry","category-copa-do-mundo","category-esporte"],"yoast_head":"<!-- This site is optimized with the Yoast SEO plugin v27.4 - https:\/\/yoast.com\/product\/yoast-seo-wordpress\/ -->\n<title>Copa tem in\u00edcio com vit\u00f3ria da Austr\u00e1lia e Nova Zel\u00e2ndia<\/title>\n<meta name=\"description\" content=\"A Austr\u00e1lia bateu a Irlanda por 1 a 0, na manh\u00e3 desta quinta-feira (20), no Est\u00e1dio Ol\u00edmpico de Sydney, na primeira partida do Grupo\" \/>\n<meta name=\"robots\" content=\"index, follow, max-snippet:-1, max-image-preview:large, max-video-preview:-1\" \/>\n<link rel=\"canonical\" href=\"https:\/\/regiaonews.net.br\/2022\/2023\/07\/20\/copa-tem-inicio-com-vitoria-da-australia-e-nova-zelandia\/\" \/>\n<meta property=\"og:locale\" content=\"pt_BR\" \/>\n<meta property=\"og:type\" content=\"article\" \/>\n<meta property=\"og:title\" content=\"Copa tem in\u00edcio com vit\u00f3ria da Austr\u00e1lia e Nova Zel\u00e2ndia\" \/>\n<meta property=\"og:description\" content=\"A Austr\u00e1lia bateu a Irlanda por 1 a 0, na manh\u00e3 desta quinta-feira (20), no Est\u00e1dio Ol\u00edmpico de Sydney, na primeira partida do Grupo\" \/>\n<meta property=\"og:url\" content=\"https:\/\/regiaonews.net.br\/2022\/2023\/07\/20\/copa-tem-inicio-com-vitoria-da-australia-e-nova-zelandia\/\" \/>\n<meta property=\"og:site_name\" content=\"Regi\u00e3o News\" \/>\n<meta property=\"article:published_time\" content=\"2023-07-20T19:59:53+00:00\" \/>\n<meta property=\"article:modified_time\" content=\"2023-07-20T20:00:51+00:00\" \/>\n<meta property=\"og:image\" content=\"https:\/\/regiaonews.net.br\/2022\/wp-content\/uploads\/2023\/07\/Australia-copa.jpg\" \/>\n\t<meta property=\"og:image:width\" content=\"798\" \/>\n\t<meta property=\"og:image:height\" content=\"530\" \/>\n\t<meta property=\"og:image:type\" content=\"image\/jpeg\" \/>\n<meta name=\"author\" content=\"Roberto\" \/>\n<meta name=\"twitter:card\" content=\"summary_large_image\" \/>\n<meta name=\"twitter:label1\" content=\"Escrito por\" \/>\n\t<meta name=\"twitter:data1\" content=\"Roberto\" \/>\n\t<meta name=\"twitter:label2\" content=\"Est. tempo de leitura\" \/>\n\t<meta name=\"twitter:data2\" content=\"2 minutos\" \/>\n<script type=\"application\/ld+json\" class=\"yoast-schema-graph\">{\"@context\":\"https:\\\/\\\/schema.org\",\"@graph\":[{\"@type\":\"Article\",\"@id\":\"https:\\\/\\\/regiaonews.net.br\\\/2022\\\/2023\\\/07\\\/20\\\/copa-tem-inicio-com-vitoria-da-australia-e-nova-zelandia\\\/#article\",\"isPartOf\":{\"@id\":\"https:\\\/\\\/regiaonews.net.br\\\/2022\\\/2023\\\/07\\\/20\\\/copa-tem-inicio-com-vitoria-da-australia-e-nova-zelandia\\\/\"},\"author\":{\"name\":\"Roberto\",\"@id\":\"https:\\\/\\\/regiaonews.net.br\\\/2022\\\/#\\\/schema\\\/person\\\/2d205a608a5aa97ac279d7a5e6d89ad8\"},\"headline\":\"Copa tem in\u00edcio com vit\u00f3ria da Austr\u00e1lia e Nova Zel\u00e2ndia\",\"datePublished\":\"2023-07-20T19:59:53+00:00\",\"dateModified\":\"2023-07-20T20:00:51+00:00\",\"mainEntityOfPage\":{\"@id\":\"https:\\\/\\\/regiaonews.net.br\\\/2022\\\/2023\\\/07\\\/20\\\/copa-tem-inicio-com-vitoria-da-australia-e-nova-zelandia\\\/\"},\"wordCount\":188,\"commentCount\":0,\"publisher\":{\"@id\":\"https:\\\/\\\/regiaonews.net.br\\\/2022\\\/#organization\"},\"image\":{\"@id\":\"https:\\\/\\\/regiaonews.net.br\\\/2022\\\/2023\\\/07\\\/20\\\/copa-tem-inicio-com-vitoria-da-australia-e-nova-zelandia\\\/#primaryimage\"},\"thumbnailUrl\":\"https:\\\/\\\/regiaonews.net.br\\\/2022\\\/wp-content\\\/uploads\\\/2023\\\/07\\\/Australia-copa.jpg\",\"articleSection\":[\"Copa do Mundo\",\"Esporte\"],\"inLanguage\":\"pt-BR\",\"potentialAction\":[{\"@type\":\"CommentAction\",\"name\":\"Comment\",\"target\":[\"https:\\\/\\\/regiaonews.net.br\\\/2022\\\/2023\\\/07\\\/20\\\/copa-tem-inicio-com-vitoria-da-australia-e-nova-zelandia\\\/#respond\"]}]},{\"@type\":\"WebPage\",\"@id\":\"https:\\\/\\\/regiaonews.net.br\\\/2022\\\/2023\\\/07\\\/20\\\/copa-tem-inicio-com-vitoria-da-australia-e-nova-zelandia\\\/\",\"url\":\"https:\\\/\\\/regiaonews.net.br\\\/2022\\\/2023\\\/07\\\/20\\\/copa-tem-inicio-com-vitoria-da-australia-e-nova-zelandia\\\/\",\"name\":\"Copa tem in\u00edcio com vit\u00f3ria da Austr\u00e1lia e Nova Zel\u00e2ndia\",\"isPartOf\":{\"@id\":\"https:\\\/\\\/regiaonews.net.br\\\/2022\\\/#website\"},\"primaryImageOfPage\":{\"@id\":\"https:\\\/\\\/regiaonews.net.br\\\/2022\\\/2023\\\/07\\\/20\\\/copa-tem-inicio-com-vitoria-da-australia-e-nova-zelandia\\\/#primaryimage\"},\"image\":{\"@id\":\"https:\\\/\\\/regiaonews.net.br\\\/2022\\\/2023\\\/07\\\/20\\\/copa-tem-inicio-com-vitoria-da-australia-e-nova-zelandia\\\/#primaryimage\"},\"thumbnailUrl\":\"https:\\\/\\\/regiaonews.net.br\\\/2022\\\/wp-content\\\/uploads\\\/2023\\\/07\\\/Australia-copa.jpg\",\"datePublished\":\"2023-07-20T19:59:53+00:00\",\"dateModified\":\"2023-07-20T20:00:51+00:00\",\"description\":\"A Austr\u00e1lia bateu a Irlanda por 1 a 0, na manh\u00e3 desta quinta-feira (20), no Est\u00e1dio Ol\u00edmpico de Sydney, na primeira partida do Grupo\",\"breadcrumb\":{\"@id\":\"https:\\\/\\\/regiaonews.net.br\\\/2022\\\/2023\\\/07\\\/20\\\/copa-tem-inicio-com-vitoria-da-australia-e-nova-zelandia\\\/#breadcrumb\"},\"inLanguage\":\"pt-BR\",\"potentialAction\":[{\"@type\":\"ReadAction\",\"target\":[\"https:\\\/\\\/regiaonews.net.br\\\/2022\\\/2023\\\/07\\\/20\\\/copa-tem-inicio-com-vitoria-da-australia-e-nova-zelandia\\\/\"]}]},{\"@type\":\"ImageObject\",\"inLanguage\":\"pt-BR\",\"@id\":\"https:\\\/\\\/regiaonews.net.br\\\/2022\\\/2023\\\/07\\\/20\\\/copa-tem-inicio-com-vitoria-da-australia-e-nova-zelandia\\\/#primaryimage\",\"url\":\"https:\\\/\\\/regiaonews.net.br\\\/2022\\\/wp-content\\\/uploads\\\/2023\\\/07\\\/Australia-copa.jpg\",\"contentUrl\":\"https:\\\/\\\/regiaonews.net.br\\\/2022\\\/wp-content\\\/uploads\\\/2023\\\/07\\\/Australia-copa.jpg\",\"width\":798,\"height\":530},{\"@type\":\"BreadcrumbList\",\"@id\":\"https:\\\/\\\/regiaonews.net.br\\\/2022\\\/2023\\\/07\\\/20\\\/copa-tem-inicio-com-vitoria-da-australia-e-nova-zelandia\\\/#breadcrumb\",\"itemListElement\":[{\"@type\":\"ListItem\",\"position\":1,\"name\":\"In\u00edcio\",\"item\":\"https:\\\/\\\/regiaonews.net.br\\\/2022\\\/\"},{\"@type\":\"ListItem\",\"position\":2,\"name\":\"Copa tem in\u00edcio com vit\u00f3ria da Austr\u00e1lia e Nova Zel\u00e2ndia\"}]},{\"@type\":\"WebSite\",\"@id\":\"https:\\\/\\\/regiaonews.net.br\\\/2022\\\/#website\",\"url\":\"https:\\\/\\\/regiaonews.net.br\\\/2022\\\/\",\"name\":\"Regi\u00e3o News\",\"description\":\"Site de Not\u00edcias de Barretos e regi\u00e3o\",\"publisher\":{\"@id\":\"https:\\\/\\\/regiaonews.net.br\\\/2022\\\/#organization\"},\"potentialAction\":[{\"@type\":\"SearchAction\",\"target\":{\"@type\":\"EntryPoint\",\"urlTemplate\":\"https:\\\/\\\/regiaonews.net.br\\\/2022\\\/?s={search_term_string}\"},\"query-input\":{\"@type\":\"PropertyValueSpecification\",\"valueRequired\":true,\"valueName\":\"search_term_string\"}}],\"inLanguage\":\"pt-BR\"},{\"@type\":\"Organization\",\"@id\":\"https:\\\/\\\/regiaonews.net.br\\\/2022\\\/#organization\",\"name\":\"Regi\u00e3o News\",\"url\":\"https:\\\/\\\/regiaonews.net.br\\\/2022\\\/\",\"logo\":{\"@type\":\"ImageObject\",\"inLanguage\":\"pt-BR\",\"@id\":\"https:\\\/\\\/regiaonews.net.br\\\/2022\\\/#\\\/schema\\\/logo\\\/image\\\/\",\"url\":\"https:\\\/\\\/regiaonews.net.br\\\/2022\\\/wp-content\\\/uploads\\\/2026\\\/03\\\/regiao-13-anos-scaled.jpg\",\"contentUrl\":\"https:\\\/\\\/regiaonews.net.br\\\/2022\\\/wp-content\\\/uploads\\\/2026\\\/03\\\/regiao-13-anos-scaled.jpg\",\"width\":2560,\"height\":635,\"caption\":\"Regi\u00e3o News\"},\"image\":{\"@id\":\"https:\\\/\\\/regiaonews.net.br\\\/2022\\\/#\\\/schema\\\/logo\\\/image\\\/\"}},{\"@type\":\"Person\",\"@id\":\"https:\\\/\\\/regiaonews.net.br\\\/2022\\\/#\\\/schema\\\/person\\\/2d205a608a5aa97ac279d7a5e6d89ad8\",\"name\":\"Roberto\",\"image\":{\"@type\":\"ImageObject\",\"inLanguage\":\"pt-BR\",\"@id\":\"https:\\\/\\\/secure.gravatar.com\\\/avatar\\\/42749d8b712ff9d59ca93dc150494e5b55a44134482993f5baeb97e61b7ecc89?s=96&d=mm&r=g\",\"url\":\"https:\\\/\\\/secure.gravatar.com\\\/avatar\\\/42749d8b712ff9d59ca93dc150494e5b55a44134482993f5baeb97e61b7ecc89?s=96&d=mm&r=g\",\"contentUrl\":\"https:\\\/\\\/secure.gravatar.com\\\/avatar\\\/42749d8b712ff9d59ca93dc150494e5b55a44134482993f5baeb97e61b7ecc89?s=96&d=mm&r=g\",\"caption\":\"Roberto\"},\"url\":\"https:\\\/\\\/regiaonews.net.br\\\/2022\\\/author\\\/roberto\\\/\"}]}<\/script>\n<!-- \/ Yoast SEO plugin. -->","yoast_head_json":{"title":"Copa tem in\u00edcio com vit\u00f3ria da Austr\u00e1lia e Nova Zel\u00e2ndia","description":"A Austr\u00e1lia bateu a Irlanda por 1 a 0, na manh\u00e3 desta quinta-feira (20), no Est\u00e1dio Ol\u00edmpico de Sydney, na primeira partida do Grupo","robots":{"index":"index","follow":"follow","max-snippet":"max-snippet:-1","max-image-preview":"max-image-preview:large","max-video-preview":"max-video-preview:-1"},"canonical":"https:\/\/regiaonews.net.br\/2022\/2023\/07\/20\/copa-tem-inicio-com-vitoria-da-australia-e-nova-zelandia\/","og_locale":"pt_BR","og_type":"article","og_title":"Copa tem in\u00edcio com vit\u00f3ria da Austr\u00e1lia e Nova Zel\u00e2ndia","og_description":"A Austr\u00e1lia bateu a Irlanda por 1 a 0, na manh\u00e3 desta quinta-feira (20), no Est\u00e1dio Ol\u00edmpico de Sydney, na primeira partida do Grupo","og_url":"https:\/\/regiaonews.net.br\/2022\/2023\/07\/20\/copa-tem-inicio-com-vitoria-da-australia-e-nova-zelandia\/","og_site_name":"Regi\u00e3o News","article_published_time":"2023-07-20T19:59:53+00:00","article_modified_time":"2023-07-20T20:00:51+00:00","og_image":[{"width":798,"height":530,"url":"https:\/\/regiaonews.net.br\/2022\/wp-content\/uploads\/2023\/07\/Australia-copa.jpg","type":"image\/jpeg"}],"author":"Roberto","twitter_card":"summary_large_image","twitter_misc":{"Escrito por":"Roberto","Est. tempo de leitura":"2 minutos"},"schema":{"@context":"https:\/\/schema.org","@graph":[{"@type":"Article","@id":"https:\/\/regiaonews.net.br\/2022\/2023\/07\/20\/copa-tem-inicio-com-vitoria-da-australia-e-nova-zelandia\/#article","isPartOf":{"@id":"https:\/\/regiaonews.net.br\/2022\/2023\/07\/20\/copa-tem-inicio-com-vitoria-da-australia-e-nova-zelandia\/"},"author":{"name":"Roberto","@id":"https:\/\/regiaonews.net.br\/2022\/#\/schema\/person\/2d205a608a5aa97ac279d7a5e6d89ad8"},"headline":"Copa tem in\u00edcio com vit\u00f3ria da Austr\u00e1lia e Nova Zel\u00e2ndia","datePublished":"2023-07-20T19:59:53+00:00","dateModified":"2023-07-20T20:00:51+00:00","mainEntityOfPage":{"@id":"https:\/\/regiaonews.net.br\/2022\/2023\/07\/20\/copa-tem-inicio-com-vitoria-da-australia-e-nova-zelandia\/"},"wordCount":188,"commentCount":0,"publisher":{"@id":"https:\/\/regiaonews.net.br\/2022\/#organization"},"image":{"@id":"https:\/\/regiaonews.net.br\/2022\/2023\/07\/20\/copa-tem-inicio-com-vitoria-da-australia-e-nova-zelandia\/#primaryimage"},"thumbnailUrl":"https:\/\/regiaonews.net.br\/2022\/wp-content\/uploads\/2023\/07\/Australia-copa.jpg","articleSection":["Copa do Mundo","Esporte"],"inLanguage":"pt-BR","potentialAction":[{"@type":"CommentAction","name":"Comment","target":["https:\/\/regiaonews.net.br\/2022\/2023\/07\/20\/copa-tem-inicio-com-vitoria-da-australia-e-nova-zelandia\/#respond"]}]},{"@type":"WebPage","@id":"https:\/\/regiaonews.net.br\/2022\/2023\/07\/20\/copa-tem-inicio-com-vitoria-da-australia-e-nova-zelandia\/","url":"https:\/\/regiaonews.net.br\/2022\/2023\/07\/20\/copa-tem-inicio-com-vitoria-da-australia-e-nova-zelandia\/","name":"Copa tem in\u00edcio com vit\u00f3ria da Austr\u00e1lia e Nova Zel\u00e2ndia","isPartOf":{"@id":"https:\/\/regiaonews.net.br\/2022\/#website"},"primaryImageOfPage":{"@id":"https:\/\/regiaonews.net.br\/2022\/2023\/07\/20\/copa-tem-inicio-com-vitoria-da-australia-e-nova-zelandia\/#primaryimage"},"image":{"@id":"https:\/\/regiaonews.net.br\/2022\/2023\/07\/20\/copa-tem-inicio-com-vitoria-da-australia-e-nova-zelandia\/#primaryimage"},"thumbnailUrl":"https:\/\/regiaonews.net.br\/2022\/wp-content\/uploads\/2023\/07\/Australia-copa.jpg","datePublished":"2023-07-20T19:59:53+00:00","dateModified":"2023-07-20T20:00:51+00:00","description":"A Austr\u00e1lia bateu a Irlanda por 1 a 0, na manh\u00e3 desta quinta-feira (20), no Est\u00e1dio Ol\u00edmpico de Sydney, na primeira partida do Grupo","breadcrumb":{"@id":"https:\/\/regiaonews.net.br\/2022\/2023\/07\/20\/copa-tem-inicio-com-vitoria-da-australia-e-nova-zelandia\/#breadcrumb"},"inLanguage":"pt-BR","potentialAction":[{"@type":"ReadAction","target":["https:\/\/regiaonews.net.br\/2022\/2023\/07\/20\/copa-tem-inicio-com-vitoria-da-australia-e-nova-zelandia\/"]}]},{"@type":"ImageObject","inLanguage":"pt-BR","@id":"https:\/\/regiaonews.net.br\/2022\/2023\/07\/20\/copa-tem-inicio-com-vitoria-da-australia-e-nova-zelandia\/#primaryimage","url":"https:\/\/regiaonews.net.br\/2022\/wp-content\/uploads\/2023\/07\/Australia-copa.jpg","contentUrl":"https:\/\/regiaonews.net.br\/2022\/wp-content\/uploads\/2023\/07\/Australia-copa.jpg","width":798,"height":530},{"@type":"BreadcrumbList","@id":"https:\/\/regiaonews.net.br\/2022\/2023\/07\/20\/copa-tem-inicio-com-vitoria-da-australia-e-nova-zelandia\/#breadcrumb","itemListElement":[{"@type":"ListItem","position":1,"name":"In\u00edcio","item":"https:\/\/regiaonews.net.br\/2022\/"},{"@type":"ListItem","position":2,"name":"Copa tem in\u00edcio com vit\u00f3ria da Austr\u00e1lia e Nova Zel\u00e2ndia"}]},{"@type":"WebSite","@id":"https:\/\/regiaonews.net.br\/2022\/#website","url":"https:\/\/regiaonews.net.br\/2022\/","name":"Regi\u00e3o News","description":"Site de Not\u00edcias de Barretos e regi\u00e3o","publisher":{"@id":"https:\/\/regiaonews.net.br\/2022\/#organization"},"potentialAction":[{"@type":"SearchAction","target":{"@type":"EntryPoint","urlTemplate":"https:\/\/regiaonews.net.br\/2022\/?s={search_term_string}"},"query-input":{"@type":"PropertyValueSpecification","valueRequired":true,"valueName":"search_term_string"}}],"inLanguage":"pt-BR"},{"@type":"Organization","@id":"https:\/\/regiaonews.net.br\/2022\/#organization","name":"Regi\u00e3o News","url":"https:\/\/regiaonews.net.br\/2022\/","logo":{"@type":"ImageObject","inLanguage":"pt-BR","@id":"https:\/\/regiaonews.net.br\/2022\/#\/schema\/logo\/image\/","url":"https:\/\/regiaonews.net.br\/2022\/wp-content\/uploads\/2026\/03\/regiao-13-anos-scaled.jpg","contentUrl":"https:\/\/regiaonews.net.br\/2022\/wp-content\/uploads\/2026\/03\/regiao-13-anos-scaled.jpg","width":2560,"height":635,"caption":"Regi\u00e3o News"},"image":{"@id":"https:\/\/regiaonews.net.br\/2022\/#\/schema\/logo\/image\/"}},{"@type":"Person","@id":"https:\/\/regiaonews.net.br\/2022\/#\/schema\/person\/2d205a608a5aa97ac279d7a5e6d89ad8","name":"Roberto","image":{"@type":"ImageObject","inLanguage":"pt-BR","@id":"https:\/\/secure.gravatar.com\/avatar\/42749d8b712ff9d59ca93dc150494e5b55a44134482993f5baeb97e61b7ecc89?s=96&d=mm&r=g","url":"https:\/\/secure.gravatar.com\/avatar\/42749d8b712ff9d59ca93dc150494e5b55a44134482993f5baeb97e61b7ecc89?s=96&d=mm&r=g","contentUrl":"https:\/\/secure.gravatar.com\/avatar\/42749d8b712ff9d59ca93dc150494e5b55a44134482993f5baeb97e61b7ecc89?s=96&d=mm&r=g","caption":"Roberto"},"url":"https:\/\/regiaonews.net.br\/2022\/author\/roberto\/"}]}},"publishpress_future_action":{"enabled":false,"date":"2026-05-03 02:30:11","action":"change-status","newStatus":"draft","terms":[],"taxonomy":"category","extraData":[]},"publishpress_future_workflow_manual_trigger":{"enabledWorkflows":[]},"_links":{"self":[{"href":"https:\/\/regiaonews.net.br\/2022\/wp-json\/wp\/v2\/posts\/91973","targetHints":{"allow":["GET"]}}],"collection":[{"href":"https:\/\/regiaonews.net.br\/2022\/wp-json\/wp\/v2\/posts"}],"about":[{"href":"https:\/\/regiaonews.net.br\/2022\/wp-json\/wp\/v2\/types\/post"}],"author":[{"embeddable":true,"href":"https:\/\/regiaonews.net.br\/2022\/wp-json\/wp\/v2\/users\/2"}],"replies":[{"embeddable":true,"href":"https:\/\/regiaonews.net.br\/2022\/wp-json\/wp\/v2\/comments?post=91973"}],"version-history":[{"count":1,"href":"https:\/\/regiaonews.net.br\/2022\/wp-json\/wp\/v2\/posts\/91973\/revisions"}],"predecessor-version":[{"id":91975,"href":"https:\/\/regiaonews.net.br\/2022\/wp-json\/wp\/v2\/posts\/91973\/revisions\/91975"}],"wp:featuredmedia":[{"embeddable":true,"href":"https:\/\/regiaonews.net.br\/2022\/wp-json\/wp\/v2\/media\/91974"}],"wp:attachment":[{"href":"https:\/\/regiaonews.net.br\/2022\/wp-json\/wp\/v2\/media?parent=91973"}],"wp:term":[{"taxonomy":"category","embeddable":true,"href":"https:\/\/regiaonews.net.br\/2022\/wp-json\/wp\/v2\/categories?post=91973"},{"taxonomy":"post_tag","embeddable":true,"href":"https:\/\/regiaonews.net.br\/2022\/wp-json\/wp\/v2\/tags?post=91973"}],"curies":[{"name":"wp","href":"https:\/\/api.w.org\/{rel}","templated":true}]}}